{"id":3535,"date":"2024-05-25T05:58:59","date_gmt":"2024-05-25T05:58:59","guid":{"rendered":"https:\/\/esbozodeportivo.com\/?p=3535"},"modified":"2024-05-25T06:04:09","modified_gmt":"2024-05-25T06:04:09","slug":"la-fmaa-y-el-com-ratificaron-el-relevo-mixto-de-caminata-a-paris-2024","status":"publish","type":"post","link":"https:\/\/esbozodeportivo.com\/index.php\/2024\/05\/25\/la-fmaa-y-el-com-ratificaron-el-relevo-mixto-de-caminata-a-paris-2024\/","title":{"rendered":"La FMAA y el COM ratificaron el relevo mixto de caminata a Par\u00eds 2024"},"content":{"rendered":"<style>\/*! elementor - v3.21.0 - 22-05-2024 *\/\n.elementor-widget-image{text-align:center}.elementor-widget-image a{display:inline-block}.elementor-widget-image a img[src$=\".svg\"]{width:48px}.elementor-widget-image img{vertical-align:middle;display:inline-block}<\/style>\n<p>\t\t\t\t\t\t\t\t\t\t<img loading=\"lazy\" decoding=\"async\" width=\"640\" height=\"426\" src=\"https:\/\/esbozodeportivo.com\/wp-content\/uploads\/2024\/05\/reunion-1-1024x682.jpg\" alt=\"\" srcset=\"https:\/\/esbozodeportivo.com\/wp-content\/uploads\/2024\/05\/reunion-1-1024x682.jpg 1024w, https:\/\/esbozodeportivo.com\/wp-content\/uploads\/2024\/05\/reunion-1-300x200.jpg 300w, https:\/\/esbozodeportivo.com\/wp-content\/uploads\/2024\/05\/reunion-1-768x512.jpg 768w, https:\/\/esbozodeportivo.com\/wp-content\/uploads\/2024\/05\/reunion-1.jpg 1280w\" sizes=\"auto, (max-width: 640px) 100vw, 640px\" \/>\t\t\t\t\t\t\t\t\t\t\t\t\t<\/p>\n<p><strong>(Foto: Fedmxatle)<\/strong><strong>\u00a0<\/strong><\/p>\n<p>El Campeonato Nacional de Atletismo 2024 ser\u00e1 el \u00faltimo evento avalado por la World Athletics para que los mexicanos de pista y campo consigan las marcas en las diversas pruebas rumbo a los Juegos Ol\u00edmpicos de Par\u00eds 2024, en los que se confirm\u00f3 a los marchistas Alegna Gonz\u00e1lez y Ever Palma como la dupla que representar\u00e1 al pa\u00eds en la prueba de relevos de marat\u00f3n en la justa parisina.<\/p>\n<p>El presidente de la Federaci\u00f3n Mexicana de Asociaciones de Atletismo, Antonio Lozano Pineda, se reuni\u00f3 con Bernardo de la Garza, Jefe de Misi\u00f3n de la delegaci\u00f3n nacional en los Juegos de Par\u00eds, as\u00ed como marchistas, entrenadores y Mario Garc\u00eda de la Torre, Secretario General del Comit\u00e9 Ol\u00edmpico Mexicano, en la cual se ratificaron los acuerdos en el proceso clasificatorio a los Juegos de Par\u00eds.<\/p>\n<p>\t\t\t\t\t\t\t\t\t\t\t\t\t<img loading=\"lazy\" decoding=\"async\" width=\"640\" height=\"426\" src=\"https:\/\/esbozodeportivo.com\/wp-content\/uploads\/2024\/05\/reunion1-1-1024x682.jpg\" alt=\"\" srcset=\"https:\/\/esbozodeportivo.com\/wp-content\/uploads\/2024\/05\/reunion1-1-1024x682.jpg 1024w, https:\/\/esbozodeportivo.com\/wp-content\/uploads\/2024\/05\/reunion1-1-300x200.jpg 300w, https:\/\/esbozodeportivo.com\/wp-content\/uploads\/2024\/05\/reunion1-1-768x512.jpg 768w, https:\/\/esbozodeportivo.com\/wp-content\/uploads\/2024\/05\/reunion1-1.jpg 1280w\" sizes=\"auto, (max-width: 640px) 100vw, 640px\" \/>\t\t\t\t\t\t\t\t\t\t\t\t\t<\/p>\n<p><strong>(Foto: Fedmxatle)<\/strong><strong>\u00a0<\/strong><\/p>\n<p>\u201cFue una reuni\u00f3n para evitar que haya dudas entre los atletas que hoy tienen la marca y se podr\u00edan llamar clasificados, pero a\u00fan los tiempos no se han cerrado. Esta reuni\u00f3n fue convocada por la Federaci\u00f3n Mexicana de Asociaciones de Atletismo a la que asistieron tambi\u00e9n entrenadores y algunos marchistas como Alegna Gonz\u00e1lez y Noel Al\u00ed Chama\u201d.<\/p>\n<p>En la reuni\u00f3n, de igual forma, se dieron cita Oscar G\u00f3mez, Director T\u00e9cnico del Comit\u00e9 Ol\u00edmpico Mexicano y los entrenadores de marcha Ra\u00fal Gonz\u00e1lez e Ignacio Zamudio. \u201cQueremos evitar que se generen controversias, solo faltaron algunos marchistas quienes van a competir en Eslovaquia el fin de semana\u201d, agreg\u00f3 Lozano Pineda.<\/p>\n<p>\t\t\t\t\t\t\t\t\t\t\t\t\t<img loading=\"lazy\" decoding=\"async\" width=\"640\" height=\"426\" src=\"https:\/\/esbozodeportivo.com\/wp-content\/uploads\/2024\/05\/reunion2-1024x682.jpg\" alt=\"\" srcset=\"https:\/\/esbozodeportivo.com\/wp-content\/uploads\/2024\/05\/reunion2-1024x682.jpg 1024w, https:\/\/esbozodeportivo.com\/wp-content\/uploads\/2024\/05\/reunion2-300x200.jpg 300w, https:\/\/esbozodeportivo.com\/wp-content\/uploads\/2024\/05\/reunion2-768x512.jpg 768w, https:\/\/esbozodeportivo.com\/wp-content\/uploads\/2024\/05\/reunion2.jpg 1280w\" sizes=\"auto, (max-width: 640px) 100vw, 640px\" \/>\t\t\t\t\t\t\t\t\t\t\t\t\t<\/p>\n<p><strong>(Foto: Fedmxatle)<\/strong><strong>\u00a0<\/strong><\/p>\n<p>El titular de la FMAA dijo que en la reuni\u00f3n con los entrenadores y directivos del COM \u201cse lleg\u00f3 al acuerdo en el que se respetan los criterios dados a conocer con antelaci\u00f3n por la federaci\u00f3n, la fecha del Campeonato Nacional como el \u00faltimo evento clasificatorio y la obligatoriedad de participaci\u00f3n de quienes tienen tiempos y marcas a Par\u00eds.<\/p>\n<p>\u201cSe inscribir\u00e1n en el relevo a los dos titulares Alegna Gonz\u00e1lez y Ever Palma, con la salvedad de que se pudiera inscribir a alguien m\u00e1s por alguna situaci\u00f3n no prevista, esos fueron los acuerdos en la reuni\u00f3n\u201d, destac\u00f3 el presidente de la FMAA.<\/p>\n<p>\u00a0<\/p>\n<p>\t\t\t\t\t\t\t\t\t\t\t\t\t<img loading=\"lazy\" decoding=\"async\" width=\"640\" height=\"426\" src=\"https:\/\/esbozodeportivo.com\/wp-content\/uploads\/2024\/05\/reunion3-1024x682.jpg\" alt=\"\" srcset=\"https:\/\/esbozodeportivo.com\/wp-content\/uploads\/2024\/05\/reunion3-1024x682.jpg 1024w, https:\/\/esbozodeportivo.com\/wp-content\/uploads\/2024\/05\/reunion3-300x200.jpg 300w, https:\/\/esbozodeportivo.com\/wp-content\/uploads\/2024\/05\/reunion3-768x512.jpg 768w, https:\/\/esbozodeportivo.com\/wp-content\/uploads\/2024\/05\/reunion3.jpg 1280w\" sizes=\"auto, (max-width: 640px) 100vw, 640px\" \/>\t\t\t\t\t\t\t\t\t\t\t\t\t<\/p>\n<p><strong>(Foto: Fedmxatle)<\/strong><strong>\u00a0<\/strong><\/p>\n","protected":false},"excerpt":{"rendered":"<p>(Foto: Fedmxatle)\u00a0 El Campeonato Nacional de Atletismo 2024 ser\u00e1 el \u00faltimo evento avalado por la<\/p>\n","protected":false},"author":2,"featured_media":0,"comment_status":"open","ping_status":"open","sticky":false,"template":"","format":"standard","meta":{"_jetpack_memberships_contains_paid_content":false,"footnotes":""},"categories":[5],"tags":[],"class_list":["post-3535","post","type-post","status-publish","format-standard","hentry","category-amateur"],"yoast_head":"<!-- This site is optimized with the Yoast SEO plugin v25.7 - https:\/\/yoast.com\/wordpress\/plugins\/seo\/ -->\n<title>La FMAA y el COM ratificaron el relevo mixto de caminata a Par\u00eds 2024 - Esbozo Deportivo<\/title>\n<meta name=\"robots\" content=\"index, follow, max-snippet:-1, max-image-preview:large, max-video-preview:-1\" \/>\n<link rel=\"canonical\" href=\"https:\/\/esbozodeportivo.com\/index.php\/2024\/05\/25\/la-fmaa-y-el-com-ratificaron-el-relevo-mixto-de-caminata-a-paris-2024\/\" \/>\n<meta property=\"og:locale\" content=\"es_MX\" \/>\n<meta property=\"og:type\" content=\"article\" \/>\n<meta property=\"og:title\" content=\"La FMAA y el COM ratificaron el relevo mixto de caminata a Par\u00eds 2024 - Esbozo Deportivo\" \/>\n<meta property=\"og:description\" content=\"(Foto: Fedmxatle)\u00a0 El Campeonato Nacional de Atletismo 2024 ser\u00e1 el \u00faltimo evento avalado por la\" \/>\n<meta property=\"og:url\" content=\"https:\/\/esbozodeportivo.com\/index.php\/2024\/05\/25\/la-fmaa-y-el-com-ratificaron-el-relevo-mixto-de-caminata-a-paris-2024\/\" \/>\n<meta property=\"og:site_name\" content=\"Esbozo Deportivo\" \/>\n<meta property=\"article:published_time\" content=\"2024-05-25T05:58:59+00:00\" \/>\n<meta property=\"article:modified_time\" content=\"2024-05-25T06:04:09+00:00\" \/>\n<meta property=\"og:image\" content=\"https:\/\/esbozodeportivo.com\/wp-content\/uploads\/2024\/05\/reunion-1-1024x682.jpg\" \/>\n<meta name=\"author\" content=\"Javier De La Cruz\" \/>\n<meta name=\"twitter:card\" content=\"summary_large_image\" \/>\n<meta name=\"twitter:label1\" content=\"Escrito por\" \/>\n\t<meta name=\"twitter:data1\" content=\"Javier De La Cruz\" \/>\n\t<meta name=\"twitter:label2\" content=\"Tiempo de lectura\" \/>\n\t<meta name=\"twitter:data2\" content=\"2 minutos\" \/>\n<script type=\"application\/ld+json\" class=\"yoast-schema-graph\">{\"@context\":\"https:\/\/schema.org\",\"@graph\":[{\"@type\":\"Article\",\"@id\":\"https:\/\/esbozodeportivo.com\/index.php\/2024\/05\/25\/la-fmaa-y-el-com-ratificaron-el-relevo-mixto-de-caminata-a-paris-2024\/#article\",\"isPartOf\":{\"@id\":\"https:\/\/esbozodeportivo.com\/index.php\/2024\/05\/25\/la-fmaa-y-el-com-ratificaron-el-relevo-mixto-de-caminata-a-paris-2024\/\"},\"author\":{\"name\":\"Javier De La Cruz\",\"@id\":\"https:\/\/esbozodeportivo.com\/#\/schema\/person\/7277119c98823aec37bbb84e125efd44\"},\"headline\":\"La FMAA y el COM ratificaron el relevo mixto de caminata a Par\u00eds 2024\",\"datePublished\":\"2024-05-25T05:58:59+00:00\",\"dateModified\":\"2024-05-25T06:04:09+00:00\",\"mainEntityOfPage\":{\"@id\":\"https:\/\/esbozodeportivo.com\/index.php\/2024\/05\/25\/la-fmaa-y-el-com-ratificaron-el-relevo-mixto-de-caminata-a-paris-2024\/\"},\"wordCount\":397,\"commentCount\":0,\"publisher\":{\"@id\":\"https:\/\/esbozodeportivo.com\/#organization\"},\"image\":{\"@id\":\"https:\/\/esbozodeportivo.com\/index.php\/2024\/05\/25\/la-fmaa-y-el-com-ratificaron-el-relevo-mixto-de-caminata-a-paris-2024\/#primaryimage\"},\"thumbnailUrl\":\"https:\/\/esbozodeportivo.com\/wp-content\/uploads\/2024\/05\/reunion-1-1024x682.jpg\",\"articleSection\":[\"Amateur\"],\"inLanguage\":\"es\",\"potentialAction\":[{\"@type\":\"CommentAction\",\"name\":\"Comment\",\"target\":[\"https:\/\/esbozodeportivo.com\/index.php\/2024\/05\/25\/la-fmaa-y-el-com-ratificaron-el-relevo-mixto-de-caminata-a-paris-2024\/#respond\"]}]},{\"@type\":\"WebPage\",\"@id\":\"https:\/\/esbozodeportivo.com\/index.php\/2024\/05\/25\/la-fmaa-y-el-com-ratificaron-el-relevo-mixto-de-caminata-a-paris-2024\/\",\"url\":\"https:\/\/esbozodeportivo.com\/index.php\/2024\/05\/25\/la-fmaa-y-el-com-ratificaron-el-relevo-mixto-de-caminata-a-paris-2024\/\",\"name\":\"La FMAA y el COM ratificaron el relevo mixto de caminata a Par\u00eds 2024 - Esbozo Deportivo\",\"isPartOf\":{\"@id\":\"https:\/\/esbozodeportivo.com\/#website\"},\"primaryImageOfPage\":{\"@id\":\"https:\/\/esbozodeportivo.com\/index.php\/2024\/05\/25\/la-fmaa-y-el-com-ratificaron-el-relevo-mixto-de-caminata-a-paris-2024\/#primaryimage\"},\"image\":{\"@id\":\"https:\/\/esbozodeportivo.com\/index.php\/2024\/05\/25\/la-fmaa-y-el-com-ratificaron-el-relevo-mixto-de-caminata-a-paris-2024\/#primaryimage\"},\"thumbnailUrl\":\"https:\/\/esbozodeportivo.com\/wp-content\/uploads\/2024\/05\/reunion-1-1024x682.jpg\",\"datePublished\":\"2024-05-25T05:58:59+00:00\",\"dateModified\":\"2024-05-25T06:04:09+00:00\",\"breadcrumb\":{\"@id\":\"https:\/\/esbozodeportivo.com\/index.php\/2024\/05\/25\/la-fmaa-y-el-com-ratificaron-el-relevo-mixto-de-caminata-a-paris-2024\/#breadcrumb\"},\"inLanguage\":\"es\",\"potentialAction\":[{\"@type\":\"ReadAction\",\"target\":[\"https:\/\/esbozodeportivo.com\/index.php\/2024\/05\/25\/la-fmaa-y-el-com-ratificaron-el-relevo-mixto-de-caminata-a-paris-2024\/\"]}]},{\"@type\":\"ImageObject\",\"inLanguage\":\"es\",\"@id\":\"https:\/\/esbozodeportivo.com\/index.php\/2024\/05\/25\/la-fmaa-y-el-com-ratificaron-el-relevo-mixto-de-caminata-a-paris-2024\/#primaryimage\",\"url\":\"https:\/\/esbozodeportivo.com\/wp-content\/uploads\/2024\/05\/reunion-1.jpg\",\"contentUrl\":\"https:\/\/esbozodeportivo.com\/wp-content\/uploads\/2024\/05\/reunion-1.jpg\",\"width\":1280,\"height\":853},{\"@type\":\"BreadcrumbList\",\"@id\":\"https:\/\/esbozodeportivo.com\/index.php\/2024\/05\/25\/la-fmaa-y-el-com-ratificaron-el-relevo-mixto-de-caminata-a-paris-2024\/#breadcrumb\",\"itemListElement\":[{\"@type\":\"ListItem\",\"position\":1,\"name\":\"Inicio\",\"item\":\"https:\/\/esbozodeportivo.com\/\"},{\"@type\":\"ListItem\",\"position\":2,\"name\":\"La FMAA y el COM ratificaron el relevo mixto de caminata a Par\u00eds 2024\"}]},{\"@type\":\"WebSite\",\"@id\":\"https:\/\/esbozodeportivo.com\/#website\",\"url\":\"https:\/\/esbozodeportivo.com\/\",\"name\":\"Esbozo Deportivo\",\"description\":\"Lo m\u00e1s importante del Deporte\",\"publisher\":{\"@id\":\"https:\/\/esbozodeportivo.com\/#organization\"},\"potentialAction\":[{\"@type\":\"SearchAction\",\"target\":{\"@type\":\"EntryPoint\",\"urlTemplate\":\"https:\/\/esbozodeportivo.com\/?s={search_term_string}\"},\"query-input\":{\"@type\":\"PropertyValueSpecification\",\"valueRequired\":true,\"valueName\":\"search_term_string\"}}],\"inLanguage\":\"es\"},{\"@type\":\"Organization\",\"@id\":\"https:\/\/esbozodeportivo.com\/#organization\",\"name\":\"Esbozo Deportivo\",\"url\":\"https:\/\/esbozodeportivo.com\/\",\"logo\":{\"@type\":\"ImageObject\",\"inLanguage\":\"es\",\"@id\":\"https:\/\/esbozodeportivo.com\/#\/schema\/logo\/image\/\",\"url\":\"https:\/\/esbozodeportivo.com\/wp-content\/uploads\/2022\/08\/cropped-Logo-Esbozo-Web-2.png\",\"contentUrl\":\"https:\/\/esbozodeportivo.com\/wp-content\/uploads\/2022\/08\/cropped-Logo-Esbozo-Web-2.png\",\"width\":180,\"height\":50,\"caption\":\"Esbozo Deportivo\"},\"image\":{\"@id\":\"https:\/\/esbozodeportivo.com\/#\/schema\/logo\/image\/\"}},{\"@type\":\"Person\",\"@id\":\"https:\/\/esbozodeportivo.com\/#\/schema\/person\/7277119c98823aec37bbb84e125efd44\",\"name\":\"Javier De La Cruz\",\"image\":{\"@type\":\"ImageObject\",\"inLanguage\":\"es\",\"@id\":\"https:\/\/esbozodeportivo.com\/#\/schema\/person\/image\/\",\"url\":\"https:\/\/secure.gravatar.com\/avatar\/366235a56d20f1a6e8e3d0b295897639357bea880470ddf261d17bb0bc052eb1?s=96&d=mm&r=g\",\"contentUrl\":\"https:\/\/secure.gravatar.com\/avatar\/366235a56d20f1a6e8e3d0b295897639357bea880470ddf261d17bb0bc052eb1?s=96&d=mm&r=g\",\"caption\":\"Javier De La Cruz\"},\"url\":\"https:\/\/esbozodeportivo.com\/index.php\/author\/javier-de-la-cruz-de-la-cruz\/\"}]}<\/script>\n<!-- \/ Yoast SEO plugin. -->","yoast_head_json":{"title":"La FMAA y el COM ratificaron el relevo mixto de caminata a Par\u00eds 2024 - Esbozo Deportivo","robots":{"index":"index","follow":"follow","max-snippet":"max-snippet:-1","max-image-preview":"max-image-preview:large","max-video-preview":"max-video-preview:-1"},"canonical":"https:\/\/esbozodeportivo.com\/index.php\/2024\/05\/25\/la-fmaa-y-el-com-ratificaron-el-relevo-mixto-de-caminata-a-paris-2024\/","og_locale":"es_MX","og_type":"article","og_title":"La FMAA y el COM ratificaron el relevo mixto de caminata a Par\u00eds 2024 - Esbozo Deportivo","og_description":"(Foto: Fedmxatle)\u00a0 El Campeonato Nacional de Atletismo 2024 ser\u00e1 el \u00faltimo evento avalado por la","og_url":"https:\/\/esbozodeportivo.com\/index.php\/2024\/05\/25\/la-fmaa-y-el-com-ratificaron-el-relevo-mixto-de-caminata-a-paris-2024\/","og_site_name":"Esbozo Deportivo","article_published_time":"2024-05-25T05:58:59+00:00","article_modified_time":"2024-05-25T06:04:09+00:00","og_image":[{"url":"https:\/\/esbozodeportivo.com\/wp-content\/uploads\/2024\/05\/reunion-1-1024x682.jpg","type":"","width":"","height":""}],"author":"Javier De La Cruz","twitter_card":"summary_large_image","twitter_misc":{"Escrito por":"Javier De La Cruz","Tiempo de lectura":"2 minutos"},"schema":{"@context":"https:\/\/schema.org","@graph":[{"@type":"Article","@id":"https:\/\/esbozodeportivo.com\/index.php\/2024\/05\/25\/la-fmaa-y-el-com-ratificaron-el-relevo-mixto-de-caminata-a-paris-2024\/#article","isPartOf":{"@id":"https:\/\/esbozodeportivo.com\/index.php\/2024\/05\/25\/la-fmaa-y-el-com-ratificaron-el-relevo-mixto-de-caminata-a-paris-2024\/"},"author":{"name":"Javier De La Cruz","@id":"https:\/\/esbozodeportivo.com\/#\/schema\/person\/7277119c98823aec37bbb84e125efd44"},"headline":"La FMAA y el COM ratificaron el relevo mixto de caminata a Par\u00eds 2024","datePublished":"2024-05-25T05:58:59+00:00","dateModified":"2024-05-25T06:04:09+00:00","mainEntityOfPage":{"@id":"https:\/\/esbozodeportivo.com\/index.php\/2024\/05\/25\/la-fmaa-y-el-com-ratificaron-el-relevo-mixto-de-caminata-a-paris-2024\/"},"wordCount":397,"commentCount":0,"publisher":{"@id":"https:\/\/esbozodeportivo.com\/#organization"},"image":{"@id":"https:\/\/esbozodeportivo.com\/index.php\/2024\/05\/25\/la-fmaa-y-el-com-ratificaron-el-relevo-mixto-de-caminata-a-paris-2024\/#primaryimage"},"thumbnailUrl":"https:\/\/esbozodeportivo.com\/wp-content\/uploads\/2024\/05\/reunion-1-1024x682.jpg","articleSection":["Amateur"],"inLanguage":"es","potentialAction":[{"@type":"CommentAction","name":"Comment","target":["https:\/\/esbozodeportivo.com\/index.php\/2024\/05\/25\/la-fmaa-y-el-com-ratificaron-el-relevo-mixto-de-caminata-a-paris-2024\/#respond"]}]},{"@type":"WebPage","@id":"https:\/\/esbozodeportivo.com\/index.php\/2024\/05\/25\/la-fmaa-y-el-com-ratificaron-el-relevo-mixto-de-caminata-a-paris-2024\/","url":"https:\/\/esbozodeportivo.com\/index.php\/2024\/05\/25\/la-fmaa-y-el-com-ratificaron-el-relevo-mixto-de-caminata-a-paris-2024\/","name":"La FMAA y el COM ratificaron el relevo mixto de caminata a Par\u00eds 2024 - Esbozo Deportivo","isPartOf":{"@id":"https:\/\/esbozodeportivo.com\/#website"},"primaryImageOfPage":{"@id":"https:\/\/esbozodeportivo.com\/index.php\/2024\/05\/25\/la-fmaa-y-el-com-ratificaron-el-relevo-mixto-de-caminata-a-paris-2024\/#primaryimage"},"image":{"@id":"https:\/\/esbozodeportivo.com\/index.php\/2024\/05\/25\/la-fmaa-y-el-com-ratificaron-el-relevo-mixto-de-caminata-a-paris-2024\/#primaryimage"},"thumbnailUrl":"https:\/\/esbozodeportivo.com\/wp-content\/uploads\/2024\/05\/reunion-1-1024x682.jpg","datePublished":"2024-05-25T05:58:59+00:00","dateModified":"2024-05-25T06:04:09+00:00","breadcrumb":{"@id":"https:\/\/esbozodeportivo.com\/index.php\/2024\/05\/25\/la-fmaa-y-el-com-ratificaron-el-relevo-mixto-de-caminata-a-paris-2024\/#breadcrumb"},"inLanguage":"es","potentialAction":[{"@type":"ReadAction","target":["https:\/\/esbozodeportivo.com\/index.php\/2024\/05\/25\/la-fmaa-y-el-com-ratificaron-el-relevo-mixto-de-caminata-a-paris-2024\/"]}]},{"@type":"ImageObject","inLanguage":"es","@id":"https:\/\/esbozodeportivo.com\/index.php\/2024\/05\/25\/la-fmaa-y-el-com-ratificaron-el-relevo-mixto-de-caminata-a-paris-2024\/#primaryimage","url":"https:\/\/esbozodeportivo.com\/wp-content\/uploads\/2024\/05\/reunion-1.jpg","contentUrl":"https:\/\/esbozodeportivo.com\/wp-content\/uploads\/2024\/05\/reunion-1.jpg","width":1280,"height":853},{"@type":"BreadcrumbList","@id":"https:\/\/esbozodeportivo.com\/index.php\/2024\/05\/25\/la-fmaa-y-el-com-ratificaron-el-relevo-mixto-de-caminata-a-paris-2024\/#breadcrumb","itemListElement":[{"@type":"ListItem","position":1,"name":"Inicio","item":"https:\/\/esbozodeportivo.com\/"},{"@type":"ListItem","position":2,"name":"La FMAA y el COM ratificaron el relevo mixto de caminata a Par\u00eds 2024"}]},{"@type":"WebSite","@id":"https:\/\/esbozodeportivo.com\/#website","url":"https:\/\/esbozodeportivo.com\/","name":"Esbozo Deportivo","description":"Lo m\u00e1s importante del Deporte","publisher":{"@id":"https:\/\/esbozodeportivo.com\/#organization"},"potentialAction":[{"@type":"SearchAction","target":{"@type":"EntryPoint","urlTemplate":"https:\/\/esbozodeportivo.com\/?s={search_term_string}"},"query-input":{"@type":"PropertyValueSpecification","valueRequired":true,"valueName":"search_term_string"}}],"inLanguage":"es"},{"@type":"Organization","@id":"https:\/\/esbozodeportivo.com\/#organization","name":"Esbozo Deportivo","url":"https:\/\/esbozodeportivo.com\/","logo":{"@type":"ImageObject","inLanguage":"es","@id":"https:\/\/esbozodeportivo.com\/#\/schema\/logo\/image\/","url":"https:\/\/esbozodeportivo.com\/wp-content\/uploads\/2022\/08\/cropped-Logo-Esbozo-Web-2.png","contentUrl":"https:\/\/esbozodeportivo.com\/wp-content\/uploads\/2022\/08\/cropped-Logo-Esbozo-Web-2.png","width":180,"height":50,"caption":"Esbozo Deportivo"},"image":{"@id":"https:\/\/esbozodeportivo.com\/#\/schema\/logo\/image\/"}},{"@type":"Person","@id":"https:\/\/esbozodeportivo.com\/#\/schema\/person\/7277119c98823aec37bbb84e125efd44","name":"Javier De La Cruz","image":{"@type":"ImageObject","inLanguage":"es","@id":"https:\/\/esbozodeportivo.com\/#\/schema\/person\/image\/","url":"https:\/\/secure.gravatar.com\/avatar\/366235a56d20f1a6e8e3d0b295897639357bea880470ddf261d17bb0bc052eb1?s=96&d=mm&r=g","contentUrl":"https:\/\/secure.gravatar.com\/avatar\/366235a56d20f1a6e8e3d0b295897639357bea880470ddf261d17bb0bc052eb1?s=96&d=mm&r=g","caption":"Javier De La Cruz"},"url":"https:\/\/esbozodeportivo.com\/index.php\/author\/javier-de-la-cruz-de-la-cruz\/"}]}},"jetpack_featured_media_url":"","jetpack_sharing_enabled":true,"_links":{"self":[{"href":"https:\/\/esbozodeportivo.com\/index.php\/wp-json\/wp\/v2\/posts\/3535","targetHints":{"allow":["GET"]}}],"collection":[{"href":"https:\/\/esbozodeportivo.com\/index.php\/wp-json\/wp\/v2\/posts"}],"about":[{"href":"https:\/\/esbozodeportivo.com\/index.php\/wp-json\/wp\/v2\/types\/post"}],"author":[{"embeddable":true,"href":"https:\/\/esbozodeportivo.com\/index.php\/wp-json\/wp\/v2\/users\/2"}],"replies":[{"embeddable":true,"href":"https:\/\/esbozodeportivo.com\/index.php\/wp-json\/wp\/v2\/comments?post=3535"}],"version-history":[{"count":4,"href":"https:\/\/esbozodeportivo.com\/index.php\/wp-json\/wp\/v2\/posts\/3535\/revisions"}],"predecessor-version":[{"id":3543,"href":"https:\/\/esbozodeportivo.com\/index.php\/wp-json\/wp\/v2\/posts\/3535\/revisions\/3543"}],"wp:attachment":[{"href":"https:\/\/esbozodeportivo.com\/index.php\/wp-json\/wp\/v2\/media?parent=3535"}],"wp:term":[{"taxonomy":"category","embeddable":true,"href":"https:\/\/esbozodeportivo.com\/index.php\/wp-json\/wp\/v2\/categories?post=3535"},{"taxonomy":"post_tag","embeddable":true,"href":"https:\/\/esbozodeportivo.com\/index.php\/wp-json\/wp\/v2\/tags?post=3535"}],"curies":[{"name":"wp","href":"https:\/\/api.w.org\/{rel}","templated":true}]}}