{"id":3544,"date":"2024-05-25T06:05:18","date_gmt":"2024-05-25T06:05:18","guid":{"rendered":"https:\/\/esbozodeportivo.com\/?p=3544"},"modified":"2024-05-25T06:06:28","modified_gmt":"2024-05-25T06:06:28","slug":"el-fin-de-semana-marchistas-mexicanos-van-por-marca-a-los-juegos-de-paris","status":"publish","type":"post","link":"https:\/\/esbozodeportivo.com\/index.php\/2024\/05\/25\/el-fin-de-semana-marchistas-mexicanos-van-por-marca-a-los-juegos-de-paris\/","title":{"rendered":"El fin de semana marchistas mexicanos van por marca a los Juegos de Par\u00eds"},"content":{"rendered":"<style>\/*! elementor - v3.21.0 - 22-05-2024 *\/\n.elementor-widget-image{text-align:center}.elementor-widget-image a{display:inline-block}.elementor-widget-image a img[src$=\".svg\"]{width:48px}.elementor-widget-image img{vertical-align:middle;display:inline-block}<\/style>\n<p>\t\t\t\t\t\t\t\t\t\t<img loading=\"lazy\" decoding=\"async\" width=\"640\" height=\"797\" src=\"https:\/\/esbozodeportivo.com\/wp-content\/uploads\/2024\/05\/andres.jpg\" alt=\"\" srcset=\"https:\/\/esbozodeportivo.com\/wp-content\/uploads\/2024\/05\/andres.jpg 720w, https:\/\/esbozodeportivo.com\/wp-content\/uploads\/2024\/05\/andres-241x300.jpg 241w\" sizes=\"auto, (max-width: 640px) 100vw, 640px\" \/>\t\t\t\t\t\t\t\t\t\t\t\t\t<\/p>\n<p><strong>(Foto: Fedmxatle)<\/strong><strong>\u00a0<\/strong><\/p>\n<p>La selecci\u00f3n mexicana de caminata, encabezada por Isaac Palma y Andr\u00e9s Olivas, ya se encuentra en la Eslovaquia para participar el s\u00e1bado 25 de mayo en el evento internacional que forma parte del calendario avalado por la World Athletics como parte del proceso clasificatorio a los Juegos Ol\u00edmpicos de Par\u00eds 2024.<\/p>\n<p>El presidente de la Federaci\u00f3n Mexicana de Asociaciones de Atletismo, Antonio Lozano, inform\u00f3 que el equipo nacional estar\u00e1 formado tambi\u00e9n por Brandon Segura, Sof\u00eda Ramos, Ximena Serrano y Valeria Ortu\u00f1o.<\/p>\n<p>Los marchistas mexicanos se unen a la lista de m\u00e1s de 10 pa\u00edses que competir\u00e1n en el evento en el que se disputar\u00e1 la prueba de los 20 kil\u00f3metros en ambas ramas, en el que buscar\u00e1n cumplir con los registros solicitados por la World Athletics para sumarse a los andarines que participar\u00e1n en los Juegos Ol\u00edmpicos de Par\u00eds 2024.<\/p>\n<p>\u201cEl proceso clasificatorio continuar\u00e1 y los registros oficiales para los Juegos Ol\u00edmpicos de Par\u00eds se cerrar\u00e1n hasta junio 30 de tal manera que los marchistas a\u00fan tienen la oportunidad de buscar los pases a los Juegos Ol\u00edmpicos\u201d, destac\u00f3 el titular de la FMAA.<\/p>\n<p>\u00a0<\/p>\n<p>\u00a0<\/p>\n","protected":false},"excerpt":{"rendered":"<p>(Foto: Fedmxatle)\u00a0 La selecci\u00f3n mexicana de caminata, encabezada por Isaac Palma y Andr\u00e9s Olivas, ya<\/p>\n","protected":false},"author":2,"featured_media":0,"comment_status":"open","ping_status":"open","sticky":false,"template":"","format":"standard","meta":{"_jetpack_memberships_contains_paid_content":false,"footnotes":""},"categories":[5],"tags":[],"class_list":["post-3544","post","type-post","status-publish","format-standard","hentry","category-amateur"],"yoast_head":"<!-- This site is optimized with the Yoast SEO plugin v25.7 - https:\/\/yoast.com\/wordpress\/plugins\/seo\/ -->\n<title>El fin de semana marchistas mexicanos van por marca a los Juegos de Par\u00eds - Esbozo Deportivo<\/title>\n<meta name=\"robots\" content=\"index, follow, max-snippet:-1, max-image-preview:large, max-video-preview:-1\" \/>\n<link rel=\"canonical\" href=\"https:\/\/esbozodeportivo.com\/index.php\/2024\/05\/25\/el-fin-de-semana-marchistas-mexicanos-van-por-marca-a-los-juegos-de-paris\/\" \/>\n<meta property=\"og:locale\" content=\"es_MX\" \/>\n<meta property=\"og:type\" content=\"article\" \/>\n<meta property=\"og:title\" content=\"El fin de semana marchistas mexicanos van por marca a los Juegos de Par\u00eds - Esbozo Deportivo\" \/>\n<meta property=\"og:description\" content=\"(Foto: Fedmxatle)\u00a0 La selecci\u00f3n mexicana de caminata, encabezada por Isaac Palma y Andr\u00e9s Olivas, ya\" \/>\n<meta property=\"og:url\" content=\"https:\/\/esbozodeportivo.com\/index.php\/2024\/05\/25\/el-fin-de-semana-marchistas-mexicanos-van-por-marca-a-los-juegos-de-paris\/\" \/>\n<meta property=\"og:site_name\" content=\"Esbozo Deportivo\" \/>\n<meta property=\"article:published_time\" content=\"2024-05-25T06:05:18+00:00\" \/>\n<meta property=\"article:modified_time\" content=\"2024-05-25T06:06:28+00:00\" \/>\n<meta property=\"og:image\" content=\"https:\/\/esbozodeportivo.com\/wp-content\/uploads\/2024\/05\/andres.jpg\" \/>\n<meta name=\"author\" content=\"Javier De La Cruz\" \/>\n<meta name=\"twitter:card\" content=\"summary_large_image\" \/>\n<meta name=\"twitter:label1\" content=\"Escrito por\" \/>\n\t<meta name=\"twitter:data1\" content=\"Javier De La Cruz\" \/>\n\t<meta name=\"twitter:label2\" content=\"Tiempo de lectura\" \/>\n\t<meta name=\"twitter:data2\" content=\"1 minuto\" \/>\n<script type=\"application\/ld+json\" class=\"yoast-schema-graph\">{\"@context\":\"https:\/\/schema.org\",\"@graph\":[{\"@type\":\"Article\",\"@id\":\"https:\/\/esbozodeportivo.com\/index.php\/2024\/05\/25\/el-fin-de-semana-marchistas-mexicanos-van-por-marca-a-los-juegos-de-paris\/#article\",\"isPartOf\":{\"@id\":\"https:\/\/esbozodeportivo.com\/index.php\/2024\/05\/25\/el-fin-de-semana-marchistas-mexicanos-van-por-marca-a-los-juegos-de-paris\/\"},\"author\":{\"name\":\"Javier De La Cruz\",\"@id\":\"https:\/\/esbozodeportivo.com\/#\/schema\/person\/7277119c98823aec37bbb84e125efd44\"},\"headline\":\"El fin de semana marchistas mexicanos van por marca a los Juegos de Par\u00eds\",\"datePublished\":\"2024-05-25T06:05:18+00:00\",\"dateModified\":\"2024-05-25T06:06:28+00:00\",\"mainEntityOfPage\":{\"@id\":\"https:\/\/esbozodeportivo.com\/index.php\/2024\/05\/25\/el-fin-de-semana-marchistas-mexicanos-van-por-marca-a-los-juegos-de-paris\/\"},\"wordCount\":216,\"commentCount\":0,\"publisher\":{\"@id\":\"https:\/\/esbozodeportivo.com\/#organization\"},\"image\":{\"@id\":\"https:\/\/esbozodeportivo.com\/index.php\/2024\/05\/25\/el-fin-de-semana-marchistas-mexicanos-van-por-marca-a-los-juegos-de-paris\/#primaryimage\"},\"thumbnailUrl\":\"https:\/\/esbozodeportivo.com\/wp-content\/uploads\/2024\/05\/andres.jpg\",\"articleSection\":[\"Amateur\"],\"inLanguage\":\"es\",\"potentialAction\":[{\"@type\":\"CommentAction\",\"name\":\"Comment\",\"target\":[\"https:\/\/esbozodeportivo.com\/index.php\/2024\/05\/25\/el-fin-de-semana-marchistas-mexicanos-van-por-marca-a-los-juegos-de-paris\/#respond\"]}]},{\"@type\":\"WebPage\",\"@id\":\"https:\/\/esbozodeportivo.com\/index.php\/2024\/05\/25\/el-fin-de-semana-marchistas-mexicanos-van-por-marca-a-los-juegos-de-paris\/\",\"url\":\"https:\/\/esbozodeportivo.com\/index.php\/2024\/05\/25\/el-fin-de-semana-marchistas-mexicanos-van-por-marca-a-los-juegos-de-paris\/\",\"name\":\"El fin de semana marchistas mexicanos van por marca a los Juegos de Par\u00eds - Esbozo Deportivo\",\"isPartOf\":{\"@id\":\"https:\/\/esbozodeportivo.com\/#website\"},\"primaryImageOfPage\":{\"@id\":\"https:\/\/esbozodeportivo.com\/index.php\/2024\/05\/25\/el-fin-de-semana-marchistas-mexicanos-van-por-marca-a-los-juegos-de-paris\/#primaryimage\"},\"image\":{\"@id\":\"https:\/\/esbozodeportivo.com\/index.php\/2024\/05\/25\/el-fin-de-semana-marchistas-mexicanos-van-por-marca-a-los-juegos-de-paris\/#primaryimage\"},\"thumbnailUrl\":\"https:\/\/esbozodeportivo.com\/wp-content\/uploads\/2024\/05\/andres.jpg\",\"datePublished\":\"2024-05-25T06:05:18+00:00\",\"dateModified\":\"2024-05-25T06:06:28+00:00\",\"breadcrumb\":{\"@id\":\"https:\/\/esbozodeportivo.com\/index.php\/2024\/05\/25\/el-fin-de-semana-marchistas-mexicanos-van-por-marca-a-los-juegos-de-paris\/#breadcrumb\"},\"inLanguage\":\"es\",\"potentialAction\":[{\"@type\":\"ReadAction\",\"target\":[\"https:\/\/esbozodeportivo.com\/index.php\/2024\/05\/25\/el-fin-de-semana-marchistas-mexicanos-van-por-marca-a-los-juegos-de-paris\/\"]}]},{\"@type\":\"ImageObject\",\"inLanguage\":\"es\",\"@id\":\"https:\/\/esbozodeportivo.com\/index.php\/2024\/05\/25\/el-fin-de-semana-marchistas-mexicanos-van-por-marca-a-los-juegos-de-paris\/#primaryimage\",\"url\":\"https:\/\/esbozodeportivo.com\/wp-content\/uploads\/2024\/05\/andres.jpg\",\"contentUrl\":\"https:\/\/esbozodeportivo.com\/wp-content\/uploads\/2024\/05\/andres.jpg\",\"width\":720,\"height\":897},{\"@type\":\"BreadcrumbList\",\"@id\":\"https:\/\/esbozodeportivo.com\/index.php\/2024\/05\/25\/el-fin-de-semana-marchistas-mexicanos-van-por-marca-a-los-juegos-de-paris\/#breadcrumb\",\"itemListElement\":[{\"@type\":\"ListItem\",\"position\":1,\"name\":\"Inicio\",\"item\":\"https:\/\/esbozodeportivo.com\/\"},{\"@type\":\"ListItem\",\"position\":2,\"name\":\"El fin de semana marchistas mexicanos van por marca a los Juegos de Par\u00eds\"}]},{\"@type\":\"WebSite\",\"@id\":\"https:\/\/esbozodeportivo.com\/#website\",\"url\":\"https:\/\/esbozodeportivo.com\/\",\"name\":\"Esbozo Deportivo\",\"description\":\"Lo m\u00e1s importante del Deporte\",\"publisher\":{\"@id\":\"https:\/\/esbozodeportivo.com\/#organization\"},\"potentialAction\":[{\"@type\":\"SearchAction\",\"target\":{\"@type\":\"EntryPoint\",\"urlTemplate\":\"https:\/\/esbozodeportivo.com\/?s={search_term_string}\"},\"query-input\":{\"@type\":\"PropertyValueSpecification\",\"valueRequired\":true,\"valueName\":\"search_term_string\"}}],\"inLanguage\":\"es\"},{\"@type\":\"Organization\",\"@id\":\"https:\/\/esbozodeportivo.com\/#organization\",\"name\":\"Esbozo Deportivo\",\"url\":\"https:\/\/esbozodeportivo.com\/\",\"logo\":{\"@type\":\"ImageObject\",\"inLanguage\":\"es\",\"@id\":\"https:\/\/esbozodeportivo.com\/#\/schema\/logo\/image\/\",\"url\":\"https:\/\/esbozodeportivo.com\/wp-content\/uploads\/2022\/08\/cropped-Logo-Esbozo-Web-2.png\",\"contentUrl\":\"https:\/\/esbozodeportivo.com\/wp-content\/uploads\/2022\/08\/cropped-Logo-Esbozo-Web-2.png\",\"width\":180,\"height\":50,\"caption\":\"Esbozo Deportivo\"},\"image\":{\"@id\":\"https:\/\/esbozodeportivo.com\/#\/schema\/logo\/image\/\"}},{\"@type\":\"Person\",\"@id\":\"https:\/\/esbozodeportivo.com\/#\/schema\/person\/7277119c98823aec37bbb84e125efd44\",\"name\":\"Javier De La Cruz\",\"image\":{\"@type\":\"ImageObject\",\"inLanguage\":\"es\",\"@id\":\"https:\/\/esbozodeportivo.com\/#\/schema\/person\/image\/\",\"url\":\"https:\/\/secure.gravatar.com\/avatar\/366235a56d20f1a6e8e3d0b295897639357bea880470ddf261d17bb0bc052eb1?s=96&d=mm&r=g\",\"contentUrl\":\"https:\/\/secure.gravatar.com\/avatar\/366235a56d20f1a6e8e3d0b295897639357bea880470ddf261d17bb0bc052eb1?s=96&d=mm&r=g\",\"caption\":\"Javier De La Cruz\"},\"url\":\"https:\/\/esbozodeportivo.com\/index.php\/author\/javier-de-la-cruz-de-la-cruz\/\"}]}<\/script>\n<!-- \/ Yoast SEO plugin. -->","yoast_head_json":{"title":"El fin de semana marchistas mexicanos van por marca a los Juegos de Par\u00eds - Esbozo Deportivo","robots":{"index":"index","follow":"follow","max-snippet":"max-snippet:-1","max-image-preview":"max-image-preview:large","max-video-preview":"max-video-preview:-1"},"canonical":"https:\/\/esbozodeportivo.com\/index.php\/2024\/05\/25\/el-fin-de-semana-marchistas-mexicanos-van-por-marca-a-los-juegos-de-paris\/","og_locale":"es_MX","og_type":"article","og_title":"El fin de semana marchistas mexicanos van por marca a los Juegos de Par\u00eds - Esbozo Deportivo","og_description":"(Foto: Fedmxatle)\u00a0 La selecci\u00f3n mexicana de caminata, encabezada por Isaac Palma y Andr\u00e9s Olivas, ya","og_url":"https:\/\/esbozodeportivo.com\/index.php\/2024\/05\/25\/el-fin-de-semana-marchistas-mexicanos-van-por-marca-a-los-juegos-de-paris\/","og_site_name":"Esbozo Deportivo","article_published_time":"2024-05-25T06:05:18+00:00","article_modified_time":"2024-05-25T06:06:28+00:00","og_image":[{"url":"https:\/\/esbozodeportivo.com\/wp-content\/uploads\/2024\/05\/andres.jpg","type":"","width":"","height":""}],"author":"Javier De La Cruz","twitter_card":"summary_large_image","twitter_misc":{"Escrito por":"Javier De La Cruz","Tiempo de lectura":"1 minuto"},"schema":{"@context":"https:\/\/schema.org","@graph":[{"@type":"Article","@id":"https:\/\/esbozodeportivo.com\/index.php\/2024\/05\/25\/el-fin-de-semana-marchistas-mexicanos-van-por-marca-a-los-juegos-de-paris\/#article","isPartOf":{"@id":"https:\/\/esbozodeportivo.com\/index.php\/2024\/05\/25\/el-fin-de-semana-marchistas-mexicanos-van-por-marca-a-los-juegos-de-paris\/"},"author":{"name":"Javier De La Cruz","@id":"https:\/\/esbozodeportivo.com\/#\/schema\/person\/7277119c98823aec37bbb84e125efd44"},"headline":"El fin de semana marchistas mexicanos van por marca a los Juegos de Par\u00eds","datePublished":"2024-05-25T06:05:18+00:00","dateModified":"2024-05-25T06:06:28+00:00","mainEntityOfPage":{"@id":"https:\/\/esbozodeportivo.com\/index.php\/2024\/05\/25\/el-fin-de-semana-marchistas-mexicanos-van-por-marca-a-los-juegos-de-paris\/"},"wordCount":216,"commentCount":0,"publisher":{"@id":"https:\/\/esbozodeportivo.com\/#organization"},"image":{"@id":"https:\/\/esbozodeportivo.com\/index.php\/2024\/05\/25\/el-fin-de-semana-marchistas-mexicanos-van-por-marca-a-los-juegos-de-paris\/#primaryimage"},"thumbnailUrl":"https:\/\/esbozodeportivo.com\/wp-content\/uploads\/2024\/05\/andres.jpg","articleSection":["Amateur"],"inLanguage":"es","potentialAction":[{"@type":"CommentAction","name":"Comment","target":["https:\/\/esbozodeportivo.com\/index.php\/2024\/05\/25\/el-fin-de-semana-marchistas-mexicanos-van-por-marca-a-los-juegos-de-paris\/#respond"]}]},{"@type":"WebPage","@id":"https:\/\/esbozodeportivo.com\/index.php\/2024\/05\/25\/el-fin-de-semana-marchistas-mexicanos-van-por-marca-a-los-juegos-de-paris\/","url":"https:\/\/esbozodeportivo.com\/index.php\/2024\/05\/25\/el-fin-de-semana-marchistas-mexicanos-van-por-marca-a-los-juegos-de-paris\/","name":"El fin de semana marchistas mexicanos van por marca a los Juegos de Par\u00eds - Esbozo Deportivo","isPartOf":{"@id":"https:\/\/esbozodeportivo.com\/#website"},"primaryImageOfPage":{"@id":"https:\/\/esbozodeportivo.com\/index.php\/2024\/05\/25\/el-fin-de-semana-marchistas-mexicanos-van-por-marca-a-los-juegos-de-paris\/#primaryimage"},"image":{"@id":"https:\/\/esbozodeportivo.com\/index.php\/2024\/05\/25\/el-fin-de-semana-marchistas-mexicanos-van-por-marca-a-los-juegos-de-paris\/#primaryimage"},"thumbnailUrl":"https:\/\/esbozodeportivo.com\/wp-content\/uploads\/2024\/05\/andres.jpg","datePublished":"2024-05-25T06:05:18+00:00","dateModified":"2024-05-25T06:06:28+00:00","breadcrumb":{"@id":"https:\/\/esbozodeportivo.com\/index.php\/2024\/05\/25\/el-fin-de-semana-marchistas-mexicanos-van-por-marca-a-los-juegos-de-paris\/#breadcrumb"},"inLanguage":"es","potentialAction":[{"@type":"ReadAction","target":["https:\/\/esbozodeportivo.com\/index.php\/2024\/05\/25\/el-fin-de-semana-marchistas-mexicanos-van-por-marca-a-los-juegos-de-paris\/"]}]},{"@type":"ImageObject","inLanguage":"es","@id":"https:\/\/esbozodeportivo.com\/index.php\/2024\/05\/25\/el-fin-de-semana-marchistas-mexicanos-van-por-marca-a-los-juegos-de-paris\/#primaryimage","url":"https:\/\/esbozodeportivo.com\/wp-content\/uploads\/2024\/05\/andres.jpg","contentUrl":"https:\/\/esbozodeportivo.com\/wp-content\/uploads\/2024\/05\/andres.jpg","width":720,"height":897},{"@type":"BreadcrumbList","@id":"https:\/\/esbozodeportivo.com\/index.php\/2024\/05\/25\/el-fin-de-semana-marchistas-mexicanos-van-por-marca-a-los-juegos-de-paris\/#breadcrumb","itemListElement":[{"@type":"ListItem","position":1,"name":"Inicio","item":"https:\/\/esbozodeportivo.com\/"},{"@type":"ListItem","position":2,"name":"El fin de semana marchistas mexicanos van por marca a los Juegos de Par\u00eds"}]},{"@type":"WebSite","@id":"https:\/\/esbozodeportivo.com\/#website","url":"https:\/\/esbozodeportivo.com\/","name":"Esbozo Deportivo","description":"Lo m\u00e1s importante del Deporte","publisher":{"@id":"https:\/\/esbozodeportivo.com\/#organization"},"potentialAction":[{"@type":"SearchAction","target":{"@type":"EntryPoint","urlTemplate":"https:\/\/esbozodeportivo.com\/?s={search_term_string}"},"query-input":{"@type":"PropertyValueSpecification","valueRequired":true,"valueName":"search_term_string"}}],"inLanguage":"es"},{"@type":"Organization","@id":"https:\/\/esbozodeportivo.com\/#organization","name":"Esbozo Deportivo","url":"https:\/\/esbozodeportivo.com\/","logo":{"@type":"ImageObject","inLanguage":"es","@id":"https:\/\/esbozodeportivo.com\/#\/schema\/logo\/image\/","url":"https:\/\/esbozodeportivo.com\/wp-content\/uploads\/2022\/08\/cropped-Logo-Esbozo-Web-2.png","contentUrl":"https:\/\/esbozodeportivo.com\/wp-content\/uploads\/2022\/08\/cropped-Logo-Esbozo-Web-2.png","width":180,"height":50,"caption":"Esbozo Deportivo"},"image":{"@id":"https:\/\/esbozodeportivo.com\/#\/schema\/logo\/image\/"}},{"@type":"Person","@id":"https:\/\/esbozodeportivo.com\/#\/schema\/person\/7277119c98823aec37bbb84e125efd44","name":"Javier De La Cruz","image":{"@type":"ImageObject","inLanguage":"es","@id":"https:\/\/esbozodeportivo.com\/#\/schema\/person\/image\/","url":"https:\/\/secure.gravatar.com\/avatar\/366235a56d20f1a6e8e3d0b295897639357bea880470ddf261d17bb0bc052eb1?s=96&d=mm&r=g","contentUrl":"https:\/\/secure.gravatar.com\/avatar\/366235a56d20f1a6e8e3d0b295897639357bea880470ddf261d17bb0bc052eb1?s=96&d=mm&r=g","caption":"Javier De La Cruz"},"url":"https:\/\/esbozodeportivo.com\/index.php\/author\/javier-de-la-cruz-de-la-cruz\/"}]}},"jetpack_featured_media_url":"","jetpack_sharing_enabled":true,"_links":{"self":[{"href":"https:\/\/esbozodeportivo.com\/index.php\/wp-json\/wp\/v2\/posts\/3544","targetHints":{"allow":["GET"]}}],"collection":[{"href":"https:\/\/esbozodeportivo.com\/index.php\/wp-json\/wp\/v2\/posts"}],"about":[{"href":"https:\/\/esbozodeportivo.com\/index.php\/wp-json\/wp\/v2\/types\/post"}],"author":[{"embeddable":true,"href":"https:\/\/esbozodeportivo.com\/index.php\/wp-json\/wp\/v2\/users\/2"}],"replies":[{"embeddable":true,"href":"https:\/\/esbozodeportivo.com\/index.php\/wp-json\/wp\/v2\/comments?post=3544"}],"version-history":[{"count":4,"href":"https:\/\/esbozodeportivo.com\/index.php\/wp-json\/wp\/v2\/posts\/3544\/revisions"}],"predecessor-version":[{"id":3549,"href":"https:\/\/esbozodeportivo.com\/index.php\/wp-json\/wp\/v2\/posts\/3544\/revisions\/3549"}],"wp:attachment":[{"href":"https:\/\/esbozodeportivo.com\/index.php\/wp-json\/wp\/v2\/media?parent=3544"}],"wp:term":[{"taxonomy":"category","embeddable":true,"href":"https:\/\/esbozodeportivo.com\/index.php\/wp-json\/wp\/v2\/categories?post=3544"},{"taxonomy":"post_tag","embeddable":true,"href":"https:\/\/esbozodeportivo.com\/index.php\/wp-json\/wp\/v2\/tags?post=3544"}],"curies":[{"name":"wp","href":"https:\/\/api.w.org\/{rel}","templated":true}]}}