{"id":3550,"date":"2024-05-25T06:10:43","date_gmt":"2024-05-25T06:10:43","guid":{"rendered":"https:\/\/esbozodeportivo.com\/?p=3550"},"modified":"2024-05-25T06:13:56","modified_gmt":"2024-05-25T06:13:56","slug":"prepara-el-indet-la-participacion-en-el-festival-internacional-deportivo-de-varna","status":"publish","type":"post","link":"https:\/\/esbozodeportivo.com\/index.php\/2024\/05\/25\/prepara-el-indet-la-participacion-en-el-festival-internacional-deportivo-de-varna\/","title":{"rendered":"Prepara el INDET la participaci\u00f3n en el Festival Internacional Deportivo de Varna"},"content":{"rendered":"<style>\/*! elementor - v3.21.0 - 22-05-2024 *\/\n.elementor-widget-image{text-align:center}.elementor-widget-image a{display:inline-block}.elementor-widget-image a img[src$=\".svg\"]{width:48px}.elementor-widget-image img{vertical-align:middle;display:inline-block}<\/style>\n<p>\t\t\t\t\t\t\t\t\t\t<img loading=\"lazy\" decoding=\"async\" width=\"640\" height=\"569\" src=\"https:\/\/esbozodeportivo.com\/wp-content\/uploads\/2024\/05\/atle-768x1024-1.jpg\" alt=\"\" srcset=\"https:\/\/esbozodeportivo.com\/wp-content\/uploads\/2024\/05\/atle-768x1024-1.jpg 768w, https:\/\/esbozodeportivo.com\/wp-content\/uploads\/2024\/05\/atle-768x1024-1-300x267.jpg 300w\" sizes=\"auto, (max-width: 640px) 100vw, 640px\" \/>\t\t\t\t\t\t\t\t\t\t\t\t\t<\/p>\n<h3 style=\"line-height: 15.0pt; background: white;\">(Foto: INDET) <\/h3>\n<p>El Instituto del Deporte de los Trabajadores prepara la participaci\u00f3n de la delegaci\u00f3n mexicana en el Festival Internacional Deportivo de los Trabajadores, a realizarse en Bulgaria, del 3 al 9 de junio pr\u00f3ximo, como parte del programa 2024 que impulsan el Congreso del Trabajo y el INDET.<\/p>\n<p>El Profesor Pablo Reyes Osorio, Secretario Ejecutivo del Instituto del Deporte de los Trabajadores, anunci\u00f3 que se proyecta una delegaci\u00f3n de 60 integrantes, entre deportistas, delegados por deporte y jefe de misi\u00f3n.<\/p>\n<p>De esta manera se proyecta la presencia de los equipos de ajedrez, f\u00fatbol femenil, voleibol de sala y voleibol de playa, surgidos de los 51 Juegos Nacionales Deportivos y Recreativos de los Trabajadores, realizados el a\u00f1o pasado en el Centro Vacacional IMSS de Oaxtepec, Morelos.<\/p>\n<p>\t\t\t\t\t\t\t\t\t\t\t\t\t<img loading=\"lazy\" decoding=\"async\" width=\"640\" height=\"853\" src=\"https:\/\/esbozodeportivo.com\/wp-content\/uploads\/2024\/05\/atle7-1-768x1024.jpg\" alt=\"\" srcset=\"https:\/\/esbozodeportivo.com\/wp-content\/uploads\/2024\/05\/atle7-1-768x1024.jpg 768w, https:\/\/esbozodeportivo.com\/wp-content\/uploads\/2024\/05\/atle7-1-225x300.jpg 225w, https:\/\/esbozodeportivo.com\/wp-content\/uploads\/2024\/05\/atle7-1-1152x1536.jpg 1152w, https:\/\/esbozodeportivo.com\/wp-content\/uploads\/2024\/05\/atle7-1-1024x1365.jpg 1024w, https:\/\/esbozodeportivo.com\/wp-content\/uploads\/2024\/05\/atle7-1.jpg 1200w\" sizes=\"auto, (max-width: 640px) 100vw, 640px\" \/>\t\t\t\t\t\t\t\t\t\t\t\t\t<\/p>\n<h3 style=\"line-height: 15.0pt; background: white;\">(Foto: INDET) <\/h3>\n<p>\u201cEl Festival Internacional Deportivo de Varna representa la oportunidad para la delegaci\u00f3n mexicana formada por quienes se destacaron en los Juegos Nacionales de los Trabajadores 2023. M\u00e9xico ha sido protagonista en la historia de este evento en Europa con una buena cantidad de medallas de oro, plata y bronce, gracias al nivel de nuestros equipos\u201d, dijo el Profesor Pablo Reyes.<\/p>\n<p>El Secretario Ejecutivo del INDET\u00a0 dio a conocer que el licenciado Humberto Ram\u00f3n Ojeda asistir\u00e1 como Jefe de la Delegaci\u00f3n. \u201cEstamos preparando todo lo relacionado a la participaci\u00f3n del conjunto tricolor, vamos a buscar brillar como lo hemos hecho en las participaciones en el Festival Internacional Deportivo de los Trabajadores\u201d, agreg\u00f3.<\/p>\n<p>\t\t\t\t\t\t\t\t\t\t\t\t\t<img loading=\"lazy\" decoding=\"async\" width=\"640\" height=\"571\" src=\"https:\/\/esbozodeportivo.com\/wp-content\/uploads\/2024\/05\/cf6a9989-9018-4233-84f3-bb01aa8fb306-1.jpg\" alt=\"\" srcset=\"https:\/\/esbozodeportivo.com\/wp-content\/uploads\/2024\/05\/cf6a9989-9018-4233-84f3-bb01aa8fb306-1.jpg 740w, https:\/\/esbozodeportivo.com\/wp-content\/uploads\/2024\/05\/cf6a9989-9018-4233-84f3-bb01aa8fb306-1-300x268.jpg 300w\" sizes=\"auto, (max-width: 640px) 100vw, 640px\" \/>\t\t\t\t\t\t\t\t\t\t\t\t\t<\/p>\n<h3 style=\"line-height: 15.0pt; background: white;\">(Foto: INDET) <\/h3>\n<p>En su historia, M\u00e9xico ha sido campe\u00f3n en diversos deportes en el Festival Internacional, en el que se espera la presencia de m\u00e1s de 16 pa\u00edses con equipos femenil y varonil, formados por trabajadores de sindicatos de Europa.<\/p>\n<p>\u201cEs una fiesta deportiva, multicultural y M\u00e9xico prepara sus trajes tradicionales para lucirlos, como cada a\u00f1o, durante la ceremonia de inauguraci\u00f3n. Nuestro pa\u00eds es un verdadero animador en el deporte mundial y el Festival Internacional Deportivo es una oportunidad para que los trabajadores mexicanos muestren su nivel en el \u00e1mbito deportivo\u201d, concluy\u00f3.<\/p>\n","protected":false},"excerpt":{"rendered":"<p>(Foto: INDET) El Instituto del Deporte de los Trabajadores prepara la participaci\u00f3n de la delegaci\u00f3n<\/p>\n","protected":false},"author":2,"featured_media":0,"comment_status":"open","ping_status":"open","sticky":false,"template":"","format":"standard","meta":{"_jetpack_memberships_contains_paid_content":false,"footnotes":""},"categories":[5],"tags":[],"class_list":["post-3550","post","type-post","status-publish","format-standard","hentry","category-amateur"],"yoast_head":"<!-- This site is optimized with the Yoast SEO plugin v25.7 - https:\/\/yoast.com\/wordpress\/plugins\/seo\/ -->\n<title>Prepara el INDET la participaci\u00f3n en el Festival Internacional Deportivo de Varna - Esbozo Deportivo<\/title>\n<meta name=\"robots\" content=\"index, follow, max-snippet:-1, max-image-preview:large, max-video-preview:-1\" \/>\n<link rel=\"canonical\" href=\"https:\/\/esbozodeportivo.com\/index.php\/2024\/05\/25\/prepara-el-indet-la-participacion-en-el-festival-internacional-deportivo-de-varna\/\" \/>\n<meta property=\"og:locale\" content=\"es_MX\" \/>\n<meta property=\"og:type\" content=\"article\" \/>\n<meta property=\"og:title\" content=\"Prepara el INDET la participaci\u00f3n en el Festival Internacional Deportivo de Varna - Esbozo Deportivo\" \/>\n<meta property=\"og:description\" content=\"(Foto: INDET) El Instituto del Deporte de los Trabajadores prepara la participaci\u00f3n de la delegaci\u00f3n\" \/>\n<meta property=\"og:url\" content=\"https:\/\/esbozodeportivo.com\/index.php\/2024\/05\/25\/prepara-el-indet-la-participacion-en-el-festival-internacional-deportivo-de-varna\/\" \/>\n<meta property=\"og:site_name\" content=\"Esbozo Deportivo\" \/>\n<meta property=\"article:published_time\" content=\"2024-05-25T06:10:43+00:00\" \/>\n<meta property=\"article:modified_time\" content=\"2024-05-25T06:13:56+00:00\" \/>\n<meta property=\"og:image\" content=\"https:\/\/esbozodeportivo.com\/wp-content\/uploads\/2024\/05\/atle-768x1024-1.jpg\" \/>\n<meta name=\"author\" content=\"Javier De La Cruz\" \/>\n<meta name=\"twitter:card\" content=\"summary_large_image\" \/>\n<meta name=\"twitter:label1\" content=\"Escrito por\" \/>\n\t<meta name=\"twitter:data1\" content=\"Javier De La Cruz\" \/>\n\t<meta name=\"twitter:label2\" content=\"Tiempo de lectura\" \/>\n\t<meta name=\"twitter:data2\" content=\"2 minutos\" \/>\n<script type=\"application\/ld+json\" class=\"yoast-schema-graph\">{\"@context\":\"https:\/\/schema.org\",\"@graph\":[{\"@type\":\"Article\",\"@id\":\"https:\/\/esbozodeportivo.com\/index.php\/2024\/05\/25\/prepara-el-indet-la-participacion-en-el-festival-internacional-deportivo-de-varna\/#article\",\"isPartOf\":{\"@id\":\"https:\/\/esbozodeportivo.com\/index.php\/2024\/05\/25\/prepara-el-indet-la-participacion-en-el-festival-internacional-deportivo-de-varna\/\"},\"author\":{\"name\":\"Javier De La Cruz\",\"@id\":\"https:\/\/esbozodeportivo.com\/#\/schema\/person\/7277119c98823aec37bbb84e125efd44\"},\"headline\":\"Prepara el INDET la participaci\u00f3n en el Festival Internacional Deportivo de Varna\",\"datePublished\":\"2024-05-25T06:10:43+00:00\",\"dateModified\":\"2024-05-25T06:13:56+00:00\",\"mainEntityOfPage\":{\"@id\":\"https:\/\/esbozodeportivo.com\/index.php\/2024\/05\/25\/prepara-el-indet-la-participacion-en-el-festival-internacional-deportivo-de-varna\/\"},\"wordCount\":357,\"commentCount\":0,\"publisher\":{\"@id\":\"https:\/\/esbozodeportivo.com\/#organization\"},\"image\":{\"@id\":\"https:\/\/esbozodeportivo.com\/index.php\/2024\/05\/25\/prepara-el-indet-la-participacion-en-el-festival-internacional-deportivo-de-varna\/#primaryimage\"},\"thumbnailUrl\":\"https:\/\/esbozodeportivo.com\/wp-content\/uploads\/2024\/05\/atle-768x1024-1.jpg\",\"articleSection\":[\"Amateur\"],\"inLanguage\":\"es\",\"potentialAction\":[{\"@type\":\"CommentAction\",\"name\":\"Comment\",\"target\":[\"https:\/\/esbozodeportivo.com\/index.php\/2024\/05\/25\/prepara-el-indet-la-participacion-en-el-festival-internacional-deportivo-de-varna\/#respond\"]}]},{\"@type\":\"WebPage\",\"@id\":\"https:\/\/esbozodeportivo.com\/index.php\/2024\/05\/25\/prepara-el-indet-la-participacion-en-el-festival-internacional-deportivo-de-varna\/\",\"url\":\"https:\/\/esbozodeportivo.com\/index.php\/2024\/05\/25\/prepara-el-indet-la-participacion-en-el-festival-internacional-deportivo-de-varna\/\",\"name\":\"Prepara el INDET la participaci\u00f3n en el Festival Internacional Deportivo de Varna - Esbozo Deportivo\",\"isPartOf\":{\"@id\":\"https:\/\/esbozodeportivo.com\/#website\"},\"primaryImageOfPage\":{\"@id\":\"https:\/\/esbozodeportivo.com\/index.php\/2024\/05\/25\/prepara-el-indet-la-participacion-en-el-festival-internacional-deportivo-de-varna\/#primaryimage\"},\"image\":{\"@id\":\"https:\/\/esbozodeportivo.com\/index.php\/2024\/05\/25\/prepara-el-indet-la-participacion-en-el-festival-internacional-deportivo-de-varna\/#primaryimage\"},\"thumbnailUrl\":\"https:\/\/esbozodeportivo.com\/wp-content\/uploads\/2024\/05\/atle-768x1024-1.jpg\",\"datePublished\":\"2024-05-25T06:10:43+00:00\",\"dateModified\":\"2024-05-25T06:13:56+00:00\",\"breadcrumb\":{\"@id\":\"https:\/\/esbozodeportivo.com\/index.php\/2024\/05\/25\/prepara-el-indet-la-participacion-en-el-festival-internacional-deportivo-de-varna\/#breadcrumb\"},\"inLanguage\":\"es\",\"potentialAction\":[{\"@type\":\"ReadAction\",\"target\":[\"https:\/\/esbozodeportivo.com\/index.php\/2024\/05\/25\/prepara-el-indet-la-participacion-en-el-festival-internacional-deportivo-de-varna\/\"]}]},{\"@type\":\"ImageObject\",\"inLanguage\":\"es\",\"@id\":\"https:\/\/esbozodeportivo.com\/index.php\/2024\/05\/25\/prepara-el-indet-la-participacion-en-el-festival-internacional-deportivo-de-varna\/#primaryimage\",\"url\":\"https:\/\/esbozodeportivo.com\/wp-content\/uploads\/2024\/05\/atle-768x1024-1.jpg\",\"contentUrl\":\"https:\/\/esbozodeportivo.com\/wp-content\/uploads\/2024\/05\/atle-768x1024-1.jpg\",\"width\":768,\"height\":683},{\"@type\":\"BreadcrumbList\",\"@id\":\"https:\/\/esbozodeportivo.com\/index.php\/2024\/05\/25\/prepara-el-indet-la-participacion-en-el-festival-internacional-deportivo-de-varna\/#breadcrumb\",\"itemListElement\":[{\"@type\":\"ListItem\",\"position\":1,\"name\":\"Inicio\",\"item\":\"https:\/\/esbozodeportivo.com\/\"},{\"@type\":\"ListItem\",\"position\":2,\"name\":\"Prepara el INDET la participaci\u00f3n en el Festival Internacional Deportivo de Varna\"}]},{\"@type\":\"WebSite\",\"@id\":\"https:\/\/esbozodeportivo.com\/#website\",\"url\":\"https:\/\/esbozodeportivo.com\/\",\"name\":\"Esbozo Deportivo\",\"description\":\"Lo m\u00e1s importante del Deporte\",\"publisher\":{\"@id\":\"https:\/\/esbozodeportivo.com\/#organization\"},\"potentialAction\":[{\"@type\":\"SearchAction\",\"target\":{\"@type\":\"EntryPoint\",\"urlTemplate\":\"https:\/\/esbozodeportivo.com\/?s={search_term_string}\"},\"query-input\":{\"@type\":\"PropertyValueSpecification\",\"valueRequired\":true,\"valueName\":\"search_term_string\"}}],\"inLanguage\":\"es\"},{\"@type\":\"Organization\",\"@id\":\"https:\/\/esbozodeportivo.com\/#organization\",\"name\":\"Esbozo Deportivo\",\"url\":\"https:\/\/esbozodeportivo.com\/\",\"logo\":{\"@type\":\"ImageObject\",\"inLanguage\":\"es\",\"@id\":\"https:\/\/esbozodeportivo.com\/#\/schema\/logo\/image\/\",\"url\":\"https:\/\/esbozodeportivo.com\/wp-content\/uploads\/2022\/08\/cropped-Logo-Esbozo-Web-2.png\",\"contentUrl\":\"https:\/\/esbozodeportivo.com\/wp-content\/uploads\/2022\/08\/cropped-Logo-Esbozo-Web-2.png\",\"width\":180,\"height\":50,\"caption\":\"Esbozo Deportivo\"},\"image\":{\"@id\":\"https:\/\/esbozodeportivo.com\/#\/schema\/logo\/image\/\"}},{\"@type\":\"Person\",\"@id\":\"https:\/\/esbozodeportivo.com\/#\/schema\/person\/7277119c98823aec37bbb84e125efd44\",\"name\":\"Javier De La Cruz\",\"image\":{\"@type\":\"ImageObject\",\"inLanguage\":\"es\",\"@id\":\"https:\/\/esbozodeportivo.com\/#\/schema\/person\/image\/\",\"url\":\"https:\/\/secure.gravatar.com\/avatar\/366235a56d20f1a6e8e3d0b295897639357bea880470ddf261d17bb0bc052eb1?s=96&d=mm&r=g\",\"contentUrl\":\"https:\/\/secure.gravatar.com\/avatar\/366235a56d20f1a6e8e3d0b295897639357bea880470ddf261d17bb0bc052eb1?s=96&d=mm&r=g\",\"caption\":\"Javier De La Cruz\"},\"url\":\"https:\/\/esbozodeportivo.com\/index.php\/author\/javier-de-la-cruz-de-la-cruz\/\"}]}<\/script>\n<!-- \/ Yoast SEO plugin. -->","yoast_head_json":{"title":"Prepara el INDET la participaci\u00f3n en el Festival Internacional Deportivo de Varna - Esbozo Deportivo","robots":{"index":"index","follow":"follow","max-snippet":"max-snippet:-1","max-image-preview":"max-image-preview:large","max-video-preview":"max-video-preview:-1"},"canonical":"https:\/\/esbozodeportivo.com\/index.php\/2024\/05\/25\/prepara-el-indet-la-participacion-en-el-festival-internacional-deportivo-de-varna\/","og_locale":"es_MX","og_type":"article","og_title":"Prepara el INDET la participaci\u00f3n en el Festival Internacional Deportivo de Varna - Esbozo Deportivo","og_description":"(Foto: INDET) El Instituto del Deporte de los Trabajadores prepara la participaci\u00f3n de la delegaci\u00f3n","og_url":"https:\/\/esbozodeportivo.com\/index.php\/2024\/05\/25\/prepara-el-indet-la-participacion-en-el-festival-internacional-deportivo-de-varna\/","og_site_name":"Esbozo Deportivo","article_published_time":"2024-05-25T06:10:43+00:00","article_modified_time":"2024-05-25T06:13:56+00:00","og_image":[{"url":"https:\/\/esbozodeportivo.com\/wp-content\/uploads\/2024\/05\/atle-768x1024-1.jpg","type":"","width":"","height":""}],"author":"Javier De La Cruz","twitter_card":"summary_large_image","twitter_misc":{"Escrito por":"Javier De La Cruz","Tiempo de lectura":"2 minutos"},"schema":{"@context":"https:\/\/schema.org","@graph":[{"@type":"Article","@id":"https:\/\/esbozodeportivo.com\/index.php\/2024\/05\/25\/prepara-el-indet-la-participacion-en-el-festival-internacional-deportivo-de-varna\/#article","isPartOf":{"@id":"https:\/\/esbozodeportivo.com\/index.php\/2024\/05\/25\/prepara-el-indet-la-participacion-en-el-festival-internacional-deportivo-de-varna\/"},"author":{"name":"Javier De La Cruz","@id":"https:\/\/esbozodeportivo.com\/#\/schema\/person\/7277119c98823aec37bbb84e125efd44"},"headline":"Prepara el INDET la participaci\u00f3n en el Festival Internacional Deportivo de Varna","datePublished":"2024-05-25T06:10:43+00:00","dateModified":"2024-05-25T06:13:56+00:00","mainEntityOfPage":{"@id":"https:\/\/esbozodeportivo.com\/index.php\/2024\/05\/25\/prepara-el-indet-la-participacion-en-el-festival-internacional-deportivo-de-varna\/"},"wordCount":357,"commentCount":0,"publisher":{"@id":"https:\/\/esbozodeportivo.com\/#organization"},"image":{"@id":"https:\/\/esbozodeportivo.com\/index.php\/2024\/05\/25\/prepara-el-indet-la-participacion-en-el-festival-internacional-deportivo-de-varna\/#primaryimage"},"thumbnailUrl":"https:\/\/esbozodeportivo.com\/wp-content\/uploads\/2024\/05\/atle-768x1024-1.jpg","articleSection":["Amateur"],"inLanguage":"es","potentialAction":[{"@type":"CommentAction","name":"Comment","target":["https:\/\/esbozodeportivo.com\/index.php\/2024\/05\/25\/prepara-el-indet-la-participacion-en-el-festival-internacional-deportivo-de-varna\/#respond"]}]},{"@type":"WebPage","@id":"https:\/\/esbozodeportivo.com\/index.php\/2024\/05\/25\/prepara-el-indet-la-participacion-en-el-festival-internacional-deportivo-de-varna\/","url":"https:\/\/esbozodeportivo.com\/index.php\/2024\/05\/25\/prepara-el-indet-la-participacion-en-el-festival-internacional-deportivo-de-varna\/","name":"Prepara el INDET la participaci\u00f3n en el Festival Internacional Deportivo de Varna - Esbozo Deportivo","isPartOf":{"@id":"https:\/\/esbozodeportivo.com\/#website"},"primaryImageOfPage":{"@id":"https:\/\/esbozodeportivo.com\/index.php\/2024\/05\/25\/prepara-el-indet-la-participacion-en-el-festival-internacional-deportivo-de-varna\/#primaryimage"},"image":{"@id":"https:\/\/esbozodeportivo.com\/index.php\/2024\/05\/25\/prepara-el-indet-la-participacion-en-el-festival-internacional-deportivo-de-varna\/#primaryimage"},"thumbnailUrl":"https:\/\/esbozodeportivo.com\/wp-content\/uploads\/2024\/05\/atle-768x1024-1.jpg","datePublished":"2024-05-25T06:10:43+00:00","dateModified":"2024-05-25T06:13:56+00:00","breadcrumb":{"@id":"https:\/\/esbozodeportivo.com\/index.php\/2024\/05\/25\/prepara-el-indet-la-participacion-en-el-festival-internacional-deportivo-de-varna\/#breadcrumb"},"inLanguage":"es","potentialAction":[{"@type":"ReadAction","target":["https:\/\/esbozodeportivo.com\/index.php\/2024\/05\/25\/prepara-el-indet-la-participacion-en-el-festival-internacional-deportivo-de-varna\/"]}]},{"@type":"ImageObject","inLanguage":"es","@id":"https:\/\/esbozodeportivo.com\/index.php\/2024\/05\/25\/prepara-el-indet-la-participacion-en-el-festival-internacional-deportivo-de-varna\/#primaryimage","url":"https:\/\/esbozodeportivo.com\/wp-content\/uploads\/2024\/05\/atle-768x1024-1.jpg","contentUrl":"https:\/\/esbozodeportivo.com\/wp-content\/uploads\/2024\/05\/atle-768x1024-1.jpg","width":768,"height":683},{"@type":"BreadcrumbList","@id":"https:\/\/esbozodeportivo.com\/index.php\/2024\/05\/25\/prepara-el-indet-la-participacion-en-el-festival-internacional-deportivo-de-varna\/#breadcrumb","itemListElement":[{"@type":"ListItem","position":1,"name":"Inicio","item":"https:\/\/esbozodeportivo.com\/"},{"@type":"ListItem","position":2,"name":"Prepara el INDET la participaci\u00f3n en el Festival Internacional Deportivo de Varna"}]},{"@type":"WebSite","@id":"https:\/\/esbozodeportivo.com\/#website","url":"https:\/\/esbozodeportivo.com\/","name":"Esbozo Deportivo","description":"Lo m\u00e1s importante del Deporte","publisher":{"@id":"https:\/\/esbozodeportivo.com\/#organization"},"potentialAction":[{"@type":"SearchAction","target":{"@type":"EntryPoint","urlTemplate":"https:\/\/esbozodeportivo.com\/?s={search_term_string}"},"query-input":{"@type":"PropertyValueSpecification","valueRequired":true,"valueName":"search_term_string"}}],"inLanguage":"es"},{"@type":"Organization","@id":"https:\/\/esbozodeportivo.com\/#organization","name":"Esbozo Deportivo","url":"https:\/\/esbozodeportivo.com\/","logo":{"@type":"ImageObject","inLanguage":"es","@id":"https:\/\/esbozodeportivo.com\/#\/schema\/logo\/image\/","url":"https:\/\/esbozodeportivo.com\/wp-content\/uploads\/2022\/08\/cropped-Logo-Esbozo-Web-2.png","contentUrl":"https:\/\/esbozodeportivo.com\/wp-content\/uploads\/2022\/08\/cropped-Logo-Esbozo-Web-2.png","width":180,"height":50,"caption":"Esbozo Deportivo"},"image":{"@id":"https:\/\/esbozodeportivo.com\/#\/schema\/logo\/image\/"}},{"@type":"Person","@id":"https:\/\/esbozodeportivo.com\/#\/schema\/person\/7277119c98823aec37bbb84e125efd44","name":"Javier De La Cruz","image":{"@type":"ImageObject","inLanguage":"es","@id":"https:\/\/esbozodeportivo.com\/#\/schema\/person\/image\/","url":"https:\/\/secure.gravatar.com\/avatar\/366235a56d20f1a6e8e3d0b295897639357bea880470ddf261d17bb0bc052eb1?s=96&d=mm&r=g","contentUrl":"https:\/\/secure.gravatar.com\/avatar\/366235a56d20f1a6e8e3d0b295897639357bea880470ddf261d17bb0bc052eb1?s=96&d=mm&r=g","caption":"Javier De La Cruz"},"url":"https:\/\/esbozodeportivo.com\/index.php\/author\/javier-de-la-cruz-de-la-cruz\/"}]}},"jetpack_featured_media_url":"","jetpack_sharing_enabled":true,"_links":{"self":[{"href":"https:\/\/esbozodeportivo.com\/index.php\/wp-json\/wp\/v2\/posts\/3550","targetHints":{"allow":["GET"]}}],"collection":[{"href":"https:\/\/esbozodeportivo.com\/index.php\/wp-json\/wp\/v2\/posts"}],"about":[{"href":"https:\/\/esbozodeportivo.com\/index.php\/wp-json\/wp\/v2\/types\/post"}],"author":[{"embeddable":true,"href":"https:\/\/esbozodeportivo.com\/index.php\/wp-json\/wp\/v2\/users\/2"}],"replies":[{"embeddable":true,"href":"https:\/\/esbozodeportivo.com\/index.php\/wp-json\/wp\/v2\/comments?post=3550"}],"version-history":[{"count":4,"href":"https:\/\/esbozodeportivo.com\/index.php\/wp-json\/wp\/v2\/posts\/3550\/revisions"}],"predecessor-version":[{"id":3557,"href":"https:\/\/esbozodeportivo.com\/index.php\/wp-json\/wp\/v2\/posts\/3550\/revisions\/3557"}],"wp:attachment":[{"href":"https:\/\/esbozodeportivo.com\/index.php\/wp-json\/wp\/v2\/media?parent=3550"}],"wp:term":[{"taxonomy":"category","embeddable":true,"href":"https:\/\/esbozodeportivo.com\/index.php\/wp-json\/wp\/v2\/categories?post=3550"},{"taxonomy":"post_tag","embeddable":true,"href":"https:\/\/esbozodeportivo.com\/index.php\/wp-json\/wp\/v2\/tags?post=3550"}],"curies":[{"name":"wp","href":"https:\/\/api.w.org\/{rel}","templated":true}]}}