{"id":3558,"date":"2024-05-26T04:48:32","date_gmt":"2024-05-26T04:48:32","guid":{"rendered":"https:\/\/esbozodeportivo.com\/?p=3558"},"modified":"2024-05-26T05:00:27","modified_gmt":"2024-05-26T05:00:27","slug":"mexico-presente-en-la-programacion-del-mare-nostrum-en-europa","status":"publish","type":"post","link":"https:\/\/esbozodeportivo.com\/index.php\/2024\/05\/26\/mexico-presente-en-la-programacion-del-mare-nostrum-en-europa\/","title":{"rendered":"M\u00e9xico presente en la programaci\u00f3n del Mare Nostrum en Europa"},"content":{"rendered":"<style>\/*! elementor - v3.21.0 - 22-05-2024 *\/\n.elementor-widget-image{text-align:center}.elementor-widget-image a{display:inline-block}.elementor-widget-image a img[src$=\".svg\"]{width:48px}.elementor-widget-image img{vertical-align:middle;display:inline-block}<\/style>\n<p>\t\t\t\t\t\t\t\t\t\t<img loading=\"lazy\" decoding=\"async\" width=\"640\" height=\"1008\" src=\"https:\/\/esbozodeportivo.com\/wp-content\/uploads\/2024\/05\/Atleta-650x1024.jpg\" alt=\"\" srcset=\"https:\/\/esbozodeportivo.com\/wp-content\/uploads\/2024\/05\/Atleta-650x1024.jpg 650w, https:\/\/esbozodeportivo.com\/wp-content\/uploads\/2024\/05\/Atleta-191x300.jpg 191w, https:\/\/esbozodeportivo.com\/wp-content\/uploads\/2024\/05\/Atleta-768x1209.jpg 768w, https:\/\/esbozodeportivo.com\/wp-content\/uploads\/2024\/05\/Atleta.jpg 813w\" sizes=\"auto, (max-width: 640px) 100vw, 640px\" \/>\t\t\t\t\t\t\t\t\t\t\t\t\t<\/p>\n<p><strong>(Foto: acu\u00e1ticanelsonvargas)<\/p>\n<p><\/strong><\/p>\n<ul>\n<li><em>En Europa se inicio la programaci\u00f3n del Mare Nostrum, M\u00e9xico hace presencia<\/em><\/li>\n<li><em>Taekwondo vive su primera cita competitiva de 2024<\/em><\/li>\n<li><em>Los masters siguen en la primera posici\u00f3n<\/em><\/li>\n<li><em>Nuestras categor\u00edas infantiles siguen en su preparaci\u00f3n competitiva en la CDMX<\/em><\/li>\n<\/ul>\n<p><strong>\u00a0<\/strong><u>En Europa se inici\u00f3 la programaci\u00f3n del Mare Nostrum, M\u00e9xico hace presencia<\/u><\/p>\n<p>En estos momentos se realiza la primera parada del Mare Nostrum, suceso deportivo que inici\u00f3 hoy 25 de mayo de 2024 y se extender\u00e1 hasta el pr\u00f3ximo 2 de junio. Sobre esta cita deportiva en particular, es significativo tener en cuenta que son tres competencias programadas, as\u00ed: Canet-En-Rosell\u00f3n 25 y 26 de mayo; Barcelona 29 \u2013 30 de mayor y M\u00f3naco 1 y 2 de junio.<\/p>\n<p>Sobre este suceso, es de agregarse que los atletas que hoy est\u00e1n all\u00ed, logran participar representando nuestro pa\u00eds a partir de tres tipos de financiaci\u00f3n, el primero de ellos, se refiere a los nadadores que lograron ingresar al \u201c<strong><em>Fideicomiso Top 16\u201d,<\/em><\/strong> el segundo es a partir de la iniciativa privada que en su gran mayor\u00eda son los padres de familia quienes patrocinan este tipo de competencias y en algunos casos en particular son los Institutos de Deporte Estatales, quienes creen en sus representantes y se vinculan de forma activa, buscando apoyar la consolidaci\u00f3n de esa marca rumbo a Paris 2024.<\/p>\n<p>\t\t\t\t\t\t\t\t\t\t\t\t\t<img loading=\"lazy\" decoding=\"async\" width=\"640\" height=\"480\" src=\"https:\/\/esbozodeportivo.com\/wp-content\/uploads\/2024\/05\/Atleta3-1024x768.jpg\" alt=\"\" srcset=\"https:\/\/esbozodeportivo.com\/wp-content\/uploads\/2024\/05\/Atleta3-1024x768.jpg 1024w, https:\/\/esbozodeportivo.com\/wp-content\/uploads\/2024\/05\/Atleta3-300x225.jpg 300w, https:\/\/esbozodeportivo.com\/wp-content\/uploads\/2024\/05\/Atleta3-768x576.jpg 768w, https:\/\/esbozodeportivo.com\/wp-content\/uploads\/2024\/05\/Atleta3-1536x1152.jpg 1536w, https:\/\/esbozodeportivo.com\/wp-content\/uploads\/2024\/05\/Atleta3.jpg 1600w\" sizes=\"auto, (max-width: 640px) 100vw, 640px\" \/>\t\t\t\t\t\t\t\t\t\t\t\t\t<\/p>\n<p><strong>(Foto: acu\u00e1ticanelsonvargas)<\/p>\n<p><\/strong><\/p>\n<p>El tricolor nacional estar\u00e1 presente all\u00ed, gracias a lo siguientes deportistas:<\/p>\n<table style=\"height: 1082px;\" width=\"224\">\n<tbody>\n<tr>\n<td width=\"42\">\n<h5><strong>No.<\/strong><\/h5>\n<\/td>\n<td width=\"153\">\n<h5><strong>NOMBRE<\/strong><\/h5>\n<\/td>\n<td width=\"148\">\n<h5><strong>PRUEBAS<\/strong><\/h5>\n<\/td>\n<\/tr>\n<tr>\n<td width=\"42\">\n<h5>1<\/h5>\n<\/td>\n<td width=\"153\">\n<h5>Mar\u00eda Mata Cocco <strong><em>ANV<\/em><\/strong><\/h5>\n<\/td>\n<td width=\"148\">\n<h5>200 libre<\/h5>\n<h5>100 y 200 mariposa<\/h5>\n<\/td>\n<\/tr>\n<tr>\n<td width=\"42\">\n<h5>2<\/h5>\n<\/td>\n<td width=\"153\">\n<h5>Andr\u00e9s Puente<strong><em> ANV<\/em><\/strong><\/h5>\n<\/td>\n<td width=\"148\">\n<h5>100 y 200 pecho<\/h5>\n<\/td>\n<\/tr>\n<tr>\n<td width=\"42\">\n<h5>3<\/h5>\n<\/td>\n<td width=\"153\">\n<h5>\u00c1ngel Mart\u00ednez<strong><em> ANV<\/em><\/strong><\/h5>\n<\/td>\n<td width=\"148\">\n<h5>100 mariposa<\/h5>\n<\/td>\n<\/tr>\n<tr>\n<td width=\"42\">\n<h5>4<\/h5>\n<\/td>\n<td width=\"153\">\n<h5>H\u00e9ctor Ruvalcaba<strong><em> ANV<\/em><\/strong><\/h5>\n<\/td>\n<td width=\"148\">\n<h5>100 y 200 Mariposa<\/h5>\n<\/td>\n<\/tr>\n<tr>\n<td width=\"42\">\n<h5>5<\/h5>\n<\/td>\n<td width=\"153\">\n<h5>Tar\u00edn Valeria<\/h5>\n<\/td>\n<td width=\"148\">\n<h5>50 y 100 Libre<\/h5>\n<h5>50 y 100 Dorso<\/h5>\n<h5>50 mariposa<\/h5>\n<\/td>\n<\/tr>\n<tr>\n<td width=\"42\">\n<h5>6<\/h5>\n<\/td>\n<td width=\"153\">\n<h5>Ascanio Pinto<\/h5>\n<\/td>\n<td width=\"148\">\n<h5>50, 100 y 200 Mariposa<\/h5>\n<\/td>\n<\/tr>\n<tr>\n<td width=\"42\">\n<h5>7<\/h5>\n<\/td>\n<td width=\"153\">\n<h5>M\u00e9ndez Emilio<\/h5>\n<\/td>\n<td width=\"148\">\n<h5>50 y 100 Libre<\/h5>\n<h5>50 mariposa<\/h5>\n<\/td>\n<\/tr>\n<tr>\n<td width=\"42\">\n<h5>8<\/h5>\n<\/td>\n<td width=\"153\">\n<h5>Ur\u00edas Luis<\/h5>\n<\/td>\n<td width=\"148\">\n<h5>100 y 200 Mariposa<\/h5>\n<\/td>\n<\/tr>\n<\/tbody>\n<\/table>\n<p>\t\t\t\t\t\t\t\t\t\t\t\t\t<img loading=\"lazy\" decoding=\"async\" width=\"640\" height=\"480\" src=\"https:\/\/esbozodeportivo.com\/wp-content\/uploads\/2024\/05\/Atleta1-1024x768.jpg\" alt=\"\" srcset=\"https:\/\/esbozodeportivo.com\/wp-content\/uploads\/2024\/05\/Atleta1-1024x768.jpg 1024w, https:\/\/esbozodeportivo.com\/wp-content\/uploads\/2024\/05\/Atleta1-300x225.jpg 300w, https:\/\/esbozodeportivo.com\/wp-content\/uploads\/2024\/05\/Atleta1-768x576.jpg 768w, https:\/\/esbozodeportivo.com\/wp-content\/uploads\/2024\/05\/Atleta1-1536x1152.jpg 1536w, https:\/\/esbozodeportivo.com\/wp-content\/uploads\/2024\/05\/Atleta1.jpg 1600w\" sizes=\"auto, (max-width: 640px) 100vw, 640px\" \/>\t\t\t\t\t\t\t\t\t\t\t\t\t<\/p>\n<p><strong>(Foto: acu\u00e1ticanelsonvargas)<\/p>\n<p><\/strong><\/p>\n<p>Durante esta jornada el m\u00e1s extraordinario resultado lo consolid\u00f3, la representante de nuestro pa\u00eds y de <strong><em>acu\u00e1tica nelsonvargas,<\/em><\/strong> Mar\u00eda Jos\u00e9 Mata Cocco, quien en la prueba de 100 m mariposa detuvo el cronometro, en: 59.46, tiempo que le permiti\u00f3 ubicarse en la sexta plaza de la final A. La l\u00edder de esta prueba fue la sueca, Louise Hansson, con: 57.91<\/p>\n<p>Por otra parte, el nadador Andr\u00e9s Puente, el integrante de <strong><em>acu\u00e1tica nelsonvargas<\/em><\/strong> logr\u00f3 clasificarse a la final A en los 100 m pecho, donde ocup\u00f3 la s\u00e9ptima posici\u00f3n, con: 1.01.54. La primera plaza de esta prueba la consolid\u00f3 el nadador de Jap\u00f3n, Yu Hanaguruma, con: 59.76<\/p>\n<p>\t\t\t\t\t\t\t\t\t\t\t\t\t<img loading=\"lazy\" decoding=\"async\" width=\"640\" height=\"853\" src=\"https:\/\/esbozodeportivo.com\/wp-content\/uploads\/2024\/05\/Atleta2-768x1024.jpg\" alt=\"\" srcset=\"https:\/\/esbozodeportivo.com\/wp-content\/uploads\/2024\/05\/Atleta2-768x1024.jpg 768w, https:\/\/esbozodeportivo.com\/wp-content\/uploads\/2024\/05\/Atleta2-225x300.jpg 225w, https:\/\/esbozodeportivo.com\/wp-content\/uploads\/2024\/05\/Atleta2-1152x1536.jpg 1152w, https:\/\/esbozodeportivo.com\/wp-content\/uploads\/2024\/05\/Atleta2-1024x1365.jpg 1024w, https:\/\/esbozodeportivo.com\/wp-content\/uploads\/2024\/05\/Atleta2.jpg 1200w\" sizes=\"auto, (max-width: 640px) 100vw, 640px\" \/>\t\t\t\t\t\t\t\t\t\t\t\t\t<\/p>\n<p><strong>(Foto: acu\u00e1ticanelsonvargas)<\/p>\n<p><\/strong><\/p>\n<p>Durante esta jornada el m\u00e1s extraordinario resultado lo consolid\u00f3, la representante de nuestro pa\u00eds y de <strong><em>acu\u00e1tica nelsonvargas,<\/em><\/strong> Mar\u00eda Jos\u00e9 Mata Cocco, quien en la prueba de 100 m mariposa detuvo el cronometro, en: 59.46, tiempo que le permiti\u00f3 ubicarse en la sexta plaza de la final A. La l\u00edder de esta prueba fue la sueca, Louise Hansson, con: 57.91<\/p>\n<p>Por otra parte, el nadador Andr\u00e9s Puente, el integrante de <strong><em>acu\u00e1tica nelsonvargas<\/em><\/strong> logr\u00f3 clasificarse a la final A en los 100 m pecho, donde ocup\u00f3 la s\u00e9ptima posici\u00f3n, con: 1.01.54. La primera plaza de esta prueba la consolid\u00f3 el nadador de Jap\u00f3n, Yu Hanaguruma, con: 59.76<\/p>\n<table>\n<tbody>\n<tr>\n<td width=\"166\">\n<h5><strong>POSICI\u00d3N<\/strong><\/h5>\n<\/td>\n<td width=\"166\">\n<h5><strong>NOMBRE<\/strong><\/h5>\n<\/td>\n<td width=\"166\">\n<h5><strong>PRUEBA<\/strong><\/h5>\n<\/td>\n<td width=\"166\">\n<h5><strong>TIEMPO<\/strong><\/h5>\n<\/td>\n<\/tr>\n<tr>\n<td colspan=\"4\" width=\"663\">\n<h5>FINAL A<\/h5>\n<\/td>\n<\/tr>\n<tr>\n<td width=\"166\">\n<h5>6<\/h5>\n<\/td>\n<td width=\"166\">\n<h5>Mar\u00eda Jos\u00e9 Mata Cocco<\/h5>\n<\/td>\n<td width=\"166\">\n<h5>100 m mariposa<\/h5>\n<\/td>\n<td width=\"166\">\n<h5>59.46<\/h5>\n<\/td>\n<\/tr>\n<tr>\n<td width=\"166\">\n<h5>8<\/h5>\n<\/td>\n<td width=\"166\">\n<h5>Andr\u00e9s Puente<strong><em> ANV<\/em><\/strong><\/h5>\n<\/td>\n<td width=\"166\">\n<h5>100 m pecho<\/h5>\n<\/td>\n<td width=\"166\">\n<h5>1.01.54<\/h5>\n<\/td>\n<\/tr>\n<\/tbody>\n<\/table>\n<h5>\u00a0<\/h5>\n<h5>\u00a0<\/h5>\n<p>\t\t\t\t\t\t\t\t\t\t\t\t\t<img loading=\"lazy\" decoding=\"async\" width=\"640\" height=\"853\" src=\"https:\/\/esbozodeportivo.com\/wp-content\/uploads\/2024\/05\/Atleta2-768x1024.jpg\" alt=\"\" srcset=\"https:\/\/esbozodeportivo.com\/wp-content\/uploads\/2024\/05\/Atleta2-768x1024.jpg 768w, https:\/\/esbozodeportivo.com\/wp-content\/uploads\/2024\/05\/Atleta2-225x300.jpg 225w, https:\/\/esbozodeportivo.com\/wp-content\/uploads\/2024\/05\/Atleta2-1152x1536.jpg 1152w, https:\/\/esbozodeportivo.com\/wp-content\/uploads\/2024\/05\/Atleta2-1024x1365.jpg 1024w, https:\/\/esbozodeportivo.com\/wp-content\/uploads\/2024\/05\/Atleta2.jpg 1200w\" sizes=\"auto, (max-width: 640px) 100vw, 640px\" \/>\t\t\t\t\t\t\t\t\t\t\t\t\t<\/p>\n<p><strong>(Foto: acu\u00e1ticanelsonvargas)<\/p>\n<p><\/strong><\/p>\n<p><u>Taekwondo vive su primera cita competitiva de 2024:<\/u><\/p>\n<p>Mientras esto ocurr\u00eda, en la Ciudad de M\u00e9xico, se realizaba el Torneo Nuevos Valores de Taekwondo, suceso deportivo que se realiz\u00f3 en la Casa Popular de Luis Cabrera, espacio que alberg\u00f3 a 40 deportistas invitados, quienes aceptaron participar, representando as\u00ed a tres escuelas de esta capital; instituciones deportivas que con su intervenci\u00f3n demostraron la confianza y credibilidad que tienen en los eventos que organiza <strong><em>nelsonvargas familyfitness<\/em><\/strong> a trav\u00e9s de sus escuelas deportivas.<\/p>\n<p>De agregarse que, en esta cita tambi\u00e9n compitieron 200 de los atletas que integran esta organizaci\u00f3n, por lo que se puede ver que poco a poco y d\u00eda a d\u00eda se incrementa el nivel de deportistas en nuestras escuelas formativas, lo que lleva a tener un mayor impacto en la pr\u00e1ctica de un deporte en el seno de las familias. En esta ocasi\u00f3n compitieron atletas desde los cinco hasta los 15 a\u00f1os, quienes se enfrentaron entre ellos por el color de la cinta y edad.<\/p>\n<p>All\u00ed se premiaron a los tres primeros lugares con su respectiva medalla, reconociendo el desarrollo de capacidades y aprendizaje de acuerdo al color de la cita y la edad, por lo que, esta forma de premiaci\u00f3n y reconocimiento le permite a <strong><em>nelsonvargas familyfitness<\/em><\/strong> posicionarse, una vez m\u00e1s, con eventos cargados de innovaci\u00f3n, excelencia y grandes resultados.<\/p>\n<p>\u00a0<\/p>\n<p>\t\t\t\t\t\t\t\t\t\t\t\t\t<img loading=\"lazy\" decoding=\"async\" width=\"640\" height=\"394\" src=\"https:\/\/esbozodeportivo.com\/wp-content\/uploads\/2024\/05\/Atleta5-1024x631.jpg\" alt=\"\" srcset=\"https:\/\/esbozodeportivo.com\/wp-content\/uploads\/2024\/05\/Atleta5-1024x631.jpg 1024w, https:\/\/esbozodeportivo.com\/wp-content\/uploads\/2024\/05\/Atleta5-300x185.jpg 300w, https:\/\/esbozodeportivo.com\/wp-content\/uploads\/2024\/05\/Atleta5-768x473.jpg 768w, https:\/\/esbozodeportivo.com\/wp-content\/uploads\/2024\/05\/Atleta5.jpg 1170w\" sizes=\"auto, (max-width: 640px) 100vw, 640px\" \/>\t\t\t\t\t\t\t\t\t\t\t\t\t<\/p>\n<p><strong>(Foto: acu\u00e1ticanelsonvargas)<\/p>\n<p><\/strong><\/p>\n<p><u>Los masters siguen en la primera posici\u00f3n:<\/u><\/p>\n<p>Tercera jornada del Campeonato Nacional Master Curso Largo, suceso deportivo que se desarrolla en Boca del R\u00edo \u2013 Veracruz y donde esta instituci\u00f3n, cuenta con la participaci\u00f3n de 122 nadadores de la m\u00e1s alta calidad y quienes cuentan con la m\u00e1s extraordinaria preparaci\u00f3n, esto gracias al trabajo coordinado de todos sus entrenadores a cargo de su directora t\u00e9cnica de la categor\u00eda, la nadadora panamericana, Patricia Casta\u00f1eda.<\/p>\n<p><strong><em>Acu\u00e1tica nelsonvargas<\/em><\/strong> sigue posicion\u00e1ndose en la primera plaza de la general por puntos, esto al sumar un total, de: 2043 puntos, seguidos de Iswan Aquatics, con: 999 y en la tercera plaza se ubica el Club Master Veracruz, con: 487.<\/p>\n<p>\u00a0<\/p>\n<p>\t\t\t\t\t\t\t\t\t\t\t\t\t<img loading=\"lazy\" decoding=\"async\" width=\"640\" height=\"518\" src=\"https:\/\/esbozodeportivo.com\/wp-content\/uploads\/2024\/05\/Atleta6.jpg\" alt=\"\" srcset=\"https:\/\/esbozodeportivo.com\/wp-content\/uploads\/2024\/05\/Atleta6.jpg 927w, https:\/\/esbozodeportivo.com\/wp-content\/uploads\/2024\/05\/Atleta6-300x243.jpg 300w, https:\/\/esbozodeportivo.com\/wp-content\/uploads\/2024\/05\/Atleta6-768x621.jpg 768w\" sizes=\"auto, (max-width: 640px) 100vw, 640px\" \/>\t\t\t\t\t\t\t\t\t\t\t\t\t<\/p>\n<p><strong>(Foto: acu\u00e1ticanelsonvargas)<\/p>\n<p><\/strong><\/p>\n<p>Los resultados hasta este momento, son:<\/p>\n<p><u>Combinado por puntos: <\/u><\/p>\n<table>\n<tbody>\n<tr>\n<td width=\"81\">\n<h5><strong>POSICI\u00d3N<\/strong><\/h5>\n<\/td>\n<td width=\"174\">\n<h5><strong>CLUB<\/strong><\/h5>\n<\/td>\n<td width=\"76\">\n<h5><strong>PUNTOS<\/strong><\/h5>\n<\/td>\n<\/tr>\n<tr>\n<td width=\"81\">\n<h5>1<\/h5>\n<\/td>\n<td width=\"174\">\n<h5><strong><em>Acu\u00e1tica nelsonvargas <\/em><\/strong><\/h5>\n<\/td>\n<td width=\"76\">\n<h5>2043<\/h5>\n<\/td>\n<\/tr>\n<tr>\n<td width=\"81\">\n<h5>2<\/h5>\n<\/td>\n<td width=\"174\">\n<h5>Iswam Aquatics<\/h5>\n<\/td>\n<td width=\"76\">\n<h5>999<\/h5>\n<\/td>\n<\/tr>\n<tr>\n<td width=\"81\">\n<h5>3<\/h5>\n<\/td>\n<td width=\"174\">\n<h5>Club Master Veracruz<\/h5>\n<\/td>\n<td width=\"76\">\n<h5>487<\/h5>\n<\/td>\n<\/tr>\n<\/tbody>\n<\/table>\n<p><u>Masculino por puntos: <\/u><\/p>\n<table>\n<tbody>\n<tr>\n<td width=\"81\">\n<h5><strong>POSICI\u00d3N<\/strong><\/h5>\n<\/td>\n<td width=\"174\">\n<h5><strong>CLUB<\/strong><\/h5>\n<\/td>\n<td width=\"76\">\n<h5><strong>PUNTOS<\/strong><\/h5>\n<\/td>\n<\/tr>\n<tr>\n<td width=\"81\">\n<h5>1<\/h5>\n<\/td>\n<td width=\"174\">\n<h5><strong><em>Acu\u00e1tica nelsonvargas <\/em><\/strong><\/h5>\n<\/td>\n<td width=\"76\">\n<h5>817<\/h5>\n<\/td>\n<\/tr>\n<tr>\n<td width=\"81\">\n<h5>2<\/h5>\n<\/td>\n<td width=\"174\">\n<h5>Iswam Aquatics<\/h5>\n<\/td>\n<td width=\"76\">\n<h5>472<\/h5>\n<\/td>\n<\/tr>\n<tr>\n<td width=\"81\">\n<h5>3<\/h5>\n<\/td>\n<td width=\"174\">\n<h5>Club Master Veracruz<\/h5>\n<\/td>\n<td width=\"76\">\n<h5>307<\/h5>\n<\/td>\n<\/tr>\n<\/tbody>\n<\/table>\n<p><u>Femenino por puntos: <\/u><\/p>\n<table>\n<tbody>\n<tr>\n<td width=\"81\">\n<h5><strong>POSICI\u00d3N<\/strong><\/h5>\n<\/td>\n<td width=\"174\">\n<h5><strong>CLUB<\/strong><\/h5>\n<\/td>\n<td width=\"76\">\n<h5><strong>PUNTOS<\/strong><\/h5>\n<\/td>\n<\/tr>\n<tr>\n<td width=\"81\">\n<h5>1<\/h5>\n<\/td>\n<td width=\"174\">\n<h5><strong><em>Acu\u00e1tica nelsonvargas <\/em><\/strong><\/h5>\n<\/td>\n<td width=\"76\">\n<h5>1148<\/h5>\n<\/td>\n<\/tr>\n<tr>\n<td width=\"81\">\n<h5>2<\/h5>\n<\/td>\n<td width=\"174\">\n<h5>Iswam Aquatics<\/h5>\n<\/td>\n<td width=\"76\">\n<h5>445<\/h5>\n<\/td>\n<\/tr>\n<tr>\n<td width=\"81\">\n<h5>3<\/h5>\n<\/td>\n<td width=\"174\">\n<h5>Berimbau<\/h5>\n<\/td>\n<td width=\"76\">\n<h5>304<\/h5>\n<\/td>\n<\/tr>\n<\/tbody>\n<\/table>\n<p>\u00a0<\/p>\n<p>\u00a0<\/p>\n<p>\u00a0<\/p>\n<p>\u00a0<\/p>\n<p>DE AQU\u00cd PARA ABAJO A\u00daN NO LEER, EL EVENTO ACABA 9.40 PM<\/p>\n<p>Por otra parte, se lleva a cabo en estos momentos y hasta el pr\u00f3ximo 26 de mayo la 1\u00b0 Copa Nacional Infantil AMDETNA 2024, cita competitiva que se lleva a cabo en la Alberca del Comit\u00e9 Ol\u00edmpico Mexicano y donde hacen presencia 742 atletas, quienes se encuentran en representaci\u00f3n de 63 clubes que han confiado en esta opci\u00f3n para preparar a sus deportistas.<\/p>\n<p>Este evento deportivo fue dise\u00f1ado para los competidores de las categor\u00edas: divididas, as\u00ed: 7 a\u00f1os, 8 a\u00f1os, 9 a\u00f1os, 10 a\u00f1os y 11 y 12 a\u00f1os y en los relevos se competir\u00e1 de la siguiente forma: 7 a 9 a\u00f1os y 10 a 12 a\u00f1os, delimitados por ramas.<\/p>\n<p>Hasta este momento se han obtenido importantes medallas, un total de 20, logradas as\u00ed por color: dos de oro, nueve de plata y nueve de bronce, los medallistas de la jornada fueron:<\/p>\n<table>\n<tbody>\n<tr>\n<td width=\"56\">\n<p><strong>No. M<\/strong><\/p>\n<\/td>\n<td width=\"54\">\n<p><strong>No. C<\/strong><\/p>\n<\/td>\n<td width=\"82\">\n<p><strong>POSICI\u00d3N<\/strong><\/p>\n<\/td>\n<td width=\"190\">\n<p><strong>NOMBRE<\/strong><\/p>\n<\/td>\n<td width=\"89\">\n<p><strong>PRUEBA<\/strong><\/p>\n<\/td>\n<td width=\"95\">\n<p><strong>CATEGOR\u00cdA<\/strong><\/p>\n<\/td>\n<\/tr>\n<tr>\n<td width=\"56\">\n<p>1<\/p>\n<\/td>\n<td width=\"54\">\n<p>1<\/p>\n<\/td>\n<td width=\"82\">\n<p>Oro<\/p>\n<\/td>\n<td width=\"190\">\n<p>Carlos Hidalgo Patricio<\/p>\n<\/td>\n<td width=\"89\">\n<p>100 pecho<\/p>\n<\/td>\n<td width=\"95\">\n<p>11- 12 a\u00f1os<\/p>\n<\/td>\n<\/tr>\n<tr>\n<td width=\"56\">\n<p>2<\/p>\n<\/td>\n<td width=\"54\">\n<p>2<\/p>\n<\/td>\n<td width=\"82\">\n<p>Oro<\/p>\n<\/td>\n<td width=\"190\">\n<p>Amaia Cruz Guzm\u00e1n<\/p>\n<\/td>\n<td width=\"89\">\n<p>100 dorso<\/p>\n<\/td>\n<td width=\"95\">\n<p>11 &#8211; 12 a\u00f1os<\/p>\n<\/td>\n<\/tr>\n<tr>\n<td width=\"56\">\n<p>3<\/p>\n<\/td>\n<td width=\"54\">\n<p>1<\/p>\n<\/td>\n<td width=\"82\">\n<p>Plata<\/p>\n<\/td>\n<td width=\"190\">\n<p>Francisco Alvarado Dom\u00ednguez<\/p>\n<\/td>\n<td width=\"89\">\n<p>200 libre<\/p>\n<\/td>\n<td width=\"95\">\n<p>10 a\u00f1os<\/p>\n<\/td>\n<\/tr>\n<tr>\n<td width=\"56\">\n<p>4<\/p>\n<\/td>\n<td width=\"54\">\n<p>2<\/p>\n<\/td>\n<td width=\"82\">\n<p>Plata<\/p>\n<\/td>\n<td width=\"190\">\n<p>Alejandro De La Torre Pineda<\/p>\n<\/td>\n<td width=\"89\">\n<p>200 libre<\/p>\n<\/td>\n<td width=\"95\">\n<p>9 a\u00f1os<\/p>\n<\/td>\n<\/tr>\n<tr>\n<td width=\"56\">\n<p>5<\/p>\n<\/td>\n<td width=\"54\">\n<p>3<\/p>\n<\/td>\n<td width=\"82\">\n<p>Plata<\/p>\n<\/td>\n<td width=\"190\">\n<p>Amaia Cruz Guzm\u00e1n<\/p>\n<\/td>\n<td width=\"89\">\n<p>200 libre<\/p>\n<\/td>\n<td width=\"95\">\n<p>11 &#8211; 12 a\u00f1os<\/p>\n<\/td>\n<\/tr>\n<tr>\n<td width=\"56\">\n<p>6<\/p>\n<\/td>\n<td width=\"54\">\n<p>4<\/p>\n<\/td>\n<td width=\"82\">\n<p>Plata<\/p>\n<\/td>\n<td width=\"190\">\n<p>Carlos Emiliano Hidalgo<\/p>\n<\/td>\n<td width=\"89\">\n<p>200 libre<\/p>\n<\/td>\n<td width=\"95\">\n<p>11 &#8211; 12 a\u00f1os<\/p>\n<\/td>\n<\/tr>\n<tr>\n<td width=\"56\">\n<p>7<\/p>\n<\/td>\n<td width=\"54\">\n<p>5<\/p>\n<\/td>\n<td width=\"82\">\n<p>Plata<\/p>\n<\/td>\n<td width=\"190\">\n<p>Melissa Trujano Razo<\/p>\n<\/td>\n<td width=\"89\">\n<p>100 dorso<\/p>\n<\/td>\n<td width=\"95\">\n<p>9 a\u00f1os<\/p>\n<\/td>\n<\/tr>\n<tr>\n<td width=\"56\">\n<p>8<\/p>\n<\/td>\n<td width=\"54\">\n<p>6<\/p>\n<\/td>\n<td width=\"82\">\n<p>Plata<\/p>\n<\/td>\n<td width=\"190\">\n<p>Patricio Fern\u00e1ndez Lechuga<\/p>\n<\/td>\n<td width=\"89\">\n<p>100 dorso\u00a0<\/p>\n<\/td>\n<td width=\"95\">\n<p>9 a\u00f1os<\/p>\n<\/td>\n<\/tr>\n<tr>\n<td width=\"56\">\n<p>9<\/p>\n<\/td>\n<td width=\"54\">\n<p>7<\/p>\n<\/td>\n<td width=\"82\">\n<p>Plata<\/p>\n<\/td>\n<td width=\"190\">\n<p>Dami\u00e1n Garc\u00eda Ure\u00f1a<\/p>\n<\/td>\n<td width=\"89\">\n<p>100 dorso<\/p>\n<\/td>\n<td width=\"95\">\n<p>10 a\u00f1os<\/p>\n<\/td>\n<\/tr>\n<tr>\n<td width=\"56\">\n<p>10<\/p>\n<\/td>\n<td width=\"54\">\n<p>8<\/p>\n<\/td>\n<td width=\"82\">\n<p>Plata<\/p>\n<\/td>\n<td width=\"190\">\n<p>Eleonor Lozano Olivera<\/p>\n<\/td>\n<td width=\"89\">\n<p>50 mariposa<\/p>\n<\/td>\n<td width=\"95\">\n<p>10 a\u00f1os<\/p>\n<\/td>\n<\/tr>\n<tr>\n<td width=\"56\">\n<p>11<\/p>\n<\/td>\n<td width=\"54\">\n<p>9<\/p>\n<\/td>\n<td width=\"82\">\n<p>Plata<\/p>\n<\/td>\n<td width=\"190\">\n<p>Alejandro De La Torre Pineda<\/p>\n<\/td>\n<td width=\"89\">\n<p>50 mariposa<\/p>\n<\/td>\n<td width=\"95\">\n<p>9 a\u00f1os<\/p>\n<\/td>\n<\/tr>\n<tr>\n<td width=\"56\">\n<p>12<\/p>\n<\/td>\n<td width=\"54\">\n<p>1<\/p>\n<\/td>\n<td width=\"82\">\n<p>Bronce<\/p>\n<\/td>\n<td width=\"190\">\n<p>Jorge Arturo Trejo Hern\u00e1ndez<\/p>\n<\/td>\n<td width=\"89\">\n<p>100 pecho<\/p>\n<\/td>\n<td width=\"95\">\n<p>11 &#8211; 12 a\u00f1os<\/p>\n<\/td>\n<\/tr>\n<tr>\n<td width=\"56\">\n<p>13<\/p>\n<\/td>\n<td width=\"54\">\n<p>2<\/p>\n<\/td>\n<td width=\"82\">\n<p>Bronce<\/p>\n<\/td>\n<td width=\"190\">\n<p>Valentina Gonz\u00e1lez Pe\u00f1aflor<\/p>\n<\/td>\n<td width=\"89\">\n<p>100 pecho<\/p>\n<\/td>\n<td width=\"95\">\n<p>11 \u2013 12 a\u00f1os<\/p>\n<\/td>\n<\/tr>\n<tr>\n<td width=\"56\">\n<p>14<\/p>\n<\/td>\n<td width=\"54\">\n<p>3<\/p>\n<\/td>\n<td width=\"82\">\n<p>Bronce<\/p>\n<\/td>\n<td width=\"190\">\n<p>Mateo Cruz Moro<\/p>\n<\/td>\n<td width=\"89\">\n<p>100 pecho<\/p>\n<\/td>\n<td width=\"95\">\n<p>10 a\u00f1os<\/p>\n<\/td>\n<\/tr>\n<tr>\n<td width=\"56\">\n<p>15<\/p>\n<\/td>\n<td width=\"54\">\n<p>4<\/p>\n<\/td>\n<td width=\"82\">\n<p>Bronce<\/p>\n<\/td>\n<td width=\"190\">\n<p>Juan Matthias Lora Santana<\/p>\n<\/td>\n<td width=\"89\">\n<p>200 libre<\/p>\n<\/td>\n<td width=\"95\">\n<p>9 a\u00f1os<\/p>\n<\/td>\n<\/tr>\n<tr>\n<td width=\"56\">\n<p>16<\/p>\n<\/td>\n<td width=\"54\">\n<p>5<\/p>\n<\/td>\n<td width=\"82\">\n<p>Bronce<\/p>\n<\/td>\n<td width=\"190\">\n<p>Nicol\u00e1s Aranda Johnson<\/p>\n<\/td>\n<td width=\"89\">\n<p>200 libre<\/p>\n<\/td>\n<td width=\"95\">\n<p>10 a\u00f1os<\/p>\n<\/td>\n<\/tr>\n<tr>\n<td width=\"56\">\n<p>17<\/p>\n<\/td>\n<td width=\"54\">\n<p>6<\/p>\n<\/td>\n<td width=\"82\">\n<p>Bronce<\/p>\n<\/td>\n<td width=\"190\">\n<p>Gabriel Medina Freyre<\/p>\n<\/td>\n<td width=\"89\">\n<p>200 libre<\/p>\n<\/td>\n<td width=\"95\">\n<p>11 &#8211; 12 a\u00f1os<\/p>\n<\/td>\n<\/tr>\n<tr>\n<td width=\"56\">\n<p>18<\/p>\n<\/td>\n<td width=\"54\">\n<p>7<\/p>\n<\/td>\n<td width=\"82\">\n<p>Bronce<\/p>\n<\/td>\n<td width=\"190\">\n<p>Valentina Gonz\u00e1lez Pe\u00f1aflor<\/p>\n<\/td>\n<td width=\"89\">\n<p>100 dorso<\/p>\n<\/td>\n<td width=\"95\">\n<p>11 &#8211; 12 a\u00f1os<\/p>\n<\/td>\n<\/tr>\n<tr>\n<td width=\"56\">\n<p>19<\/p>\n<\/td>\n<td width=\"54\">\n<p>8<\/p>\n<\/td>\n<td width=\"82\">\n<p>Bronce<\/p>\n<\/td>\n<td width=\"190\">\n<p>Alejandro De La Torre Pineda<\/p>\n<\/td>\n<td width=\"89\">\n<p>100 dorso<\/p>\n<\/td>\n<td width=\"95\">\n<p>9 a\u00f1os<\/p>\n<\/td>\n<\/tr>\n<tr>\n<td width=\"56\">\n<p>20<\/p>\n<\/td>\n<td width=\"54\">\n<p>9<\/p>\n<\/td>\n<td width=\"82\">\n<p>Bronce<\/p>\n<\/td>\n<td width=\"190\">\n<p>Federico Mart\u00ednez Saucedo<\/p>\n<\/td>\n<td width=\"89\">\n<p>100 dorso<\/p>\n<\/td>\n<td width=\"95\">\n<p>10 a\u00f1os<\/p>\n<\/td>\n<\/tr>\n<\/tbody>\n<\/table>\n<p><u>Puntuaci\u00f3n por equipos<\/u>:<\/p>\n<table>\n<tbody>\n<tr>\n<td width=\"81\">\n<p><strong>POSICI\u00d3N<\/strong><\/p>\n<\/td>\n<td width=\"174\">\n<p><strong>CLUB<\/strong><\/p>\n<\/td>\n<td width=\"76\">\n<p><strong>PUNTOS<\/strong><\/p>\n<\/td>\n<\/tr>\n<tr>\n<td width=\"81\">\n<p>1<\/p>\n<\/td>\n<td width=\"174\">\n<p><strong><em>Acu\u00e1tica nelsonvargas <\/em><\/strong><\/p>\n<\/td>\n<td width=\"76\">\n<p>\u00a0<\/p>\n<\/td>\n<\/tr>\n<tr>\n<td width=\"81\">\n<p>2<\/p>\n<\/td>\n<td width=\"174\">\n<p>La Loma Quer\u00e9taro<\/p>\n<\/td>\n<td width=\"76\">\n<p>\u00a0<\/p>\n<\/td>\n<\/tr>\n<tr>\n<td width=\"81\">\n<p>3<\/p>\n<\/td>\n<td width=\"174\">\n<p>Swim Team Le\u00f3n<\/p>\n<\/td>\n<td width=\"76\">\n<p>\u00a0<\/p>\n<\/td>\n<\/tr>\n<\/tbody>\n<\/table>\n<p>\u00a0<\/p>\n<p>\u00a0<\/p>\n","protected":false},"excerpt":{"rendered":"<p>(Foto: acu\u00e1ticanelsonvargas) En Europa se inicio la programaci\u00f3n del Mare Nostrum, M\u00e9xico hace presencia Taekwondo<\/p>\n","protected":false},"author":2,"featured_media":0,"comment_status":"open","ping_status":"open","sticky":false,"template":"","format":"standard","meta":{"_jetpack_memberships_contains_paid_content":false,"footnotes":""},"categories":[5],"tags":[],"class_list":["post-3558","post","type-post","status-publish","format-standard","hentry","category-amateur"],"yoast_head":"<!-- This site is optimized with the Yoast SEO plugin v25.7 - https:\/\/yoast.com\/wordpress\/plugins\/seo\/ -->\n<title>M\u00e9xico presente en la programaci\u00f3n del Mare Nostrum en Europa - Esbozo Deportivo<\/title>\n<meta name=\"robots\" content=\"index, follow, max-snippet:-1, max-image-preview:large, max-video-preview:-1\" \/>\n<link rel=\"canonical\" href=\"https:\/\/esbozodeportivo.com\/index.php\/2024\/05\/26\/mexico-presente-en-la-programacion-del-mare-nostrum-en-europa\/\" \/>\n<meta property=\"og:locale\" content=\"es_MX\" \/>\n<meta property=\"og:type\" content=\"article\" \/>\n<meta property=\"og:title\" content=\"M\u00e9xico presente en la programaci\u00f3n del Mare Nostrum en Europa - Esbozo Deportivo\" \/>\n<meta property=\"og:description\" content=\"(Foto: acu\u00e1ticanelsonvargas) En Europa se inicio la programaci\u00f3n del Mare Nostrum, M\u00e9xico hace presencia Taekwondo\" \/>\n<meta property=\"og:url\" content=\"https:\/\/esbozodeportivo.com\/index.php\/2024\/05\/26\/mexico-presente-en-la-programacion-del-mare-nostrum-en-europa\/\" \/>\n<meta property=\"og:site_name\" content=\"Esbozo Deportivo\" \/>\n<meta property=\"article:published_time\" content=\"2024-05-26T04:48:32+00:00\" \/>\n<meta property=\"article:modified_time\" content=\"2024-05-26T05:00:27+00:00\" \/>\n<meta property=\"og:image\" content=\"https:\/\/esbozodeportivo.com\/wp-content\/uploads\/2024\/05\/Atleta-650x1024.jpg\" \/>\n<meta name=\"author\" content=\"Javier De La Cruz\" \/>\n<meta name=\"twitter:card\" content=\"summary_large_image\" \/>\n<meta name=\"twitter:label1\" content=\"Escrito por\" \/>\n\t<meta name=\"twitter:data1\" content=\"Javier De La Cruz\" \/>\n\t<meta name=\"twitter:label2\" content=\"Tiempo de lectura\" \/>\n\t<meta name=\"twitter:data2\" content=\"6 minutos\" \/>\n<script type=\"application\/ld+json\" class=\"yoast-schema-graph\">{\"@context\":\"https:\/\/schema.org\",\"@graph\":[{\"@type\":\"Article\",\"@id\":\"https:\/\/esbozodeportivo.com\/index.php\/2024\/05\/26\/mexico-presente-en-la-programacion-del-mare-nostrum-en-europa\/#article\",\"isPartOf\":{\"@id\":\"https:\/\/esbozodeportivo.com\/index.php\/2024\/05\/26\/mexico-presente-en-la-programacion-del-mare-nostrum-en-europa\/\"},\"author\":{\"name\":\"Javier De La Cruz\",\"@id\":\"https:\/\/esbozodeportivo.com\/#\/schema\/person\/7277119c98823aec37bbb84e125efd44\"},\"headline\":\"M\u00e9xico presente en la programaci\u00f3n del Mare Nostrum en Europa\",\"datePublished\":\"2024-05-26T04:48:32+00:00\",\"dateModified\":\"2024-05-26T05:00:27+00:00\",\"mainEntityOfPage\":{\"@id\":\"https:\/\/esbozodeportivo.com\/index.php\/2024\/05\/26\/mexico-presente-en-la-programacion-del-mare-nostrum-en-europa\/\"},\"wordCount\":1303,\"commentCount\":0,\"publisher\":{\"@id\":\"https:\/\/esbozodeportivo.com\/#organization\"},\"image\":{\"@id\":\"https:\/\/esbozodeportivo.com\/index.php\/2024\/05\/26\/mexico-presente-en-la-programacion-del-mare-nostrum-en-europa\/#primaryimage\"},\"thumbnailUrl\":\"https:\/\/esbozodeportivo.com\/wp-content\/uploads\/2024\/05\/Atleta-650x1024.jpg\",\"articleSection\":[\"Amateur\"],\"inLanguage\":\"es\",\"potentialAction\":[{\"@type\":\"CommentAction\",\"name\":\"Comment\",\"target\":[\"https:\/\/esbozodeportivo.com\/index.php\/2024\/05\/26\/mexico-presente-en-la-programacion-del-mare-nostrum-en-europa\/#respond\"]}]},{\"@type\":\"WebPage\",\"@id\":\"https:\/\/esbozodeportivo.com\/index.php\/2024\/05\/26\/mexico-presente-en-la-programacion-del-mare-nostrum-en-europa\/\",\"url\":\"https:\/\/esbozodeportivo.com\/index.php\/2024\/05\/26\/mexico-presente-en-la-programacion-del-mare-nostrum-en-europa\/\",\"name\":\"M\u00e9xico presente en la programaci\u00f3n del Mare Nostrum en Europa - Esbozo Deportivo\",\"isPartOf\":{\"@id\":\"https:\/\/esbozodeportivo.com\/#website\"},\"primaryImageOfPage\":{\"@id\":\"https:\/\/esbozodeportivo.com\/index.php\/2024\/05\/26\/mexico-presente-en-la-programacion-del-mare-nostrum-en-europa\/#primaryimage\"},\"image\":{\"@id\":\"https:\/\/esbozodeportivo.com\/index.php\/2024\/05\/26\/mexico-presente-en-la-programacion-del-mare-nostrum-en-europa\/#primaryimage\"},\"thumbnailUrl\":\"https:\/\/esbozodeportivo.com\/wp-content\/uploads\/2024\/05\/Atleta-650x1024.jpg\",\"datePublished\":\"2024-05-26T04:48:32+00:00\",\"dateModified\":\"2024-05-26T05:00:27+00:00\",\"breadcrumb\":{\"@id\":\"https:\/\/esbozodeportivo.com\/index.php\/2024\/05\/26\/mexico-presente-en-la-programacion-del-mare-nostrum-en-europa\/#breadcrumb\"},\"inLanguage\":\"es\",\"potentialAction\":[{\"@type\":\"ReadAction\",\"target\":[\"https:\/\/esbozodeportivo.com\/index.php\/2024\/05\/26\/mexico-presente-en-la-programacion-del-mare-nostrum-en-europa\/\"]}]},{\"@type\":\"ImageObject\",\"inLanguage\":\"es\",\"@id\":\"https:\/\/esbozodeportivo.com\/index.php\/2024\/05\/26\/mexico-presente-en-la-programacion-del-mare-nostrum-en-europa\/#primaryimage\",\"url\":\"https:\/\/esbozodeportivo.com\/wp-content\/uploads\/2024\/05\/Atleta.jpg\",\"contentUrl\":\"https:\/\/esbozodeportivo.com\/wp-content\/uploads\/2024\/05\/Atleta.jpg\",\"width\":813,\"height\":1280},{\"@type\":\"BreadcrumbList\",\"@id\":\"https:\/\/esbozodeportivo.com\/index.php\/2024\/05\/26\/mexico-presente-en-la-programacion-del-mare-nostrum-en-europa\/#breadcrumb\",\"itemListElement\":[{\"@type\":\"ListItem\",\"position\":1,\"name\":\"Inicio\",\"item\":\"https:\/\/esbozodeportivo.com\/\"},{\"@type\":\"ListItem\",\"position\":2,\"name\":\"M\u00e9xico presente en la programaci\u00f3n del Mare Nostrum en Europa\"}]},{\"@type\":\"WebSite\",\"@id\":\"https:\/\/esbozodeportivo.com\/#website\",\"url\":\"https:\/\/esbozodeportivo.com\/\",\"name\":\"Esbozo Deportivo\",\"description\":\"Lo m\u00e1s importante del Deporte\",\"publisher\":{\"@id\":\"https:\/\/esbozodeportivo.com\/#organization\"},\"potentialAction\":[{\"@type\":\"SearchAction\",\"target\":{\"@type\":\"EntryPoint\",\"urlTemplate\":\"https:\/\/esbozodeportivo.com\/?s={search_term_string}\"},\"query-input\":{\"@type\":\"PropertyValueSpecification\",\"valueRequired\":true,\"valueName\":\"search_term_string\"}}],\"inLanguage\":\"es\"},{\"@type\":\"Organization\",\"@id\":\"https:\/\/esbozodeportivo.com\/#organization\",\"name\":\"Esbozo Deportivo\",\"url\":\"https:\/\/esbozodeportivo.com\/\",\"logo\":{\"@type\":\"ImageObject\",\"inLanguage\":\"es\",\"@id\":\"https:\/\/esbozodeportivo.com\/#\/schema\/logo\/image\/\",\"url\":\"https:\/\/esbozodeportivo.com\/wp-content\/uploads\/2022\/08\/cropped-Logo-Esbozo-Web-2.png\",\"contentUrl\":\"https:\/\/esbozodeportivo.com\/wp-content\/uploads\/2022\/08\/cropped-Logo-Esbozo-Web-2.png\",\"width\":180,\"height\":50,\"caption\":\"Esbozo Deportivo\"},\"image\":{\"@id\":\"https:\/\/esbozodeportivo.com\/#\/schema\/logo\/image\/\"}},{\"@type\":\"Person\",\"@id\":\"https:\/\/esbozodeportivo.com\/#\/schema\/person\/7277119c98823aec37bbb84e125efd44\",\"name\":\"Javier De La Cruz\",\"image\":{\"@type\":\"ImageObject\",\"inLanguage\":\"es\",\"@id\":\"https:\/\/esbozodeportivo.com\/#\/schema\/person\/image\/\",\"url\":\"https:\/\/secure.gravatar.com\/avatar\/366235a56d20f1a6e8e3d0b295897639357bea880470ddf261d17bb0bc052eb1?s=96&d=mm&r=g\",\"contentUrl\":\"https:\/\/secure.gravatar.com\/avatar\/366235a56d20f1a6e8e3d0b295897639357bea880470ddf261d17bb0bc052eb1?s=96&d=mm&r=g\",\"caption\":\"Javier De La Cruz\"},\"url\":\"https:\/\/esbozodeportivo.com\/index.php\/author\/javier-de-la-cruz-de-la-cruz\/\"}]}<\/script>\n<!-- \/ Yoast SEO plugin. -->","yoast_head_json":{"title":"M\u00e9xico presente en la programaci\u00f3n del Mare Nostrum en Europa - Esbozo Deportivo","robots":{"index":"index","follow":"follow","max-snippet":"max-snippet:-1","max-image-preview":"max-image-preview:large","max-video-preview":"max-video-preview:-1"},"canonical":"https:\/\/esbozodeportivo.com\/index.php\/2024\/05\/26\/mexico-presente-en-la-programacion-del-mare-nostrum-en-europa\/","og_locale":"es_MX","og_type":"article","og_title":"M\u00e9xico presente en la programaci\u00f3n del Mare Nostrum en Europa - Esbozo Deportivo","og_description":"(Foto: acu\u00e1ticanelsonvargas) En Europa se inicio la programaci\u00f3n del Mare Nostrum, M\u00e9xico hace presencia Taekwondo","og_url":"https:\/\/esbozodeportivo.com\/index.php\/2024\/05\/26\/mexico-presente-en-la-programacion-del-mare-nostrum-en-europa\/","og_site_name":"Esbozo Deportivo","article_published_time":"2024-05-26T04:48:32+00:00","article_modified_time":"2024-05-26T05:00:27+00:00","og_image":[{"url":"https:\/\/esbozodeportivo.com\/wp-content\/uploads\/2024\/05\/Atleta-650x1024.jpg","type":"","width":"","height":""}],"author":"Javier De La Cruz","twitter_card":"summary_large_image","twitter_misc":{"Escrito por":"Javier De La Cruz","Tiempo de lectura":"6 minutos"},"schema":{"@context":"https:\/\/schema.org","@graph":[{"@type":"Article","@id":"https:\/\/esbozodeportivo.com\/index.php\/2024\/05\/26\/mexico-presente-en-la-programacion-del-mare-nostrum-en-europa\/#article","isPartOf":{"@id":"https:\/\/esbozodeportivo.com\/index.php\/2024\/05\/26\/mexico-presente-en-la-programacion-del-mare-nostrum-en-europa\/"},"author":{"name":"Javier De La Cruz","@id":"https:\/\/esbozodeportivo.com\/#\/schema\/person\/7277119c98823aec37bbb84e125efd44"},"headline":"M\u00e9xico presente en la programaci\u00f3n del Mare Nostrum en Europa","datePublished":"2024-05-26T04:48:32+00:00","dateModified":"2024-05-26T05:00:27+00:00","mainEntityOfPage":{"@id":"https:\/\/esbozodeportivo.com\/index.php\/2024\/05\/26\/mexico-presente-en-la-programacion-del-mare-nostrum-en-europa\/"},"wordCount":1303,"commentCount":0,"publisher":{"@id":"https:\/\/esbozodeportivo.com\/#organization"},"image":{"@id":"https:\/\/esbozodeportivo.com\/index.php\/2024\/05\/26\/mexico-presente-en-la-programacion-del-mare-nostrum-en-europa\/#primaryimage"},"thumbnailUrl":"https:\/\/esbozodeportivo.com\/wp-content\/uploads\/2024\/05\/Atleta-650x1024.jpg","articleSection":["Amateur"],"inLanguage":"es","potentialAction":[{"@type":"CommentAction","name":"Comment","target":["https:\/\/esbozodeportivo.com\/index.php\/2024\/05\/26\/mexico-presente-en-la-programacion-del-mare-nostrum-en-europa\/#respond"]}]},{"@type":"WebPage","@id":"https:\/\/esbozodeportivo.com\/index.php\/2024\/05\/26\/mexico-presente-en-la-programacion-del-mare-nostrum-en-europa\/","url":"https:\/\/esbozodeportivo.com\/index.php\/2024\/05\/26\/mexico-presente-en-la-programacion-del-mare-nostrum-en-europa\/","name":"M\u00e9xico presente en la programaci\u00f3n del Mare Nostrum en Europa - Esbozo Deportivo","isPartOf":{"@id":"https:\/\/esbozodeportivo.com\/#website"},"primaryImageOfPage":{"@id":"https:\/\/esbozodeportivo.com\/index.php\/2024\/05\/26\/mexico-presente-en-la-programacion-del-mare-nostrum-en-europa\/#primaryimage"},"image":{"@id":"https:\/\/esbozodeportivo.com\/index.php\/2024\/05\/26\/mexico-presente-en-la-programacion-del-mare-nostrum-en-europa\/#primaryimage"},"thumbnailUrl":"https:\/\/esbozodeportivo.com\/wp-content\/uploads\/2024\/05\/Atleta-650x1024.jpg","datePublished":"2024-05-26T04:48:32+00:00","dateModified":"2024-05-26T05:00:27+00:00","breadcrumb":{"@id":"https:\/\/esbozodeportivo.com\/index.php\/2024\/05\/26\/mexico-presente-en-la-programacion-del-mare-nostrum-en-europa\/#breadcrumb"},"inLanguage":"es","potentialAction":[{"@type":"ReadAction","target":["https:\/\/esbozodeportivo.com\/index.php\/2024\/05\/26\/mexico-presente-en-la-programacion-del-mare-nostrum-en-europa\/"]}]},{"@type":"ImageObject","inLanguage":"es","@id":"https:\/\/esbozodeportivo.com\/index.php\/2024\/05\/26\/mexico-presente-en-la-programacion-del-mare-nostrum-en-europa\/#primaryimage","url":"https:\/\/esbozodeportivo.com\/wp-content\/uploads\/2024\/05\/Atleta.jpg","contentUrl":"https:\/\/esbozodeportivo.com\/wp-content\/uploads\/2024\/05\/Atleta.jpg","width":813,"height":1280},{"@type":"BreadcrumbList","@id":"https:\/\/esbozodeportivo.com\/index.php\/2024\/05\/26\/mexico-presente-en-la-programacion-del-mare-nostrum-en-europa\/#breadcrumb","itemListElement":[{"@type":"ListItem","position":1,"name":"Inicio","item":"https:\/\/esbozodeportivo.com\/"},{"@type":"ListItem","position":2,"name":"M\u00e9xico presente en la programaci\u00f3n del Mare Nostrum en Europa"}]},{"@type":"WebSite","@id":"https:\/\/esbozodeportivo.com\/#website","url":"https:\/\/esbozodeportivo.com\/","name":"Esbozo Deportivo","description":"Lo m\u00e1s importante del Deporte","publisher":{"@id":"https:\/\/esbozodeportivo.com\/#organization"},"potentialAction":[{"@type":"SearchAction","target":{"@type":"EntryPoint","urlTemplate":"https:\/\/esbozodeportivo.com\/?s={search_term_string}"},"query-input":{"@type":"PropertyValueSpecification","valueRequired":true,"valueName":"search_term_string"}}],"inLanguage":"es"},{"@type":"Organization","@id":"https:\/\/esbozodeportivo.com\/#organization","name":"Esbozo Deportivo","url":"https:\/\/esbozodeportivo.com\/","logo":{"@type":"ImageObject","inLanguage":"es","@id":"https:\/\/esbozodeportivo.com\/#\/schema\/logo\/image\/","url":"https:\/\/esbozodeportivo.com\/wp-content\/uploads\/2022\/08\/cropped-Logo-Esbozo-Web-2.png","contentUrl":"https:\/\/esbozodeportivo.com\/wp-content\/uploads\/2022\/08\/cropped-Logo-Esbozo-Web-2.png","width":180,"height":50,"caption":"Esbozo Deportivo"},"image":{"@id":"https:\/\/esbozodeportivo.com\/#\/schema\/logo\/image\/"}},{"@type":"Person","@id":"https:\/\/esbozodeportivo.com\/#\/schema\/person\/7277119c98823aec37bbb84e125efd44","name":"Javier De La Cruz","image":{"@type":"ImageObject","inLanguage":"es","@id":"https:\/\/esbozodeportivo.com\/#\/schema\/person\/image\/","url":"https:\/\/secure.gravatar.com\/avatar\/366235a56d20f1a6e8e3d0b295897639357bea880470ddf261d17bb0bc052eb1?s=96&d=mm&r=g","contentUrl":"https:\/\/secure.gravatar.com\/avatar\/366235a56d20f1a6e8e3d0b295897639357bea880470ddf261d17bb0bc052eb1?s=96&d=mm&r=g","caption":"Javier De La Cruz"},"url":"https:\/\/esbozodeportivo.com\/index.php\/author\/javier-de-la-cruz-de-la-cruz\/"}]}},"jetpack_featured_media_url":"","jetpack_sharing_enabled":true,"_links":{"self":[{"href":"https:\/\/esbozodeportivo.com\/index.php\/wp-json\/wp\/v2\/posts\/3558","targetHints":{"allow":["GET"]}}],"collection":[{"href":"https:\/\/esbozodeportivo.com\/index.php\/wp-json\/wp\/v2\/posts"}],"about":[{"href":"https:\/\/esbozodeportivo.com\/index.php\/wp-json\/wp\/v2\/types\/post"}],"author":[{"embeddable":true,"href":"https:\/\/esbozodeportivo.com\/index.php\/wp-json\/wp\/v2\/users\/2"}],"replies":[{"embeddable":true,"href":"https:\/\/esbozodeportivo.com\/index.php\/wp-json\/wp\/v2\/comments?post=3558"}],"version-history":[{"count":4,"href":"https:\/\/esbozodeportivo.com\/index.php\/wp-json\/wp\/v2\/posts\/3558\/revisions"}],"predecessor-version":[{"id":3569,"href":"https:\/\/esbozodeportivo.com\/index.php\/wp-json\/wp\/v2\/posts\/3558\/revisions\/3569"}],"wp:attachment":[{"href":"https:\/\/esbozodeportivo.com\/index.php\/wp-json\/wp\/v2\/media?parent=3558"}],"wp:term":[{"taxonomy":"category","embeddable":true,"href":"https:\/\/esbozodeportivo.com\/index.php\/wp-json\/wp\/v2\/categories?post=3558"},{"taxonomy":"post_tag","embeddable":true,"href":"https:\/\/esbozodeportivo.com\/index.php\/wp-json\/wp\/v2\/tags?post=3558"}],"curies":[{"name":"wp","href":"https:\/\/api.w.org\/{rel}","templated":true}]}}