{"id":3577,"date":"2024-06-01T06:03:18","date_gmt":"2024-06-01T06:03:18","guid":{"rendered":"https:\/\/esbozodeportivo.com\/?p=3577"},"modified":"2024-06-01T06:06:42","modified_gmt":"2024-06-01T06:06:42","slug":"paola-moran-y-tonatiuh-lopez-corren-rumbo-a-los-juegos-de-paris","status":"publish","type":"post","link":"https:\/\/esbozodeportivo.com\/index.php\/2024\/06\/01\/paola-moran-y-tonatiuh-lopez-corren-rumbo-a-los-juegos-de-paris\/","title":{"rendered":"Paola Mor\u00e1n y Tonatiuh L\u00f3pez corren rumbo a los Juegos de Par\u00eds"},"content":{"rendered":"<style>\/*! elementor - v3.21.0 - 26-05-2024 *\/\n.elementor-widget-image{text-align:center}.elementor-widget-image a{display:inline-block}.elementor-widget-image a img[src$=\".svg\"]{width:48px}.elementor-widget-image img{vertical-align:middle;display:inline-block}<\/style>\n<p>\t\t\t\t\t\t\t\t\t\t<img loading=\"lazy\" decoding=\"async\" width=\"640\" height=\"480\" src=\"https:\/\/esbozodeportivo.com\/wp-content\/uploads\/2024\/06\/paola4-1024x768.jpg\" alt=\"\" srcset=\"https:\/\/esbozodeportivo.com\/wp-content\/uploads\/2024\/06\/paola4-1024x768.jpg 1024w, https:\/\/esbozodeportivo.com\/wp-content\/uploads\/2024\/06\/paola4-300x225.jpg 300w, https:\/\/esbozodeportivo.com\/wp-content\/uploads\/2024\/06\/paola4-768x576.jpg 768w, https:\/\/esbozodeportivo.com\/wp-content\/uploads\/2024\/06\/paola4-1536x1152.jpg 1536w, https:\/\/esbozodeportivo.com\/wp-content\/uploads\/2024\/06\/paola4.jpg 1600w\" sizes=\"auto, (max-width: 640px) 100vw, 640px\" \/>\t\t\t\t\t\t\t\t\t\t\t\t\t<\/p>\n<p><strong>(Foto: Fedmxatle)<\/strong><strong>\u00a0<\/strong><\/p>\n<p>Los corredores mexicanos Paola Mor\u00e1n y Tonati\u00fa L\u00f3pez se encuentran actualmente en zona de clasificaci\u00f3n rumbo a los Juegos Ol\u00edmpicos de Par\u00eds 2024, luego de mantenerse en la lista de los mejores 48 lugares de los 400 metros femenil y 800 metros varonil en sus respectivas listas del ranking internacional.<\/p>\n<p>El presidente de la Federaci\u00f3n Mexicana de Asociaciones de Atletismo, Antonio Lozano, confirm\u00f3 que la jalisciense y el sonorense ocupan el lugar 41 en sus respectivas pruebas, con lo que se encuentran moment\u00e1neamente dentro de los clasificados a la justa parisina.<\/p>\n<p>\u201cSin embargo, el proceso clasificatorio a\u00fan no termina y ambos corredores tambi\u00e9n buscan asegurar su boleto por la v\u00eda de la marca que pide la World Athletics en las competencias del calendario internacional reconocidos por el organismo\u201d, dijo el titular de la FMAA.<\/p>\n<p>\t\t\t\t\t\t\t\t\t\t\t\t\t<img loading=\"lazy\" decoding=\"async\" width=\"640\" height=\"853\" src=\"https:\/\/esbozodeportivo.com\/wp-content\/uploads\/2024\/06\/paola-768x1024.jpg\" alt=\"\" srcset=\"https:\/\/esbozodeportivo.com\/wp-content\/uploads\/2024\/06\/paola-768x1024.jpg 768w, https:\/\/esbozodeportivo.com\/wp-content\/uploads\/2024\/06\/paola-225x300.jpg 225w, https:\/\/esbozodeportivo.com\/wp-content\/uploads\/2024\/06\/paola-1152x1536.jpg 1152w, https:\/\/esbozodeportivo.com\/wp-content\/uploads\/2024\/06\/paola-1024x1365.jpg 1024w, https:\/\/esbozodeportivo.com\/wp-content\/uploads\/2024\/06\/paola.jpg 1200w\" sizes=\"auto, (max-width: 640px) 100vw, 640px\" \/>\t\t\t\t\t\t\t\t\t\t\t\t\t<\/p>\n<p><strong>(Foto: Fedmxatle)<\/strong><strong>\u00a0<\/strong><\/p>\n<p>Antonio Lozano coment\u00f3 que Paola Mor\u00e1n y Tonati\u00fa L\u00f3pez mantienen un buen ritmo de trabajo en competencias, por lo que no ha descartado su clasificaci\u00f3n ya sea por la v\u00eda del ranking internacional o por marca.<\/p>\n<p>\u201cTendr\u00e1n la oportunidad de competir en reuniones atl\u00e9ticas etiqueta bronce o plata, con ello seguir\u00e1n sumando puntos en el ranking internacional para mantenerse en la zona de clasificaci\u00f3n en los 400 metros y 800 metros, respectivamente. Y en el Campeonato Nacional de Atletismo tambi\u00e9n podr\u00e1n cumplir la marca\u201d, agreg\u00f3 Lozano Pineda.<\/p>\n<p>\t\t\t\t\t\t\t\t\t\t\t\t\t<img loading=\"lazy\" decoding=\"async\" width=\"640\" height=\"853\" src=\"https:\/\/esbozodeportivo.com\/wp-content\/uploads\/2024\/06\/paola2-768x1024.jpg\" alt=\"\" srcset=\"https:\/\/esbozodeportivo.com\/wp-content\/uploads\/2024\/06\/paola2-768x1024.jpg 768w, https:\/\/esbozodeportivo.com\/wp-content\/uploads\/2024\/06\/paola2-225x300.jpg 225w, https:\/\/esbozodeportivo.com\/wp-content\/uploads\/2024\/06\/paola2-1152x1536.jpg 1152w, https:\/\/esbozodeportivo.com\/wp-content\/uploads\/2024\/06\/paola2-1024x1365.jpg 1024w, https:\/\/esbozodeportivo.com\/wp-content\/uploads\/2024\/06\/paola2.jpg 1200w\" sizes=\"auto, (max-width: 640px) 100vw, 640px\" \/>\t\t\t\t\t\t\t\t\t\t\t\t\t<\/p>\n<p><strong>(Foto: Fedmxatle)<\/strong><strong>\u00a0<\/strong><\/p>\n<p>Por lo que respecta al corredor mexicano de 400 metros con vallas, Guillermo Campos, explic\u00f3 que su situaci\u00f3n es diferente, debido a que se encuentra ubicado en el lugar 44 de su prueba en el ranking internacional. \u201cLa lista de clasificados es m\u00e1ximo de 40 y por ello tendr\u00e1 que mejorar su posici\u00f3n o calificar por v\u00eda marca\u201d, concluy\u00f3.<\/p>\n<p>\u00a0<\/p>\n","protected":false},"excerpt":{"rendered":"<p>(Foto: Fedmxatle)\u00a0 Los corredores mexicanos Paola Mor\u00e1n y Tonati\u00fa L\u00f3pez se encuentran actualmente en zona<\/p>\n","protected":false},"author":2,"featured_media":0,"comment_status":"open","ping_status":"open","sticky":false,"template":"","format":"standard","meta":{"_jetpack_memberships_contains_paid_content":false,"footnotes":""},"categories":[5],"tags":[],"class_list":["post-3577","post","type-post","status-publish","format-standard","hentry","category-amateur"],"yoast_head":"<!-- This site is optimized with the Yoast SEO plugin v25.7 - https:\/\/yoast.com\/wordpress\/plugins\/seo\/ -->\n<title>Paola Mor\u00e1n y Tonatiuh L\u00f3pez corren rumbo a los Juegos de Par\u00eds - Esbozo Deportivo<\/title>\n<meta name=\"robots\" content=\"index, follow, max-snippet:-1, max-image-preview:large, max-video-preview:-1\" \/>\n<link rel=\"canonical\" href=\"https:\/\/esbozodeportivo.com\/index.php\/2024\/06\/01\/paola-moran-y-tonatiuh-lopez-corren-rumbo-a-los-juegos-de-paris\/\" \/>\n<meta property=\"og:locale\" content=\"es_MX\" \/>\n<meta property=\"og:type\" content=\"article\" \/>\n<meta property=\"og:title\" content=\"Paola Mor\u00e1n y Tonatiuh L\u00f3pez corren rumbo a los Juegos de Par\u00eds - Esbozo Deportivo\" \/>\n<meta property=\"og:description\" content=\"(Foto: Fedmxatle)\u00a0 Los corredores mexicanos Paola Mor\u00e1n y Tonati\u00fa L\u00f3pez se encuentran actualmente en zona\" \/>\n<meta property=\"og:url\" content=\"https:\/\/esbozodeportivo.com\/index.php\/2024\/06\/01\/paola-moran-y-tonatiuh-lopez-corren-rumbo-a-los-juegos-de-paris\/\" \/>\n<meta property=\"og:site_name\" content=\"Esbozo Deportivo\" \/>\n<meta property=\"article:published_time\" content=\"2024-06-01T06:03:18+00:00\" \/>\n<meta property=\"article:modified_time\" content=\"2024-06-01T06:06:42+00:00\" \/>\n<meta property=\"og:image\" content=\"https:\/\/esbozodeportivo.com\/wp-content\/uploads\/2024\/06\/paola4-1024x768.jpg\" \/>\n<meta name=\"author\" content=\"Javier De La Cruz\" \/>\n<meta name=\"twitter:card\" content=\"summary_large_image\" \/>\n<meta name=\"twitter:label1\" content=\"Escrito por\" \/>\n\t<meta name=\"twitter:data1\" content=\"Javier De La Cruz\" \/>\n\t<meta name=\"twitter:label2\" content=\"Tiempo de lectura\" \/>\n\t<meta name=\"twitter:data2\" content=\"2 minutos\" \/>\n<script type=\"application\/ld+json\" class=\"yoast-schema-graph\">{\"@context\":\"https:\/\/schema.org\",\"@graph\":[{\"@type\":\"Article\",\"@id\":\"https:\/\/esbozodeportivo.com\/index.php\/2024\/06\/01\/paola-moran-y-tonatiuh-lopez-corren-rumbo-a-los-juegos-de-paris\/#article\",\"isPartOf\":{\"@id\":\"https:\/\/esbozodeportivo.com\/index.php\/2024\/06\/01\/paola-moran-y-tonatiuh-lopez-corren-rumbo-a-los-juegos-de-paris\/\"},\"author\":{\"name\":\"Javier De La Cruz\",\"@id\":\"https:\/\/esbozodeportivo.com\/#\/schema\/person\/7277119c98823aec37bbb84e125efd44\"},\"headline\":\"Paola Mor\u00e1n y Tonatiuh L\u00f3pez corren rumbo a los Juegos de Par\u00eds\",\"datePublished\":\"2024-06-01T06:03:18+00:00\",\"dateModified\":\"2024-06-01T06:06:42+00:00\",\"mainEntityOfPage\":{\"@id\":\"https:\/\/esbozodeportivo.com\/index.php\/2024\/06\/01\/paola-moran-y-tonatiuh-lopez-corren-rumbo-a-los-juegos-de-paris\/\"},\"wordCount\":315,\"commentCount\":0,\"publisher\":{\"@id\":\"https:\/\/esbozodeportivo.com\/#organization\"},\"image\":{\"@id\":\"https:\/\/esbozodeportivo.com\/index.php\/2024\/06\/01\/paola-moran-y-tonatiuh-lopez-corren-rumbo-a-los-juegos-de-paris\/#primaryimage\"},\"thumbnailUrl\":\"https:\/\/esbozodeportivo.com\/wp-content\/uploads\/2024\/06\/paola4-1024x768.jpg\",\"articleSection\":[\"Amateur\"],\"inLanguage\":\"es\",\"potentialAction\":[{\"@type\":\"CommentAction\",\"name\":\"Comment\",\"target\":[\"https:\/\/esbozodeportivo.com\/index.php\/2024\/06\/01\/paola-moran-y-tonatiuh-lopez-corren-rumbo-a-los-juegos-de-paris\/#respond\"]}]},{\"@type\":\"WebPage\",\"@id\":\"https:\/\/esbozodeportivo.com\/index.php\/2024\/06\/01\/paola-moran-y-tonatiuh-lopez-corren-rumbo-a-los-juegos-de-paris\/\",\"url\":\"https:\/\/esbozodeportivo.com\/index.php\/2024\/06\/01\/paola-moran-y-tonatiuh-lopez-corren-rumbo-a-los-juegos-de-paris\/\",\"name\":\"Paola Mor\u00e1n y Tonatiuh L\u00f3pez corren rumbo a los Juegos de Par\u00eds - Esbozo Deportivo\",\"isPartOf\":{\"@id\":\"https:\/\/esbozodeportivo.com\/#website\"},\"primaryImageOfPage\":{\"@id\":\"https:\/\/esbozodeportivo.com\/index.php\/2024\/06\/01\/paola-moran-y-tonatiuh-lopez-corren-rumbo-a-los-juegos-de-paris\/#primaryimage\"},\"image\":{\"@id\":\"https:\/\/esbozodeportivo.com\/index.php\/2024\/06\/01\/paola-moran-y-tonatiuh-lopez-corren-rumbo-a-los-juegos-de-paris\/#primaryimage\"},\"thumbnailUrl\":\"https:\/\/esbozodeportivo.com\/wp-content\/uploads\/2024\/06\/paola4-1024x768.jpg\",\"datePublished\":\"2024-06-01T06:03:18+00:00\",\"dateModified\":\"2024-06-01T06:06:42+00:00\",\"breadcrumb\":{\"@id\":\"https:\/\/esbozodeportivo.com\/index.php\/2024\/06\/01\/paola-moran-y-tonatiuh-lopez-corren-rumbo-a-los-juegos-de-paris\/#breadcrumb\"},\"inLanguage\":\"es\",\"potentialAction\":[{\"@type\":\"ReadAction\",\"target\":[\"https:\/\/esbozodeportivo.com\/index.php\/2024\/06\/01\/paola-moran-y-tonatiuh-lopez-corren-rumbo-a-los-juegos-de-paris\/\"]}]},{\"@type\":\"ImageObject\",\"inLanguage\":\"es\",\"@id\":\"https:\/\/esbozodeportivo.com\/index.php\/2024\/06\/01\/paola-moran-y-tonatiuh-lopez-corren-rumbo-a-los-juegos-de-paris\/#primaryimage\",\"url\":\"https:\/\/esbozodeportivo.com\/wp-content\/uploads\/2024\/06\/paola4.jpg\",\"contentUrl\":\"https:\/\/esbozodeportivo.com\/wp-content\/uploads\/2024\/06\/paola4.jpg\",\"width\":1600,\"height\":1200},{\"@type\":\"BreadcrumbList\",\"@id\":\"https:\/\/esbozodeportivo.com\/index.php\/2024\/06\/01\/paola-moran-y-tonatiuh-lopez-corren-rumbo-a-los-juegos-de-paris\/#breadcrumb\",\"itemListElement\":[{\"@type\":\"ListItem\",\"position\":1,\"name\":\"Inicio\",\"item\":\"https:\/\/esbozodeportivo.com\/\"},{\"@type\":\"ListItem\",\"position\":2,\"name\":\"Paola Mor\u00e1n y Tonatiuh L\u00f3pez corren rumbo a los Juegos de Par\u00eds\"}]},{\"@type\":\"WebSite\",\"@id\":\"https:\/\/esbozodeportivo.com\/#website\",\"url\":\"https:\/\/esbozodeportivo.com\/\",\"name\":\"Esbozo Deportivo\",\"description\":\"Lo m\u00e1s importante del Deporte\",\"publisher\":{\"@id\":\"https:\/\/esbozodeportivo.com\/#organization\"},\"potentialAction\":[{\"@type\":\"SearchAction\",\"target\":{\"@type\":\"EntryPoint\",\"urlTemplate\":\"https:\/\/esbozodeportivo.com\/?s={search_term_string}\"},\"query-input\":{\"@type\":\"PropertyValueSpecification\",\"valueRequired\":true,\"valueName\":\"search_term_string\"}}],\"inLanguage\":\"es\"},{\"@type\":\"Organization\",\"@id\":\"https:\/\/esbozodeportivo.com\/#organization\",\"name\":\"Esbozo Deportivo\",\"url\":\"https:\/\/esbozodeportivo.com\/\",\"logo\":{\"@type\":\"ImageObject\",\"inLanguage\":\"es\",\"@id\":\"https:\/\/esbozodeportivo.com\/#\/schema\/logo\/image\/\",\"url\":\"https:\/\/esbozodeportivo.com\/wp-content\/uploads\/2022\/08\/cropped-Logo-Esbozo-Web-2.png\",\"contentUrl\":\"https:\/\/esbozodeportivo.com\/wp-content\/uploads\/2022\/08\/cropped-Logo-Esbozo-Web-2.png\",\"width\":180,\"height\":50,\"caption\":\"Esbozo Deportivo\"},\"image\":{\"@id\":\"https:\/\/esbozodeportivo.com\/#\/schema\/logo\/image\/\"}},{\"@type\":\"Person\",\"@id\":\"https:\/\/esbozodeportivo.com\/#\/schema\/person\/7277119c98823aec37bbb84e125efd44\",\"name\":\"Javier De La Cruz\",\"image\":{\"@type\":\"ImageObject\",\"inLanguage\":\"es\",\"@id\":\"https:\/\/esbozodeportivo.com\/#\/schema\/person\/image\/\",\"url\":\"https:\/\/secure.gravatar.com\/avatar\/366235a56d20f1a6e8e3d0b295897639357bea880470ddf261d17bb0bc052eb1?s=96&d=mm&r=g\",\"contentUrl\":\"https:\/\/secure.gravatar.com\/avatar\/366235a56d20f1a6e8e3d0b295897639357bea880470ddf261d17bb0bc052eb1?s=96&d=mm&r=g\",\"caption\":\"Javier De La Cruz\"},\"url\":\"https:\/\/esbozodeportivo.com\/index.php\/author\/javier-de-la-cruz-de-la-cruz\/\"}]}<\/script>\n<!-- \/ Yoast SEO plugin. -->","yoast_head_json":{"title":"Paola Mor\u00e1n y Tonatiuh L\u00f3pez corren rumbo a los Juegos de Par\u00eds - Esbozo Deportivo","robots":{"index":"index","follow":"follow","max-snippet":"max-snippet:-1","max-image-preview":"max-image-preview:large","max-video-preview":"max-video-preview:-1"},"canonical":"https:\/\/esbozodeportivo.com\/index.php\/2024\/06\/01\/paola-moran-y-tonatiuh-lopez-corren-rumbo-a-los-juegos-de-paris\/","og_locale":"es_MX","og_type":"article","og_title":"Paola Mor\u00e1n y Tonatiuh L\u00f3pez corren rumbo a los Juegos de Par\u00eds - Esbozo Deportivo","og_description":"(Foto: Fedmxatle)\u00a0 Los corredores mexicanos Paola Mor\u00e1n y Tonati\u00fa L\u00f3pez se encuentran actualmente en zona","og_url":"https:\/\/esbozodeportivo.com\/index.php\/2024\/06\/01\/paola-moran-y-tonatiuh-lopez-corren-rumbo-a-los-juegos-de-paris\/","og_site_name":"Esbozo Deportivo","article_published_time":"2024-06-01T06:03:18+00:00","article_modified_time":"2024-06-01T06:06:42+00:00","og_image":[{"url":"https:\/\/esbozodeportivo.com\/wp-content\/uploads\/2024\/06\/paola4-1024x768.jpg","type":"","width":"","height":""}],"author":"Javier De La Cruz","twitter_card":"summary_large_image","twitter_misc":{"Escrito por":"Javier De La Cruz","Tiempo de lectura":"2 minutos"},"schema":{"@context":"https:\/\/schema.org","@graph":[{"@type":"Article","@id":"https:\/\/esbozodeportivo.com\/index.php\/2024\/06\/01\/paola-moran-y-tonatiuh-lopez-corren-rumbo-a-los-juegos-de-paris\/#article","isPartOf":{"@id":"https:\/\/esbozodeportivo.com\/index.php\/2024\/06\/01\/paola-moran-y-tonatiuh-lopez-corren-rumbo-a-los-juegos-de-paris\/"},"author":{"name":"Javier De La Cruz","@id":"https:\/\/esbozodeportivo.com\/#\/schema\/person\/7277119c98823aec37bbb84e125efd44"},"headline":"Paola Mor\u00e1n y Tonatiuh L\u00f3pez corren rumbo a los Juegos de Par\u00eds","datePublished":"2024-06-01T06:03:18+00:00","dateModified":"2024-06-01T06:06:42+00:00","mainEntityOfPage":{"@id":"https:\/\/esbozodeportivo.com\/index.php\/2024\/06\/01\/paola-moran-y-tonatiuh-lopez-corren-rumbo-a-los-juegos-de-paris\/"},"wordCount":315,"commentCount":0,"publisher":{"@id":"https:\/\/esbozodeportivo.com\/#organization"},"image":{"@id":"https:\/\/esbozodeportivo.com\/index.php\/2024\/06\/01\/paola-moran-y-tonatiuh-lopez-corren-rumbo-a-los-juegos-de-paris\/#primaryimage"},"thumbnailUrl":"https:\/\/esbozodeportivo.com\/wp-content\/uploads\/2024\/06\/paola4-1024x768.jpg","articleSection":["Amateur"],"inLanguage":"es","potentialAction":[{"@type":"CommentAction","name":"Comment","target":["https:\/\/esbozodeportivo.com\/index.php\/2024\/06\/01\/paola-moran-y-tonatiuh-lopez-corren-rumbo-a-los-juegos-de-paris\/#respond"]}]},{"@type":"WebPage","@id":"https:\/\/esbozodeportivo.com\/index.php\/2024\/06\/01\/paola-moran-y-tonatiuh-lopez-corren-rumbo-a-los-juegos-de-paris\/","url":"https:\/\/esbozodeportivo.com\/index.php\/2024\/06\/01\/paola-moran-y-tonatiuh-lopez-corren-rumbo-a-los-juegos-de-paris\/","name":"Paola Mor\u00e1n y Tonatiuh L\u00f3pez corren rumbo a los Juegos de Par\u00eds - Esbozo Deportivo","isPartOf":{"@id":"https:\/\/esbozodeportivo.com\/#website"},"primaryImageOfPage":{"@id":"https:\/\/esbozodeportivo.com\/index.php\/2024\/06\/01\/paola-moran-y-tonatiuh-lopez-corren-rumbo-a-los-juegos-de-paris\/#primaryimage"},"image":{"@id":"https:\/\/esbozodeportivo.com\/index.php\/2024\/06\/01\/paola-moran-y-tonatiuh-lopez-corren-rumbo-a-los-juegos-de-paris\/#primaryimage"},"thumbnailUrl":"https:\/\/esbozodeportivo.com\/wp-content\/uploads\/2024\/06\/paola4-1024x768.jpg","datePublished":"2024-06-01T06:03:18+00:00","dateModified":"2024-06-01T06:06:42+00:00","breadcrumb":{"@id":"https:\/\/esbozodeportivo.com\/index.php\/2024\/06\/01\/paola-moran-y-tonatiuh-lopez-corren-rumbo-a-los-juegos-de-paris\/#breadcrumb"},"inLanguage":"es","potentialAction":[{"@type":"ReadAction","target":["https:\/\/esbozodeportivo.com\/index.php\/2024\/06\/01\/paola-moran-y-tonatiuh-lopez-corren-rumbo-a-los-juegos-de-paris\/"]}]},{"@type":"ImageObject","inLanguage":"es","@id":"https:\/\/esbozodeportivo.com\/index.php\/2024\/06\/01\/paola-moran-y-tonatiuh-lopez-corren-rumbo-a-los-juegos-de-paris\/#primaryimage","url":"https:\/\/esbozodeportivo.com\/wp-content\/uploads\/2024\/06\/paola4.jpg","contentUrl":"https:\/\/esbozodeportivo.com\/wp-content\/uploads\/2024\/06\/paola4.jpg","width":1600,"height":1200},{"@type":"BreadcrumbList","@id":"https:\/\/esbozodeportivo.com\/index.php\/2024\/06\/01\/paola-moran-y-tonatiuh-lopez-corren-rumbo-a-los-juegos-de-paris\/#breadcrumb","itemListElement":[{"@type":"ListItem","position":1,"name":"Inicio","item":"https:\/\/esbozodeportivo.com\/"},{"@type":"ListItem","position":2,"name":"Paola Mor\u00e1n y Tonatiuh L\u00f3pez corren rumbo a los Juegos de Par\u00eds"}]},{"@type":"WebSite","@id":"https:\/\/esbozodeportivo.com\/#website","url":"https:\/\/esbozodeportivo.com\/","name":"Esbozo Deportivo","description":"Lo m\u00e1s importante del Deporte","publisher":{"@id":"https:\/\/esbozodeportivo.com\/#organization"},"potentialAction":[{"@type":"SearchAction","target":{"@type":"EntryPoint","urlTemplate":"https:\/\/esbozodeportivo.com\/?s={search_term_string}"},"query-input":{"@type":"PropertyValueSpecification","valueRequired":true,"valueName":"search_term_string"}}],"inLanguage":"es"},{"@type":"Organization","@id":"https:\/\/esbozodeportivo.com\/#organization","name":"Esbozo Deportivo","url":"https:\/\/esbozodeportivo.com\/","logo":{"@type":"ImageObject","inLanguage":"es","@id":"https:\/\/esbozodeportivo.com\/#\/schema\/logo\/image\/","url":"https:\/\/esbozodeportivo.com\/wp-content\/uploads\/2022\/08\/cropped-Logo-Esbozo-Web-2.png","contentUrl":"https:\/\/esbozodeportivo.com\/wp-content\/uploads\/2022\/08\/cropped-Logo-Esbozo-Web-2.png","width":180,"height":50,"caption":"Esbozo Deportivo"},"image":{"@id":"https:\/\/esbozodeportivo.com\/#\/schema\/logo\/image\/"}},{"@type":"Person","@id":"https:\/\/esbozodeportivo.com\/#\/schema\/person\/7277119c98823aec37bbb84e125efd44","name":"Javier De La Cruz","image":{"@type":"ImageObject","inLanguage":"es","@id":"https:\/\/esbozodeportivo.com\/#\/schema\/person\/image\/","url":"https:\/\/secure.gravatar.com\/avatar\/366235a56d20f1a6e8e3d0b295897639357bea880470ddf261d17bb0bc052eb1?s=96&d=mm&r=g","contentUrl":"https:\/\/secure.gravatar.com\/avatar\/366235a56d20f1a6e8e3d0b295897639357bea880470ddf261d17bb0bc052eb1?s=96&d=mm&r=g","caption":"Javier De La Cruz"},"url":"https:\/\/esbozodeportivo.com\/index.php\/author\/javier-de-la-cruz-de-la-cruz\/"}]}},"jetpack_featured_media_url":"","jetpack_sharing_enabled":true,"_links":{"self":[{"href":"https:\/\/esbozodeportivo.com\/index.php\/wp-json\/wp\/v2\/posts\/3577","targetHints":{"allow":["GET"]}}],"collection":[{"href":"https:\/\/esbozodeportivo.com\/index.php\/wp-json\/wp\/v2\/posts"}],"about":[{"href":"https:\/\/esbozodeportivo.com\/index.php\/wp-json\/wp\/v2\/types\/post"}],"author":[{"embeddable":true,"href":"https:\/\/esbozodeportivo.com\/index.php\/wp-json\/wp\/v2\/users\/2"}],"replies":[{"embeddable":true,"href":"https:\/\/esbozodeportivo.com\/index.php\/wp-json\/wp\/v2\/comments?post=3577"}],"version-history":[{"count":4,"href":"https:\/\/esbozodeportivo.com\/index.php\/wp-json\/wp\/v2\/posts\/3577\/revisions"}],"predecessor-version":[{"id":3584,"href":"https:\/\/esbozodeportivo.com\/index.php\/wp-json\/wp\/v2\/posts\/3577\/revisions\/3584"}],"wp:attachment":[{"href":"https:\/\/esbozodeportivo.com\/index.php\/wp-json\/wp\/v2\/media?parent=3577"}],"wp:term":[{"taxonomy":"category","embeddable":true,"href":"https:\/\/esbozodeportivo.com\/index.php\/wp-json\/wp\/v2\/categories?post=3577"},{"taxonomy":"post_tag","embeddable":true,"href":"https:\/\/esbozodeportivo.com\/index.php\/wp-json\/wp\/v2\/tags?post=3577"}],"curies":[{"name":"wp","href":"https:\/\/api.w.org\/{rel}","templated":true}]}}