{"id":3698,"date":"2024-06-23T04:00:52","date_gmt":"2024-06-23T04:00:52","guid":{"rendered":"https:\/\/esbozodeportivo.com\/?p=3698"},"modified":"2024-06-23T04:05:00","modified_gmt":"2024-06-23T04:05:00","slug":"el-centro-vacacional-de-oaxtpec-sera-la-sede-desde-el-28-de-julio","status":"publish","type":"post","link":"https:\/\/esbozodeportivo.com\/index.php\/2024\/06\/23\/el-centro-vacacional-de-oaxtpec-sera-la-sede-desde-el-28-de-julio\/","title":{"rendered":"El Centro Vacacional de Oaxtpec ser\u00e1 la sede desde el 28 de julio"},"content":{"rendered":"<style>\/*! elementor - v3.22.0 - 17-06-2024 *\/\n.elementor-widget-image{text-align:center}.elementor-widget-image a{display:inline-block}.elementor-widget-image a img[src$=\".svg\"]{width:48px}.elementor-widget-image img{vertical-align:middle;display:inline-block}<\/style>\n<p>\t\t\t\t\t\t\t\t\t\t<img loading=\"lazy\" decoding=\"async\" width=\"640\" height=\"303\" src=\"https:\/\/esbozodeportivo.com\/wp-content\/uploads\/2024\/06\/activacionfis-1024x484.jpg\" alt=\"\" srcset=\"https:\/\/esbozodeportivo.com\/wp-content\/uploads\/2024\/06\/activacionfis-1024x484.jpg 1024w, https:\/\/esbozodeportivo.com\/wp-content\/uploads\/2024\/06\/activacionfis-300x142.jpg 300w, https:\/\/esbozodeportivo.com\/wp-content\/uploads\/2024\/06\/activacionfis-768x363.jpg 768w, https:\/\/esbozodeportivo.com\/wp-content\/uploads\/2024\/06\/activacionfis-1536x726.jpg 1536w, https:\/\/esbozodeportivo.com\/wp-content\/uploads\/2024\/06\/activacionfis.jpg 1600w\" sizes=\"auto, (max-width: 640px) 100vw, 640px\" \/>\t\t\t\t\t\t\t\t\t\t\t\t\t<\/p>\n<h3 style=\"line-height: 15.0pt; background: white;\">(Foto: INDET) <\/h3>\n<p><strong>\u00a1Se acerca el Curso de Capacitaci\u00f3n del Deporte Laboral!<\/strong><\/p>\n<p>Las instalaciones del Centro Vacacional IMSS de Oaxtepec, Morelos, recibir\u00e1n el 40\u00ba. Curso Nacional de Capacitaci\u00f3n para Dirigentes del Deporte Laboral, que organiza el Instituto del Deporte de los Trabajadores con el respaldo de la Comisi\u00f3n Nacional de Cultura F\u00edsica y Deporte, a realizarse del 28 de julio al 2 de agosto.<\/p>\n<p>EL INDET lleva a cabo el proceso de inscripciones para contar con un gran n\u00famero de participantes del curso que integra las \u00e1reas de Administraci\u00f3n Deportiva, Activaci\u00f3n F\u00edsica, B\u00e1squetbol, F\u00fatbol, Voleibol, Recreaci\u00f3n Laboral y Arbitraje en los tres deportes de conjunto convocados en este programa.x<\/p>\n<p>\t\t\t\t\t\t\t\t\t\t\t\t\t<img loading=\"lazy\" decoding=\"async\" width=\"640\" height=\"480\" src=\"https:\/\/esbozodeportivo.com\/wp-content\/uploads\/2024\/06\/IMG_20240216_105258-2-1024x768.jpg\" alt=\"\" srcset=\"https:\/\/esbozodeportivo.com\/wp-content\/uploads\/2024\/06\/IMG_20240216_105258-2-1024x768.jpg 1024w, https:\/\/esbozodeportivo.com\/wp-content\/uploads\/2024\/06\/IMG_20240216_105258-2-300x225.jpg 300w, https:\/\/esbozodeportivo.com\/wp-content\/uploads\/2024\/06\/IMG_20240216_105258-2-768x576.jpg 768w, https:\/\/esbozodeportivo.com\/wp-content\/uploads\/2024\/06\/IMG_20240216_105258-2-1536x1152.jpg 1536w, https:\/\/esbozodeportivo.com\/wp-content\/uploads\/2024\/06\/IMG_20240216_105258-2-2048x1536.jpg 2048w\" sizes=\"auto, (max-width: 640px) 100vw, 640px\" \/>\t\t\t\t\t\t\t\t\t\t\t\t\t<\/p>\n<h3 style=\"line-height: 15.0pt; background: white;\">(Foto: INDET) <\/h3>\n<p>El Secretario Ejecutivo del organismo, Pablo Reyes Osorio, dijo que a\u00f1o con a\u00f1o se eleva la calidad de los ponentes \u201cporque queremos seguir aportando herramientas para quienes se profesionalizan en de desarrollar la activaci\u00f3n f\u00edsica, el deporte y la recreaci\u00f3n en organizaciones sindicales de todo el pa\u00eds\u201d,<\/p>\n<p>Explic\u00f3 que el Curso Nacional de Capacitaci\u00f3n del Deporte Laboral se ha consolidado por el nivel de ense\u00f1anza que ofrece con ponentes de diversos estados del pa\u00eds, el cual est\u00e1 dirigido a Secretarios del Deporte de Organizaciones Sindicales y Sociales, estudiantes, maestros, entrenadores, coordinadores, promotores deportivos y p\u00fablico en general.<\/p>\n<p>\t\t\t\t\t\t\t\t\t\t\t\t\t<img loading=\"lazy\" decoding=\"async\" width=\"640\" height=\"480\" src=\"https:\/\/esbozodeportivo.com\/wp-content\/uploads\/2024\/06\/IMG-20230811-WA0002-1-1024x768.jpg\" alt=\"\" srcset=\"https:\/\/esbozodeportivo.com\/wp-content\/uploads\/2024\/06\/IMG-20230811-WA0002-1-1024x768.jpg 1024w, https:\/\/esbozodeportivo.com\/wp-content\/uploads\/2024\/06\/IMG-20230811-WA0002-1-300x225.jpg 300w, https:\/\/esbozodeportivo.com\/wp-content\/uploads\/2024\/06\/IMG-20230811-WA0002-1-768x576.jpg 768w, https:\/\/esbozodeportivo.com\/wp-content\/uploads\/2024\/06\/IMG-20230811-WA0002-1.jpg 1280w\" sizes=\"auto, (max-width: 640px) 100vw, 640px\" \/>\t\t\t\t\t\t\t\t\t\t\t\t\t<\/p>\n<h3 style=\"line-height: 15.0pt; background: white;\">(Foto: INDET) <\/h3>\n<p>De esta manera, los \u00a0participantes que se inscriban en el 40\u00ba. Curso Nacional de Capacitaci\u00f3n para Dirigentes del Deporte Laboral, tendr\u00e1n derecho a recibir el material did\u00e1ctico y las inscripciones se recibir\u00e1n hasta el 28 de junio.<\/p>\n<p>\u00a0<\/p>\n","protected":false},"excerpt":{"rendered":"<p>(Foto: INDET) \u00a1Se acerca el Curso de Capacitaci\u00f3n del Deporte Laboral! Las instalaciones del Centro<\/p>\n","protected":false},"author":2,"featured_media":0,"comment_status":"open","ping_status":"open","sticky":false,"template":"","format":"standard","meta":{"_jetpack_memberships_contains_paid_content":false,"footnotes":""},"categories":[5],"tags":[],"class_list":["post-3698","post","type-post","status-publish","format-standard","hentry","category-amateur"],"yoast_head":"<!-- This site is optimized with the Yoast SEO plugin v25.7 - https:\/\/yoast.com\/wordpress\/plugins\/seo\/ -->\n<title>El Centro Vacacional de Oaxtpec ser\u00e1 la sede desde el 28 de julio - Esbozo Deportivo<\/title>\n<meta name=\"robots\" content=\"index, follow, max-snippet:-1, max-image-preview:large, max-video-preview:-1\" \/>\n<link rel=\"canonical\" href=\"https:\/\/esbozodeportivo.com\/index.php\/2024\/06\/23\/el-centro-vacacional-de-oaxtpec-sera-la-sede-desde-el-28-de-julio\/\" \/>\n<meta property=\"og:locale\" content=\"es_MX\" \/>\n<meta property=\"og:type\" content=\"article\" \/>\n<meta property=\"og:title\" content=\"El Centro Vacacional de Oaxtpec ser\u00e1 la sede desde el 28 de julio - Esbozo Deportivo\" \/>\n<meta property=\"og:description\" content=\"(Foto: INDET) \u00a1Se acerca el Curso de Capacitaci\u00f3n del Deporte Laboral! Las instalaciones del Centro\" \/>\n<meta property=\"og:url\" content=\"https:\/\/esbozodeportivo.com\/index.php\/2024\/06\/23\/el-centro-vacacional-de-oaxtpec-sera-la-sede-desde-el-28-de-julio\/\" \/>\n<meta property=\"og:site_name\" content=\"Esbozo Deportivo\" \/>\n<meta property=\"article:published_time\" content=\"2024-06-23T04:00:52+00:00\" \/>\n<meta property=\"article:modified_time\" content=\"2024-06-23T04:05:00+00:00\" \/>\n<meta property=\"og:image\" content=\"https:\/\/esbozodeportivo.com\/wp-content\/uploads\/2024\/06\/activacionfis-1024x484.jpg\" \/>\n<meta name=\"author\" content=\"Javier De La Cruz\" \/>\n<meta name=\"twitter:card\" content=\"summary_large_image\" \/>\n<meta name=\"twitter:label1\" content=\"Escrito por\" \/>\n\t<meta name=\"twitter:data1\" content=\"Javier De La Cruz\" \/>\n\t<meta name=\"twitter:label2\" content=\"Tiempo de lectura\" \/>\n\t<meta name=\"twitter:data2\" content=\"1 minuto\" \/>\n<script type=\"application\/ld+json\" class=\"yoast-schema-graph\">{\"@context\":\"https:\/\/schema.org\",\"@graph\":[{\"@type\":\"Article\",\"@id\":\"https:\/\/esbozodeportivo.com\/index.php\/2024\/06\/23\/el-centro-vacacional-de-oaxtpec-sera-la-sede-desde-el-28-de-julio\/#article\",\"isPartOf\":{\"@id\":\"https:\/\/esbozodeportivo.com\/index.php\/2024\/06\/23\/el-centro-vacacional-de-oaxtpec-sera-la-sede-desde-el-28-de-julio\/\"},\"author\":{\"name\":\"Javier De La Cruz\",\"@id\":\"https:\/\/esbozodeportivo.com\/#\/schema\/person\/7277119c98823aec37bbb84e125efd44\"},\"headline\":\"El Centro Vacacional de Oaxtpec ser\u00e1 la sede desde el 28 de julio\",\"datePublished\":\"2024-06-23T04:00:52+00:00\",\"dateModified\":\"2024-06-23T04:05:00+00:00\",\"mainEntityOfPage\":{\"@id\":\"https:\/\/esbozodeportivo.com\/index.php\/2024\/06\/23\/el-centro-vacacional-de-oaxtpec-sera-la-sede-desde-el-28-de-julio\/\"},\"wordCount\":280,\"commentCount\":0,\"publisher\":{\"@id\":\"https:\/\/esbozodeportivo.com\/#organization\"},\"image\":{\"@id\":\"https:\/\/esbozodeportivo.com\/index.php\/2024\/06\/23\/el-centro-vacacional-de-oaxtpec-sera-la-sede-desde-el-28-de-julio\/#primaryimage\"},\"thumbnailUrl\":\"https:\/\/esbozodeportivo.com\/wp-content\/uploads\/2024\/06\/activacionfis-1024x484.jpg\",\"articleSection\":[\"Amateur\"],\"inLanguage\":\"es\",\"potentialAction\":[{\"@type\":\"CommentAction\",\"name\":\"Comment\",\"target\":[\"https:\/\/esbozodeportivo.com\/index.php\/2024\/06\/23\/el-centro-vacacional-de-oaxtpec-sera-la-sede-desde-el-28-de-julio\/#respond\"]}]},{\"@type\":\"WebPage\",\"@id\":\"https:\/\/esbozodeportivo.com\/index.php\/2024\/06\/23\/el-centro-vacacional-de-oaxtpec-sera-la-sede-desde-el-28-de-julio\/\",\"url\":\"https:\/\/esbozodeportivo.com\/index.php\/2024\/06\/23\/el-centro-vacacional-de-oaxtpec-sera-la-sede-desde-el-28-de-julio\/\",\"name\":\"El Centro Vacacional de Oaxtpec ser\u00e1 la sede desde el 28 de julio - Esbozo Deportivo\",\"isPartOf\":{\"@id\":\"https:\/\/esbozodeportivo.com\/#website\"},\"primaryImageOfPage\":{\"@id\":\"https:\/\/esbozodeportivo.com\/index.php\/2024\/06\/23\/el-centro-vacacional-de-oaxtpec-sera-la-sede-desde-el-28-de-julio\/#primaryimage\"},\"image\":{\"@id\":\"https:\/\/esbozodeportivo.com\/index.php\/2024\/06\/23\/el-centro-vacacional-de-oaxtpec-sera-la-sede-desde-el-28-de-julio\/#primaryimage\"},\"thumbnailUrl\":\"https:\/\/esbozodeportivo.com\/wp-content\/uploads\/2024\/06\/activacionfis-1024x484.jpg\",\"datePublished\":\"2024-06-23T04:00:52+00:00\",\"dateModified\":\"2024-06-23T04:05:00+00:00\",\"breadcrumb\":{\"@id\":\"https:\/\/esbozodeportivo.com\/index.php\/2024\/06\/23\/el-centro-vacacional-de-oaxtpec-sera-la-sede-desde-el-28-de-julio\/#breadcrumb\"},\"inLanguage\":\"es\",\"potentialAction\":[{\"@type\":\"ReadAction\",\"target\":[\"https:\/\/esbozodeportivo.com\/index.php\/2024\/06\/23\/el-centro-vacacional-de-oaxtpec-sera-la-sede-desde-el-28-de-julio\/\"]}]},{\"@type\":\"ImageObject\",\"inLanguage\":\"es\",\"@id\":\"https:\/\/esbozodeportivo.com\/index.php\/2024\/06\/23\/el-centro-vacacional-de-oaxtpec-sera-la-sede-desde-el-28-de-julio\/#primaryimage\",\"url\":\"https:\/\/esbozodeportivo.com\/wp-content\/uploads\/2024\/06\/activacionfis.jpg\",\"contentUrl\":\"https:\/\/esbozodeportivo.com\/wp-content\/uploads\/2024\/06\/activacionfis.jpg\",\"width\":1600,\"height\":756},{\"@type\":\"BreadcrumbList\",\"@id\":\"https:\/\/esbozodeportivo.com\/index.php\/2024\/06\/23\/el-centro-vacacional-de-oaxtpec-sera-la-sede-desde-el-28-de-julio\/#breadcrumb\",\"itemListElement\":[{\"@type\":\"ListItem\",\"position\":1,\"name\":\"Inicio\",\"item\":\"https:\/\/esbozodeportivo.com\/\"},{\"@type\":\"ListItem\",\"position\":2,\"name\":\"El Centro Vacacional de Oaxtpec ser\u00e1 la sede desde el 28 de julio\"}]},{\"@type\":\"WebSite\",\"@id\":\"https:\/\/esbozodeportivo.com\/#website\",\"url\":\"https:\/\/esbozodeportivo.com\/\",\"name\":\"Esbozo Deportivo\",\"description\":\"Lo m\u00e1s importante del Deporte\",\"publisher\":{\"@id\":\"https:\/\/esbozodeportivo.com\/#organization\"},\"potentialAction\":[{\"@type\":\"SearchAction\",\"target\":{\"@type\":\"EntryPoint\",\"urlTemplate\":\"https:\/\/esbozodeportivo.com\/?s={search_term_string}\"},\"query-input\":{\"@type\":\"PropertyValueSpecification\",\"valueRequired\":true,\"valueName\":\"search_term_string\"}}],\"inLanguage\":\"es\"},{\"@type\":\"Organization\",\"@id\":\"https:\/\/esbozodeportivo.com\/#organization\",\"name\":\"Esbozo Deportivo\",\"url\":\"https:\/\/esbozodeportivo.com\/\",\"logo\":{\"@type\":\"ImageObject\",\"inLanguage\":\"es\",\"@id\":\"https:\/\/esbozodeportivo.com\/#\/schema\/logo\/image\/\",\"url\":\"https:\/\/esbozodeportivo.com\/wp-content\/uploads\/2022\/08\/cropped-Logo-Esbozo-Web-2.png\",\"contentUrl\":\"https:\/\/esbozodeportivo.com\/wp-content\/uploads\/2022\/08\/cropped-Logo-Esbozo-Web-2.png\",\"width\":180,\"height\":50,\"caption\":\"Esbozo Deportivo\"},\"image\":{\"@id\":\"https:\/\/esbozodeportivo.com\/#\/schema\/logo\/image\/\"}},{\"@type\":\"Person\",\"@id\":\"https:\/\/esbozodeportivo.com\/#\/schema\/person\/7277119c98823aec37bbb84e125efd44\",\"name\":\"Javier De La Cruz\",\"image\":{\"@type\":\"ImageObject\",\"inLanguage\":\"es\",\"@id\":\"https:\/\/esbozodeportivo.com\/#\/schema\/person\/image\/\",\"url\":\"https:\/\/secure.gravatar.com\/avatar\/366235a56d20f1a6e8e3d0b295897639357bea880470ddf261d17bb0bc052eb1?s=96&d=mm&r=g\",\"contentUrl\":\"https:\/\/secure.gravatar.com\/avatar\/366235a56d20f1a6e8e3d0b295897639357bea880470ddf261d17bb0bc052eb1?s=96&d=mm&r=g\",\"caption\":\"Javier De La Cruz\"},\"url\":\"https:\/\/esbozodeportivo.com\/index.php\/author\/javier-de-la-cruz-de-la-cruz\/\"}]}<\/script>\n<!-- \/ Yoast SEO plugin. -->","yoast_head_json":{"title":"El Centro Vacacional de Oaxtpec ser\u00e1 la sede desde el 28 de julio - Esbozo Deportivo","robots":{"index":"index","follow":"follow","max-snippet":"max-snippet:-1","max-image-preview":"max-image-preview:large","max-video-preview":"max-video-preview:-1"},"canonical":"https:\/\/esbozodeportivo.com\/index.php\/2024\/06\/23\/el-centro-vacacional-de-oaxtpec-sera-la-sede-desde-el-28-de-julio\/","og_locale":"es_MX","og_type":"article","og_title":"El Centro Vacacional de Oaxtpec ser\u00e1 la sede desde el 28 de julio - Esbozo Deportivo","og_description":"(Foto: INDET) \u00a1Se acerca el Curso de Capacitaci\u00f3n del Deporte Laboral! Las instalaciones del Centro","og_url":"https:\/\/esbozodeportivo.com\/index.php\/2024\/06\/23\/el-centro-vacacional-de-oaxtpec-sera-la-sede-desde-el-28-de-julio\/","og_site_name":"Esbozo Deportivo","article_published_time":"2024-06-23T04:00:52+00:00","article_modified_time":"2024-06-23T04:05:00+00:00","og_image":[{"url":"https:\/\/esbozodeportivo.com\/wp-content\/uploads\/2024\/06\/activacionfis-1024x484.jpg","type":"","width":"","height":""}],"author":"Javier De La Cruz","twitter_card":"summary_large_image","twitter_misc":{"Escrito por":"Javier De La Cruz","Tiempo de lectura":"1 minuto"},"schema":{"@context":"https:\/\/schema.org","@graph":[{"@type":"Article","@id":"https:\/\/esbozodeportivo.com\/index.php\/2024\/06\/23\/el-centro-vacacional-de-oaxtpec-sera-la-sede-desde-el-28-de-julio\/#article","isPartOf":{"@id":"https:\/\/esbozodeportivo.com\/index.php\/2024\/06\/23\/el-centro-vacacional-de-oaxtpec-sera-la-sede-desde-el-28-de-julio\/"},"author":{"name":"Javier De La Cruz","@id":"https:\/\/esbozodeportivo.com\/#\/schema\/person\/7277119c98823aec37bbb84e125efd44"},"headline":"El Centro Vacacional de Oaxtpec ser\u00e1 la sede desde el 28 de julio","datePublished":"2024-06-23T04:00:52+00:00","dateModified":"2024-06-23T04:05:00+00:00","mainEntityOfPage":{"@id":"https:\/\/esbozodeportivo.com\/index.php\/2024\/06\/23\/el-centro-vacacional-de-oaxtpec-sera-la-sede-desde-el-28-de-julio\/"},"wordCount":280,"commentCount":0,"publisher":{"@id":"https:\/\/esbozodeportivo.com\/#organization"},"image":{"@id":"https:\/\/esbozodeportivo.com\/index.php\/2024\/06\/23\/el-centro-vacacional-de-oaxtpec-sera-la-sede-desde-el-28-de-julio\/#primaryimage"},"thumbnailUrl":"https:\/\/esbozodeportivo.com\/wp-content\/uploads\/2024\/06\/activacionfis-1024x484.jpg","articleSection":["Amateur"],"inLanguage":"es","potentialAction":[{"@type":"CommentAction","name":"Comment","target":["https:\/\/esbozodeportivo.com\/index.php\/2024\/06\/23\/el-centro-vacacional-de-oaxtpec-sera-la-sede-desde-el-28-de-julio\/#respond"]}]},{"@type":"WebPage","@id":"https:\/\/esbozodeportivo.com\/index.php\/2024\/06\/23\/el-centro-vacacional-de-oaxtpec-sera-la-sede-desde-el-28-de-julio\/","url":"https:\/\/esbozodeportivo.com\/index.php\/2024\/06\/23\/el-centro-vacacional-de-oaxtpec-sera-la-sede-desde-el-28-de-julio\/","name":"El Centro Vacacional de Oaxtpec ser\u00e1 la sede desde el 28 de julio - Esbozo Deportivo","isPartOf":{"@id":"https:\/\/esbozodeportivo.com\/#website"},"primaryImageOfPage":{"@id":"https:\/\/esbozodeportivo.com\/index.php\/2024\/06\/23\/el-centro-vacacional-de-oaxtpec-sera-la-sede-desde-el-28-de-julio\/#primaryimage"},"image":{"@id":"https:\/\/esbozodeportivo.com\/index.php\/2024\/06\/23\/el-centro-vacacional-de-oaxtpec-sera-la-sede-desde-el-28-de-julio\/#primaryimage"},"thumbnailUrl":"https:\/\/esbozodeportivo.com\/wp-content\/uploads\/2024\/06\/activacionfis-1024x484.jpg","datePublished":"2024-06-23T04:00:52+00:00","dateModified":"2024-06-23T04:05:00+00:00","breadcrumb":{"@id":"https:\/\/esbozodeportivo.com\/index.php\/2024\/06\/23\/el-centro-vacacional-de-oaxtpec-sera-la-sede-desde-el-28-de-julio\/#breadcrumb"},"inLanguage":"es","potentialAction":[{"@type":"ReadAction","target":["https:\/\/esbozodeportivo.com\/index.php\/2024\/06\/23\/el-centro-vacacional-de-oaxtpec-sera-la-sede-desde-el-28-de-julio\/"]}]},{"@type":"ImageObject","inLanguage":"es","@id":"https:\/\/esbozodeportivo.com\/index.php\/2024\/06\/23\/el-centro-vacacional-de-oaxtpec-sera-la-sede-desde-el-28-de-julio\/#primaryimage","url":"https:\/\/esbozodeportivo.com\/wp-content\/uploads\/2024\/06\/activacionfis.jpg","contentUrl":"https:\/\/esbozodeportivo.com\/wp-content\/uploads\/2024\/06\/activacionfis.jpg","width":1600,"height":756},{"@type":"BreadcrumbList","@id":"https:\/\/esbozodeportivo.com\/index.php\/2024\/06\/23\/el-centro-vacacional-de-oaxtpec-sera-la-sede-desde-el-28-de-julio\/#breadcrumb","itemListElement":[{"@type":"ListItem","position":1,"name":"Inicio","item":"https:\/\/esbozodeportivo.com\/"},{"@type":"ListItem","position":2,"name":"El Centro Vacacional de Oaxtpec ser\u00e1 la sede desde el 28 de julio"}]},{"@type":"WebSite","@id":"https:\/\/esbozodeportivo.com\/#website","url":"https:\/\/esbozodeportivo.com\/","name":"Esbozo Deportivo","description":"Lo m\u00e1s importante del Deporte","publisher":{"@id":"https:\/\/esbozodeportivo.com\/#organization"},"potentialAction":[{"@type":"SearchAction","target":{"@type":"EntryPoint","urlTemplate":"https:\/\/esbozodeportivo.com\/?s={search_term_string}"},"query-input":{"@type":"PropertyValueSpecification","valueRequired":true,"valueName":"search_term_string"}}],"inLanguage":"es"},{"@type":"Organization","@id":"https:\/\/esbozodeportivo.com\/#organization","name":"Esbozo Deportivo","url":"https:\/\/esbozodeportivo.com\/","logo":{"@type":"ImageObject","inLanguage":"es","@id":"https:\/\/esbozodeportivo.com\/#\/schema\/logo\/image\/","url":"https:\/\/esbozodeportivo.com\/wp-content\/uploads\/2022\/08\/cropped-Logo-Esbozo-Web-2.png","contentUrl":"https:\/\/esbozodeportivo.com\/wp-content\/uploads\/2022\/08\/cropped-Logo-Esbozo-Web-2.png","width":180,"height":50,"caption":"Esbozo Deportivo"},"image":{"@id":"https:\/\/esbozodeportivo.com\/#\/schema\/logo\/image\/"}},{"@type":"Person","@id":"https:\/\/esbozodeportivo.com\/#\/schema\/person\/7277119c98823aec37bbb84e125efd44","name":"Javier De La Cruz","image":{"@type":"ImageObject","inLanguage":"es","@id":"https:\/\/esbozodeportivo.com\/#\/schema\/person\/image\/","url":"https:\/\/secure.gravatar.com\/avatar\/366235a56d20f1a6e8e3d0b295897639357bea880470ddf261d17bb0bc052eb1?s=96&d=mm&r=g","contentUrl":"https:\/\/secure.gravatar.com\/avatar\/366235a56d20f1a6e8e3d0b295897639357bea880470ddf261d17bb0bc052eb1?s=96&d=mm&r=g","caption":"Javier De La Cruz"},"url":"https:\/\/esbozodeportivo.com\/index.php\/author\/javier-de-la-cruz-de-la-cruz\/"}]}},"jetpack_featured_media_url":"","jetpack_sharing_enabled":true,"_links":{"self":[{"href":"https:\/\/esbozodeportivo.com\/index.php\/wp-json\/wp\/v2\/posts\/3698","targetHints":{"allow":["GET"]}}],"collection":[{"href":"https:\/\/esbozodeportivo.com\/index.php\/wp-json\/wp\/v2\/posts"}],"about":[{"href":"https:\/\/esbozodeportivo.com\/index.php\/wp-json\/wp\/v2\/types\/post"}],"author":[{"embeddable":true,"href":"https:\/\/esbozodeportivo.com\/index.php\/wp-json\/wp\/v2\/users\/2"}],"replies":[{"embeddable":true,"href":"https:\/\/esbozodeportivo.com\/index.php\/wp-json\/wp\/v2\/comments?post=3698"}],"version-history":[{"count":4,"href":"https:\/\/esbozodeportivo.com\/index.php\/wp-json\/wp\/v2\/posts\/3698\/revisions"}],"predecessor-version":[{"id":3705,"href":"https:\/\/esbozodeportivo.com\/index.php\/wp-json\/wp\/v2\/posts\/3698\/revisions\/3705"}],"wp:attachment":[{"href":"https:\/\/esbozodeportivo.com\/index.php\/wp-json\/wp\/v2\/media?parent=3698"}],"wp:term":[{"taxonomy":"category","embeddable":true,"href":"https:\/\/esbozodeportivo.com\/index.php\/wp-json\/wp\/v2\/categories?post=3698"},{"taxonomy":"post_tag","embeddable":true,"href":"https:\/\/esbozodeportivo.com\/index.php\/wp-json\/wp\/v2\/tags?post=3698"}],"curies":[{"name":"wp","href":"https:\/\/api.w.org\/{rel}","templated":true}]}}