{"id":3706,"date":"2024-06-23T04:29:52","date_gmt":"2024-06-23T04:29:52","guid":{"rendered":"https:\/\/esbozodeportivo.com\/?p=3706"},"modified":"2024-06-23T04:32:37","modified_gmt":"2024-06-23T04:32:37","slug":"jorge-andres-iga-nadador-de-la-acuatica-nelson-vargas-califico-a-los-juegos-olimpicos","status":"publish","type":"post","link":"https:\/\/esbozodeportivo.com\/index.php\/2024\/06\/23\/jorge-andres-iga-nadador-de-la-acuatica-nelson-vargas-califico-a-los-juegos-olimpicos\/","title":{"rendered":"Jorge Andr\u00e9s Iga nadador de la Acu\u00e1tica Nelson Vargas Calific\u00f3 a los Juegos Ol\u00edmpicos"},"content":{"rendered":"<style>\/*! elementor - v3.22.0 - 17-06-2024 *\/\n.elementor-widget-image{text-align:center}.elementor-widget-image a{display:inline-block}.elementor-widget-image a img[src$=\".svg\"]{width:48px}.elementor-widget-image img{vertical-align:middle;display:inline-block}<\/style>\n<p>\t\t\t\t\t\t\t\t\t\t<img loading=\"lazy\" decoding=\"async\" width=\"640\" height=\"853\" src=\"https:\/\/esbozodeportivo.com\/wp-content\/uploads\/2024\/06\/nadador-768x1024.jpeg\" alt=\"\" srcset=\"https:\/\/esbozodeportivo.com\/wp-content\/uploads\/2024\/06\/nadador-768x1024.jpeg 768w, https:\/\/esbozodeportivo.com\/wp-content\/uploads\/2024\/06\/nadador-225x300.jpeg 225w, https:\/\/esbozodeportivo.com\/wp-content\/uploads\/2024\/06\/nadador-1152x1536.jpeg 1152w, https:\/\/esbozodeportivo.com\/wp-content\/uploads\/2024\/06\/nadador-1024x1365.jpeg 1024w, https:\/\/esbozodeportivo.com\/wp-content\/uploads\/2024\/06\/nadador.jpeg 1200w\" sizes=\"auto, (max-width: 640px) 100vw, 640px\" \/>\t\t\t\t\t\t\t\t\t\t\t\t\t<\/p>\n<p><strong>(Foto: acu\u00e1ticanelsonvargas)<\/p>\n<p><\/strong><\/p>\n<p>\u00daltima jornada de competencia en el marco del CCCAN, evento que se llev\u00f3 a cabo en nuestro pa\u00eds, donde Monterrey recibi\u00f3 a 600 nadadores de esta parte del continente que ven\u00edan a luchar, no s\u00f3lo por conquistar el p\u00f3dium del campeonato, adem\u00e1s, buscaban consolidar un tiempo que les permitiera alcanzar lo establecido por World Aquatics para asistir a la Justa Ol\u00edmpica.<\/p>\n<p>En Paris 2024 estar\u00e1 un tercer nadador de nuestro pa\u00eds, el integrante de <strong><em>acu\u00e1tica nelsonvargas<\/em><\/strong>, Jorge Andr\u00e9s Iga Cesar, quien logr\u00f3 en el \u00faltimo minuto de este encuentro internacional su clasificaci\u00f3n a la fiesta de los aros, esto en la prueba de los 100 m libre donde Iga Cesar detiene el cronometr\u00f3, en: 48.30, lo que le otorga la Marca A. De tenerse en cuenta que est\u00e1 se encuentra impuesta, en: 48.32.<\/p>\n<p>Este triunfo que ya es muy meritorio, tiene un ingrediente adicional, puesto que, Jorge Andr\u00e9s minutos antes ya hab\u00eda competido, esto en la prueba de los 100 m mariposa y sin perder la fe en sus entrenamientos, en su talento y en la que era su \u00faltima oportunidad para clasificar se va al agua, de nuevo, para probarse as\u00ed mismo y alcanzar la glor\u00eda, el cupo a los Juegos Ol\u00edmpicos.<\/p>\n<p>Para el representante de los mexicanos, esto es: <em>\u201c\u2026 Estoy muy feliz, muchas gracias profe (Profesor Nelson Vargas) lo logramos\u2026\u201d,<\/em> palabras que se escucharon y prosiguieron con las l\u00e1grimas que provocan este gran triunfo.<\/p>\n<p>Recordemos que el profesor Nelson Vargas ha venido luchando en los \u00faltimos a\u00f1os de diversas maneras para seguir respaldando a los atletas que hacen parte de su organizaci\u00f3n y, paralelamente, sin dejar de lado a aquellos que cuentan con tan alto nivel que merecen ser respaldados, aunque no hagan parte de su entidad.<\/p>\n<p>Es por esto que hace un poco m\u00e1s de dos a\u00f1os lider\u00f3, de manera extraordinaria la construcci\u00f3n del \u201c<strong><em>Fideicomiso Top 16<\/em><\/strong>\u201d, donde un grupo de empresarios de manera an\u00f3nima y con el respaldo del Lic. y ex deportista ol\u00edmpico, Luis Ni\u00f1o de Rivera como veedor a trav\u00e9s del Banco Azteca, se unieron para recaudar recursos enfocados en apoyar a los atletas con opciones ol\u00edmpicas y lograran continuar su preparaci\u00f3n y competir en diferentes puntos del planeta.<\/p>\n<p>Hoy el sue\u00f1o se logr\u00e1 y Jorge Andr\u00e9s Iga Cesar, se suma a Miguel De Lara &#8211; <strong><em>ANV<\/em><\/strong> y Gabriel Casta\u00f1o al avi\u00f3n que los llevar\u00e1 a cumplir su sue\u00f1o, vivir y gozar de la justa ol\u00edmpica en Paris 2024. Iga Cesar, junto a su familia hoy celebran la dicha de llegar al viejo continente a vivir la gloria del sue\u00f1o ol\u00edmpico<\/p>\n<p><u>Los resultados de la jornada: <\/u><\/p>\n<table>\n<tbody>\n<tr>\n<td width=\"57\">\n<h5><strong>No.<\/strong><\/h5>\n<\/td>\n<td width=\"76\">\n<h5><strong>PRESEA<\/strong><\/h5>\n<\/td>\n<td width=\"208\">\n<h5><strong>NOMBRE<\/strong><\/h5>\n<\/td>\n<td width=\"123\">\n<h5><strong>PRUEBA<\/strong><\/h5>\n<\/td>\n<\/tr>\n<tr>\n<td width=\"57\">\n<h5>1<\/h5>\n<\/td>\n<td width=\"76\">\n<h5>Plata<\/h5>\n<\/td>\n<td width=\"208\">\n<h5>Oscar Hern\u00e1ndez<\/h5>\n<\/td>\n<td width=\"123\">\n<h5>200 m combinado<\/h5>\n<\/td>\n<\/tr>\n<tr>\n<td width=\"57\">\n<h5>2<\/h5>\n<\/td>\n<td width=\"76\">\n<h5>Plata<\/h5>\n<\/td>\n<td width=\"208\">\n<h5>Oscar Hern\u00e1ndez<\/h5>\n<\/td>\n<td width=\"123\">\n<h5>200 m mariposa<\/h5>\n<\/td>\n<\/tr>\n<\/tbody>\n<\/table>\n<p><strong><u>El Estatal de Oro, donde se construyen los futuros campeones:<\/u><\/strong><\/p>\n<p>Nueva jornada del Estatal de Oro, que se lleva a cabo en la Alberca del Centro Deportivo Tultitl\u00e1n en el Estado de M\u00e9xico, y donde 96 nadadores de <strong><em>acu\u00e1tica nelsonvargas<\/em><\/strong> han conquistado, de manera extraordinaria un total, de: 68 preseas en las dos jornadas.<\/p>\n<p>Aqu\u00ed en estos espacios es donde los atletas empiezan a construir el camino, conociendo sus capacidades y dificultades en competencia, construyendo brazada a brazada la excelencia, para llegar, en un par de a\u00f1o a lo m\u00e1s alto de la competencia internacional.<\/p>\n<p><u>Total de preseas: <\/u><\/p>\n<table>\n<tbody>\n<tr>\n<td width=\"69\">\n<p><strong>COLOR <\/strong><\/p>\n<\/td>\n<td width=\"62\">\n<p><strong>TOTAL<\/strong><\/p>\n<\/td>\n<\/tr>\n<tr>\n<td width=\"69\">\n<p>Oro<\/p>\n<\/td>\n<td width=\"62\">\n<p>28<\/p>\n<\/td>\n<\/tr>\n<tr>\n<td width=\"69\">\n<p>Plata<\/p>\n<\/td>\n<td width=\"62\">\n<p>21<\/p>\n<\/td>\n<\/tr>\n<tr>\n<td width=\"69\">\n<p>Bronce<\/p>\n<\/td>\n<td width=\"62\">\n<p>19<\/p>\n<\/td>\n<\/tr>\n<tr>\n<td colspan=\"2\" width=\"131\">\n<p><strong>TOTAL 68<\/strong><\/p>\n<\/td>\n<\/tr>\n<\/tbody>\n<\/table>\n<p><u>Los resultados de la jornada: <\/u><strong>Evento 27 Ni\u00f1as 7-8 100mts. Libres <\/strong><\/p>\n<table>\n<tbody>\n<tr>\n<td width=\"83\">\n<p><strong>POSICI\u00d3N<\/strong><\/p>\n<\/td>\n<td width=\"145\">\n<p><strong>NOMBRE<\/strong><\/p>\n<\/td>\n<td width=\"104\">\n<p><strong>TIEMPO<\/strong><\/p>\n<\/td>\n<\/tr>\n<tr>\n<td width=\"83\">\n<p>Oro<\/p>\n<\/td>\n<td width=\"145\">\n<p>Sandra Bevia Correa<\/p>\n<\/td>\n<td width=\"104\">\n<p>1:26.27\u00a0<\/p>\n<\/td>\n<\/tr>\n<tr>\n<td width=\"83\">\n<p>Plata<\/p>\n<\/td>\n<td width=\"145\">\n<p>Danna Sofia Mart\u00ednez<\/p>\n<\/td>\n<td width=\"104\">\n<p>1:29.93\u00a0<\/p>\n<\/td>\n<\/tr>\n<\/tbody>\n<\/table>\n<p><strong>Evento 29 Ni\u00f1as 11-12 200mts. Pecho<\/strong><\/p>\n<table>\n<tbody>\n<tr>\n<td width=\"83\">\n<p><strong>POSICI\u00d3N<\/strong><\/p>\n<\/td>\n<td width=\"145\">\n<p><strong>NOMBRE<\/strong><\/p>\n<\/td>\n<td width=\"104\">\n<p><strong>TIEMPO<\/strong><\/p>\n<\/td>\n<\/tr>\n<tr>\n<td width=\"83\">\n<p>Bronce<\/p>\n<\/td>\n<td width=\"145\">\n<p>Karen Albarr\u00e1n D.<\/p>\n<\/td>\n<td width=\"104\">\n<p>3:14.81\u00a0<\/p>\n<\/td>\n<\/tr>\n<\/tbody>\n<\/table>\n<p><strong>Evento 30 Ni\u00f1os 11-12 200mts. Pecho <\/strong><\/p>\n<table>\n<tbody>\n<tr>\n<td width=\"83\">\n<p><strong>POSICI\u00d3N<\/strong><\/p>\n<\/td>\n<td width=\"145\">\n<p><strong>NOMBRE<\/strong><\/p>\n<\/td>\n<td width=\"104\">\n<p><strong>TIEMPO<\/strong><\/p>\n<\/td>\n<\/tr>\n<tr>\n<td width=\"83\">\n<p>Oro<\/p>\n<\/td>\n<td width=\"145\">\n<p>Santiago Acevedo<\/p>\n<\/td>\n<td width=\"104\">\n<p>3:01.72<\/p>\n<\/td>\n<\/tr>\n<tr>\n<td width=\"83\">\n<p>Bronce<\/p>\n<\/td>\n<td width=\"145\">\n<p>Carlos E Hidalgo<\/p>\n<\/td>\n<td width=\"104\">\n<p>3:09.38<\/p>\n<\/td>\n<\/tr>\n<\/tbody>\n<\/table>\n<p><strong>Evento 31 Ni\u00f1as 7-8 50mts. Dorso <\/strong><\/p>\n<table>\n<tbody>\n<tr>\n<td width=\"83\">\n<p><strong>POSICI\u00d3N<\/strong><\/p>\n<\/td>\n<td width=\"145\">\n<p><strong>NOMBRE<\/strong><\/p>\n<\/td>\n<td width=\"104\">\n<p><strong>TIEMPO<\/strong><\/p>\n<\/td>\n<\/tr>\n<tr>\n<td width=\"83\">\n<p>Oro<\/p>\n<\/td>\n<td width=\"145\">\n<p>Sandra Bevia Correa<\/p>\n<\/td>\n<td width=\"104\">\n<p>44.97\u00a0\u00a0\u00a0<\/p>\n<\/td>\n<\/tr>\n<tr>\n<td width=\"83\">\n<p>Plata<\/p>\n<\/td>\n<td width=\"145\">\n<p>Danna Sofia Mart\u00ednez<\/p>\n<\/td>\n<td width=\"104\">\n<p>47.53\u00a0\u00a0\u00a0<\/p>\n<\/td>\n<\/tr>\n<\/tbody>\n<\/table>\n<p><strong>Evento 33 Ni\u00f1as 9-10 50mts. Pecho <\/strong><\/p>\n<table>\n<tbody>\n<tr>\n<td width=\"83\">\n<p><strong>POSICI\u00d3N<\/strong><\/p>\n<\/td>\n<td width=\"145\">\n<p><strong>NOMBRE<\/strong><\/p>\n<\/td>\n<td width=\"104\">\n<p><strong>TIEMPO<\/strong><\/p>\n<\/td>\n<\/tr>\n<tr>\n<td width=\"83\">\n<p>Oro<\/p>\n<\/td>\n<td width=\"145\">\n<p>Sophia Ram\u00edrez<\/p>\n<\/td>\n<td width=\"104\">\n<p>46.25<\/p>\n<\/td>\n<\/tr>\n<tr>\n<td width=\"83\">\n<p>Bronce<\/p>\n<\/td>\n<td width=\"145\">\n<p>Kumi Hirata Paniagua<\/p>\n<\/td>\n<td width=\"104\">\n<p>50.12\u00a0\u00a0\u00a0<\/p>\n<\/td>\n<\/tr>\n<\/tbody>\n<\/table>\n<p><strong>Evento 34 Ni\u00f1os 9-10 50mts. Pecho <\/strong><\/p>\n<table>\n<tbody>\n<tr>\n<td width=\"83\">\n<p><strong>POSICI\u00d3N<\/strong><\/p>\n<\/td>\n<td width=\"145\">\n<p><strong>NOMBRE<\/strong><\/p>\n<\/td>\n<td width=\"104\">\n<p><strong>TIEMPO<\/strong><\/p>\n<\/td>\n<\/tr>\n<tr>\n<td width=\"83\">\n<p>Oro<\/p>\n<\/td>\n<td width=\"145\">\n<p>Santiago Ram\u00edrez<\/p>\n<\/td>\n<td width=\"104\">\n<p>46.43\u00a0\u00a0\u00a0<\/p>\n<\/td>\n<\/tr>\n<tr>\n<td width=\"83\">\n<p>Plata<\/p>\n<\/td>\n<td width=\"145\">\n<p>Mateo Mart\u00ednez Ruiz<\/p>\n<\/td>\n<td width=\"104\">\n<p>48.08<\/p>\n<\/td>\n<\/tr>\n<tr>\n<td width=\"83\">\n<p>Bronce<\/p>\n<\/td>\n<td width=\"145\">\n<p>Hever D Honorato<\/p>\n<\/td>\n<td width=\"104\">\n<p>48.75<\/p>\n<\/td>\n<\/tr>\n<\/tbody>\n<\/table>\n<p><strong>Evento 35 Ni\u00f1as 11-12 100mts. Mariposa <\/strong><\/p>\n<table>\n<tbody>\n<tr>\n<td width=\"83\">\n<p><strong>POSICI\u00d3N<\/strong><\/p>\n<\/td>\n<td width=\"145\">\n<p><strong>NOMBRE<\/strong><\/p>\n<\/td>\n<td width=\"104\">\n<p><strong>TIEMPO<\/strong><\/p>\n<\/td>\n<\/tr>\n<tr>\n<td width=\"83\">\n<p>Oro<\/p>\n<\/td>\n<td width=\"145\">\n<p>Valentina Gonz\u00e1lez<\/p>\n<\/td>\n<td width=\"104\">\n<p>1:12.36<\/p>\n<\/td>\n<\/tr>\n<\/tbody>\n<\/table>\n<p><strong>Evento 36 Ni\u00f1os 11-12 100mts. Mariposa <\/strong><\/p>\n<table>\n<tbody>\n<tr>\n<td width=\"83\">\n<p><strong>POSICI\u00d3N<\/strong><\/p>\n<\/td>\n<td width=\"145\">\n<p><strong>NOMBRE<\/strong><\/p>\n<\/td>\n<td width=\"104\">\n<p><strong>TIEMPO<\/strong><\/p>\n<\/td>\n<\/tr>\n<tr>\n<td width=\"83\">\n<p>Oro<\/p>\n<\/td>\n<td width=\"145\">\n<p>Ian Cruz Ugartechea<\/p>\n<\/td>\n<td width=\"104\">\n<p>1:10.56<\/p>\n<\/td>\n<\/tr>\n<tr>\n<td width=\"83\">\n<p>Plata<\/p>\n<\/td>\n<td width=\"145\">\n<p>Ian Ornelas Paz<\/p>\n<\/td>\n<td width=\"104\">\n<p>1:13.94<\/p>\n<\/td>\n<\/tr>\n<tr>\n<td width=\"83\">\n<p>Bronce<\/p>\n<\/td>\n<td width=\"145\">\n<p>Nicolas L\u00f3pez Robles<\/p>\n<\/td>\n<td width=\"104\">\n<p>1:16.31<\/p>\n<\/td>\n<\/tr>\n<\/tbody>\n<\/table>\n<p><strong>\u00a0<\/strong><strong>Evento 37 Ni\u00f1as 9-10 100mts. Mariposa <\/strong><\/p>\n<table>\n<tbody>\n<tr>\n<td width=\"83\">\n<p><strong>POSICI\u00d3N<\/strong><\/p>\n<\/td>\n<td width=\"145\">\n<p><strong>NOMBRE<\/strong><\/p>\n<\/td>\n<td width=\"104\">\n<p><strong>TIEMPO<\/strong><\/p>\n<\/td>\n<\/tr>\n<tr>\n<td width=\"83\">\n<p>Oro<\/p>\n<\/td>\n<td width=\"145\">\n<p>F\u00e1tima Vallarte C<\/p>\n<\/td>\n<td width=\"104\">\n<p>1:28.99<\/p>\n<\/td>\n<\/tr>\n<\/tbody>\n<\/table>\n<p><strong>\u00a0<\/strong><strong>Evento 38 Ni\u00f1os 9-10 100mts. Mariposa <\/strong><\/p>\n<table>\n<tbody>\n<tr>\n<td width=\"83\">\n<p><strong>POSICI\u00d3N<\/strong><\/p>\n<\/td>\n<td width=\"145\">\n<p><strong>NOMBRE<\/strong><\/p>\n<\/td>\n<td width=\"104\">\n<p><strong>TIEMPO<\/strong><\/p>\n<\/td>\n<\/tr>\n<tr>\n<td width=\"83\">\n<p>Oro<\/p>\n<\/td>\n<td width=\"145\">\n<p>Nicolas Aranda J<\/p>\n<\/td>\n<td width=\"104\">\n<p>1:23.94<\/p>\n<\/td>\n<\/tr>\n<tr>\n<td width=\"83\">\n<p>Bronce<\/p>\n<\/td>\n<td width=\"145\">\n<p>Federico Sebasti\u00e1n<\/p>\n<\/td>\n<td width=\"104\">\n<p>1:25.23<\/p>\n<\/td>\n<\/tr>\n<\/tbody>\n<\/table>\n<p><strong>\u00a0<\/strong><strong>Evento 41 Ni\u00f1as 11-12 50mts. Dorso <\/strong><\/p>\n<table>\n<tbody>\n<tr>\n<td width=\"83\">\n<p><strong>POSICI\u00d3N<\/strong><\/p>\n<\/td>\n<td width=\"145\">\n<p><strong>NOMBRE<\/strong><\/p>\n<\/td>\n<td width=\"104\">\n<p><strong>TIEMPO<\/strong><\/p>\n<\/td>\n<\/tr>\n<tr>\n<td width=\"83\">\n<p>Plata<\/p>\n<\/td>\n<td width=\"145\">\n<p>Sarah Guerrero V.<\/p>\n<\/td>\n<td width=\"104\">\n<p>34.80<\/p>\n<\/td>\n<\/tr>\n<tr>\n<td width=\"83\">\n<p>Bronce<\/p>\n<\/td>\n<td width=\"145\">\n<p>Valentina Lomel\u00ed<\/p>\n<\/td>\n<td width=\"104\">\n<p>3\u00b0<\/p>\n<\/td>\n<\/tr>\n<\/tbody>\n<\/table>\n<p><strong>\u00a0<\/strong><strong>Evento 42 Ni\u00f1os 11-12 50mts. Dorso <\/strong><\/p>\n<table>\n<tbody>\n<tr>\n<td width=\"83\">\n<p><strong>POSICI\u00d3N<\/strong><\/p>\n<\/td>\n<td width=\"145\">\n<p><strong>NOMBRE<\/strong><\/p>\n<\/td>\n<td width=\"104\">\n<p><strong>TIEMPO<\/strong><\/p>\n<\/td>\n<\/tr>\n<tr>\n<td width=\"83\">\n<p>Oro<\/p>\n<\/td>\n<td width=\"145\">\n<p>Nicolas L\u00f3pez Robles\u00a0\u00a0\u00a0\u00a0\u00a0\u00a0\u00a0\u00a0\u00a0\u00a0\u00a0\u00a0\u00a0\u00a0<\/p>\n<\/td>\n<td width=\"104\">\n<p>33.91\u00a0\u00a0\u00a0\u00a0\u00a0\u00a0\u00a0\u00a0\u00a0\u00a0\u00a0\u00a0\u00a0\u00a0\u00a0\u00a0<\/p>\n<\/td>\n<\/tr>\n<\/tbody>\n<\/table>\n<p><strong>Evento 45 Ni\u00f1as 11-12 200 Mts Libres. <\/strong><\/p>\n<table>\n<tbody>\n<tr>\n<td width=\"83\">\n<p><strong>POSICI\u00d3N<\/strong><\/p>\n<\/td>\n<td width=\"145\">\n<p><strong>NOMBRE<\/strong><\/p>\n<\/td>\n<td width=\"104\">\n<p><strong>TIEMPO<\/strong><\/p>\n<\/td>\n<\/tr>\n<tr>\n<td width=\"83\">\n<p>Oro<\/p>\n<\/td>\n<td width=\"145\">\n<p>Valentina Gonz\u00e1lez P<\/p>\n<\/td>\n<td width=\"104\">\n<p>2:19.70<\/p>\n<\/td>\n<\/tr>\n<tr>\n<td width=\"83\">\n<p>Plata<\/p>\n<\/td>\n<td width=\"145\">\n<p>Karen Albarr\u00e1n<\/p>\n<\/td>\n<td width=\"104\">\n<p>2:23.75<\/p>\n<\/td>\n<\/tr>\n<\/tbody>\n<\/table>\n<p><strong>\u00a0<\/strong><strong>Evento 46 Ni\u00f1os 11-12 200 Mts Libres. <\/strong><\/p>\n<table>\n<tbody>\n<tr>\n<td width=\"83\">\n<p><strong>POSICI\u00d3N<\/strong><\/p>\n<\/td>\n<td width=\"145\">\n<p><strong>NOMBRE<\/strong><\/p>\n<\/td>\n<td width=\"104\">\n<p><strong>TIEMPO<\/strong><\/p>\n<\/td>\n<\/tr>\n<tr>\n<td width=\"83\">\n<p>Oro<\/p>\n<\/td>\n<td width=\"145\">\n<p>Ian Cruz Ugartechea\u00a0\u00a0\u00a0\u00a0\u00a0\u00a0\u00a0\u00a0\u00a0\u00a0\u00a0\u00a0\u00a0\u00a0<\/p>\n<\/td>\n<td width=\"104\">\n<p>2:16.82\u00a0\u00a0\u00a0\u00a0\u00a0\u00a0\u00a0\u00a0\u00a0\u00a0\u00a0\u00a0\u00a0\u00a0<\/p>\n<\/td>\n<\/tr>\n<tr>\n<td width=\"83\">\n<p>Plata<\/p>\n<\/td>\n<td width=\"145\">\n<p>Ian Ornelas Paz\u00a0\u00a0\u00a0\u00a0\u00a0\u00a0\u00a0\u00a0\u00a0\u00a0\u00a0\u00a0\u00a0\u00a0\u00a0\u00a0\u00a0\u00a0\u00a0\u00a0\u00a0\u00a0\u00a0\u00a0<\/p>\n<\/td>\n<td width=\"104\">\n<p>2:20.36\u00a0\u00a0\u00a0\u00a0\u00a0\u00a0\u00a0\u00a0\u00a0\u00a0\u00a0\u00a0\u00a0\u00a0<\/p>\n<\/td>\n<\/tr>\n<\/tbody>\n<\/table>\n<p>\u00a0<\/p>\n","protected":false},"excerpt":{"rendered":"<p>(Foto: acu\u00e1ticanelsonvargas) \u00daltima jornada de competencia en el marco del CCCAN, evento que se llev\u00f3<\/p>\n","protected":false},"author":2,"featured_media":0,"comment_status":"open","ping_status":"open","sticky":false,"template":"","format":"standard","meta":{"_jetpack_memberships_contains_paid_content":false,"footnotes":""},"categories":[5],"tags":[],"class_list":["post-3706","post","type-post","status-publish","format-standard","hentry","category-amateur"],"yoast_head":"<!-- This site is optimized with the Yoast SEO plugin v25.7 - https:\/\/yoast.com\/wordpress\/plugins\/seo\/ -->\n<title>Jorge Andr\u00e9s Iga nadador de la Acu\u00e1tica Nelson Vargas Calific\u00f3 a los Juegos Ol\u00edmpicos - Esbozo Deportivo<\/title>\n<meta name=\"robots\" content=\"index, follow, max-snippet:-1, max-image-preview:large, max-video-preview:-1\" \/>\n<link rel=\"canonical\" href=\"https:\/\/esbozodeportivo.com\/index.php\/2024\/06\/23\/jorge-andres-iga-nadador-de-la-acuatica-nelson-vargas-califico-a-los-juegos-olimpicos\/\" \/>\n<meta property=\"og:locale\" content=\"es_MX\" \/>\n<meta property=\"og:type\" content=\"article\" \/>\n<meta property=\"og:title\" content=\"Jorge Andr\u00e9s Iga nadador de la Acu\u00e1tica Nelson Vargas Calific\u00f3 a los Juegos Ol\u00edmpicos - Esbozo Deportivo\" \/>\n<meta property=\"og:description\" content=\"(Foto: acu\u00e1ticanelsonvargas) \u00daltima jornada de competencia en el marco del CCCAN, evento que se llev\u00f3\" \/>\n<meta property=\"og:url\" content=\"https:\/\/esbozodeportivo.com\/index.php\/2024\/06\/23\/jorge-andres-iga-nadador-de-la-acuatica-nelson-vargas-califico-a-los-juegos-olimpicos\/\" \/>\n<meta property=\"og:site_name\" content=\"Esbozo Deportivo\" \/>\n<meta property=\"article:published_time\" content=\"2024-06-23T04:29:52+00:00\" \/>\n<meta property=\"article:modified_time\" content=\"2024-06-23T04:32:37+00:00\" \/>\n<meta property=\"og:image\" content=\"https:\/\/esbozodeportivo.com\/wp-content\/uploads\/2024\/06\/nadador-768x1024.jpeg\" \/>\n<meta name=\"author\" content=\"Javier De La Cruz\" \/>\n<meta name=\"twitter:card\" content=\"summary_large_image\" \/>\n<meta name=\"twitter:label1\" content=\"Escrito por\" \/>\n\t<meta name=\"twitter:data1\" content=\"Javier De La Cruz\" \/>\n\t<meta name=\"twitter:label2\" content=\"Tiempo de lectura\" \/>\n\t<meta name=\"twitter:data2\" content=\"4 minutos\" \/>\n<script type=\"application\/ld+json\" class=\"yoast-schema-graph\">{\"@context\":\"https:\/\/schema.org\",\"@graph\":[{\"@type\":\"Article\",\"@id\":\"https:\/\/esbozodeportivo.com\/index.php\/2024\/06\/23\/jorge-andres-iga-nadador-de-la-acuatica-nelson-vargas-califico-a-los-juegos-olimpicos\/#article\",\"isPartOf\":{\"@id\":\"https:\/\/esbozodeportivo.com\/index.php\/2024\/06\/23\/jorge-andres-iga-nadador-de-la-acuatica-nelson-vargas-califico-a-los-juegos-olimpicos\/\"},\"author\":{\"name\":\"Javier De La Cruz\",\"@id\":\"https:\/\/esbozodeportivo.com\/#\/schema\/person\/7277119c98823aec37bbb84e125efd44\"},\"headline\":\"Jorge Andr\u00e9s Iga nadador de la Acu\u00e1tica Nelson Vargas Calific\u00f3 a los Juegos Ol\u00edmpicos\",\"datePublished\":\"2024-06-23T04:29:52+00:00\",\"dateModified\":\"2024-06-23T04:32:37+00:00\",\"mainEntityOfPage\":{\"@id\":\"https:\/\/esbozodeportivo.com\/index.php\/2024\/06\/23\/jorge-andres-iga-nadador-de-la-acuatica-nelson-vargas-califico-a-los-juegos-olimpicos\/\"},\"wordCount\":856,\"commentCount\":0,\"publisher\":{\"@id\":\"https:\/\/esbozodeportivo.com\/#organization\"},\"image\":{\"@id\":\"https:\/\/esbozodeportivo.com\/index.php\/2024\/06\/23\/jorge-andres-iga-nadador-de-la-acuatica-nelson-vargas-califico-a-los-juegos-olimpicos\/#primaryimage\"},\"thumbnailUrl\":\"https:\/\/esbozodeportivo.com\/wp-content\/uploads\/2024\/06\/nadador-768x1024.jpeg\",\"articleSection\":[\"Amateur\"],\"inLanguage\":\"es\",\"potentialAction\":[{\"@type\":\"CommentAction\",\"name\":\"Comment\",\"target\":[\"https:\/\/esbozodeportivo.com\/index.php\/2024\/06\/23\/jorge-andres-iga-nadador-de-la-acuatica-nelson-vargas-califico-a-los-juegos-olimpicos\/#respond\"]}]},{\"@type\":\"WebPage\",\"@id\":\"https:\/\/esbozodeportivo.com\/index.php\/2024\/06\/23\/jorge-andres-iga-nadador-de-la-acuatica-nelson-vargas-califico-a-los-juegos-olimpicos\/\",\"url\":\"https:\/\/esbozodeportivo.com\/index.php\/2024\/06\/23\/jorge-andres-iga-nadador-de-la-acuatica-nelson-vargas-califico-a-los-juegos-olimpicos\/\",\"name\":\"Jorge Andr\u00e9s Iga nadador de la Acu\u00e1tica Nelson Vargas Calific\u00f3 a los Juegos Ol\u00edmpicos - Esbozo Deportivo\",\"isPartOf\":{\"@id\":\"https:\/\/esbozodeportivo.com\/#website\"},\"primaryImageOfPage\":{\"@id\":\"https:\/\/esbozodeportivo.com\/index.php\/2024\/06\/23\/jorge-andres-iga-nadador-de-la-acuatica-nelson-vargas-califico-a-los-juegos-olimpicos\/#primaryimage\"},\"image\":{\"@id\":\"https:\/\/esbozodeportivo.com\/index.php\/2024\/06\/23\/jorge-andres-iga-nadador-de-la-acuatica-nelson-vargas-califico-a-los-juegos-olimpicos\/#primaryimage\"},\"thumbnailUrl\":\"https:\/\/esbozodeportivo.com\/wp-content\/uploads\/2024\/06\/nadador-768x1024.jpeg\",\"datePublished\":\"2024-06-23T04:29:52+00:00\",\"dateModified\":\"2024-06-23T04:32:37+00:00\",\"breadcrumb\":{\"@id\":\"https:\/\/esbozodeportivo.com\/index.php\/2024\/06\/23\/jorge-andres-iga-nadador-de-la-acuatica-nelson-vargas-califico-a-los-juegos-olimpicos\/#breadcrumb\"},\"inLanguage\":\"es\",\"potentialAction\":[{\"@type\":\"ReadAction\",\"target\":[\"https:\/\/esbozodeportivo.com\/index.php\/2024\/06\/23\/jorge-andres-iga-nadador-de-la-acuatica-nelson-vargas-califico-a-los-juegos-olimpicos\/\"]}]},{\"@type\":\"ImageObject\",\"inLanguage\":\"es\",\"@id\":\"https:\/\/esbozodeportivo.com\/index.php\/2024\/06\/23\/jorge-andres-iga-nadador-de-la-acuatica-nelson-vargas-califico-a-los-juegos-olimpicos\/#primaryimage\",\"url\":\"https:\/\/esbozodeportivo.com\/wp-content\/uploads\/2024\/06\/nadador-768x1024.jpeg\",\"contentUrl\":\"https:\/\/esbozodeportivo.com\/wp-content\/uploads\/2024\/06\/nadador-768x1024.jpeg\"},{\"@type\":\"BreadcrumbList\",\"@id\":\"https:\/\/esbozodeportivo.com\/index.php\/2024\/06\/23\/jorge-andres-iga-nadador-de-la-acuatica-nelson-vargas-califico-a-los-juegos-olimpicos\/#breadcrumb\",\"itemListElement\":[{\"@type\":\"ListItem\",\"position\":1,\"name\":\"Inicio\",\"item\":\"https:\/\/esbozodeportivo.com\/\"},{\"@type\":\"ListItem\",\"position\":2,\"name\":\"Jorge Andr\u00e9s Iga nadador de la Acu\u00e1tica Nelson Vargas Calific\u00f3 a los Juegos Ol\u00edmpicos\"}]},{\"@type\":\"WebSite\",\"@id\":\"https:\/\/esbozodeportivo.com\/#website\",\"url\":\"https:\/\/esbozodeportivo.com\/\",\"name\":\"Esbozo Deportivo\",\"description\":\"Lo m\u00e1s importante del Deporte\",\"publisher\":{\"@id\":\"https:\/\/esbozodeportivo.com\/#organization\"},\"potentialAction\":[{\"@type\":\"SearchAction\",\"target\":{\"@type\":\"EntryPoint\",\"urlTemplate\":\"https:\/\/esbozodeportivo.com\/?s={search_term_string}\"},\"query-input\":{\"@type\":\"PropertyValueSpecification\",\"valueRequired\":true,\"valueName\":\"search_term_string\"}}],\"inLanguage\":\"es\"},{\"@type\":\"Organization\",\"@id\":\"https:\/\/esbozodeportivo.com\/#organization\",\"name\":\"Esbozo Deportivo\",\"url\":\"https:\/\/esbozodeportivo.com\/\",\"logo\":{\"@type\":\"ImageObject\",\"inLanguage\":\"es\",\"@id\":\"https:\/\/esbozodeportivo.com\/#\/schema\/logo\/image\/\",\"url\":\"https:\/\/esbozodeportivo.com\/wp-content\/uploads\/2022\/08\/cropped-Logo-Esbozo-Web-2.png\",\"contentUrl\":\"https:\/\/esbozodeportivo.com\/wp-content\/uploads\/2022\/08\/cropped-Logo-Esbozo-Web-2.png\",\"width\":180,\"height\":50,\"caption\":\"Esbozo Deportivo\"},\"image\":{\"@id\":\"https:\/\/esbozodeportivo.com\/#\/schema\/logo\/image\/\"}},{\"@type\":\"Person\",\"@id\":\"https:\/\/esbozodeportivo.com\/#\/schema\/person\/7277119c98823aec37bbb84e125efd44\",\"name\":\"Javier De La Cruz\",\"image\":{\"@type\":\"ImageObject\",\"inLanguage\":\"es\",\"@id\":\"https:\/\/esbozodeportivo.com\/#\/schema\/person\/image\/\",\"url\":\"https:\/\/secure.gravatar.com\/avatar\/366235a56d20f1a6e8e3d0b295897639357bea880470ddf261d17bb0bc052eb1?s=96&d=mm&r=g\",\"contentUrl\":\"https:\/\/secure.gravatar.com\/avatar\/366235a56d20f1a6e8e3d0b295897639357bea880470ddf261d17bb0bc052eb1?s=96&d=mm&r=g\",\"caption\":\"Javier De La Cruz\"},\"url\":\"https:\/\/esbozodeportivo.com\/index.php\/author\/javier-de-la-cruz-de-la-cruz\/\"}]}<\/script>\n<!-- \/ Yoast SEO plugin. -->","yoast_head_json":{"title":"Jorge Andr\u00e9s Iga nadador de la Acu\u00e1tica Nelson Vargas Calific\u00f3 a los Juegos Ol\u00edmpicos - Esbozo Deportivo","robots":{"index":"index","follow":"follow","max-snippet":"max-snippet:-1","max-image-preview":"max-image-preview:large","max-video-preview":"max-video-preview:-1"},"canonical":"https:\/\/esbozodeportivo.com\/index.php\/2024\/06\/23\/jorge-andres-iga-nadador-de-la-acuatica-nelson-vargas-califico-a-los-juegos-olimpicos\/","og_locale":"es_MX","og_type":"article","og_title":"Jorge Andr\u00e9s Iga nadador de la Acu\u00e1tica Nelson Vargas Calific\u00f3 a los Juegos Ol\u00edmpicos - Esbozo Deportivo","og_description":"(Foto: acu\u00e1ticanelsonvargas) \u00daltima jornada de competencia en el marco del CCCAN, evento que se llev\u00f3","og_url":"https:\/\/esbozodeportivo.com\/index.php\/2024\/06\/23\/jorge-andres-iga-nadador-de-la-acuatica-nelson-vargas-califico-a-los-juegos-olimpicos\/","og_site_name":"Esbozo Deportivo","article_published_time":"2024-06-23T04:29:52+00:00","article_modified_time":"2024-06-23T04:32:37+00:00","og_image":[{"url":"https:\/\/esbozodeportivo.com\/wp-content\/uploads\/2024\/06\/nadador-768x1024.jpeg","type":"","width":"","height":""}],"author":"Javier De La Cruz","twitter_card":"summary_large_image","twitter_misc":{"Escrito por":"Javier De La Cruz","Tiempo de lectura":"4 minutos"},"schema":{"@context":"https:\/\/schema.org","@graph":[{"@type":"Article","@id":"https:\/\/esbozodeportivo.com\/index.php\/2024\/06\/23\/jorge-andres-iga-nadador-de-la-acuatica-nelson-vargas-califico-a-los-juegos-olimpicos\/#article","isPartOf":{"@id":"https:\/\/esbozodeportivo.com\/index.php\/2024\/06\/23\/jorge-andres-iga-nadador-de-la-acuatica-nelson-vargas-califico-a-los-juegos-olimpicos\/"},"author":{"name":"Javier De La Cruz","@id":"https:\/\/esbozodeportivo.com\/#\/schema\/person\/7277119c98823aec37bbb84e125efd44"},"headline":"Jorge Andr\u00e9s Iga nadador de la Acu\u00e1tica Nelson Vargas Calific\u00f3 a los Juegos Ol\u00edmpicos","datePublished":"2024-06-23T04:29:52+00:00","dateModified":"2024-06-23T04:32:37+00:00","mainEntityOfPage":{"@id":"https:\/\/esbozodeportivo.com\/index.php\/2024\/06\/23\/jorge-andres-iga-nadador-de-la-acuatica-nelson-vargas-califico-a-los-juegos-olimpicos\/"},"wordCount":856,"commentCount":0,"publisher":{"@id":"https:\/\/esbozodeportivo.com\/#organization"},"image":{"@id":"https:\/\/esbozodeportivo.com\/index.php\/2024\/06\/23\/jorge-andres-iga-nadador-de-la-acuatica-nelson-vargas-califico-a-los-juegos-olimpicos\/#primaryimage"},"thumbnailUrl":"https:\/\/esbozodeportivo.com\/wp-content\/uploads\/2024\/06\/nadador-768x1024.jpeg","articleSection":["Amateur"],"inLanguage":"es","potentialAction":[{"@type":"CommentAction","name":"Comment","target":["https:\/\/esbozodeportivo.com\/index.php\/2024\/06\/23\/jorge-andres-iga-nadador-de-la-acuatica-nelson-vargas-califico-a-los-juegos-olimpicos\/#respond"]}]},{"@type":"WebPage","@id":"https:\/\/esbozodeportivo.com\/index.php\/2024\/06\/23\/jorge-andres-iga-nadador-de-la-acuatica-nelson-vargas-califico-a-los-juegos-olimpicos\/","url":"https:\/\/esbozodeportivo.com\/index.php\/2024\/06\/23\/jorge-andres-iga-nadador-de-la-acuatica-nelson-vargas-califico-a-los-juegos-olimpicos\/","name":"Jorge Andr\u00e9s Iga nadador de la Acu\u00e1tica Nelson Vargas Calific\u00f3 a los Juegos Ol\u00edmpicos - Esbozo Deportivo","isPartOf":{"@id":"https:\/\/esbozodeportivo.com\/#website"},"primaryImageOfPage":{"@id":"https:\/\/esbozodeportivo.com\/index.php\/2024\/06\/23\/jorge-andres-iga-nadador-de-la-acuatica-nelson-vargas-califico-a-los-juegos-olimpicos\/#primaryimage"},"image":{"@id":"https:\/\/esbozodeportivo.com\/index.php\/2024\/06\/23\/jorge-andres-iga-nadador-de-la-acuatica-nelson-vargas-califico-a-los-juegos-olimpicos\/#primaryimage"},"thumbnailUrl":"https:\/\/esbozodeportivo.com\/wp-content\/uploads\/2024\/06\/nadador-768x1024.jpeg","datePublished":"2024-06-23T04:29:52+00:00","dateModified":"2024-06-23T04:32:37+00:00","breadcrumb":{"@id":"https:\/\/esbozodeportivo.com\/index.php\/2024\/06\/23\/jorge-andres-iga-nadador-de-la-acuatica-nelson-vargas-califico-a-los-juegos-olimpicos\/#breadcrumb"},"inLanguage":"es","potentialAction":[{"@type":"ReadAction","target":["https:\/\/esbozodeportivo.com\/index.php\/2024\/06\/23\/jorge-andres-iga-nadador-de-la-acuatica-nelson-vargas-califico-a-los-juegos-olimpicos\/"]}]},{"@type":"ImageObject","inLanguage":"es","@id":"https:\/\/esbozodeportivo.com\/index.php\/2024\/06\/23\/jorge-andres-iga-nadador-de-la-acuatica-nelson-vargas-califico-a-los-juegos-olimpicos\/#primaryimage","url":"https:\/\/esbozodeportivo.com\/wp-content\/uploads\/2024\/06\/nadador-768x1024.jpeg","contentUrl":"https:\/\/esbozodeportivo.com\/wp-content\/uploads\/2024\/06\/nadador-768x1024.jpeg"},{"@type":"BreadcrumbList","@id":"https:\/\/esbozodeportivo.com\/index.php\/2024\/06\/23\/jorge-andres-iga-nadador-de-la-acuatica-nelson-vargas-califico-a-los-juegos-olimpicos\/#breadcrumb","itemListElement":[{"@type":"ListItem","position":1,"name":"Inicio","item":"https:\/\/esbozodeportivo.com\/"},{"@type":"ListItem","position":2,"name":"Jorge Andr\u00e9s Iga nadador de la Acu\u00e1tica Nelson Vargas Calific\u00f3 a los Juegos Ol\u00edmpicos"}]},{"@type":"WebSite","@id":"https:\/\/esbozodeportivo.com\/#website","url":"https:\/\/esbozodeportivo.com\/","name":"Esbozo Deportivo","description":"Lo m\u00e1s importante del Deporte","publisher":{"@id":"https:\/\/esbozodeportivo.com\/#organization"},"potentialAction":[{"@type":"SearchAction","target":{"@type":"EntryPoint","urlTemplate":"https:\/\/esbozodeportivo.com\/?s={search_term_string}"},"query-input":{"@type":"PropertyValueSpecification","valueRequired":true,"valueName":"search_term_string"}}],"inLanguage":"es"},{"@type":"Organization","@id":"https:\/\/esbozodeportivo.com\/#organization","name":"Esbozo Deportivo","url":"https:\/\/esbozodeportivo.com\/","logo":{"@type":"ImageObject","inLanguage":"es","@id":"https:\/\/esbozodeportivo.com\/#\/schema\/logo\/image\/","url":"https:\/\/esbozodeportivo.com\/wp-content\/uploads\/2022\/08\/cropped-Logo-Esbozo-Web-2.png","contentUrl":"https:\/\/esbozodeportivo.com\/wp-content\/uploads\/2022\/08\/cropped-Logo-Esbozo-Web-2.png","width":180,"height":50,"caption":"Esbozo Deportivo"},"image":{"@id":"https:\/\/esbozodeportivo.com\/#\/schema\/logo\/image\/"}},{"@type":"Person","@id":"https:\/\/esbozodeportivo.com\/#\/schema\/person\/7277119c98823aec37bbb84e125efd44","name":"Javier De La Cruz","image":{"@type":"ImageObject","inLanguage":"es","@id":"https:\/\/esbozodeportivo.com\/#\/schema\/person\/image\/","url":"https:\/\/secure.gravatar.com\/avatar\/366235a56d20f1a6e8e3d0b295897639357bea880470ddf261d17bb0bc052eb1?s=96&d=mm&r=g","contentUrl":"https:\/\/secure.gravatar.com\/avatar\/366235a56d20f1a6e8e3d0b295897639357bea880470ddf261d17bb0bc052eb1?s=96&d=mm&r=g","caption":"Javier De La Cruz"},"url":"https:\/\/esbozodeportivo.com\/index.php\/author\/javier-de-la-cruz-de-la-cruz\/"}]}},"jetpack_featured_media_url":"","jetpack_sharing_enabled":true,"_links":{"self":[{"href":"https:\/\/esbozodeportivo.com\/index.php\/wp-json\/wp\/v2\/posts\/3706","targetHints":{"allow":["GET"]}}],"collection":[{"href":"https:\/\/esbozodeportivo.com\/index.php\/wp-json\/wp\/v2\/posts"}],"about":[{"href":"https:\/\/esbozodeportivo.com\/index.php\/wp-json\/wp\/v2\/types\/post"}],"author":[{"embeddable":true,"href":"https:\/\/esbozodeportivo.com\/index.php\/wp-json\/wp\/v2\/users\/2"}],"replies":[{"embeddable":true,"href":"https:\/\/esbozodeportivo.com\/index.php\/wp-json\/wp\/v2\/comments?post=3706"}],"version-history":[{"count":4,"href":"https:\/\/esbozodeportivo.com\/index.php\/wp-json\/wp\/v2\/posts\/3706\/revisions"}],"predecessor-version":[{"id":3711,"href":"https:\/\/esbozodeportivo.com\/index.php\/wp-json\/wp\/v2\/posts\/3706\/revisions\/3711"}],"wp:attachment":[{"href":"https:\/\/esbozodeportivo.com\/index.php\/wp-json\/wp\/v2\/media?parent=3706"}],"wp:term":[{"taxonomy":"category","embeddable":true,"href":"https:\/\/esbozodeportivo.com\/index.php\/wp-json\/wp\/v2\/categories?post=3706"},{"taxonomy":"post_tag","embeddable":true,"href":"https:\/\/esbozodeportivo.com\/index.php\/wp-json\/wp\/v2\/tags?post=3706"}],"curies":[{"name":"wp","href":"https:\/\/api.w.org\/{rel}","templated":true}]}}