{"id":3712,"date":"2024-06-24T04:35:40","date_gmt":"2024-06-24T04:35:40","guid":{"rendered":"https:\/\/esbozodeportivo.com\/?p=3712"},"modified":"2024-06-24T04:58:38","modified_gmt":"2024-06-24T04:58:38","slug":"se-lleva-a-cabo-el-vocho-fest-2024-con-gran-afluencia-de-participantes","status":"publish","type":"post","link":"https:\/\/esbozodeportivo.com\/index.php\/2024\/06\/24\/se-lleva-a-cabo-el-vocho-fest-2024-con-gran-afluencia-de-participantes\/","title":{"rendered":"Se lleva a cabo el \u201cVocho Fest 2024\u201d con gran afluencia de participantes"},"content":{"rendered":"<style>\/*! elementor - v3.22.0 - 17-06-2024 *\/\n.elementor-widget-image{text-align:center}.elementor-widget-image a{display:inline-block}.elementor-widget-image a img[src$=\".svg\"]{width:48px}.elementor-widget-image img{vertical-align:middle;display:inline-block}<\/style>\n<p>\t\t\t\t\t\t\t\t\t\t<img loading=\"lazy\" decoding=\"async\" width=\"640\" height=\"359\" src=\"https:\/\/esbozodeportivo.com\/wp-content\/uploads\/2024\/06\/Vocho-25-1024x575.jpeg\" alt=\"\" srcset=\"https:\/\/esbozodeportivo.com\/wp-content\/uploads\/2024\/06\/Vocho-25-1024x575.jpeg 1024w, https:\/\/esbozodeportivo.com\/wp-content\/uploads\/2024\/06\/Vocho-25-300x168.jpeg 300w, https:\/\/esbozodeportivo.com\/wp-content\/uploads\/2024\/06\/Vocho-25-768x431.jpeg 768w, https:\/\/esbozodeportivo.com\/wp-content\/uploads\/2024\/06\/Vocho-25-1536x863.jpeg 1536w, https:\/\/esbozodeportivo.com\/wp-content\/uploads\/2024\/06\/Vocho-25-2048x1150.jpeg 2048w\" sizes=\"auto, (max-width: 640px) 100vw, 640px\" \/>\t\t\t\t\t\t\t\t\t\t\t\t\t<\/p>\n<p>Vocho Fest 2024 (Foto: esbozodeportivo.com)<\/p>\n<p>Ciudad de M\u00e9xico.- Hablar del \u201cVocho\u201d es hablar de uno de los autos m\u00e1s emblem\u00e1ticos que existen a nivel mundial, desde 1934 la marca Volkswagen fabric\u00f3 el primer veh\u00edculo que a trav\u00e9s de los a\u00f1os se convertir\u00eda en el favorito de muchas familias en todo el mundo y de M\u00e9xico, pues a nuestro pa\u00eds el primer Vocho lleg\u00f3 en 1954, causando gran expectaci\u00f3n entre la poblaci\u00f3n Mexicana y convirti\u00e9ndose en el carro m\u00e1s vendido en poco tiempo.<\/p>\n<p>Y sin duda uno de los d\u00edas m\u00e1s importantes para los amantes del Sedan, es el 22 de junio pues se celebra en todos los pa\u00edses donde se fabric\u00f3 el Volkswagen Sedan, el D\u00eda Mundial del Vocho.<\/p>\n<p>\t\t\t\t\t\t\t\t\t\t\t\t\t<img loading=\"lazy\" decoding=\"async\" width=\"640\" height=\"359\" src=\"https:\/\/esbozodeportivo.com\/wp-content\/uploads\/2024\/06\/Vocho-1-1024x575.jpeg\" alt=\"\" srcset=\"https:\/\/esbozodeportivo.com\/wp-content\/uploads\/2024\/06\/Vocho-1-1024x575.jpeg 1024w, https:\/\/esbozodeportivo.com\/wp-content\/uploads\/2024\/06\/Vocho-1-300x168.jpeg 300w, https:\/\/esbozodeportivo.com\/wp-content\/uploads\/2024\/06\/Vocho-1-768x431.jpeg 768w, https:\/\/esbozodeportivo.com\/wp-content\/uploads\/2024\/06\/Vocho-1-1536x863.jpeg 1536w, https:\/\/esbozodeportivo.com\/wp-content\/uploads\/2024\/06\/Vocho-1-2048x1150.jpeg 2048w\" sizes=\"auto, (max-width: 640px) 100vw, 640px\" \/>\t\t\t\t\t\t\t\t\t\t\t\t\t<\/p>\n<p>Vocho Fest 2024 (Foto: esbozodeportivo.com)<\/p>\n<p>En nuestro pa\u00eds se llev\u00f3 a cabo este domingo la15\u00b0 (decimoquinto) edici\u00f3n del D\u00eda Mundial del Vocho, con una exhibici\u00f3n y caravana de m\u00e1s de 750 Vochos y autos Classics Buggy\u00b4s, que salieron de las afueras de la explanada de la Plaza de Toros M\u00e9xico, para realizar un recorrido de m\u00e1s de una hora por avenida Insurgentes, Perif\u00e9rico y San Antonio.<\/p>\n<p>En punto de las 11:30 de la ma\u00f1ana se dio el banderazo de salida, y a pesar del clima, los cientos de autos disfrazados de Snoppy, Toy Story, Rokolas, Discotecas, Cantina, Taxi de los 80 y 90, y m\u00e1s comenzaron el recorrido.<\/p>\n<p>\t\t\t\t\t\t\t\t\t\t\t\t\t<img loading=\"lazy\" decoding=\"async\" width=\"640\" height=\"359\" src=\"https:\/\/esbozodeportivo.com\/wp-content\/uploads\/2024\/06\/Vocho-10-1024x575.jpeg\" alt=\"\" srcset=\"https:\/\/esbozodeportivo.com\/wp-content\/uploads\/2024\/06\/Vocho-10-1024x575.jpeg 1024w, https:\/\/esbozodeportivo.com\/wp-content\/uploads\/2024\/06\/Vocho-10-300x168.jpeg 300w, https:\/\/esbozodeportivo.com\/wp-content\/uploads\/2024\/06\/Vocho-10-768x431.jpeg 768w, https:\/\/esbozodeportivo.com\/wp-content\/uploads\/2024\/06\/Vocho-10-1536x863.jpeg 1536w, https:\/\/esbozodeportivo.com\/wp-content\/uploads\/2024\/06\/Vocho-10-2048x1150.jpeg 2048w\" sizes=\"auto, (max-width: 640px) 100vw, 640px\" \/>\t\t\t\t\t\t\t\t\t\t\t\t\t<\/p>\n<p>Grupo Classics Buggy\u2019s (Foto: esbozodeportivo.com)<\/p>\n<p>A su vez el grupo de Classcs Buggy\u2019s, encabezados por su presidente \u201cChowy\u201d L\u00f3pez, tambi\u00e9n se unieron a la celebraci\u00f3n del D\u00eda Mundial del Vocho, realizando el recorrido con algarab\u00eda y entusiasmo.<\/p>\n<p>Los veh\u00edculos Buggy\u00b4s, llamaron la atenci\u00f3n desde su llegada pues por su peculiar elaboraci\u00f3n sobresalieron durante el recorrido, varios asistentes al evento tuvieron la oportunidad de tomarse una foto con los Buggy\u00b4s.<\/p>\n<p>\t\t\t\t\t\t\t\t\t\t\t\t\t<img loading=\"lazy\" decoding=\"async\" width=\"640\" height=\"359\" src=\"https:\/\/esbozodeportivo.com\/wp-content\/uploads\/2024\/06\/Vocho-12-1024x575.jpeg\" alt=\"\" srcset=\"https:\/\/esbozodeportivo.com\/wp-content\/uploads\/2024\/06\/Vocho-12-1024x575.jpeg 1024w, https:\/\/esbozodeportivo.com\/wp-content\/uploads\/2024\/06\/Vocho-12-300x168.jpeg 300w, https:\/\/esbozodeportivo.com\/wp-content\/uploads\/2024\/06\/Vocho-12-768x431.jpeg 768w, https:\/\/esbozodeportivo.com\/wp-content\/uploads\/2024\/06\/Vocho-12-1536x863.jpeg 1536w, https:\/\/esbozodeportivo.com\/wp-content\/uploads\/2024\/06\/Vocho-12-2048x1150.jpeg 2048w\" sizes=\"auto, (max-width: 640px) 100vw, 640px\" \/>\t\t\t\t\t\t\t\t\t\t\t\t\t<\/p>\n<p>Chowy L\u00f3pez (Foto: esbozodeportivo.com)<\/p>\n<p>Por su parte el organizador del \u201cVocho Fest 2024\u201d, Sergio Mart\u00ednez, se\u00f1al\u00f3 que cada a\u00f1o se festeja al Vocho a nivel Mundial en pa\u00edses donde se fabricaron los autos.<\/p>\n<p>\u201cEs un evento que se organiza cada a\u00f1o en el D\u00eda del Vocho, y no solamente se celebra en M\u00e9xico, es a nivel Mundial en cada uno de los pa\u00edses donde se fabric\u00f3 el Volkswagen, y en nuestro pa\u00eds comenzamos con 200 participantes y hoy en d\u00eda nos da gusto de que cada vez se incrementen m\u00e1s colaboradores\u201d.<\/p>\n<p>\t\t\t\t\t\t\t\t\t\t\t\t\t<img loading=\"lazy\" decoding=\"async\" width=\"640\" height=\"357\" src=\"https:\/\/esbozodeportivo.com\/wp-content\/uploads\/2024\/06\/Vocho-22.jpeg\" alt=\"\" srcset=\"https:\/\/esbozodeportivo.com\/wp-content\/uploads\/2024\/06\/Vocho-22.jpeg 720w, https:\/\/esbozodeportivo.com\/wp-content\/uploads\/2024\/06\/Vocho-22-300x168.jpeg 300w\" sizes=\"auto, (max-width: 640px) 100vw, 640px\" \/>\t\t\t\t\t\t\t\t\t\t\t\t\t<\/p>\n<p>Sergio Mart\u00ednez (Foto: esbozodeportivo.com)<\/p>\n<p>Tambi\u00e9n destac\u00f3 que la organizaci\u00f3n del evento, se lleva a cabo gracias a que los asistentes no dejan morir la tradici\u00f3n de realizar la caravana de cada a\u00f1o, pues su participaci\u00f3n es importante en cada celebraci\u00f3n.<\/p>\n<p>\t\t\t\t\t\t\t\t\t\t\t\t\t<img loading=\"lazy\" decoding=\"async\" width=\"640\" height=\"359\" src=\"https:\/\/esbozodeportivo.com\/wp-content\/uploads\/2024\/06\/Vocho-27-1024x575.jpeg\" alt=\"\" srcset=\"https:\/\/esbozodeportivo.com\/wp-content\/uploads\/2024\/06\/Vocho-27-1024x575.jpeg 1024w, https:\/\/esbozodeportivo.com\/wp-content\/uploads\/2024\/06\/Vocho-27-300x168.jpeg 300w, https:\/\/esbozodeportivo.com\/wp-content\/uploads\/2024\/06\/Vocho-27-768x431.jpeg 768w, https:\/\/esbozodeportivo.com\/wp-content\/uploads\/2024\/06\/Vocho-27-1536x863.jpeg 1536w, https:\/\/esbozodeportivo.com\/wp-content\/uploads\/2024\/06\/Vocho-27-2048x1150.jpeg 2048w\" sizes=\"auto, (max-width: 640px) 100vw, 640px\" \/>\t\t\t\t\t\t\t\t\t\t\t\t\t<\/p>\n<p>Vocho Fest 2024 (Foto: esbozodeportivo.com)<\/p>\n<p>\t\t\t\t\t\t\t\t\t\t\t\t\t<img loading=\"lazy\" decoding=\"async\" width=\"640\" height=\"359\" src=\"https:\/\/esbozodeportivo.com\/wp-content\/uploads\/2024\/06\/Vocho-14-1024x575.jpeg\" alt=\"\" srcset=\"https:\/\/esbozodeportivo.com\/wp-content\/uploads\/2024\/06\/Vocho-14-1024x575.jpeg 1024w, https:\/\/esbozodeportivo.com\/wp-content\/uploads\/2024\/06\/Vocho-14-300x168.jpeg 300w, https:\/\/esbozodeportivo.com\/wp-content\/uploads\/2024\/06\/Vocho-14-768x431.jpeg 768w, https:\/\/esbozodeportivo.com\/wp-content\/uploads\/2024\/06\/Vocho-14-1536x863.jpeg 1536w, https:\/\/esbozodeportivo.com\/wp-content\/uploads\/2024\/06\/Vocho-14-2048x1150.jpeg 2048w\" sizes=\"auto, (max-width: 640px) 100vw, 640px\" \/>\t\t\t\t\t\t\t\t\t\t\t\t\t<\/p>\n<p>Ra\u00fal Varela (Foto: esbozodeportivo.com)<\/p>\n<p>\t\t\t\t\t\t\t\t\t\t\t\t\t<img loading=\"lazy\" decoding=\"async\" width=\"640\" height=\"359\" src=\"https:\/\/esbozodeportivo.com\/wp-content\/uploads\/2024\/06\/Vocho-26-1024x575.jpeg\" alt=\"\" srcset=\"https:\/\/esbozodeportivo.com\/wp-content\/uploads\/2024\/06\/Vocho-26-1024x575.jpeg 1024w, https:\/\/esbozodeportivo.com\/wp-content\/uploads\/2024\/06\/Vocho-26-300x168.jpeg 300w, https:\/\/esbozodeportivo.com\/wp-content\/uploads\/2024\/06\/Vocho-26-768x431.jpeg 768w, https:\/\/esbozodeportivo.com\/wp-content\/uploads\/2024\/06\/Vocho-26-1536x863.jpeg 1536w, https:\/\/esbozodeportivo.com\/wp-content\/uploads\/2024\/06\/Vocho-26-2048x1150.jpeg 2048w\" sizes=\"auto, (max-width: 640px) 100vw, 640px\" \/>\t\t\t\t\t\t\t\t\t\t\t\t\t<\/p>\n<p>Vocho Fest 2024 (Foto: esbozodeportivo.com)<\/p>\n<p>\t\t\t\t\t\t\t\t\t\t\t\t\t<img loading=\"lazy\" decoding=\"async\" width=\"640\" height=\"359\" src=\"https:\/\/esbozodeportivo.com\/wp-content\/uploads\/2024\/06\/Vocho-13-1024x575.jpeg\" alt=\"\" srcset=\"https:\/\/esbozodeportivo.com\/wp-content\/uploads\/2024\/06\/Vocho-13-1024x575.jpeg 1024w, https:\/\/esbozodeportivo.com\/wp-content\/uploads\/2024\/06\/Vocho-13-300x168.jpeg 300w, https:\/\/esbozodeportivo.com\/wp-content\/uploads\/2024\/06\/Vocho-13-768x431.jpeg 768w, https:\/\/esbozodeportivo.com\/wp-content\/uploads\/2024\/06\/Vocho-13-1536x863.jpeg 1536w, https:\/\/esbozodeportivo.com\/wp-content\/uploads\/2024\/06\/Vocho-13-2048x1150.jpeg 2048w\" sizes=\"auto, (max-width: 640px) 100vw, 640px\" \/>\t\t\t\t\t\t\t\t\t\t\t\t\t<\/p>\n<p>Lesle Rivera (Foto: esbozodeportivo.com)<\/p>\n<p>\t\t\t\t\t\t\t\t\t\t\t\t\t<img loading=\"lazy\" decoding=\"async\" width=\"640\" height=\"359\" src=\"https:\/\/esbozodeportivo.com\/wp-content\/uploads\/2024\/06\/Vocho-17-1024x575.jpeg\" alt=\"\" srcset=\"https:\/\/esbozodeportivo.com\/wp-content\/uploads\/2024\/06\/Vocho-17-1024x575.jpeg 1024w, https:\/\/esbozodeportivo.com\/wp-content\/uploads\/2024\/06\/Vocho-17-300x168.jpeg 300w, https:\/\/esbozodeportivo.com\/wp-content\/uploads\/2024\/06\/Vocho-17-768x431.jpeg 768w, https:\/\/esbozodeportivo.com\/wp-content\/uploads\/2024\/06\/Vocho-17-1536x863.jpeg 1536w, https:\/\/esbozodeportivo.com\/wp-content\/uploads\/2024\/06\/Vocho-17-2048x1150.jpeg 2048w\" sizes=\"auto, (max-width: 640px) 100vw, 640px\" \/>\t\t\t\t\t\t\t\t\t\t\t\t\t<\/p>\n<p>Aida Rodr\u00edguez (Foto: esbozodeportivo.com)<\/p>\n<p>\t\t\t\t\t\t\t\t\t\t\t\t\t<img loading=\"lazy\" decoding=\"async\" width=\"640\" height=\"359\" src=\"https:\/\/esbozodeportivo.com\/wp-content\/uploads\/2024\/06\/Vocho-2-1024x575.jpeg\" alt=\"\" srcset=\"https:\/\/esbozodeportivo.com\/wp-content\/uploads\/2024\/06\/Vocho-2-1024x575.jpeg 1024w, https:\/\/esbozodeportivo.com\/wp-content\/uploads\/2024\/06\/Vocho-2-300x168.jpeg 300w, https:\/\/esbozodeportivo.com\/wp-content\/uploads\/2024\/06\/Vocho-2-768x431.jpeg 768w, https:\/\/esbozodeportivo.com\/wp-content\/uploads\/2024\/06\/Vocho-2-1536x863.jpeg 1536w, https:\/\/esbozodeportivo.com\/wp-content\/uploads\/2024\/06\/Vocho-2-2048x1150.jpeg 2048w\" sizes=\"auto, (max-width: 640px) 100vw, 640px\" \/>\t\t\t\t\t\t\t\t\t\t\t\t\t<\/p>\n<p>Vocho Fest 2024 (Foto: esbozodeportivo.com)<\/p>\n<p>\t\t\t\t\t\t\t\t\t\t\t\t\t<img loading=\"lazy\" decoding=\"async\" width=\"640\" height=\"359\" src=\"https:\/\/esbozodeportivo.com\/wp-content\/uploads\/2024\/06\/Vocho-8-1024x575.jpeg\" alt=\"\" srcset=\"https:\/\/esbozodeportivo.com\/wp-content\/uploads\/2024\/06\/Vocho-8-1024x575.jpeg 1024w, https:\/\/esbozodeportivo.com\/wp-content\/uploads\/2024\/06\/Vocho-8-300x168.jpeg 300w, https:\/\/esbozodeportivo.com\/wp-content\/uploads\/2024\/06\/Vocho-8-768x431.jpeg 768w, https:\/\/esbozodeportivo.com\/wp-content\/uploads\/2024\/06\/Vocho-8-1536x863.jpeg 1536w, https:\/\/esbozodeportivo.com\/wp-content\/uploads\/2024\/06\/Vocho-8-2048x1150.jpeg 2048w\" sizes=\"auto, (max-width: 640px) 100vw, 640px\" \/>\t\t\t\t\t\t\t\t\t\t\t\t\t<\/p>\n<p>Grupo Classics Buggy\u2019s (Foto: esbozodeportivo.com)<\/p>\n<p>\t\t\t\t\t\t\t\t\t\t\t\t\t<img loading=\"lazy\" decoding=\"async\" width=\"640\" height=\"359\" src=\"https:\/\/esbozodeportivo.com\/wp-content\/uploads\/2024\/06\/Vocho-19-1024x575.jpeg\" alt=\"\" srcset=\"https:\/\/esbozodeportivo.com\/wp-content\/uploads\/2024\/06\/Vocho-19-1024x575.jpeg 1024w, https:\/\/esbozodeportivo.com\/wp-content\/uploads\/2024\/06\/Vocho-19-300x168.jpeg 300w, https:\/\/esbozodeportivo.com\/wp-content\/uploads\/2024\/06\/Vocho-19-768x431.jpeg 768w, https:\/\/esbozodeportivo.com\/wp-content\/uploads\/2024\/06\/Vocho-19-1536x863.jpeg 1536w, https:\/\/esbozodeportivo.com\/wp-content\/uploads\/2024\/06\/Vocho-19-2048x1150.jpeg 2048w\" sizes=\"auto, (max-width: 640px) 100vw, 640px\" \/>\t\t\t\t\t\t\t\t\t\t\t\t\t<\/p>\n<p>Grupo Classics Buggy\u2019s (Foto: esbozodeportivo.com)<\/p>\n<p>\t\t\t\t\t\t\t\t\t\t\t\t\t<img loading=\"lazy\" decoding=\"async\" width=\"640\" height=\"359\" src=\"https:\/\/esbozodeportivo.com\/wp-content\/uploads\/2024\/06\/Vocho-7-1024x575.jpeg\" alt=\"\" srcset=\"https:\/\/esbozodeportivo.com\/wp-content\/uploads\/2024\/06\/Vocho-7-1024x575.jpeg 1024w, https:\/\/esbozodeportivo.com\/wp-content\/uploads\/2024\/06\/Vocho-7-300x168.jpeg 300w, https:\/\/esbozodeportivo.com\/wp-content\/uploads\/2024\/06\/Vocho-7-768x431.jpeg 768w, https:\/\/esbozodeportivo.com\/wp-content\/uploads\/2024\/06\/Vocho-7-1536x863.jpeg 1536w, https:\/\/esbozodeportivo.com\/wp-content\/uploads\/2024\/06\/Vocho-7-2048x1150.jpeg 2048w\" sizes=\"auto, (max-width: 640px) 100vw, 640px\" \/>\t\t\t\t\t\t\t\t\t\t\t\t\t<\/p>\n<p>Vocho Fest 2024 (Foto: esbozodeportivo.com)<\/p>\n<p>\t\t\t\t\t\t\t\t\t\t\t\t\t<img loading=\"lazy\" decoding=\"async\" width=\"640\" height=\"359\" src=\"https:\/\/esbozodeportivo.com\/wp-content\/uploads\/2024\/06\/Vocho-18-1024x575.jpeg\" alt=\"\" srcset=\"https:\/\/esbozodeportivo.com\/wp-content\/uploads\/2024\/06\/Vocho-18-1024x575.jpeg 1024w, https:\/\/esbozodeportivo.com\/wp-content\/uploads\/2024\/06\/Vocho-18-300x168.jpeg 300w, https:\/\/esbozodeportivo.com\/wp-content\/uploads\/2024\/06\/Vocho-18-768x431.jpeg 768w, https:\/\/esbozodeportivo.com\/wp-content\/uploads\/2024\/06\/Vocho-18-1536x863.jpeg 1536w, https:\/\/esbozodeportivo.com\/wp-content\/uploads\/2024\/06\/Vocho-18-2048x1150.jpeg 2048w\" sizes=\"auto, (max-width: 640px) 100vw, 640px\" \/>\t\t\t\t\t\t\t\t\t\t\t\t\t<\/p>\n<p>Grupo Classics Buggy\u2019s (Foto: esbozodeportivo.com)<\/p>\n<p>\t\t\t\t\t\t\t\t\t\t\t\t\t<img loading=\"lazy\" decoding=\"async\" width=\"640\" height=\"359\" src=\"https:\/\/esbozodeportivo.com\/wp-content\/uploads\/2024\/06\/Vocho-3-1024x575.jpeg\" alt=\"\" srcset=\"https:\/\/esbozodeportivo.com\/wp-content\/uploads\/2024\/06\/Vocho-3-1024x575.jpeg 1024w, https:\/\/esbozodeportivo.com\/wp-content\/uploads\/2024\/06\/Vocho-3-300x168.jpeg 300w, https:\/\/esbozodeportivo.com\/wp-content\/uploads\/2024\/06\/Vocho-3-768x431.jpeg 768w, https:\/\/esbozodeportivo.com\/wp-content\/uploads\/2024\/06\/Vocho-3-1536x863.jpeg 1536w, https:\/\/esbozodeportivo.com\/wp-content\/uploads\/2024\/06\/Vocho-3-2048x1150.jpeg 2048w\" sizes=\"auto, (max-width: 640px) 100vw, 640px\" \/>\t\t\t\t\t\t\t\t\t\t\t\t\t<\/p>\n<p>Vocho Fest 2024 (Foto: esbozodeportivo.com)<\/p>\n<p>\t\t\t\t\t\t\t\t\t\t\t\t\t<img loading=\"lazy\" decoding=\"async\" width=\"640\" height=\"359\" src=\"https:\/\/esbozodeportivo.com\/wp-content\/uploads\/2024\/06\/Vocho-6-1024x575.jpeg\" alt=\"\" srcset=\"https:\/\/esbozodeportivo.com\/wp-content\/uploads\/2024\/06\/Vocho-6-1024x575.jpeg 1024w, https:\/\/esbozodeportivo.com\/wp-content\/uploads\/2024\/06\/Vocho-6-300x168.jpeg 300w, https:\/\/esbozodeportivo.com\/wp-content\/uploads\/2024\/06\/Vocho-6-768x431.jpeg 768w, https:\/\/esbozodeportivo.com\/wp-content\/uploads\/2024\/06\/Vocho-6-1536x863.jpeg 1536w, https:\/\/esbozodeportivo.com\/wp-content\/uploads\/2024\/06\/Vocho-6-2048x1150.jpeg 2048w\" sizes=\"auto, (max-width: 640px) 100vw, 640px\" \/>\t\t\t\t\t\t\t\t\t\t\t\t\t<\/p>\n<p>Vocho Fest 2024 (Foto: esbozodeportivo.com)<\/p>\n<p>\t\t\t\t\t\t\t\t\t\t\t\t\t<img loading=\"lazy\" decoding=\"async\" width=\"640\" height=\"359\" src=\"https:\/\/esbozodeportivo.com\/wp-content\/uploads\/2024\/06\/Vocho-5-1024x575.jpeg\" alt=\"\" srcset=\"https:\/\/esbozodeportivo.com\/wp-content\/uploads\/2024\/06\/Vocho-5-1024x575.jpeg 1024w, https:\/\/esbozodeportivo.com\/wp-content\/uploads\/2024\/06\/Vocho-5-300x168.jpeg 300w, https:\/\/esbozodeportivo.com\/wp-content\/uploads\/2024\/06\/Vocho-5-768x431.jpeg 768w, https:\/\/esbozodeportivo.com\/wp-content\/uploads\/2024\/06\/Vocho-5-1536x863.jpeg 1536w, https:\/\/esbozodeportivo.com\/wp-content\/uploads\/2024\/06\/Vocho-5-2048x1150.jpeg 2048w\" sizes=\"auto, (max-width: 640px) 100vw, 640px\" \/>\t\t\t\t\t\t\t\t\t\t\t\t\t<\/p>\n<p>Vocho Fest 2024 (Foto: esbozodeportivo.com)<\/p>\n","protected":false},"excerpt":{"rendered":"<p>Vocho Fest 2024 (Foto: esbozodeportivo.com) Ciudad de M\u00e9xico.- Hablar del \u201cVocho\u201d es hablar de uno<\/p>\n","protected":false},"author":2,"featured_media":0,"comment_status":"open","ping_status":"open","sticky":false,"template":"","format":"standard","meta":{"_jetpack_memberships_contains_paid_content":false,"footnotes":""},"categories":[5],"tags":[],"class_list":["post-3712","post","type-post","status-publish","format-standard","hentry","category-amateur"],"yoast_head":"<!-- This site is optimized with the Yoast SEO plugin v25.7 - https:\/\/yoast.com\/wordpress\/plugins\/seo\/ -->\n<title>Se lleva a cabo el \u201cVocho Fest 2024\u201d con gran afluencia de participantes - Esbozo Deportivo<\/title>\n<meta name=\"robots\" content=\"index, follow, max-snippet:-1, max-image-preview:large, max-video-preview:-1\" \/>\n<link rel=\"canonical\" href=\"https:\/\/esbozodeportivo.com\/index.php\/2024\/06\/24\/se-lleva-a-cabo-el-vocho-fest-2024-con-gran-afluencia-de-participantes\/\" \/>\n<meta property=\"og:locale\" content=\"es_MX\" \/>\n<meta property=\"og:type\" content=\"article\" \/>\n<meta property=\"og:title\" content=\"Se lleva a cabo el \u201cVocho Fest 2024\u201d con gran afluencia de participantes - Esbozo Deportivo\" \/>\n<meta property=\"og:description\" content=\"Vocho Fest 2024 (Foto: esbozodeportivo.com) Ciudad de M\u00e9xico.- Hablar del \u201cVocho\u201d es hablar de uno\" \/>\n<meta property=\"og:url\" content=\"https:\/\/esbozodeportivo.com\/index.php\/2024\/06\/24\/se-lleva-a-cabo-el-vocho-fest-2024-con-gran-afluencia-de-participantes\/\" \/>\n<meta property=\"og:site_name\" content=\"Esbozo Deportivo\" \/>\n<meta property=\"article:published_time\" content=\"2024-06-24T04:35:40+00:00\" \/>\n<meta property=\"article:modified_time\" content=\"2024-06-24T04:58:38+00:00\" \/>\n<meta property=\"og:image\" content=\"https:\/\/esbozodeportivo.com\/wp-content\/uploads\/2024\/06\/Vocho-25-1024x575.jpeg\" \/>\n<meta name=\"author\" content=\"Javier De La Cruz\" \/>\n<meta name=\"twitter:card\" content=\"summary_large_image\" \/>\n<meta name=\"twitter:label1\" content=\"Escrito por\" \/>\n\t<meta name=\"twitter:data1\" content=\"Javier De La Cruz\" \/>\n\t<meta name=\"twitter:label2\" content=\"Tiempo de lectura\" \/>\n\t<meta name=\"twitter:data2\" content=\"3 minutos\" \/>\n<script type=\"application\/ld+json\" class=\"yoast-schema-graph\">{\"@context\":\"https:\/\/schema.org\",\"@graph\":[{\"@type\":\"Article\",\"@id\":\"https:\/\/esbozodeportivo.com\/index.php\/2024\/06\/24\/se-lleva-a-cabo-el-vocho-fest-2024-con-gran-afluencia-de-participantes\/#article\",\"isPartOf\":{\"@id\":\"https:\/\/esbozodeportivo.com\/index.php\/2024\/06\/24\/se-lleva-a-cabo-el-vocho-fest-2024-con-gran-afluencia-de-participantes\/\"},\"author\":{\"name\":\"Javier De La Cruz\",\"@id\":\"https:\/\/esbozodeportivo.com\/#\/schema\/person\/7277119c98823aec37bbb84e125efd44\"},\"headline\":\"Se lleva a cabo el \u201cVocho Fest 2024\u201d con gran afluencia de participantes\",\"datePublished\":\"2024-06-24T04:35:40+00:00\",\"dateModified\":\"2024-06-24T04:58:38+00:00\",\"mainEntityOfPage\":{\"@id\":\"https:\/\/esbozodeportivo.com\/index.php\/2024\/06\/24\/se-lleva-a-cabo-el-vocho-fest-2024-con-gran-afluencia-de-participantes\/\"},\"wordCount\":566,\"commentCount\":0,\"publisher\":{\"@id\":\"https:\/\/esbozodeportivo.com\/#organization\"},\"image\":{\"@id\":\"https:\/\/esbozodeportivo.com\/index.php\/2024\/06\/24\/se-lleva-a-cabo-el-vocho-fest-2024-con-gran-afluencia-de-participantes\/#primaryimage\"},\"thumbnailUrl\":\"https:\/\/esbozodeportivo.com\/wp-content\/uploads\/2024\/06\/Vocho-25-1024x575.jpeg\",\"articleSection\":[\"Amateur\"],\"inLanguage\":\"es\",\"potentialAction\":[{\"@type\":\"CommentAction\",\"name\":\"Comment\",\"target\":[\"https:\/\/esbozodeportivo.com\/index.php\/2024\/06\/24\/se-lleva-a-cabo-el-vocho-fest-2024-con-gran-afluencia-de-participantes\/#respond\"]}]},{\"@type\":\"WebPage\",\"@id\":\"https:\/\/esbozodeportivo.com\/index.php\/2024\/06\/24\/se-lleva-a-cabo-el-vocho-fest-2024-con-gran-afluencia-de-participantes\/\",\"url\":\"https:\/\/esbozodeportivo.com\/index.php\/2024\/06\/24\/se-lleva-a-cabo-el-vocho-fest-2024-con-gran-afluencia-de-participantes\/\",\"name\":\"Se lleva a cabo el \u201cVocho Fest 2024\u201d con gran afluencia de participantes - Esbozo Deportivo\",\"isPartOf\":{\"@id\":\"https:\/\/esbozodeportivo.com\/#website\"},\"primaryImageOfPage\":{\"@id\":\"https:\/\/esbozodeportivo.com\/index.php\/2024\/06\/24\/se-lleva-a-cabo-el-vocho-fest-2024-con-gran-afluencia-de-participantes\/#primaryimage\"},\"image\":{\"@id\":\"https:\/\/esbozodeportivo.com\/index.php\/2024\/06\/24\/se-lleva-a-cabo-el-vocho-fest-2024-con-gran-afluencia-de-participantes\/#primaryimage\"},\"thumbnailUrl\":\"https:\/\/esbozodeportivo.com\/wp-content\/uploads\/2024\/06\/Vocho-25-1024x575.jpeg\",\"datePublished\":\"2024-06-24T04:35:40+00:00\",\"dateModified\":\"2024-06-24T04:58:38+00:00\",\"breadcrumb\":{\"@id\":\"https:\/\/esbozodeportivo.com\/index.php\/2024\/06\/24\/se-lleva-a-cabo-el-vocho-fest-2024-con-gran-afluencia-de-participantes\/#breadcrumb\"},\"inLanguage\":\"es\",\"potentialAction\":[{\"@type\":\"ReadAction\",\"target\":[\"https:\/\/esbozodeportivo.com\/index.php\/2024\/06\/24\/se-lleva-a-cabo-el-vocho-fest-2024-con-gran-afluencia-de-participantes\/\"]}]},{\"@type\":\"ImageObject\",\"inLanguage\":\"es\",\"@id\":\"https:\/\/esbozodeportivo.com\/index.php\/2024\/06\/24\/se-lleva-a-cabo-el-vocho-fest-2024-con-gran-afluencia-de-participantes\/#primaryimage\",\"url\":\"https:\/\/esbozodeportivo.com\/wp-content\/uploads\/2024\/06\/Vocho-25-1024x575.jpeg\",\"contentUrl\":\"https:\/\/esbozodeportivo.com\/wp-content\/uploads\/2024\/06\/Vocho-25-1024x575.jpeg\"},{\"@type\":\"BreadcrumbList\",\"@id\":\"https:\/\/esbozodeportivo.com\/index.php\/2024\/06\/24\/se-lleva-a-cabo-el-vocho-fest-2024-con-gran-afluencia-de-participantes\/#breadcrumb\",\"itemListElement\":[{\"@type\":\"ListItem\",\"position\":1,\"name\":\"Inicio\",\"item\":\"https:\/\/esbozodeportivo.com\/\"},{\"@type\":\"ListItem\",\"position\":2,\"name\":\"Se lleva a cabo el \u201cVocho Fest 2024\u201d con gran afluencia de participantes\"}]},{\"@type\":\"WebSite\",\"@id\":\"https:\/\/esbozodeportivo.com\/#website\",\"url\":\"https:\/\/esbozodeportivo.com\/\",\"name\":\"Esbozo Deportivo\",\"description\":\"Lo m\u00e1s importante del Deporte\",\"publisher\":{\"@id\":\"https:\/\/esbozodeportivo.com\/#organization\"},\"potentialAction\":[{\"@type\":\"SearchAction\",\"target\":{\"@type\":\"EntryPoint\",\"urlTemplate\":\"https:\/\/esbozodeportivo.com\/?s={search_term_string}\"},\"query-input\":{\"@type\":\"PropertyValueSpecification\",\"valueRequired\":true,\"valueName\":\"search_term_string\"}}],\"inLanguage\":\"es\"},{\"@type\":\"Organization\",\"@id\":\"https:\/\/esbozodeportivo.com\/#organization\",\"name\":\"Esbozo Deportivo\",\"url\":\"https:\/\/esbozodeportivo.com\/\",\"logo\":{\"@type\":\"ImageObject\",\"inLanguage\":\"es\",\"@id\":\"https:\/\/esbozodeportivo.com\/#\/schema\/logo\/image\/\",\"url\":\"https:\/\/esbozodeportivo.com\/wp-content\/uploads\/2022\/08\/cropped-Logo-Esbozo-Web-2.png\",\"contentUrl\":\"https:\/\/esbozodeportivo.com\/wp-content\/uploads\/2022\/08\/cropped-Logo-Esbozo-Web-2.png\",\"width\":180,\"height\":50,\"caption\":\"Esbozo Deportivo\"},\"image\":{\"@id\":\"https:\/\/esbozodeportivo.com\/#\/schema\/logo\/image\/\"}},{\"@type\":\"Person\",\"@id\":\"https:\/\/esbozodeportivo.com\/#\/schema\/person\/7277119c98823aec37bbb84e125efd44\",\"name\":\"Javier De La Cruz\",\"image\":{\"@type\":\"ImageObject\",\"inLanguage\":\"es\",\"@id\":\"https:\/\/esbozodeportivo.com\/#\/schema\/person\/image\/\",\"url\":\"https:\/\/secure.gravatar.com\/avatar\/366235a56d20f1a6e8e3d0b295897639357bea880470ddf261d17bb0bc052eb1?s=96&d=mm&r=g\",\"contentUrl\":\"https:\/\/secure.gravatar.com\/avatar\/366235a56d20f1a6e8e3d0b295897639357bea880470ddf261d17bb0bc052eb1?s=96&d=mm&r=g\",\"caption\":\"Javier De La Cruz\"},\"url\":\"https:\/\/esbozodeportivo.com\/index.php\/author\/javier-de-la-cruz-de-la-cruz\/\"}]}<\/script>\n<!-- \/ Yoast SEO plugin. -->","yoast_head_json":{"title":"Se lleva a cabo el \u201cVocho Fest 2024\u201d con gran afluencia de participantes - Esbozo Deportivo","robots":{"index":"index","follow":"follow","max-snippet":"max-snippet:-1","max-image-preview":"max-image-preview:large","max-video-preview":"max-video-preview:-1"},"canonical":"https:\/\/esbozodeportivo.com\/index.php\/2024\/06\/24\/se-lleva-a-cabo-el-vocho-fest-2024-con-gran-afluencia-de-participantes\/","og_locale":"es_MX","og_type":"article","og_title":"Se lleva a cabo el \u201cVocho Fest 2024\u201d con gran afluencia de participantes - Esbozo Deportivo","og_description":"Vocho Fest 2024 (Foto: esbozodeportivo.com) Ciudad de M\u00e9xico.- Hablar del \u201cVocho\u201d es hablar de uno","og_url":"https:\/\/esbozodeportivo.com\/index.php\/2024\/06\/24\/se-lleva-a-cabo-el-vocho-fest-2024-con-gran-afluencia-de-participantes\/","og_site_name":"Esbozo Deportivo","article_published_time":"2024-06-24T04:35:40+00:00","article_modified_time":"2024-06-24T04:58:38+00:00","og_image":[{"url":"https:\/\/esbozodeportivo.com\/wp-content\/uploads\/2024\/06\/Vocho-25-1024x575.jpeg","type":"","width":"","height":""}],"author":"Javier De La Cruz","twitter_card":"summary_large_image","twitter_misc":{"Escrito por":"Javier De La Cruz","Tiempo de lectura":"3 minutos"},"schema":{"@context":"https:\/\/schema.org","@graph":[{"@type":"Article","@id":"https:\/\/esbozodeportivo.com\/index.php\/2024\/06\/24\/se-lleva-a-cabo-el-vocho-fest-2024-con-gran-afluencia-de-participantes\/#article","isPartOf":{"@id":"https:\/\/esbozodeportivo.com\/index.php\/2024\/06\/24\/se-lleva-a-cabo-el-vocho-fest-2024-con-gran-afluencia-de-participantes\/"},"author":{"name":"Javier De La Cruz","@id":"https:\/\/esbozodeportivo.com\/#\/schema\/person\/7277119c98823aec37bbb84e125efd44"},"headline":"Se lleva a cabo el \u201cVocho Fest 2024\u201d con gran afluencia de participantes","datePublished":"2024-06-24T04:35:40+00:00","dateModified":"2024-06-24T04:58:38+00:00","mainEntityOfPage":{"@id":"https:\/\/esbozodeportivo.com\/index.php\/2024\/06\/24\/se-lleva-a-cabo-el-vocho-fest-2024-con-gran-afluencia-de-participantes\/"},"wordCount":566,"commentCount":0,"publisher":{"@id":"https:\/\/esbozodeportivo.com\/#organization"},"image":{"@id":"https:\/\/esbozodeportivo.com\/index.php\/2024\/06\/24\/se-lleva-a-cabo-el-vocho-fest-2024-con-gran-afluencia-de-participantes\/#primaryimage"},"thumbnailUrl":"https:\/\/esbozodeportivo.com\/wp-content\/uploads\/2024\/06\/Vocho-25-1024x575.jpeg","articleSection":["Amateur"],"inLanguage":"es","potentialAction":[{"@type":"CommentAction","name":"Comment","target":["https:\/\/esbozodeportivo.com\/index.php\/2024\/06\/24\/se-lleva-a-cabo-el-vocho-fest-2024-con-gran-afluencia-de-participantes\/#respond"]}]},{"@type":"WebPage","@id":"https:\/\/esbozodeportivo.com\/index.php\/2024\/06\/24\/se-lleva-a-cabo-el-vocho-fest-2024-con-gran-afluencia-de-participantes\/","url":"https:\/\/esbozodeportivo.com\/index.php\/2024\/06\/24\/se-lleva-a-cabo-el-vocho-fest-2024-con-gran-afluencia-de-participantes\/","name":"Se lleva a cabo el \u201cVocho Fest 2024\u201d con gran afluencia de participantes - Esbozo Deportivo","isPartOf":{"@id":"https:\/\/esbozodeportivo.com\/#website"},"primaryImageOfPage":{"@id":"https:\/\/esbozodeportivo.com\/index.php\/2024\/06\/24\/se-lleva-a-cabo-el-vocho-fest-2024-con-gran-afluencia-de-participantes\/#primaryimage"},"image":{"@id":"https:\/\/esbozodeportivo.com\/index.php\/2024\/06\/24\/se-lleva-a-cabo-el-vocho-fest-2024-con-gran-afluencia-de-participantes\/#primaryimage"},"thumbnailUrl":"https:\/\/esbozodeportivo.com\/wp-content\/uploads\/2024\/06\/Vocho-25-1024x575.jpeg","datePublished":"2024-06-24T04:35:40+00:00","dateModified":"2024-06-24T04:58:38+00:00","breadcrumb":{"@id":"https:\/\/esbozodeportivo.com\/index.php\/2024\/06\/24\/se-lleva-a-cabo-el-vocho-fest-2024-con-gran-afluencia-de-participantes\/#breadcrumb"},"inLanguage":"es","potentialAction":[{"@type":"ReadAction","target":["https:\/\/esbozodeportivo.com\/index.php\/2024\/06\/24\/se-lleva-a-cabo-el-vocho-fest-2024-con-gran-afluencia-de-participantes\/"]}]},{"@type":"ImageObject","inLanguage":"es","@id":"https:\/\/esbozodeportivo.com\/index.php\/2024\/06\/24\/se-lleva-a-cabo-el-vocho-fest-2024-con-gran-afluencia-de-participantes\/#primaryimage","url":"https:\/\/esbozodeportivo.com\/wp-content\/uploads\/2024\/06\/Vocho-25-1024x575.jpeg","contentUrl":"https:\/\/esbozodeportivo.com\/wp-content\/uploads\/2024\/06\/Vocho-25-1024x575.jpeg"},{"@type":"BreadcrumbList","@id":"https:\/\/esbozodeportivo.com\/index.php\/2024\/06\/24\/se-lleva-a-cabo-el-vocho-fest-2024-con-gran-afluencia-de-participantes\/#breadcrumb","itemListElement":[{"@type":"ListItem","position":1,"name":"Inicio","item":"https:\/\/esbozodeportivo.com\/"},{"@type":"ListItem","position":2,"name":"Se lleva a cabo el \u201cVocho Fest 2024\u201d con gran afluencia de participantes"}]},{"@type":"WebSite","@id":"https:\/\/esbozodeportivo.com\/#website","url":"https:\/\/esbozodeportivo.com\/","name":"Esbozo Deportivo","description":"Lo m\u00e1s importante del Deporte","publisher":{"@id":"https:\/\/esbozodeportivo.com\/#organization"},"potentialAction":[{"@type":"SearchAction","target":{"@type":"EntryPoint","urlTemplate":"https:\/\/esbozodeportivo.com\/?s={search_term_string}"},"query-input":{"@type":"PropertyValueSpecification","valueRequired":true,"valueName":"search_term_string"}}],"inLanguage":"es"},{"@type":"Organization","@id":"https:\/\/esbozodeportivo.com\/#organization","name":"Esbozo Deportivo","url":"https:\/\/esbozodeportivo.com\/","logo":{"@type":"ImageObject","inLanguage":"es","@id":"https:\/\/esbozodeportivo.com\/#\/schema\/logo\/image\/","url":"https:\/\/esbozodeportivo.com\/wp-content\/uploads\/2022\/08\/cropped-Logo-Esbozo-Web-2.png","contentUrl":"https:\/\/esbozodeportivo.com\/wp-content\/uploads\/2022\/08\/cropped-Logo-Esbozo-Web-2.png","width":180,"height":50,"caption":"Esbozo Deportivo"},"image":{"@id":"https:\/\/esbozodeportivo.com\/#\/schema\/logo\/image\/"}},{"@type":"Person","@id":"https:\/\/esbozodeportivo.com\/#\/schema\/person\/7277119c98823aec37bbb84e125efd44","name":"Javier De La Cruz","image":{"@type":"ImageObject","inLanguage":"es","@id":"https:\/\/esbozodeportivo.com\/#\/schema\/person\/image\/","url":"https:\/\/secure.gravatar.com\/avatar\/366235a56d20f1a6e8e3d0b295897639357bea880470ddf261d17bb0bc052eb1?s=96&d=mm&r=g","contentUrl":"https:\/\/secure.gravatar.com\/avatar\/366235a56d20f1a6e8e3d0b295897639357bea880470ddf261d17bb0bc052eb1?s=96&d=mm&r=g","caption":"Javier De La Cruz"},"url":"https:\/\/esbozodeportivo.com\/index.php\/author\/javier-de-la-cruz-de-la-cruz\/"}]}},"jetpack_featured_media_url":"","jetpack_sharing_enabled":true,"_links":{"self":[{"href":"https:\/\/esbozodeportivo.com\/index.php\/wp-json\/wp\/v2\/posts\/3712","targetHints":{"allow":["GET"]}}],"collection":[{"href":"https:\/\/esbozodeportivo.com\/index.php\/wp-json\/wp\/v2\/posts"}],"about":[{"href":"https:\/\/esbozodeportivo.com\/index.php\/wp-json\/wp\/v2\/types\/post"}],"author":[{"embeddable":true,"href":"https:\/\/esbozodeportivo.com\/index.php\/wp-json\/wp\/v2\/users\/2"}],"replies":[{"embeddable":true,"href":"https:\/\/esbozodeportivo.com\/index.php\/wp-json\/wp\/v2\/comments?post=3712"}],"version-history":[{"count":4,"href":"https:\/\/esbozodeportivo.com\/index.php\/wp-json\/wp\/v2\/posts\/3712\/revisions"}],"predecessor-version":[{"id":3739,"href":"https:\/\/esbozodeportivo.com\/index.php\/wp-json\/wp\/v2\/posts\/3712\/revisions\/3739"}],"wp:attachment":[{"href":"https:\/\/esbozodeportivo.com\/index.php\/wp-json\/wp\/v2\/media?parent=3712"}],"wp:term":[{"taxonomy":"category","embeddable":true,"href":"https:\/\/esbozodeportivo.com\/index.php\/wp-json\/wp\/v2\/categories?post=3712"},{"taxonomy":"post_tag","embeddable":true,"href":"https:\/\/esbozodeportivo.com\/index.php\/wp-json\/wp\/v2\/tags?post=3712"}],"curies":[{"name":"wp","href":"https:\/\/api.w.org\/{rel}","templated":true}]}}