{"id":3770,"date":"2024-06-28T06:43:35","date_gmt":"2024-06-28T06:43:35","guid":{"rendered":"https:\/\/esbozodeportivo.com\/?p=3770"},"modified":"2024-06-28T07:13:46","modified_gmt":"2024-06-28T07:13:46","slug":"un-concepto-diferente-pizza-y-autos-retro-juan-manuel-esmenjaud","status":"publish","type":"post","link":"https:\/\/esbozodeportivo.com\/index.php\/2024\/06\/28\/un-concepto-diferente-pizza-y-autos-retro-juan-manuel-esmenjaud\/","title":{"rendered":"\u201cUn concepto diferente pizza y autos retro\u201d: Juan Manuel Esmenjaud"},"content":{"rendered":"<style>\/*! elementor - v3.22.0 - 26-06-2024 *\/\n.elementor-widget-image{text-align:center}.elementor-widget-image a{display:inline-block}.elementor-widget-image a img[src$=\".svg\"]{width:48px}.elementor-widget-image img{vertical-align:middle;display:inline-block}<\/style>\n<p>\t\t\t\t\t\t\t\t\t\t<img loading=\"lazy\" decoding=\"async\" width=\"640\" height=\"359\" src=\"https:\/\/esbozodeportivo.com\/wp-content\/uploads\/2024\/06\/Esmanju-12-1024x575.jpeg\" alt=\"\" srcset=\"https:\/\/esbozodeportivo.com\/wp-content\/uploads\/2024\/06\/Esmanju-12-1024x575.jpeg 1024w, https:\/\/esbozodeportivo.com\/wp-content\/uploads\/2024\/06\/Esmanju-12-300x168.jpeg 300w, https:\/\/esbozodeportivo.com\/wp-content\/uploads\/2024\/06\/Esmanju-12-768x431.jpeg 768w, https:\/\/esbozodeportivo.com\/wp-content\/uploads\/2024\/06\/Esmanju-12-1536x863.jpeg 1536w, https:\/\/esbozodeportivo.com\/wp-content\/uploads\/2024\/06\/Esmanju-12-2048x1150.jpeg 2048w\" sizes=\"auto, (max-width: 640px) 100vw, 640px\" \/>\t\t\t\t\t\t\t\t\t\t\t\t\t<\/p>\n<h4 style=\"line-height: 15.0pt; background: white;\"><strong>Jos\u00e9 Manuel Esmenjaud: <\/strong>(Foto: esbozodeportivo.com)<\/h4>\n<p>Ciudad de M\u00e9xico.- Para todos los amantes de los art\u00edculos decorativos de autos retro modelos escala, existe un lugar en la que adem\u00e1s de degustar una deliciosa pizza, te sumerge en tiempos anta\u00f1o al ver la infinidad de vitrinas decoradas con autos y maquetas que cobran vida en cada uno de los paseantes; se trata de\u00a0 Esmenjaud La Pizzer\u00eda, que se ubica en la calle S\u00e1nchez Azcona 451, de la colonia\u00a0 Narvarte Poniente, y que abri\u00f3 su puertas al p\u00fablico desde hace m\u00e1s de un a\u00f1o.<\/p>\n<p>La historia de Esmanjaud La Pizzer\u00eda, viene de tiempo atr\u00e1s desde los a\u00f1os 80, donde el fundador Julio Andr\u00e9s Esmanjaud, comenz\u00f3 su sue\u00f1o de realizar un concepto diferente por lo que inaugur\u00f3 la primera pizzer\u00eda llamada \u201cJuliu\u00b4s Pizza que se ubicaba en la calle de Pilares, de la colonia Del Valle, as\u00ed nos comenta para esbozodeportivo.com, Jos\u00e9 Manuel Esmenjaud, tercera generaci\u00f3n de la pizzer\u00eda.<\/p>\n<p>\t\t\t\t\t\t\t\t\t\t\t\t\t<img loading=\"lazy\" decoding=\"async\" width=\"640\" height=\"356\" src=\"https:\/\/esbozodeportivo.com\/wp-content\/uploads\/2024\/06\/Esmanju-13.jpg\" alt=\"\" srcset=\"https:\/\/esbozodeportivo.com\/wp-content\/uploads\/2024\/06\/Esmanju-13.jpg 720w, https:\/\/esbozodeportivo.com\/wp-content\/uploads\/2024\/06\/Esmanju-13-300x167.jpg 300w\" sizes=\"auto, (max-width: 640px) 100vw, 640px\" \/>\t\t\t\t\t\t\t\t\t\t\t\t\t<\/p>\n<h4 style=\"line-height: 15.0pt; background: white;\">Jos\u00e9 Manuel Esmenjaud (Foto: esbozodeportivo.com)<\/h4>\n<p>\u201cMi abuelo en los a\u00f1os 80\u2019s inaugur\u00f3 la primera pizzer\u00eda en la calle de Pilares, aqu\u00ed en la Ciudad de M\u00e9xico, \u00e9l era un gran aficionado de los autos y en el a\u00f1o 1992 corri\u00f3 una carrera Panamericana en un Porsche, \u00a1que por ciento en la entrada de la tienda se encuentra una r\u00e9plica del Porsche original!, expres\u00f3 Jos\u00e9 Manuel.<\/p>\n<p>Su padre tambi\u00e9n llamado Julio, fue el creador del nuevo concepto que ofrece en la actualidad Esmenjaud La Pizzer\u00eda.<\/p>\n<p>\t\t\t\t\t\t\t\t\t\t\t\t\t<img loading=\"lazy\" decoding=\"async\" width=\"640\" height=\"359\" src=\"https:\/\/esbozodeportivo.com\/wp-content\/uploads\/2024\/06\/Esmanju-11-1024x575.jpeg\" alt=\"\" srcset=\"https:\/\/esbozodeportivo.com\/wp-content\/uploads\/2024\/06\/Esmanju-11-1024x575.jpeg 1024w, https:\/\/esbozodeportivo.com\/wp-content\/uploads\/2024\/06\/Esmanju-11-300x168.jpeg 300w, https:\/\/esbozodeportivo.com\/wp-content\/uploads\/2024\/06\/Esmanju-11-768x431.jpeg 768w, https:\/\/esbozodeportivo.com\/wp-content\/uploads\/2024\/06\/Esmanju-11-1536x863.jpeg 1536w, https:\/\/esbozodeportivo.com\/wp-content\/uploads\/2024\/06\/Esmanju-11-2048x1150.jpeg 2048w\" sizes=\"auto, (max-width: 640px) 100vw, 640px\" \/>\t\t\t\t\t\t\t\t\t\t\t\t\t<\/p>\n<h4>Auto retro (Foto: esbozodeportivo.com)<\/h4>\n<p>\u201cLa idea de incursionar algo diferente en la pizzer\u00eda fue de mi padre al igual que mi abuelo, \u00e9l tambi\u00e9n es muy aficionado de los autos retro, a los 15 a\u00f1os tuvo su primer pizzer\u00eda en la colonia N\u00e1poles, pero fue por la pandemia que se tuvo que cerrar el restaurante y nos cambiamos a la casa actual donde se encuentra Esmenjaud, aqu\u00ed es donde el cambio fue radical, tanto en el concepto, el nombre y la receta;\u00a0 ahora la gente que nos visita puede degustar una pizza diferente y ver las vitrinas de los autos que tenemos en exhibici\u00f3n por las diferentes salas\u201d, coment\u00f3 el joven empresario.<\/p>\n<p>\t\t\t\t\t\t\t\t\t\t\t\t\t<img loading=\"lazy\" decoding=\"async\" width=\"640\" height=\"359\" src=\"https:\/\/esbozodeportivo.com\/wp-content\/uploads\/2024\/06\/Esmanju-2-1024x575.jpeg\" alt=\"\" srcset=\"https:\/\/esbozodeportivo.com\/wp-content\/uploads\/2024\/06\/Esmanju-2-1024x575.jpeg 1024w, https:\/\/esbozodeportivo.com\/wp-content\/uploads\/2024\/06\/Esmanju-2-300x168.jpeg 300w, https:\/\/esbozodeportivo.com\/wp-content\/uploads\/2024\/06\/Esmanju-2-768x431.jpeg 768w, https:\/\/esbozodeportivo.com\/wp-content\/uploads\/2024\/06\/Esmanju-2-1536x863.jpeg 1536w, https:\/\/esbozodeportivo.com\/wp-content\/uploads\/2024\/06\/Esmanju-2-2048x1150.jpeg 2048w\" sizes=\"auto, (max-width: 640px) 100vw, 640px\" \/>\t\t\t\t\t\t\t\t\t\t\t\t\t<\/p>\n<h4>Esmenjaud La Pizzer\u00eda y Classics Buggy\u00b4s (Foto: esbozodeportivo.com)\u00a0<\/h4>\n<p>Jos\u00e9 Manuel, de tan solo 19 a\u00f1os, dijo que la afici\u00f3n por los autos retro y a escala viene por su abuelo y su pap\u00e1, fueron ellos lo que le despertaron el inter\u00e9s por los autos.<\/p>\n<p>\u201cGracias a mi pap\u00e1 y abuelo, a m\u00ed tambi\u00e9n me gusta lo retro en cuesti\u00f3n de autos, comenc\u00e9 a manejar mi primer auto a los 17 a\u00f1os y ahora que tengo 19 lo hago con m\u00e1s gusto, y tambi\u00e9n me he involucrado m\u00e1s en la pizzer\u00eda y en la tienda, pues desde hace d\u00edas yo me hago cargo de la tienda, donde se vende infinidad de art\u00edculos relacionados a los veh\u00edculos de todos los tiempos\u201d, enfatiz\u00f3.<\/p>\n<p>\t\t\t\t\t\t\t\t\t\t\t\t\t<img loading=\"lazy\" decoding=\"async\" width=\"640\" height=\"353\" src=\"https:\/\/esbozodeportivo.com\/wp-content\/uploads\/2024\/06\/Esmanju-14.jpg\" alt=\"\" srcset=\"https:\/\/esbozodeportivo.com\/wp-content\/uploads\/2024\/06\/Esmanju-14.jpg 720w, https:\/\/esbozodeportivo.com\/wp-content\/uploads\/2024\/06\/Esmanju-14-300x165.jpg 300w\" sizes=\"auto, (max-width: 640px) 100vw, 640px\" \/>\t\t\t\t\t\t\t\t\t\t\t\t\t<\/p>\n<h4 style=\"line-height: 15.0pt; background: white;\">Jos\u00e9 Manuel Esmenjaud (Foto: esbozodeportivo.com)<\/h4>\n<p>Tambi\u00e9n dijo que la gente que visita la pizzer\u00eda se va contenta, pues el concepto se ve desde afuera de la casa, donde se ven autos de diferentes \u00e9pocas o actuales, tal es el caso de los autos Buggy\u00b4s de Classics Buggy\u00b4s, que en esos momentos se encontraban afuera.<\/p>\n<p>\u201cLos clientes que nos visitan pueden ver y sentir algo diferente desde la fachada de la casa, pues desde que entras la decoraci\u00f3n te llama la atenci\u00f3n, por ejemplo tenemos una sala donde todo es m\u00e1s retro hasta los muebles para que se sientan en otra \u00e9poca, en el garaje se encuentran varios modelos de autos a escala, hasta autos de verdad, (Cabe mencionar que siempre estamos cambiando los veh\u00edculos, para que cuando vuelva el cliente, observe algo deferente desde la \u00faltima vez que nos visit\u00f3); en el patio ver\u00e1n el restaurante y al final est\u00e1 la tienda, de la cual yo me hago cargo y donde encontraran todo relacionado a los autos\u201d manifest\u00f3<\/p>\n<p>\t\t\t\t\t\t\t\t\t\t\t\t\t<img loading=\"lazy\" decoding=\"async\" width=\"640\" height=\"359\" src=\"https:\/\/esbozodeportivo.com\/wp-content\/uploads\/2024\/06\/Esmanju-1024x575.jpeg\" alt=\"\" srcset=\"https:\/\/esbozodeportivo.com\/wp-content\/uploads\/2024\/06\/Esmanju-1024x575.jpeg 1024w, https:\/\/esbozodeportivo.com\/wp-content\/uploads\/2024\/06\/Esmanju-300x168.jpeg 300w, https:\/\/esbozodeportivo.com\/wp-content\/uploads\/2024\/06\/Esmanju-768x431.jpeg 768w, https:\/\/esbozodeportivo.com\/wp-content\/uploads\/2024\/06\/Esmanju-1536x863.jpeg 1536w, https:\/\/esbozodeportivo.com\/wp-content\/uploads\/2024\/06\/Esmanju-2048x1150.jpeg 2048w\" sizes=\"auto, (max-width: 640px) 100vw, 640px\" \/>\t\t\t\t\t\t\t\t\t\t\t\t\t<\/p>\n<h4>Auto Porsch (Foto: esbozodeportivo.com)<\/h4>\n<p>Para finalizar Jos\u00e9 Manuel Esmenjaud, nos revel\u00f3 que la especialidad de la casa es la \u00a1pizza de mole con pollo!, la cual ha tenido gran aceptaci\u00f3n entre los comensales.<\/p>\n<p>\u201cLa especialidad de la casa es la pizza poblana; Juliu\u00b4s Pizzas, tubo una sucursal en Puebla, ah\u00ed naci\u00f3 esta la pizza, la cual esta echa con una pasta delgada que contiene tres quesos, Gouda, Mozzarella y Manchego, lo que la hace incomparable es el pollo con mole de ajonjol\u00ed, el pur\u00e9 se hace a base de especias que le da un sabor m\u00e1s concisa y sabroso\u201d Finaliz\u00f3<\/p>\n<p>Cabe mencionar que Esmenjaud La Pizzer\u00eda, fue uno de los patrocinadores del \u201cVocho Fest 2024\u201d.<\/p>\n<p>\t\t\t\t\t\t\t\t\t\t\t\t\t<img loading=\"lazy\" decoding=\"async\" width=\"640\" height=\"353\" src=\"https:\/\/esbozodeportivo.com\/wp-content\/uploads\/2024\/06\/Esmanju-15.jpg\" alt=\"\" srcset=\"https:\/\/esbozodeportivo.com\/wp-content\/uploads\/2024\/06\/Esmanju-15.jpg 720w, https:\/\/esbozodeportivo.com\/wp-content\/uploads\/2024\/06\/Esmanju-15-300x165.jpg 300w\" sizes=\"auto, (max-width: 640px) 100vw, 640px\" \/>\t\t\t\t\t\t\t\t\t\t\t\t\t<\/p>\n<h4 style=\"line-height: 15.0pt; background: white;\">Jos\u00e9 Manuel Esmenjaud (Foto: esbozodeportivo.com)<\/h4>\n<p>\t\t\t\t\t\t\t\t\t\t\t\t\t<img loading=\"lazy\" decoding=\"async\" width=\"640\" height=\"359\" src=\"https:\/\/esbozodeportivo.com\/wp-content\/uploads\/2024\/06\/Esmanju-10-1024x575.jpeg\" alt=\"\" srcset=\"https:\/\/esbozodeportivo.com\/wp-content\/uploads\/2024\/06\/Esmanju-10-1024x575.jpeg 1024w, https:\/\/esbozodeportivo.com\/wp-content\/uploads\/2024\/06\/Esmanju-10-300x168.jpeg 300w, https:\/\/esbozodeportivo.com\/wp-content\/uploads\/2024\/06\/Esmanju-10-768x431.jpeg 768w, https:\/\/esbozodeportivo.com\/wp-content\/uploads\/2024\/06\/Esmanju-10-1536x863.jpeg 1536w, https:\/\/esbozodeportivo.com\/wp-content\/uploads\/2024\/06\/Esmanju-10-2048x1150.jpeg 2048w\" sizes=\"auto, (max-width: 640px) 100vw, 640px\" \/>\t\t\t\t\t\t\t\t\t\t\t\t\t<\/p>\n<h4 style=\"line-height: 15.0pt; background: white;\">Jos\u00e9 Manuel Esmenjaud (Foto: esbozodeportivo.com)<\/h4>\n<p>\t\t\t\t\t\t\t\t\t\t\t\t\t<img loading=\"lazy\" decoding=\"async\" width=\"640\" height=\"359\" src=\"https:\/\/esbozodeportivo.com\/wp-content\/uploads\/2024\/06\/Esmanju-7-1024x575.jpeg\" alt=\"\" srcset=\"https:\/\/esbozodeportivo.com\/wp-content\/uploads\/2024\/06\/Esmanju-7-1024x575.jpeg 1024w, https:\/\/esbozodeportivo.com\/wp-content\/uploads\/2024\/06\/Esmanju-7-300x168.jpeg 300w, https:\/\/esbozodeportivo.com\/wp-content\/uploads\/2024\/06\/Esmanju-7-768x431.jpeg 768w, https:\/\/esbozodeportivo.com\/wp-content\/uploads\/2024\/06\/Esmanju-7-1536x863.jpeg 1536w, https:\/\/esbozodeportivo.com\/wp-content\/uploads\/2024\/06\/Esmanju-7-2048x1150.jpeg 2048w\" sizes=\"auto, (max-width: 640px) 100vw, 640px\" \/>\t\t\t\t\t\t\t\t\t\t\t\t\t<\/p>\n<h4>Esmenjaud La Pizzer\u00eda y Classics Buggy\u00b4s (Foto: esbozodeportivo.com)\u00a0<\/h4>\n<p>\t\t\t\t\t\t\t\t\t\t\t\t\t<img loading=\"lazy\" decoding=\"async\" width=\"640\" height=\"359\" src=\"https:\/\/esbozodeportivo.com\/wp-content\/uploads\/2024\/06\/Esmanju-8-1024x575.jpeg\" alt=\"\" srcset=\"https:\/\/esbozodeportivo.com\/wp-content\/uploads\/2024\/06\/Esmanju-8-1024x575.jpeg 1024w, https:\/\/esbozodeportivo.com\/wp-content\/uploads\/2024\/06\/Esmanju-8-300x168.jpeg 300w, https:\/\/esbozodeportivo.com\/wp-content\/uploads\/2024\/06\/Esmanju-8-768x431.jpeg 768w, https:\/\/esbozodeportivo.com\/wp-content\/uploads\/2024\/06\/Esmanju-8-1536x863.jpeg 1536w, https:\/\/esbozodeportivo.com\/wp-content\/uploads\/2024\/06\/Esmanju-8-2048x1150.jpeg 2048w\" sizes=\"auto, (max-width: 640px) 100vw, 640px\" \/>\t\t\t\t\t\t\t\t\t\t\t\t\t<\/p>\n<h4>Auto retro (Foto: esbozodeportivo.com)\u00a0<\/h4>\n<p>\t\t\t\t\t\t\t\t\t\t\t\t\t<img loading=\"lazy\" decoding=\"async\" width=\"640\" height=\"359\" src=\"https:\/\/esbozodeportivo.com\/wp-content\/uploads\/2024\/06\/Esmanju-5-1-1024x575.jpeg\" alt=\"\" srcset=\"https:\/\/esbozodeportivo.com\/wp-content\/uploads\/2024\/06\/Esmanju-5-1-1024x575.jpeg 1024w, https:\/\/esbozodeportivo.com\/wp-content\/uploads\/2024\/06\/Esmanju-5-1-300x168.jpeg 300w, https:\/\/esbozodeportivo.com\/wp-content\/uploads\/2024\/06\/Esmanju-5-1-768x431.jpeg 768w, https:\/\/esbozodeportivo.com\/wp-content\/uploads\/2024\/06\/Esmanju-5-1-1536x863.jpeg 1536w, https:\/\/esbozodeportivo.com\/wp-content\/uploads\/2024\/06\/Esmanju-5-1-2048x1150.jpeg 2048w\" sizes=\"auto, (max-width: 640px) 100vw, 640px\" \/>\t\t\t\t\t\t\t\t\t\t\t\t\t<\/p>\n<h4>Ambulancia retro (Foto: esbozodeportivo.com)\u00a0<\/h4>\n<p>\t\t\t\t\t\t\t\t\t\t\t\t\t<img loading=\"lazy\" decoding=\"async\" width=\"640\" height=\"359\" src=\"https:\/\/esbozodeportivo.com\/wp-content\/uploads\/2024\/06\/Esmanju-9-1024x575.jpeg\" alt=\"\" srcset=\"https:\/\/esbozodeportivo.com\/wp-content\/uploads\/2024\/06\/Esmanju-9-1024x575.jpeg 1024w, https:\/\/esbozodeportivo.com\/wp-content\/uploads\/2024\/06\/Esmanju-9-300x168.jpeg 300w, https:\/\/esbozodeportivo.com\/wp-content\/uploads\/2024\/06\/Esmanju-9-768x431.jpeg 768w, https:\/\/esbozodeportivo.com\/wp-content\/uploads\/2024\/06\/Esmanju-9-1536x863.jpeg 1536w, https:\/\/esbozodeportivo.com\/wp-content\/uploads\/2024\/06\/Esmanju-9-2048x1150.jpeg 2048w\" sizes=\"auto, (max-width: 640px) 100vw, 640px\" \/>\t\t\t\t\t\t\t\t\t\t\t\t\t<\/p>\n<h4>Fachada de Esmenjaud La Pizzer\u00eda escala (Foto: esbozodeportivo.com)\u00a0<\/h4>\n<p>\t\t\t\t\t\t\t\t\t\t\t\t\t<img loading=\"lazy\" decoding=\"async\" width=\"640\" height=\"359\" src=\"https:\/\/esbozodeportivo.com\/wp-content\/uploads\/2024\/06\/Esmanju-6-1024x575.jpeg\" alt=\"\" srcset=\"https:\/\/esbozodeportivo.com\/wp-content\/uploads\/2024\/06\/Esmanju-6-1024x575.jpeg 1024w, https:\/\/esbozodeportivo.com\/wp-content\/uploads\/2024\/06\/Esmanju-6-300x168.jpeg 300w, https:\/\/esbozodeportivo.com\/wp-content\/uploads\/2024\/06\/Esmanju-6-768x431.jpeg 768w, https:\/\/esbozodeportivo.com\/wp-content\/uploads\/2024\/06\/Esmanju-6-1536x863.jpeg 1536w, https:\/\/esbozodeportivo.com\/wp-content\/uploads\/2024\/06\/Esmanju-6-2048x1150.jpeg 2048w\" sizes=\"auto, (max-width: 640px) 100vw, 640px\" \/>\t\t\t\t\t\t\t\t\t\t\t\t\t<\/p>\n<h4>Classics Buggy\u00b4s en Esmenjaud La Pizzer\u00eda (Foto: esbozodeportivo.com)\u00a0<\/h4>\n<p>\t\t\t\t\t\t\t\t\t\t\t\t\t<img loading=\"lazy\" decoding=\"async\" width=\"640\" height=\"359\" src=\"https:\/\/esbozodeportivo.com\/wp-content\/uploads\/2024\/06\/Esmanju-3-1024x575.jpeg\" alt=\"\" srcset=\"https:\/\/esbozodeportivo.com\/wp-content\/uploads\/2024\/06\/Esmanju-3-1024x575.jpeg 1024w, https:\/\/esbozodeportivo.com\/wp-content\/uploads\/2024\/06\/Esmanju-3-300x168.jpeg 300w, https:\/\/esbozodeportivo.com\/wp-content\/uploads\/2024\/06\/Esmanju-3-768x431.jpeg 768w, https:\/\/esbozodeportivo.com\/wp-content\/uploads\/2024\/06\/Esmanju-3-1536x863.jpeg 1536w, https:\/\/esbozodeportivo.com\/wp-content\/uploads\/2024\/06\/Esmanju-3-2048x1150.jpeg 2048w\" sizes=\"auto, (max-width: 640px) 100vw, 640px\" \/>\t\t\t\t\t\t\t\t\t\t\t\t\t<\/p>\n<h4>Vitrina de autos a escala (Foto: esbozodeportivo.com)\u00a0<\/h4>\n","protected":false},"excerpt":{"rendered":"<p>Jos\u00e9 Manuel Esmenjaud: (Foto: esbozodeportivo.com) Ciudad de M\u00e9xico.- Para todos los amantes de los art\u00edculos<\/p>\n","protected":false},"author":2,"featured_media":0,"comment_status":"open","ping_status":"open","sticky":false,"template":"","format":"standard","meta":{"_jetpack_memberships_contains_paid_content":false,"footnotes":""},"categories":[26],"tags":[],"class_list":["post-3770","post","type-post","status-publish","format-standard","hentry","category-palabras"],"yoast_head":"<!-- This site is optimized with the Yoast SEO plugin v25.7 - https:\/\/yoast.com\/wordpress\/plugins\/seo\/ -->\n<title>\u201cUn concepto diferente pizza y autos retro\u201d: Juan Manuel Esmenjaud - Esbozo Deportivo<\/title>\n<meta name=\"robots\" content=\"index, follow, max-snippet:-1, max-image-preview:large, max-video-preview:-1\" \/>\n<link rel=\"canonical\" href=\"https:\/\/esbozodeportivo.com\/index.php\/2024\/06\/28\/un-concepto-diferente-pizza-y-autos-retro-juan-manuel-esmenjaud\/\" \/>\n<meta property=\"og:locale\" content=\"es_MX\" \/>\n<meta property=\"og:type\" content=\"article\" \/>\n<meta property=\"og:title\" content=\"\u201cUn concepto diferente pizza y autos retro\u201d: Juan Manuel Esmenjaud - Esbozo Deportivo\" \/>\n<meta property=\"og:description\" content=\"Jos\u00e9 Manuel Esmenjaud: (Foto: esbozodeportivo.com) Ciudad de M\u00e9xico.- Para todos los amantes de los art\u00edculos\" \/>\n<meta property=\"og:url\" content=\"https:\/\/esbozodeportivo.com\/index.php\/2024\/06\/28\/un-concepto-diferente-pizza-y-autos-retro-juan-manuel-esmenjaud\/\" \/>\n<meta property=\"og:site_name\" content=\"Esbozo Deportivo\" \/>\n<meta property=\"article:published_time\" content=\"2024-06-28T06:43:35+00:00\" \/>\n<meta property=\"article:modified_time\" content=\"2024-06-28T07:13:46+00:00\" \/>\n<meta property=\"og:image\" content=\"https:\/\/esbozodeportivo.com\/wp-content\/uploads\/2024\/06\/Esmanju-12-1024x575.jpeg\" \/>\n<meta name=\"author\" content=\"Javier De La Cruz\" \/>\n<meta name=\"twitter:card\" content=\"summary_large_image\" \/>\n<meta name=\"twitter:label1\" content=\"Escrito por\" \/>\n\t<meta name=\"twitter:data1\" content=\"Javier De La Cruz\" \/>\n\t<meta name=\"twitter:label2\" content=\"Tiempo de lectura\" \/>\n\t<meta name=\"twitter:data2\" content=\"4 minutos\" \/>\n<script type=\"application\/ld+json\" class=\"yoast-schema-graph\">{\"@context\":\"https:\/\/schema.org\",\"@graph\":[{\"@type\":\"Article\",\"@id\":\"https:\/\/esbozodeportivo.com\/index.php\/2024\/06\/28\/un-concepto-diferente-pizza-y-autos-retro-juan-manuel-esmenjaud\/#article\",\"isPartOf\":{\"@id\":\"https:\/\/esbozodeportivo.com\/index.php\/2024\/06\/28\/un-concepto-diferente-pizza-y-autos-retro-juan-manuel-esmenjaud\/\"},\"author\":{\"name\":\"Javier De La Cruz\",\"@id\":\"https:\/\/esbozodeportivo.com\/#\/schema\/person\/7277119c98823aec37bbb84e125efd44\"},\"headline\":\"\u201cUn concepto diferente pizza y autos retro\u201d: Juan Manuel Esmenjaud\",\"datePublished\":\"2024-06-28T06:43:35+00:00\",\"dateModified\":\"2024-06-28T07:13:46+00:00\",\"mainEntityOfPage\":{\"@id\":\"https:\/\/esbozodeportivo.com\/index.php\/2024\/06\/28\/un-concepto-diferente-pizza-y-autos-retro-juan-manuel-esmenjaud\/\"},\"wordCount\":885,\"commentCount\":0,\"publisher\":{\"@id\":\"https:\/\/esbozodeportivo.com\/#organization\"},\"image\":{\"@id\":\"https:\/\/esbozodeportivo.com\/index.php\/2024\/06\/28\/un-concepto-diferente-pizza-y-autos-retro-juan-manuel-esmenjaud\/#primaryimage\"},\"thumbnailUrl\":\"https:\/\/esbozodeportivo.com\/wp-content\/uploads\/2024\/06\/Esmanju-12-1024x575.jpeg\",\"articleSection\":[\"Entrevista Exclusiva\"],\"inLanguage\":\"es\",\"potentialAction\":[{\"@type\":\"CommentAction\",\"name\":\"Comment\",\"target\":[\"https:\/\/esbozodeportivo.com\/index.php\/2024\/06\/28\/un-concepto-diferente-pizza-y-autos-retro-juan-manuel-esmenjaud\/#respond\"]}]},{\"@type\":\"WebPage\",\"@id\":\"https:\/\/esbozodeportivo.com\/index.php\/2024\/06\/28\/un-concepto-diferente-pizza-y-autos-retro-juan-manuel-esmenjaud\/\",\"url\":\"https:\/\/esbozodeportivo.com\/index.php\/2024\/06\/28\/un-concepto-diferente-pizza-y-autos-retro-juan-manuel-esmenjaud\/\",\"name\":\"\u201cUn concepto diferente pizza y autos retro\u201d: Juan Manuel Esmenjaud - Esbozo Deportivo\",\"isPartOf\":{\"@id\":\"https:\/\/esbozodeportivo.com\/#website\"},\"primaryImageOfPage\":{\"@id\":\"https:\/\/esbozodeportivo.com\/index.php\/2024\/06\/28\/un-concepto-diferente-pizza-y-autos-retro-juan-manuel-esmenjaud\/#primaryimage\"},\"image\":{\"@id\":\"https:\/\/esbozodeportivo.com\/index.php\/2024\/06\/28\/un-concepto-diferente-pizza-y-autos-retro-juan-manuel-esmenjaud\/#primaryimage\"},\"thumbnailUrl\":\"https:\/\/esbozodeportivo.com\/wp-content\/uploads\/2024\/06\/Esmanju-12-1024x575.jpeg\",\"datePublished\":\"2024-06-28T06:43:35+00:00\",\"dateModified\":\"2024-06-28T07:13:46+00:00\",\"breadcrumb\":{\"@id\":\"https:\/\/esbozodeportivo.com\/index.php\/2024\/06\/28\/un-concepto-diferente-pizza-y-autos-retro-juan-manuel-esmenjaud\/#breadcrumb\"},\"inLanguage\":\"es\",\"potentialAction\":[{\"@type\":\"ReadAction\",\"target\":[\"https:\/\/esbozodeportivo.com\/index.php\/2024\/06\/28\/un-concepto-diferente-pizza-y-autos-retro-juan-manuel-esmenjaud\/\"]}]},{\"@type\":\"ImageObject\",\"inLanguage\":\"es\",\"@id\":\"https:\/\/esbozodeportivo.com\/index.php\/2024\/06\/28\/un-concepto-diferente-pizza-y-autos-retro-juan-manuel-esmenjaud\/#primaryimage\",\"url\":\"https:\/\/esbozodeportivo.com\/wp-content\/uploads\/2024\/06\/Esmanju-12-1024x575.jpeg\",\"contentUrl\":\"https:\/\/esbozodeportivo.com\/wp-content\/uploads\/2024\/06\/Esmanju-12-1024x575.jpeg\"},{\"@type\":\"BreadcrumbList\",\"@id\":\"https:\/\/esbozodeportivo.com\/index.php\/2024\/06\/28\/un-concepto-diferente-pizza-y-autos-retro-juan-manuel-esmenjaud\/#breadcrumb\",\"itemListElement\":[{\"@type\":\"ListItem\",\"position\":1,\"name\":\"Inicio\",\"item\":\"https:\/\/esbozodeportivo.com\/\"},{\"@type\":\"ListItem\",\"position\":2,\"name\":\"\u201cUn concepto diferente pizza y autos retro\u201d: Juan Manuel Esmenjaud\"}]},{\"@type\":\"WebSite\",\"@id\":\"https:\/\/esbozodeportivo.com\/#website\",\"url\":\"https:\/\/esbozodeportivo.com\/\",\"name\":\"Esbozo Deportivo\",\"description\":\"Lo m\u00e1s importante del Deporte\",\"publisher\":{\"@id\":\"https:\/\/esbozodeportivo.com\/#organization\"},\"potentialAction\":[{\"@type\":\"SearchAction\",\"target\":{\"@type\":\"EntryPoint\",\"urlTemplate\":\"https:\/\/esbozodeportivo.com\/?s={search_term_string}\"},\"query-input\":{\"@type\":\"PropertyValueSpecification\",\"valueRequired\":true,\"valueName\":\"search_term_string\"}}],\"inLanguage\":\"es\"},{\"@type\":\"Organization\",\"@id\":\"https:\/\/esbozodeportivo.com\/#organization\",\"name\":\"Esbozo Deportivo\",\"url\":\"https:\/\/esbozodeportivo.com\/\",\"logo\":{\"@type\":\"ImageObject\",\"inLanguage\":\"es\",\"@id\":\"https:\/\/esbozodeportivo.com\/#\/schema\/logo\/image\/\",\"url\":\"https:\/\/esbozodeportivo.com\/wp-content\/uploads\/2022\/08\/cropped-Logo-Esbozo-Web-2.png\",\"contentUrl\":\"https:\/\/esbozodeportivo.com\/wp-content\/uploads\/2022\/08\/cropped-Logo-Esbozo-Web-2.png\",\"width\":180,\"height\":50,\"caption\":\"Esbozo Deportivo\"},\"image\":{\"@id\":\"https:\/\/esbozodeportivo.com\/#\/schema\/logo\/image\/\"}},{\"@type\":\"Person\",\"@id\":\"https:\/\/esbozodeportivo.com\/#\/schema\/person\/7277119c98823aec37bbb84e125efd44\",\"name\":\"Javier De La Cruz\",\"image\":{\"@type\":\"ImageObject\",\"inLanguage\":\"es\",\"@id\":\"https:\/\/esbozodeportivo.com\/#\/schema\/person\/image\/\",\"url\":\"https:\/\/secure.gravatar.com\/avatar\/366235a56d20f1a6e8e3d0b295897639357bea880470ddf261d17bb0bc052eb1?s=96&d=mm&r=g\",\"contentUrl\":\"https:\/\/secure.gravatar.com\/avatar\/366235a56d20f1a6e8e3d0b295897639357bea880470ddf261d17bb0bc052eb1?s=96&d=mm&r=g\",\"caption\":\"Javier De La Cruz\"},\"url\":\"https:\/\/esbozodeportivo.com\/index.php\/author\/javier-de-la-cruz-de-la-cruz\/\"}]}<\/script>\n<!-- \/ Yoast SEO plugin. -->","yoast_head_json":{"title":"\u201cUn concepto diferente pizza y autos retro\u201d: Juan Manuel Esmenjaud - Esbozo Deportivo","robots":{"index":"index","follow":"follow","max-snippet":"max-snippet:-1","max-image-preview":"max-image-preview:large","max-video-preview":"max-video-preview:-1"},"canonical":"https:\/\/esbozodeportivo.com\/index.php\/2024\/06\/28\/un-concepto-diferente-pizza-y-autos-retro-juan-manuel-esmenjaud\/","og_locale":"es_MX","og_type":"article","og_title":"\u201cUn concepto diferente pizza y autos retro\u201d: Juan Manuel Esmenjaud - Esbozo Deportivo","og_description":"Jos\u00e9 Manuel Esmenjaud: (Foto: esbozodeportivo.com) Ciudad de M\u00e9xico.- Para todos los amantes de los art\u00edculos","og_url":"https:\/\/esbozodeportivo.com\/index.php\/2024\/06\/28\/un-concepto-diferente-pizza-y-autos-retro-juan-manuel-esmenjaud\/","og_site_name":"Esbozo Deportivo","article_published_time":"2024-06-28T06:43:35+00:00","article_modified_time":"2024-06-28T07:13:46+00:00","og_image":[{"url":"https:\/\/esbozodeportivo.com\/wp-content\/uploads\/2024\/06\/Esmanju-12-1024x575.jpeg","type":"","width":"","height":""}],"author":"Javier De La Cruz","twitter_card":"summary_large_image","twitter_misc":{"Escrito por":"Javier De La Cruz","Tiempo de lectura":"4 minutos"},"schema":{"@context":"https:\/\/schema.org","@graph":[{"@type":"Article","@id":"https:\/\/esbozodeportivo.com\/index.php\/2024\/06\/28\/un-concepto-diferente-pizza-y-autos-retro-juan-manuel-esmenjaud\/#article","isPartOf":{"@id":"https:\/\/esbozodeportivo.com\/index.php\/2024\/06\/28\/un-concepto-diferente-pizza-y-autos-retro-juan-manuel-esmenjaud\/"},"author":{"name":"Javier De La Cruz","@id":"https:\/\/esbozodeportivo.com\/#\/schema\/person\/7277119c98823aec37bbb84e125efd44"},"headline":"\u201cUn concepto diferente pizza y autos retro\u201d: Juan Manuel Esmenjaud","datePublished":"2024-06-28T06:43:35+00:00","dateModified":"2024-06-28T07:13:46+00:00","mainEntityOfPage":{"@id":"https:\/\/esbozodeportivo.com\/index.php\/2024\/06\/28\/un-concepto-diferente-pizza-y-autos-retro-juan-manuel-esmenjaud\/"},"wordCount":885,"commentCount":0,"publisher":{"@id":"https:\/\/esbozodeportivo.com\/#organization"},"image":{"@id":"https:\/\/esbozodeportivo.com\/index.php\/2024\/06\/28\/un-concepto-diferente-pizza-y-autos-retro-juan-manuel-esmenjaud\/#primaryimage"},"thumbnailUrl":"https:\/\/esbozodeportivo.com\/wp-content\/uploads\/2024\/06\/Esmanju-12-1024x575.jpeg","articleSection":["Entrevista Exclusiva"],"inLanguage":"es","potentialAction":[{"@type":"CommentAction","name":"Comment","target":["https:\/\/esbozodeportivo.com\/index.php\/2024\/06\/28\/un-concepto-diferente-pizza-y-autos-retro-juan-manuel-esmenjaud\/#respond"]}]},{"@type":"WebPage","@id":"https:\/\/esbozodeportivo.com\/index.php\/2024\/06\/28\/un-concepto-diferente-pizza-y-autos-retro-juan-manuel-esmenjaud\/","url":"https:\/\/esbozodeportivo.com\/index.php\/2024\/06\/28\/un-concepto-diferente-pizza-y-autos-retro-juan-manuel-esmenjaud\/","name":"\u201cUn concepto diferente pizza y autos retro\u201d: Juan Manuel Esmenjaud - Esbozo Deportivo","isPartOf":{"@id":"https:\/\/esbozodeportivo.com\/#website"},"primaryImageOfPage":{"@id":"https:\/\/esbozodeportivo.com\/index.php\/2024\/06\/28\/un-concepto-diferente-pizza-y-autos-retro-juan-manuel-esmenjaud\/#primaryimage"},"image":{"@id":"https:\/\/esbozodeportivo.com\/index.php\/2024\/06\/28\/un-concepto-diferente-pizza-y-autos-retro-juan-manuel-esmenjaud\/#primaryimage"},"thumbnailUrl":"https:\/\/esbozodeportivo.com\/wp-content\/uploads\/2024\/06\/Esmanju-12-1024x575.jpeg","datePublished":"2024-06-28T06:43:35+00:00","dateModified":"2024-06-28T07:13:46+00:00","breadcrumb":{"@id":"https:\/\/esbozodeportivo.com\/index.php\/2024\/06\/28\/un-concepto-diferente-pizza-y-autos-retro-juan-manuel-esmenjaud\/#breadcrumb"},"inLanguage":"es","potentialAction":[{"@type":"ReadAction","target":["https:\/\/esbozodeportivo.com\/index.php\/2024\/06\/28\/un-concepto-diferente-pizza-y-autos-retro-juan-manuel-esmenjaud\/"]}]},{"@type":"ImageObject","inLanguage":"es","@id":"https:\/\/esbozodeportivo.com\/index.php\/2024\/06\/28\/un-concepto-diferente-pizza-y-autos-retro-juan-manuel-esmenjaud\/#primaryimage","url":"https:\/\/esbozodeportivo.com\/wp-content\/uploads\/2024\/06\/Esmanju-12-1024x575.jpeg","contentUrl":"https:\/\/esbozodeportivo.com\/wp-content\/uploads\/2024\/06\/Esmanju-12-1024x575.jpeg"},{"@type":"BreadcrumbList","@id":"https:\/\/esbozodeportivo.com\/index.php\/2024\/06\/28\/un-concepto-diferente-pizza-y-autos-retro-juan-manuel-esmenjaud\/#breadcrumb","itemListElement":[{"@type":"ListItem","position":1,"name":"Inicio","item":"https:\/\/esbozodeportivo.com\/"},{"@type":"ListItem","position":2,"name":"\u201cUn concepto diferente pizza y autos retro\u201d: Juan Manuel Esmenjaud"}]},{"@type":"WebSite","@id":"https:\/\/esbozodeportivo.com\/#website","url":"https:\/\/esbozodeportivo.com\/","name":"Esbozo Deportivo","description":"Lo m\u00e1s importante del Deporte","publisher":{"@id":"https:\/\/esbozodeportivo.com\/#organization"},"potentialAction":[{"@type":"SearchAction","target":{"@type":"EntryPoint","urlTemplate":"https:\/\/esbozodeportivo.com\/?s={search_term_string}"},"query-input":{"@type":"PropertyValueSpecification","valueRequired":true,"valueName":"search_term_string"}}],"inLanguage":"es"},{"@type":"Organization","@id":"https:\/\/esbozodeportivo.com\/#organization","name":"Esbozo Deportivo","url":"https:\/\/esbozodeportivo.com\/","logo":{"@type":"ImageObject","inLanguage":"es","@id":"https:\/\/esbozodeportivo.com\/#\/schema\/logo\/image\/","url":"https:\/\/esbozodeportivo.com\/wp-content\/uploads\/2022\/08\/cropped-Logo-Esbozo-Web-2.png","contentUrl":"https:\/\/esbozodeportivo.com\/wp-content\/uploads\/2022\/08\/cropped-Logo-Esbozo-Web-2.png","width":180,"height":50,"caption":"Esbozo Deportivo"},"image":{"@id":"https:\/\/esbozodeportivo.com\/#\/schema\/logo\/image\/"}},{"@type":"Person","@id":"https:\/\/esbozodeportivo.com\/#\/schema\/person\/7277119c98823aec37bbb84e125efd44","name":"Javier De La Cruz","image":{"@type":"ImageObject","inLanguage":"es","@id":"https:\/\/esbozodeportivo.com\/#\/schema\/person\/image\/","url":"https:\/\/secure.gravatar.com\/avatar\/366235a56d20f1a6e8e3d0b295897639357bea880470ddf261d17bb0bc052eb1?s=96&d=mm&r=g","contentUrl":"https:\/\/secure.gravatar.com\/avatar\/366235a56d20f1a6e8e3d0b295897639357bea880470ddf261d17bb0bc052eb1?s=96&d=mm&r=g","caption":"Javier De La Cruz"},"url":"https:\/\/esbozodeportivo.com\/index.php\/author\/javier-de-la-cruz-de-la-cruz\/"}]}},"jetpack_featured_media_url":"","jetpack_sharing_enabled":true,"_links":{"self":[{"href":"https:\/\/esbozodeportivo.com\/index.php\/wp-json\/wp\/v2\/posts\/3770","targetHints":{"allow":["GET"]}}],"collection":[{"href":"https:\/\/esbozodeportivo.com\/index.php\/wp-json\/wp\/v2\/posts"}],"about":[{"href":"https:\/\/esbozodeportivo.com\/index.php\/wp-json\/wp\/v2\/types\/post"}],"author":[{"embeddable":true,"href":"https:\/\/esbozodeportivo.com\/index.php\/wp-json\/wp\/v2\/users\/2"}],"replies":[{"embeddable":true,"href":"https:\/\/esbozodeportivo.com\/index.php\/wp-json\/wp\/v2\/comments?post=3770"}],"version-history":[{"count":4,"href":"https:\/\/esbozodeportivo.com\/index.php\/wp-json\/wp\/v2\/posts\/3770\/revisions"}],"predecessor-version":[{"id":3792,"href":"https:\/\/esbozodeportivo.com\/index.php\/wp-json\/wp\/v2\/posts\/3770\/revisions\/3792"}],"wp:attachment":[{"href":"https:\/\/esbozodeportivo.com\/index.php\/wp-json\/wp\/v2\/media?parent=3770"}],"wp:term":[{"taxonomy":"category","embeddable":true,"href":"https:\/\/esbozodeportivo.com\/index.php\/wp-json\/wp\/v2\/categories?post=3770"},{"taxonomy":"post_tag","embeddable":true,"href":"https:\/\/esbozodeportivo.com\/index.php\/wp-json\/wp\/v2\/tags?post=3770"}],"curies":[{"name":"wp","href":"https:\/\/api.w.org\/{rel}","templated":true}]}}