{"id":3793,"date":"2024-07-01T22:05:57","date_gmt":"2024-07-01T22:05:57","guid":{"rendered":"https:\/\/esbozodeportivo.com\/?p=3793"},"modified":"2024-07-01T22:21:15","modified_gmt":"2024-07-01T22:21:15","slug":"copa-nacional-indigena-horacio-llamas-del-12-al-14-de-julio-en-distintas-alcaldias-de-la-cdmx","status":"publish","type":"post","link":"https:\/\/esbozodeportivo.com\/index.php\/2024\/07\/01\/copa-nacional-indigena-horacio-llamas-del-12-al-14-de-julio-en-distintas-alcaldias-de-la-cdmx\/","title":{"rendered":"\u201cCopa Nacional Ind\u00edgena Horacio Llamas\u201d del 12 al 14 de julio en distintas alcald\u00edas de la CDMX"},"content":{"rendered":"<style>\/*! elementor - v3.22.0 - 26-06-2024 *\/\n.elementor-widget-image{text-align:center}.elementor-widget-image a{display:inline-block}.elementor-widget-image a img[src$=\".svg\"]{width:48px}.elementor-widget-image img{vertical-align:middle;display:inline-block}<\/style>\n<p>\t\t\t\t\t\t\t\t\t\t<img loading=\"lazy\" decoding=\"async\" width=\"640\" height=\"359\" src=\"https:\/\/esbozodeportivo.com\/wp-content\/uploads\/2024\/07\/Horacio-LLamas-3-1024x575.jpeg\" alt=\"\" srcset=\"https:\/\/esbozodeportivo.com\/wp-content\/uploads\/2024\/07\/Horacio-LLamas-3-1024x575.jpeg 1024w, https:\/\/esbozodeportivo.com\/wp-content\/uploads\/2024\/07\/Horacio-LLamas-3-300x168.jpeg 300w, https:\/\/esbozodeportivo.com\/wp-content\/uploads\/2024\/07\/Horacio-LLamas-3-768x431.jpeg 768w, https:\/\/esbozodeportivo.com\/wp-content\/uploads\/2024\/07\/Horacio-LLamas-3-1536x863.jpeg 1536w, https:\/\/esbozodeportivo.com\/wp-content\/uploads\/2024\/07\/Horacio-LLamas-3-2048x1150.jpeg 2048w\" sizes=\"auto, (max-width: 640px) 100vw, 640px\" \/>\t\t\t\t\t\t\t\t\t\t\t\t\t<\/p>\n<p><strong>Horacio Llamas (Foto: esbozodeportivo.com)<\/strong><\/p>\n<p>Ciudad de M\u00e9xico, Del 12 al 14 de julio se llevar\u00e1 a cabo la <strong>\u201cCopa Nacional Ind\u00edgena Horacio Llamas\u201d<\/strong> en diferentes alcald\u00edas de la Ciudad de M\u00e9xico, as\u00ed lo dio a conocer el presidente de la Fundaci\u00f3n Usos y Costumbres y Tradiciones de los Pueblos, Francisco Javier Rodea, en conferencia de prensa que se llev\u00f3 a cabo en conocido restaurante del Centro Hist\u00f3rico, en el pres\u00eddium, estuvieron presentes el primer el basquetbolista mexicano en jugar en la NBA Horacio Lamas, as\u00ed como autoridades de las alcald\u00eda y del deporte de la CDMX.<\/p>\n<p>\t\t\t\t\t\t\t\t\t\t\t\t\t<img loading=\"lazy\" decoding=\"async\" width=\"640\" height=\"359\" src=\"https:\/\/esbozodeportivo.com\/wp-content\/uploads\/2024\/07\/Horacio-LLamas-4-1024x575.jpeg\" alt=\"\" srcset=\"https:\/\/esbozodeportivo.com\/wp-content\/uploads\/2024\/07\/Horacio-LLamas-4-1024x575.jpeg 1024w, https:\/\/esbozodeportivo.com\/wp-content\/uploads\/2024\/07\/Horacio-LLamas-4-300x168.jpeg 300w, https:\/\/esbozodeportivo.com\/wp-content\/uploads\/2024\/07\/Horacio-LLamas-4-768x431.jpeg 768w, https:\/\/esbozodeportivo.com\/wp-content\/uploads\/2024\/07\/Horacio-LLamas-4-1536x863.jpeg 1536w, https:\/\/esbozodeportivo.com\/wp-content\/uploads\/2024\/07\/Horacio-LLamas-4-2048x1150.jpeg 2048w\" sizes=\"auto, (max-width: 640px) 100vw, 640px\" \/>\t\t\t\t\t\t\t\t\t\t\t\t\t<\/p>\n<p><strong>Horacio Llamas y Javier Rodea (Foto: esbozodeportivo.com)\u00a0<\/strong><\/p>\n<p>Ser\u00e1n m\u00e1s de 380 equipos los que est\u00e9n participando en la <strong>\u201cCopa Nacional Ind\u00edgena Horacio Llamas\u201d<\/strong> en las diferentes sedes como: Tl\u00e1huac, Tlalpan, Cuauht\u00e9moc, Iztapalapa, Iztacalco y Venustiano Carranza, a parte del Basquetbol, tambi\u00e9n habr\u00e1 otras disciplinas tal como el Tae Kwon Do, Judo, Box, Futbol, Fitness Deportes Aut\u00f3ctonos y Yoyo.<\/p>\n<p>\t\t\t\t\t\t\t\t\t\t\t\t\t<img loading=\"lazy\" decoding=\"async\" width=\"640\" height=\"359\" src=\"https:\/\/esbozodeportivo.com\/wp-content\/uploads\/2024\/07\/Horacio-LLamas-10-1024x575.jpeg\" alt=\"\" srcset=\"https:\/\/esbozodeportivo.com\/wp-content\/uploads\/2024\/07\/Horacio-LLamas-10-1024x575.jpeg 1024w, https:\/\/esbozodeportivo.com\/wp-content\/uploads\/2024\/07\/Horacio-LLamas-10-300x168.jpeg 300w, https:\/\/esbozodeportivo.com\/wp-content\/uploads\/2024\/07\/Horacio-LLamas-10-768x431.jpeg 768w, https:\/\/esbozodeportivo.com\/wp-content\/uploads\/2024\/07\/Horacio-LLamas-10-1536x863.jpeg 1536w, https:\/\/esbozodeportivo.com\/wp-content\/uploads\/2024\/07\/Horacio-LLamas-10-2048x1150.jpeg 2048w\" sizes=\"auto, (max-width: 640px) 100vw, 640px\" \/>\t\t\t\t\t\t\t\t\t\t\t\t\t<\/p>\n<p><strong>Conferencia (Foto: esbozodeportivo.com)<\/strong><\/p>\n<p>\u201cEs un orgullo que la Fundaci\u00f3n Usos y Costumbres y Tradiciones de los Pueblos del Mundo, hayan pensado en m\u00ed nombre para los torneos de basquetbol que se llevar\u00e1n a cabo a nivel nacional. Y tambi\u00e9n me alegra que todos puedan tomar parte en este torneo masivo que se llevar\u00e1 a cabo en la Ciudad de M\u00e9xico, donde la finalidad es que se realice cada a\u00f1o\u201d enfatiz\u00f3 Horacio Llamas.<\/p>\n<p>\t\t\t\t\t\t\t\t\t\t\t\t\t<img loading=\"lazy\" decoding=\"async\" width=\"640\" height=\"359\" src=\"https:\/\/esbozodeportivo.com\/wp-content\/uploads\/2024\/07\/Horacio-LLamas-14-1024x575.jpeg\" alt=\"\" srcset=\"https:\/\/esbozodeportivo.com\/wp-content\/uploads\/2024\/07\/Horacio-LLamas-14-1024x575.jpeg 1024w, https:\/\/esbozodeportivo.com\/wp-content\/uploads\/2024\/07\/Horacio-LLamas-14-300x168.jpeg 300w, https:\/\/esbozodeportivo.com\/wp-content\/uploads\/2024\/07\/Horacio-LLamas-14-768x431.jpeg 768w, https:\/\/esbozodeportivo.com\/wp-content\/uploads\/2024\/07\/Horacio-LLamas-14-1536x863.jpeg 1536w, https:\/\/esbozodeportivo.com\/wp-content\/uploads\/2024\/07\/Horacio-LLamas-14-2048x1150.jpeg 2048w\" sizes=\"auto, (max-width: 640px) 100vw, 640px\" \/>\t\t\t\t\t\t\t\t\t\t\t\t\t<\/p>\n<p><strong>Conferencia (Foto: esbozodeportivo,com)<\/strong><\/p>\n<p>Quien a\u00f1adi\u00f3 que \u00e9l y otros basquetbolistas que han pisado la NBA, deben transmitir sus conocimientos a las nuevas generaciones que quieran jugar en el mejor basquetbol del mundo. Por lo que se ha dedicado a recorrer gran parte de la rep\u00fablica para difundir el basquetbol principalmente a los ni\u00f1os y ni\u00f1as.<\/p>\n<p>\t\t\t\t\t\t\t\t\t\t\t\t\t<img loading=\"lazy\" decoding=\"async\" width=\"640\" height=\"359\" src=\"https:\/\/esbozodeportivo.com\/wp-content\/uploads\/2024\/07\/Horacio-LLamas-8-1024x575.jpeg\" alt=\"\" srcset=\"https:\/\/esbozodeportivo.com\/wp-content\/uploads\/2024\/07\/Horacio-LLamas-8-1024x575.jpeg 1024w, https:\/\/esbozodeportivo.com\/wp-content\/uploads\/2024\/07\/Horacio-LLamas-8-300x168.jpeg 300w, https:\/\/esbozodeportivo.com\/wp-content\/uploads\/2024\/07\/Horacio-LLamas-8-768x431.jpeg 768w, https:\/\/esbozodeportivo.com\/wp-content\/uploads\/2024\/07\/Horacio-LLamas-8-1536x863.jpeg 1536w, https:\/\/esbozodeportivo.com\/wp-content\/uploads\/2024\/07\/Horacio-LLamas-8-2048x1150.jpeg 2048w\" sizes=\"auto, (max-width: 640px) 100vw, 640px\" \/>\t\t\t\t\t\t\t\t\t\t\t\t\t<\/p>\n<p><strong>Horacio Llamas y Javier Rodea (Foto: esbozodeportivo.com)\u00a0<\/strong><\/p>\n<p>Por su parte Javier Rodea, mencion\u00f3 \u201cEs muy importante para la fundaci\u00f3n realizar este tipo de eventos y m\u00e1s con grandes figuras como Horacio Llamas, as\u00ed como el apoyo del gobierno de la CDMX, y las diferentes alcald\u00edas que estar\u00e1n participando en el torneo, donde la idea es que los hermanos ind\u00edgenas tengan espacios dignos para realizar diferentes disciplinas deportivas en la capital mexicana, as\u00ed como a nivel nacional\u201d, coment\u00f3<\/p>\n<p>\t\t\t\t\t\t\t\t\t\t\t\t\t<img loading=\"lazy\" decoding=\"async\" width=\"640\" height=\"359\" src=\"https:\/\/esbozodeportivo.com\/wp-content\/uploads\/2024\/07\/Horacio-LLamas-5-1024x575.jpeg\" alt=\"\" srcset=\"https:\/\/esbozodeportivo.com\/wp-content\/uploads\/2024\/07\/Horacio-LLamas-5-1024x575.jpeg 1024w, https:\/\/esbozodeportivo.com\/wp-content\/uploads\/2024\/07\/Horacio-LLamas-5-300x168.jpeg 300w, https:\/\/esbozodeportivo.com\/wp-content\/uploads\/2024\/07\/Horacio-LLamas-5-768x431.jpeg 768w, https:\/\/esbozodeportivo.com\/wp-content\/uploads\/2024\/07\/Horacio-LLamas-5-1536x863.jpeg 1536w, https:\/\/esbozodeportivo.com\/wp-content\/uploads\/2024\/07\/Horacio-LLamas-5-2048x1150.jpeg 2048w\" sizes=\"auto, (max-width: 640px) 100vw, 640px\" \/>\t\t\t\t\t\t\t\t\t\t\t\t\t<\/p>\n<p><strong>Conferencia (Foto: esbozodeportivo.com)<\/strong><\/p>\n<p>Adem\u00e1s agreg\u00f3 que tambi\u00e9n se llevar\u00e1 a cabo una cl\u00ednica masiva nacional que impartir\u00e1 Horacio Llamas, empezando en la CDMX y despu\u00e9s en distintas partes de la rep\u00fablica, donde los j\u00f3venes y ni\u00f1os tendr\u00e1n la oportunidad de tomar dicha cl\u00ednica, para que el deporte sea una parte de la vida de los hermanos ind\u00edgenas.<\/p>\n<p>La inauguraci\u00f3n se llevar\u00e1 a cabos el 12 de julio en la Plaza Tlaxcoaque a las 14: horas, con invitados especiales adem\u00e1s de autoridades del Instituto del Deporte de la Ciudad de M\u00e9xico.<\/p>\n<p>\t\t\t\t\t\t\t\t\t\t\t\t\t<img loading=\"lazy\" decoding=\"async\" width=\"640\" height=\"359\" src=\"https:\/\/esbozodeportivo.com\/wp-content\/uploads\/2024\/07\/Horacio-LLamas-1-1024x575.jpeg\" alt=\"\" srcset=\"https:\/\/esbozodeportivo.com\/wp-content\/uploads\/2024\/07\/Horacio-LLamas-1-1024x575.jpeg 1024w, https:\/\/esbozodeportivo.com\/wp-content\/uploads\/2024\/07\/Horacio-LLamas-1-300x168.jpeg 300w, https:\/\/esbozodeportivo.com\/wp-content\/uploads\/2024\/07\/Horacio-LLamas-1-768x431.jpeg 768w, https:\/\/esbozodeportivo.com\/wp-content\/uploads\/2024\/07\/Horacio-LLamas-1-1536x863.jpeg 1536w, https:\/\/esbozodeportivo.com\/wp-content\/uploads\/2024\/07\/Horacio-LLamas-1-2048x1150.jpeg 2048w\" sizes=\"auto, (max-width: 640px) 100vw, 640px\" \/>\t\t\t\t\t\t\t\t\t\t\t\t\t<\/p>\n<p><strong>Horacio Llamas (Foto: esbozodeportivo.com)\u00a0<\/strong><\/p>\n","protected":false},"excerpt":{"rendered":"<p>Horacio Llamas (Foto: esbozodeportivo.com) Ciudad de M\u00e9xico, Del 12 al 14 de julio se llevar\u00e1<\/p>\n","protected":false},"author":2,"featured_media":0,"comment_status":"open","ping_status":"open","sticky":false,"template":"","format":"standard","meta":{"_jetpack_memberships_contains_paid_content":false,"footnotes":""},"categories":[5],"tags":[],"class_list":["post-3793","post","type-post","status-publish","format-standard","hentry","category-amateur"],"yoast_head":"<!-- This site is optimized with the Yoast SEO plugin v25.7 - https:\/\/yoast.com\/wordpress\/plugins\/seo\/ -->\n<title>\u201cCopa Nacional Ind\u00edgena Horacio Llamas\u201d del 12 al 14 de julio en distintas alcald\u00edas de la CDMX - Esbozo Deportivo<\/title>\n<meta name=\"robots\" content=\"index, follow, max-snippet:-1, max-image-preview:large, max-video-preview:-1\" \/>\n<link rel=\"canonical\" href=\"https:\/\/esbozodeportivo.com\/index.php\/2024\/07\/01\/copa-nacional-indigena-horacio-llamas-del-12-al-14-de-julio-en-distintas-alcaldias-de-la-cdmx\/\" \/>\n<meta property=\"og:locale\" content=\"es_MX\" \/>\n<meta property=\"og:type\" content=\"article\" \/>\n<meta property=\"og:title\" content=\"\u201cCopa Nacional Ind\u00edgena Horacio Llamas\u201d del 12 al 14 de julio en distintas alcald\u00edas de la CDMX - Esbozo Deportivo\" \/>\n<meta property=\"og:description\" content=\"Horacio Llamas (Foto: esbozodeportivo.com) Ciudad de M\u00e9xico, Del 12 al 14 de julio se llevar\u00e1\" \/>\n<meta property=\"og:url\" content=\"https:\/\/esbozodeportivo.com\/index.php\/2024\/07\/01\/copa-nacional-indigena-horacio-llamas-del-12-al-14-de-julio-en-distintas-alcaldias-de-la-cdmx\/\" \/>\n<meta property=\"og:site_name\" content=\"Esbozo Deportivo\" \/>\n<meta property=\"article:published_time\" content=\"2024-07-01T22:05:57+00:00\" \/>\n<meta property=\"article:modified_time\" content=\"2024-07-01T22:21:15+00:00\" \/>\n<meta property=\"og:image\" content=\"https:\/\/esbozodeportivo.com\/wp-content\/uploads\/2024\/07\/Horacio-LLamas-3-1024x575.jpeg\" \/>\n<meta name=\"author\" content=\"Javier De La Cruz\" \/>\n<meta name=\"twitter:card\" content=\"summary_large_image\" \/>\n<meta name=\"twitter:label1\" content=\"Escrito por\" \/>\n\t<meta name=\"twitter:data1\" content=\"Javier De La Cruz\" \/>\n\t<meta name=\"twitter:label2\" content=\"Tiempo de lectura\" \/>\n\t<meta name=\"twitter:data2\" content=\"2 minutos\" \/>\n<script type=\"application\/ld+json\" class=\"yoast-schema-graph\">{\"@context\":\"https:\/\/schema.org\",\"@graph\":[{\"@type\":\"Article\",\"@id\":\"https:\/\/esbozodeportivo.com\/index.php\/2024\/07\/01\/copa-nacional-indigena-horacio-llamas-del-12-al-14-de-julio-en-distintas-alcaldias-de-la-cdmx\/#article\",\"isPartOf\":{\"@id\":\"https:\/\/esbozodeportivo.com\/index.php\/2024\/07\/01\/copa-nacional-indigena-horacio-llamas-del-12-al-14-de-julio-en-distintas-alcaldias-de-la-cdmx\/\"},\"author\":{\"name\":\"Javier De La Cruz\",\"@id\":\"https:\/\/esbozodeportivo.com\/#\/schema\/person\/7277119c98823aec37bbb84e125efd44\"},\"headline\":\"\u201cCopa Nacional Ind\u00edgena Horacio Llamas\u201d del 12 al 14 de julio en distintas alcald\u00edas de la CDMX\",\"datePublished\":\"2024-07-01T22:05:57+00:00\",\"dateModified\":\"2024-07-01T22:21:15+00:00\",\"mainEntityOfPage\":{\"@id\":\"https:\/\/esbozodeportivo.com\/index.php\/2024\/07\/01\/copa-nacional-indigena-horacio-llamas-del-12-al-14-de-julio-en-distintas-alcaldias-de-la-cdmx\/\"},\"wordCount\":514,\"commentCount\":0,\"publisher\":{\"@id\":\"https:\/\/esbozodeportivo.com\/#organization\"},\"image\":{\"@id\":\"https:\/\/esbozodeportivo.com\/index.php\/2024\/07\/01\/copa-nacional-indigena-horacio-llamas-del-12-al-14-de-julio-en-distintas-alcaldias-de-la-cdmx\/#primaryimage\"},\"thumbnailUrl\":\"https:\/\/esbozodeportivo.com\/wp-content\/uploads\/2024\/07\/Horacio-LLamas-3-1024x575.jpeg\",\"articleSection\":[\"Amateur\"],\"inLanguage\":\"es\",\"potentialAction\":[{\"@type\":\"CommentAction\",\"name\":\"Comment\",\"target\":[\"https:\/\/esbozodeportivo.com\/index.php\/2024\/07\/01\/copa-nacional-indigena-horacio-llamas-del-12-al-14-de-julio-en-distintas-alcaldias-de-la-cdmx\/#respond\"]}]},{\"@type\":\"WebPage\",\"@id\":\"https:\/\/esbozodeportivo.com\/index.php\/2024\/07\/01\/copa-nacional-indigena-horacio-llamas-del-12-al-14-de-julio-en-distintas-alcaldias-de-la-cdmx\/\",\"url\":\"https:\/\/esbozodeportivo.com\/index.php\/2024\/07\/01\/copa-nacional-indigena-horacio-llamas-del-12-al-14-de-julio-en-distintas-alcaldias-de-la-cdmx\/\",\"name\":\"\u201cCopa Nacional Ind\u00edgena Horacio Llamas\u201d del 12 al 14 de julio en distintas alcald\u00edas de la CDMX - Esbozo Deportivo\",\"isPartOf\":{\"@id\":\"https:\/\/esbozodeportivo.com\/#website\"},\"primaryImageOfPage\":{\"@id\":\"https:\/\/esbozodeportivo.com\/index.php\/2024\/07\/01\/copa-nacional-indigena-horacio-llamas-del-12-al-14-de-julio-en-distintas-alcaldias-de-la-cdmx\/#primaryimage\"},\"image\":{\"@id\":\"https:\/\/esbozodeportivo.com\/index.php\/2024\/07\/01\/copa-nacional-indigena-horacio-llamas-del-12-al-14-de-julio-en-distintas-alcaldias-de-la-cdmx\/#primaryimage\"},\"thumbnailUrl\":\"https:\/\/esbozodeportivo.com\/wp-content\/uploads\/2024\/07\/Horacio-LLamas-3-1024x575.jpeg\",\"datePublished\":\"2024-07-01T22:05:57+00:00\",\"dateModified\":\"2024-07-01T22:21:15+00:00\",\"breadcrumb\":{\"@id\":\"https:\/\/esbozodeportivo.com\/index.php\/2024\/07\/01\/copa-nacional-indigena-horacio-llamas-del-12-al-14-de-julio-en-distintas-alcaldias-de-la-cdmx\/#breadcrumb\"},\"inLanguage\":\"es\",\"potentialAction\":[{\"@type\":\"ReadAction\",\"target\":[\"https:\/\/esbozodeportivo.com\/index.php\/2024\/07\/01\/copa-nacional-indigena-horacio-llamas-del-12-al-14-de-julio-en-distintas-alcaldias-de-la-cdmx\/\"]}]},{\"@type\":\"ImageObject\",\"inLanguage\":\"es\",\"@id\":\"https:\/\/esbozodeportivo.com\/index.php\/2024\/07\/01\/copa-nacional-indigena-horacio-llamas-del-12-al-14-de-julio-en-distintas-alcaldias-de-la-cdmx\/#primaryimage\",\"url\":\"https:\/\/esbozodeportivo.com\/wp-content\/uploads\/2024\/07\/Horacio-LLamas-3-1024x575.jpeg\",\"contentUrl\":\"https:\/\/esbozodeportivo.com\/wp-content\/uploads\/2024\/07\/Horacio-LLamas-3-1024x575.jpeg\"},{\"@type\":\"BreadcrumbList\",\"@id\":\"https:\/\/esbozodeportivo.com\/index.php\/2024\/07\/01\/copa-nacional-indigena-horacio-llamas-del-12-al-14-de-julio-en-distintas-alcaldias-de-la-cdmx\/#breadcrumb\",\"itemListElement\":[{\"@type\":\"ListItem\",\"position\":1,\"name\":\"Inicio\",\"item\":\"https:\/\/esbozodeportivo.com\/\"},{\"@type\":\"ListItem\",\"position\":2,\"name\":\"\u201cCopa Nacional Ind\u00edgena Horacio Llamas\u201d del 12 al 14 de julio en distintas alcald\u00edas de la CDMX\"}]},{\"@type\":\"WebSite\",\"@id\":\"https:\/\/esbozodeportivo.com\/#website\",\"url\":\"https:\/\/esbozodeportivo.com\/\",\"name\":\"Esbozo Deportivo\",\"description\":\"Lo m\u00e1s importante del Deporte\",\"publisher\":{\"@id\":\"https:\/\/esbozodeportivo.com\/#organization\"},\"potentialAction\":[{\"@type\":\"SearchAction\",\"target\":{\"@type\":\"EntryPoint\",\"urlTemplate\":\"https:\/\/esbozodeportivo.com\/?s={search_term_string}\"},\"query-input\":{\"@type\":\"PropertyValueSpecification\",\"valueRequired\":true,\"valueName\":\"search_term_string\"}}],\"inLanguage\":\"es\"},{\"@type\":\"Organization\",\"@id\":\"https:\/\/esbozodeportivo.com\/#organization\",\"name\":\"Esbozo Deportivo\",\"url\":\"https:\/\/esbozodeportivo.com\/\",\"logo\":{\"@type\":\"ImageObject\",\"inLanguage\":\"es\",\"@id\":\"https:\/\/esbozodeportivo.com\/#\/schema\/logo\/image\/\",\"url\":\"https:\/\/esbozodeportivo.com\/wp-content\/uploads\/2022\/08\/cropped-Logo-Esbozo-Web-2.png\",\"contentUrl\":\"https:\/\/esbozodeportivo.com\/wp-content\/uploads\/2022\/08\/cropped-Logo-Esbozo-Web-2.png\",\"width\":180,\"height\":50,\"caption\":\"Esbozo Deportivo\"},\"image\":{\"@id\":\"https:\/\/esbozodeportivo.com\/#\/schema\/logo\/image\/\"}},{\"@type\":\"Person\",\"@id\":\"https:\/\/esbozodeportivo.com\/#\/schema\/person\/7277119c98823aec37bbb84e125efd44\",\"name\":\"Javier De La Cruz\",\"image\":{\"@type\":\"ImageObject\",\"inLanguage\":\"es\",\"@id\":\"https:\/\/esbozodeportivo.com\/#\/schema\/person\/image\/\",\"url\":\"https:\/\/secure.gravatar.com\/avatar\/366235a56d20f1a6e8e3d0b295897639357bea880470ddf261d17bb0bc052eb1?s=96&d=mm&r=g\",\"contentUrl\":\"https:\/\/secure.gravatar.com\/avatar\/366235a56d20f1a6e8e3d0b295897639357bea880470ddf261d17bb0bc052eb1?s=96&d=mm&r=g\",\"caption\":\"Javier De La Cruz\"},\"url\":\"https:\/\/esbozodeportivo.com\/index.php\/author\/javier-de-la-cruz-de-la-cruz\/\"}]}<\/script>\n<!-- \/ Yoast SEO plugin. -->","yoast_head_json":{"title":"\u201cCopa Nacional Ind\u00edgena Horacio Llamas\u201d del 12 al 14 de julio en distintas alcald\u00edas de la CDMX - Esbozo Deportivo","robots":{"index":"index","follow":"follow","max-snippet":"max-snippet:-1","max-image-preview":"max-image-preview:large","max-video-preview":"max-video-preview:-1"},"canonical":"https:\/\/esbozodeportivo.com\/index.php\/2024\/07\/01\/copa-nacional-indigena-horacio-llamas-del-12-al-14-de-julio-en-distintas-alcaldias-de-la-cdmx\/","og_locale":"es_MX","og_type":"article","og_title":"\u201cCopa Nacional Ind\u00edgena Horacio Llamas\u201d del 12 al 14 de julio en distintas alcald\u00edas de la CDMX - Esbozo Deportivo","og_description":"Horacio Llamas (Foto: esbozodeportivo.com) Ciudad de M\u00e9xico, Del 12 al 14 de julio se llevar\u00e1","og_url":"https:\/\/esbozodeportivo.com\/index.php\/2024\/07\/01\/copa-nacional-indigena-horacio-llamas-del-12-al-14-de-julio-en-distintas-alcaldias-de-la-cdmx\/","og_site_name":"Esbozo Deportivo","article_published_time":"2024-07-01T22:05:57+00:00","article_modified_time":"2024-07-01T22:21:15+00:00","og_image":[{"url":"https:\/\/esbozodeportivo.com\/wp-content\/uploads\/2024\/07\/Horacio-LLamas-3-1024x575.jpeg","type":"","width":"","height":""}],"author":"Javier De La Cruz","twitter_card":"summary_large_image","twitter_misc":{"Escrito por":"Javier De La Cruz","Tiempo de lectura":"2 minutos"},"schema":{"@context":"https:\/\/schema.org","@graph":[{"@type":"Article","@id":"https:\/\/esbozodeportivo.com\/index.php\/2024\/07\/01\/copa-nacional-indigena-horacio-llamas-del-12-al-14-de-julio-en-distintas-alcaldias-de-la-cdmx\/#article","isPartOf":{"@id":"https:\/\/esbozodeportivo.com\/index.php\/2024\/07\/01\/copa-nacional-indigena-horacio-llamas-del-12-al-14-de-julio-en-distintas-alcaldias-de-la-cdmx\/"},"author":{"name":"Javier De La Cruz","@id":"https:\/\/esbozodeportivo.com\/#\/schema\/person\/7277119c98823aec37bbb84e125efd44"},"headline":"\u201cCopa Nacional Ind\u00edgena Horacio Llamas\u201d del 12 al 14 de julio en distintas alcald\u00edas de la CDMX","datePublished":"2024-07-01T22:05:57+00:00","dateModified":"2024-07-01T22:21:15+00:00","mainEntityOfPage":{"@id":"https:\/\/esbozodeportivo.com\/index.php\/2024\/07\/01\/copa-nacional-indigena-horacio-llamas-del-12-al-14-de-julio-en-distintas-alcaldias-de-la-cdmx\/"},"wordCount":514,"commentCount":0,"publisher":{"@id":"https:\/\/esbozodeportivo.com\/#organization"},"image":{"@id":"https:\/\/esbozodeportivo.com\/index.php\/2024\/07\/01\/copa-nacional-indigena-horacio-llamas-del-12-al-14-de-julio-en-distintas-alcaldias-de-la-cdmx\/#primaryimage"},"thumbnailUrl":"https:\/\/esbozodeportivo.com\/wp-content\/uploads\/2024\/07\/Horacio-LLamas-3-1024x575.jpeg","articleSection":["Amateur"],"inLanguage":"es","potentialAction":[{"@type":"CommentAction","name":"Comment","target":["https:\/\/esbozodeportivo.com\/index.php\/2024\/07\/01\/copa-nacional-indigena-horacio-llamas-del-12-al-14-de-julio-en-distintas-alcaldias-de-la-cdmx\/#respond"]}]},{"@type":"WebPage","@id":"https:\/\/esbozodeportivo.com\/index.php\/2024\/07\/01\/copa-nacional-indigena-horacio-llamas-del-12-al-14-de-julio-en-distintas-alcaldias-de-la-cdmx\/","url":"https:\/\/esbozodeportivo.com\/index.php\/2024\/07\/01\/copa-nacional-indigena-horacio-llamas-del-12-al-14-de-julio-en-distintas-alcaldias-de-la-cdmx\/","name":"\u201cCopa Nacional Ind\u00edgena Horacio Llamas\u201d del 12 al 14 de julio en distintas alcald\u00edas de la CDMX - Esbozo Deportivo","isPartOf":{"@id":"https:\/\/esbozodeportivo.com\/#website"},"primaryImageOfPage":{"@id":"https:\/\/esbozodeportivo.com\/index.php\/2024\/07\/01\/copa-nacional-indigena-horacio-llamas-del-12-al-14-de-julio-en-distintas-alcaldias-de-la-cdmx\/#primaryimage"},"image":{"@id":"https:\/\/esbozodeportivo.com\/index.php\/2024\/07\/01\/copa-nacional-indigena-horacio-llamas-del-12-al-14-de-julio-en-distintas-alcaldias-de-la-cdmx\/#primaryimage"},"thumbnailUrl":"https:\/\/esbozodeportivo.com\/wp-content\/uploads\/2024\/07\/Horacio-LLamas-3-1024x575.jpeg","datePublished":"2024-07-01T22:05:57+00:00","dateModified":"2024-07-01T22:21:15+00:00","breadcrumb":{"@id":"https:\/\/esbozodeportivo.com\/index.php\/2024\/07\/01\/copa-nacional-indigena-horacio-llamas-del-12-al-14-de-julio-en-distintas-alcaldias-de-la-cdmx\/#breadcrumb"},"inLanguage":"es","potentialAction":[{"@type":"ReadAction","target":["https:\/\/esbozodeportivo.com\/index.php\/2024\/07\/01\/copa-nacional-indigena-horacio-llamas-del-12-al-14-de-julio-en-distintas-alcaldias-de-la-cdmx\/"]}]},{"@type":"ImageObject","inLanguage":"es","@id":"https:\/\/esbozodeportivo.com\/index.php\/2024\/07\/01\/copa-nacional-indigena-horacio-llamas-del-12-al-14-de-julio-en-distintas-alcaldias-de-la-cdmx\/#primaryimage","url":"https:\/\/esbozodeportivo.com\/wp-content\/uploads\/2024\/07\/Horacio-LLamas-3-1024x575.jpeg","contentUrl":"https:\/\/esbozodeportivo.com\/wp-content\/uploads\/2024\/07\/Horacio-LLamas-3-1024x575.jpeg"},{"@type":"BreadcrumbList","@id":"https:\/\/esbozodeportivo.com\/index.php\/2024\/07\/01\/copa-nacional-indigena-horacio-llamas-del-12-al-14-de-julio-en-distintas-alcaldias-de-la-cdmx\/#breadcrumb","itemListElement":[{"@type":"ListItem","position":1,"name":"Inicio","item":"https:\/\/esbozodeportivo.com\/"},{"@type":"ListItem","position":2,"name":"\u201cCopa Nacional Ind\u00edgena Horacio Llamas\u201d del 12 al 14 de julio en distintas alcald\u00edas de la CDMX"}]},{"@type":"WebSite","@id":"https:\/\/esbozodeportivo.com\/#website","url":"https:\/\/esbozodeportivo.com\/","name":"Esbozo Deportivo","description":"Lo m\u00e1s importante del Deporte","publisher":{"@id":"https:\/\/esbozodeportivo.com\/#organization"},"potentialAction":[{"@type":"SearchAction","target":{"@type":"EntryPoint","urlTemplate":"https:\/\/esbozodeportivo.com\/?s={search_term_string}"},"query-input":{"@type":"PropertyValueSpecification","valueRequired":true,"valueName":"search_term_string"}}],"inLanguage":"es"},{"@type":"Organization","@id":"https:\/\/esbozodeportivo.com\/#organization","name":"Esbozo Deportivo","url":"https:\/\/esbozodeportivo.com\/","logo":{"@type":"ImageObject","inLanguage":"es","@id":"https:\/\/esbozodeportivo.com\/#\/schema\/logo\/image\/","url":"https:\/\/esbozodeportivo.com\/wp-content\/uploads\/2022\/08\/cropped-Logo-Esbozo-Web-2.png","contentUrl":"https:\/\/esbozodeportivo.com\/wp-content\/uploads\/2022\/08\/cropped-Logo-Esbozo-Web-2.png","width":180,"height":50,"caption":"Esbozo Deportivo"},"image":{"@id":"https:\/\/esbozodeportivo.com\/#\/schema\/logo\/image\/"}},{"@type":"Person","@id":"https:\/\/esbozodeportivo.com\/#\/schema\/person\/7277119c98823aec37bbb84e125efd44","name":"Javier De La Cruz","image":{"@type":"ImageObject","inLanguage":"es","@id":"https:\/\/esbozodeportivo.com\/#\/schema\/person\/image\/","url":"https:\/\/secure.gravatar.com\/avatar\/366235a56d20f1a6e8e3d0b295897639357bea880470ddf261d17bb0bc052eb1?s=96&d=mm&r=g","contentUrl":"https:\/\/secure.gravatar.com\/avatar\/366235a56d20f1a6e8e3d0b295897639357bea880470ddf261d17bb0bc052eb1?s=96&d=mm&r=g","caption":"Javier De La Cruz"},"url":"https:\/\/esbozodeportivo.com\/index.php\/author\/javier-de-la-cruz-de-la-cruz\/"}]}},"jetpack_featured_media_url":"","jetpack_sharing_enabled":true,"_links":{"self":[{"href":"https:\/\/esbozodeportivo.com\/index.php\/wp-json\/wp\/v2\/posts\/3793","targetHints":{"allow":["GET"]}}],"collection":[{"href":"https:\/\/esbozodeportivo.com\/index.php\/wp-json\/wp\/v2\/posts"}],"about":[{"href":"https:\/\/esbozodeportivo.com\/index.php\/wp-json\/wp\/v2\/types\/post"}],"author":[{"embeddable":true,"href":"https:\/\/esbozodeportivo.com\/index.php\/wp-json\/wp\/v2\/users\/2"}],"replies":[{"embeddable":true,"href":"https:\/\/esbozodeportivo.com\/index.php\/wp-json\/wp\/v2\/comments?post=3793"}],"version-history":[{"count":4,"href":"https:\/\/esbozodeportivo.com\/index.php\/wp-json\/wp\/v2\/posts\/3793\/revisions"}],"predecessor-version":[{"id":3808,"href":"https:\/\/esbozodeportivo.com\/index.php\/wp-json\/wp\/v2\/posts\/3793\/revisions\/3808"}],"wp:attachment":[{"href":"https:\/\/esbozodeportivo.com\/index.php\/wp-json\/wp\/v2\/media?parent=3793"}],"wp:term":[{"taxonomy":"category","embeddable":true,"href":"https:\/\/esbozodeportivo.com\/index.php\/wp-json\/wp\/v2\/categories?post=3793"},{"taxonomy":"post_tag","embeddable":true,"href":"https:\/\/esbozodeportivo.com\/index.php\/wp-json\/wp\/v2\/tags?post=3793"}],"curies":[{"name":"wp","href":"https:\/\/api.w.org\/{rel}","templated":true}]}}