{"id":3820,"date":"2024-07-03T00:20:53","date_gmt":"2024-07-03T00:20:53","guid":{"rendered":"https:\/\/esbozodeportivo.com\/?p=3820"},"modified":"2024-07-03T00:25:15","modified_gmt":"2024-07-03T00:25:15","slug":"abre-puebla-exitoso-evento-de-activacion-fisica-laboral","status":"publish","type":"post","link":"https:\/\/esbozodeportivo.com\/index.php\/2024\/07\/03\/abre-puebla-exitoso-evento-de-activacion-fisica-laboral\/","title":{"rendered":"Abre Puebla exitoso Evento de Activaci\u00f3n F\u00edsica Laboral"},"content":{"rendered":"<style>\/*! elementor - v3.22.0 - 26-06-2024 *\/\n.elementor-widget-image{text-align:center}.elementor-widget-image a{display:inline-block}.elementor-widget-image a img[src$=\".svg\"]{width:48px}.elementor-widget-image img{vertical-align:middle;display:inline-block}<\/style>\n<p>\t\t\t\t\t\t\t\t\t\t<img loading=\"lazy\" decoding=\"async\" width=\"640\" height=\"360\" src=\"https:\/\/esbozodeportivo.com\/wp-content\/uploads\/2024\/07\/activa3-1024x576.jpg\" alt=\"\" srcset=\"https:\/\/esbozodeportivo.com\/wp-content\/uploads\/2024\/07\/activa3-1024x576.jpg 1024w, https:\/\/esbozodeportivo.com\/wp-content\/uploads\/2024\/07\/activa3-300x169.jpg 300w, https:\/\/esbozodeportivo.com\/wp-content\/uploads\/2024\/07\/activa3-768x432.jpg 768w, https:\/\/esbozodeportivo.com\/wp-content\/uploads\/2024\/07\/activa3.jpg 1280w\" sizes=\"auto, (max-width: 640px) 100vw, 640px\" \/>\t\t\t\t\t\t\t\t\t\t\t\t\t<\/p>\n<h3>(Foto: INDET)<\/h3>\n<p>El municipio de San Andr\u00e9s Cholula abri\u00f3 el programa de activaci\u00f3n f\u00edsica laboral con el Evento Masivo de Activaci\u00f3n F\u00edsica para los Trabajadores, en el que se reunieron m\u00e1s de mil participantes bajo la convocatoria del Instituto del Deporte de los Trabajadores y la organizaci\u00f3n del INDET Puebla.<\/p>\n<p>En la Unidad Deportiva Quetzalc\u00f3atl se dieron cita activadores del INDET Nacional con la licenciada Martha Silvia Y\u00e1\u00f1ez Raya, Subdirectora de Activaci\u00f3n F\u00edsica del organismo, para llevar a cabo el evento con rutinas de baile con diferentes ritmos.<\/p>\n<p>\t\t\t\t\t\t\t\t\t\t\t\t\t<img loading=\"lazy\" decoding=\"async\" width=\"640\" height=\"481\" src=\"https:\/\/esbozodeportivo.com\/wp-content\/uploads\/2024\/07\/activa1-1024x770.jpg\" alt=\"\" srcset=\"https:\/\/esbozodeportivo.com\/wp-content\/uploads\/2024\/07\/activa1-1024x770.jpg 1024w, https:\/\/esbozodeportivo.com\/wp-content\/uploads\/2024\/07\/activa1-300x226.jpg 300w, https:\/\/esbozodeportivo.com\/wp-content\/uploads\/2024\/07\/activa1-768x578.jpg 768w, https:\/\/esbozodeportivo.com\/wp-content\/uploads\/2024\/07\/activa1.jpg 1280w\" sizes=\"auto, (max-width: 640px) 100vw, 640px\" \/>\t\t\t\t\t\t\t\t\t\t\t\t\t<\/p>\n<h3>(Foto: INDET)<\/h3>\n<p>El profesor Pablo Reyes Osorio, Secretario Ejecutivo del Instituto del Deporte de los Trabajadores, explic\u00f3 que el evento forma parte del programa que impulsa el Congreso del Trabajo con el apoyo de la Comisi\u00f3n Nacional de Cultura F\u00edsica y Deporte (CONADE) para coadyuvar en la salud f\u00edsica y mental de los trabajadores sindicalizados y aquellos que no est\u00e1n afiliados a alguna agrupaci\u00f3n sindical en el pa\u00eds, as\u00ed como al p\u00fablico en general.<\/p>\n<p><\/p>\n<p>\t\t\t\t\t\t\t\t\t\t\t\t\t<img loading=\"lazy\" decoding=\"async\" width=\"640\" height=\"360\" src=\"https:\/\/esbozodeportivo.com\/wp-content\/uploads\/2024\/07\/acti-1024x576.jpg\" alt=\"\" srcset=\"https:\/\/esbozodeportivo.com\/wp-content\/uploads\/2024\/07\/acti-1024x576.jpg 1024w, https:\/\/esbozodeportivo.com\/wp-content\/uploads\/2024\/07\/acti-300x169.jpg 300w, https:\/\/esbozodeportivo.com\/wp-content\/uploads\/2024\/07\/acti-768x432.jpg 768w, https:\/\/esbozodeportivo.com\/wp-content\/uploads\/2024\/07\/acti.jpg 1280w\" sizes=\"auto, (max-width: 640px) 100vw, 640px\" \/>\t\t\t\t\t\t\t\t\t\t\t\t\t<\/p>\n<h3>(Foto: INDET)<\/h3>\n<p>\u201cTuvimos una reuni\u00f3n previa con Luis Javier Silva Islas, Secretario Estatal en Puebla, para detallar todo lo relacionado a este espectacular evento de activaci\u00f3n f\u00edsica laboral. Hoy vemos resultados de la coordinaci\u00f3n encabezada por el INDET en todo el pa\u00eds para organizar eventos que promueven la salud entre los trabajadores de la Rep\u00fablica Mexicana, dijo Reyes Osorio.<\/p>\n<p>\t\t\t\t\t\t\t\t\t\t\t\t\t<img loading=\"lazy\" decoding=\"async\" width=\"640\" height=\"360\" src=\"https:\/\/esbozodeportivo.com\/wp-content\/uploads\/2024\/07\/activa-1024x576.jpg\" alt=\"\" srcset=\"https:\/\/esbozodeportivo.com\/wp-content\/uploads\/2024\/07\/activa-1024x576.jpg 1024w, https:\/\/esbozodeportivo.com\/wp-content\/uploads\/2024\/07\/activa-300x169.jpg 300w, https:\/\/esbozodeportivo.com\/wp-content\/uploads\/2024\/07\/activa-768x432.jpg 768w, https:\/\/esbozodeportivo.com\/wp-content\/uploads\/2024\/07\/activa.jpg 1280w\" sizes=\"auto, (max-width: 640px) 100vw, 640px\" \/>\t\t\t\t\t\t\t\t\t\t\t\t\t<\/p>\n<h3>(Foto: INDET)<\/h3>\n<p>Asimismo, record\u00f3 en varios estados del pa\u00eds como Chihuahua, Chiapas, Oaxaca, Estado de M\u00e9xico, Morelos, Michoac\u00e1n, Tamaulipas y Nuevo Le\u00f3n, adem\u00e1s la Ciudad de M\u00e9xico, se programaron los Eventos de Activaci\u00f3n F\u00edsica Laboral, como parte del programa que opera el INDET en el pa\u00eds con el respaldo de la CONADE.<\/p>\n<p>De esta manera, Puebla llev\u00f3 a cabo con gran \u00e9xito el evento, en un marco de fiesta y salud, con rutinas ambientadas, las cuales fueron dirigidas por activadores de la Subdirecci\u00f3n del INDET y del Estado de Puebla.<\/p>\n<p>\u00a0<\/p>\n","protected":false},"excerpt":{"rendered":"<p>(Foto: INDET) El municipio de San Andr\u00e9s Cholula abri\u00f3 el programa de activaci\u00f3n f\u00edsica laboral<\/p>\n","protected":false},"author":2,"featured_media":0,"comment_status":"open","ping_status":"open","sticky":false,"template":"","format":"standard","meta":{"_jetpack_memberships_contains_paid_content":false,"footnotes":""},"categories":[5],"tags":[],"class_list":["post-3820","post","type-post","status-publish","format-standard","hentry","category-amateur"],"yoast_head":"<!-- This site is optimized with the Yoast SEO plugin v25.7 - https:\/\/yoast.com\/wordpress\/plugins\/seo\/ -->\n<title>Abre Puebla exitoso Evento de Activaci\u00f3n F\u00edsica Laboral - Esbozo Deportivo<\/title>\n<meta name=\"robots\" content=\"index, follow, max-snippet:-1, max-image-preview:large, max-video-preview:-1\" \/>\n<link rel=\"canonical\" href=\"https:\/\/esbozodeportivo.com\/index.php\/2024\/07\/03\/abre-puebla-exitoso-evento-de-activacion-fisica-laboral\/\" \/>\n<meta property=\"og:locale\" content=\"es_MX\" \/>\n<meta property=\"og:type\" content=\"article\" \/>\n<meta property=\"og:title\" content=\"Abre Puebla exitoso Evento de Activaci\u00f3n F\u00edsica Laboral - Esbozo Deportivo\" \/>\n<meta property=\"og:description\" content=\"(Foto: INDET) El municipio de San Andr\u00e9s Cholula abri\u00f3 el programa de activaci\u00f3n f\u00edsica laboral\" \/>\n<meta property=\"og:url\" content=\"https:\/\/esbozodeportivo.com\/index.php\/2024\/07\/03\/abre-puebla-exitoso-evento-de-activacion-fisica-laboral\/\" \/>\n<meta property=\"og:site_name\" content=\"Esbozo Deportivo\" \/>\n<meta property=\"article:published_time\" content=\"2024-07-03T00:20:53+00:00\" \/>\n<meta property=\"article:modified_time\" content=\"2024-07-03T00:25:15+00:00\" \/>\n<meta property=\"og:image\" content=\"https:\/\/esbozodeportivo.com\/wp-content\/uploads\/2024\/07\/activa3-1024x576.jpg\" \/>\n<meta name=\"author\" content=\"Javier De La Cruz\" \/>\n<meta name=\"twitter:card\" content=\"summary_large_image\" \/>\n<meta name=\"twitter:label1\" content=\"Escrito por\" \/>\n\t<meta name=\"twitter:data1\" content=\"Javier De La Cruz\" \/>\n\t<meta name=\"twitter:label2\" content=\"Tiempo de lectura\" \/>\n\t<meta name=\"twitter:data2\" content=\"2 minutos\" \/>\n<script type=\"application\/ld+json\" class=\"yoast-schema-graph\">{\"@context\":\"https:\/\/schema.org\",\"@graph\":[{\"@type\":\"Article\",\"@id\":\"https:\/\/esbozodeportivo.com\/index.php\/2024\/07\/03\/abre-puebla-exitoso-evento-de-activacion-fisica-laboral\/#article\",\"isPartOf\":{\"@id\":\"https:\/\/esbozodeportivo.com\/index.php\/2024\/07\/03\/abre-puebla-exitoso-evento-de-activacion-fisica-laboral\/\"},\"author\":{\"name\":\"Javier De La Cruz\",\"@id\":\"https:\/\/esbozodeportivo.com\/#\/schema\/person\/7277119c98823aec37bbb84e125efd44\"},\"headline\":\"Abre Puebla exitoso Evento de Activaci\u00f3n F\u00edsica Laboral\",\"datePublished\":\"2024-07-03T00:20:53+00:00\",\"dateModified\":\"2024-07-03T00:25:15+00:00\",\"mainEntityOfPage\":{\"@id\":\"https:\/\/esbozodeportivo.com\/index.php\/2024\/07\/03\/abre-puebla-exitoso-evento-de-activacion-fisica-laboral\/\"},\"wordCount\":355,\"commentCount\":0,\"publisher\":{\"@id\":\"https:\/\/esbozodeportivo.com\/#organization\"},\"image\":{\"@id\":\"https:\/\/esbozodeportivo.com\/index.php\/2024\/07\/03\/abre-puebla-exitoso-evento-de-activacion-fisica-laboral\/#primaryimage\"},\"thumbnailUrl\":\"https:\/\/esbozodeportivo.com\/wp-content\/uploads\/2024\/07\/activa3-1024x576.jpg\",\"articleSection\":[\"Amateur\"],\"inLanguage\":\"es\",\"potentialAction\":[{\"@type\":\"CommentAction\",\"name\":\"Comment\",\"target\":[\"https:\/\/esbozodeportivo.com\/index.php\/2024\/07\/03\/abre-puebla-exitoso-evento-de-activacion-fisica-laboral\/#respond\"]}]},{\"@type\":\"WebPage\",\"@id\":\"https:\/\/esbozodeportivo.com\/index.php\/2024\/07\/03\/abre-puebla-exitoso-evento-de-activacion-fisica-laboral\/\",\"url\":\"https:\/\/esbozodeportivo.com\/index.php\/2024\/07\/03\/abre-puebla-exitoso-evento-de-activacion-fisica-laboral\/\",\"name\":\"Abre Puebla exitoso Evento de Activaci\u00f3n F\u00edsica Laboral - Esbozo Deportivo\",\"isPartOf\":{\"@id\":\"https:\/\/esbozodeportivo.com\/#website\"},\"primaryImageOfPage\":{\"@id\":\"https:\/\/esbozodeportivo.com\/index.php\/2024\/07\/03\/abre-puebla-exitoso-evento-de-activacion-fisica-laboral\/#primaryimage\"},\"image\":{\"@id\":\"https:\/\/esbozodeportivo.com\/index.php\/2024\/07\/03\/abre-puebla-exitoso-evento-de-activacion-fisica-laboral\/#primaryimage\"},\"thumbnailUrl\":\"https:\/\/esbozodeportivo.com\/wp-content\/uploads\/2024\/07\/activa3-1024x576.jpg\",\"datePublished\":\"2024-07-03T00:20:53+00:00\",\"dateModified\":\"2024-07-03T00:25:15+00:00\",\"breadcrumb\":{\"@id\":\"https:\/\/esbozodeportivo.com\/index.php\/2024\/07\/03\/abre-puebla-exitoso-evento-de-activacion-fisica-laboral\/#breadcrumb\"},\"inLanguage\":\"es\",\"potentialAction\":[{\"@type\":\"ReadAction\",\"target\":[\"https:\/\/esbozodeportivo.com\/index.php\/2024\/07\/03\/abre-puebla-exitoso-evento-de-activacion-fisica-laboral\/\"]}]},{\"@type\":\"ImageObject\",\"inLanguage\":\"es\",\"@id\":\"https:\/\/esbozodeportivo.com\/index.php\/2024\/07\/03\/abre-puebla-exitoso-evento-de-activacion-fisica-laboral\/#primaryimage\",\"url\":\"https:\/\/esbozodeportivo.com\/wp-content\/uploads\/2024\/07\/activa3.jpg\",\"contentUrl\":\"https:\/\/esbozodeportivo.com\/wp-content\/uploads\/2024\/07\/activa3.jpg\",\"width\":1280,\"height\":720},{\"@type\":\"BreadcrumbList\",\"@id\":\"https:\/\/esbozodeportivo.com\/index.php\/2024\/07\/03\/abre-puebla-exitoso-evento-de-activacion-fisica-laboral\/#breadcrumb\",\"itemListElement\":[{\"@type\":\"ListItem\",\"position\":1,\"name\":\"Inicio\",\"item\":\"https:\/\/esbozodeportivo.com\/\"},{\"@type\":\"ListItem\",\"position\":2,\"name\":\"Abre Puebla exitoso Evento de Activaci\u00f3n F\u00edsica Laboral\"}]},{\"@type\":\"WebSite\",\"@id\":\"https:\/\/esbozodeportivo.com\/#website\",\"url\":\"https:\/\/esbozodeportivo.com\/\",\"name\":\"Esbozo Deportivo\",\"description\":\"Lo m\u00e1s importante del Deporte\",\"publisher\":{\"@id\":\"https:\/\/esbozodeportivo.com\/#organization\"},\"potentialAction\":[{\"@type\":\"SearchAction\",\"target\":{\"@type\":\"EntryPoint\",\"urlTemplate\":\"https:\/\/esbozodeportivo.com\/?s={search_term_string}\"},\"query-input\":{\"@type\":\"PropertyValueSpecification\",\"valueRequired\":true,\"valueName\":\"search_term_string\"}}],\"inLanguage\":\"es\"},{\"@type\":\"Organization\",\"@id\":\"https:\/\/esbozodeportivo.com\/#organization\",\"name\":\"Esbozo Deportivo\",\"url\":\"https:\/\/esbozodeportivo.com\/\",\"logo\":{\"@type\":\"ImageObject\",\"inLanguage\":\"es\",\"@id\":\"https:\/\/esbozodeportivo.com\/#\/schema\/logo\/image\/\",\"url\":\"https:\/\/esbozodeportivo.com\/wp-content\/uploads\/2022\/08\/cropped-Logo-Esbozo-Web-2.png\",\"contentUrl\":\"https:\/\/esbozodeportivo.com\/wp-content\/uploads\/2022\/08\/cropped-Logo-Esbozo-Web-2.png\",\"width\":180,\"height\":50,\"caption\":\"Esbozo Deportivo\"},\"image\":{\"@id\":\"https:\/\/esbozodeportivo.com\/#\/schema\/logo\/image\/\"}},{\"@type\":\"Person\",\"@id\":\"https:\/\/esbozodeportivo.com\/#\/schema\/person\/7277119c98823aec37bbb84e125efd44\",\"name\":\"Javier De La Cruz\",\"image\":{\"@type\":\"ImageObject\",\"inLanguage\":\"es\",\"@id\":\"https:\/\/esbozodeportivo.com\/#\/schema\/person\/image\/\",\"url\":\"https:\/\/secure.gravatar.com\/avatar\/366235a56d20f1a6e8e3d0b295897639357bea880470ddf261d17bb0bc052eb1?s=96&d=mm&r=g\",\"contentUrl\":\"https:\/\/secure.gravatar.com\/avatar\/366235a56d20f1a6e8e3d0b295897639357bea880470ddf261d17bb0bc052eb1?s=96&d=mm&r=g\",\"caption\":\"Javier De La Cruz\"},\"url\":\"https:\/\/esbozodeportivo.com\/index.php\/author\/javier-de-la-cruz-de-la-cruz\/\"}]}<\/script>\n<!-- \/ Yoast SEO plugin. -->","yoast_head_json":{"title":"Abre Puebla exitoso Evento de Activaci\u00f3n F\u00edsica Laboral - Esbozo Deportivo","robots":{"index":"index","follow":"follow","max-snippet":"max-snippet:-1","max-image-preview":"max-image-preview:large","max-video-preview":"max-video-preview:-1"},"canonical":"https:\/\/esbozodeportivo.com\/index.php\/2024\/07\/03\/abre-puebla-exitoso-evento-de-activacion-fisica-laboral\/","og_locale":"es_MX","og_type":"article","og_title":"Abre Puebla exitoso Evento de Activaci\u00f3n F\u00edsica Laboral - Esbozo Deportivo","og_description":"(Foto: INDET) El municipio de San Andr\u00e9s Cholula abri\u00f3 el programa de activaci\u00f3n f\u00edsica laboral","og_url":"https:\/\/esbozodeportivo.com\/index.php\/2024\/07\/03\/abre-puebla-exitoso-evento-de-activacion-fisica-laboral\/","og_site_name":"Esbozo Deportivo","article_published_time":"2024-07-03T00:20:53+00:00","article_modified_time":"2024-07-03T00:25:15+00:00","og_image":[{"url":"https:\/\/esbozodeportivo.com\/wp-content\/uploads\/2024\/07\/activa3-1024x576.jpg","type":"","width":"","height":""}],"author":"Javier De La Cruz","twitter_card":"summary_large_image","twitter_misc":{"Escrito por":"Javier De La Cruz","Tiempo de lectura":"2 minutos"},"schema":{"@context":"https:\/\/schema.org","@graph":[{"@type":"Article","@id":"https:\/\/esbozodeportivo.com\/index.php\/2024\/07\/03\/abre-puebla-exitoso-evento-de-activacion-fisica-laboral\/#article","isPartOf":{"@id":"https:\/\/esbozodeportivo.com\/index.php\/2024\/07\/03\/abre-puebla-exitoso-evento-de-activacion-fisica-laboral\/"},"author":{"name":"Javier De La Cruz","@id":"https:\/\/esbozodeportivo.com\/#\/schema\/person\/7277119c98823aec37bbb84e125efd44"},"headline":"Abre Puebla exitoso Evento de Activaci\u00f3n F\u00edsica Laboral","datePublished":"2024-07-03T00:20:53+00:00","dateModified":"2024-07-03T00:25:15+00:00","mainEntityOfPage":{"@id":"https:\/\/esbozodeportivo.com\/index.php\/2024\/07\/03\/abre-puebla-exitoso-evento-de-activacion-fisica-laboral\/"},"wordCount":355,"commentCount":0,"publisher":{"@id":"https:\/\/esbozodeportivo.com\/#organization"},"image":{"@id":"https:\/\/esbozodeportivo.com\/index.php\/2024\/07\/03\/abre-puebla-exitoso-evento-de-activacion-fisica-laboral\/#primaryimage"},"thumbnailUrl":"https:\/\/esbozodeportivo.com\/wp-content\/uploads\/2024\/07\/activa3-1024x576.jpg","articleSection":["Amateur"],"inLanguage":"es","potentialAction":[{"@type":"CommentAction","name":"Comment","target":["https:\/\/esbozodeportivo.com\/index.php\/2024\/07\/03\/abre-puebla-exitoso-evento-de-activacion-fisica-laboral\/#respond"]}]},{"@type":"WebPage","@id":"https:\/\/esbozodeportivo.com\/index.php\/2024\/07\/03\/abre-puebla-exitoso-evento-de-activacion-fisica-laboral\/","url":"https:\/\/esbozodeportivo.com\/index.php\/2024\/07\/03\/abre-puebla-exitoso-evento-de-activacion-fisica-laboral\/","name":"Abre Puebla exitoso Evento de Activaci\u00f3n F\u00edsica Laboral - Esbozo Deportivo","isPartOf":{"@id":"https:\/\/esbozodeportivo.com\/#website"},"primaryImageOfPage":{"@id":"https:\/\/esbozodeportivo.com\/index.php\/2024\/07\/03\/abre-puebla-exitoso-evento-de-activacion-fisica-laboral\/#primaryimage"},"image":{"@id":"https:\/\/esbozodeportivo.com\/index.php\/2024\/07\/03\/abre-puebla-exitoso-evento-de-activacion-fisica-laboral\/#primaryimage"},"thumbnailUrl":"https:\/\/esbozodeportivo.com\/wp-content\/uploads\/2024\/07\/activa3-1024x576.jpg","datePublished":"2024-07-03T00:20:53+00:00","dateModified":"2024-07-03T00:25:15+00:00","breadcrumb":{"@id":"https:\/\/esbozodeportivo.com\/index.php\/2024\/07\/03\/abre-puebla-exitoso-evento-de-activacion-fisica-laboral\/#breadcrumb"},"inLanguage":"es","potentialAction":[{"@type":"ReadAction","target":["https:\/\/esbozodeportivo.com\/index.php\/2024\/07\/03\/abre-puebla-exitoso-evento-de-activacion-fisica-laboral\/"]}]},{"@type":"ImageObject","inLanguage":"es","@id":"https:\/\/esbozodeportivo.com\/index.php\/2024\/07\/03\/abre-puebla-exitoso-evento-de-activacion-fisica-laboral\/#primaryimage","url":"https:\/\/esbozodeportivo.com\/wp-content\/uploads\/2024\/07\/activa3.jpg","contentUrl":"https:\/\/esbozodeportivo.com\/wp-content\/uploads\/2024\/07\/activa3.jpg","width":1280,"height":720},{"@type":"BreadcrumbList","@id":"https:\/\/esbozodeportivo.com\/index.php\/2024\/07\/03\/abre-puebla-exitoso-evento-de-activacion-fisica-laboral\/#breadcrumb","itemListElement":[{"@type":"ListItem","position":1,"name":"Inicio","item":"https:\/\/esbozodeportivo.com\/"},{"@type":"ListItem","position":2,"name":"Abre Puebla exitoso Evento de Activaci\u00f3n F\u00edsica Laboral"}]},{"@type":"WebSite","@id":"https:\/\/esbozodeportivo.com\/#website","url":"https:\/\/esbozodeportivo.com\/","name":"Esbozo Deportivo","description":"Lo m\u00e1s importante del Deporte","publisher":{"@id":"https:\/\/esbozodeportivo.com\/#organization"},"potentialAction":[{"@type":"SearchAction","target":{"@type":"EntryPoint","urlTemplate":"https:\/\/esbozodeportivo.com\/?s={search_term_string}"},"query-input":{"@type":"PropertyValueSpecification","valueRequired":true,"valueName":"search_term_string"}}],"inLanguage":"es"},{"@type":"Organization","@id":"https:\/\/esbozodeportivo.com\/#organization","name":"Esbozo Deportivo","url":"https:\/\/esbozodeportivo.com\/","logo":{"@type":"ImageObject","inLanguage":"es","@id":"https:\/\/esbozodeportivo.com\/#\/schema\/logo\/image\/","url":"https:\/\/esbozodeportivo.com\/wp-content\/uploads\/2022\/08\/cropped-Logo-Esbozo-Web-2.png","contentUrl":"https:\/\/esbozodeportivo.com\/wp-content\/uploads\/2022\/08\/cropped-Logo-Esbozo-Web-2.png","width":180,"height":50,"caption":"Esbozo Deportivo"},"image":{"@id":"https:\/\/esbozodeportivo.com\/#\/schema\/logo\/image\/"}},{"@type":"Person","@id":"https:\/\/esbozodeportivo.com\/#\/schema\/person\/7277119c98823aec37bbb84e125efd44","name":"Javier De La Cruz","image":{"@type":"ImageObject","inLanguage":"es","@id":"https:\/\/esbozodeportivo.com\/#\/schema\/person\/image\/","url":"https:\/\/secure.gravatar.com\/avatar\/366235a56d20f1a6e8e3d0b295897639357bea880470ddf261d17bb0bc052eb1?s=96&d=mm&r=g","contentUrl":"https:\/\/secure.gravatar.com\/avatar\/366235a56d20f1a6e8e3d0b295897639357bea880470ddf261d17bb0bc052eb1?s=96&d=mm&r=g","caption":"Javier De La Cruz"},"url":"https:\/\/esbozodeportivo.com\/index.php\/author\/javier-de-la-cruz-de-la-cruz\/"}]}},"jetpack_featured_media_url":"","jetpack_sharing_enabled":true,"_links":{"self":[{"href":"https:\/\/esbozodeportivo.com\/index.php\/wp-json\/wp\/v2\/posts\/3820","targetHints":{"allow":["GET"]}}],"collection":[{"href":"https:\/\/esbozodeportivo.com\/index.php\/wp-json\/wp\/v2\/posts"}],"about":[{"href":"https:\/\/esbozodeportivo.com\/index.php\/wp-json\/wp\/v2\/types\/post"}],"author":[{"embeddable":true,"href":"https:\/\/esbozodeportivo.com\/index.php\/wp-json\/wp\/v2\/users\/2"}],"replies":[{"embeddable":true,"href":"https:\/\/esbozodeportivo.com\/index.php\/wp-json\/wp\/v2\/comments?post=3820"}],"version-history":[{"count":4,"href":"https:\/\/esbozodeportivo.com\/index.php\/wp-json\/wp\/v2\/posts\/3820\/revisions"}],"predecessor-version":[{"id":3824,"href":"https:\/\/esbozodeportivo.com\/index.php\/wp-json\/wp\/v2\/posts\/3820\/revisions\/3824"}],"wp:attachment":[{"href":"https:\/\/esbozodeportivo.com\/index.php\/wp-json\/wp\/v2\/media?parent=3820"}],"wp:term":[{"taxonomy":"category","embeddable":true,"href":"https:\/\/esbozodeportivo.com\/index.php\/wp-json\/wp\/v2\/categories?post=3820"},{"taxonomy":"post_tag","embeddable":true,"href":"https:\/\/esbozodeportivo.com\/index.php\/wp-json\/wp\/v2\/tags?post=3820"}],"curies":[{"name":"wp","href":"https:\/\/api.w.org\/{rel}","templated":true}]}}