{"id":3825,"date":"2024-07-03T00:27:19","date_gmt":"2024-07-03T00:27:19","guid":{"rendered":"https:\/\/esbozodeportivo.com\/?p=3825"},"modified":"2024-07-03T00:32:31","modified_gmt":"2024-07-03T00:32:31","slug":"mexico-espera-la-confirmacion-de-plazas-en-atletismo","status":"publish","type":"post","link":"https:\/\/esbozodeportivo.com\/index.php\/2024\/07\/03\/mexico-espera-la-confirmacion-de-plazas-en-atletismo\/","title":{"rendered":"M\u00e9xico espera la confirmaci\u00f3n de plazas en atletismo"},"content":{"rendered":"<style>\/*! elementor - v3.22.0 - 26-06-2024 *\/\n.elementor-widget-image{text-align:center}.elementor-widget-image a{display:inline-block}.elementor-widget-image a img[src$=\".svg\"]{width:48px}.elementor-widget-image img{vertical-align:middle;display:inline-block}<\/style>\n<p>\t\t\t\t\t\t\t\t\t\t<img loading=\"lazy\" decoding=\"async\" width=\"640\" height=\"426\" src=\"https:\/\/esbozodeportivo.com\/wp-content\/uploads\/2024\/07\/pista-1024x682.jpg\" alt=\"\" srcset=\"https:\/\/esbozodeportivo.com\/wp-content\/uploads\/2024\/07\/pista-1024x682.jpg 1024w, https:\/\/esbozodeportivo.com\/wp-content\/uploads\/2024\/07\/pista-300x200.jpg 300w, https:\/\/esbozodeportivo.com\/wp-content\/uploads\/2024\/07\/pista-768x512.jpg 768w, https:\/\/esbozodeportivo.com\/wp-content\/uploads\/2024\/07\/pista-1536x1023.jpg 1536w, https:\/\/esbozodeportivo.com\/wp-content\/uploads\/2024\/07\/pista.jpg 1600w\" sizes=\"auto, (max-width: 640px) 100vw, 640px\" \/>\t\t\t\t\t\t\t\t\t\t\t\t\t<\/p>\n<p>(Foto: Fedmxatle)\u00a0<\/p>\n<p>La selecci\u00f3n nacional de atletismo clasificada a los Juegos Ol\u00edmpicos de Par\u00eds 2024, podr\u00eda crecer a unos 18 exponentes de pista y campo, de acuerdo a las expectativas de la Federaci\u00f3n Mexicana de Asociaciones de Atletismo, que llev\u00f3 a cabo el Campeonato Nacional con la presencia de quienes ya tienen plaza y de aquellos que buscan un boleto a la justa veraniega.<\/p>\n<p>El titular del organismo, Antonio Lozano, expres\u00f3 que fue un evento hist\u00f3rico y de un trabajo iniciado hace 15 a\u00f1os, con el respaldo de los presidentes de las asociaciones estatales, con una atenci\u00f3n a m\u00e1s de 70 mil deportistas. Y los resultados se ven reflejados con la presencia de atletas de pista y campo en Juegos Ol\u00edmpicos.<\/p>\n<p>\t\t\t\t\t\t\t\t\t\t\t\t\t<img loading=\"lazy\" decoding=\"async\" width=\"640\" height=\"426\" src=\"https:\/\/esbozodeportivo.com\/wp-content\/uploads\/2024\/07\/SALTO-1024x682.jpg\" alt=\"\" srcset=\"https:\/\/esbozodeportivo.com\/wp-content\/uploads\/2024\/07\/SALTO-1024x682.jpg 1024w, https:\/\/esbozodeportivo.com\/wp-content\/uploads\/2024\/07\/SALTO-300x200.jpg 300w, https:\/\/esbozodeportivo.com\/wp-content\/uploads\/2024\/07\/SALTO-768x512.jpg 768w, https:\/\/esbozodeportivo.com\/wp-content\/uploads\/2024\/07\/SALTO-1536x1023.jpg 1536w, https:\/\/esbozodeportivo.com\/wp-content\/uploads\/2024\/07\/SALTO.jpg 1600w\" sizes=\"auto, (max-width: 640px) 100vw, 640px\" \/>\t\t\t\t\t\t\t\t\t\t\t\t\t<\/p>\n<p>(Foto: Fedmxatle)\u00a0<\/p>\n<p>\u201cTenemos a Alma Delia Cort\u00e9s, Tonatiu L\u00f3pez, Edgar Rivera y Erik Portillo en esta lista en la que se encuentran en la zona de clasificaci\u00f3n por la v\u00eda de ranking internacional. Vamos a esperar a que el 2 de julio la World Athletics d\u00e9 a conocer las listas porque en 64 pa\u00edses tambi\u00e9n se efectuaron sus campeonatos nacionales\u201d, dijo Lozano Pineda en las instalaciones del Centro Deportivo Ol\u00edmpico Mexicano.<br \/>En el Campeonato Nacional de Atletismo se confirm\u00f3 la clasificaci\u00f3n de la velocista jalisciense Paola Mor\u00e1n, la final de los 400 metros. Pero otras competidoras como Cecilia Tamayo, en los 200 metros, est\u00e1n en la misma situaci\u00f3n de esperar a conocer la lista del ranking de la World Athletics.<br \/>\u00a0El Campeonato Nacional de Atletismo, en el que se dieron cita cerca de 400 exponentes de pista y campo, desarrollado durante tres d\u00edas en el Centro Deportivo Ol\u00edmpico Mexicano (CDOM), fue el \u00faltimo evento puntuable por la World Athletics para la clasificaci\u00f3n en las diferentes pruebas a la cita deportiva de verano en Francia.<\/p>\n<p>\t\t\t\t\t\t\t\t\t\t\t\t\t<img loading=\"lazy\" decoding=\"async\" width=\"640\" height=\"426\" src=\"https:\/\/esbozodeportivo.com\/wp-content\/uploads\/2024\/07\/tona-1024x682.jpg\" alt=\"\" srcset=\"https:\/\/esbozodeportivo.com\/wp-content\/uploads\/2024\/07\/tona-1024x682.jpg 1024w, https:\/\/esbozodeportivo.com\/wp-content\/uploads\/2024\/07\/tona-300x200.jpg 300w, https:\/\/esbozodeportivo.com\/wp-content\/uploads\/2024\/07\/tona-768x512.jpg 768w, https:\/\/esbozodeportivo.com\/wp-content\/uploads\/2024\/07\/tona-1536x1023.jpg 1536w, https:\/\/esbozodeportivo.com\/wp-content\/uploads\/2024\/07\/tona.jpg 1600w\" sizes=\"auto, (max-width: 640px) 100vw, 640px\" \/>\t\t\t\t\t\t\t\t\t\t\t\t\t<\/p>\n<p>(Foto: Fedmxatle)\u00a0<\/p>\n<p>Antonio Lozano dio a conocer la situaci\u00f3n en la que se encuentran los atletas mexicanos ubicados en zona de clasificaci\u00f3n por la v\u00eda del ranking de la World Athletics. Pero habr\u00e1 que esperar a conocer los movimientos que lleguen a darse al terminar los campeonatos nacionales que se llevaron a cabo en otros pa\u00edses.<br \/>Jes\u00fas Tonati\u00fa L\u00f3pez 800 metros lugar 41 (clasifican 48)<br \/>Erik Portillo Salto de altura lugar 31 (clasifican 32)<br \/>\u00c9dgar Rivera Salto de altura lugar 26 (clasifican 32)<br \/>Alma Delia Cort\u00e9s 5 mil metros lugar 45 (clasifican 42)<br \/>Cecilia Tamayo 200 metros lugar 45 (clasifican 48).<\/p>\n","protected":false},"excerpt":{"rendered":"<p>(Foto: Fedmxatle)\u00a0 La selecci\u00f3n nacional de atletismo clasificada a los Juegos Ol\u00edmpicos de Par\u00eds 2024,<\/p>\n","protected":false},"author":2,"featured_media":0,"comment_status":"open","ping_status":"open","sticky":false,"template":"","format":"standard","meta":{"_jetpack_memberships_contains_paid_content":false,"footnotes":""},"categories":[5],"tags":[],"class_list":["post-3825","post","type-post","status-publish","format-standard","hentry","category-amateur"],"yoast_head":"<!-- This site is optimized with the Yoast SEO plugin v25.7 - https:\/\/yoast.com\/wordpress\/plugins\/seo\/ -->\n<title>M\u00e9xico espera la confirmaci\u00f3n de plazas en atletismo - Esbozo Deportivo<\/title>\n<meta name=\"robots\" content=\"index, follow, max-snippet:-1, max-image-preview:large, max-video-preview:-1\" \/>\n<link rel=\"canonical\" href=\"https:\/\/esbozodeportivo.com\/index.php\/2024\/07\/03\/mexico-espera-la-confirmacion-de-plazas-en-atletismo\/\" \/>\n<meta property=\"og:locale\" content=\"es_MX\" \/>\n<meta property=\"og:type\" content=\"article\" \/>\n<meta property=\"og:title\" content=\"M\u00e9xico espera la confirmaci\u00f3n de plazas en atletismo - Esbozo Deportivo\" \/>\n<meta property=\"og:description\" content=\"(Foto: Fedmxatle)\u00a0 La selecci\u00f3n nacional de atletismo clasificada a los Juegos Ol\u00edmpicos de Par\u00eds 2024,\" \/>\n<meta property=\"og:url\" content=\"https:\/\/esbozodeportivo.com\/index.php\/2024\/07\/03\/mexico-espera-la-confirmacion-de-plazas-en-atletismo\/\" \/>\n<meta property=\"og:site_name\" content=\"Esbozo Deportivo\" \/>\n<meta property=\"article:published_time\" content=\"2024-07-03T00:27:19+00:00\" \/>\n<meta property=\"article:modified_time\" content=\"2024-07-03T00:32:31+00:00\" \/>\n<meta property=\"og:image\" content=\"https:\/\/esbozodeportivo.com\/wp-content\/uploads\/2024\/07\/pista-1024x682.jpg\" \/>\n<meta name=\"author\" content=\"Javier De La Cruz\" \/>\n<meta name=\"twitter:card\" content=\"summary_large_image\" \/>\n<meta name=\"twitter:label1\" content=\"Escrito por\" \/>\n\t<meta name=\"twitter:data1\" content=\"Javier De La Cruz\" \/>\n\t<meta name=\"twitter:label2\" content=\"Tiempo de lectura\" \/>\n\t<meta name=\"twitter:data2\" content=\"2 minutos\" \/>\n<script type=\"application\/ld+json\" class=\"yoast-schema-graph\">{\"@context\":\"https:\/\/schema.org\",\"@graph\":[{\"@type\":\"Article\",\"@id\":\"https:\/\/esbozodeportivo.com\/index.php\/2024\/07\/03\/mexico-espera-la-confirmacion-de-plazas-en-atletismo\/#article\",\"isPartOf\":{\"@id\":\"https:\/\/esbozodeportivo.com\/index.php\/2024\/07\/03\/mexico-espera-la-confirmacion-de-plazas-en-atletismo\/\"},\"author\":{\"name\":\"Javier De La Cruz\",\"@id\":\"https:\/\/esbozodeportivo.com\/#\/schema\/person\/7277119c98823aec37bbb84e125efd44\"},\"headline\":\"M\u00e9xico espera la confirmaci\u00f3n de plazas en atletismo\",\"datePublished\":\"2024-07-03T00:27:19+00:00\",\"dateModified\":\"2024-07-03T00:32:31+00:00\",\"mainEntityOfPage\":{\"@id\":\"https:\/\/esbozodeportivo.com\/index.php\/2024\/07\/03\/mexico-espera-la-confirmacion-de-plazas-en-atletismo\/\"},\"wordCount\":415,\"commentCount\":0,\"publisher\":{\"@id\":\"https:\/\/esbozodeportivo.com\/#organization\"},\"image\":{\"@id\":\"https:\/\/esbozodeportivo.com\/index.php\/2024\/07\/03\/mexico-espera-la-confirmacion-de-plazas-en-atletismo\/#primaryimage\"},\"thumbnailUrl\":\"https:\/\/esbozodeportivo.com\/wp-content\/uploads\/2024\/07\/pista-1024x682.jpg\",\"articleSection\":[\"Amateur\"],\"inLanguage\":\"es\",\"potentialAction\":[{\"@type\":\"CommentAction\",\"name\":\"Comment\",\"target\":[\"https:\/\/esbozodeportivo.com\/index.php\/2024\/07\/03\/mexico-espera-la-confirmacion-de-plazas-en-atletismo\/#respond\"]}]},{\"@type\":\"WebPage\",\"@id\":\"https:\/\/esbozodeportivo.com\/index.php\/2024\/07\/03\/mexico-espera-la-confirmacion-de-plazas-en-atletismo\/\",\"url\":\"https:\/\/esbozodeportivo.com\/index.php\/2024\/07\/03\/mexico-espera-la-confirmacion-de-plazas-en-atletismo\/\",\"name\":\"M\u00e9xico espera la confirmaci\u00f3n de plazas en atletismo - Esbozo Deportivo\",\"isPartOf\":{\"@id\":\"https:\/\/esbozodeportivo.com\/#website\"},\"primaryImageOfPage\":{\"@id\":\"https:\/\/esbozodeportivo.com\/index.php\/2024\/07\/03\/mexico-espera-la-confirmacion-de-plazas-en-atletismo\/#primaryimage\"},\"image\":{\"@id\":\"https:\/\/esbozodeportivo.com\/index.php\/2024\/07\/03\/mexico-espera-la-confirmacion-de-plazas-en-atletismo\/#primaryimage\"},\"thumbnailUrl\":\"https:\/\/esbozodeportivo.com\/wp-content\/uploads\/2024\/07\/pista-1024x682.jpg\",\"datePublished\":\"2024-07-03T00:27:19+00:00\",\"dateModified\":\"2024-07-03T00:32:31+00:00\",\"breadcrumb\":{\"@id\":\"https:\/\/esbozodeportivo.com\/index.php\/2024\/07\/03\/mexico-espera-la-confirmacion-de-plazas-en-atletismo\/#breadcrumb\"},\"inLanguage\":\"es\",\"potentialAction\":[{\"@type\":\"ReadAction\",\"target\":[\"https:\/\/esbozodeportivo.com\/index.php\/2024\/07\/03\/mexico-espera-la-confirmacion-de-plazas-en-atletismo\/\"]}]},{\"@type\":\"ImageObject\",\"inLanguage\":\"es\",\"@id\":\"https:\/\/esbozodeportivo.com\/index.php\/2024\/07\/03\/mexico-espera-la-confirmacion-de-plazas-en-atletismo\/#primaryimage\",\"url\":\"https:\/\/esbozodeportivo.com\/wp-content\/uploads\/2024\/07\/pista.jpg\",\"contentUrl\":\"https:\/\/esbozodeportivo.com\/wp-content\/uploads\/2024\/07\/pista.jpg\",\"width\":1600,\"height\":1066},{\"@type\":\"BreadcrumbList\",\"@id\":\"https:\/\/esbozodeportivo.com\/index.php\/2024\/07\/03\/mexico-espera-la-confirmacion-de-plazas-en-atletismo\/#breadcrumb\",\"itemListElement\":[{\"@type\":\"ListItem\",\"position\":1,\"name\":\"Inicio\",\"item\":\"https:\/\/esbozodeportivo.com\/\"},{\"@type\":\"ListItem\",\"position\":2,\"name\":\"M\u00e9xico espera la confirmaci\u00f3n de plazas en atletismo\"}]},{\"@type\":\"WebSite\",\"@id\":\"https:\/\/esbozodeportivo.com\/#website\",\"url\":\"https:\/\/esbozodeportivo.com\/\",\"name\":\"Esbozo Deportivo\",\"description\":\"Lo m\u00e1s importante del Deporte\",\"publisher\":{\"@id\":\"https:\/\/esbozodeportivo.com\/#organization\"},\"potentialAction\":[{\"@type\":\"SearchAction\",\"target\":{\"@type\":\"EntryPoint\",\"urlTemplate\":\"https:\/\/esbozodeportivo.com\/?s={search_term_string}\"},\"query-input\":{\"@type\":\"PropertyValueSpecification\",\"valueRequired\":true,\"valueName\":\"search_term_string\"}}],\"inLanguage\":\"es\"},{\"@type\":\"Organization\",\"@id\":\"https:\/\/esbozodeportivo.com\/#organization\",\"name\":\"Esbozo Deportivo\",\"url\":\"https:\/\/esbozodeportivo.com\/\",\"logo\":{\"@type\":\"ImageObject\",\"inLanguage\":\"es\",\"@id\":\"https:\/\/esbozodeportivo.com\/#\/schema\/logo\/image\/\",\"url\":\"https:\/\/esbozodeportivo.com\/wp-content\/uploads\/2022\/08\/cropped-Logo-Esbozo-Web-2.png\",\"contentUrl\":\"https:\/\/esbozodeportivo.com\/wp-content\/uploads\/2022\/08\/cropped-Logo-Esbozo-Web-2.png\",\"width\":180,\"height\":50,\"caption\":\"Esbozo Deportivo\"},\"image\":{\"@id\":\"https:\/\/esbozodeportivo.com\/#\/schema\/logo\/image\/\"}},{\"@type\":\"Person\",\"@id\":\"https:\/\/esbozodeportivo.com\/#\/schema\/person\/7277119c98823aec37bbb84e125efd44\",\"name\":\"Javier De La Cruz\",\"image\":{\"@type\":\"ImageObject\",\"inLanguage\":\"es\",\"@id\":\"https:\/\/esbozodeportivo.com\/#\/schema\/person\/image\/\",\"url\":\"https:\/\/secure.gravatar.com\/avatar\/366235a56d20f1a6e8e3d0b295897639357bea880470ddf261d17bb0bc052eb1?s=96&d=mm&r=g\",\"contentUrl\":\"https:\/\/secure.gravatar.com\/avatar\/366235a56d20f1a6e8e3d0b295897639357bea880470ddf261d17bb0bc052eb1?s=96&d=mm&r=g\",\"caption\":\"Javier De La Cruz\"},\"url\":\"https:\/\/esbozodeportivo.com\/index.php\/author\/javier-de-la-cruz-de-la-cruz\/\"}]}<\/script>\n<!-- \/ Yoast SEO plugin. -->","yoast_head_json":{"title":"M\u00e9xico espera la confirmaci\u00f3n de plazas en atletismo - Esbozo Deportivo","robots":{"index":"index","follow":"follow","max-snippet":"max-snippet:-1","max-image-preview":"max-image-preview:large","max-video-preview":"max-video-preview:-1"},"canonical":"https:\/\/esbozodeportivo.com\/index.php\/2024\/07\/03\/mexico-espera-la-confirmacion-de-plazas-en-atletismo\/","og_locale":"es_MX","og_type":"article","og_title":"M\u00e9xico espera la confirmaci\u00f3n de plazas en atletismo - Esbozo Deportivo","og_description":"(Foto: Fedmxatle)\u00a0 La selecci\u00f3n nacional de atletismo clasificada a los Juegos Ol\u00edmpicos de Par\u00eds 2024,","og_url":"https:\/\/esbozodeportivo.com\/index.php\/2024\/07\/03\/mexico-espera-la-confirmacion-de-plazas-en-atletismo\/","og_site_name":"Esbozo Deportivo","article_published_time":"2024-07-03T00:27:19+00:00","article_modified_time":"2024-07-03T00:32:31+00:00","og_image":[{"url":"https:\/\/esbozodeportivo.com\/wp-content\/uploads\/2024\/07\/pista-1024x682.jpg","type":"","width":"","height":""}],"author":"Javier De La Cruz","twitter_card":"summary_large_image","twitter_misc":{"Escrito por":"Javier De La Cruz","Tiempo de lectura":"2 minutos"},"schema":{"@context":"https:\/\/schema.org","@graph":[{"@type":"Article","@id":"https:\/\/esbozodeportivo.com\/index.php\/2024\/07\/03\/mexico-espera-la-confirmacion-de-plazas-en-atletismo\/#article","isPartOf":{"@id":"https:\/\/esbozodeportivo.com\/index.php\/2024\/07\/03\/mexico-espera-la-confirmacion-de-plazas-en-atletismo\/"},"author":{"name":"Javier De La Cruz","@id":"https:\/\/esbozodeportivo.com\/#\/schema\/person\/7277119c98823aec37bbb84e125efd44"},"headline":"M\u00e9xico espera la confirmaci\u00f3n de plazas en atletismo","datePublished":"2024-07-03T00:27:19+00:00","dateModified":"2024-07-03T00:32:31+00:00","mainEntityOfPage":{"@id":"https:\/\/esbozodeportivo.com\/index.php\/2024\/07\/03\/mexico-espera-la-confirmacion-de-plazas-en-atletismo\/"},"wordCount":415,"commentCount":0,"publisher":{"@id":"https:\/\/esbozodeportivo.com\/#organization"},"image":{"@id":"https:\/\/esbozodeportivo.com\/index.php\/2024\/07\/03\/mexico-espera-la-confirmacion-de-plazas-en-atletismo\/#primaryimage"},"thumbnailUrl":"https:\/\/esbozodeportivo.com\/wp-content\/uploads\/2024\/07\/pista-1024x682.jpg","articleSection":["Amateur"],"inLanguage":"es","potentialAction":[{"@type":"CommentAction","name":"Comment","target":["https:\/\/esbozodeportivo.com\/index.php\/2024\/07\/03\/mexico-espera-la-confirmacion-de-plazas-en-atletismo\/#respond"]}]},{"@type":"WebPage","@id":"https:\/\/esbozodeportivo.com\/index.php\/2024\/07\/03\/mexico-espera-la-confirmacion-de-plazas-en-atletismo\/","url":"https:\/\/esbozodeportivo.com\/index.php\/2024\/07\/03\/mexico-espera-la-confirmacion-de-plazas-en-atletismo\/","name":"M\u00e9xico espera la confirmaci\u00f3n de plazas en atletismo - Esbozo Deportivo","isPartOf":{"@id":"https:\/\/esbozodeportivo.com\/#website"},"primaryImageOfPage":{"@id":"https:\/\/esbozodeportivo.com\/index.php\/2024\/07\/03\/mexico-espera-la-confirmacion-de-plazas-en-atletismo\/#primaryimage"},"image":{"@id":"https:\/\/esbozodeportivo.com\/index.php\/2024\/07\/03\/mexico-espera-la-confirmacion-de-plazas-en-atletismo\/#primaryimage"},"thumbnailUrl":"https:\/\/esbozodeportivo.com\/wp-content\/uploads\/2024\/07\/pista-1024x682.jpg","datePublished":"2024-07-03T00:27:19+00:00","dateModified":"2024-07-03T00:32:31+00:00","breadcrumb":{"@id":"https:\/\/esbozodeportivo.com\/index.php\/2024\/07\/03\/mexico-espera-la-confirmacion-de-plazas-en-atletismo\/#breadcrumb"},"inLanguage":"es","potentialAction":[{"@type":"ReadAction","target":["https:\/\/esbozodeportivo.com\/index.php\/2024\/07\/03\/mexico-espera-la-confirmacion-de-plazas-en-atletismo\/"]}]},{"@type":"ImageObject","inLanguage":"es","@id":"https:\/\/esbozodeportivo.com\/index.php\/2024\/07\/03\/mexico-espera-la-confirmacion-de-plazas-en-atletismo\/#primaryimage","url":"https:\/\/esbozodeportivo.com\/wp-content\/uploads\/2024\/07\/pista.jpg","contentUrl":"https:\/\/esbozodeportivo.com\/wp-content\/uploads\/2024\/07\/pista.jpg","width":1600,"height":1066},{"@type":"BreadcrumbList","@id":"https:\/\/esbozodeportivo.com\/index.php\/2024\/07\/03\/mexico-espera-la-confirmacion-de-plazas-en-atletismo\/#breadcrumb","itemListElement":[{"@type":"ListItem","position":1,"name":"Inicio","item":"https:\/\/esbozodeportivo.com\/"},{"@type":"ListItem","position":2,"name":"M\u00e9xico espera la confirmaci\u00f3n de plazas en atletismo"}]},{"@type":"WebSite","@id":"https:\/\/esbozodeportivo.com\/#website","url":"https:\/\/esbozodeportivo.com\/","name":"Esbozo Deportivo","description":"Lo m\u00e1s importante del Deporte","publisher":{"@id":"https:\/\/esbozodeportivo.com\/#organization"},"potentialAction":[{"@type":"SearchAction","target":{"@type":"EntryPoint","urlTemplate":"https:\/\/esbozodeportivo.com\/?s={search_term_string}"},"query-input":{"@type":"PropertyValueSpecification","valueRequired":true,"valueName":"search_term_string"}}],"inLanguage":"es"},{"@type":"Organization","@id":"https:\/\/esbozodeportivo.com\/#organization","name":"Esbozo Deportivo","url":"https:\/\/esbozodeportivo.com\/","logo":{"@type":"ImageObject","inLanguage":"es","@id":"https:\/\/esbozodeportivo.com\/#\/schema\/logo\/image\/","url":"https:\/\/esbozodeportivo.com\/wp-content\/uploads\/2022\/08\/cropped-Logo-Esbozo-Web-2.png","contentUrl":"https:\/\/esbozodeportivo.com\/wp-content\/uploads\/2022\/08\/cropped-Logo-Esbozo-Web-2.png","width":180,"height":50,"caption":"Esbozo Deportivo"},"image":{"@id":"https:\/\/esbozodeportivo.com\/#\/schema\/logo\/image\/"}},{"@type":"Person","@id":"https:\/\/esbozodeportivo.com\/#\/schema\/person\/7277119c98823aec37bbb84e125efd44","name":"Javier De La Cruz","image":{"@type":"ImageObject","inLanguage":"es","@id":"https:\/\/esbozodeportivo.com\/#\/schema\/person\/image\/","url":"https:\/\/secure.gravatar.com\/avatar\/366235a56d20f1a6e8e3d0b295897639357bea880470ddf261d17bb0bc052eb1?s=96&d=mm&r=g","contentUrl":"https:\/\/secure.gravatar.com\/avatar\/366235a56d20f1a6e8e3d0b295897639357bea880470ddf261d17bb0bc052eb1?s=96&d=mm&r=g","caption":"Javier De La Cruz"},"url":"https:\/\/esbozodeportivo.com\/index.php\/author\/javier-de-la-cruz-de-la-cruz\/"}]}},"jetpack_featured_media_url":"","jetpack_sharing_enabled":true,"_links":{"self":[{"href":"https:\/\/esbozodeportivo.com\/index.php\/wp-json\/wp\/v2\/posts\/3825","targetHints":{"allow":["GET"]}}],"collection":[{"href":"https:\/\/esbozodeportivo.com\/index.php\/wp-json\/wp\/v2\/posts"}],"about":[{"href":"https:\/\/esbozodeportivo.com\/index.php\/wp-json\/wp\/v2\/types\/post"}],"author":[{"embeddable":true,"href":"https:\/\/esbozodeportivo.com\/index.php\/wp-json\/wp\/v2\/users\/2"}],"replies":[{"embeddable":true,"href":"https:\/\/esbozodeportivo.com\/index.php\/wp-json\/wp\/v2\/comments?post=3825"}],"version-history":[{"count":4,"href":"https:\/\/esbozodeportivo.com\/index.php\/wp-json\/wp\/v2\/posts\/3825\/revisions"}],"predecessor-version":[{"id":3836,"href":"https:\/\/esbozodeportivo.com\/index.php\/wp-json\/wp\/v2\/posts\/3825\/revisions\/3836"}],"wp:attachment":[{"href":"https:\/\/esbozodeportivo.com\/index.php\/wp-json\/wp\/v2\/media?parent=3825"}],"wp:term":[{"taxonomy":"category","embeddable":true,"href":"https:\/\/esbozodeportivo.com\/index.php\/wp-json\/wp\/v2\/categories?post=3825"},{"taxonomy":"post_tag","embeddable":true,"href":"https:\/\/esbozodeportivo.com\/index.php\/wp-json\/wp\/v2\/tags?post=3825"}],"curies":[{"name":"wp","href":"https:\/\/api.w.org\/{rel}","templated":true}]}}