{"id":3837,"date":"2024-07-03T00:33:57","date_gmt":"2024-07-03T00:33:57","guid":{"rendered":"https:\/\/esbozodeportivo.com\/?p=3837"},"modified":"2024-07-03T00:38:26","modified_gmt":"2024-07-03T00:38:26","slug":"la-federacion-mexicana-confirma-seleccion-de-17-atletas-a-jo-2024","status":"publish","type":"post","link":"https:\/\/esbozodeportivo.com\/index.php\/2024\/07\/03\/la-federacion-mexicana-confirma-seleccion-de-17-atletas-a-jo-2024\/","title":{"rendered":"La Federaci\u00f3n Mexicana confirma selecci\u00f3n de 17 atletas a JO-2024"},"content":{"rendered":"<style>\/*! elementor - v3.22.0 - 26-06-2024 *\/\n.elementor-widget-image{text-align:center}.elementor-widget-image a{display:inline-block}.elementor-widget-image a img[src$=\".svg\"]{width:48px}.elementor-widget-image img{vertical-align:middle;display:inline-block}<\/style>\n<p>\t\t\t\t\t\t\t\t\t\t<img loading=\"lazy\" decoding=\"async\" width=\"640\" height=\"563\" src=\"https:\/\/esbozodeportivo.com\/wp-content\/uploads\/2024\/07\/a-tonatiu.jpg\" alt=\"\" srcset=\"https:\/\/esbozodeportivo.com\/wp-content\/uploads\/2024\/07\/a-tonatiu.jpg 720w, https:\/\/esbozodeportivo.com\/wp-content\/uploads\/2024\/07\/a-tonatiu-300x264.jpg 300w\" sizes=\"auto, (max-width: 640px) 100vw, 640px\" \/>\t\t\t\t\t\t\t\t\t\t\t\t\t<\/p>\n<p>(Foto: Fedmxatle)\u00a0<\/p>\n<p>La Federaci\u00f3n Mexicana de Asociaciones de Atletismo present\u00f3 una lista de 17 seleccionados de pista y campo que participar\u00e1n en los Juegos Ol\u00edmpicos de Par\u00eds 2024, al terminar el proceso clasificatorio reconocido por la World Athletics y el cual incluy\u00f3 el Campeonato Nacional 2024 que reparti\u00f3 la \u00faltima puntuaci\u00f3n.<\/p>\n<p>El presidente de la Federaci\u00f3n Mexicana de la especialidad, Antonio Lozano, explic\u00f3 que el proceso de la World Athletics ha concluido y M\u00e9xico ha clasificado de manera directa por marca a 16 atletas, uno m\u00e1s en el relevo mixto de marcha.<\/p>\n<p>\t\t\t\t\t\t\t\t\t\t\t\t\t<img loading=\"lazy\" decoding=\"async\" width=\"640\" height=\"430\" src=\"https:\/\/esbozodeportivo.com\/wp-content\/uploads\/2024\/07\/a-paola.jpg\" alt=\"\" srcset=\"https:\/\/esbozodeportivo.com\/wp-content\/uploads\/2024\/07\/a-paola.jpg 720w, https:\/\/esbozodeportivo.com\/wp-content\/uploads\/2024\/07\/a-paola-300x202.jpg 300w\" sizes=\"auto, (max-width: 640px) 100vw, 640px\" \/>\t\t\t\t\t\t\t\t\t\t\t\t\t<\/p>\n<p>(Foto: Fedmxatle)\u00a0<\/p>\n<p>\u201cEstaremos pendientes los siguientes dos d\u00edas por si hay algunas bajas, ya que nuestro pa\u00eds tiene cinco atletas con posibilidades de clasificarse si otros pa\u00edses dan de baja a alguno de sus seleccionados\u201d, dijo el titular de la FMAA.<\/p>\n<p>De esta manera, la FMAA present\u00f3 la lista con Cecilia Tamayo (200 metros), Paola Mor\u00e1n (400 metros), Laura Galv\u00e1n 5 mil metros), Alejandra Ortega, Ilse Guerrero y Alegna Gonz\u00e1lez (marcha), Citlalli Cristian Moscote y Margarita Hern\u00e1ndez (marat\u00f3n), Tonati\u00fa L\u00f3pez (800 metros), Edgar Rivera y Erick Portillo )salto de altura), Ricardo Ortiz, Jos\u00e9 Luis Doctor y Noel Al\u00ed Chama (marcha), Ever Jair Palma relevo mixto de marcha, Uziel Mu\u00f1oz (impulso de martillo) y Diego del Real (impulso de martillo).<\/p>\n<p>\t\t\t\t\t\t\t\t\t\t\t\t\t<img loading=\"lazy\" decoding=\"async\" width=\"640\" height=\"426\" src=\"https:\/\/esbozodeportivo.com\/wp-content\/uploads\/2024\/07\/carrera-1024x682.jpg\" alt=\"\" srcset=\"https:\/\/esbozodeportivo.com\/wp-content\/uploads\/2024\/07\/carrera-1024x682.jpg 1024w, https:\/\/esbozodeportivo.com\/wp-content\/uploads\/2024\/07\/carrera-300x200.jpg 300w, https:\/\/esbozodeportivo.com\/wp-content\/uploads\/2024\/07\/carrera-768x512.jpg 768w, https:\/\/esbozodeportivo.com\/wp-content\/uploads\/2024\/07\/carrera-1536x1023.jpg 1536w, https:\/\/esbozodeportivo.com\/wp-content\/uploads\/2024\/07\/carrera.jpg 1600w\" sizes=\"auto, (max-width: 640px) 100vw, 640px\" \/>\t\t\t\t\t\t\t\t\t\t\t\t\t<\/p>\n<p>(Foto: Fedmxatle)\u00a0<\/p>\n<p>De acuerdo al programa clasificatorio a los Juegos Ol\u00edmpicos de Par\u00eds 2024, la Federaci\u00f3n Mexicana de Asociaciones de Atletismo concluy\u00f3 el domingo 30 de junio con el Campeonato Nacional de Atletismo en las instalaciones del Centro Deportivo Ol\u00edmpico Mexicano.<\/p>\n<p>\t\t\t\t\t\t\t\t\t\t\t\t\t<img loading=\"lazy\" decoding=\"async\" width=\"270\" height=\"610\" src=\"https:\/\/esbozodeportivo.com\/wp-content\/uploads\/2024\/07\/a-tamayo.jpg\" alt=\"\" srcset=\"https:\/\/esbozodeportivo.com\/wp-content\/uploads\/2024\/07\/a-tamayo.jpg 270w, https:\/\/esbozodeportivo.com\/wp-content\/uploads\/2024\/07\/a-tamayo-133x300.jpg 133w\" sizes=\"auto, (max-width: 270px) 100vw, 270px\" \/>\t\t\t\t\t\t\t\t\t\t\t\t\t<\/p>\n<p>(Foto: Fedmxatle)\u00a0<\/p>\n","protected":false},"excerpt":{"rendered":"<p>(Foto: Fedmxatle)\u00a0 La Federaci\u00f3n Mexicana de Asociaciones de Atletismo present\u00f3 una lista de 17 seleccionados<\/p>\n","protected":false},"author":2,"featured_media":0,"comment_status":"open","ping_status":"open","sticky":false,"template":"","format":"standard","meta":{"_jetpack_memberships_contains_paid_content":false,"footnotes":""},"categories":[5],"tags":[],"class_list":["post-3837","post","type-post","status-publish","format-standard","hentry","category-amateur"],"yoast_head":"<!-- This site is optimized with the Yoast SEO plugin v25.7 - https:\/\/yoast.com\/wordpress\/plugins\/seo\/ -->\n<title>La Federaci\u00f3n Mexicana confirma selecci\u00f3n de 17 atletas a JO-2024 - Esbozo Deportivo<\/title>\n<meta name=\"robots\" content=\"index, follow, max-snippet:-1, max-image-preview:large, max-video-preview:-1\" \/>\n<link rel=\"canonical\" href=\"https:\/\/esbozodeportivo.com\/index.php\/2024\/07\/03\/la-federacion-mexicana-confirma-seleccion-de-17-atletas-a-jo-2024\/\" \/>\n<meta property=\"og:locale\" content=\"es_MX\" \/>\n<meta property=\"og:type\" content=\"article\" \/>\n<meta property=\"og:title\" content=\"La Federaci\u00f3n Mexicana confirma selecci\u00f3n de 17 atletas a JO-2024 - Esbozo Deportivo\" \/>\n<meta property=\"og:description\" content=\"(Foto: Fedmxatle)\u00a0 La Federaci\u00f3n Mexicana de Asociaciones de Atletismo present\u00f3 una lista de 17 seleccionados\" \/>\n<meta property=\"og:url\" content=\"https:\/\/esbozodeportivo.com\/index.php\/2024\/07\/03\/la-federacion-mexicana-confirma-seleccion-de-17-atletas-a-jo-2024\/\" \/>\n<meta property=\"og:site_name\" content=\"Esbozo Deportivo\" \/>\n<meta property=\"article:published_time\" content=\"2024-07-03T00:33:57+00:00\" \/>\n<meta property=\"article:modified_time\" content=\"2024-07-03T00:38:26+00:00\" \/>\n<meta property=\"og:image\" content=\"https:\/\/esbozodeportivo.com\/wp-content\/uploads\/2024\/07\/a-tonatiu.jpg\" \/>\n<meta name=\"author\" content=\"Javier De La Cruz\" \/>\n<meta name=\"twitter:card\" content=\"summary_large_image\" \/>\n<meta name=\"twitter:label1\" content=\"Escrito por\" \/>\n\t<meta name=\"twitter:data1\" content=\"Javier De La Cruz\" \/>\n\t<meta name=\"twitter:label2\" content=\"Tiempo de lectura\" \/>\n\t<meta name=\"twitter:data2\" content=\"1 minuto\" \/>\n<script type=\"application\/ld+json\" class=\"yoast-schema-graph\">{\"@context\":\"https:\/\/schema.org\",\"@graph\":[{\"@type\":\"Article\",\"@id\":\"https:\/\/esbozodeportivo.com\/index.php\/2024\/07\/03\/la-federacion-mexicana-confirma-seleccion-de-17-atletas-a-jo-2024\/#article\",\"isPartOf\":{\"@id\":\"https:\/\/esbozodeportivo.com\/index.php\/2024\/07\/03\/la-federacion-mexicana-confirma-seleccion-de-17-atletas-a-jo-2024\/\"},\"author\":{\"name\":\"Javier De La Cruz\",\"@id\":\"https:\/\/esbozodeportivo.com\/#\/schema\/person\/7277119c98823aec37bbb84e125efd44\"},\"headline\":\"La Federaci\u00f3n Mexicana confirma selecci\u00f3n de 17 atletas a JO-2024\",\"datePublished\":\"2024-07-03T00:33:57+00:00\",\"dateModified\":\"2024-07-03T00:38:26+00:00\",\"mainEntityOfPage\":{\"@id\":\"https:\/\/esbozodeportivo.com\/index.php\/2024\/07\/03\/la-federacion-mexicana-confirma-seleccion-de-17-atletas-a-jo-2024\/\"},\"wordCount\":277,\"commentCount\":0,\"publisher\":{\"@id\":\"https:\/\/esbozodeportivo.com\/#organization\"},\"image\":{\"@id\":\"https:\/\/esbozodeportivo.com\/index.php\/2024\/07\/03\/la-federacion-mexicana-confirma-seleccion-de-17-atletas-a-jo-2024\/#primaryimage\"},\"thumbnailUrl\":\"https:\/\/esbozodeportivo.com\/wp-content\/uploads\/2024\/07\/a-tonatiu.jpg\",\"articleSection\":[\"Amateur\"],\"inLanguage\":\"es\",\"potentialAction\":[{\"@type\":\"CommentAction\",\"name\":\"Comment\",\"target\":[\"https:\/\/esbozodeportivo.com\/index.php\/2024\/07\/03\/la-federacion-mexicana-confirma-seleccion-de-17-atletas-a-jo-2024\/#respond\"]}]},{\"@type\":\"WebPage\",\"@id\":\"https:\/\/esbozodeportivo.com\/index.php\/2024\/07\/03\/la-federacion-mexicana-confirma-seleccion-de-17-atletas-a-jo-2024\/\",\"url\":\"https:\/\/esbozodeportivo.com\/index.php\/2024\/07\/03\/la-federacion-mexicana-confirma-seleccion-de-17-atletas-a-jo-2024\/\",\"name\":\"La Federaci\u00f3n Mexicana confirma selecci\u00f3n de 17 atletas a JO-2024 - Esbozo Deportivo\",\"isPartOf\":{\"@id\":\"https:\/\/esbozodeportivo.com\/#website\"},\"primaryImageOfPage\":{\"@id\":\"https:\/\/esbozodeportivo.com\/index.php\/2024\/07\/03\/la-federacion-mexicana-confirma-seleccion-de-17-atletas-a-jo-2024\/#primaryimage\"},\"image\":{\"@id\":\"https:\/\/esbozodeportivo.com\/index.php\/2024\/07\/03\/la-federacion-mexicana-confirma-seleccion-de-17-atletas-a-jo-2024\/#primaryimage\"},\"thumbnailUrl\":\"https:\/\/esbozodeportivo.com\/wp-content\/uploads\/2024\/07\/a-tonatiu.jpg\",\"datePublished\":\"2024-07-03T00:33:57+00:00\",\"dateModified\":\"2024-07-03T00:38:26+00:00\",\"breadcrumb\":{\"@id\":\"https:\/\/esbozodeportivo.com\/index.php\/2024\/07\/03\/la-federacion-mexicana-confirma-seleccion-de-17-atletas-a-jo-2024\/#breadcrumb\"},\"inLanguage\":\"es\",\"potentialAction\":[{\"@type\":\"ReadAction\",\"target\":[\"https:\/\/esbozodeportivo.com\/index.php\/2024\/07\/03\/la-federacion-mexicana-confirma-seleccion-de-17-atletas-a-jo-2024\/\"]}]},{\"@type\":\"ImageObject\",\"inLanguage\":\"es\",\"@id\":\"https:\/\/esbozodeportivo.com\/index.php\/2024\/07\/03\/la-federacion-mexicana-confirma-seleccion-de-17-atletas-a-jo-2024\/#primaryimage\",\"url\":\"https:\/\/esbozodeportivo.com\/wp-content\/uploads\/2024\/07\/a-tonatiu.jpg\",\"contentUrl\":\"https:\/\/esbozodeportivo.com\/wp-content\/uploads\/2024\/07\/a-tonatiu.jpg\",\"width\":720,\"height\":633},{\"@type\":\"BreadcrumbList\",\"@id\":\"https:\/\/esbozodeportivo.com\/index.php\/2024\/07\/03\/la-federacion-mexicana-confirma-seleccion-de-17-atletas-a-jo-2024\/#breadcrumb\",\"itemListElement\":[{\"@type\":\"ListItem\",\"position\":1,\"name\":\"Inicio\",\"item\":\"https:\/\/esbozodeportivo.com\/\"},{\"@type\":\"ListItem\",\"position\":2,\"name\":\"La Federaci\u00f3n Mexicana confirma selecci\u00f3n de 17 atletas a JO-2024\"}]},{\"@type\":\"WebSite\",\"@id\":\"https:\/\/esbozodeportivo.com\/#website\",\"url\":\"https:\/\/esbozodeportivo.com\/\",\"name\":\"Esbozo Deportivo\",\"description\":\"Lo m\u00e1s importante del Deporte\",\"publisher\":{\"@id\":\"https:\/\/esbozodeportivo.com\/#organization\"},\"potentialAction\":[{\"@type\":\"SearchAction\",\"target\":{\"@type\":\"EntryPoint\",\"urlTemplate\":\"https:\/\/esbozodeportivo.com\/?s={search_term_string}\"},\"query-input\":{\"@type\":\"PropertyValueSpecification\",\"valueRequired\":true,\"valueName\":\"search_term_string\"}}],\"inLanguage\":\"es\"},{\"@type\":\"Organization\",\"@id\":\"https:\/\/esbozodeportivo.com\/#organization\",\"name\":\"Esbozo Deportivo\",\"url\":\"https:\/\/esbozodeportivo.com\/\",\"logo\":{\"@type\":\"ImageObject\",\"inLanguage\":\"es\",\"@id\":\"https:\/\/esbozodeportivo.com\/#\/schema\/logo\/image\/\",\"url\":\"https:\/\/esbozodeportivo.com\/wp-content\/uploads\/2022\/08\/cropped-Logo-Esbozo-Web-2.png\",\"contentUrl\":\"https:\/\/esbozodeportivo.com\/wp-content\/uploads\/2022\/08\/cropped-Logo-Esbozo-Web-2.png\",\"width\":180,\"height\":50,\"caption\":\"Esbozo Deportivo\"},\"image\":{\"@id\":\"https:\/\/esbozodeportivo.com\/#\/schema\/logo\/image\/\"}},{\"@type\":\"Person\",\"@id\":\"https:\/\/esbozodeportivo.com\/#\/schema\/person\/7277119c98823aec37bbb84e125efd44\",\"name\":\"Javier De La Cruz\",\"image\":{\"@type\":\"ImageObject\",\"inLanguage\":\"es\",\"@id\":\"https:\/\/esbozodeportivo.com\/#\/schema\/person\/image\/\",\"url\":\"https:\/\/secure.gravatar.com\/avatar\/366235a56d20f1a6e8e3d0b295897639357bea880470ddf261d17bb0bc052eb1?s=96&d=mm&r=g\",\"contentUrl\":\"https:\/\/secure.gravatar.com\/avatar\/366235a56d20f1a6e8e3d0b295897639357bea880470ddf261d17bb0bc052eb1?s=96&d=mm&r=g\",\"caption\":\"Javier De La Cruz\"},\"url\":\"https:\/\/esbozodeportivo.com\/index.php\/author\/javier-de-la-cruz-de-la-cruz\/\"}]}<\/script>\n<!-- \/ Yoast SEO plugin. -->","yoast_head_json":{"title":"La Federaci\u00f3n Mexicana confirma selecci\u00f3n de 17 atletas a JO-2024 - Esbozo Deportivo","robots":{"index":"index","follow":"follow","max-snippet":"max-snippet:-1","max-image-preview":"max-image-preview:large","max-video-preview":"max-video-preview:-1"},"canonical":"https:\/\/esbozodeportivo.com\/index.php\/2024\/07\/03\/la-federacion-mexicana-confirma-seleccion-de-17-atletas-a-jo-2024\/","og_locale":"es_MX","og_type":"article","og_title":"La Federaci\u00f3n Mexicana confirma selecci\u00f3n de 17 atletas a JO-2024 - Esbozo Deportivo","og_description":"(Foto: Fedmxatle)\u00a0 La Federaci\u00f3n Mexicana de Asociaciones de Atletismo present\u00f3 una lista de 17 seleccionados","og_url":"https:\/\/esbozodeportivo.com\/index.php\/2024\/07\/03\/la-federacion-mexicana-confirma-seleccion-de-17-atletas-a-jo-2024\/","og_site_name":"Esbozo Deportivo","article_published_time":"2024-07-03T00:33:57+00:00","article_modified_time":"2024-07-03T00:38:26+00:00","og_image":[{"url":"https:\/\/esbozodeportivo.com\/wp-content\/uploads\/2024\/07\/a-tonatiu.jpg","type":"","width":"","height":""}],"author":"Javier De La Cruz","twitter_card":"summary_large_image","twitter_misc":{"Escrito por":"Javier De La Cruz","Tiempo de lectura":"1 minuto"},"schema":{"@context":"https:\/\/schema.org","@graph":[{"@type":"Article","@id":"https:\/\/esbozodeportivo.com\/index.php\/2024\/07\/03\/la-federacion-mexicana-confirma-seleccion-de-17-atletas-a-jo-2024\/#article","isPartOf":{"@id":"https:\/\/esbozodeportivo.com\/index.php\/2024\/07\/03\/la-federacion-mexicana-confirma-seleccion-de-17-atletas-a-jo-2024\/"},"author":{"name":"Javier De La Cruz","@id":"https:\/\/esbozodeportivo.com\/#\/schema\/person\/7277119c98823aec37bbb84e125efd44"},"headline":"La Federaci\u00f3n Mexicana confirma selecci\u00f3n de 17 atletas a JO-2024","datePublished":"2024-07-03T00:33:57+00:00","dateModified":"2024-07-03T00:38:26+00:00","mainEntityOfPage":{"@id":"https:\/\/esbozodeportivo.com\/index.php\/2024\/07\/03\/la-federacion-mexicana-confirma-seleccion-de-17-atletas-a-jo-2024\/"},"wordCount":277,"commentCount":0,"publisher":{"@id":"https:\/\/esbozodeportivo.com\/#organization"},"image":{"@id":"https:\/\/esbozodeportivo.com\/index.php\/2024\/07\/03\/la-federacion-mexicana-confirma-seleccion-de-17-atletas-a-jo-2024\/#primaryimage"},"thumbnailUrl":"https:\/\/esbozodeportivo.com\/wp-content\/uploads\/2024\/07\/a-tonatiu.jpg","articleSection":["Amateur"],"inLanguage":"es","potentialAction":[{"@type":"CommentAction","name":"Comment","target":["https:\/\/esbozodeportivo.com\/index.php\/2024\/07\/03\/la-federacion-mexicana-confirma-seleccion-de-17-atletas-a-jo-2024\/#respond"]}]},{"@type":"WebPage","@id":"https:\/\/esbozodeportivo.com\/index.php\/2024\/07\/03\/la-federacion-mexicana-confirma-seleccion-de-17-atletas-a-jo-2024\/","url":"https:\/\/esbozodeportivo.com\/index.php\/2024\/07\/03\/la-federacion-mexicana-confirma-seleccion-de-17-atletas-a-jo-2024\/","name":"La Federaci\u00f3n Mexicana confirma selecci\u00f3n de 17 atletas a JO-2024 - Esbozo Deportivo","isPartOf":{"@id":"https:\/\/esbozodeportivo.com\/#website"},"primaryImageOfPage":{"@id":"https:\/\/esbozodeportivo.com\/index.php\/2024\/07\/03\/la-federacion-mexicana-confirma-seleccion-de-17-atletas-a-jo-2024\/#primaryimage"},"image":{"@id":"https:\/\/esbozodeportivo.com\/index.php\/2024\/07\/03\/la-federacion-mexicana-confirma-seleccion-de-17-atletas-a-jo-2024\/#primaryimage"},"thumbnailUrl":"https:\/\/esbozodeportivo.com\/wp-content\/uploads\/2024\/07\/a-tonatiu.jpg","datePublished":"2024-07-03T00:33:57+00:00","dateModified":"2024-07-03T00:38:26+00:00","breadcrumb":{"@id":"https:\/\/esbozodeportivo.com\/index.php\/2024\/07\/03\/la-federacion-mexicana-confirma-seleccion-de-17-atletas-a-jo-2024\/#breadcrumb"},"inLanguage":"es","potentialAction":[{"@type":"ReadAction","target":["https:\/\/esbozodeportivo.com\/index.php\/2024\/07\/03\/la-federacion-mexicana-confirma-seleccion-de-17-atletas-a-jo-2024\/"]}]},{"@type":"ImageObject","inLanguage":"es","@id":"https:\/\/esbozodeportivo.com\/index.php\/2024\/07\/03\/la-federacion-mexicana-confirma-seleccion-de-17-atletas-a-jo-2024\/#primaryimage","url":"https:\/\/esbozodeportivo.com\/wp-content\/uploads\/2024\/07\/a-tonatiu.jpg","contentUrl":"https:\/\/esbozodeportivo.com\/wp-content\/uploads\/2024\/07\/a-tonatiu.jpg","width":720,"height":633},{"@type":"BreadcrumbList","@id":"https:\/\/esbozodeportivo.com\/index.php\/2024\/07\/03\/la-federacion-mexicana-confirma-seleccion-de-17-atletas-a-jo-2024\/#breadcrumb","itemListElement":[{"@type":"ListItem","position":1,"name":"Inicio","item":"https:\/\/esbozodeportivo.com\/"},{"@type":"ListItem","position":2,"name":"La Federaci\u00f3n Mexicana confirma selecci\u00f3n de 17 atletas a JO-2024"}]},{"@type":"WebSite","@id":"https:\/\/esbozodeportivo.com\/#website","url":"https:\/\/esbozodeportivo.com\/","name":"Esbozo Deportivo","description":"Lo m\u00e1s importante del Deporte","publisher":{"@id":"https:\/\/esbozodeportivo.com\/#organization"},"potentialAction":[{"@type":"SearchAction","target":{"@type":"EntryPoint","urlTemplate":"https:\/\/esbozodeportivo.com\/?s={search_term_string}"},"query-input":{"@type":"PropertyValueSpecification","valueRequired":true,"valueName":"search_term_string"}}],"inLanguage":"es"},{"@type":"Organization","@id":"https:\/\/esbozodeportivo.com\/#organization","name":"Esbozo Deportivo","url":"https:\/\/esbozodeportivo.com\/","logo":{"@type":"ImageObject","inLanguage":"es","@id":"https:\/\/esbozodeportivo.com\/#\/schema\/logo\/image\/","url":"https:\/\/esbozodeportivo.com\/wp-content\/uploads\/2022\/08\/cropped-Logo-Esbozo-Web-2.png","contentUrl":"https:\/\/esbozodeportivo.com\/wp-content\/uploads\/2022\/08\/cropped-Logo-Esbozo-Web-2.png","width":180,"height":50,"caption":"Esbozo Deportivo"},"image":{"@id":"https:\/\/esbozodeportivo.com\/#\/schema\/logo\/image\/"}},{"@type":"Person","@id":"https:\/\/esbozodeportivo.com\/#\/schema\/person\/7277119c98823aec37bbb84e125efd44","name":"Javier De La Cruz","image":{"@type":"ImageObject","inLanguage":"es","@id":"https:\/\/esbozodeportivo.com\/#\/schema\/person\/image\/","url":"https:\/\/secure.gravatar.com\/avatar\/366235a56d20f1a6e8e3d0b295897639357bea880470ddf261d17bb0bc052eb1?s=96&d=mm&r=g","contentUrl":"https:\/\/secure.gravatar.com\/avatar\/366235a56d20f1a6e8e3d0b295897639357bea880470ddf261d17bb0bc052eb1?s=96&d=mm&r=g","caption":"Javier De La Cruz"},"url":"https:\/\/esbozodeportivo.com\/index.php\/author\/javier-de-la-cruz-de-la-cruz\/"}]}},"jetpack_featured_media_url":"","jetpack_sharing_enabled":true,"_links":{"self":[{"href":"https:\/\/esbozodeportivo.com\/index.php\/wp-json\/wp\/v2\/posts\/3837","targetHints":{"allow":["GET"]}}],"collection":[{"href":"https:\/\/esbozodeportivo.com\/index.php\/wp-json\/wp\/v2\/posts"}],"about":[{"href":"https:\/\/esbozodeportivo.com\/index.php\/wp-json\/wp\/v2\/types\/post"}],"author":[{"embeddable":true,"href":"https:\/\/esbozodeportivo.com\/index.php\/wp-json\/wp\/v2\/users\/2"}],"replies":[{"embeddable":true,"href":"https:\/\/esbozodeportivo.com\/index.php\/wp-json\/wp\/v2\/comments?post=3837"}],"version-history":[{"count":4,"href":"https:\/\/esbozodeportivo.com\/index.php\/wp-json\/wp\/v2\/posts\/3837\/revisions"}],"predecessor-version":[{"id":3841,"href":"https:\/\/esbozodeportivo.com\/index.php\/wp-json\/wp\/v2\/posts\/3837\/revisions\/3841"}],"wp:attachment":[{"href":"https:\/\/esbozodeportivo.com\/index.php\/wp-json\/wp\/v2\/media?parent=3837"}],"wp:term":[{"taxonomy":"category","embeddable":true,"href":"https:\/\/esbozodeportivo.com\/index.php\/wp-json\/wp\/v2\/categories?post=3837"},{"taxonomy":"post_tag","embeddable":true,"href":"https:\/\/esbozodeportivo.com\/index.php\/wp-json\/wp\/v2\/tags?post=3837"}],"curies":[{"name":"wp","href":"https:\/\/api.w.org\/{rel}","templated":true}]}}