{"id":3851,"date":"2024-07-09T05:33:37","date_gmt":"2024-07-09T05:33:37","guid":{"rendered":"https:\/\/esbozodeportivo.com\/?p=3851"},"modified":"2024-07-09T05:35:56","modified_gmt":"2024-07-09T05:35:56","slug":"las-mexicanas-cecilia-tamayo-y-alma-delia-cortes-califican-a-jo","status":"publish","type":"post","link":"https:\/\/esbozodeportivo.com\/index.php\/2024\/07\/09\/las-mexicanas-cecilia-tamayo-y-alma-delia-cortes-califican-a-jo\/","title":{"rendered":"Las mexicanas Cecilia Tamayo y Alma Delia Cort\u00e9s califican a JO"},"content":{"rendered":"<style>\/*! elementor - v3.22.0 - 26-06-2024 *\/\n.elementor-widget-image{text-align:center}.elementor-widget-image a{display:inline-block}.elementor-widget-image a img[src$=\".svg\"]{width:48px}.elementor-widget-image img{vertical-align:middle;display:inline-block}<\/style>\n<p>\t\t\t\t\t\t\t\t\t\t<img loading=\"lazy\" decoding=\"async\" width=\"270\" height=\"610\" src=\"https:\/\/esbozodeportivo.com\/wp-content\/uploads\/2024\/07\/a-tamayo.jpg\" alt=\"\" srcset=\"https:\/\/esbozodeportivo.com\/wp-content\/uploads\/2024\/07\/a-tamayo.jpg 270w, https:\/\/esbozodeportivo.com\/wp-content\/uploads\/2024\/07\/a-tamayo-133x300.jpg 133w\" sizes=\"auto, (max-width: 270px) 100vw, 270px\" \/>\t\t\t\t\t\t\t\t\t\t\t\t\t<\/p>\n<p><strong>(Foto: Fedmxatle)<\/strong><strong>\u00a0<\/strong><\/p>\n<p>Las corredoras mexicanas Cecilia Tamayo y Alma Delia Cort\u00e9s se sumar\u00e1n a la selecci\u00f3n de atletismo que participar\u00e1 en los Juegos Ol\u00edmpicos de Par\u00eds 2024, al clasificarse por la v\u00eda del ranking internacional de la World Athletics en las pruebas de 100 metros y 5 mil metros, respectivamente.<\/p>\n<p>El presidente de la Federaci\u00f3n Mexicana de Asociaciones de Atletismo, Antonio Lozano Pineda, dio a conocer que la World Athletics le hizo llegar un comunicado en el que el organismo le confirm\u00f3 los dos boletos otorgados a las corredoras del Estado de M\u00e9xico y de Guanajuato en el reacomodo de los atletas.<\/p>\n<p>\u201cTenemos que Cecilia Tamayo se clasific\u00f3 a los Juegos de Par\u00eds 2024 al ser la n\u00famero 56 del ranking internacional de los 100 metros una lista de igual n\u00famero, mientras que Alma Delia Cort\u00e9s est\u00e1 clasificada en el lugar 41 de 42 en la prueba de los 5 mil metros\u201d, explic\u00f3 el titular de la FMAA.<\/p>\n<p>\t\t\t\t\t\t\t\t\t\t\t\t\t<img loading=\"lazy\" decoding=\"async\" width=\"640\" height=\"360\" src=\"https:\/\/esbozodeportivo.com\/wp-content\/uploads\/2024\/06\/AlmaFMAA-1-1024x576.jpg\" alt=\"\" srcset=\"https:\/\/esbozodeportivo.com\/wp-content\/uploads\/2024\/06\/AlmaFMAA-1-1024x576.jpg 1024w, https:\/\/esbozodeportivo.com\/wp-content\/uploads\/2024\/06\/AlmaFMAA-1-300x169.jpg 300w, https:\/\/esbozodeportivo.com\/wp-content\/uploads\/2024\/06\/AlmaFMAA-1-768x432.jpg 768w, https:\/\/esbozodeportivo.com\/wp-content\/uploads\/2024\/06\/AlmaFMAA-1-1536x864.jpg 1536w, https:\/\/esbozodeportivo.com\/wp-content\/uploads\/2024\/06\/AlmaFMAA-1.jpg 1600w\" sizes=\"auto, (max-width: 640px) 100vw, 640px\" \/>\t\t\t\t\t\t\t\t\t\t\t\t\t<\/p>\n<p><strong>(Foto: Fedmxatle)<\/strong><strong>\u00a0<\/strong><\/p>\n<p>Citlali Moscote | Marat\u00f3n<\/p>\n<p>Cecilia Tamayo | 200m<\/p>\n<p>Tonatin\u00fa L\u00f3pez | 800m<\/p>\n<p>Edgar Rivera | Salto de altura<\/p>\n<p>Erik Portillo | Salto de altura<\/p>\n<p>Diego del Real | Lanzamiento de martillo<\/p>\n<p>Margarita Hern\u00e1ndez | Marat\u00f3n<\/p>\n<p>Laura Galv\u00e1n | 5000 metros<\/p>\n<p>Alegna Gonz\u00e1lez | Marcha 20 km<\/p>\n<p>Alejandra Ortega | Marcha 20km<\/p>\n<p>Ilse Guerrero | Marcha 20km<\/p>\n<p>Ricardo Ortiz | Marcha 20 km<\/p>\n<p>Jos\u00e9 Luis Doctor | Marcha 20 km<\/p>\n<p>Noel Chama | Marcha 20 km<\/p>\n<p>Alegna Gonz\u00e1lez\/Ever Palma | Marat\u00f3n relevo mixto<\/p>\n<p>Uziel Mu\u00f1oz | Impulso de bala<\/p>\n<p>Paola Mor\u00e1n | 400 metros<\/p>\n<p>Cecilia Tamayo \/ 100 metros<\/p>\n<p>Alma Delia Cort\u00e9s \/ 5000 metros<\/p>\n<p>\u00a0<\/p>\n","protected":false},"excerpt":{"rendered":"<p>(Foto: Fedmxatle)\u00a0 Las corredoras mexicanas Cecilia Tamayo y Alma Delia Cort\u00e9s se sumar\u00e1n a la<\/p>\n","protected":false},"author":2,"featured_media":0,"comment_status":"open","ping_status":"open","sticky":false,"template":"","format":"standard","meta":{"_jetpack_memberships_contains_paid_content":false,"footnotes":""},"categories":[5],"tags":[],"class_list":["post-3851","post","type-post","status-publish","format-standard","hentry","category-amateur"],"yoast_head":"<!-- This site is optimized with the Yoast SEO plugin v25.7 - https:\/\/yoast.com\/wordpress\/plugins\/seo\/ -->\n<title>Las mexicanas Cecilia Tamayo y Alma Delia Cort\u00e9s califican a JO - Esbozo Deportivo<\/title>\n<meta name=\"robots\" content=\"index, follow, max-snippet:-1, max-image-preview:large, max-video-preview:-1\" \/>\n<link rel=\"canonical\" href=\"https:\/\/esbozodeportivo.com\/index.php\/2024\/07\/09\/las-mexicanas-cecilia-tamayo-y-alma-delia-cortes-califican-a-jo\/\" \/>\n<meta property=\"og:locale\" content=\"es_MX\" \/>\n<meta property=\"og:type\" content=\"article\" \/>\n<meta property=\"og:title\" content=\"Las mexicanas Cecilia Tamayo y Alma Delia Cort\u00e9s califican a JO - Esbozo Deportivo\" \/>\n<meta property=\"og:description\" content=\"(Foto: Fedmxatle)\u00a0 Las corredoras mexicanas Cecilia Tamayo y Alma Delia Cort\u00e9s se sumar\u00e1n a la\" \/>\n<meta property=\"og:url\" content=\"https:\/\/esbozodeportivo.com\/index.php\/2024\/07\/09\/las-mexicanas-cecilia-tamayo-y-alma-delia-cortes-califican-a-jo\/\" \/>\n<meta property=\"og:site_name\" content=\"Esbozo Deportivo\" \/>\n<meta property=\"article:published_time\" content=\"2024-07-09T05:33:37+00:00\" \/>\n<meta property=\"article:modified_time\" content=\"2024-07-09T05:35:56+00:00\" \/>\n<meta property=\"og:image\" content=\"https:\/\/esbozodeportivo.com\/wp-content\/uploads\/2024\/07\/a-tamayo.jpg\" \/>\n<meta name=\"author\" content=\"Javier De La Cruz\" \/>\n<meta name=\"twitter:card\" content=\"summary_large_image\" \/>\n<meta name=\"twitter:label1\" content=\"Escrito por\" \/>\n\t<meta name=\"twitter:data1\" content=\"Javier De La Cruz\" \/>\n\t<meta name=\"twitter:label2\" content=\"Tiempo de lectura\" \/>\n\t<meta name=\"twitter:data2\" content=\"1 minuto\" \/>\n<script type=\"application\/ld+json\" class=\"yoast-schema-graph\">{\"@context\":\"https:\/\/schema.org\",\"@graph\":[{\"@type\":\"Article\",\"@id\":\"https:\/\/esbozodeportivo.com\/index.php\/2024\/07\/09\/las-mexicanas-cecilia-tamayo-y-alma-delia-cortes-califican-a-jo\/#article\",\"isPartOf\":{\"@id\":\"https:\/\/esbozodeportivo.com\/index.php\/2024\/07\/09\/las-mexicanas-cecilia-tamayo-y-alma-delia-cortes-califican-a-jo\/\"},\"author\":{\"name\":\"Javier De La Cruz\",\"@id\":\"https:\/\/esbozodeportivo.com\/#\/schema\/person\/7277119c98823aec37bbb84e125efd44\"},\"headline\":\"Las mexicanas Cecilia Tamayo y Alma Delia Cort\u00e9s califican a JO\",\"datePublished\":\"2024-07-09T05:33:37+00:00\",\"dateModified\":\"2024-07-09T05:35:56+00:00\",\"mainEntityOfPage\":{\"@id\":\"https:\/\/esbozodeportivo.com\/index.php\/2024\/07\/09\/las-mexicanas-cecilia-tamayo-y-alma-delia-cortes-califican-a-jo\/\"},\"wordCount\":264,\"commentCount\":0,\"publisher\":{\"@id\":\"https:\/\/esbozodeportivo.com\/#organization\"},\"image\":{\"@id\":\"https:\/\/esbozodeportivo.com\/index.php\/2024\/07\/09\/las-mexicanas-cecilia-tamayo-y-alma-delia-cortes-califican-a-jo\/#primaryimage\"},\"thumbnailUrl\":\"https:\/\/esbozodeportivo.com\/wp-content\/uploads\/2024\/07\/a-tamayo.jpg\",\"articleSection\":[\"Amateur\"],\"inLanguage\":\"es\",\"potentialAction\":[{\"@type\":\"CommentAction\",\"name\":\"Comment\",\"target\":[\"https:\/\/esbozodeportivo.com\/index.php\/2024\/07\/09\/las-mexicanas-cecilia-tamayo-y-alma-delia-cortes-califican-a-jo\/#respond\"]}]},{\"@type\":\"WebPage\",\"@id\":\"https:\/\/esbozodeportivo.com\/index.php\/2024\/07\/09\/las-mexicanas-cecilia-tamayo-y-alma-delia-cortes-califican-a-jo\/\",\"url\":\"https:\/\/esbozodeportivo.com\/index.php\/2024\/07\/09\/las-mexicanas-cecilia-tamayo-y-alma-delia-cortes-califican-a-jo\/\",\"name\":\"Las mexicanas Cecilia Tamayo y Alma Delia Cort\u00e9s califican a JO - Esbozo Deportivo\",\"isPartOf\":{\"@id\":\"https:\/\/esbozodeportivo.com\/#website\"},\"primaryImageOfPage\":{\"@id\":\"https:\/\/esbozodeportivo.com\/index.php\/2024\/07\/09\/las-mexicanas-cecilia-tamayo-y-alma-delia-cortes-califican-a-jo\/#primaryimage\"},\"image\":{\"@id\":\"https:\/\/esbozodeportivo.com\/index.php\/2024\/07\/09\/las-mexicanas-cecilia-tamayo-y-alma-delia-cortes-califican-a-jo\/#primaryimage\"},\"thumbnailUrl\":\"https:\/\/esbozodeportivo.com\/wp-content\/uploads\/2024\/07\/a-tamayo.jpg\",\"datePublished\":\"2024-07-09T05:33:37+00:00\",\"dateModified\":\"2024-07-09T05:35:56+00:00\",\"breadcrumb\":{\"@id\":\"https:\/\/esbozodeportivo.com\/index.php\/2024\/07\/09\/las-mexicanas-cecilia-tamayo-y-alma-delia-cortes-califican-a-jo\/#breadcrumb\"},\"inLanguage\":\"es\",\"potentialAction\":[{\"@type\":\"ReadAction\",\"target\":[\"https:\/\/esbozodeportivo.com\/index.php\/2024\/07\/09\/las-mexicanas-cecilia-tamayo-y-alma-delia-cortes-califican-a-jo\/\"]}]},{\"@type\":\"ImageObject\",\"inLanguage\":\"es\",\"@id\":\"https:\/\/esbozodeportivo.com\/index.php\/2024\/07\/09\/las-mexicanas-cecilia-tamayo-y-alma-delia-cortes-califican-a-jo\/#primaryimage\",\"url\":\"https:\/\/esbozodeportivo.com\/wp-content\/uploads\/2024\/07\/a-tamayo.jpg\",\"contentUrl\":\"https:\/\/esbozodeportivo.com\/wp-content\/uploads\/2024\/07\/a-tamayo.jpg\",\"width\":270,\"height\":610},{\"@type\":\"BreadcrumbList\",\"@id\":\"https:\/\/esbozodeportivo.com\/index.php\/2024\/07\/09\/las-mexicanas-cecilia-tamayo-y-alma-delia-cortes-califican-a-jo\/#breadcrumb\",\"itemListElement\":[{\"@type\":\"ListItem\",\"position\":1,\"name\":\"Inicio\",\"item\":\"https:\/\/esbozodeportivo.com\/\"},{\"@type\":\"ListItem\",\"position\":2,\"name\":\"Las mexicanas Cecilia Tamayo y Alma Delia Cort\u00e9s califican a JO\"}]},{\"@type\":\"WebSite\",\"@id\":\"https:\/\/esbozodeportivo.com\/#website\",\"url\":\"https:\/\/esbozodeportivo.com\/\",\"name\":\"Esbozo Deportivo\",\"description\":\"Lo m\u00e1s importante del Deporte\",\"publisher\":{\"@id\":\"https:\/\/esbozodeportivo.com\/#organization\"},\"potentialAction\":[{\"@type\":\"SearchAction\",\"target\":{\"@type\":\"EntryPoint\",\"urlTemplate\":\"https:\/\/esbozodeportivo.com\/?s={search_term_string}\"},\"query-input\":{\"@type\":\"PropertyValueSpecification\",\"valueRequired\":true,\"valueName\":\"search_term_string\"}}],\"inLanguage\":\"es\"},{\"@type\":\"Organization\",\"@id\":\"https:\/\/esbozodeportivo.com\/#organization\",\"name\":\"Esbozo Deportivo\",\"url\":\"https:\/\/esbozodeportivo.com\/\",\"logo\":{\"@type\":\"ImageObject\",\"inLanguage\":\"es\",\"@id\":\"https:\/\/esbozodeportivo.com\/#\/schema\/logo\/image\/\",\"url\":\"https:\/\/esbozodeportivo.com\/wp-content\/uploads\/2022\/08\/cropped-Logo-Esbozo-Web-2.png\",\"contentUrl\":\"https:\/\/esbozodeportivo.com\/wp-content\/uploads\/2022\/08\/cropped-Logo-Esbozo-Web-2.png\",\"width\":180,\"height\":50,\"caption\":\"Esbozo Deportivo\"},\"image\":{\"@id\":\"https:\/\/esbozodeportivo.com\/#\/schema\/logo\/image\/\"}},{\"@type\":\"Person\",\"@id\":\"https:\/\/esbozodeportivo.com\/#\/schema\/person\/7277119c98823aec37bbb84e125efd44\",\"name\":\"Javier De La Cruz\",\"image\":{\"@type\":\"ImageObject\",\"inLanguage\":\"es\",\"@id\":\"https:\/\/esbozodeportivo.com\/#\/schema\/person\/image\/\",\"url\":\"https:\/\/secure.gravatar.com\/avatar\/366235a56d20f1a6e8e3d0b295897639357bea880470ddf261d17bb0bc052eb1?s=96&d=mm&r=g\",\"contentUrl\":\"https:\/\/secure.gravatar.com\/avatar\/366235a56d20f1a6e8e3d0b295897639357bea880470ddf261d17bb0bc052eb1?s=96&d=mm&r=g\",\"caption\":\"Javier De La Cruz\"},\"url\":\"https:\/\/esbozodeportivo.com\/index.php\/author\/javier-de-la-cruz-de-la-cruz\/\"}]}<\/script>\n<!-- \/ Yoast SEO plugin. -->","yoast_head_json":{"title":"Las mexicanas Cecilia Tamayo y Alma Delia Cort\u00e9s califican a JO - Esbozo Deportivo","robots":{"index":"index","follow":"follow","max-snippet":"max-snippet:-1","max-image-preview":"max-image-preview:large","max-video-preview":"max-video-preview:-1"},"canonical":"https:\/\/esbozodeportivo.com\/index.php\/2024\/07\/09\/las-mexicanas-cecilia-tamayo-y-alma-delia-cortes-califican-a-jo\/","og_locale":"es_MX","og_type":"article","og_title":"Las mexicanas Cecilia Tamayo y Alma Delia Cort\u00e9s califican a JO - Esbozo Deportivo","og_description":"(Foto: Fedmxatle)\u00a0 Las corredoras mexicanas Cecilia Tamayo y Alma Delia Cort\u00e9s se sumar\u00e1n a la","og_url":"https:\/\/esbozodeportivo.com\/index.php\/2024\/07\/09\/las-mexicanas-cecilia-tamayo-y-alma-delia-cortes-califican-a-jo\/","og_site_name":"Esbozo Deportivo","article_published_time":"2024-07-09T05:33:37+00:00","article_modified_time":"2024-07-09T05:35:56+00:00","og_image":[{"url":"https:\/\/esbozodeportivo.com\/wp-content\/uploads\/2024\/07\/a-tamayo.jpg","type":"","width":"","height":""}],"author":"Javier De La Cruz","twitter_card":"summary_large_image","twitter_misc":{"Escrito por":"Javier De La Cruz","Tiempo de lectura":"1 minuto"},"schema":{"@context":"https:\/\/schema.org","@graph":[{"@type":"Article","@id":"https:\/\/esbozodeportivo.com\/index.php\/2024\/07\/09\/las-mexicanas-cecilia-tamayo-y-alma-delia-cortes-califican-a-jo\/#article","isPartOf":{"@id":"https:\/\/esbozodeportivo.com\/index.php\/2024\/07\/09\/las-mexicanas-cecilia-tamayo-y-alma-delia-cortes-califican-a-jo\/"},"author":{"name":"Javier De La Cruz","@id":"https:\/\/esbozodeportivo.com\/#\/schema\/person\/7277119c98823aec37bbb84e125efd44"},"headline":"Las mexicanas Cecilia Tamayo y Alma Delia Cort\u00e9s califican a JO","datePublished":"2024-07-09T05:33:37+00:00","dateModified":"2024-07-09T05:35:56+00:00","mainEntityOfPage":{"@id":"https:\/\/esbozodeportivo.com\/index.php\/2024\/07\/09\/las-mexicanas-cecilia-tamayo-y-alma-delia-cortes-califican-a-jo\/"},"wordCount":264,"commentCount":0,"publisher":{"@id":"https:\/\/esbozodeportivo.com\/#organization"},"image":{"@id":"https:\/\/esbozodeportivo.com\/index.php\/2024\/07\/09\/las-mexicanas-cecilia-tamayo-y-alma-delia-cortes-califican-a-jo\/#primaryimage"},"thumbnailUrl":"https:\/\/esbozodeportivo.com\/wp-content\/uploads\/2024\/07\/a-tamayo.jpg","articleSection":["Amateur"],"inLanguage":"es","potentialAction":[{"@type":"CommentAction","name":"Comment","target":["https:\/\/esbozodeportivo.com\/index.php\/2024\/07\/09\/las-mexicanas-cecilia-tamayo-y-alma-delia-cortes-califican-a-jo\/#respond"]}]},{"@type":"WebPage","@id":"https:\/\/esbozodeportivo.com\/index.php\/2024\/07\/09\/las-mexicanas-cecilia-tamayo-y-alma-delia-cortes-califican-a-jo\/","url":"https:\/\/esbozodeportivo.com\/index.php\/2024\/07\/09\/las-mexicanas-cecilia-tamayo-y-alma-delia-cortes-califican-a-jo\/","name":"Las mexicanas Cecilia Tamayo y Alma Delia Cort\u00e9s califican a JO - Esbozo Deportivo","isPartOf":{"@id":"https:\/\/esbozodeportivo.com\/#website"},"primaryImageOfPage":{"@id":"https:\/\/esbozodeportivo.com\/index.php\/2024\/07\/09\/las-mexicanas-cecilia-tamayo-y-alma-delia-cortes-califican-a-jo\/#primaryimage"},"image":{"@id":"https:\/\/esbozodeportivo.com\/index.php\/2024\/07\/09\/las-mexicanas-cecilia-tamayo-y-alma-delia-cortes-califican-a-jo\/#primaryimage"},"thumbnailUrl":"https:\/\/esbozodeportivo.com\/wp-content\/uploads\/2024\/07\/a-tamayo.jpg","datePublished":"2024-07-09T05:33:37+00:00","dateModified":"2024-07-09T05:35:56+00:00","breadcrumb":{"@id":"https:\/\/esbozodeportivo.com\/index.php\/2024\/07\/09\/las-mexicanas-cecilia-tamayo-y-alma-delia-cortes-califican-a-jo\/#breadcrumb"},"inLanguage":"es","potentialAction":[{"@type":"ReadAction","target":["https:\/\/esbozodeportivo.com\/index.php\/2024\/07\/09\/las-mexicanas-cecilia-tamayo-y-alma-delia-cortes-califican-a-jo\/"]}]},{"@type":"ImageObject","inLanguage":"es","@id":"https:\/\/esbozodeportivo.com\/index.php\/2024\/07\/09\/las-mexicanas-cecilia-tamayo-y-alma-delia-cortes-califican-a-jo\/#primaryimage","url":"https:\/\/esbozodeportivo.com\/wp-content\/uploads\/2024\/07\/a-tamayo.jpg","contentUrl":"https:\/\/esbozodeportivo.com\/wp-content\/uploads\/2024\/07\/a-tamayo.jpg","width":270,"height":610},{"@type":"BreadcrumbList","@id":"https:\/\/esbozodeportivo.com\/index.php\/2024\/07\/09\/las-mexicanas-cecilia-tamayo-y-alma-delia-cortes-califican-a-jo\/#breadcrumb","itemListElement":[{"@type":"ListItem","position":1,"name":"Inicio","item":"https:\/\/esbozodeportivo.com\/"},{"@type":"ListItem","position":2,"name":"Las mexicanas Cecilia Tamayo y Alma Delia Cort\u00e9s califican a JO"}]},{"@type":"WebSite","@id":"https:\/\/esbozodeportivo.com\/#website","url":"https:\/\/esbozodeportivo.com\/","name":"Esbozo Deportivo","description":"Lo m\u00e1s importante del Deporte","publisher":{"@id":"https:\/\/esbozodeportivo.com\/#organization"},"potentialAction":[{"@type":"SearchAction","target":{"@type":"EntryPoint","urlTemplate":"https:\/\/esbozodeportivo.com\/?s={search_term_string}"},"query-input":{"@type":"PropertyValueSpecification","valueRequired":true,"valueName":"search_term_string"}}],"inLanguage":"es"},{"@type":"Organization","@id":"https:\/\/esbozodeportivo.com\/#organization","name":"Esbozo Deportivo","url":"https:\/\/esbozodeportivo.com\/","logo":{"@type":"ImageObject","inLanguage":"es","@id":"https:\/\/esbozodeportivo.com\/#\/schema\/logo\/image\/","url":"https:\/\/esbozodeportivo.com\/wp-content\/uploads\/2022\/08\/cropped-Logo-Esbozo-Web-2.png","contentUrl":"https:\/\/esbozodeportivo.com\/wp-content\/uploads\/2022\/08\/cropped-Logo-Esbozo-Web-2.png","width":180,"height":50,"caption":"Esbozo Deportivo"},"image":{"@id":"https:\/\/esbozodeportivo.com\/#\/schema\/logo\/image\/"}},{"@type":"Person","@id":"https:\/\/esbozodeportivo.com\/#\/schema\/person\/7277119c98823aec37bbb84e125efd44","name":"Javier De La Cruz","image":{"@type":"ImageObject","inLanguage":"es","@id":"https:\/\/esbozodeportivo.com\/#\/schema\/person\/image\/","url":"https:\/\/secure.gravatar.com\/avatar\/366235a56d20f1a6e8e3d0b295897639357bea880470ddf261d17bb0bc052eb1?s=96&d=mm&r=g","contentUrl":"https:\/\/secure.gravatar.com\/avatar\/366235a56d20f1a6e8e3d0b295897639357bea880470ddf261d17bb0bc052eb1?s=96&d=mm&r=g","caption":"Javier De La Cruz"},"url":"https:\/\/esbozodeportivo.com\/index.php\/author\/javier-de-la-cruz-de-la-cruz\/"}]}},"jetpack_featured_media_url":"","jetpack_sharing_enabled":true,"_links":{"self":[{"href":"https:\/\/esbozodeportivo.com\/index.php\/wp-json\/wp\/v2\/posts\/3851","targetHints":{"allow":["GET"]}}],"collection":[{"href":"https:\/\/esbozodeportivo.com\/index.php\/wp-json\/wp\/v2\/posts"}],"about":[{"href":"https:\/\/esbozodeportivo.com\/index.php\/wp-json\/wp\/v2\/types\/post"}],"author":[{"embeddable":true,"href":"https:\/\/esbozodeportivo.com\/index.php\/wp-json\/wp\/v2\/users\/2"}],"replies":[{"embeddable":true,"href":"https:\/\/esbozodeportivo.com\/index.php\/wp-json\/wp\/v2\/comments?post=3851"}],"version-history":[{"count":4,"href":"https:\/\/esbozodeportivo.com\/index.php\/wp-json\/wp\/v2\/posts\/3851\/revisions"}],"predecessor-version":[{"id":3855,"href":"https:\/\/esbozodeportivo.com\/index.php\/wp-json\/wp\/v2\/posts\/3851\/revisions\/3855"}],"wp:attachment":[{"href":"https:\/\/esbozodeportivo.com\/index.php\/wp-json\/wp\/v2\/media?parent=3851"}],"wp:term":[{"taxonomy":"category","embeddable":true,"href":"https:\/\/esbozodeportivo.com\/index.php\/wp-json\/wp\/v2\/categories?post=3851"},{"taxonomy":"post_tag","embeddable":true,"href":"https:\/\/esbozodeportivo.com\/index.php\/wp-json\/wp\/v2\/tags?post=3851"}],"curies":[{"name":"wp","href":"https:\/\/api.w.org\/{rel}","templated":true}]}}