{"id":3856,"date":"2024-07-12T02:12:40","date_gmt":"2024-07-12T02:12:40","guid":{"rendered":"https:\/\/esbozodeportivo.com\/?p=3856"},"modified":"2024-07-12T02:17:21","modified_gmt":"2024-07-12T02:17:21","slug":"inaugura-indeporte-expo-medio-maraton-de-la-ciudad-de-mexico-bbva-2024","status":"publish","type":"post","link":"https:\/\/esbozodeportivo.com\/index.php\/2024\/07\/12\/inaugura-indeporte-expo-medio-maraton-de-la-ciudad-de-mexico-bbva-2024\/","title":{"rendered":"Inaugura INDEPORTE \u201cExpo Medio Marat\u00f3n de la Ciudad de M\u00e9xico BBVA 2024\u201d\u00a0"},"content":{"rendered":"<style>\/*! elementor - v3.22.0 - 26-06-2024 *\/\n.elementor-widget-image{text-align:center}.elementor-widget-image a{display:inline-block}.elementor-widget-image a img[src$=\".svg\"]{width:48px}.elementor-widget-image img{vertical-align:middle;display:inline-block}<\/style>\n<p>\t\t\t\t\t\t\t\t\t\t<img loading=\"lazy\" decoding=\"async\" width=\"640\" height=\"369\" src=\"https:\/\/esbozodeportivo.com\/wp-content\/uploads\/2024\/07\/WhatsApp-Image-2024-07-11-at-12.50.12-1-1024x591.jpeg\" alt=\"\" srcset=\"https:\/\/esbozodeportivo.com\/wp-content\/uploads\/2024\/07\/WhatsApp-Image-2024-07-11-at-12.50.12-1-1024x591.jpeg 1024w, https:\/\/esbozodeportivo.com\/wp-content\/uploads\/2024\/07\/WhatsApp-Image-2024-07-11-at-12.50.12-1-300x173.jpeg 300w, https:\/\/esbozodeportivo.com\/wp-content\/uploads\/2024\/07\/WhatsApp-Image-2024-07-11-at-12.50.12-1-768x443.jpeg 768w, https:\/\/esbozodeportivo.com\/wp-content\/uploads\/2024\/07\/WhatsApp-Image-2024-07-11-at-12.50.12-1.jpeg 1280w\" sizes=\"auto, (max-width: 640px) 100vw, 640px\" \/>\t\t\t\t\t\t\t\t\t\t\t\t\t<\/p>\n<h3 style=\"line-height: 15.0pt; background: white;\">(Foto: INDEPORTE)<\/h3>\n<p style=\"text-align: justify; background: white; margin: 14.0pt 0cm 14.0pt 0cm;\">El Instituto del Deporte de la Ciudad de M\u00e9xico (INDEPORTE) inaugur\u00f3 la \u201cExpo Medio Marat\u00f3n de la Ciudad de M\u00e9xico BBVA 2024\u201d en los salones Mexica I y II del World Trade Center, donde se realiz\u00f3 la entrega de kits para las y los corredores, as\u00ed como el n\u00famero que portar\u00e1n durante la pr\u00f3xima carrera del domingo 14 de julio.<\/p>\n<p style=\"text-align: justify; background: white; margin: 14.0pt 0cm 14.0pt 0cm;\">En la ceremonia de corte de list\u00f3n, el director general del INDEPORTE, Julio P\u00e9rez Guzm\u00e1n, se\u00f1al\u00f3 que el Medio Marat\u00f3n de la Ciudad de M\u00e9xico es uno de los eventos deportivos m\u00e1s importantes para la capital del pa\u00eds, ya que el gobierno local y\u00a0 los patrocinadores unen esfuerzos para brindar, a los 30 mil corredores que participan, una gran experiencia.<\/p>\n<p>\t\t\t\t\t\t\t\t\t\t\t\t\t<img loading=\"lazy\" decoding=\"async\" width=\"640\" height=\"426\" src=\"https:\/\/esbozodeportivo.com\/wp-content\/uploads\/2024\/07\/WhatsApp-Image-2024-07-11-at-12.56.38-1024x682.jpeg\" alt=\"\" srcset=\"https:\/\/esbozodeportivo.com\/wp-content\/uploads\/2024\/07\/WhatsApp-Image-2024-07-11-at-12.56.38-1024x682.jpeg 1024w, https:\/\/esbozodeportivo.com\/wp-content\/uploads\/2024\/07\/WhatsApp-Image-2024-07-11-at-12.56.38-300x200.jpeg 300w, https:\/\/esbozodeportivo.com\/wp-content\/uploads\/2024\/07\/WhatsApp-Image-2024-07-11-at-12.56.38-768x512.jpeg 768w, https:\/\/esbozodeportivo.com\/wp-content\/uploads\/2024\/07\/WhatsApp-Image-2024-07-11-at-12.56.38.jpeg 1280w\" sizes=\"auto, (max-width: 640px) 100vw, 640px\" \/>\t\t\t\t\t\t\t\t\t\t\t\t\t<\/p>\n<h3 style=\"line-height: 15.0pt; background: white;\">(Foto: INDEPORTE)<\/h3>\n<p style=\"text-align: justify; background: white; margin: 14.0pt 0cm 14.0pt 0cm;\">El titular del INDEPORTE estuvo acompa\u00f1ado por la directora ejecutiva de Salud y Bienestar Social de la Secretar\u00eda de Seguridad Ciudadana,\u00a0 Mar\u00eda Jos\u00e9 Mart\u00ednez Ruiz; la coordinadora de Fortalecimiento Institucional y Control de Gesti\u00f3n del C5, Nayeli \u00c1ngeles Z\u00fa\u00f1iga; la directora general de Vinculaci\u00f3n y Protecci\u00f3n Civil, Gloria Luz Ortiz; el representante de BBVA, Bernardo Rosas; el gerente de la marca Avene, Ar\u00e1nzazu Torres Hern\u00e1ndez; el director de Sports Mkt de Adidas M\u00e9xico, Andr\u00e9s Lab\u00e1n de Aguinaga; el director de organizaci\u00f3n de eventos del INDEPORTE, Rodrigo Tapia S\u00e1nchez; el representante de Gatorade y E-Pura,\u00a0 Andr\u00e9s Avelino Mora; el director de Emoci\u00f3n Deportiva, Sergio Aguilar Guerra; y los representantes de Microbiot Fit y X-Gear, Mario Maciel y David Jim\u00e9nez, respectivamente.<\/p>\n<p>\t\t\t\t\t\t\t\t\t\t\t\t\t<img loading=\"lazy\" decoding=\"async\" width=\"640\" height=\"480\" src=\"https:\/\/esbozodeportivo.com\/wp-content\/uploads\/2024\/07\/WhatsApp-Image-2024-07-11-at-14.56.32-1-1024x768.jpeg\" alt=\"\" srcset=\"https:\/\/esbozodeportivo.com\/wp-content\/uploads\/2024\/07\/WhatsApp-Image-2024-07-11-at-14.56.32-1-1024x768.jpeg 1024w, https:\/\/esbozodeportivo.com\/wp-content\/uploads\/2024\/07\/WhatsApp-Image-2024-07-11-at-14.56.32-1-300x225.jpeg 300w, https:\/\/esbozodeportivo.com\/wp-content\/uploads\/2024\/07\/WhatsApp-Image-2024-07-11-at-14.56.32-1-768x576.jpeg 768w, https:\/\/esbozodeportivo.com\/wp-content\/uploads\/2024\/07\/WhatsApp-Image-2024-07-11-at-14.56.32-1.jpeg 1280w\" sizes=\"auto, (max-width: 640px) 100vw, 640px\" \/>\t\t\t\t\t\t\t\t\t\t\t\t\t<\/p>\n<h3 style=\"line-height: 15.0pt; background: white;\">(Foto: INDEPORTE)<\/h3>\n<p>La exposici\u00f3n estar\u00e1 disponible el 11 y 12 de julio, de 10:00 a 20:00 horas, y se espera una afluencia de m\u00e1s de 100 mil personas, quienes podr\u00e1n revisar la ruta del evento, los bloques de salida y horarios de la carrera, as\u00ed como visitar los diferentes stands de los patrocinadores y expositores.<\/p>\n<p>\u00a0<\/p>\n<p>\t\t\t\t\t\t\t\t\t\t\t\t\t<img loading=\"lazy\" decoding=\"async\" width=\"640\" height=\"426\" src=\"https:\/\/esbozodeportivo.com\/wp-content\/uploads\/2024\/07\/WhatsApp-Image-2024-07-11-at-12.50.13-1024x682.jpeg\" alt=\"\" srcset=\"https:\/\/esbozodeportivo.com\/wp-content\/uploads\/2024\/07\/WhatsApp-Image-2024-07-11-at-12.50.13-1024x682.jpeg 1024w, https:\/\/esbozodeportivo.com\/wp-content\/uploads\/2024\/07\/WhatsApp-Image-2024-07-11-at-12.50.13-300x200.jpeg 300w, https:\/\/esbozodeportivo.com\/wp-content\/uploads\/2024\/07\/WhatsApp-Image-2024-07-11-at-12.50.13-768x512.jpeg 768w, https:\/\/esbozodeportivo.com\/wp-content\/uploads\/2024\/07\/WhatsApp-Image-2024-07-11-at-12.50.13.jpeg 1280w\" sizes=\"auto, (max-width: 640px) 100vw, 640px\" \/>\t\t\t\t\t\t\t\t\t\t\t\t\t<\/p>\n<h3 style=\"line-height: 15.0pt; background: white;\">(Foto: INDEPORTE)<\/h3>\n","protected":false},"excerpt":{"rendered":"<p>(Foto: INDEPORTE) El Instituto del Deporte de la Ciudad de M\u00e9xico (INDEPORTE) inaugur\u00f3 la \u201cExpo<\/p>\n","protected":false},"author":2,"featured_media":0,"comment_status":"open","ping_status":"open","sticky":false,"template":"","format":"standard","meta":{"_jetpack_memberships_contains_paid_content":false,"footnotes":""},"categories":[5],"tags":[],"class_list":["post-3856","post","type-post","status-publish","format-standard","hentry","category-amateur"],"yoast_head":"<!-- This site is optimized with the Yoast SEO plugin v25.7 - https:\/\/yoast.com\/wordpress\/plugins\/seo\/ -->\n<title>Inaugura INDEPORTE \u201cExpo Medio Marat\u00f3n de la Ciudad de M\u00e9xico BBVA 2024\u201d\u00a0 - Esbozo Deportivo<\/title>\n<meta name=\"robots\" content=\"index, follow, max-snippet:-1, max-image-preview:large, max-video-preview:-1\" \/>\n<link rel=\"canonical\" href=\"https:\/\/esbozodeportivo.com\/index.php\/2024\/07\/12\/inaugura-indeporte-expo-medio-maraton-de-la-ciudad-de-mexico-bbva-2024\/\" \/>\n<meta property=\"og:locale\" content=\"es_MX\" \/>\n<meta property=\"og:type\" content=\"article\" \/>\n<meta property=\"og:title\" content=\"Inaugura INDEPORTE \u201cExpo Medio Marat\u00f3n de la Ciudad de M\u00e9xico BBVA 2024\u201d\u00a0 - Esbozo Deportivo\" \/>\n<meta property=\"og:description\" content=\"(Foto: INDEPORTE) El Instituto del Deporte de la Ciudad de M\u00e9xico (INDEPORTE) inaugur\u00f3 la \u201cExpo\" \/>\n<meta property=\"og:url\" content=\"https:\/\/esbozodeportivo.com\/index.php\/2024\/07\/12\/inaugura-indeporte-expo-medio-maraton-de-la-ciudad-de-mexico-bbva-2024\/\" \/>\n<meta property=\"og:site_name\" content=\"Esbozo Deportivo\" \/>\n<meta property=\"article:published_time\" content=\"2024-07-12T02:12:40+00:00\" \/>\n<meta property=\"article:modified_time\" content=\"2024-07-12T02:17:21+00:00\" \/>\n<meta property=\"og:image\" content=\"https:\/\/esbozodeportivo.com\/wp-content\/uploads\/2024\/07\/WhatsApp-Image-2024-07-11-at-12.50.12-1-1024x591.jpeg\" \/>\n<meta name=\"author\" content=\"Javier De La Cruz\" \/>\n<meta name=\"twitter:card\" content=\"summary_large_image\" \/>\n<meta name=\"twitter:label1\" content=\"Escrito por\" \/>\n\t<meta name=\"twitter:data1\" content=\"Javier De La Cruz\" \/>\n\t<meta name=\"twitter:label2\" content=\"Tiempo de lectura\" \/>\n\t<meta name=\"twitter:data2\" content=\"2 minutos\" \/>\n<script type=\"application\/ld+json\" class=\"yoast-schema-graph\">{\"@context\":\"https:\/\/schema.org\",\"@graph\":[{\"@type\":\"Article\",\"@id\":\"https:\/\/esbozodeportivo.com\/index.php\/2024\/07\/12\/inaugura-indeporte-expo-medio-maraton-de-la-ciudad-de-mexico-bbva-2024\/#article\",\"isPartOf\":{\"@id\":\"https:\/\/esbozodeportivo.com\/index.php\/2024\/07\/12\/inaugura-indeporte-expo-medio-maraton-de-la-ciudad-de-mexico-bbva-2024\/\"},\"author\":{\"name\":\"Javier De La Cruz\",\"@id\":\"https:\/\/esbozodeportivo.com\/#\/schema\/person\/7277119c98823aec37bbb84e125efd44\"},\"headline\":\"Inaugura INDEPORTE \u201cExpo Medio Marat\u00f3n de la Ciudad de M\u00e9xico BBVA 2024\u201d\u00a0\",\"datePublished\":\"2024-07-12T02:12:40+00:00\",\"dateModified\":\"2024-07-12T02:17:21+00:00\",\"mainEntityOfPage\":{\"@id\":\"https:\/\/esbozodeportivo.com\/index.php\/2024\/07\/12\/inaugura-indeporte-expo-medio-maraton-de-la-ciudad-de-mexico-bbva-2024\/\"},\"wordCount\":340,\"commentCount\":0,\"publisher\":{\"@id\":\"https:\/\/esbozodeportivo.com\/#organization\"},\"image\":{\"@id\":\"https:\/\/esbozodeportivo.com\/index.php\/2024\/07\/12\/inaugura-indeporte-expo-medio-maraton-de-la-ciudad-de-mexico-bbva-2024\/#primaryimage\"},\"thumbnailUrl\":\"https:\/\/esbozodeportivo.com\/wp-content\/uploads\/2024\/07\/WhatsApp-Image-2024-07-11-at-12.50.12-1-1024x591.jpeg\",\"articleSection\":[\"Amateur\"],\"inLanguage\":\"es\",\"potentialAction\":[{\"@type\":\"CommentAction\",\"name\":\"Comment\",\"target\":[\"https:\/\/esbozodeportivo.com\/index.php\/2024\/07\/12\/inaugura-indeporte-expo-medio-maraton-de-la-ciudad-de-mexico-bbva-2024\/#respond\"]}]},{\"@type\":\"WebPage\",\"@id\":\"https:\/\/esbozodeportivo.com\/index.php\/2024\/07\/12\/inaugura-indeporte-expo-medio-maraton-de-la-ciudad-de-mexico-bbva-2024\/\",\"url\":\"https:\/\/esbozodeportivo.com\/index.php\/2024\/07\/12\/inaugura-indeporte-expo-medio-maraton-de-la-ciudad-de-mexico-bbva-2024\/\",\"name\":\"Inaugura INDEPORTE \u201cExpo Medio Marat\u00f3n de la Ciudad de M\u00e9xico BBVA 2024\u201d\u00a0 - Esbozo Deportivo\",\"isPartOf\":{\"@id\":\"https:\/\/esbozodeportivo.com\/#website\"},\"primaryImageOfPage\":{\"@id\":\"https:\/\/esbozodeportivo.com\/index.php\/2024\/07\/12\/inaugura-indeporte-expo-medio-maraton-de-la-ciudad-de-mexico-bbva-2024\/#primaryimage\"},\"image\":{\"@id\":\"https:\/\/esbozodeportivo.com\/index.php\/2024\/07\/12\/inaugura-indeporte-expo-medio-maraton-de-la-ciudad-de-mexico-bbva-2024\/#primaryimage\"},\"thumbnailUrl\":\"https:\/\/esbozodeportivo.com\/wp-content\/uploads\/2024\/07\/WhatsApp-Image-2024-07-11-at-12.50.12-1-1024x591.jpeg\",\"datePublished\":\"2024-07-12T02:12:40+00:00\",\"dateModified\":\"2024-07-12T02:17:21+00:00\",\"breadcrumb\":{\"@id\":\"https:\/\/esbozodeportivo.com\/index.php\/2024\/07\/12\/inaugura-indeporte-expo-medio-maraton-de-la-ciudad-de-mexico-bbva-2024\/#breadcrumb\"},\"inLanguage\":\"es\",\"potentialAction\":[{\"@type\":\"ReadAction\",\"target\":[\"https:\/\/esbozodeportivo.com\/index.php\/2024\/07\/12\/inaugura-indeporte-expo-medio-maraton-de-la-ciudad-de-mexico-bbva-2024\/\"]}]},{\"@type\":\"ImageObject\",\"inLanguage\":\"es\",\"@id\":\"https:\/\/esbozodeportivo.com\/index.php\/2024\/07\/12\/inaugura-indeporte-expo-medio-maraton-de-la-ciudad-de-mexico-bbva-2024\/#primaryimage\",\"url\":\"https:\/\/esbozodeportivo.com\/wp-content\/uploads\/2024\/07\/WhatsApp-Image-2024-07-11-at-12.50.12-1-1024x591.jpeg\",\"contentUrl\":\"https:\/\/esbozodeportivo.com\/wp-content\/uploads\/2024\/07\/WhatsApp-Image-2024-07-11-at-12.50.12-1-1024x591.jpeg\"},{\"@type\":\"BreadcrumbList\",\"@id\":\"https:\/\/esbozodeportivo.com\/index.php\/2024\/07\/12\/inaugura-indeporte-expo-medio-maraton-de-la-ciudad-de-mexico-bbva-2024\/#breadcrumb\",\"itemListElement\":[{\"@type\":\"ListItem\",\"position\":1,\"name\":\"Inicio\",\"item\":\"https:\/\/esbozodeportivo.com\/\"},{\"@type\":\"ListItem\",\"position\":2,\"name\":\"Inaugura INDEPORTE \u201cExpo Medio Marat\u00f3n de la Ciudad de M\u00e9xico BBVA 2024\u201d\u00a0\"}]},{\"@type\":\"WebSite\",\"@id\":\"https:\/\/esbozodeportivo.com\/#website\",\"url\":\"https:\/\/esbozodeportivo.com\/\",\"name\":\"Esbozo Deportivo\",\"description\":\"Lo m\u00e1s importante del Deporte\",\"publisher\":{\"@id\":\"https:\/\/esbozodeportivo.com\/#organization\"},\"potentialAction\":[{\"@type\":\"SearchAction\",\"target\":{\"@type\":\"EntryPoint\",\"urlTemplate\":\"https:\/\/esbozodeportivo.com\/?s={search_term_string}\"},\"query-input\":{\"@type\":\"PropertyValueSpecification\",\"valueRequired\":true,\"valueName\":\"search_term_string\"}}],\"inLanguage\":\"es\"},{\"@type\":\"Organization\",\"@id\":\"https:\/\/esbozodeportivo.com\/#organization\",\"name\":\"Esbozo Deportivo\",\"url\":\"https:\/\/esbozodeportivo.com\/\",\"logo\":{\"@type\":\"ImageObject\",\"inLanguage\":\"es\",\"@id\":\"https:\/\/esbozodeportivo.com\/#\/schema\/logo\/image\/\",\"url\":\"https:\/\/esbozodeportivo.com\/wp-content\/uploads\/2022\/08\/cropped-Logo-Esbozo-Web-2.png\",\"contentUrl\":\"https:\/\/esbozodeportivo.com\/wp-content\/uploads\/2022\/08\/cropped-Logo-Esbozo-Web-2.png\",\"width\":180,\"height\":50,\"caption\":\"Esbozo Deportivo\"},\"image\":{\"@id\":\"https:\/\/esbozodeportivo.com\/#\/schema\/logo\/image\/\"}},{\"@type\":\"Person\",\"@id\":\"https:\/\/esbozodeportivo.com\/#\/schema\/person\/7277119c98823aec37bbb84e125efd44\",\"name\":\"Javier De La Cruz\",\"image\":{\"@type\":\"ImageObject\",\"inLanguage\":\"es\",\"@id\":\"https:\/\/esbozodeportivo.com\/#\/schema\/person\/image\/\",\"url\":\"https:\/\/secure.gravatar.com\/avatar\/366235a56d20f1a6e8e3d0b295897639357bea880470ddf261d17bb0bc052eb1?s=96&d=mm&r=g\",\"contentUrl\":\"https:\/\/secure.gravatar.com\/avatar\/366235a56d20f1a6e8e3d0b295897639357bea880470ddf261d17bb0bc052eb1?s=96&d=mm&r=g\",\"caption\":\"Javier De La Cruz\"},\"url\":\"https:\/\/esbozodeportivo.com\/index.php\/author\/javier-de-la-cruz-de-la-cruz\/\"}]}<\/script>\n<!-- \/ Yoast SEO plugin. -->","yoast_head_json":{"title":"Inaugura INDEPORTE \u201cExpo Medio Marat\u00f3n de la Ciudad de M\u00e9xico BBVA 2024\u201d\u00a0 - Esbozo Deportivo","robots":{"index":"index","follow":"follow","max-snippet":"max-snippet:-1","max-image-preview":"max-image-preview:large","max-video-preview":"max-video-preview:-1"},"canonical":"https:\/\/esbozodeportivo.com\/index.php\/2024\/07\/12\/inaugura-indeporte-expo-medio-maraton-de-la-ciudad-de-mexico-bbva-2024\/","og_locale":"es_MX","og_type":"article","og_title":"Inaugura INDEPORTE \u201cExpo Medio Marat\u00f3n de la Ciudad de M\u00e9xico BBVA 2024\u201d\u00a0 - Esbozo Deportivo","og_description":"(Foto: INDEPORTE) El Instituto del Deporte de la Ciudad de M\u00e9xico (INDEPORTE) inaugur\u00f3 la \u201cExpo","og_url":"https:\/\/esbozodeportivo.com\/index.php\/2024\/07\/12\/inaugura-indeporte-expo-medio-maraton-de-la-ciudad-de-mexico-bbva-2024\/","og_site_name":"Esbozo Deportivo","article_published_time":"2024-07-12T02:12:40+00:00","article_modified_time":"2024-07-12T02:17:21+00:00","og_image":[{"url":"https:\/\/esbozodeportivo.com\/wp-content\/uploads\/2024\/07\/WhatsApp-Image-2024-07-11-at-12.50.12-1-1024x591.jpeg","type":"","width":"","height":""}],"author":"Javier De La Cruz","twitter_card":"summary_large_image","twitter_misc":{"Escrito por":"Javier De La Cruz","Tiempo de lectura":"2 minutos"},"schema":{"@context":"https:\/\/schema.org","@graph":[{"@type":"Article","@id":"https:\/\/esbozodeportivo.com\/index.php\/2024\/07\/12\/inaugura-indeporte-expo-medio-maraton-de-la-ciudad-de-mexico-bbva-2024\/#article","isPartOf":{"@id":"https:\/\/esbozodeportivo.com\/index.php\/2024\/07\/12\/inaugura-indeporte-expo-medio-maraton-de-la-ciudad-de-mexico-bbva-2024\/"},"author":{"name":"Javier De La Cruz","@id":"https:\/\/esbozodeportivo.com\/#\/schema\/person\/7277119c98823aec37bbb84e125efd44"},"headline":"Inaugura INDEPORTE \u201cExpo Medio Marat\u00f3n de la Ciudad de M\u00e9xico BBVA 2024\u201d\u00a0","datePublished":"2024-07-12T02:12:40+00:00","dateModified":"2024-07-12T02:17:21+00:00","mainEntityOfPage":{"@id":"https:\/\/esbozodeportivo.com\/index.php\/2024\/07\/12\/inaugura-indeporte-expo-medio-maraton-de-la-ciudad-de-mexico-bbva-2024\/"},"wordCount":340,"commentCount":0,"publisher":{"@id":"https:\/\/esbozodeportivo.com\/#organization"},"image":{"@id":"https:\/\/esbozodeportivo.com\/index.php\/2024\/07\/12\/inaugura-indeporte-expo-medio-maraton-de-la-ciudad-de-mexico-bbva-2024\/#primaryimage"},"thumbnailUrl":"https:\/\/esbozodeportivo.com\/wp-content\/uploads\/2024\/07\/WhatsApp-Image-2024-07-11-at-12.50.12-1-1024x591.jpeg","articleSection":["Amateur"],"inLanguage":"es","potentialAction":[{"@type":"CommentAction","name":"Comment","target":["https:\/\/esbozodeportivo.com\/index.php\/2024\/07\/12\/inaugura-indeporte-expo-medio-maraton-de-la-ciudad-de-mexico-bbva-2024\/#respond"]}]},{"@type":"WebPage","@id":"https:\/\/esbozodeportivo.com\/index.php\/2024\/07\/12\/inaugura-indeporte-expo-medio-maraton-de-la-ciudad-de-mexico-bbva-2024\/","url":"https:\/\/esbozodeportivo.com\/index.php\/2024\/07\/12\/inaugura-indeporte-expo-medio-maraton-de-la-ciudad-de-mexico-bbva-2024\/","name":"Inaugura INDEPORTE \u201cExpo Medio Marat\u00f3n de la Ciudad de M\u00e9xico BBVA 2024\u201d\u00a0 - Esbozo Deportivo","isPartOf":{"@id":"https:\/\/esbozodeportivo.com\/#website"},"primaryImageOfPage":{"@id":"https:\/\/esbozodeportivo.com\/index.php\/2024\/07\/12\/inaugura-indeporte-expo-medio-maraton-de-la-ciudad-de-mexico-bbva-2024\/#primaryimage"},"image":{"@id":"https:\/\/esbozodeportivo.com\/index.php\/2024\/07\/12\/inaugura-indeporte-expo-medio-maraton-de-la-ciudad-de-mexico-bbva-2024\/#primaryimage"},"thumbnailUrl":"https:\/\/esbozodeportivo.com\/wp-content\/uploads\/2024\/07\/WhatsApp-Image-2024-07-11-at-12.50.12-1-1024x591.jpeg","datePublished":"2024-07-12T02:12:40+00:00","dateModified":"2024-07-12T02:17:21+00:00","breadcrumb":{"@id":"https:\/\/esbozodeportivo.com\/index.php\/2024\/07\/12\/inaugura-indeporte-expo-medio-maraton-de-la-ciudad-de-mexico-bbva-2024\/#breadcrumb"},"inLanguage":"es","potentialAction":[{"@type":"ReadAction","target":["https:\/\/esbozodeportivo.com\/index.php\/2024\/07\/12\/inaugura-indeporte-expo-medio-maraton-de-la-ciudad-de-mexico-bbva-2024\/"]}]},{"@type":"ImageObject","inLanguage":"es","@id":"https:\/\/esbozodeportivo.com\/index.php\/2024\/07\/12\/inaugura-indeporte-expo-medio-maraton-de-la-ciudad-de-mexico-bbva-2024\/#primaryimage","url":"https:\/\/esbozodeportivo.com\/wp-content\/uploads\/2024\/07\/WhatsApp-Image-2024-07-11-at-12.50.12-1-1024x591.jpeg","contentUrl":"https:\/\/esbozodeportivo.com\/wp-content\/uploads\/2024\/07\/WhatsApp-Image-2024-07-11-at-12.50.12-1-1024x591.jpeg"},{"@type":"BreadcrumbList","@id":"https:\/\/esbozodeportivo.com\/index.php\/2024\/07\/12\/inaugura-indeporte-expo-medio-maraton-de-la-ciudad-de-mexico-bbva-2024\/#breadcrumb","itemListElement":[{"@type":"ListItem","position":1,"name":"Inicio","item":"https:\/\/esbozodeportivo.com\/"},{"@type":"ListItem","position":2,"name":"Inaugura INDEPORTE \u201cExpo Medio Marat\u00f3n de la Ciudad de M\u00e9xico BBVA 2024\u201d\u00a0"}]},{"@type":"WebSite","@id":"https:\/\/esbozodeportivo.com\/#website","url":"https:\/\/esbozodeportivo.com\/","name":"Esbozo Deportivo","description":"Lo m\u00e1s importante del Deporte","publisher":{"@id":"https:\/\/esbozodeportivo.com\/#organization"},"potentialAction":[{"@type":"SearchAction","target":{"@type":"EntryPoint","urlTemplate":"https:\/\/esbozodeportivo.com\/?s={search_term_string}"},"query-input":{"@type":"PropertyValueSpecification","valueRequired":true,"valueName":"search_term_string"}}],"inLanguage":"es"},{"@type":"Organization","@id":"https:\/\/esbozodeportivo.com\/#organization","name":"Esbozo Deportivo","url":"https:\/\/esbozodeportivo.com\/","logo":{"@type":"ImageObject","inLanguage":"es","@id":"https:\/\/esbozodeportivo.com\/#\/schema\/logo\/image\/","url":"https:\/\/esbozodeportivo.com\/wp-content\/uploads\/2022\/08\/cropped-Logo-Esbozo-Web-2.png","contentUrl":"https:\/\/esbozodeportivo.com\/wp-content\/uploads\/2022\/08\/cropped-Logo-Esbozo-Web-2.png","width":180,"height":50,"caption":"Esbozo Deportivo"},"image":{"@id":"https:\/\/esbozodeportivo.com\/#\/schema\/logo\/image\/"}},{"@type":"Person","@id":"https:\/\/esbozodeportivo.com\/#\/schema\/person\/7277119c98823aec37bbb84e125efd44","name":"Javier De La Cruz","image":{"@type":"ImageObject","inLanguage":"es","@id":"https:\/\/esbozodeportivo.com\/#\/schema\/person\/image\/","url":"https:\/\/secure.gravatar.com\/avatar\/366235a56d20f1a6e8e3d0b295897639357bea880470ddf261d17bb0bc052eb1?s=96&d=mm&r=g","contentUrl":"https:\/\/secure.gravatar.com\/avatar\/366235a56d20f1a6e8e3d0b295897639357bea880470ddf261d17bb0bc052eb1?s=96&d=mm&r=g","caption":"Javier De La Cruz"},"url":"https:\/\/esbozodeportivo.com\/index.php\/author\/javier-de-la-cruz-de-la-cruz\/"}]}},"jetpack_featured_media_url":"","jetpack_sharing_enabled":true,"_links":{"self":[{"href":"https:\/\/esbozodeportivo.com\/index.php\/wp-json\/wp\/v2\/posts\/3856","targetHints":{"allow":["GET"]}}],"collection":[{"href":"https:\/\/esbozodeportivo.com\/index.php\/wp-json\/wp\/v2\/posts"}],"about":[{"href":"https:\/\/esbozodeportivo.com\/index.php\/wp-json\/wp\/v2\/types\/post"}],"author":[{"embeddable":true,"href":"https:\/\/esbozodeportivo.com\/index.php\/wp-json\/wp\/v2\/users\/2"}],"replies":[{"embeddable":true,"href":"https:\/\/esbozodeportivo.com\/index.php\/wp-json\/wp\/v2\/comments?post=3856"}],"version-history":[{"count":4,"href":"https:\/\/esbozodeportivo.com\/index.php\/wp-json\/wp\/v2\/posts\/3856\/revisions"}],"predecessor-version":[{"id":3866,"href":"https:\/\/esbozodeportivo.com\/index.php\/wp-json\/wp\/v2\/posts\/3856\/revisions\/3866"}],"wp:attachment":[{"href":"https:\/\/esbozodeportivo.com\/index.php\/wp-json\/wp\/v2\/media?parent=3856"}],"wp:term":[{"taxonomy":"category","embeddable":true,"href":"https:\/\/esbozodeportivo.com\/index.php\/wp-json\/wp\/v2\/categories?post=3856"},{"taxonomy":"post_tag","embeddable":true,"href":"https:\/\/esbozodeportivo.com\/index.php\/wp-json\/wp\/v2\/tags?post=3856"}],"curies":[{"name":"wp","href":"https:\/\/api.w.org\/{rel}","templated":true}]}}