{"id":3879,"date":"2024-07-13T02:35:53","date_gmt":"2024-07-13T02:35:53","guid":{"rendered":"https:\/\/esbozodeportivo.com\/?p=3879"},"modified":"2024-07-13T02:39:09","modified_gmt":"2024-07-13T02:39:09","slug":"jonathan-padilla-confirmo-lugar-al-mundial-juvenil","status":"publish","type":"post","link":"https:\/\/esbozodeportivo.com\/index.php\/2024\/07\/13\/jonathan-padilla-confirmo-lugar-al-mundial-juvenil\/","title":{"rendered":"Jonathan Padilla confirm\u00f3 lugar al Mundial Juvenil"},"content":{"rendered":"<style>\/*! elementor - v3.22.0 - 26-06-2024 *\/\n.elementor-widget-image{text-align:center}.elementor-widget-image a{display:inline-block}.elementor-widget-image a img[src$=\".svg\"]{width:48px}.elementor-widget-image img{vertical-align:middle;display:inline-block}<\/style>\n<p>\t\t\t\t\t\t\t\t\t\t<img loading=\"lazy\" decoding=\"async\" width=\"640\" height=\"482\" src=\"https:\/\/esbozodeportivo.com\/wp-content\/uploads\/2024\/07\/IMG_20240712_103813-1024x771.jpg\" alt=\"\" srcset=\"https:\/\/esbozodeportivo.com\/wp-content\/uploads\/2024\/07\/IMG_20240712_103813-1024x771.jpg 1024w, https:\/\/esbozodeportivo.com\/wp-content\/uploads\/2024\/07\/IMG_20240712_103813-300x226.jpg 300w, https:\/\/esbozodeportivo.com\/wp-content\/uploads\/2024\/07\/IMG_20240712_103813-768x578.jpg 768w, https:\/\/esbozodeportivo.com\/wp-content\/uploads\/2024\/07\/IMG_20240712_103813-1536x1157.jpg 1536w, https:\/\/esbozodeportivo.com\/wp-content\/uploads\/2024\/07\/IMG_20240712_103813-2048x1542.jpg 2048w\" sizes=\"auto, (max-width: 640px) 100vw, 640px\" \/>\t\t\t\t\t\t\t\t\t\t\t\t\t<\/p>\n<p><strong>(Foto: Fedmxatle)<\/strong><strong>\u00a0<\/strong><\/p>\n<p>El velocista guanajuatense Jonathan Padilla confirm\u00f3 su lugar en la selecci\u00f3n que representar\u00e1 a M\u00e9xico en el Campeonato Mundial Juvenil de Atletismo, a realizarse en Lima, Per\u00fa durante la \u00faltima semana de agosto, al ganar la prueba de los 100 metros planos del Campeonato Nacional Sub-18 y Sub-20 en el Centro Deportivo Ol\u00edmpico Mexicano.<\/p>\n<p>De igual forma, la jalisciense Sof\u00eda Pe\u00f1a, quien gan\u00f3 la prueba de los 1,500 metros categor\u00eda Sub 20, tiene marca para participar en 2 mil metros steeplechase en el Mundial Juvenil de Lima. La corredora cumpli\u00f3 con el proceso solicitado por la Federaci\u00f3n Mexicana de Asociaciones de Atletismo (FMAA).<\/p>\n<p>\t\t\t\t\t\t\t\t\t\t\t\t\t<img loading=\"lazy\" decoding=\"async\" width=\"640\" height=\"482\" src=\"https:\/\/esbozodeportivo.com\/wp-content\/uploads\/2024\/07\/IMG_20240712_105840-1024x771.jpg\" alt=\"\" srcset=\"https:\/\/esbozodeportivo.com\/wp-content\/uploads\/2024\/07\/IMG_20240712_105840-1024x771.jpg 1024w, https:\/\/esbozodeportivo.com\/wp-content\/uploads\/2024\/07\/IMG_20240712_105840-300x226.jpg 300w, https:\/\/esbozodeportivo.com\/wp-content\/uploads\/2024\/07\/IMG_20240712_105840-768x578.jpg 768w, https:\/\/esbozodeportivo.com\/wp-content\/uploads\/2024\/07\/IMG_20240712_105840-1536x1157.jpg 1536w, https:\/\/esbozodeportivo.com\/wp-content\/uploads\/2024\/07\/IMG_20240712_105840-2048x1542.jpg 2048w\" sizes=\"auto, (max-width: 640px) 100vw, 640px\" \/>\t\t\t\t\t\t\t\t\t\t\t\t\t<\/p>\n<p><strong>(Foto: Fedmxatle)<\/strong><strong>\u00a0<\/strong><\/p>\n<p>El guanajuatense Jonathan Padilla domin\u00f3 los 100 metros con tiempo de 10.59 segundos, seguido por el bajacaliforniano Emiliano Jasso, con 10.83 y en el tercero entr\u00f3 el capitalino Jos\u00e9 \u00c1ngel D\u00edaz, mientras que en la femenil el sitio de honor fue para Alejandra Ur\u00edas, de Sonora, con 12.04; fue escoltada por Andrea Escalante, de Nuevo Le\u00f3n, y Valeria Guti\u00e9rrez, de la UNAM.<\/p>\n<p>Por lo que respecta a la final de los 100 metros de la categor\u00eda sub 18 femenil, el primer sitio fue para la coahuilense Luciana Delgado, con 12.34 segundos, dejando las plazas inmediatas a la jalisciense Camila Rodr\u00edguez y la nayarita Erica Andrade.<\/p>\n<p>La final de los 100 metros de la categor\u00eda sub 18 varonil, fue para el capitalino V\u00edctor Mart\u00ednez, con 10.78, seguido por el coahuilense Emiliano Villarreal, con 10.89, y el sonorense Juan Francisco Ibarra, de Sonora, con 11.17.<\/p>\n<p>\t\t\t\t\t\t\t\t\t\t\t\t\t<img loading=\"lazy\" decoding=\"async\" width=\"640\" height=\"482\" src=\"https:\/\/esbozodeportivo.com\/wp-content\/uploads\/2024\/07\/IMG_20240712_122332-1024x771.jpg\" alt=\"\" srcset=\"https:\/\/esbozodeportivo.com\/wp-content\/uploads\/2024\/07\/IMG_20240712_122332-1024x771.jpg 1024w, https:\/\/esbozodeportivo.com\/wp-content\/uploads\/2024\/07\/IMG_20240712_122332-300x226.jpg 300w, https:\/\/esbozodeportivo.com\/wp-content\/uploads\/2024\/07\/IMG_20240712_122332-768x578.jpg 768w, https:\/\/esbozodeportivo.com\/wp-content\/uploads\/2024\/07\/IMG_20240712_122332-1536x1157.jpg 1536w, https:\/\/esbozodeportivo.com\/wp-content\/uploads\/2024\/07\/IMG_20240712_122332-2048x1542.jpg 2048w\" sizes=\"auto, (max-width: 640px) 100vw, 640px\" \/>\t\t\t\t\t\t\t\t\t\t\t\t\t<\/p>\n<p><strong>(Foto: Fedmxatle)<\/strong><strong>\u00a0<\/strong><\/p>\n<p>Los 1,500 metros femenil sub 18 fueron ganados por Alejandra God\u00ednez, de Jalisco, con 4 minutos, 54 segundos y 50 cent\u00e9simas; la segunda plaza fue para la veracruzana Luisa Fernanda \u00c1vila, con 4.56:30 y en el tercero lleg\u00f3 \u00c1ngela Orozco, tambi\u00e9n de Jalisco, con 4:57.30. En varonil se coron\u00f3 Mario V\u00e1zquez, de Jalisco, con 3:59.97 y fue seguido por los capitalinos Santiago del Moral y Zahid Espejel.<\/p>\n<p>Por su parte, Sof\u00eda Pe\u00f1a se impuso en la final de los 1,500 metros categor\u00eda Sub 20, con registro de 4:50.37; fue seguida por la poblana Miranda Dur\u00e1n y Marina Sandoval, de la Universidad Nacional Aut\u00f3noma de M\u00e9xico.<\/p>\n<p>\u00a0<\/p>\n","protected":false},"excerpt":{"rendered":"<p>(Foto: Fedmxatle)\u00a0 El velocista guanajuatense Jonathan Padilla confirm\u00f3 su lugar en la selecci\u00f3n que representar\u00e1<\/p>\n","protected":false},"author":2,"featured_media":0,"comment_status":"open","ping_status":"open","sticky":false,"template":"","format":"standard","meta":{"_jetpack_memberships_contains_paid_content":false,"footnotes":""},"categories":[5],"tags":[],"class_list":["post-3879","post","type-post","status-publish","format-standard","hentry","category-amateur"],"yoast_head":"<!-- This site is optimized with the Yoast SEO plugin v25.7 - https:\/\/yoast.com\/wordpress\/plugins\/seo\/ -->\n<title>Jonathan Padilla confirm\u00f3 lugar al Mundial Juvenil - Esbozo Deportivo<\/title>\n<meta name=\"robots\" content=\"index, follow, max-snippet:-1, max-image-preview:large, max-video-preview:-1\" \/>\n<link rel=\"canonical\" href=\"https:\/\/esbozodeportivo.com\/index.php\/2024\/07\/13\/jonathan-padilla-confirmo-lugar-al-mundial-juvenil\/\" \/>\n<meta property=\"og:locale\" content=\"es_MX\" \/>\n<meta property=\"og:type\" content=\"article\" \/>\n<meta property=\"og:title\" content=\"Jonathan Padilla confirm\u00f3 lugar al Mundial Juvenil - Esbozo Deportivo\" \/>\n<meta property=\"og:description\" content=\"(Foto: Fedmxatle)\u00a0 El velocista guanajuatense Jonathan Padilla confirm\u00f3 su lugar en la selecci\u00f3n que representar\u00e1\" \/>\n<meta property=\"og:url\" content=\"https:\/\/esbozodeportivo.com\/index.php\/2024\/07\/13\/jonathan-padilla-confirmo-lugar-al-mundial-juvenil\/\" \/>\n<meta property=\"og:site_name\" content=\"Esbozo Deportivo\" \/>\n<meta property=\"article:published_time\" content=\"2024-07-13T02:35:53+00:00\" \/>\n<meta property=\"article:modified_time\" content=\"2024-07-13T02:39:09+00:00\" \/>\n<meta property=\"og:image\" content=\"https:\/\/esbozodeportivo.com\/wp-content\/uploads\/2024\/07\/IMG_20240712_103813-1024x771.jpg\" \/>\n<meta name=\"author\" content=\"Javier De La Cruz\" \/>\n<meta name=\"twitter:card\" content=\"summary_large_image\" \/>\n<meta name=\"twitter:label1\" content=\"Escrito por\" \/>\n\t<meta name=\"twitter:data1\" content=\"Javier De La Cruz\" \/>\n\t<meta name=\"twitter:label2\" content=\"Tiempo de lectura\" \/>\n\t<meta name=\"twitter:data2\" content=\"2 minutos\" \/>\n<script type=\"application\/ld+json\" class=\"yoast-schema-graph\">{\"@context\":\"https:\/\/schema.org\",\"@graph\":[{\"@type\":\"Article\",\"@id\":\"https:\/\/esbozodeportivo.com\/index.php\/2024\/07\/13\/jonathan-padilla-confirmo-lugar-al-mundial-juvenil\/#article\",\"isPartOf\":{\"@id\":\"https:\/\/esbozodeportivo.com\/index.php\/2024\/07\/13\/jonathan-padilla-confirmo-lugar-al-mundial-juvenil\/\"},\"author\":{\"name\":\"Javier De La Cruz\",\"@id\":\"https:\/\/esbozodeportivo.com\/#\/schema\/person\/7277119c98823aec37bbb84e125efd44\"},\"headline\":\"Jonathan Padilla confirm\u00f3 lugar al Mundial Juvenil\",\"datePublished\":\"2024-07-13T02:35:53+00:00\",\"dateModified\":\"2024-07-13T02:39:09+00:00\",\"mainEntityOfPage\":{\"@id\":\"https:\/\/esbozodeportivo.com\/index.php\/2024\/07\/13\/jonathan-padilla-confirmo-lugar-al-mundial-juvenil\/\"},\"wordCount\":363,\"commentCount\":0,\"publisher\":{\"@id\":\"https:\/\/esbozodeportivo.com\/#organization\"},\"image\":{\"@id\":\"https:\/\/esbozodeportivo.com\/index.php\/2024\/07\/13\/jonathan-padilla-confirmo-lugar-al-mundial-juvenil\/#primaryimage\"},\"thumbnailUrl\":\"https:\/\/esbozodeportivo.com\/wp-content\/uploads\/2024\/07\/IMG_20240712_103813-1024x771.jpg\",\"articleSection\":[\"Amateur\"],\"inLanguage\":\"es\",\"potentialAction\":[{\"@type\":\"CommentAction\",\"name\":\"Comment\",\"target\":[\"https:\/\/esbozodeportivo.com\/index.php\/2024\/07\/13\/jonathan-padilla-confirmo-lugar-al-mundial-juvenil\/#respond\"]}]},{\"@type\":\"WebPage\",\"@id\":\"https:\/\/esbozodeportivo.com\/index.php\/2024\/07\/13\/jonathan-padilla-confirmo-lugar-al-mundial-juvenil\/\",\"url\":\"https:\/\/esbozodeportivo.com\/index.php\/2024\/07\/13\/jonathan-padilla-confirmo-lugar-al-mundial-juvenil\/\",\"name\":\"Jonathan Padilla confirm\u00f3 lugar al Mundial Juvenil - Esbozo Deportivo\",\"isPartOf\":{\"@id\":\"https:\/\/esbozodeportivo.com\/#website\"},\"primaryImageOfPage\":{\"@id\":\"https:\/\/esbozodeportivo.com\/index.php\/2024\/07\/13\/jonathan-padilla-confirmo-lugar-al-mundial-juvenil\/#primaryimage\"},\"image\":{\"@id\":\"https:\/\/esbozodeportivo.com\/index.php\/2024\/07\/13\/jonathan-padilla-confirmo-lugar-al-mundial-juvenil\/#primaryimage\"},\"thumbnailUrl\":\"https:\/\/esbozodeportivo.com\/wp-content\/uploads\/2024\/07\/IMG_20240712_103813-1024x771.jpg\",\"datePublished\":\"2024-07-13T02:35:53+00:00\",\"dateModified\":\"2024-07-13T02:39:09+00:00\",\"breadcrumb\":{\"@id\":\"https:\/\/esbozodeportivo.com\/index.php\/2024\/07\/13\/jonathan-padilla-confirmo-lugar-al-mundial-juvenil\/#breadcrumb\"},\"inLanguage\":\"es\",\"potentialAction\":[{\"@type\":\"ReadAction\",\"target\":[\"https:\/\/esbozodeportivo.com\/index.php\/2024\/07\/13\/jonathan-padilla-confirmo-lugar-al-mundial-juvenil\/\"]}]},{\"@type\":\"ImageObject\",\"inLanguage\":\"es\",\"@id\":\"https:\/\/esbozodeportivo.com\/index.php\/2024\/07\/13\/jonathan-padilla-confirmo-lugar-al-mundial-juvenil\/#primaryimage\",\"url\":\"https:\/\/esbozodeportivo.com\/wp-content\/uploads\/2024\/07\/IMG_20240712_103813-scaled.jpg\",\"contentUrl\":\"https:\/\/esbozodeportivo.com\/wp-content\/uploads\/2024\/07\/IMG_20240712_103813-scaled.jpg\",\"width\":2560,\"height\":1928},{\"@type\":\"BreadcrumbList\",\"@id\":\"https:\/\/esbozodeportivo.com\/index.php\/2024\/07\/13\/jonathan-padilla-confirmo-lugar-al-mundial-juvenil\/#breadcrumb\",\"itemListElement\":[{\"@type\":\"ListItem\",\"position\":1,\"name\":\"Inicio\",\"item\":\"https:\/\/esbozodeportivo.com\/\"},{\"@type\":\"ListItem\",\"position\":2,\"name\":\"Jonathan Padilla confirm\u00f3 lugar al Mundial Juvenil\"}]},{\"@type\":\"WebSite\",\"@id\":\"https:\/\/esbozodeportivo.com\/#website\",\"url\":\"https:\/\/esbozodeportivo.com\/\",\"name\":\"Esbozo Deportivo\",\"description\":\"Lo m\u00e1s importante del Deporte\",\"publisher\":{\"@id\":\"https:\/\/esbozodeportivo.com\/#organization\"},\"potentialAction\":[{\"@type\":\"SearchAction\",\"target\":{\"@type\":\"EntryPoint\",\"urlTemplate\":\"https:\/\/esbozodeportivo.com\/?s={search_term_string}\"},\"query-input\":{\"@type\":\"PropertyValueSpecification\",\"valueRequired\":true,\"valueName\":\"search_term_string\"}}],\"inLanguage\":\"es\"},{\"@type\":\"Organization\",\"@id\":\"https:\/\/esbozodeportivo.com\/#organization\",\"name\":\"Esbozo Deportivo\",\"url\":\"https:\/\/esbozodeportivo.com\/\",\"logo\":{\"@type\":\"ImageObject\",\"inLanguage\":\"es\",\"@id\":\"https:\/\/esbozodeportivo.com\/#\/schema\/logo\/image\/\",\"url\":\"https:\/\/esbozodeportivo.com\/wp-content\/uploads\/2022\/08\/cropped-Logo-Esbozo-Web-2.png\",\"contentUrl\":\"https:\/\/esbozodeportivo.com\/wp-content\/uploads\/2022\/08\/cropped-Logo-Esbozo-Web-2.png\",\"width\":180,\"height\":50,\"caption\":\"Esbozo Deportivo\"},\"image\":{\"@id\":\"https:\/\/esbozodeportivo.com\/#\/schema\/logo\/image\/\"}},{\"@type\":\"Person\",\"@id\":\"https:\/\/esbozodeportivo.com\/#\/schema\/person\/7277119c98823aec37bbb84e125efd44\",\"name\":\"Javier De La Cruz\",\"image\":{\"@type\":\"ImageObject\",\"inLanguage\":\"es\",\"@id\":\"https:\/\/esbozodeportivo.com\/#\/schema\/person\/image\/\",\"url\":\"https:\/\/secure.gravatar.com\/avatar\/366235a56d20f1a6e8e3d0b295897639357bea880470ddf261d17bb0bc052eb1?s=96&d=mm&r=g\",\"contentUrl\":\"https:\/\/secure.gravatar.com\/avatar\/366235a56d20f1a6e8e3d0b295897639357bea880470ddf261d17bb0bc052eb1?s=96&d=mm&r=g\",\"caption\":\"Javier De La Cruz\"},\"url\":\"https:\/\/esbozodeportivo.com\/index.php\/author\/javier-de-la-cruz-de-la-cruz\/\"}]}<\/script>\n<!-- \/ Yoast SEO plugin. -->","yoast_head_json":{"title":"Jonathan Padilla confirm\u00f3 lugar al Mundial Juvenil - Esbozo Deportivo","robots":{"index":"index","follow":"follow","max-snippet":"max-snippet:-1","max-image-preview":"max-image-preview:large","max-video-preview":"max-video-preview:-1"},"canonical":"https:\/\/esbozodeportivo.com\/index.php\/2024\/07\/13\/jonathan-padilla-confirmo-lugar-al-mundial-juvenil\/","og_locale":"es_MX","og_type":"article","og_title":"Jonathan Padilla confirm\u00f3 lugar al Mundial Juvenil - Esbozo Deportivo","og_description":"(Foto: Fedmxatle)\u00a0 El velocista guanajuatense Jonathan Padilla confirm\u00f3 su lugar en la selecci\u00f3n que representar\u00e1","og_url":"https:\/\/esbozodeportivo.com\/index.php\/2024\/07\/13\/jonathan-padilla-confirmo-lugar-al-mundial-juvenil\/","og_site_name":"Esbozo Deportivo","article_published_time":"2024-07-13T02:35:53+00:00","article_modified_time":"2024-07-13T02:39:09+00:00","og_image":[{"url":"https:\/\/esbozodeportivo.com\/wp-content\/uploads\/2024\/07\/IMG_20240712_103813-1024x771.jpg","type":"","width":"","height":""}],"author":"Javier De La Cruz","twitter_card":"summary_large_image","twitter_misc":{"Escrito por":"Javier De La Cruz","Tiempo de lectura":"2 minutos"},"schema":{"@context":"https:\/\/schema.org","@graph":[{"@type":"Article","@id":"https:\/\/esbozodeportivo.com\/index.php\/2024\/07\/13\/jonathan-padilla-confirmo-lugar-al-mundial-juvenil\/#article","isPartOf":{"@id":"https:\/\/esbozodeportivo.com\/index.php\/2024\/07\/13\/jonathan-padilla-confirmo-lugar-al-mundial-juvenil\/"},"author":{"name":"Javier De La Cruz","@id":"https:\/\/esbozodeportivo.com\/#\/schema\/person\/7277119c98823aec37bbb84e125efd44"},"headline":"Jonathan Padilla confirm\u00f3 lugar al Mundial Juvenil","datePublished":"2024-07-13T02:35:53+00:00","dateModified":"2024-07-13T02:39:09+00:00","mainEntityOfPage":{"@id":"https:\/\/esbozodeportivo.com\/index.php\/2024\/07\/13\/jonathan-padilla-confirmo-lugar-al-mundial-juvenil\/"},"wordCount":363,"commentCount":0,"publisher":{"@id":"https:\/\/esbozodeportivo.com\/#organization"},"image":{"@id":"https:\/\/esbozodeportivo.com\/index.php\/2024\/07\/13\/jonathan-padilla-confirmo-lugar-al-mundial-juvenil\/#primaryimage"},"thumbnailUrl":"https:\/\/esbozodeportivo.com\/wp-content\/uploads\/2024\/07\/IMG_20240712_103813-1024x771.jpg","articleSection":["Amateur"],"inLanguage":"es","potentialAction":[{"@type":"CommentAction","name":"Comment","target":["https:\/\/esbozodeportivo.com\/index.php\/2024\/07\/13\/jonathan-padilla-confirmo-lugar-al-mundial-juvenil\/#respond"]}]},{"@type":"WebPage","@id":"https:\/\/esbozodeportivo.com\/index.php\/2024\/07\/13\/jonathan-padilla-confirmo-lugar-al-mundial-juvenil\/","url":"https:\/\/esbozodeportivo.com\/index.php\/2024\/07\/13\/jonathan-padilla-confirmo-lugar-al-mundial-juvenil\/","name":"Jonathan Padilla confirm\u00f3 lugar al Mundial Juvenil - Esbozo Deportivo","isPartOf":{"@id":"https:\/\/esbozodeportivo.com\/#website"},"primaryImageOfPage":{"@id":"https:\/\/esbozodeportivo.com\/index.php\/2024\/07\/13\/jonathan-padilla-confirmo-lugar-al-mundial-juvenil\/#primaryimage"},"image":{"@id":"https:\/\/esbozodeportivo.com\/index.php\/2024\/07\/13\/jonathan-padilla-confirmo-lugar-al-mundial-juvenil\/#primaryimage"},"thumbnailUrl":"https:\/\/esbozodeportivo.com\/wp-content\/uploads\/2024\/07\/IMG_20240712_103813-1024x771.jpg","datePublished":"2024-07-13T02:35:53+00:00","dateModified":"2024-07-13T02:39:09+00:00","breadcrumb":{"@id":"https:\/\/esbozodeportivo.com\/index.php\/2024\/07\/13\/jonathan-padilla-confirmo-lugar-al-mundial-juvenil\/#breadcrumb"},"inLanguage":"es","potentialAction":[{"@type":"ReadAction","target":["https:\/\/esbozodeportivo.com\/index.php\/2024\/07\/13\/jonathan-padilla-confirmo-lugar-al-mundial-juvenil\/"]}]},{"@type":"ImageObject","inLanguage":"es","@id":"https:\/\/esbozodeportivo.com\/index.php\/2024\/07\/13\/jonathan-padilla-confirmo-lugar-al-mundial-juvenil\/#primaryimage","url":"https:\/\/esbozodeportivo.com\/wp-content\/uploads\/2024\/07\/IMG_20240712_103813-scaled.jpg","contentUrl":"https:\/\/esbozodeportivo.com\/wp-content\/uploads\/2024\/07\/IMG_20240712_103813-scaled.jpg","width":2560,"height":1928},{"@type":"BreadcrumbList","@id":"https:\/\/esbozodeportivo.com\/index.php\/2024\/07\/13\/jonathan-padilla-confirmo-lugar-al-mundial-juvenil\/#breadcrumb","itemListElement":[{"@type":"ListItem","position":1,"name":"Inicio","item":"https:\/\/esbozodeportivo.com\/"},{"@type":"ListItem","position":2,"name":"Jonathan Padilla confirm\u00f3 lugar al Mundial Juvenil"}]},{"@type":"WebSite","@id":"https:\/\/esbozodeportivo.com\/#website","url":"https:\/\/esbozodeportivo.com\/","name":"Esbozo Deportivo","description":"Lo m\u00e1s importante del Deporte","publisher":{"@id":"https:\/\/esbozodeportivo.com\/#organization"},"potentialAction":[{"@type":"SearchAction","target":{"@type":"EntryPoint","urlTemplate":"https:\/\/esbozodeportivo.com\/?s={search_term_string}"},"query-input":{"@type":"PropertyValueSpecification","valueRequired":true,"valueName":"search_term_string"}}],"inLanguage":"es"},{"@type":"Organization","@id":"https:\/\/esbozodeportivo.com\/#organization","name":"Esbozo Deportivo","url":"https:\/\/esbozodeportivo.com\/","logo":{"@type":"ImageObject","inLanguage":"es","@id":"https:\/\/esbozodeportivo.com\/#\/schema\/logo\/image\/","url":"https:\/\/esbozodeportivo.com\/wp-content\/uploads\/2022\/08\/cropped-Logo-Esbozo-Web-2.png","contentUrl":"https:\/\/esbozodeportivo.com\/wp-content\/uploads\/2022\/08\/cropped-Logo-Esbozo-Web-2.png","width":180,"height":50,"caption":"Esbozo Deportivo"},"image":{"@id":"https:\/\/esbozodeportivo.com\/#\/schema\/logo\/image\/"}},{"@type":"Person","@id":"https:\/\/esbozodeportivo.com\/#\/schema\/person\/7277119c98823aec37bbb84e125efd44","name":"Javier De La Cruz","image":{"@type":"ImageObject","inLanguage":"es","@id":"https:\/\/esbozodeportivo.com\/#\/schema\/person\/image\/","url":"https:\/\/secure.gravatar.com\/avatar\/366235a56d20f1a6e8e3d0b295897639357bea880470ddf261d17bb0bc052eb1?s=96&d=mm&r=g","contentUrl":"https:\/\/secure.gravatar.com\/avatar\/366235a56d20f1a6e8e3d0b295897639357bea880470ddf261d17bb0bc052eb1?s=96&d=mm&r=g","caption":"Javier De La Cruz"},"url":"https:\/\/esbozodeportivo.com\/index.php\/author\/javier-de-la-cruz-de-la-cruz\/"}]}},"jetpack_featured_media_url":"","jetpack_sharing_enabled":true,"_links":{"self":[{"href":"https:\/\/esbozodeportivo.com\/index.php\/wp-json\/wp\/v2\/posts\/3879","targetHints":{"allow":["GET"]}}],"collection":[{"href":"https:\/\/esbozodeportivo.com\/index.php\/wp-json\/wp\/v2\/posts"}],"about":[{"href":"https:\/\/esbozodeportivo.com\/index.php\/wp-json\/wp\/v2\/types\/post"}],"author":[{"embeddable":true,"href":"https:\/\/esbozodeportivo.com\/index.php\/wp-json\/wp\/v2\/users\/2"}],"replies":[{"embeddable":true,"href":"https:\/\/esbozodeportivo.com\/index.php\/wp-json\/wp\/v2\/comments?post=3879"}],"version-history":[{"count":4,"href":"https:\/\/esbozodeportivo.com\/index.php\/wp-json\/wp\/v2\/posts\/3879\/revisions"}],"predecessor-version":[{"id":3886,"href":"https:\/\/esbozodeportivo.com\/index.php\/wp-json\/wp\/v2\/posts\/3879\/revisions\/3886"}],"wp:attachment":[{"href":"https:\/\/esbozodeportivo.com\/index.php\/wp-json\/wp\/v2\/media?parent=3879"}],"wp:term":[{"taxonomy":"category","embeddable":true,"href":"https:\/\/esbozodeportivo.com\/index.php\/wp-json\/wp\/v2\/categories?post=3879"},{"taxonomy":"post_tag","embeddable":true,"href":"https:\/\/esbozodeportivo.com\/index.php\/wp-json\/wp\/v2\/tags?post=3879"}],"curies":[{"name":"wp","href":"https:\/\/api.w.org\/{rel}","templated":true}]}}