{"id":390,"date":"2022-09-13T05:53:13","date_gmt":"2022-09-13T05:53:13","guid":{"rendered":"https:\/\/esbozodeportivo.com\/?p=390"},"modified":"2022-09-13T05:59:20","modified_gmt":"2022-09-13T05:59:20","slug":"se-lleva-a-cabo-tercera-sesion-ordinaria-de-junta-directiva","status":"publish","type":"post","link":"https:\/\/esbozodeportivo.com\/index.php\/2022\/09\/13\/se-lleva-a-cabo-tercera-sesion-ordinaria-de-junta-directiva\/","title":{"rendered":"Se lleva a cabo Tercera Sesi\u00f3n Ordinaria de Junta Directiva"},"content":{"rendered":"<p>(CONADE).- La directora general de la Comisi\u00f3n Nacional de Cultura F\u00edsica y Deporte (CONADE), Ana Gabriela Guevara Espinoza, se reuni\u00f3 este lunes con la titular de la Secretar\u00eda de Educaci\u00f3n P\u00fablica (SEP), Leticia Ram\u00edrez Amaya, quien presidi\u00f3 la Tercera Sesi\u00f3n Ordinaria de Junta Directiva que se efectu\u00f3 en Villas Tlalpan.<\/p>\n<p>Durante la reuni\u00f3n, Ram\u00edrez Amaya, quien recientemente asumi\u00f3 el cargo al frente del m\u00e1ximo \u00f3rgano rector de la educaci\u00f3n en nuestro pa\u00eds, refrend\u00f3 el trabajo en conjunto que realizan ambas instituciones en beneficio de las y los ni\u00f1os, adolescentes y j\u00f3venes.<\/p>\n<style>\/*! elementor - v3.7.4 - 31-08-2022 *\/\n.elementor-widget-image{text-align:center}.elementor-widget-image a{display:inline-block}.elementor-widget-image a img[src$=\".svg\"]{width:48px}.elementor-widget-image img{vertical-align:middle;display:inline-block}<\/style>\n<p>\t\t\t\t\t\t\t\t\t\t\t\t<img decoding=\"async\" width=\"640\" height=\"419\" src=\"https:\/\/esbozodeportivo.com\/wp-content\/uploads\/2022\/09\/Ana-Guevara2-1024x671.jpg\" alt=\"\" loading=\"lazy\" srcset=\"https:\/\/esbozodeportivo.com\/wp-content\/uploads\/2022\/09\/Ana-Guevara2-1024x671.jpg 1024w, https:\/\/esbozodeportivo.com\/wp-content\/uploads\/2022\/09\/Ana-Guevara2-300x197.jpg 300w, https:\/\/esbozodeportivo.com\/wp-content\/uploads\/2022\/09\/Ana-Guevara2-768x503.jpg 768w, https:\/\/esbozodeportivo.com\/wp-content\/uploads\/2022\/09\/Ana-Guevara2.jpg 1280w\" sizes=\"auto, (max-width: 640px) 100vw, 640px\" \/>\t\t\t\t\t\t\t\t\t\t\t\t\t\t\t<\/p>\n<p>\u201cAgradezco a la directora general la invitaci\u00f3n para estar presente en esta reuni\u00f3n y me parece muy importante que tengamos esta buena relaci\u00f3n entre las pol\u00edticas que implementara la SEP con las actividades que realiza la CONADE; las actividades de activaci\u00f3n de los ni\u00f1os, ni\u00f1as, adolescentes y j\u00f3venes son fundamentales, tenemos que buscar mecanismos, para que una vez pasada la pandemia, se atiendan con base en el deporte y esa es una de las tareas que queremos hacer con la CONADE\u201d, destac\u00f3.<\/p>\n<p>\u201cEs una gran oportunidad para poder analizar y reflexionar los avances que hemos tenido, que fue un buen semestre, satisfactorio; la CONADE tendr\u00e1 que seguir siendo punta de lanza en este aspecto y la SEP como un elemento fundamental, que cuente con el apoyo para seguir fortaleciendo sus actividades apegadas a la normal y a la idea de desarrollar y fortalecer el deporte\u201d, agreg\u00f3.<\/p>\n<p>\t\t\t\t\t\t\t\t\t\t\t\t\t\t\t<img decoding=\"async\" width=\"640\" height=\"538\" src=\"https:\/\/esbozodeportivo.com\/wp-content\/uploads\/2022\/09\/Ana-Guevara1-1024x860.jpg\" alt=\"\" loading=\"lazy\" srcset=\"https:\/\/esbozodeportivo.com\/wp-content\/uploads\/2022\/09\/Ana-Guevara1-1024x860.jpg 1024w, https:\/\/esbozodeportivo.com\/wp-content\/uploads\/2022\/09\/Ana-Guevara1-300x252.jpg 300w, https:\/\/esbozodeportivo.com\/wp-content\/uploads\/2022\/09\/Ana-Guevara1-768x645.jpg 768w, https:\/\/esbozodeportivo.com\/wp-content\/uploads\/2022\/09\/Ana-Guevara1.jpg 1280w\" sizes=\"auto, (max-width: 640px) 100vw, 640px\" \/>\t\t\t\t\t\t\t\t\t\t\t\t\t\t\t<\/p>\n<p>La Junta Directiva, que desde 2006 no contaba con la presencia del titular de la SEP, se realiz\u00f3 de manera h\u00edbrida, es decir, de manera presencial y virtual, donde tambi\u00e9n se cont\u00f3 con la participaci\u00f3n de representantes de las dependencias como: Secretar\u00eda de Gobernaci\u00f3n (SEGOB), Secretar\u00eda de Relaciones Exteriores (SRE), Secretar\u00eda de Medio Ambiente y Recursos Naturales (SEMARNAT), Secretar\u00eda de la Defensa Nacional (SEDENA), Secretar\u00eda de Salud y Secretar\u00eda de Bienestar.<\/p>\n<p>\t\t\t\t\t\t\t\t\t\t\t\t\t\t\t<img decoding=\"async\" width=\"640\" height=\"399\" src=\"https:\/\/esbozodeportivo.com\/wp-content\/uploads\/2022\/09\/Ana-Guevara3-1024x639.jpg\" alt=\"\" loading=\"lazy\" srcset=\"https:\/\/esbozodeportivo.com\/wp-content\/uploads\/2022\/09\/Ana-Guevara3-1024x639.jpg 1024w, https:\/\/esbozodeportivo.com\/wp-content\/uploads\/2022\/09\/Ana-Guevara3-300x187.jpg 300w, https:\/\/esbozodeportivo.com\/wp-content\/uploads\/2022\/09\/Ana-Guevara3-768x479.jpg 768w, https:\/\/esbozodeportivo.com\/wp-content\/uploads\/2022\/09\/Ana-Guevara3.jpg 1280w\" sizes=\"auto, (max-width: 640px) 100vw, 640px\" \/>\t\t\t\t\t\t\t\t\t\t\t\t\t\t\t<\/p>\n<p>(Fotos: CONADE)<\/p>\n","protected":false},"excerpt":{"rendered":"<p>(CONADE).- La directora general de la Comisi\u00f3n Nacional de Cultura F\u00edsica y Deporte (CONADE), Ana<\/p>\n","protected":false},"author":2,"featured_media":0,"comment_status":"open","ping_status":"open","sticky":false,"template":"","format":"standard","meta":{"_jetpack_memberships_contains_paid_content":false,"footnotes":""},"categories":[5],"tags":[],"class_list":["post-390","post","type-post","status-publish","format-standard","hentry","category-amateur"],"yoast_head":"<!-- This site is optimized with the Yoast SEO plugin v25.7 - https:\/\/yoast.com\/wordpress\/plugins\/seo\/ -->\n<title>Se lleva a cabo Tercera Sesi\u00f3n Ordinaria de Junta Directiva - Esbozo Deportivo<\/title>\n<meta name=\"robots\" content=\"index, follow, max-snippet:-1, max-image-preview:large, max-video-preview:-1\" \/>\n<link rel=\"canonical\" href=\"https:\/\/esbozodeportivo.com\/index.php\/2022\/09\/13\/se-lleva-a-cabo-tercera-sesion-ordinaria-de-junta-directiva\/\" \/>\n<meta property=\"og:locale\" content=\"es_MX\" \/>\n<meta property=\"og:type\" content=\"article\" \/>\n<meta property=\"og:title\" content=\"Se lleva a cabo Tercera Sesi\u00f3n Ordinaria de Junta Directiva - Esbozo Deportivo\" \/>\n<meta property=\"og:description\" content=\"(CONADE).- La directora general de la Comisi\u00f3n Nacional de Cultura F\u00edsica y Deporte (CONADE), Ana\" \/>\n<meta property=\"og:url\" content=\"https:\/\/esbozodeportivo.com\/index.php\/2022\/09\/13\/se-lleva-a-cabo-tercera-sesion-ordinaria-de-junta-directiva\/\" \/>\n<meta property=\"og:site_name\" content=\"Esbozo Deportivo\" \/>\n<meta property=\"article:published_time\" content=\"2022-09-13T05:53:13+00:00\" \/>\n<meta property=\"article:modified_time\" content=\"2022-09-13T05:59:20+00:00\" \/>\n<meta property=\"og:image\" content=\"https:\/\/esbozodeportivo.com\/wp-content\/uploads\/2022\/09\/Ana-Guevara2-1024x671.jpg\" \/>\n<meta name=\"author\" content=\"Javier De La Cruz\" \/>\n<meta name=\"twitter:card\" content=\"summary_large_image\" \/>\n<meta name=\"twitter:label1\" content=\"Escrito por\" \/>\n\t<meta name=\"twitter:data1\" content=\"Javier De La Cruz\" \/>\n\t<meta name=\"twitter:label2\" content=\"Tiempo de lectura\" \/>\n\t<meta name=\"twitter:data2\" content=\"2 minutos\" \/>\n<script type=\"application\/ld+json\" class=\"yoast-schema-graph\">{\"@context\":\"https:\/\/schema.org\",\"@graph\":[{\"@type\":\"Article\",\"@id\":\"https:\/\/esbozodeportivo.com\/index.php\/2022\/09\/13\/se-lleva-a-cabo-tercera-sesion-ordinaria-de-junta-directiva\/#article\",\"isPartOf\":{\"@id\":\"https:\/\/esbozodeportivo.com\/index.php\/2022\/09\/13\/se-lleva-a-cabo-tercera-sesion-ordinaria-de-junta-directiva\/\"},\"author\":{\"name\":\"Javier De La Cruz\",\"@id\":\"https:\/\/esbozodeportivo.com\/#\/schema\/person\/7277119c98823aec37bbb84e125efd44\"},\"headline\":\"Se lleva a cabo Tercera Sesi\u00f3n Ordinaria de Junta Directiva\",\"datePublished\":\"2022-09-13T05:53:13+00:00\",\"dateModified\":\"2022-09-13T05:59:20+00:00\",\"mainEntityOfPage\":{\"@id\":\"https:\/\/esbozodeportivo.com\/index.php\/2022\/09\/13\/se-lleva-a-cabo-tercera-sesion-ordinaria-de-junta-directiva\/\"},\"wordCount\":353,\"commentCount\":0,\"publisher\":{\"@id\":\"https:\/\/esbozodeportivo.com\/#organization\"},\"image\":{\"@id\":\"https:\/\/esbozodeportivo.com\/index.php\/2022\/09\/13\/se-lleva-a-cabo-tercera-sesion-ordinaria-de-junta-directiva\/#primaryimage\"},\"thumbnailUrl\":\"https:\/\/esbozodeportivo.com\/wp-content\/uploads\/2022\/09\/Ana-Guevara2-1024x671.jpg\",\"articleSection\":[\"Amateur\"],\"inLanguage\":\"es\",\"potentialAction\":[{\"@type\":\"CommentAction\",\"name\":\"Comment\",\"target\":[\"https:\/\/esbozodeportivo.com\/index.php\/2022\/09\/13\/se-lleva-a-cabo-tercera-sesion-ordinaria-de-junta-directiva\/#respond\"]}]},{\"@type\":\"WebPage\",\"@id\":\"https:\/\/esbozodeportivo.com\/index.php\/2022\/09\/13\/se-lleva-a-cabo-tercera-sesion-ordinaria-de-junta-directiva\/\",\"url\":\"https:\/\/esbozodeportivo.com\/index.php\/2022\/09\/13\/se-lleva-a-cabo-tercera-sesion-ordinaria-de-junta-directiva\/\",\"name\":\"Se lleva a cabo Tercera Sesi\u00f3n Ordinaria de Junta Directiva - Esbozo Deportivo\",\"isPartOf\":{\"@id\":\"https:\/\/esbozodeportivo.com\/#website\"},\"primaryImageOfPage\":{\"@id\":\"https:\/\/esbozodeportivo.com\/index.php\/2022\/09\/13\/se-lleva-a-cabo-tercera-sesion-ordinaria-de-junta-directiva\/#primaryimage\"},\"image\":{\"@id\":\"https:\/\/esbozodeportivo.com\/index.php\/2022\/09\/13\/se-lleva-a-cabo-tercera-sesion-ordinaria-de-junta-directiva\/#primaryimage\"},\"thumbnailUrl\":\"https:\/\/esbozodeportivo.com\/wp-content\/uploads\/2022\/09\/Ana-Guevara2-1024x671.jpg\",\"datePublished\":\"2022-09-13T05:53:13+00:00\",\"dateModified\":\"2022-09-13T05:59:20+00:00\",\"breadcrumb\":{\"@id\":\"https:\/\/esbozodeportivo.com\/index.php\/2022\/09\/13\/se-lleva-a-cabo-tercera-sesion-ordinaria-de-junta-directiva\/#breadcrumb\"},\"inLanguage\":\"es\",\"potentialAction\":[{\"@type\":\"ReadAction\",\"target\":[\"https:\/\/esbozodeportivo.com\/index.php\/2022\/09\/13\/se-lleva-a-cabo-tercera-sesion-ordinaria-de-junta-directiva\/\"]}]},{\"@type\":\"ImageObject\",\"inLanguage\":\"es\",\"@id\":\"https:\/\/esbozodeportivo.com\/index.php\/2022\/09\/13\/se-lleva-a-cabo-tercera-sesion-ordinaria-de-junta-directiva\/#primaryimage\",\"url\":\"https:\/\/esbozodeportivo.com\/wp-content\/uploads\/2022\/09\/Ana-Guevara2.jpg\",\"contentUrl\":\"https:\/\/esbozodeportivo.com\/wp-content\/uploads\/2022\/09\/Ana-Guevara2.jpg\",\"width\":1280,\"height\":839},{\"@type\":\"BreadcrumbList\",\"@id\":\"https:\/\/esbozodeportivo.com\/index.php\/2022\/09\/13\/se-lleva-a-cabo-tercera-sesion-ordinaria-de-junta-directiva\/#breadcrumb\",\"itemListElement\":[{\"@type\":\"ListItem\",\"position\":1,\"name\":\"Inicio\",\"item\":\"https:\/\/esbozodeportivo.com\/\"},{\"@type\":\"ListItem\",\"position\":2,\"name\":\"Se lleva a cabo Tercera Sesi\u00f3n Ordinaria de Junta Directiva\"}]},{\"@type\":\"WebSite\",\"@id\":\"https:\/\/esbozodeportivo.com\/#website\",\"url\":\"https:\/\/esbozodeportivo.com\/\",\"name\":\"Esbozo Deportivo\",\"description\":\"Lo m\u00e1s importante del Deporte\",\"publisher\":{\"@id\":\"https:\/\/esbozodeportivo.com\/#organization\"},\"potentialAction\":[{\"@type\":\"SearchAction\",\"target\":{\"@type\":\"EntryPoint\",\"urlTemplate\":\"https:\/\/esbozodeportivo.com\/?s={search_term_string}\"},\"query-input\":{\"@type\":\"PropertyValueSpecification\",\"valueRequired\":true,\"valueName\":\"search_term_string\"}}],\"inLanguage\":\"es\"},{\"@type\":\"Organization\",\"@id\":\"https:\/\/esbozodeportivo.com\/#organization\",\"name\":\"Esbozo Deportivo\",\"url\":\"https:\/\/esbozodeportivo.com\/\",\"logo\":{\"@type\":\"ImageObject\",\"inLanguage\":\"es\",\"@id\":\"https:\/\/esbozodeportivo.com\/#\/schema\/logo\/image\/\",\"url\":\"https:\/\/esbozodeportivo.com\/wp-content\/uploads\/2022\/08\/cropped-Logo-Esbozo-Web-2.png\",\"contentUrl\":\"https:\/\/esbozodeportivo.com\/wp-content\/uploads\/2022\/08\/cropped-Logo-Esbozo-Web-2.png\",\"width\":180,\"height\":50,\"caption\":\"Esbozo Deportivo\"},\"image\":{\"@id\":\"https:\/\/esbozodeportivo.com\/#\/schema\/logo\/image\/\"}},{\"@type\":\"Person\",\"@id\":\"https:\/\/esbozodeportivo.com\/#\/schema\/person\/7277119c98823aec37bbb84e125efd44\",\"name\":\"Javier De La Cruz\",\"image\":{\"@type\":\"ImageObject\",\"inLanguage\":\"es\",\"@id\":\"https:\/\/esbozodeportivo.com\/#\/schema\/person\/image\/\",\"url\":\"https:\/\/secure.gravatar.com\/avatar\/366235a56d20f1a6e8e3d0b295897639357bea880470ddf261d17bb0bc052eb1?s=96&d=mm&r=g\",\"contentUrl\":\"https:\/\/secure.gravatar.com\/avatar\/366235a56d20f1a6e8e3d0b295897639357bea880470ddf261d17bb0bc052eb1?s=96&d=mm&r=g\",\"caption\":\"Javier De La Cruz\"},\"url\":\"https:\/\/esbozodeportivo.com\/index.php\/author\/javier-de-la-cruz-de-la-cruz\/\"}]}<\/script>\n<!-- \/ Yoast SEO plugin. -->","yoast_head_json":{"title":"Se lleva a cabo Tercera Sesi\u00f3n Ordinaria de Junta Directiva - Esbozo Deportivo","robots":{"index":"index","follow":"follow","max-snippet":"max-snippet:-1","max-image-preview":"max-image-preview:large","max-video-preview":"max-video-preview:-1"},"canonical":"https:\/\/esbozodeportivo.com\/index.php\/2022\/09\/13\/se-lleva-a-cabo-tercera-sesion-ordinaria-de-junta-directiva\/","og_locale":"es_MX","og_type":"article","og_title":"Se lleva a cabo Tercera Sesi\u00f3n Ordinaria de Junta Directiva - Esbozo Deportivo","og_description":"(CONADE).- La directora general de la Comisi\u00f3n Nacional de Cultura F\u00edsica y Deporte (CONADE), Ana","og_url":"https:\/\/esbozodeportivo.com\/index.php\/2022\/09\/13\/se-lleva-a-cabo-tercera-sesion-ordinaria-de-junta-directiva\/","og_site_name":"Esbozo Deportivo","article_published_time":"2022-09-13T05:53:13+00:00","article_modified_time":"2022-09-13T05:59:20+00:00","og_image":[{"url":"https:\/\/esbozodeportivo.com\/wp-content\/uploads\/2022\/09\/Ana-Guevara2-1024x671.jpg","type":"","width":"","height":""}],"author":"Javier De La Cruz","twitter_card":"summary_large_image","twitter_misc":{"Escrito por":"Javier De La Cruz","Tiempo de lectura":"2 minutos"},"schema":{"@context":"https:\/\/schema.org","@graph":[{"@type":"Article","@id":"https:\/\/esbozodeportivo.com\/index.php\/2022\/09\/13\/se-lleva-a-cabo-tercera-sesion-ordinaria-de-junta-directiva\/#article","isPartOf":{"@id":"https:\/\/esbozodeportivo.com\/index.php\/2022\/09\/13\/se-lleva-a-cabo-tercera-sesion-ordinaria-de-junta-directiva\/"},"author":{"name":"Javier De La Cruz","@id":"https:\/\/esbozodeportivo.com\/#\/schema\/person\/7277119c98823aec37bbb84e125efd44"},"headline":"Se lleva a cabo Tercera Sesi\u00f3n Ordinaria de Junta Directiva","datePublished":"2022-09-13T05:53:13+00:00","dateModified":"2022-09-13T05:59:20+00:00","mainEntityOfPage":{"@id":"https:\/\/esbozodeportivo.com\/index.php\/2022\/09\/13\/se-lleva-a-cabo-tercera-sesion-ordinaria-de-junta-directiva\/"},"wordCount":353,"commentCount":0,"publisher":{"@id":"https:\/\/esbozodeportivo.com\/#organization"},"image":{"@id":"https:\/\/esbozodeportivo.com\/index.php\/2022\/09\/13\/se-lleva-a-cabo-tercera-sesion-ordinaria-de-junta-directiva\/#primaryimage"},"thumbnailUrl":"https:\/\/esbozodeportivo.com\/wp-content\/uploads\/2022\/09\/Ana-Guevara2-1024x671.jpg","articleSection":["Amateur"],"inLanguage":"es","potentialAction":[{"@type":"CommentAction","name":"Comment","target":["https:\/\/esbozodeportivo.com\/index.php\/2022\/09\/13\/se-lleva-a-cabo-tercera-sesion-ordinaria-de-junta-directiva\/#respond"]}]},{"@type":"WebPage","@id":"https:\/\/esbozodeportivo.com\/index.php\/2022\/09\/13\/se-lleva-a-cabo-tercera-sesion-ordinaria-de-junta-directiva\/","url":"https:\/\/esbozodeportivo.com\/index.php\/2022\/09\/13\/se-lleva-a-cabo-tercera-sesion-ordinaria-de-junta-directiva\/","name":"Se lleva a cabo Tercera Sesi\u00f3n Ordinaria de Junta Directiva - Esbozo Deportivo","isPartOf":{"@id":"https:\/\/esbozodeportivo.com\/#website"},"primaryImageOfPage":{"@id":"https:\/\/esbozodeportivo.com\/index.php\/2022\/09\/13\/se-lleva-a-cabo-tercera-sesion-ordinaria-de-junta-directiva\/#primaryimage"},"image":{"@id":"https:\/\/esbozodeportivo.com\/index.php\/2022\/09\/13\/se-lleva-a-cabo-tercera-sesion-ordinaria-de-junta-directiva\/#primaryimage"},"thumbnailUrl":"https:\/\/esbozodeportivo.com\/wp-content\/uploads\/2022\/09\/Ana-Guevara2-1024x671.jpg","datePublished":"2022-09-13T05:53:13+00:00","dateModified":"2022-09-13T05:59:20+00:00","breadcrumb":{"@id":"https:\/\/esbozodeportivo.com\/index.php\/2022\/09\/13\/se-lleva-a-cabo-tercera-sesion-ordinaria-de-junta-directiva\/#breadcrumb"},"inLanguage":"es","potentialAction":[{"@type":"ReadAction","target":["https:\/\/esbozodeportivo.com\/index.php\/2022\/09\/13\/se-lleva-a-cabo-tercera-sesion-ordinaria-de-junta-directiva\/"]}]},{"@type":"ImageObject","inLanguage":"es","@id":"https:\/\/esbozodeportivo.com\/index.php\/2022\/09\/13\/se-lleva-a-cabo-tercera-sesion-ordinaria-de-junta-directiva\/#primaryimage","url":"https:\/\/esbozodeportivo.com\/wp-content\/uploads\/2022\/09\/Ana-Guevara2.jpg","contentUrl":"https:\/\/esbozodeportivo.com\/wp-content\/uploads\/2022\/09\/Ana-Guevara2.jpg","width":1280,"height":839},{"@type":"BreadcrumbList","@id":"https:\/\/esbozodeportivo.com\/index.php\/2022\/09\/13\/se-lleva-a-cabo-tercera-sesion-ordinaria-de-junta-directiva\/#breadcrumb","itemListElement":[{"@type":"ListItem","position":1,"name":"Inicio","item":"https:\/\/esbozodeportivo.com\/"},{"@type":"ListItem","position":2,"name":"Se lleva a cabo Tercera Sesi\u00f3n Ordinaria de Junta Directiva"}]},{"@type":"WebSite","@id":"https:\/\/esbozodeportivo.com\/#website","url":"https:\/\/esbozodeportivo.com\/","name":"Esbozo Deportivo","description":"Lo m\u00e1s importante del Deporte","publisher":{"@id":"https:\/\/esbozodeportivo.com\/#organization"},"potentialAction":[{"@type":"SearchAction","target":{"@type":"EntryPoint","urlTemplate":"https:\/\/esbozodeportivo.com\/?s={search_term_string}"},"query-input":{"@type":"PropertyValueSpecification","valueRequired":true,"valueName":"search_term_string"}}],"inLanguage":"es"},{"@type":"Organization","@id":"https:\/\/esbozodeportivo.com\/#organization","name":"Esbozo Deportivo","url":"https:\/\/esbozodeportivo.com\/","logo":{"@type":"ImageObject","inLanguage":"es","@id":"https:\/\/esbozodeportivo.com\/#\/schema\/logo\/image\/","url":"https:\/\/esbozodeportivo.com\/wp-content\/uploads\/2022\/08\/cropped-Logo-Esbozo-Web-2.png","contentUrl":"https:\/\/esbozodeportivo.com\/wp-content\/uploads\/2022\/08\/cropped-Logo-Esbozo-Web-2.png","width":180,"height":50,"caption":"Esbozo Deportivo"},"image":{"@id":"https:\/\/esbozodeportivo.com\/#\/schema\/logo\/image\/"}},{"@type":"Person","@id":"https:\/\/esbozodeportivo.com\/#\/schema\/person\/7277119c98823aec37bbb84e125efd44","name":"Javier De La Cruz","image":{"@type":"ImageObject","inLanguage":"es","@id":"https:\/\/esbozodeportivo.com\/#\/schema\/person\/image\/","url":"https:\/\/secure.gravatar.com\/avatar\/366235a56d20f1a6e8e3d0b295897639357bea880470ddf261d17bb0bc052eb1?s=96&d=mm&r=g","contentUrl":"https:\/\/secure.gravatar.com\/avatar\/366235a56d20f1a6e8e3d0b295897639357bea880470ddf261d17bb0bc052eb1?s=96&d=mm&r=g","caption":"Javier De La Cruz"},"url":"https:\/\/esbozodeportivo.com\/index.php\/author\/javier-de-la-cruz-de-la-cruz\/"}]}},"jetpack_featured_media_url":"","jetpack_sharing_enabled":true,"_links":{"self":[{"href":"https:\/\/esbozodeportivo.com\/index.php\/wp-json\/wp\/v2\/posts\/390","targetHints":{"allow":["GET"]}}],"collection":[{"href":"https:\/\/esbozodeportivo.com\/index.php\/wp-json\/wp\/v2\/posts"}],"about":[{"href":"https:\/\/esbozodeportivo.com\/index.php\/wp-json\/wp\/v2\/types\/post"}],"author":[{"embeddable":true,"href":"https:\/\/esbozodeportivo.com\/index.php\/wp-json\/wp\/v2\/users\/2"}],"replies":[{"embeddable":true,"href":"https:\/\/esbozodeportivo.com\/index.php\/wp-json\/wp\/v2\/comments?post=390"}],"version-history":[{"count":4,"href":"https:\/\/esbozodeportivo.com\/index.php\/wp-json\/wp\/v2\/posts\/390\/revisions"}],"predecessor-version":[{"id":403,"href":"https:\/\/esbozodeportivo.com\/index.php\/wp-json\/wp\/v2\/posts\/390\/revisions\/403"}],"wp:attachment":[{"href":"https:\/\/esbozodeportivo.com\/index.php\/wp-json\/wp\/v2\/media?parent=390"}],"wp:term":[{"taxonomy":"category","embeddable":true,"href":"https:\/\/esbozodeportivo.com\/index.php\/wp-json\/wp\/v2\/categories?post=390"},{"taxonomy":"post_tag","embeddable":true,"href":"https:\/\/esbozodeportivo.com\/index.php\/wp-json\/wp\/v2\/tags?post=390"}],"curies":[{"name":"wp","href":"https:\/\/api.w.org\/{rel}","templated":true}]}}