{"id":3908,"date":"2024-07-16T05:08:01","date_gmt":"2024-07-16T05:08:01","guid":{"rendered":"https:\/\/esbozodeportivo.com\/?p=3908"},"modified":"2024-07-16T05:13:03","modified_gmt":"2024-07-16T05:13:03","slug":"un-exito-la-1a-copa-nacional-indigena-horacio-llamas","status":"publish","type":"post","link":"https:\/\/esbozodeportivo.com\/index.php\/2024\/07\/16\/un-exito-la-1a-copa-nacional-indigena-horacio-llamas\/","title":{"rendered":"Un \u00e9xito la 1\u00aa. Copa Nacional Ind\u00edgena Horacio Llamas"},"content":{"rendered":"<style>\/*! elementor - v3.23.0 - 15-07-2024 *\/\n.elementor-widget-image{text-align:center}.elementor-widget-image a{display:inline-block}.elementor-widget-image a img[src$=\".svg\"]{width:48px}.elementor-widget-image img{vertical-align:middle;display:inline-block}<\/style>\n<p>\t\t\t\t\t\t\t\t\t\t<img loading=\"lazy\" decoding=\"async\" width=\"640\" height=\"480\" src=\"https:\/\/esbozodeportivo.com\/wp-content\/uploads\/2024\/07\/WhatsApp-Image-2024-07-15-at-8.31.41-PM-1024x768.jpeg\" alt=\"\" srcset=\"https:\/\/esbozodeportivo.com\/wp-content\/uploads\/2024\/07\/WhatsApp-Image-2024-07-15-at-8.31.41-PM-1024x768.jpeg 1024w, https:\/\/esbozodeportivo.com\/wp-content\/uploads\/2024\/07\/WhatsApp-Image-2024-07-15-at-8.31.41-PM-300x225.jpeg 300w, https:\/\/esbozodeportivo.com\/wp-content\/uploads\/2024\/07\/WhatsApp-Image-2024-07-15-at-8.31.41-PM-768x576.jpeg 768w, https:\/\/esbozodeportivo.com\/wp-content\/uploads\/2024\/07\/WhatsApp-Image-2024-07-15-at-8.31.41-PM-1536x1152.jpeg 1536w, https:\/\/esbozodeportivo.com\/wp-content\/uploads\/2024\/07\/WhatsApp-Image-2024-07-15-at-8.31.41-PM.jpeg 1600w\" sizes=\"auto, (max-width: 640px) 100vw, 640px\" \/>\t\t\t\t\t\t\t\t\t\t\t\t\t<\/p>\n<h3>(Foto: Pepe P\u00e9rez)<\/h3>\n<p>Cumpli\u00f3 la 1a. Copa Nacional Ind\u00edgena Horacio Llamas Grey, organizado por la Fundaci\u00f3n Usos Costumbres y Tradiciones de los Pueblos del Mundo, que encabeza Francisco Javier Rodea, competencia que se realiz\u00f3 en homenaje al primer mexicano en jugar en la NBA, Horacio Llamas.<\/p>\n<p>Con las finales y entrega de las playeras,\u00a0 medallas, reconocimientos y trofeos, a los tres primeros lugares de las categor\u00edas infantiles y juveniles, concluy\u00f3 el magno evento en canchas de la Fundaci\u00f3n.<\/p>\n<p>El propio Horacio Llamas, convivi\u00f3 con los peque\u00f1os de Guanajuato Oaxaca, Veracruz, Tlaxcala, Hidalgo y otras entidades que participaron por los tres primeros lugares de sus categor\u00edas, al igual que en la categor\u00eda juvenil en ambas ramas.<\/p>\n<p>\t\t\t\t\t\t\t\t\t\t\t\t\t<img loading=\"lazy\" decoding=\"async\" width=\"640\" height=\"480\" src=\"https:\/\/esbozodeportivo.com\/wp-content\/uploads\/2024\/07\/WhatsApp-Image-2024-07-15-at-8.31.41-PM-3-1024x768.jpeg\" alt=\"\" srcset=\"https:\/\/esbozodeportivo.com\/wp-content\/uploads\/2024\/07\/WhatsApp-Image-2024-07-15-at-8.31.41-PM-3-1024x768.jpeg 1024w, https:\/\/esbozodeportivo.com\/wp-content\/uploads\/2024\/07\/WhatsApp-Image-2024-07-15-at-8.31.41-PM-3-300x225.jpeg 300w, https:\/\/esbozodeportivo.com\/wp-content\/uploads\/2024\/07\/WhatsApp-Image-2024-07-15-at-8.31.41-PM-3-768x576.jpeg 768w, https:\/\/esbozodeportivo.com\/wp-content\/uploads\/2024\/07\/WhatsApp-Image-2024-07-15-at-8.31.41-PM-3-1536x1152.jpeg 1536w, https:\/\/esbozodeportivo.com\/wp-content\/uploads\/2024\/07\/WhatsApp-Image-2024-07-15-at-8.31.41-PM-3.jpeg 1600w\" sizes=\"auto, (max-width: 640px) 100vw, 640px\" \/>\t\t\t\t\t\t\t\t\t\t\t\t\t<\/p>\n<h3>(Foto: Pepe P\u00e9rez)<\/h3>\n<p>Una vez definidos los equipos campeones, Llamas acompa\u00f1ado de V\u00edctor \u00c1vila, basquetbolista; Francisco Javier Rodea, presidente de la Fundaci\u00f3n, Jos\u00e9 Luis Garc\u00eda Zarate, Presidente Nacional de la Gobernanza ind\u00edgena y Afroamericana de M\u00e9xico, coachs, y padres de familia hizo entrega de los premios.<\/p>\n<p>Al respecto, Jos\u00e9 Luis Garc\u00eda Zarate, expres\u00f3 que fue todo un \u00e9xito la Copa Nacional Ind\u00edgena \u201cHoracio Llamas\u201d de b\u00e1squetbol que realiz\u00f3 la Fundaci\u00f3n Usos Costumbres y Tradiciones de los Pueblos del Mundo en coordinaci\u00f3n con la Ordenanza ind\u00edgena y afroamericana de M\u00e9xico.<\/p>\n<p>\u201cHemos realizado diversas olimpiadas ind\u00edgenas en diversas entidades del pa\u00eds y hoy efectuamos un reconocimiento a Horacio Llamas, primer mexicano que incursion\u00f3 en la NBA en Estados Unidos y que ha regresado a M\u00e9xico para compartir con los ni\u00f1os y j\u00f3venes su experiencia y su capacidad profesional.\u201d<\/p>\n<p>\t\t\t\t\t\t\t\t\t\t\t\t\t<img loading=\"lazy\" decoding=\"async\" width=\"640\" height=\"480\" src=\"https:\/\/esbozodeportivo.com\/wp-content\/uploads\/2024\/07\/WhatsApp-Image-2024-07-15-at-8.31.42-PM-1024x768.jpeg\" alt=\"\" srcset=\"https:\/\/esbozodeportivo.com\/wp-content\/uploads\/2024\/07\/WhatsApp-Image-2024-07-15-at-8.31.42-PM-1024x768.jpeg 1024w, https:\/\/esbozodeportivo.com\/wp-content\/uploads\/2024\/07\/WhatsApp-Image-2024-07-15-at-8.31.42-PM-300x225.jpeg 300w, https:\/\/esbozodeportivo.com\/wp-content\/uploads\/2024\/07\/WhatsApp-Image-2024-07-15-at-8.31.42-PM-768x576.jpeg 768w, https:\/\/esbozodeportivo.com\/wp-content\/uploads\/2024\/07\/WhatsApp-Image-2024-07-15-at-8.31.42-PM-1536x1152.jpeg 1536w, https:\/\/esbozodeportivo.com\/wp-content\/uploads\/2024\/07\/WhatsApp-Image-2024-07-15-at-8.31.42-PM.jpeg 1600w\" sizes=\"auto, (max-width: 640px) 100vw, 640px\" \/>\t\t\t\t\t\t\t\t\t\t\t\t\t<\/p>\n<h3>(Foto: Pepe P\u00e9rez)<\/h3>\n<p>Se\u00f1al\u00f3 que se han planeado estas actividades pensando en los ni\u00f1os y j\u00f3venes para meterlos en m\u00e1s actividades deportivas. \u201cTambi\u00e9n realizamos actividades art\u00edsticas para desviar a os j\u00f3venes de la vagancia, de la delincuencia y drogas y propiciar que nuestras comunidades ind\u00edgenas y nuestros pueblos originarios de afros a participar en estas justas, que es para el bien de la salud f\u00edsica y mental\u201d.<\/p>\n<p>En el \u00e1mbito cultural acaban de realizar el 27 de abril el Concurso Nacional de la Composici\u00f3n en Lengua Ind\u00edgena. A todo el pa\u00eds se convoc\u00f3 y fue un \u00e9xito. \u201cGan\u00f3 una hermanita Cecilia, ind\u00edgena mazateca, de Jim\u00e9nez, Oaxaca y ya qued\u00f3 implantado para realizarse cada a\u00f1o\u201d.<\/p>\n<p>Adelant\u00f3 tambi\u00e9n que pr\u00f3ximamente va a tener una olimpiada con atletas de Am\u00e9rica Latina. \u201cDe hecho, nuestra Gobernanza incluye a naciones latinoamericanas y estamos seguros que esta convocatoria va a ser muy importante\u201d.<\/p>\n<p>\t\t\t\t\t\t\t\t\t\t\t\t\t<img loading=\"lazy\" decoding=\"async\" width=\"640\" height=\"480\" src=\"https:\/\/esbozodeportivo.com\/wp-content\/uploads\/2024\/07\/WhatsApp-Image-2024-07-15-at-8.31.40-PM-1024x768.jpeg\" alt=\"\" srcset=\"https:\/\/esbozodeportivo.com\/wp-content\/uploads\/2024\/07\/WhatsApp-Image-2024-07-15-at-8.31.40-PM-1024x768.jpeg 1024w, https:\/\/esbozodeportivo.com\/wp-content\/uploads\/2024\/07\/WhatsApp-Image-2024-07-15-at-8.31.40-PM-300x225.jpeg 300w, https:\/\/esbozodeportivo.com\/wp-content\/uploads\/2024\/07\/WhatsApp-Image-2024-07-15-at-8.31.40-PM-768x576.jpeg 768w, https:\/\/esbozodeportivo.com\/wp-content\/uploads\/2024\/07\/WhatsApp-Image-2024-07-15-at-8.31.40-PM-1536x1152.jpeg 1536w, https:\/\/esbozodeportivo.com\/wp-content\/uploads\/2024\/07\/WhatsApp-Image-2024-07-15-at-8.31.40-PM.jpeg 1600w\" sizes=\"auto, (max-width: 640px) 100vw, 640px\" \/>\t\t\t\t\t\t\t\t\t\t\t\t\t<\/p>\n<h3>(Foto: Pepe P\u00e9rez)<\/h3>\n<p>As\u00ed mismo en el mes de noviembre a diciembre lanzar\u00e1n una convocatoria nacional para impulsar proyectos productivos para las comunidades ind\u00edgenas,\u00a0 donde se producen artesan\u00edas, miel, mezcal y productos del campo, el cual tendr\u00e1 premios a los tres primeros lugares.<\/p>\n<p>\u201cNosotros nos encargaremos de que estos proyectos de puedan realizar para bajar los recursos y que se apliquen en esas comunidades\u201d finaliz\u00f3.<\/p>\n<p>La Gobernanza tiene su oficina central en la capital de Oaxaca, calle de las Rosa 356. Tel\u00e9fono: 95 12 54 86 73 y cuenta con sedes en\u00a0 el Estado de Quer\u00e9taro y en Tl\u00e1huac, CDMX.<\/p>\n<p>\t\t\t\t\t\t\t\t\t\t\t\t\t<img loading=\"lazy\" decoding=\"async\" width=\"640\" height=\"480\" src=\"https:\/\/esbozodeportivo.com\/wp-content\/uploads\/2024\/07\/WhatsApp-Image-2024-07-15-at-8.31.40-PM-3-1024x768.jpeg\" alt=\"\" srcset=\"https:\/\/esbozodeportivo.com\/wp-content\/uploads\/2024\/07\/WhatsApp-Image-2024-07-15-at-8.31.40-PM-3-1024x768.jpeg 1024w, https:\/\/esbozodeportivo.com\/wp-content\/uploads\/2024\/07\/WhatsApp-Image-2024-07-15-at-8.31.40-PM-3-300x225.jpeg 300w, https:\/\/esbozodeportivo.com\/wp-content\/uploads\/2024\/07\/WhatsApp-Image-2024-07-15-at-8.31.40-PM-3-768x576.jpeg 768w, https:\/\/esbozodeportivo.com\/wp-content\/uploads\/2024\/07\/WhatsApp-Image-2024-07-15-at-8.31.40-PM-3-1536x1152.jpeg 1536w, https:\/\/esbozodeportivo.com\/wp-content\/uploads\/2024\/07\/WhatsApp-Image-2024-07-15-at-8.31.40-PM-3.jpeg 1600w\" sizes=\"auto, (max-width: 640px) 100vw, 640px\" \/>\t\t\t\t\t\t\t\t\t\t\t\t\t<\/p>\n<h3>(Foto: Pepe P\u00e9rez)<\/h3>\n","protected":false},"excerpt":{"rendered":"<p>(Foto: Pepe P\u00e9rez) Cumpli\u00f3 la 1a. Copa Nacional Ind\u00edgena Horacio Llamas Grey, organizado por la<\/p>\n","protected":false},"author":2,"featured_media":0,"comment_status":"open","ping_status":"open","sticky":false,"template":"","format":"standard","meta":{"_jetpack_memberships_contains_paid_content":false,"footnotes":""},"categories":[5],"tags":[],"class_list":["post-3908","post","type-post","status-publish","format-standard","hentry","category-amateur"],"yoast_head":"<!-- This site is optimized with the Yoast SEO plugin v25.7 - https:\/\/yoast.com\/wordpress\/plugins\/seo\/ -->\n<title>Un \u00e9xito la 1\u00aa. Copa Nacional Ind\u00edgena Horacio Llamas - Esbozo Deportivo<\/title>\n<meta name=\"robots\" content=\"index, follow, max-snippet:-1, max-image-preview:large, max-video-preview:-1\" \/>\n<link rel=\"canonical\" href=\"https:\/\/esbozodeportivo.com\/index.php\/2024\/07\/16\/un-exito-la-1a-copa-nacional-indigena-horacio-llamas\/\" \/>\n<meta property=\"og:locale\" content=\"es_MX\" \/>\n<meta property=\"og:type\" content=\"article\" \/>\n<meta property=\"og:title\" content=\"Un \u00e9xito la 1\u00aa. Copa Nacional Ind\u00edgena Horacio Llamas - Esbozo Deportivo\" \/>\n<meta property=\"og:description\" content=\"(Foto: Pepe P\u00e9rez) Cumpli\u00f3 la 1a. Copa Nacional Ind\u00edgena Horacio Llamas Grey, organizado por la\" \/>\n<meta property=\"og:url\" content=\"https:\/\/esbozodeportivo.com\/index.php\/2024\/07\/16\/un-exito-la-1a-copa-nacional-indigena-horacio-llamas\/\" \/>\n<meta property=\"og:site_name\" content=\"Esbozo Deportivo\" \/>\n<meta property=\"article:published_time\" content=\"2024-07-16T05:08:01+00:00\" \/>\n<meta property=\"article:modified_time\" content=\"2024-07-16T05:13:03+00:00\" \/>\n<meta property=\"og:image\" content=\"https:\/\/esbozodeportivo.com\/wp-content\/uploads\/2024\/07\/WhatsApp-Image-2024-07-15-at-8.31.41-PM-1024x768.jpeg\" \/>\n<meta name=\"author\" content=\"Javier De La Cruz\" \/>\n<meta name=\"twitter:card\" content=\"summary_large_image\" \/>\n<meta name=\"twitter:label1\" content=\"Escrito por\" \/>\n\t<meta name=\"twitter:data1\" content=\"Javier De La Cruz\" \/>\n\t<meta name=\"twitter:label2\" content=\"Tiempo de lectura\" \/>\n\t<meta name=\"twitter:data2\" content=\"3 minutos\" \/>\n<script type=\"application\/ld+json\" class=\"yoast-schema-graph\">{\"@context\":\"https:\/\/schema.org\",\"@graph\":[{\"@type\":\"Article\",\"@id\":\"https:\/\/esbozodeportivo.com\/index.php\/2024\/07\/16\/un-exito-la-1a-copa-nacional-indigena-horacio-llamas\/#article\",\"isPartOf\":{\"@id\":\"https:\/\/esbozodeportivo.com\/index.php\/2024\/07\/16\/un-exito-la-1a-copa-nacional-indigena-horacio-llamas\/\"},\"author\":{\"name\":\"Javier De La Cruz\",\"@id\":\"https:\/\/esbozodeportivo.com\/#\/schema\/person\/7277119c98823aec37bbb84e125efd44\"},\"headline\":\"Un \u00e9xito la 1\u00aa. Copa Nacional Ind\u00edgena Horacio Llamas\",\"datePublished\":\"2024-07-16T05:08:01+00:00\",\"dateModified\":\"2024-07-16T05:13:03+00:00\",\"mainEntityOfPage\":{\"@id\":\"https:\/\/esbozodeportivo.com\/index.php\/2024\/07\/16\/un-exito-la-1a-copa-nacional-indigena-horacio-llamas\/\"},\"wordCount\":557,\"commentCount\":0,\"publisher\":{\"@id\":\"https:\/\/esbozodeportivo.com\/#organization\"},\"image\":{\"@id\":\"https:\/\/esbozodeportivo.com\/index.php\/2024\/07\/16\/un-exito-la-1a-copa-nacional-indigena-horacio-llamas\/#primaryimage\"},\"thumbnailUrl\":\"https:\/\/esbozodeportivo.com\/wp-content\/uploads\/2024\/07\/WhatsApp-Image-2024-07-15-at-8.31.41-PM-1024x768.jpeg\",\"articleSection\":[\"Amateur\"],\"inLanguage\":\"es\",\"potentialAction\":[{\"@type\":\"CommentAction\",\"name\":\"Comment\",\"target\":[\"https:\/\/esbozodeportivo.com\/index.php\/2024\/07\/16\/un-exito-la-1a-copa-nacional-indigena-horacio-llamas\/#respond\"]}]},{\"@type\":\"WebPage\",\"@id\":\"https:\/\/esbozodeportivo.com\/index.php\/2024\/07\/16\/un-exito-la-1a-copa-nacional-indigena-horacio-llamas\/\",\"url\":\"https:\/\/esbozodeportivo.com\/index.php\/2024\/07\/16\/un-exito-la-1a-copa-nacional-indigena-horacio-llamas\/\",\"name\":\"Un \u00e9xito la 1\u00aa. Copa Nacional Ind\u00edgena Horacio Llamas - Esbozo Deportivo\",\"isPartOf\":{\"@id\":\"https:\/\/esbozodeportivo.com\/#website\"},\"primaryImageOfPage\":{\"@id\":\"https:\/\/esbozodeportivo.com\/index.php\/2024\/07\/16\/un-exito-la-1a-copa-nacional-indigena-horacio-llamas\/#primaryimage\"},\"image\":{\"@id\":\"https:\/\/esbozodeportivo.com\/index.php\/2024\/07\/16\/un-exito-la-1a-copa-nacional-indigena-horacio-llamas\/#primaryimage\"},\"thumbnailUrl\":\"https:\/\/esbozodeportivo.com\/wp-content\/uploads\/2024\/07\/WhatsApp-Image-2024-07-15-at-8.31.41-PM-1024x768.jpeg\",\"datePublished\":\"2024-07-16T05:08:01+00:00\",\"dateModified\":\"2024-07-16T05:13:03+00:00\",\"breadcrumb\":{\"@id\":\"https:\/\/esbozodeportivo.com\/index.php\/2024\/07\/16\/un-exito-la-1a-copa-nacional-indigena-horacio-llamas\/#breadcrumb\"},\"inLanguage\":\"es\",\"potentialAction\":[{\"@type\":\"ReadAction\",\"target\":[\"https:\/\/esbozodeportivo.com\/index.php\/2024\/07\/16\/un-exito-la-1a-copa-nacional-indigena-horacio-llamas\/\"]}]},{\"@type\":\"ImageObject\",\"inLanguage\":\"es\",\"@id\":\"https:\/\/esbozodeportivo.com\/index.php\/2024\/07\/16\/un-exito-la-1a-copa-nacional-indigena-horacio-llamas\/#primaryimage\",\"url\":\"https:\/\/esbozodeportivo.com\/wp-content\/uploads\/2024\/07\/WhatsApp-Image-2024-07-15-at-8.31.41-PM-1024x768.jpeg\",\"contentUrl\":\"https:\/\/esbozodeportivo.com\/wp-content\/uploads\/2024\/07\/WhatsApp-Image-2024-07-15-at-8.31.41-PM-1024x768.jpeg\"},{\"@type\":\"BreadcrumbList\",\"@id\":\"https:\/\/esbozodeportivo.com\/index.php\/2024\/07\/16\/un-exito-la-1a-copa-nacional-indigena-horacio-llamas\/#breadcrumb\",\"itemListElement\":[{\"@type\":\"ListItem\",\"position\":1,\"name\":\"Inicio\",\"item\":\"https:\/\/esbozodeportivo.com\/\"},{\"@type\":\"ListItem\",\"position\":2,\"name\":\"Un \u00e9xito la 1\u00aa. Copa Nacional Ind\u00edgena Horacio Llamas\"}]},{\"@type\":\"WebSite\",\"@id\":\"https:\/\/esbozodeportivo.com\/#website\",\"url\":\"https:\/\/esbozodeportivo.com\/\",\"name\":\"Esbozo Deportivo\",\"description\":\"Lo m\u00e1s importante del Deporte\",\"publisher\":{\"@id\":\"https:\/\/esbozodeportivo.com\/#organization\"},\"potentialAction\":[{\"@type\":\"SearchAction\",\"target\":{\"@type\":\"EntryPoint\",\"urlTemplate\":\"https:\/\/esbozodeportivo.com\/?s={search_term_string}\"},\"query-input\":{\"@type\":\"PropertyValueSpecification\",\"valueRequired\":true,\"valueName\":\"search_term_string\"}}],\"inLanguage\":\"es\"},{\"@type\":\"Organization\",\"@id\":\"https:\/\/esbozodeportivo.com\/#organization\",\"name\":\"Esbozo Deportivo\",\"url\":\"https:\/\/esbozodeportivo.com\/\",\"logo\":{\"@type\":\"ImageObject\",\"inLanguage\":\"es\",\"@id\":\"https:\/\/esbozodeportivo.com\/#\/schema\/logo\/image\/\",\"url\":\"https:\/\/esbozodeportivo.com\/wp-content\/uploads\/2022\/08\/cropped-Logo-Esbozo-Web-2.png\",\"contentUrl\":\"https:\/\/esbozodeportivo.com\/wp-content\/uploads\/2022\/08\/cropped-Logo-Esbozo-Web-2.png\",\"width\":180,\"height\":50,\"caption\":\"Esbozo Deportivo\"},\"image\":{\"@id\":\"https:\/\/esbozodeportivo.com\/#\/schema\/logo\/image\/\"}},{\"@type\":\"Person\",\"@id\":\"https:\/\/esbozodeportivo.com\/#\/schema\/person\/7277119c98823aec37bbb84e125efd44\",\"name\":\"Javier De La Cruz\",\"image\":{\"@type\":\"ImageObject\",\"inLanguage\":\"es\",\"@id\":\"https:\/\/esbozodeportivo.com\/#\/schema\/person\/image\/\",\"url\":\"https:\/\/secure.gravatar.com\/avatar\/366235a56d20f1a6e8e3d0b295897639357bea880470ddf261d17bb0bc052eb1?s=96&d=mm&r=g\",\"contentUrl\":\"https:\/\/secure.gravatar.com\/avatar\/366235a56d20f1a6e8e3d0b295897639357bea880470ddf261d17bb0bc052eb1?s=96&d=mm&r=g\",\"caption\":\"Javier De La Cruz\"},\"url\":\"https:\/\/esbozodeportivo.com\/index.php\/author\/javier-de-la-cruz-de-la-cruz\/\"}]}<\/script>\n<!-- \/ Yoast SEO plugin. -->","yoast_head_json":{"title":"Un \u00e9xito la 1\u00aa. Copa Nacional Ind\u00edgena Horacio Llamas - Esbozo Deportivo","robots":{"index":"index","follow":"follow","max-snippet":"max-snippet:-1","max-image-preview":"max-image-preview:large","max-video-preview":"max-video-preview:-1"},"canonical":"https:\/\/esbozodeportivo.com\/index.php\/2024\/07\/16\/un-exito-la-1a-copa-nacional-indigena-horacio-llamas\/","og_locale":"es_MX","og_type":"article","og_title":"Un \u00e9xito la 1\u00aa. Copa Nacional Ind\u00edgena Horacio Llamas - Esbozo Deportivo","og_description":"(Foto: Pepe P\u00e9rez) Cumpli\u00f3 la 1a. Copa Nacional Ind\u00edgena Horacio Llamas Grey, organizado por la","og_url":"https:\/\/esbozodeportivo.com\/index.php\/2024\/07\/16\/un-exito-la-1a-copa-nacional-indigena-horacio-llamas\/","og_site_name":"Esbozo Deportivo","article_published_time":"2024-07-16T05:08:01+00:00","article_modified_time":"2024-07-16T05:13:03+00:00","og_image":[{"url":"https:\/\/esbozodeportivo.com\/wp-content\/uploads\/2024\/07\/WhatsApp-Image-2024-07-15-at-8.31.41-PM-1024x768.jpeg","type":"","width":"","height":""}],"author":"Javier De La Cruz","twitter_card":"summary_large_image","twitter_misc":{"Escrito por":"Javier De La Cruz","Tiempo de lectura":"3 minutos"},"schema":{"@context":"https:\/\/schema.org","@graph":[{"@type":"Article","@id":"https:\/\/esbozodeportivo.com\/index.php\/2024\/07\/16\/un-exito-la-1a-copa-nacional-indigena-horacio-llamas\/#article","isPartOf":{"@id":"https:\/\/esbozodeportivo.com\/index.php\/2024\/07\/16\/un-exito-la-1a-copa-nacional-indigena-horacio-llamas\/"},"author":{"name":"Javier De La Cruz","@id":"https:\/\/esbozodeportivo.com\/#\/schema\/person\/7277119c98823aec37bbb84e125efd44"},"headline":"Un \u00e9xito la 1\u00aa. Copa Nacional Ind\u00edgena Horacio Llamas","datePublished":"2024-07-16T05:08:01+00:00","dateModified":"2024-07-16T05:13:03+00:00","mainEntityOfPage":{"@id":"https:\/\/esbozodeportivo.com\/index.php\/2024\/07\/16\/un-exito-la-1a-copa-nacional-indigena-horacio-llamas\/"},"wordCount":557,"commentCount":0,"publisher":{"@id":"https:\/\/esbozodeportivo.com\/#organization"},"image":{"@id":"https:\/\/esbozodeportivo.com\/index.php\/2024\/07\/16\/un-exito-la-1a-copa-nacional-indigena-horacio-llamas\/#primaryimage"},"thumbnailUrl":"https:\/\/esbozodeportivo.com\/wp-content\/uploads\/2024\/07\/WhatsApp-Image-2024-07-15-at-8.31.41-PM-1024x768.jpeg","articleSection":["Amateur"],"inLanguage":"es","potentialAction":[{"@type":"CommentAction","name":"Comment","target":["https:\/\/esbozodeportivo.com\/index.php\/2024\/07\/16\/un-exito-la-1a-copa-nacional-indigena-horacio-llamas\/#respond"]}]},{"@type":"WebPage","@id":"https:\/\/esbozodeportivo.com\/index.php\/2024\/07\/16\/un-exito-la-1a-copa-nacional-indigena-horacio-llamas\/","url":"https:\/\/esbozodeportivo.com\/index.php\/2024\/07\/16\/un-exito-la-1a-copa-nacional-indigena-horacio-llamas\/","name":"Un \u00e9xito la 1\u00aa. Copa Nacional Ind\u00edgena Horacio Llamas - Esbozo Deportivo","isPartOf":{"@id":"https:\/\/esbozodeportivo.com\/#website"},"primaryImageOfPage":{"@id":"https:\/\/esbozodeportivo.com\/index.php\/2024\/07\/16\/un-exito-la-1a-copa-nacional-indigena-horacio-llamas\/#primaryimage"},"image":{"@id":"https:\/\/esbozodeportivo.com\/index.php\/2024\/07\/16\/un-exito-la-1a-copa-nacional-indigena-horacio-llamas\/#primaryimage"},"thumbnailUrl":"https:\/\/esbozodeportivo.com\/wp-content\/uploads\/2024\/07\/WhatsApp-Image-2024-07-15-at-8.31.41-PM-1024x768.jpeg","datePublished":"2024-07-16T05:08:01+00:00","dateModified":"2024-07-16T05:13:03+00:00","breadcrumb":{"@id":"https:\/\/esbozodeportivo.com\/index.php\/2024\/07\/16\/un-exito-la-1a-copa-nacional-indigena-horacio-llamas\/#breadcrumb"},"inLanguage":"es","potentialAction":[{"@type":"ReadAction","target":["https:\/\/esbozodeportivo.com\/index.php\/2024\/07\/16\/un-exito-la-1a-copa-nacional-indigena-horacio-llamas\/"]}]},{"@type":"ImageObject","inLanguage":"es","@id":"https:\/\/esbozodeportivo.com\/index.php\/2024\/07\/16\/un-exito-la-1a-copa-nacional-indigena-horacio-llamas\/#primaryimage","url":"https:\/\/esbozodeportivo.com\/wp-content\/uploads\/2024\/07\/WhatsApp-Image-2024-07-15-at-8.31.41-PM-1024x768.jpeg","contentUrl":"https:\/\/esbozodeportivo.com\/wp-content\/uploads\/2024\/07\/WhatsApp-Image-2024-07-15-at-8.31.41-PM-1024x768.jpeg"},{"@type":"BreadcrumbList","@id":"https:\/\/esbozodeportivo.com\/index.php\/2024\/07\/16\/un-exito-la-1a-copa-nacional-indigena-horacio-llamas\/#breadcrumb","itemListElement":[{"@type":"ListItem","position":1,"name":"Inicio","item":"https:\/\/esbozodeportivo.com\/"},{"@type":"ListItem","position":2,"name":"Un \u00e9xito la 1\u00aa. Copa Nacional Ind\u00edgena Horacio Llamas"}]},{"@type":"WebSite","@id":"https:\/\/esbozodeportivo.com\/#website","url":"https:\/\/esbozodeportivo.com\/","name":"Esbozo Deportivo","description":"Lo m\u00e1s importante del Deporte","publisher":{"@id":"https:\/\/esbozodeportivo.com\/#organization"},"potentialAction":[{"@type":"SearchAction","target":{"@type":"EntryPoint","urlTemplate":"https:\/\/esbozodeportivo.com\/?s={search_term_string}"},"query-input":{"@type":"PropertyValueSpecification","valueRequired":true,"valueName":"search_term_string"}}],"inLanguage":"es"},{"@type":"Organization","@id":"https:\/\/esbozodeportivo.com\/#organization","name":"Esbozo Deportivo","url":"https:\/\/esbozodeportivo.com\/","logo":{"@type":"ImageObject","inLanguage":"es","@id":"https:\/\/esbozodeportivo.com\/#\/schema\/logo\/image\/","url":"https:\/\/esbozodeportivo.com\/wp-content\/uploads\/2022\/08\/cropped-Logo-Esbozo-Web-2.png","contentUrl":"https:\/\/esbozodeportivo.com\/wp-content\/uploads\/2022\/08\/cropped-Logo-Esbozo-Web-2.png","width":180,"height":50,"caption":"Esbozo Deportivo"},"image":{"@id":"https:\/\/esbozodeportivo.com\/#\/schema\/logo\/image\/"}},{"@type":"Person","@id":"https:\/\/esbozodeportivo.com\/#\/schema\/person\/7277119c98823aec37bbb84e125efd44","name":"Javier De La Cruz","image":{"@type":"ImageObject","inLanguage":"es","@id":"https:\/\/esbozodeportivo.com\/#\/schema\/person\/image\/","url":"https:\/\/secure.gravatar.com\/avatar\/366235a56d20f1a6e8e3d0b295897639357bea880470ddf261d17bb0bc052eb1?s=96&d=mm&r=g","contentUrl":"https:\/\/secure.gravatar.com\/avatar\/366235a56d20f1a6e8e3d0b295897639357bea880470ddf261d17bb0bc052eb1?s=96&d=mm&r=g","caption":"Javier De La Cruz"},"url":"https:\/\/esbozodeportivo.com\/index.php\/author\/javier-de-la-cruz-de-la-cruz\/"}]}},"jetpack_featured_media_url":"","jetpack_sharing_enabled":true,"_links":{"self":[{"href":"https:\/\/esbozodeportivo.com\/index.php\/wp-json\/wp\/v2\/posts\/3908","targetHints":{"allow":["GET"]}}],"collection":[{"href":"https:\/\/esbozodeportivo.com\/index.php\/wp-json\/wp\/v2\/posts"}],"about":[{"href":"https:\/\/esbozodeportivo.com\/index.php\/wp-json\/wp\/v2\/types\/post"}],"author":[{"embeddable":true,"href":"https:\/\/esbozodeportivo.com\/index.php\/wp-json\/wp\/v2\/users\/2"}],"replies":[{"embeddable":true,"href":"https:\/\/esbozodeportivo.com\/index.php\/wp-json\/wp\/v2\/comments?post=3908"}],"version-history":[{"count":4,"href":"https:\/\/esbozodeportivo.com\/index.php\/wp-json\/wp\/v2\/posts\/3908\/revisions"}],"predecessor-version":[{"id":3922,"href":"https:\/\/esbozodeportivo.com\/index.php\/wp-json\/wp\/v2\/posts\/3908\/revisions\/3922"}],"wp:attachment":[{"href":"https:\/\/esbozodeportivo.com\/index.php\/wp-json\/wp\/v2\/media?parent=3908"}],"wp:term":[{"taxonomy":"category","embeddable":true,"href":"https:\/\/esbozodeportivo.com\/index.php\/wp-json\/wp\/v2\/categories?post=3908"},{"taxonomy":"post_tag","embeddable":true,"href":"https:\/\/esbozodeportivo.com\/index.php\/wp-json\/wp\/v2\/tags?post=3908"}],"curies":[{"name":"wp","href":"https:\/\/api.w.org\/{rel}","templated":true}]}}