{"id":3939,"date":"2024-07-18T01:47:26","date_gmt":"2024-07-18T01:47:26","guid":{"rendered":"https:\/\/esbozodeportivo.com\/?p=3939"},"modified":"2024-07-18T01:58:48","modified_gmt":"2024-07-18T01:58:48","slug":"maraton-y-triatlon-chevron-skecher-mazatlan-2024-en-cdmx","status":"publish","type":"post","link":"https:\/\/esbozodeportivo.com\/index.php\/2024\/07\/18\/maraton-y-triatlon-chevron-skecher-mazatlan-2024-en-cdmx\/","title":{"rendered":"Marat\u00f3n y Triatl\u00f3n Chevron, Skecher, Mazatl\u00e1n 2024 en CDMX"},"content":{"rendered":"<style>\/*! elementor - v3.23.0 - 15-07-2024 *\/\n.elementor-widget-image{text-align:center}.elementor-widget-image a{display:inline-block}.elementor-widget-image a img[src$=\".svg\"]{width:48px}.elementor-widget-image img{vertical-align:middle;display:inline-block}<\/style>\n<p>\t\t\t\t\t\t\t\t\t\t<img loading=\"lazy\" decoding=\"async\" width=\"640\" height=\"360\" src=\"https:\/\/esbozodeportivo.com\/wp-content\/uploads\/2024\/07\/maraton-1024x576.jpg\" alt=\"\" srcset=\"https:\/\/esbozodeportivo.com\/wp-content\/uploads\/2024\/07\/maraton-1024x576.jpg 1024w, https:\/\/esbozodeportivo.com\/wp-content\/uploads\/2024\/07\/maraton-300x169.jpg 300w, https:\/\/esbozodeportivo.com\/wp-content\/uploads\/2024\/07\/maraton-768x432.jpg 768w, https:\/\/esbozodeportivo.com\/wp-content\/uploads\/2024\/07\/maraton-1536x864.jpg 1536w, https:\/\/esbozodeportivo.com\/wp-content\/uploads\/2024\/07\/maraton.jpg 1600w\" sizes=\"auto, (max-width: 640px) 100vw, 640px\" \/>\t\t\t\t\t\t\t\t\t\t\t\t\t<\/p>\n<p><strong>(Foto: Fedmxatle)\u00a0<\/strong><\/p>\n<p>En compa\u00f1\u00eda de autoridades de los diferentes niveles de gobierno y deportivo, Grupo Venados present\u00f3 en Ciudad de M\u00e9xico, este martes, una edici\u00f3n m\u00e1s de Gran Marat\u00f3n y Triatl\u00f3n Chevron, presentado por Skecher, Mazatl\u00e1n 2024.<\/p>\n<p>En la presentaci\u00f3n estuvieron presentes Antonio Toledo Ortiz, Presidente del Consejo de Administraci\u00f3n de Grupo Venados, en compa\u00f1\u00eda de Ismael Barros Cebreros, Presidente Ejecutivo de Venados de Mazatl\u00e1n; Julio Cascajares, director del Isde; Antonio Lozano, Presidente de FMAA y Esteban Ben\u00edtez, director \u00a0T\u00e9cnico de la Federaci\u00f3n Mexicana de Triatl\u00f3n.<\/p>\n<p>\t\t\t\t\t\t\t\t\t\t\t\t\t<img loading=\"lazy\" decoding=\"async\" width=\"640\" height=\"426\" src=\"https:\/\/esbozodeportivo.com\/wp-content\/uploads\/2024\/07\/maraton3-1024x682.jpeg\" alt=\"\" srcset=\"https:\/\/esbozodeportivo.com\/wp-content\/uploads\/2024\/07\/maraton3-1024x682.jpeg 1024w, https:\/\/esbozodeportivo.com\/wp-content\/uploads\/2024\/07\/maraton3-300x200.jpeg 300w, https:\/\/esbozodeportivo.com\/wp-content\/uploads\/2024\/07\/maraton3-768x512.jpeg 768w, https:\/\/esbozodeportivo.com\/wp-content\/uploads\/2024\/07\/maraton3-1536x1023.jpeg 1536w, https:\/\/esbozodeportivo.com\/wp-content\/uploads\/2024\/07\/maraton3.jpeg 1600w\" sizes=\"auto, (max-width: 640px) 100vw, 640px\" \/>\t\t\t\t\t\t\t\t\t\t\t\t\t<\/p>\n<p><strong>(Foto: Fedmxatle)<\/strong><strong>\u00a0<\/strong><\/p>\n<p>Tambi\u00e9n estuvieron presentes Luis Miguel Rodr\u00edguez Penagos, director de Grupo Mart\u00ed; Luis Roberto Ontiveros Zaragoza, director de Pac\u00edfico Fondo Empresarial Marketer de Chevron; Sergio Aguilar, directivo de Emoci\u00f3n Deportiva y Pa\u00fal Luque, director de Marketing y Ventas Grupo Venados.<\/p>\n<p>Julio Cascajares, director del Instituto Sinaloense del Deporte, en representaci\u00f3n del Gobernador Rocha Mocha, reiter\u00f3 el apoyo por parte del gobierno para la realizaci\u00f3n de la m\u00e1xima justa atl\u00e9tica de Sinaloa.<\/p>\n<p>\t\t\t\t\t\t\t\t\t\t\t\t\t<img loading=\"lazy\" decoding=\"async\" width=\"640\" height=\"426\" src=\"https:\/\/esbozodeportivo.com\/wp-content\/uploads\/2024\/07\/maraton1-1024x682.jpeg\" alt=\"\" srcset=\"https:\/\/esbozodeportivo.com\/wp-content\/uploads\/2024\/07\/maraton1-1024x682.jpeg 1024w, https:\/\/esbozodeportivo.com\/wp-content\/uploads\/2024\/07\/maraton1-300x200.jpeg 300w, https:\/\/esbozodeportivo.com\/wp-content\/uploads\/2024\/07\/maraton1-768x512.jpeg 768w, https:\/\/esbozodeportivo.com\/wp-content\/uploads\/2024\/07\/maraton1-1536x1023.jpeg 1536w, https:\/\/esbozodeportivo.com\/wp-content\/uploads\/2024\/07\/maraton1.jpeg 1600w\" sizes=\"auto, (max-width: 640px) 100vw, 640px\" \/>\t\t\t\t\t\t\t\t\t\t\t\t\t<\/p>\n<p><strong>(Foto: Fedmxatle)<\/strong><strong>\u00a0<\/strong><\/p>\n<p>Tambi\u00e9n estuvieron presentes Luis Miguel Rodr\u00edguez Penagos, director de Grupo Mart\u00ed; Luis Roberto Ontiveros Zaragoza, director de Pac\u00edfico Fondo Empresarial Marketer de Chevron; Sergio Aguilar, directivo de Emoci\u00f3n Deportiva y Pa\u00fal Luque, director de Marketing y Ventas Grupo Venados.<\/p>\n<p>Julio Cascajares, director del Instituto Sinaloense del Deporte, en representaci\u00f3n del Gobernador Rocha Mocha, reiter\u00f3 el apoyo por parte del gobierno para la realizaci\u00f3n de la m\u00e1xima justa atl\u00e9tica de Sinaloa.<\/p>\n<p>Tambi\u00e9n estuvieron presentes Luis Miguel Rodr\u00edguez Penagos, director de Grupo Mart\u00ed; Luis Roberto Ontiveros Zaragoza, director de Pac\u00edfico Fondo Empresarial Marketer de Chevron; Sergio Aguilar, directivo de Emoci\u00f3n Deportiva y Pa\u00fal Luque, director de Marketing y Ventas Grupo Venados.<\/p>\n<p>\t\t\t\t\t\t\t\t\t\t\t\t\t<img loading=\"lazy\" decoding=\"async\" width=\"640\" height=\"426\" src=\"https:\/\/esbozodeportivo.com\/wp-content\/uploads\/2024\/07\/maraton2-1024x682.jpeg\" alt=\"\" srcset=\"https:\/\/esbozodeportivo.com\/wp-content\/uploads\/2024\/07\/maraton2-1024x682.jpeg 1024w, https:\/\/esbozodeportivo.com\/wp-content\/uploads\/2024\/07\/maraton2-300x200.jpeg 300w, https:\/\/esbozodeportivo.com\/wp-content\/uploads\/2024\/07\/maraton2-768x512.jpeg 768w, https:\/\/esbozodeportivo.com\/wp-content\/uploads\/2024\/07\/maraton2-1536x1023.jpeg 1536w, https:\/\/esbozodeportivo.com\/wp-content\/uploads\/2024\/07\/maraton2.jpeg 1600w\" sizes=\"auto, (max-width: 640px) 100vw, 640px\" \/>\t\t\t\t\t\t\t\t\t\t\t\t\t<\/p>\n<p><strong>(Foto: Fedmxatle)<\/strong><strong>\u00a0<\/strong><\/p>\n<p>Julio Cascajares, director del Instituto Sinaloense del Deporte, en representaci\u00f3n del Gobernador Rocha Mocha, reiter\u00f3 el apoyo por parte del gobierno para la realizaci\u00f3n de la m\u00e1xima justa atl\u00e9tica de Sinaloa.<\/p>\n<p>Patrocinados, refrendaron su apoyo y respaldo para Gran Marat\u00f3n y Triatl\u00f3n Chevron, presentado por Skecher, Mazatl\u00e1n 2024, adem\u00e1s de la uni\u00f3n, una gran marca como Skecher la cual ser\u00e1 la encargada de desarrollar la jersey de la justa deportiva.<\/p>\n<p>Por su parte, Jos\u00e9 Antonio Toledo Ortiz, Presidente de Consejo de Administraci\u00f3n de Grupo Venados, agradeci\u00f3 el respaldo de autoridades y patrocinadores, adem\u00e1s de invitar a los corredores de todo pa\u00eds a formar parte de la justa.<\/p>\n<p>\u201cEl marat\u00f3n y triatl\u00f3n pac\u00edfico tienen 23 a\u00f1os y 20 a\u00f1os, tuvimos un paro por covid, previo tuvimos alrededor de 14-13 mil participantes, el a\u00f1o pasado volvimos con 6 mil participantes y esperamos seguir creciendo y preservarlo.<\/p>\n<p>\u201cGrupo Venados los invitamos a participar es un evento deportivo, pero por cuestiones hay cultura brindamos una gran fiesta deportiva y con todos los toques se Mazatl\u00e1n, es algo muy importante seguir creciendo, todo lo deportivo nos lleva a ser mejores, mejores h\u00e1bitos, disciplinas, convivimos con varias personas y ese es nuestro esp\u00edritu, muy importante Venados garantiza toda la organizaci\u00f3n\u201d, agreg\u00f3.<\/p>\n<p>\t\t\t\t\t\t\t\t\t\t\t\t\t<img loading=\"lazy\" decoding=\"async\" width=\"640\" height=\"426\" src=\"https:\/\/esbozodeportivo.com\/wp-content\/uploads\/2024\/07\/maraton4-1024x682.jpeg\" alt=\"\" srcset=\"https:\/\/esbozodeportivo.com\/wp-content\/uploads\/2024\/07\/maraton4-1024x682.jpeg 1024w, https:\/\/esbozodeportivo.com\/wp-content\/uploads\/2024\/07\/maraton4-300x200.jpeg 300w, https:\/\/esbozodeportivo.com\/wp-content\/uploads\/2024\/07\/maraton4-768x512.jpeg 768w, https:\/\/esbozodeportivo.com\/wp-content\/uploads\/2024\/07\/maraton4-1536x1023.jpeg 1536w, https:\/\/esbozodeportivo.com\/wp-content\/uploads\/2024\/07\/maraton4.jpeg 1600w\" sizes=\"auto, (max-width: 640px) 100vw, 640px\" \/>\t\t\t\t\t\t\t\t\t\t\t\t\t<\/p>\n<p><strong>(Foto: Fedmxatle)<\/strong><strong>\u00a0<\/strong><\/p>\n<p>PARA SABER<\/p>\n<p>Sergio Aguilar, director de Emoci\u00f3n Deportiva, brind\u00f3 una explicaci\u00f3n sobre las rutas y el cronograma de desarrollo del evento, el cual tendr\u00e1 cambios importantes, como la sede de la Expo Deportiva, que tendr\u00e1 lugar en Parque Central.<\/p>\n<p>Mientras que el s\u00e1bado a las 7:00 horas, se desarrollar\u00e1 el Triatl\u00f3n y Duatl\u00f3n, por la tarde las pruebas de 5 y 10 kil\u00f3metros se correr\u00e1n en marcadas en el atardecer de Mazatl\u00e1n, a partir de las 17:00 horas, para cerrar con broche de oro la noche, a las 20:00 horas, se llevar\u00e1 a cabo la ya tradicional Carrera de Botargas y el cielo se iluminar\u00e1 con el espectacular Show de Luces.<\/p>\n<p>Para el domingo a las 6:15 horas, se iniciar\u00e1n las pruebas de Medio Marat\u00f3n y la prueba reina el Marat\u00f3n.<\/p>\n<p>\u00a0<\/p>\n<p>\u00a0<\/p>\n","protected":false},"excerpt":{"rendered":"<p>(Foto: Fedmxatle)\u00a0 En compa\u00f1\u00eda de autoridades de los diferentes niveles de gobierno y deportivo, Grupo<\/p>\n","protected":false},"author":2,"featured_media":0,"comment_status":"open","ping_status":"open","sticky":false,"template":"","format":"standard","meta":{"_jetpack_memberships_contains_paid_content":false,"footnotes":""},"categories":[5],"tags":[],"class_list":["post-3939","post","type-post","status-publish","format-standard","hentry","category-amateur"],"yoast_head":"<!-- This site is optimized with the Yoast SEO plugin v25.7 - https:\/\/yoast.com\/wordpress\/plugins\/seo\/ -->\n<title>Marat\u00f3n y Triatl\u00f3n Chevron, Skecher, Mazatl\u00e1n 2024 en CDMX - Esbozo Deportivo<\/title>\n<meta name=\"robots\" content=\"index, follow, max-snippet:-1, max-image-preview:large, max-video-preview:-1\" \/>\n<link rel=\"canonical\" href=\"https:\/\/esbozodeportivo.com\/index.php\/2024\/07\/18\/maraton-y-triatlon-chevron-skecher-mazatlan-2024-en-cdmx\/\" \/>\n<meta property=\"og:locale\" content=\"es_MX\" \/>\n<meta property=\"og:type\" content=\"article\" \/>\n<meta property=\"og:title\" content=\"Marat\u00f3n y Triatl\u00f3n Chevron, Skecher, Mazatl\u00e1n 2024 en CDMX - Esbozo Deportivo\" \/>\n<meta property=\"og:description\" content=\"(Foto: Fedmxatle)\u00a0 En compa\u00f1\u00eda de autoridades de los diferentes niveles de gobierno y deportivo, Grupo\" \/>\n<meta property=\"og:url\" content=\"https:\/\/esbozodeportivo.com\/index.php\/2024\/07\/18\/maraton-y-triatlon-chevron-skecher-mazatlan-2024-en-cdmx\/\" \/>\n<meta property=\"og:site_name\" content=\"Esbozo Deportivo\" \/>\n<meta property=\"article:published_time\" content=\"2024-07-18T01:47:26+00:00\" \/>\n<meta property=\"article:modified_time\" content=\"2024-07-18T01:58:48+00:00\" \/>\n<meta property=\"og:image\" content=\"https:\/\/esbozodeportivo.com\/wp-content\/uploads\/2024\/07\/maraton-1024x576.jpg\" \/>\n<meta name=\"author\" content=\"Javier De La Cruz\" \/>\n<meta name=\"twitter:card\" content=\"summary_large_image\" \/>\n<meta name=\"twitter:label1\" content=\"Escrito por\" \/>\n\t<meta name=\"twitter:data1\" content=\"Javier De La Cruz\" \/>\n\t<meta name=\"twitter:label2\" content=\"Tiempo de lectura\" \/>\n\t<meta name=\"twitter:data2\" content=\"3 minutos\" \/>\n<script type=\"application\/ld+json\" class=\"yoast-schema-graph\">{\"@context\":\"https:\/\/schema.org\",\"@graph\":[{\"@type\":\"Article\",\"@id\":\"https:\/\/esbozodeportivo.com\/index.php\/2024\/07\/18\/maraton-y-triatlon-chevron-skecher-mazatlan-2024-en-cdmx\/#article\",\"isPartOf\":{\"@id\":\"https:\/\/esbozodeportivo.com\/index.php\/2024\/07\/18\/maraton-y-triatlon-chevron-skecher-mazatlan-2024-en-cdmx\/\"},\"author\":{\"name\":\"Javier De La Cruz\",\"@id\":\"https:\/\/esbozodeportivo.com\/#\/schema\/person\/7277119c98823aec37bbb84e125efd44\"},\"headline\":\"Marat\u00f3n y Triatl\u00f3n Chevron, Skecher, Mazatl\u00e1n 2024 en CDMX\",\"datePublished\":\"2024-07-18T01:47:26+00:00\",\"dateModified\":\"2024-07-18T01:58:48+00:00\",\"mainEntityOfPage\":{\"@id\":\"https:\/\/esbozodeportivo.com\/index.php\/2024\/07\/18\/maraton-y-triatlon-chevron-skecher-mazatlan-2024-en-cdmx\/\"},\"wordCount\":680,\"commentCount\":0,\"publisher\":{\"@id\":\"https:\/\/esbozodeportivo.com\/#organization\"},\"image\":{\"@id\":\"https:\/\/esbozodeportivo.com\/index.php\/2024\/07\/18\/maraton-y-triatlon-chevron-skecher-mazatlan-2024-en-cdmx\/#primaryimage\"},\"thumbnailUrl\":\"https:\/\/esbozodeportivo.com\/wp-content\/uploads\/2024\/07\/maraton-1024x576.jpg\",\"articleSection\":[\"Amateur\"],\"inLanguage\":\"es\",\"potentialAction\":[{\"@type\":\"CommentAction\",\"name\":\"Comment\",\"target\":[\"https:\/\/esbozodeportivo.com\/index.php\/2024\/07\/18\/maraton-y-triatlon-chevron-skecher-mazatlan-2024-en-cdmx\/#respond\"]}]},{\"@type\":\"WebPage\",\"@id\":\"https:\/\/esbozodeportivo.com\/index.php\/2024\/07\/18\/maraton-y-triatlon-chevron-skecher-mazatlan-2024-en-cdmx\/\",\"url\":\"https:\/\/esbozodeportivo.com\/index.php\/2024\/07\/18\/maraton-y-triatlon-chevron-skecher-mazatlan-2024-en-cdmx\/\",\"name\":\"Marat\u00f3n y Triatl\u00f3n Chevron, Skecher, Mazatl\u00e1n 2024 en CDMX - Esbozo Deportivo\",\"isPartOf\":{\"@id\":\"https:\/\/esbozodeportivo.com\/#website\"},\"primaryImageOfPage\":{\"@id\":\"https:\/\/esbozodeportivo.com\/index.php\/2024\/07\/18\/maraton-y-triatlon-chevron-skecher-mazatlan-2024-en-cdmx\/#primaryimage\"},\"image\":{\"@id\":\"https:\/\/esbozodeportivo.com\/index.php\/2024\/07\/18\/maraton-y-triatlon-chevron-skecher-mazatlan-2024-en-cdmx\/#primaryimage\"},\"thumbnailUrl\":\"https:\/\/esbozodeportivo.com\/wp-content\/uploads\/2024\/07\/maraton-1024x576.jpg\",\"datePublished\":\"2024-07-18T01:47:26+00:00\",\"dateModified\":\"2024-07-18T01:58:48+00:00\",\"breadcrumb\":{\"@id\":\"https:\/\/esbozodeportivo.com\/index.php\/2024\/07\/18\/maraton-y-triatlon-chevron-skecher-mazatlan-2024-en-cdmx\/#breadcrumb\"},\"inLanguage\":\"es\",\"potentialAction\":[{\"@type\":\"ReadAction\",\"target\":[\"https:\/\/esbozodeportivo.com\/index.php\/2024\/07\/18\/maraton-y-triatlon-chevron-skecher-mazatlan-2024-en-cdmx\/\"]}]},{\"@type\":\"ImageObject\",\"inLanguage\":\"es\",\"@id\":\"https:\/\/esbozodeportivo.com\/index.php\/2024\/07\/18\/maraton-y-triatlon-chevron-skecher-mazatlan-2024-en-cdmx\/#primaryimage\",\"url\":\"https:\/\/esbozodeportivo.com\/wp-content\/uploads\/2024\/07\/maraton.jpg\",\"contentUrl\":\"https:\/\/esbozodeportivo.com\/wp-content\/uploads\/2024\/07\/maraton.jpg\",\"width\":1600,\"height\":900},{\"@type\":\"BreadcrumbList\",\"@id\":\"https:\/\/esbozodeportivo.com\/index.php\/2024\/07\/18\/maraton-y-triatlon-chevron-skecher-mazatlan-2024-en-cdmx\/#breadcrumb\",\"itemListElement\":[{\"@type\":\"ListItem\",\"position\":1,\"name\":\"Inicio\",\"item\":\"https:\/\/esbozodeportivo.com\/\"},{\"@type\":\"ListItem\",\"position\":2,\"name\":\"Marat\u00f3n y Triatl\u00f3n Chevron, Skecher, Mazatl\u00e1n 2024 en CDMX\"}]},{\"@type\":\"WebSite\",\"@id\":\"https:\/\/esbozodeportivo.com\/#website\",\"url\":\"https:\/\/esbozodeportivo.com\/\",\"name\":\"Esbozo Deportivo\",\"description\":\"Lo m\u00e1s importante del Deporte\",\"publisher\":{\"@id\":\"https:\/\/esbozodeportivo.com\/#organization\"},\"potentialAction\":[{\"@type\":\"SearchAction\",\"target\":{\"@type\":\"EntryPoint\",\"urlTemplate\":\"https:\/\/esbozodeportivo.com\/?s={search_term_string}\"},\"query-input\":{\"@type\":\"PropertyValueSpecification\",\"valueRequired\":true,\"valueName\":\"search_term_string\"}}],\"inLanguage\":\"es\"},{\"@type\":\"Organization\",\"@id\":\"https:\/\/esbozodeportivo.com\/#organization\",\"name\":\"Esbozo Deportivo\",\"url\":\"https:\/\/esbozodeportivo.com\/\",\"logo\":{\"@type\":\"ImageObject\",\"inLanguage\":\"es\",\"@id\":\"https:\/\/esbozodeportivo.com\/#\/schema\/logo\/image\/\",\"url\":\"https:\/\/esbozodeportivo.com\/wp-content\/uploads\/2022\/08\/cropped-Logo-Esbozo-Web-2.png\",\"contentUrl\":\"https:\/\/esbozodeportivo.com\/wp-content\/uploads\/2022\/08\/cropped-Logo-Esbozo-Web-2.png\",\"width\":180,\"height\":50,\"caption\":\"Esbozo Deportivo\"},\"image\":{\"@id\":\"https:\/\/esbozodeportivo.com\/#\/schema\/logo\/image\/\"}},{\"@type\":\"Person\",\"@id\":\"https:\/\/esbozodeportivo.com\/#\/schema\/person\/7277119c98823aec37bbb84e125efd44\",\"name\":\"Javier De La Cruz\",\"image\":{\"@type\":\"ImageObject\",\"inLanguage\":\"es\",\"@id\":\"https:\/\/esbozodeportivo.com\/#\/schema\/person\/image\/\",\"url\":\"https:\/\/secure.gravatar.com\/avatar\/366235a56d20f1a6e8e3d0b295897639357bea880470ddf261d17bb0bc052eb1?s=96&d=mm&r=g\",\"contentUrl\":\"https:\/\/secure.gravatar.com\/avatar\/366235a56d20f1a6e8e3d0b295897639357bea880470ddf261d17bb0bc052eb1?s=96&d=mm&r=g\",\"caption\":\"Javier De La Cruz\"},\"url\":\"https:\/\/esbozodeportivo.com\/index.php\/author\/javier-de-la-cruz-de-la-cruz\/\"}]}<\/script>\n<!-- \/ Yoast SEO plugin. -->","yoast_head_json":{"title":"Marat\u00f3n y Triatl\u00f3n Chevron, Skecher, Mazatl\u00e1n 2024 en CDMX - Esbozo Deportivo","robots":{"index":"index","follow":"follow","max-snippet":"max-snippet:-1","max-image-preview":"max-image-preview:large","max-video-preview":"max-video-preview:-1"},"canonical":"https:\/\/esbozodeportivo.com\/index.php\/2024\/07\/18\/maraton-y-triatlon-chevron-skecher-mazatlan-2024-en-cdmx\/","og_locale":"es_MX","og_type":"article","og_title":"Marat\u00f3n y Triatl\u00f3n Chevron, Skecher, Mazatl\u00e1n 2024 en CDMX - Esbozo Deportivo","og_description":"(Foto: Fedmxatle)\u00a0 En compa\u00f1\u00eda de autoridades de los diferentes niveles de gobierno y deportivo, Grupo","og_url":"https:\/\/esbozodeportivo.com\/index.php\/2024\/07\/18\/maraton-y-triatlon-chevron-skecher-mazatlan-2024-en-cdmx\/","og_site_name":"Esbozo Deportivo","article_published_time":"2024-07-18T01:47:26+00:00","article_modified_time":"2024-07-18T01:58:48+00:00","og_image":[{"url":"https:\/\/esbozodeportivo.com\/wp-content\/uploads\/2024\/07\/maraton-1024x576.jpg","type":"","width":"","height":""}],"author":"Javier De La Cruz","twitter_card":"summary_large_image","twitter_misc":{"Escrito por":"Javier De La Cruz","Tiempo de lectura":"3 minutos"},"schema":{"@context":"https:\/\/schema.org","@graph":[{"@type":"Article","@id":"https:\/\/esbozodeportivo.com\/index.php\/2024\/07\/18\/maraton-y-triatlon-chevron-skecher-mazatlan-2024-en-cdmx\/#article","isPartOf":{"@id":"https:\/\/esbozodeportivo.com\/index.php\/2024\/07\/18\/maraton-y-triatlon-chevron-skecher-mazatlan-2024-en-cdmx\/"},"author":{"name":"Javier De La Cruz","@id":"https:\/\/esbozodeportivo.com\/#\/schema\/person\/7277119c98823aec37bbb84e125efd44"},"headline":"Marat\u00f3n y Triatl\u00f3n Chevron, Skecher, Mazatl\u00e1n 2024 en CDMX","datePublished":"2024-07-18T01:47:26+00:00","dateModified":"2024-07-18T01:58:48+00:00","mainEntityOfPage":{"@id":"https:\/\/esbozodeportivo.com\/index.php\/2024\/07\/18\/maraton-y-triatlon-chevron-skecher-mazatlan-2024-en-cdmx\/"},"wordCount":680,"commentCount":0,"publisher":{"@id":"https:\/\/esbozodeportivo.com\/#organization"},"image":{"@id":"https:\/\/esbozodeportivo.com\/index.php\/2024\/07\/18\/maraton-y-triatlon-chevron-skecher-mazatlan-2024-en-cdmx\/#primaryimage"},"thumbnailUrl":"https:\/\/esbozodeportivo.com\/wp-content\/uploads\/2024\/07\/maraton-1024x576.jpg","articleSection":["Amateur"],"inLanguage":"es","potentialAction":[{"@type":"CommentAction","name":"Comment","target":["https:\/\/esbozodeportivo.com\/index.php\/2024\/07\/18\/maraton-y-triatlon-chevron-skecher-mazatlan-2024-en-cdmx\/#respond"]}]},{"@type":"WebPage","@id":"https:\/\/esbozodeportivo.com\/index.php\/2024\/07\/18\/maraton-y-triatlon-chevron-skecher-mazatlan-2024-en-cdmx\/","url":"https:\/\/esbozodeportivo.com\/index.php\/2024\/07\/18\/maraton-y-triatlon-chevron-skecher-mazatlan-2024-en-cdmx\/","name":"Marat\u00f3n y Triatl\u00f3n Chevron, Skecher, Mazatl\u00e1n 2024 en CDMX - Esbozo Deportivo","isPartOf":{"@id":"https:\/\/esbozodeportivo.com\/#website"},"primaryImageOfPage":{"@id":"https:\/\/esbozodeportivo.com\/index.php\/2024\/07\/18\/maraton-y-triatlon-chevron-skecher-mazatlan-2024-en-cdmx\/#primaryimage"},"image":{"@id":"https:\/\/esbozodeportivo.com\/index.php\/2024\/07\/18\/maraton-y-triatlon-chevron-skecher-mazatlan-2024-en-cdmx\/#primaryimage"},"thumbnailUrl":"https:\/\/esbozodeportivo.com\/wp-content\/uploads\/2024\/07\/maraton-1024x576.jpg","datePublished":"2024-07-18T01:47:26+00:00","dateModified":"2024-07-18T01:58:48+00:00","breadcrumb":{"@id":"https:\/\/esbozodeportivo.com\/index.php\/2024\/07\/18\/maraton-y-triatlon-chevron-skecher-mazatlan-2024-en-cdmx\/#breadcrumb"},"inLanguage":"es","potentialAction":[{"@type":"ReadAction","target":["https:\/\/esbozodeportivo.com\/index.php\/2024\/07\/18\/maraton-y-triatlon-chevron-skecher-mazatlan-2024-en-cdmx\/"]}]},{"@type":"ImageObject","inLanguage":"es","@id":"https:\/\/esbozodeportivo.com\/index.php\/2024\/07\/18\/maraton-y-triatlon-chevron-skecher-mazatlan-2024-en-cdmx\/#primaryimage","url":"https:\/\/esbozodeportivo.com\/wp-content\/uploads\/2024\/07\/maraton.jpg","contentUrl":"https:\/\/esbozodeportivo.com\/wp-content\/uploads\/2024\/07\/maraton.jpg","width":1600,"height":900},{"@type":"BreadcrumbList","@id":"https:\/\/esbozodeportivo.com\/index.php\/2024\/07\/18\/maraton-y-triatlon-chevron-skecher-mazatlan-2024-en-cdmx\/#breadcrumb","itemListElement":[{"@type":"ListItem","position":1,"name":"Inicio","item":"https:\/\/esbozodeportivo.com\/"},{"@type":"ListItem","position":2,"name":"Marat\u00f3n y Triatl\u00f3n Chevron, Skecher, Mazatl\u00e1n 2024 en CDMX"}]},{"@type":"WebSite","@id":"https:\/\/esbozodeportivo.com\/#website","url":"https:\/\/esbozodeportivo.com\/","name":"Esbozo Deportivo","description":"Lo m\u00e1s importante del Deporte","publisher":{"@id":"https:\/\/esbozodeportivo.com\/#organization"},"potentialAction":[{"@type":"SearchAction","target":{"@type":"EntryPoint","urlTemplate":"https:\/\/esbozodeportivo.com\/?s={search_term_string}"},"query-input":{"@type":"PropertyValueSpecification","valueRequired":true,"valueName":"search_term_string"}}],"inLanguage":"es"},{"@type":"Organization","@id":"https:\/\/esbozodeportivo.com\/#organization","name":"Esbozo Deportivo","url":"https:\/\/esbozodeportivo.com\/","logo":{"@type":"ImageObject","inLanguage":"es","@id":"https:\/\/esbozodeportivo.com\/#\/schema\/logo\/image\/","url":"https:\/\/esbozodeportivo.com\/wp-content\/uploads\/2022\/08\/cropped-Logo-Esbozo-Web-2.png","contentUrl":"https:\/\/esbozodeportivo.com\/wp-content\/uploads\/2022\/08\/cropped-Logo-Esbozo-Web-2.png","width":180,"height":50,"caption":"Esbozo Deportivo"},"image":{"@id":"https:\/\/esbozodeportivo.com\/#\/schema\/logo\/image\/"}},{"@type":"Person","@id":"https:\/\/esbozodeportivo.com\/#\/schema\/person\/7277119c98823aec37bbb84e125efd44","name":"Javier De La Cruz","image":{"@type":"ImageObject","inLanguage":"es","@id":"https:\/\/esbozodeportivo.com\/#\/schema\/person\/image\/","url":"https:\/\/secure.gravatar.com\/avatar\/366235a56d20f1a6e8e3d0b295897639357bea880470ddf261d17bb0bc052eb1?s=96&d=mm&r=g","contentUrl":"https:\/\/secure.gravatar.com\/avatar\/366235a56d20f1a6e8e3d0b295897639357bea880470ddf261d17bb0bc052eb1?s=96&d=mm&r=g","caption":"Javier De La Cruz"},"url":"https:\/\/esbozodeportivo.com\/index.php\/author\/javier-de-la-cruz-de-la-cruz\/"}]}},"jetpack_featured_media_url":"","jetpack_sharing_enabled":true,"_links":{"self":[{"href":"https:\/\/esbozodeportivo.com\/index.php\/wp-json\/wp\/v2\/posts\/3939","targetHints":{"allow":["GET"]}}],"collection":[{"href":"https:\/\/esbozodeportivo.com\/index.php\/wp-json\/wp\/v2\/posts"}],"about":[{"href":"https:\/\/esbozodeportivo.com\/index.php\/wp-json\/wp\/v2\/types\/post"}],"author":[{"embeddable":true,"href":"https:\/\/esbozodeportivo.com\/index.php\/wp-json\/wp\/v2\/users\/2"}],"replies":[{"embeddable":true,"href":"https:\/\/esbozodeportivo.com\/index.php\/wp-json\/wp\/v2\/comments?post=3939"}],"version-history":[{"count":4,"href":"https:\/\/esbozodeportivo.com\/index.php\/wp-json\/wp\/v2\/posts\/3939\/revisions"}],"predecessor-version":[{"id":3948,"href":"https:\/\/esbozodeportivo.com\/index.php\/wp-json\/wp\/v2\/posts\/3939\/revisions\/3948"}],"wp:attachment":[{"href":"https:\/\/esbozodeportivo.com\/index.php\/wp-json\/wp\/v2\/media?parent=3939"}],"wp:term":[{"taxonomy":"category","embeddable":true,"href":"https:\/\/esbozodeportivo.com\/index.php\/wp-json\/wp\/v2\/categories?post=3939"},{"taxonomy":"post_tag","embeddable":true,"href":"https:\/\/esbozodeportivo.com\/index.php\/wp-json\/wp\/v2\/tags?post=3939"}],"curies":[{"name":"wp","href":"https:\/\/api.w.org\/{rel}","templated":true}]}}