{"id":3952,"date":"2024-07-27T04:34:15","date_gmt":"2024-07-27T04:34:15","guid":{"rendered":"https:\/\/esbozodeportivo.com\/?p=3952"},"modified":"2024-07-27T04:39:15","modified_gmt":"2024-07-27T04:39:15","slug":"atletas-de-acuatica-nelsonvarga-continuan-consolidado-el-podium-internacional","status":"publish","type":"post","link":"https:\/\/esbozodeportivo.com\/index.php\/2024\/07\/27\/atletas-de-acuatica-nelsonvarga-continuan-consolidado-el-podium-internacional\/","title":{"rendered":"Atletas de Acu\u00e1tica NelsonVarga Contin\u00faan Consolidado el Podium Internacional"},"content":{"rendered":"<style>\/*! elementor - v3.23.0 - 25-07-2024 *\/\n.elementor-widget-image{text-align:center}.elementor-widget-image a{display:inline-block}.elementor-widget-image a img[src$=\".svg\"]{width:48px}.elementor-widget-image img{vertical-align:middle;display:inline-block}<\/style>\n<p>\t\t\t\t\t\t\t\t\t\t<img loading=\"lazy\" decoding=\"async\" width=\"640\" height=\"426\" src=\"https:\/\/esbozodeportivo.com\/wp-content\/uploads\/2024\/07\/WhatsApp-Image-2024-07-26-at-9.26.53-PM-1024x682.jpeg\" alt=\"\" srcset=\"https:\/\/esbozodeportivo.com\/wp-content\/uploads\/2024\/07\/WhatsApp-Image-2024-07-26-at-9.26.53-PM-1024x682.jpeg 1024w, https:\/\/esbozodeportivo.com\/wp-content\/uploads\/2024\/07\/WhatsApp-Image-2024-07-26-at-9.26.53-PM-300x200.jpeg 300w, https:\/\/esbozodeportivo.com\/wp-content\/uploads\/2024\/07\/WhatsApp-Image-2024-07-26-at-9.26.53-PM-768x511.jpeg 768w, https:\/\/esbozodeportivo.com\/wp-content\/uploads\/2024\/07\/WhatsApp-Image-2024-07-26-at-9.26.53-PM.jpeg 1280w\" sizes=\"auto, (max-width: 640px) 100vw, 640px\" \/>\t\t\t\t\t\t\t\t\t\t\t\t\t<\/p>\n<p><strong>(Foto: acu\u00e1ticanelsonvargas)<\/p>\n<p><\/strong><\/p>\n<p><em>Toluca \u2013 EDOMEX vive una extraordinaria inauguraci\u00f3n del Torneo Nuevos Valores<\/em><\/p>\n<p><strong><u>\u00a0<\/u><\/strong>En Trinidad y Tobado se vive a\u00fan el Panamericano M\u00e1ster donde atletas de <strong><em>acu\u00e1tica nelsonvargas<\/em><\/strong> hacen presencia, en esta jornada se realiz\u00f3 una de las pruebas de la modalidad de aguas abiertas, all\u00ed se alcanzaron dos oros, tres platas y un bronce, esto a pesar de las malas condiciones del agua nuestros representantes lograron consolidar preseas en seis oportunidades.<\/p>\n<p>De destacar la actuaci\u00f3n de los dos due\u00f1os del centro del p\u00f3dium, ellos fueron: Araceli Rodr\u00edguez en la categor\u00eda 65-69 a\u00f1os y Christian Torres en su categor\u00eda 40-44 a\u00f1os<\/p>\n<p>\t\t\t\t\t\t\t\t\t\t\t\t\t<img loading=\"lazy\" decoding=\"async\" width=\"640\" height=\"480\" src=\"https:\/\/esbozodeportivo.com\/wp-content\/uploads\/2024\/07\/WhatsApp-Image-2024-07-26-at-9.26.48-PM-1024x768.jpeg\" alt=\"\" srcset=\"https:\/\/esbozodeportivo.com\/wp-content\/uploads\/2024\/07\/WhatsApp-Image-2024-07-26-at-9.26.48-PM-1024x768.jpeg 1024w, https:\/\/esbozodeportivo.com\/wp-content\/uploads\/2024\/07\/WhatsApp-Image-2024-07-26-at-9.26.48-PM-300x225.jpeg 300w, https:\/\/esbozodeportivo.com\/wp-content\/uploads\/2024\/07\/WhatsApp-Image-2024-07-26-at-9.26.48-PM-768x576.jpeg 768w, https:\/\/esbozodeportivo.com\/wp-content\/uploads\/2024\/07\/WhatsApp-Image-2024-07-26-at-9.26.48-PM.jpeg 1280w\" sizes=\"auto, (max-width: 640px) 100vw, 640px\" \/>\t\t\t\t\t\t\t\t\t\t\t\t\t<\/p>\n<p><strong>(Foto: acu\u00e1ticanelsonvargas)<\/p>\n<p><\/strong><\/p>\n<p>Los medallistas:<\/p>\n<table>\n<tbody>\n<tr>\n<td width=\"72\">\n<h5><strong>PRESEA<\/strong><\/h5>\n<\/td>\n<td width=\"128\">\n<h5><strong>NOMBRE<\/strong><\/h5>\n<\/td>\n<td width=\"95\">\n<h5><strong>CATEGOR\u00cdA<\/strong><\/h5>\n<\/td>\n<\/tr>\n<tr>\n<td width=\"72\">\n<h5>Oro<\/h5>\n<\/td>\n<td width=\"128\">\n<h5>Araceli Rodr\u00edguez<\/h5>\n<\/td>\n<td width=\"95\">\n<h5>65-69<\/h5>\n<\/td>\n<\/tr>\n<tr>\n<td width=\"72\">\n<h5>Oro<\/h5>\n<\/td>\n<td width=\"128\">\n<h5>Christian Torres<\/h5>\n<\/td>\n<td width=\"95\">\n<h5>40-44<\/h5>\n<\/td>\n<\/tr>\n<tr>\n<td width=\"72\">\n<h5>Plata<\/h5>\n<\/td>\n<td width=\"128\">\n<h5>Martha Olgu\u00edn<\/h5>\n<\/td>\n<td width=\"95\">\n<h5>70-74<\/h5>\n<\/td>\n<\/tr>\n<tr>\n<td width=\"72\">\n<h5>Plata<\/h5>\n<\/td>\n<td width=\"128\">\n<h5>Mariana Hern\u00e1ndez<\/h5>\n<\/td>\n<td width=\"95\">\n<h5>45-49<\/h5>\n<\/td>\n<\/tr>\n<tr>\n<td width=\"72\">\n<h5>Plata<\/h5>\n<\/td>\n<td width=\"128\">\n<h5>Guivani Guzm\u00e1n<\/h5>\n<\/td>\n<td width=\"95\">\n<h5>25-29<\/h5>\n<\/td>\n<\/tr>\n<tr>\n<td width=\"72\">\n<h5>Bronce<\/h5>\n<\/td>\n<td width=\"128\">\n<h5>Omar Torres<\/h5>\n<\/td>\n<td width=\"95\">\n<h5>35-39<\/h5>\n<\/td>\n<\/tr>\n<\/tbody>\n<\/table>\n<p>\t\t\t\t\t\t\t\t\t\t\t\t\t<img loading=\"lazy\" decoding=\"async\" width=\"640\" height=\"853\" src=\"https:\/\/esbozodeportivo.com\/wp-content\/uploads\/2024\/07\/WhatsApp-Image-2024-07-26-at-9.26.41-PM-768x1024.jpeg\" alt=\"\" srcset=\"https:\/\/esbozodeportivo.com\/wp-content\/uploads\/2024\/07\/WhatsApp-Image-2024-07-26-at-9.26.41-PM-768x1024.jpeg 768w, https:\/\/esbozodeportivo.com\/wp-content\/uploads\/2024\/07\/WhatsApp-Image-2024-07-26-at-9.26.41-PM-225x300.jpeg 225w, https:\/\/esbozodeportivo.com\/wp-content\/uploads\/2024\/07\/WhatsApp-Image-2024-07-26-at-9.26.41-PM.jpeg 960w\" sizes=\"auto, (max-width: 640px) 100vw, 640px\" \/>\t\t\t\t\t\t\t\t\t\t\t\t\t<\/p>\n<p><strong>(Foto: acu\u00e1ticanelsonvargas)<\/p>\n<p><\/strong><\/p>\n<p>Y mientras esto suced\u00eda en Trinidad y Tobago en Garland, Texas, Estados Unidos, se llevaba a cabo una nueva jornada del 2024 TYR American Long Course, donde 18 de los integrantes de <strong><em>acu\u00e1tica nelsonvargas<\/em><\/strong> han competido y alcanzado grandes resultados.<\/p>\n<p>De darse a conocer que este evento alberga nadadores que cursan la escuela secundaria hasta universitarios, por eso la importancia y tal nivel de competencia, adem\u00e1s, esta cita competitiva tiene formato un d\u00f3nde se nadan eliminatorias y en la tarde hay cinco finales.<\/p>\n<p>En esta jornada y en la prueba de largo aliento, los 1500 m libre en la rama femenina, nuestra atleta Regina Vel\u00e1zquez Vela, obtuvo la segunda plaza, posici\u00f3n que le permiti\u00f3 alcanzar la medalla de plata, esto al detener el cronometro, en 18.02.58. El centro del p\u00f3dium lo alcanz\u00f3 Ella Dyson, con: 16.55.73 y el bronce fue para Quinn Putchinski, con: 18.03.21.<\/p>\n<p>\t\t\t\t\t\t\t\t\t\t\t\t\t<img loading=\"lazy\" decoding=\"async\" width=\"640\" height=\"426\" src=\"https:\/\/esbozodeportivo.com\/wp-content\/uploads\/2024\/07\/WhatsApp-Image-2024-07-26-at-9.26.49-PM-1-1024x682.jpeg\" alt=\"\" srcset=\"https:\/\/esbozodeportivo.com\/wp-content\/uploads\/2024\/07\/WhatsApp-Image-2024-07-26-at-9.26.49-PM-1-1024x682.jpeg 1024w, https:\/\/esbozodeportivo.com\/wp-content\/uploads\/2024\/07\/WhatsApp-Image-2024-07-26-at-9.26.49-PM-1-300x200.jpeg 300w, https:\/\/esbozodeportivo.com\/wp-content\/uploads\/2024\/07\/WhatsApp-Image-2024-07-26-at-9.26.49-PM-1-768x511.jpeg 768w, https:\/\/esbozodeportivo.com\/wp-content\/uploads\/2024\/07\/WhatsApp-Image-2024-07-26-at-9.26.49-PM-1.jpeg 1280w\" sizes=\"auto, (max-width: 640px) 100vw, 640px\" \/>\t\t\t\t\t\t\t\t\t\t\t\t\t<\/p>\n<p><strong>(Foto: acu\u00e1ticanelsonvargas)<\/p>\n<p><\/strong><\/p>\n<p>Es de destacarse que, est\u00e1 atleta ha logrado ya, dos metales de plata, el segundo fue asegurado en la prueba de los 400 m libre, donde se sit\u00faa en esta posici\u00f3n gracias a su registro, de: 4.30.72; el oro de esta prueba fue alcanzado, por: Ella Dyson, con: 4.21.81 y la tercera plaza fue consolidada, por: Sami Johnson, con: 4.31.40.<\/p>\n<p>En las \u00faltimas pruebas de esta programaci\u00f3n, su compa\u00f1era de equipo Giannitsa Garc\u00eda L\u00f3pez, alcanz\u00f3 el bronce en los 100 m mariposa, esto con un tiempo, de: 1.03.86. La primera plaza la logr\u00f3 Eloise Williamson, con: 1.02.50; seguida de Catherine Eland, con: 1.03.33<\/p>\n<p>\u00a0<\/p>\n<p>\t\t\t\t\t\t\t\t\t\t\t\t\t<img loading=\"lazy\" decoding=\"async\" width=\"640\" height=\"853\" src=\"https:\/\/esbozodeportivo.com\/wp-content\/uploads\/2024\/07\/WhatsApp-Image-2024-07-26-at-9.26.44-PM-768x1024.jpeg\" alt=\"\" srcset=\"https:\/\/esbozodeportivo.com\/wp-content\/uploads\/2024\/07\/WhatsApp-Image-2024-07-26-at-9.26.44-PM-768x1024.jpeg 768w, https:\/\/esbozodeportivo.com\/wp-content\/uploads\/2024\/07\/WhatsApp-Image-2024-07-26-at-9.26.44-PM-225x300.jpeg 225w, https:\/\/esbozodeportivo.com\/wp-content\/uploads\/2024\/07\/WhatsApp-Image-2024-07-26-at-9.26.44-PM.jpeg 960w\" sizes=\"auto, (max-width: 640px) 100vw, 640px\" \/>\t\t\t\t\t\t\t\t\t\t\t\t\t<\/p>\n<p>Los medallistas de la jornada:<\/p>\n<table>\n<tbody>\n<tr>\n<td width=\"76\">\n<h5><strong>PRESEA<\/strong><\/h5>\n<\/td>\n<td width=\"251\">\n<h5><strong>NOMBRE<\/strong><\/h5>\n<\/td>\n<td width=\"96\">\n<h5><strong>TIEMPO<\/strong><\/h5>\n<\/td>\n<td width=\"173\">\n<h5><strong>PRUEBA<\/strong><\/h5>\n<\/td>\n<\/tr>\n<tr>\n<td width=\"76\">\n<h5>Plata<\/h5>\n<\/td>\n<td width=\"251\">\n<h5>Regina Vel\u00e1zquez Vela<\/h5>\n<\/td>\n<td width=\"96\">\n<h5>18.02.58<\/h5>\n<\/td>\n<td width=\"173\">\n<h5>1500 m libre<\/h5>\n<\/td>\n<\/tr>\n<tr>\n<td width=\"76\">\n<h5>Plata<\/h5>\n<\/td>\n<td width=\"251\">\n<h5>Regina Vel\u00e1zquez Vela<\/h5>\n<\/td>\n<td width=\"96\">\n<h5>4.30.72<\/h5>\n<\/td>\n<td width=\"173\">\n<h5>400 m libre<\/h5>\n<\/td>\n<\/tr>\n<tr>\n<td width=\"76\">\n<h5>Bronce<\/h5>\n<\/td>\n<td width=\"251\">\n<h5>Giannitsa Garc\u00eda L\u00f3pez<\/h5>\n<\/td>\n<td width=\"96\">\n<h5>1.03.86<\/h5>\n<\/td>\n<td width=\"173\">\n<h5>100 m mariposa<\/h5>\n<\/td>\n<\/tr>\n<\/tbody>\n<\/table>\n<p>\t\t\t\t\t\t\t\t\t\t\t\t\t<img loading=\"lazy\" decoding=\"async\" width=\"640\" height=\"480\" src=\"https:\/\/esbozodeportivo.com\/wp-content\/uploads\/2024\/07\/WhatsApp-Image-2024-07-26-at-9.26.45-PM-1024x768.jpeg\" alt=\"\" srcset=\"https:\/\/esbozodeportivo.com\/wp-content\/uploads\/2024\/07\/WhatsApp-Image-2024-07-26-at-9.26.45-PM-1024x768.jpeg 1024w, https:\/\/esbozodeportivo.com\/wp-content\/uploads\/2024\/07\/WhatsApp-Image-2024-07-26-at-9.26.45-PM-300x225.jpeg 300w, https:\/\/esbozodeportivo.com\/wp-content\/uploads\/2024\/07\/WhatsApp-Image-2024-07-26-at-9.26.45-PM-768x576.jpeg 768w, https:\/\/esbozodeportivo.com\/wp-content\/uploads\/2024\/07\/WhatsApp-Image-2024-07-26-at-9.26.45-PM.jpeg 1280w\" sizes=\"auto, (max-width: 640px) 100vw, 640px\" \/>\t\t\t\t\t\t\t\t\t\t\t\t\t<\/p>\n<p><strong>(Foto: acu\u00e1ticanelsonvargas)<\/p>\n<p><\/strong><\/p>\n<p><strong><u>Toluca \u2013 EDOMEX vive una extraordinaria inauguraci\u00f3n del Torneo Nuevos Valores<\/u><\/strong>:<\/p>\n<p>En Toluca \u2013 Estado de M\u00e9xico en sus instalaciones del Centro Acu\u00e1tico Edomex en Zinacantepec se realiz\u00f3 durante esta jornada la inauguraci\u00f3n del 34\u00b0 Torneo Nuevos Valores, evento que fue creado por el Profesor Nelson Vargas y que convoca a atletas de todo el pa\u00eds junto a sus equipos t\u00e9cnicos y familias, quienes buscan en esta opci\u00f3n competitiva seguir fortaleciendo el nivel de las nuevas generaciones de nadadores.<\/p>\n<p>Esta imponente inauguraci\u00f3n se logr\u00f3 gracias a un extraordinario equipo de trabajo que integra a <strong><em>acu\u00e1tica nelsonvargas<\/em><\/strong>, sumado a la confianza y esfuerzos de la Direcci\u00f3n General de Cultura F\u00edsica y Deporte del Estado de M\u00e9xico, lo que permiti\u00f3 un acto protocolario imponente donde todos los presentes vivieron de primera mano una competencia de alto nivel.<\/p>\n<p>\t\t\t\t\t\t\t\t\t\t\t\t\t<img loading=\"lazy\" decoding=\"async\" width=\"640\" height=\"426\" src=\"https:\/\/esbozodeportivo.com\/wp-content\/uploads\/2024\/07\/WhatsApp-Image-2024-07-26-at-9.26.50-PM-1024x682.jpeg\" alt=\"\" srcset=\"https:\/\/esbozodeportivo.com\/wp-content\/uploads\/2024\/07\/WhatsApp-Image-2024-07-26-at-9.26.50-PM-1024x682.jpeg 1024w, https:\/\/esbozodeportivo.com\/wp-content\/uploads\/2024\/07\/WhatsApp-Image-2024-07-26-at-9.26.50-PM-300x200.jpeg 300w, https:\/\/esbozodeportivo.com\/wp-content\/uploads\/2024\/07\/WhatsApp-Image-2024-07-26-at-9.26.50-PM-768x511.jpeg 768w, https:\/\/esbozodeportivo.com\/wp-content\/uploads\/2024\/07\/WhatsApp-Image-2024-07-26-at-9.26.50-PM.jpeg 1280w\" sizes=\"auto, (max-width: 640px) 100vw, 640px\" \/>\t\t\t\t\t\t\t\t\t\t\t\t\t<\/p>\n<p><strong>(Foto: acu\u00e1ticanelsonvargas)<\/p>\n<p><\/strong><\/p>\n<p>En el acto inaugural desfilaron los atletas que representan a sus clubes de los estados, de: Hidalgo, Baja California Ciudad de M\u00e9xico, Chihuahua, Morelos, Puebla, Quer\u00e9taro y el gran anfitri\u00f3n el Estado de M\u00e9xico. De darse a conocer que, all\u00ed estuvo desacat\u00e1ndose la nutrida delegaci\u00f3n de <strong><em>acu\u00e1tica nelsonvargas<\/em><\/strong> y sus sucursales.<\/p>\n<p>Aprovechando este extraordinario espacio se realizaron importantes reconocimientos, esto a los atletas que representaron a la ciudad de Toluca en los International Children\u00b4s Games, cita deportiva que se llev\u00f3 a cabo hace tan s\u00f3lo una semana en la ciudad de Le\u00f3n &#8211; Guanajuato y que alberg\u00f3 ciudades de 54 pa\u00edses participantes.<\/p>\n<p>Los deportistas reconocidos, fueron: Jessica Perla Garc\u00eda, Mat\u00edas N\u00fa\u00f1ez, Emilio Cruz, Andr\u00e9s Lara, Natalia Ojeda, Clara S\u00e1nchez, de igual forma fueron exaltador por su trabajo, dedicaci\u00f3n, esfuerzo y disciplina los formadores y entrenadores: Andrea Gallardo, Luis Gabriel Mart\u00ednez, Arturo Garc\u00eda y Antoni Estrada.<\/p>\n<p>\u00a0<\/p>\n<p>\t\t\t\t\t\t\t\t\t\t\t\t\t<img loading=\"lazy\" decoding=\"async\" width=\"640\" height=\"426\" src=\"https:\/\/esbozodeportivo.com\/wp-content\/uploads\/2024\/07\/WhatsApp-Image-2024-07-26-at-9.26.49-PM-1024x682.jpeg\" alt=\"\" srcset=\"https:\/\/esbozodeportivo.com\/wp-content\/uploads\/2024\/07\/WhatsApp-Image-2024-07-26-at-9.26.49-PM-1024x682.jpeg 1024w, https:\/\/esbozodeportivo.com\/wp-content\/uploads\/2024\/07\/WhatsApp-Image-2024-07-26-at-9.26.49-PM-300x200.jpeg 300w, https:\/\/esbozodeportivo.com\/wp-content\/uploads\/2024\/07\/WhatsApp-Image-2024-07-26-at-9.26.49-PM-768x511.jpeg 768w, https:\/\/esbozodeportivo.com\/wp-content\/uploads\/2024\/07\/WhatsApp-Image-2024-07-26-at-9.26.49-PM.jpeg 1280w\" sizes=\"auto, (max-width: 640px) 100vw, 640px\" \/>\t\t\t\t\t\t\t\t\t\t\t\t\t<\/p>\n<p><strong>(Foto: acu\u00e1ticanelsonvargas)<\/p>\n<p><\/strong><\/p>\n<p>Para esta entrega de tales exaltaciones, Miguel \u00c1ngel Hern\u00e1ndez Espejel, secretario de Educaci\u00f3n, Ciencia, Tecnolog\u00eda e Innovaci\u00f3n del Estado de M\u00e9xico, destac\u00f3 que estos eventos son una pieza fundamental para fortalecer las nuevas generaciones de los atletas.<\/p>\n<p>A voz seguida el profesor Nelson Vargas, agreg\u00f3: <em>\u201c\u2026 Esto no podr\u00eda ser posible sin el apoyo de quienes est\u00e1n en la tribuna, es decir los pap\u00e1s que siempre est\u00e1n ayudando, pero m\u00e1s que los pap\u00e1s son los mam\u00e1s. Para este evento son 34 a\u00f1os seguidos, agradezco a todos su confianza y seguir creyendo y participando\u2026\u201d.<\/em><\/p>\n<p>Finalmente, y cerrando el acto de inauguraci\u00f3n, Manuel Sotomayor, director de la Direcci\u00f3n General de Cultura F\u00edsica y Deporte del Estado de M\u00e9xico, punte\u00f3 la importancia de trabajar con las bases y la estrategia de las <strong><em>acu\u00e1ticas nelsonvargas<\/em><\/strong>, a tal grado que de ellas han surgido los dos nadadores (Jorge Iga y Miguel de Lara) que van a representar a M\u00e9xico en los Juegos Ol\u00edmpicos \u2013 Paris 2024.<\/p>\n<p>\u00a0<\/p>\n<p>\t\t\t\t\t\t\t\t\t\t\t\t\t<img loading=\"lazy\" decoding=\"async\" width=\"640\" height=\"426\" src=\"https:\/\/esbozodeportivo.com\/wp-content\/uploads\/2024\/07\/WhatsApp-Image-2024-07-26-at-9.26.51-PM-1024x682.jpeg\" alt=\"\" srcset=\"https:\/\/esbozodeportivo.com\/wp-content\/uploads\/2024\/07\/WhatsApp-Image-2024-07-26-at-9.26.51-PM-1024x682.jpeg 1024w, https:\/\/esbozodeportivo.com\/wp-content\/uploads\/2024\/07\/WhatsApp-Image-2024-07-26-at-9.26.51-PM-300x200.jpeg 300w, https:\/\/esbozodeportivo.com\/wp-content\/uploads\/2024\/07\/WhatsApp-Image-2024-07-26-at-9.26.51-PM-768x511.jpeg 768w, https:\/\/esbozodeportivo.com\/wp-content\/uploads\/2024\/07\/WhatsApp-Image-2024-07-26-at-9.26.51-PM.jpeg 1280w\" sizes=\"auto, (max-width: 640px) 100vw, 640px\" \/>\t\t\t\t\t\t\t\t\t\t\t\t\t<\/p>\n<p><strong>(Foto: acu\u00e1ticanelsonvargas)<\/p>\n<p><\/strong><\/p>\n","protected":false},"excerpt":{"rendered":"<p>(Foto: acu\u00e1ticanelsonvargas) Toluca \u2013 EDOMEX vive una extraordinaria inauguraci\u00f3n del Torneo Nuevos Valores \u00a0En Trinidad<\/p>\n","protected":false},"author":2,"featured_media":0,"comment_status":"open","ping_status":"open","sticky":false,"template":"","format":"standard","meta":{"_jetpack_memberships_contains_paid_content":false,"footnotes":""},"categories":[5],"tags":[],"class_list":["post-3952","post","type-post","status-publish","format-standard","hentry","category-amateur"],"yoast_head":"<!-- This site is optimized with the Yoast SEO plugin v25.7 - https:\/\/yoast.com\/wordpress\/plugins\/seo\/ -->\n<title>Atletas de Acu\u00e1tica NelsonVarga Contin\u00faan Consolidado el Podium Internacional - Esbozo Deportivo<\/title>\n<meta name=\"robots\" content=\"index, follow, max-snippet:-1, max-image-preview:large, max-video-preview:-1\" \/>\n<link rel=\"canonical\" href=\"https:\/\/esbozodeportivo.com\/index.php\/2024\/07\/27\/atletas-de-acuatica-nelsonvarga-continuan-consolidado-el-podium-internacional\/\" \/>\n<meta property=\"og:locale\" content=\"es_MX\" \/>\n<meta property=\"og:type\" content=\"article\" \/>\n<meta property=\"og:title\" content=\"Atletas de Acu\u00e1tica NelsonVarga Contin\u00faan Consolidado el Podium Internacional - Esbozo Deportivo\" \/>\n<meta property=\"og:description\" content=\"(Foto: acu\u00e1ticanelsonvargas) Toluca \u2013 EDOMEX vive una extraordinaria inauguraci\u00f3n del Torneo Nuevos Valores \u00a0En Trinidad\" \/>\n<meta property=\"og:url\" content=\"https:\/\/esbozodeportivo.com\/index.php\/2024\/07\/27\/atletas-de-acuatica-nelsonvarga-continuan-consolidado-el-podium-internacional\/\" \/>\n<meta property=\"og:site_name\" content=\"Esbozo Deportivo\" \/>\n<meta property=\"article:published_time\" content=\"2024-07-27T04:34:15+00:00\" \/>\n<meta property=\"article:modified_time\" content=\"2024-07-27T04:39:15+00:00\" \/>\n<meta property=\"og:image\" content=\"https:\/\/esbozodeportivo.com\/wp-content\/uploads\/2024\/07\/WhatsApp-Image-2024-07-26-at-9.26.53-PM-1024x682.jpeg\" \/>\n<meta name=\"author\" content=\"Javier De La Cruz\" \/>\n<meta name=\"twitter:card\" content=\"summary_large_image\" \/>\n<meta name=\"twitter:label1\" content=\"Escrito por\" \/>\n\t<meta name=\"twitter:data1\" content=\"Javier De La Cruz\" \/>\n\t<meta name=\"twitter:label2\" content=\"Tiempo de lectura\" \/>\n\t<meta name=\"twitter:data2\" content=\"5 minutos\" \/>\n<script type=\"application\/ld+json\" class=\"yoast-schema-graph\">{\"@context\":\"https:\/\/schema.org\",\"@graph\":[{\"@type\":\"Article\",\"@id\":\"https:\/\/esbozodeportivo.com\/index.php\/2024\/07\/27\/atletas-de-acuatica-nelsonvarga-continuan-consolidado-el-podium-internacional\/#article\",\"isPartOf\":{\"@id\":\"https:\/\/esbozodeportivo.com\/index.php\/2024\/07\/27\/atletas-de-acuatica-nelsonvarga-continuan-consolidado-el-podium-internacional\/\"},\"author\":{\"name\":\"Javier De La Cruz\",\"@id\":\"https:\/\/esbozodeportivo.com\/#\/schema\/person\/7277119c98823aec37bbb84e125efd44\"},\"headline\":\"Atletas de Acu\u00e1tica NelsonVarga Contin\u00faan Consolidado el Podium Internacional\",\"datePublished\":\"2024-07-27T04:34:15+00:00\",\"dateModified\":\"2024-07-27T04:39:15+00:00\",\"mainEntityOfPage\":{\"@id\":\"https:\/\/esbozodeportivo.com\/index.php\/2024\/07\/27\/atletas-de-acuatica-nelsonvarga-continuan-consolidado-el-podium-internacional\/\"},\"wordCount\":941,\"commentCount\":0,\"publisher\":{\"@id\":\"https:\/\/esbozodeportivo.com\/#organization\"},\"image\":{\"@id\":\"https:\/\/esbozodeportivo.com\/index.php\/2024\/07\/27\/atletas-de-acuatica-nelsonvarga-continuan-consolidado-el-podium-internacional\/#primaryimage\"},\"thumbnailUrl\":\"https:\/\/esbozodeportivo.com\/wp-content\/uploads\/2024\/07\/WhatsApp-Image-2024-07-26-at-9.26.53-PM-1024x682.jpeg\",\"articleSection\":[\"Amateur\"],\"inLanguage\":\"es\",\"potentialAction\":[{\"@type\":\"CommentAction\",\"name\":\"Comment\",\"target\":[\"https:\/\/esbozodeportivo.com\/index.php\/2024\/07\/27\/atletas-de-acuatica-nelsonvarga-continuan-consolidado-el-podium-internacional\/#respond\"]}]},{\"@type\":\"WebPage\",\"@id\":\"https:\/\/esbozodeportivo.com\/index.php\/2024\/07\/27\/atletas-de-acuatica-nelsonvarga-continuan-consolidado-el-podium-internacional\/\",\"url\":\"https:\/\/esbozodeportivo.com\/index.php\/2024\/07\/27\/atletas-de-acuatica-nelsonvarga-continuan-consolidado-el-podium-internacional\/\",\"name\":\"Atletas de Acu\u00e1tica NelsonVarga Contin\u00faan Consolidado el Podium Internacional - Esbozo Deportivo\",\"isPartOf\":{\"@id\":\"https:\/\/esbozodeportivo.com\/#website\"},\"primaryImageOfPage\":{\"@id\":\"https:\/\/esbozodeportivo.com\/index.php\/2024\/07\/27\/atletas-de-acuatica-nelsonvarga-continuan-consolidado-el-podium-internacional\/#primaryimage\"},\"image\":{\"@id\":\"https:\/\/esbozodeportivo.com\/index.php\/2024\/07\/27\/atletas-de-acuatica-nelsonvarga-continuan-consolidado-el-podium-internacional\/#primaryimage\"},\"thumbnailUrl\":\"https:\/\/esbozodeportivo.com\/wp-content\/uploads\/2024\/07\/WhatsApp-Image-2024-07-26-at-9.26.53-PM-1024x682.jpeg\",\"datePublished\":\"2024-07-27T04:34:15+00:00\",\"dateModified\":\"2024-07-27T04:39:15+00:00\",\"breadcrumb\":{\"@id\":\"https:\/\/esbozodeportivo.com\/index.php\/2024\/07\/27\/atletas-de-acuatica-nelsonvarga-continuan-consolidado-el-podium-internacional\/#breadcrumb\"},\"inLanguage\":\"es\",\"potentialAction\":[{\"@type\":\"ReadAction\",\"target\":[\"https:\/\/esbozodeportivo.com\/index.php\/2024\/07\/27\/atletas-de-acuatica-nelsonvarga-continuan-consolidado-el-podium-internacional\/\"]}]},{\"@type\":\"ImageObject\",\"inLanguage\":\"es\",\"@id\":\"https:\/\/esbozodeportivo.com\/index.php\/2024\/07\/27\/atletas-de-acuatica-nelsonvarga-continuan-consolidado-el-podium-internacional\/#primaryimage\",\"url\":\"https:\/\/esbozodeportivo.com\/wp-content\/uploads\/2024\/07\/WhatsApp-Image-2024-07-26-at-9.26.53-PM-1024x682.jpeg\",\"contentUrl\":\"https:\/\/esbozodeportivo.com\/wp-content\/uploads\/2024\/07\/WhatsApp-Image-2024-07-26-at-9.26.53-PM-1024x682.jpeg\"},{\"@type\":\"BreadcrumbList\",\"@id\":\"https:\/\/esbozodeportivo.com\/index.php\/2024\/07\/27\/atletas-de-acuatica-nelsonvarga-continuan-consolidado-el-podium-internacional\/#breadcrumb\",\"itemListElement\":[{\"@type\":\"ListItem\",\"position\":1,\"name\":\"Inicio\",\"item\":\"https:\/\/esbozodeportivo.com\/\"},{\"@type\":\"ListItem\",\"position\":2,\"name\":\"Atletas de Acu\u00e1tica NelsonVarga Contin\u00faan Consolidado el Podium Internacional\"}]},{\"@type\":\"WebSite\",\"@id\":\"https:\/\/esbozodeportivo.com\/#website\",\"url\":\"https:\/\/esbozodeportivo.com\/\",\"name\":\"Esbozo Deportivo\",\"description\":\"Lo m\u00e1s importante del Deporte\",\"publisher\":{\"@id\":\"https:\/\/esbozodeportivo.com\/#organization\"},\"potentialAction\":[{\"@type\":\"SearchAction\",\"target\":{\"@type\":\"EntryPoint\",\"urlTemplate\":\"https:\/\/esbozodeportivo.com\/?s={search_term_string}\"},\"query-input\":{\"@type\":\"PropertyValueSpecification\",\"valueRequired\":true,\"valueName\":\"search_term_string\"}}],\"inLanguage\":\"es\"},{\"@type\":\"Organization\",\"@id\":\"https:\/\/esbozodeportivo.com\/#organization\",\"name\":\"Esbozo Deportivo\",\"url\":\"https:\/\/esbozodeportivo.com\/\",\"logo\":{\"@type\":\"ImageObject\",\"inLanguage\":\"es\",\"@id\":\"https:\/\/esbozodeportivo.com\/#\/schema\/logo\/image\/\",\"url\":\"https:\/\/esbozodeportivo.com\/wp-content\/uploads\/2022\/08\/cropped-Logo-Esbozo-Web-2.png\",\"contentUrl\":\"https:\/\/esbozodeportivo.com\/wp-content\/uploads\/2022\/08\/cropped-Logo-Esbozo-Web-2.png\",\"width\":180,\"height\":50,\"caption\":\"Esbozo Deportivo\"},\"image\":{\"@id\":\"https:\/\/esbozodeportivo.com\/#\/schema\/logo\/image\/\"}},{\"@type\":\"Person\",\"@id\":\"https:\/\/esbozodeportivo.com\/#\/schema\/person\/7277119c98823aec37bbb84e125efd44\",\"name\":\"Javier De La Cruz\",\"image\":{\"@type\":\"ImageObject\",\"inLanguage\":\"es\",\"@id\":\"https:\/\/esbozodeportivo.com\/#\/schema\/person\/image\/\",\"url\":\"https:\/\/secure.gravatar.com\/avatar\/366235a56d20f1a6e8e3d0b295897639357bea880470ddf261d17bb0bc052eb1?s=96&d=mm&r=g\",\"contentUrl\":\"https:\/\/secure.gravatar.com\/avatar\/366235a56d20f1a6e8e3d0b295897639357bea880470ddf261d17bb0bc052eb1?s=96&d=mm&r=g\",\"caption\":\"Javier De La Cruz\"},\"url\":\"https:\/\/esbozodeportivo.com\/index.php\/author\/javier-de-la-cruz-de-la-cruz\/\"}]}<\/script>\n<!-- \/ Yoast SEO plugin. -->","yoast_head_json":{"title":"Atletas de Acu\u00e1tica NelsonVarga Contin\u00faan Consolidado el Podium Internacional - Esbozo Deportivo","robots":{"index":"index","follow":"follow","max-snippet":"max-snippet:-1","max-image-preview":"max-image-preview:large","max-video-preview":"max-video-preview:-1"},"canonical":"https:\/\/esbozodeportivo.com\/index.php\/2024\/07\/27\/atletas-de-acuatica-nelsonvarga-continuan-consolidado-el-podium-internacional\/","og_locale":"es_MX","og_type":"article","og_title":"Atletas de Acu\u00e1tica NelsonVarga Contin\u00faan Consolidado el Podium Internacional - Esbozo Deportivo","og_description":"(Foto: acu\u00e1ticanelsonvargas) Toluca \u2013 EDOMEX vive una extraordinaria inauguraci\u00f3n del Torneo Nuevos Valores \u00a0En Trinidad","og_url":"https:\/\/esbozodeportivo.com\/index.php\/2024\/07\/27\/atletas-de-acuatica-nelsonvarga-continuan-consolidado-el-podium-internacional\/","og_site_name":"Esbozo Deportivo","article_published_time":"2024-07-27T04:34:15+00:00","article_modified_time":"2024-07-27T04:39:15+00:00","og_image":[{"url":"https:\/\/esbozodeportivo.com\/wp-content\/uploads\/2024\/07\/WhatsApp-Image-2024-07-26-at-9.26.53-PM-1024x682.jpeg","type":"","width":"","height":""}],"author":"Javier De La Cruz","twitter_card":"summary_large_image","twitter_misc":{"Escrito por":"Javier De La Cruz","Tiempo de lectura":"5 minutos"},"schema":{"@context":"https:\/\/schema.org","@graph":[{"@type":"Article","@id":"https:\/\/esbozodeportivo.com\/index.php\/2024\/07\/27\/atletas-de-acuatica-nelsonvarga-continuan-consolidado-el-podium-internacional\/#article","isPartOf":{"@id":"https:\/\/esbozodeportivo.com\/index.php\/2024\/07\/27\/atletas-de-acuatica-nelsonvarga-continuan-consolidado-el-podium-internacional\/"},"author":{"name":"Javier De La Cruz","@id":"https:\/\/esbozodeportivo.com\/#\/schema\/person\/7277119c98823aec37bbb84e125efd44"},"headline":"Atletas de Acu\u00e1tica NelsonVarga Contin\u00faan Consolidado el Podium Internacional","datePublished":"2024-07-27T04:34:15+00:00","dateModified":"2024-07-27T04:39:15+00:00","mainEntityOfPage":{"@id":"https:\/\/esbozodeportivo.com\/index.php\/2024\/07\/27\/atletas-de-acuatica-nelsonvarga-continuan-consolidado-el-podium-internacional\/"},"wordCount":941,"commentCount":0,"publisher":{"@id":"https:\/\/esbozodeportivo.com\/#organization"},"image":{"@id":"https:\/\/esbozodeportivo.com\/index.php\/2024\/07\/27\/atletas-de-acuatica-nelsonvarga-continuan-consolidado-el-podium-internacional\/#primaryimage"},"thumbnailUrl":"https:\/\/esbozodeportivo.com\/wp-content\/uploads\/2024\/07\/WhatsApp-Image-2024-07-26-at-9.26.53-PM-1024x682.jpeg","articleSection":["Amateur"],"inLanguage":"es","potentialAction":[{"@type":"CommentAction","name":"Comment","target":["https:\/\/esbozodeportivo.com\/index.php\/2024\/07\/27\/atletas-de-acuatica-nelsonvarga-continuan-consolidado-el-podium-internacional\/#respond"]}]},{"@type":"WebPage","@id":"https:\/\/esbozodeportivo.com\/index.php\/2024\/07\/27\/atletas-de-acuatica-nelsonvarga-continuan-consolidado-el-podium-internacional\/","url":"https:\/\/esbozodeportivo.com\/index.php\/2024\/07\/27\/atletas-de-acuatica-nelsonvarga-continuan-consolidado-el-podium-internacional\/","name":"Atletas de Acu\u00e1tica NelsonVarga Contin\u00faan Consolidado el Podium Internacional - Esbozo Deportivo","isPartOf":{"@id":"https:\/\/esbozodeportivo.com\/#website"},"primaryImageOfPage":{"@id":"https:\/\/esbozodeportivo.com\/index.php\/2024\/07\/27\/atletas-de-acuatica-nelsonvarga-continuan-consolidado-el-podium-internacional\/#primaryimage"},"image":{"@id":"https:\/\/esbozodeportivo.com\/index.php\/2024\/07\/27\/atletas-de-acuatica-nelsonvarga-continuan-consolidado-el-podium-internacional\/#primaryimage"},"thumbnailUrl":"https:\/\/esbozodeportivo.com\/wp-content\/uploads\/2024\/07\/WhatsApp-Image-2024-07-26-at-9.26.53-PM-1024x682.jpeg","datePublished":"2024-07-27T04:34:15+00:00","dateModified":"2024-07-27T04:39:15+00:00","breadcrumb":{"@id":"https:\/\/esbozodeportivo.com\/index.php\/2024\/07\/27\/atletas-de-acuatica-nelsonvarga-continuan-consolidado-el-podium-internacional\/#breadcrumb"},"inLanguage":"es","potentialAction":[{"@type":"ReadAction","target":["https:\/\/esbozodeportivo.com\/index.php\/2024\/07\/27\/atletas-de-acuatica-nelsonvarga-continuan-consolidado-el-podium-internacional\/"]}]},{"@type":"ImageObject","inLanguage":"es","@id":"https:\/\/esbozodeportivo.com\/index.php\/2024\/07\/27\/atletas-de-acuatica-nelsonvarga-continuan-consolidado-el-podium-internacional\/#primaryimage","url":"https:\/\/esbozodeportivo.com\/wp-content\/uploads\/2024\/07\/WhatsApp-Image-2024-07-26-at-9.26.53-PM-1024x682.jpeg","contentUrl":"https:\/\/esbozodeportivo.com\/wp-content\/uploads\/2024\/07\/WhatsApp-Image-2024-07-26-at-9.26.53-PM-1024x682.jpeg"},{"@type":"BreadcrumbList","@id":"https:\/\/esbozodeportivo.com\/index.php\/2024\/07\/27\/atletas-de-acuatica-nelsonvarga-continuan-consolidado-el-podium-internacional\/#breadcrumb","itemListElement":[{"@type":"ListItem","position":1,"name":"Inicio","item":"https:\/\/esbozodeportivo.com\/"},{"@type":"ListItem","position":2,"name":"Atletas de Acu\u00e1tica NelsonVarga Contin\u00faan Consolidado el Podium Internacional"}]},{"@type":"WebSite","@id":"https:\/\/esbozodeportivo.com\/#website","url":"https:\/\/esbozodeportivo.com\/","name":"Esbozo Deportivo","description":"Lo m\u00e1s importante del Deporte","publisher":{"@id":"https:\/\/esbozodeportivo.com\/#organization"},"potentialAction":[{"@type":"SearchAction","target":{"@type":"EntryPoint","urlTemplate":"https:\/\/esbozodeportivo.com\/?s={search_term_string}"},"query-input":{"@type":"PropertyValueSpecification","valueRequired":true,"valueName":"search_term_string"}}],"inLanguage":"es"},{"@type":"Organization","@id":"https:\/\/esbozodeportivo.com\/#organization","name":"Esbozo Deportivo","url":"https:\/\/esbozodeportivo.com\/","logo":{"@type":"ImageObject","inLanguage":"es","@id":"https:\/\/esbozodeportivo.com\/#\/schema\/logo\/image\/","url":"https:\/\/esbozodeportivo.com\/wp-content\/uploads\/2022\/08\/cropped-Logo-Esbozo-Web-2.png","contentUrl":"https:\/\/esbozodeportivo.com\/wp-content\/uploads\/2022\/08\/cropped-Logo-Esbozo-Web-2.png","width":180,"height":50,"caption":"Esbozo Deportivo"},"image":{"@id":"https:\/\/esbozodeportivo.com\/#\/schema\/logo\/image\/"}},{"@type":"Person","@id":"https:\/\/esbozodeportivo.com\/#\/schema\/person\/7277119c98823aec37bbb84e125efd44","name":"Javier De La Cruz","image":{"@type":"ImageObject","inLanguage":"es","@id":"https:\/\/esbozodeportivo.com\/#\/schema\/person\/image\/","url":"https:\/\/secure.gravatar.com\/avatar\/366235a56d20f1a6e8e3d0b295897639357bea880470ddf261d17bb0bc052eb1?s=96&d=mm&r=g","contentUrl":"https:\/\/secure.gravatar.com\/avatar\/366235a56d20f1a6e8e3d0b295897639357bea880470ddf261d17bb0bc052eb1?s=96&d=mm&r=g","caption":"Javier De La Cruz"},"url":"https:\/\/esbozodeportivo.com\/index.php\/author\/javier-de-la-cruz-de-la-cruz\/"}]}},"jetpack_featured_media_url":"","jetpack_sharing_enabled":true,"_links":{"self":[{"href":"https:\/\/esbozodeportivo.com\/index.php\/wp-json\/wp\/v2\/posts\/3952","targetHints":{"allow":["GET"]}}],"collection":[{"href":"https:\/\/esbozodeportivo.com\/index.php\/wp-json\/wp\/v2\/posts"}],"about":[{"href":"https:\/\/esbozodeportivo.com\/index.php\/wp-json\/wp\/v2\/types\/post"}],"author":[{"embeddable":true,"href":"https:\/\/esbozodeportivo.com\/index.php\/wp-json\/wp\/v2\/users\/2"}],"replies":[{"embeddable":true,"href":"https:\/\/esbozodeportivo.com\/index.php\/wp-json\/wp\/v2\/comments?post=3952"}],"version-history":[{"count":4,"href":"https:\/\/esbozodeportivo.com\/index.php\/wp-json\/wp\/v2\/posts\/3952\/revisions"}],"predecessor-version":[{"id":3965,"href":"https:\/\/esbozodeportivo.com\/index.php\/wp-json\/wp\/v2\/posts\/3952\/revisions\/3965"}],"wp:attachment":[{"href":"https:\/\/esbozodeportivo.com\/index.php\/wp-json\/wp\/v2\/media?parent=3952"}],"wp:term":[{"taxonomy":"category","embeddable":true,"href":"https:\/\/esbozodeportivo.com\/index.php\/wp-json\/wp\/v2\/categories?post=3952"},{"taxonomy":"post_tag","embeddable":true,"href":"https:\/\/esbozodeportivo.com\/index.php\/wp-json\/wp\/v2\/tags?post=3952"}],"curies":[{"name":"wp","href":"https:\/\/api.w.org\/{rel}","templated":true}]}}