{"id":4160,"date":"2024-08-23T02:02:03","date_gmt":"2024-08-23T02:02:03","guid":{"rendered":"https:\/\/esbozodeportivo.com\/?p=4160"},"modified":"2024-08-23T02:08:08","modified_gmt":"2024-08-23T02:08:08","slug":"este-domingo-se-llevara-a-cabo-la-xli-edicion-del-maraton-de-la-ciudad-de-mexico-telcel-2024","status":"publish","type":"post","link":"https:\/\/esbozodeportivo.com\/index.php\/2024\/08\/23\/este-domingo-se-llevara-a-cabo-la-xli-edicion-del-maraton-de-la-ciudad-de-mexico-telcel-2024\/","title":{"rendered":"Este domingo se llevar\u00e1 a cabo la XLI edici\u00f3n del Marat\u00f3n de la Ciudad de M\u00e9xico Telcel 2024"},"content":{"rendered":"<style>\/*! elementor - v3.23.0 - 05-08-2024 *\/\n.elementor-widget-image{text-align:center}.elementor-widget-image a{display:inline-block}.elementor-widget-image a img[src$=\".svg\"]{width:48px}.elementor-widget-image img{vertical-align:middle;display:inline-block}<\/style>\n<p>\t\t\t\t\t\t\t\t\t\t<img loading=\"lazy\" decoding=\"async\" width=\"640\" height=\"427\" src=\"https:\/\/esbozodeportivo.com\/wp-content\/uploads\/2024\/08\/WhatsApp-Image-2024-08-22-at-17.07.05-1024x683.jpeg\" alt=\"\" srcset=\"https:\/\/esbozodeportivo.com\/wp-content\/uploads\/2024\/08\/WhatsApp-Image-2024-08-22-at-17.07.05-1024x683.jpeg 1024w, https:\/\/esbozodeportivo.com\/wp-content\/uploads\/2024\/08\/WhatsApp-Image-2024-08-22-at-17.07.05-300x200.jpeg 300w, https:\/\/esbozodeportivo.com\/wp-content\/uploads\/2024\/08\/WhatsApp-Image-2024-08-22-at-17.07.05-768x512.jpeg 768w, https:\/\/esbozodeportivo.com\/wp-content\/uploads\/2024\/08\/WhatsApp-Image-2024-08-22-at-17.07.05.jpeg 1280w\" sizes=\"auto, (max-width: 640px) 100vw, 640px\" \/>\t\t\t\t\t\t\t\t\t\t\t\t\t<\/p>\n<h3 style=\"line-height: 15.0pt; background: white;\">(Foto: INDEPORTE)<\/h3>\n<p>Ciudad de M\u00e9xico.- \u201cTodo esta listo para que este domingo sea una gran fiesta deportiva en el Z\u00f3calo capitalino de la CDMX\u201d, estas fueron las palabras de Julio P\u00e9rez Guzm\u00e1n, director de (INDEPORTE), al inaugurar la Expo Marat\u00f3n, que se llev\u00f3 a cabo en los salones Mexica I y II del World Trade Center, este medio d\u00eda.<\/p>\n<p>A tres d\u00edas de que se realice la edici\u00f3n XLI Marat\u00f3n de la Ciudad de M\u00e9xico Telcel 2024, Julio P\u00e9rez, al cortar el list\u00f3n dio la bienvenida a todos los asistentes en nombre del Jefe de Gobierno, Mart\u00ed Batres Guadarrama, y agreg\u00f3 que ya \u201cTodo se encuentra listo para que los deportistas realicen una gran fiesta este domingo en la Plaza del Z\u00f3calo capitalino, pues despu\u00e9s de un a\u00f1o de preparaci\u00f3n y esfuerzo los m\u00e1s de 30 mil los corredores cruzar\u00e1n la meta\u201d, concluy\u00f3. \u00a0\u00a0\u00a0<\/p>\n<p>\t\t\t\t\t\t\t\t\t\t\t\t\t<img loading=\"lazy\" decoding=\"async\" width=\"640\" height=\"427\" src=\"https:\/\/esbozodeportivo.com\/wp-content\/uploads\/2024\/08\/WhatsApp-Image-2024-08-22-at-17.07.04-2-1024x683.jpeg\" alt=\"\" srcset=\"https:\/\/esbozodeportivo.com\/wp-content\/uploads\/2024\/08\/WhatsApp-Image-2024-08-22-at-17.07.04-2-1024x683.jpeg 1024w, https:\/\/esbozodeportivo.com\/wp-content\/uploads\/2024\/08\/WhatsApp-Image-2024-08-22-at-17.07.04-2-300x200.jpeg 300w, https:\/\/esbozodeportivo.com\/wp-content\/uploads\/2024\/08\/WhatsApp-Image-2024-08-22-at-17.07.04-2-768x512.jpeg 768w, https:\/\/esbozodeportivo.com\/wp-content\/uploads\/2024\/08\/WhatsApp-Image-2024-08-22-at-17.07.04-2.jpeg 1280w\" sizes=\"auto, (max-width: 640px) 100vw, 640px\" \/>\t\t\t\t\t\t\t\t\t\t\t\t\t<\/p>\n<h3 style=\"line-height: 15.0pt; background: white;\">(Foto: INDEPORTE)<\/h3>\n<p>Por su parte, el gerente de Patrocinios y Eventos de Telcel, Adri\u00e1n Vargas, dijo que la Expo Marat\u00f3n es un punto de encuentro para celebrar la pasi\u00f3n por correr y para prepararnos para uno de los retos m\u00e1s importantes del a\u00f1o que tendr\u00e1 lugar este fin de semana.\u00a0<\/p>\n<p>Al evento tambi\u00e9n asisti\u00f3 el director de Sports Marketing de Adidas M\u00e9xico, Andr\u00e9s Laban Aguinaga; la representante de Uber, Stephanie Carter; de parte de X-Gear, David Jim\u00e9nez; el manager digital de Laboratorios Lapi, Jos\u00e9 Eduardo Oliver Estrada, y el director general de Emoci\u00f3n Deportiva, Sergio Aguilar.<\/p>\n<p><\/p>\n<p>\t\t\t\t\t\t\t\t\t\t\t\t\t<img loading=\"lazy\" decoding=\"async\" width=\"640\" height=\"426\" src=\"https:\/\/esbozodeportivo.com\/wp-content\/uploads\/2024\/08\/WhatsApp-Image-2024-08-22-at-10.29.11-1024x682.jpeg\" alt=\"\" srcset=\"https:\/\/esbozodeportivo.com\/wp-content\/uploads\/2024\/08\/WhatsApp-Image-2024-08-22-at-10.29.11-1024x682.jpeg 1024w, https:\/\/esbozodeportivo.com\/wp-content\/uploads\/2024\/08\/WhatsApp-Image-2024-08-22-at-10.29.11-300x200.jpeg 300w, https:\/\/esbozodeportivo.com\/wp-content\/uploads\/2024\/08\/WhatsApp-Image-2024-08-22-at-10.29.11-768x512.jpeg 768w, https:\/\/esbozodeportivo.com\/wp-content\/uploads\/2024\/08\/WhatsApp-Image-2024-08-22-at-10.29.11.jpeg 1280w\" sizes=\"auto, (max-width: 640px) 100vw, 640px\" \/>\t\t\t\t\t\t\t\t\t\t\t\t\t<\/p>\n<h3 style=\"line-height: 15.0pt; background: white;\">(Foto: INDEPORTE)<\/h3>\n<p>De igual forma, se dio cita el director de la Fundaci\u00f3n Antonio Harp Hel\u00fa para el Deporte, Daniel Aceves Villagr\u00e1n; la directora general de Vinculaci\u00f3n de la Secretar\u00eda de Protecci\u00f3n Civil, Gloria Luz Ortiz Espejel; el coordinador de Programas Especiales, Francisco Jes\u00fas Mosqueda; la representante de la Direcci\u00f3n Ejecutiva del Bosque de Chapultepec, Fabiola Jim\u00e9nez Castill\u00f3n, la directora de Salud y Bienestar Social de la Secretar\u00eda de Seguridad Ciudadana, Mar\u00eda Jos\u00e9 Mart\u00ednez Ruiz, as\u00ed como el director de Organizaci\u00f3n de Eventos del INDEPORTE, Rodrigo Tapia S\u00e1nchez.<\/p>\n<p>\t\t\t\t\t\t\t\t\t\t\t\t\t<img loading=\"lazy\" decoding=\"async\" width=\"640\" height=\"427\" src=\"https:\/\/esbozodeportivo.com\/wp-content\/uploads\/2024\/08\/WhatsApp-Image-2024-08-22-at-17.07.04-3-1024x683.jpeg\" alt=\"\" srcset=\"https:\/\/esbozodeportivo.com\/wp-content\/uploads\/2024\/08\/WhatsApp-Image-2024-08-22-at-17.07.04-3-1024x683.jpeg 1024w, https:\/\/esbozodeportivo.com\/wp-content\/uploads\/2024\/08\/WhatsApp-Image-2024-08-22-at-17.07.04-3-300x200.jpeg 300w, https:\/\/esbozodeportivo.com\/wp-content\/uploads\/2024\/08\/WhatsApp-Image-2024-08-22-at-17.07.04-3-768x512.jpeg 768w, https:\/\/esbozodeportivo.com\/wp-content\/uploads\/2024\/08\/WhatsApp-Image-2024-08-22-at-17.07.04-3.jpeg 1280w\" sizes=\"auto, (max-width: 640px) 100vw, 640px\" \/>\t\t\t\t\t\t\t\t\t\t\t\t\t<\/p>\n<h3 style=\"line-height: 15.0pt; background: white;\">(Foto: INDEPORTE)<\/h3>\n<p>La \u201cExpo Marat\u00f3n\u201d estar\u00e1 abierta al p\u00fablico este jueves 22 y viernes 23 de agosto, de 10:00 a 20:00 horas, y el s\u00e1bado 24 de 08:00 a 16:00 horas, donde se entregar\u00e1n los kits de corredor que incluyen n\u00famero, pulsera y playera,\u00a0para lo cual los corredores deber\u00e1n presentar original y copia de una identificaci\u00f3n oficial, as\u00ed como entregar una hoja de exoneraci\u00f3n, que se descarga en la p\u00e1gina de Emoci\u00f3n Deportiva.<\/p>\n<p>\t\t\t\t\t\t\t\t\t\t\t\t\t<img loading=\"lazy\" decoding=\"async\" width=\"640\" height=\"426\" src=\"https:\/\/esbozodeportivo.com\/wp-content\/uploads\/2024\/08\/WhatsApp-Image-2024-08-22-at-18.30.35-3-1024x682.jpeg\" alt=\"\" srcset=\"https:\/\/esbozodeportivo.com\/wp-content\/uploads\/2024\/08\/WhatsApp-Image-2024-08-22-at-18.30.35-3-1024x682.jpeg 1024w, https:\/\/esbozodeportivo.com\/wp-content\/uploads\/2024\/08\/WhatsApp-Image-2024-08-22-at-18.30.35-3-300x200.jpeg 300w, https:\/\/esbozodeportivo.com\/wp-content\/uploads\/2024\/08\/WhatsApp-Image-2024-08-22-at-18.30.35-3-768x512.jpeg 768w, https:\/\/esbozodeportivo.com\/wp-content\/uploads\/2024\/08\/WhatsApp-Image-2024-08-22-at-18.30.35-3.jpeg 1280w\" sizes=\"auto, (max-width: 640px) 100vw, 640px\" \/>\t\t\t\t\t\t\t\t\t\t\t\t\t<\/p>\n<h3 style=\"line-height: 15.0pt; background: white;\">(Foto: INDEPORTE)<\/h3>\n<p>Adem\u00e1s, los corredores podr\u00e1n revisar la ruta, los bloques de salida y los horarios de la carrera, as\u00ed como visitar los stands de patrocinadores y expositores donde podr\u00e1n adquirir productos relacionados con las carreras.<\/p>\n<p>La edici\u00f3n XL del Marat\u00f3n de la Ciudad de M\u00e9xico Telcel 2023 arrancar\u00e1 a las 05:45 horas el pr\u00f3ximo domingo 25 de agosto, frente al Estadio Ol\u00edmpico de Ciudad Universitaria, en avenida Insurgentes Sur, y culminar\u00e1 en el Z\u00f3calo capitalino.\u00a0<\/p>\n<p>\u00a0<\/p>\n<p>\t\t\t\t\t\t\t\t\t\t\t\t\t<img loading=\"lazy\" decoding=\"async\" width=\"640\" height=\"426\" src=\"https:\/\/esbozodeportivo.com\/wp-content\/uploads\/2024\/08\/WhatsApp-Image-2024-08-22-at-18.30.42-3-1024x682.jpeg\" alt=\"\" srcset=\"https:\/\/esbozodeportivo.com\/wp-content\/uploads\/2024\/08\/WhatsApp-Image-2024-08-22-at-18.30.42-3-1024x682.jpeg 1024w, https:\/\/esbozodeportivo.com\/wp-content\/uploads\/2024\/08\/WhatsApp-Image-2024-08-22-at-18.30.42-3-300x200.jpeg 300w, https:\/\/esbozodeportivo.com\/wp-content\/uploads\/2024\/08\/WhatsApp-Image-2024-08-22-at-18.30.42-3-768x512.jpeg 768w, https:\/\/esbozodeportivo.com\/wp-content\/uploads\/2024\/08\/WhatsApp-Image-2024-08-22-at-18.30.42-3-1536x1023.jpeg 1536w, https:\/\/esbozodeportivo.com\/wp-content\/uploads\/2024\/08\/WhatsApp-Image-2024-08-22-at-18.30.42-3.jpeg 1600w\" sizes=\"auto, (max-width: 640px) 100vw, 640px\" \/>\t\t\t\t\t\t\t\t\t\t\t\t\t<\/p>\n<h3 style=\"line-height: 15.0pt; background: white;\">(Foto: INDEPORTE)<\/h3>\n","protected":false},"excerpt":{"rendered":"<p>(Foto: INDEPORTE) Ciudad de M\u00e9xico.- \u201cTodo esta listo para que este domingo sea una gran<\/p>\n","protected":false},"author":2,"featured_media":0,"comment_status":"open","ping_status":"open","sticky":false,"template":"","format":"standard","meta":{"_jetpack_memberships_contains_paid_content":false,"footnotes":""},"categories":[5],"tags":[],"class_list":["post-4160","post","type-post","status-publish","format-standard","hentry","category-amateur"],"yoast_head":"<!-- This site is optimized with the Yoast SEO plugin v25.7 - https:\/\/yoast.com\/wordpress\/plugins\/seo\/ -->\n<title>Este domingo se llevar\u00e1 a cabo la XLI edici\u00f3n del Marat\u00f3n de la Ciudad de M\u00e9xico Telcel 2024 - Esbozo Deportivo<\/title>\n<meta name=\"robots\" content=\"index, follow, max-snippet:-1, max-image-preview:large, max-video-preview:-1\" \/>\n<link rel=\"canonical\" href=\"https:\/\/esbozodeportivo.com\/index.php\/2024\/08\/23\/este-domingo-se-llevara-a-cabo-la-xli-edicion-del-maraton-de-la-ciudad-de-mexico-telcel-2024\/\" \/>\n<meta property=\"og:locale\" content=\"es_MX\" \/>\n<meta property=\"og:type\" content=\"article\" \/>\n<meta property=\"og:title\" content=\"Este domingo se llevar\u00e1 a cabo la XLI edici\u00f3n del Marat\u00f3n de la Ciudad de M\u00e9xico Telcel 2024 - Esbozo Deportivo\" \/>\n<meta property=\"og:description\" content=\"(Foto: INDEPORTE) Ciudad de M\u00e9xico.- \u201cTodo esta listo para que este domingo sea una gran\" \/>\n<meta property=\"og:url\" content=\"https:\/\/esbozodeportivo.com\/index.php\/2024\/08\/23\/este-domingo-se-llevara-a-cabo-la-xli-edicion-del-maraton-de-la-ciudad-de-mexico-telcel-2024\/\" \/>\n<meta property=\"og:site_name\" content=\"Esbozo Deportivo\" \/>\n<meta property=\"article:published_time\" content=\"2024-08-23T02:02:03+00:00\" \/>\n<meta property=\"article:modified_time\" content=\"2024-08-23T02:08:08+00:00\" \/>\n<meta property=\"og:image\" content=\"https:\/\/esbozodeportivo.com\/wp-content\/uploads\/2024\/08\/WhatsApp-Image-2024-08-22-at-17.07.05-1024x683.jpeg\" \/>\n<meta name=\"author\" content=\"Javier De La Cruz\" \/>\n<meta name=\"twitter:card\" content=\"summary_large_image\" \/>\n<meta name=\"twitter:label1\" content=\"Escrito por\" \/>\n\t<meta name=\"twitter:data1\" content=\"Javier De La Cruz\" \/>\n\t<meta name=\"twitter:label2\" content=\"Tiempo de lectura\" \/>\n\t<meta name=\"twitter:data2\" content=\"3 minutos\" \/>\n<script type=\"application\/ld+json\" class=\"yoast-schema-graph\">{\"@context\":\"https:\/\/schema.org\",\"@graph\":[{\"@type\":\"Article\",\"@id\":\"https:\/\/esbozodeportivo.com\/index.php\/2024\/08\/23\/este-domingo-se-llevara-a-cabo-la-xli-edicion-del-maraton-de-la-ciudad-de-mexico-telcel-2024\/#article\",\"isPartOf\":{\"@id\":\"https:\/\/esbozodeportivo.com\/index.php\/2024\/08\/23\/este-domingo-se-llevara-a-cabo-la-xli-edicion-del-maraton-de-la-ciudad-de-mexico-telcel-2024\/\"},\"author\":{\"name\":\"Javier De La Cruz\",\"@id\":\"https:\/\/esbozodeportivo.com\/#\/schema\/person\/7277119c98823aec37bbb84e125efd44\"},\"headline\":\"Este domingo se llevar\u00e1 a cabo la XLI edici\u00f3n del Marat\u00f3n de la Ciudad de M\u00e9xico Telcel 2024\",\"datePublished\":\"2024-08-23T02:02:03+00:00\",\"dateModified\":\"2024-08-23T02:08:08+00:00\",\"mainEntityOfPage\":{\"@id\":\"https:\/\/esbozodeportivo.com\/index.php\/2024\/08\/23\/este-domingo-se-llevara-a-cabo-la-xli-edicion-del-maraton-de-la-ciudad-de-mexico-telcel-2024\/\"},\"wordCount\":549,\"commentCount\":0,\"publisher\":{\"@id\":\"https:\/\/esbozodeportivo.com\/#organization\"},\"image\":{\"@id\":\"https:\/\/esbozodeportivo.com\/index.php\/2024\/08\/23\/este-domingo-se-llevara-a-cabo-la-xli-edicion-del-maraton-de-la-ciudad-de-mexico-telcel-2024\/#primaryimage\"},\"thumbnailUrl\":\"https:\/\/esbozodeportivo.com\/wp-content\/uploads\/2024\/08\/WhatsApp-Image-2024-08-22-at-17.07.05-1024x683.jpeg\",\"articleSection\":[\"Amateur\"],\"inLanguage\":\"es\",\"potentialAction\":[{\"@type\":\"CommentAction\",\"name\":\"Comment\",\"target\":[\"https:\/\/esbozodeportivo.com\/index.php\/2024\/08\/23\/este-domingo-se-llevara-a-cabo-la-xli-edicion-del-maraton-de-la-ciudad-de-mexico-telcel-2024\/#respond\"]}]},{\"@type\":\"WebPage\",\"@id\":\"https:\/\/esbozodeportivo.com\/index.php\/2024\/08\/23\/este-domingo-se-llevara-a-cabo-la-xli-edicion-del-maraton-de-la-ciudad-de-mexico-telcel-2024\/\",\"url\":\"https:\/\/esbozodeportivo.com\/index.php\/2024\/08\/23\/este-domingo-se-llevara-a-cabo-la-xli-edicion-del-maraton-de-la-ciudad-de-mexico-telcel-2024\/\",\"name\":\"Este domingo se llevar\u00e1 a cabo la XLI edici\u00f3n del Marat\u00f3n de la Ciudad de M\u00e9xico Telcel 2024 - Esbozo Deportivo\",\"isPartOf\":{\"@id\":\"https:\/\/esbozodeportivo.com\/#website\"},\"primaryImageOfPage\":{\"@id\":\"https:\/\/esbozodeportivo.com\/index.php\/2024\/08\/23\/este-domingo-se-llevara-a-cabo-la-xli-edicion-del-maraton-de-la-ciudad-de-mexico-telcel-2024\/#primaryimage\"},\"image\":{\"@id\":\"https:\/\/esbozodeportivo.com\/index.php\/2024\/08\/23\/este-domingo-se-llevara-a-cabo-la-xli-edicion-del-maraton-de-la-ciudad-de-mexico-telcel-2024\/#primaryimage\"},\"thumbnailUrl\":\"https:\/\/esbozodeportivo.com\/wp-content\/uploads\/2024\/08\/WhatsApp-Image-2024-08-22-at-17.07.05-1024x683.jpeg\",\"datePublished\":\"2024-08-23T02:02:03+00:00\",\"dateModified\":\"2024-08-23T02:08:08+00:00\",\"breadcrumb\":{\"@id\":\"https:\/\/esbozodeportivo.com\/index.php\/2024\/08\/23\/este-domingo-se-llevara-a-cabo-la-xli-edicion-del-maraton-de-la-ciudad-de-mexico-telcel-2024\/#breadcrumb\"},\"inLanguage\":\"es\",\"potentialAction\":[{\"@type\":\"ReadAction\",\"target\":[\"https:\/\/esbozodeportivo.com\/index.php\/2024\/08\/23\/este-domingo-se-llevara-a-cabo-la-xli-edicion-del-maraton-de-la-ciudad-de-mexico-telcel-2024\/\"]}]},{\"@type\":\"ImageObject\",\"inLanguage\":\"es\",\"@id\":\"https:\/\/esbozodeportivo.com\/index.php\/2024\/08\/23\/este-domingo-se-llevara-a-cabo-la-xli-edicion-del-maraton-de-la-ciudad-de-mexico-telcel-2024\/#primaryimage\",\"url\":\"https:\/\/esbozodeportivo.com\/wp-content\/uploads\/2024\/08\/WhatsApp-Image-2024-08-22-at-17.07.05-1024x683.jpeg\",\"contentUrl\":\"https:\/\/esbozodeportivo.com\/wp-content\/uploads\/2024\/08\/WhatsApp-Image-2024-08-22-at-17.07.05-1024x683.jpeg\"},{\"@type\":\"BreadcrumbList\",\"@id\":\"https:\/\/esbozodeportivo.com\/index.php\/2024\/08\/23\/este-domingo-se-llevara-a-cabo-la-xli-edicion-del-maraton-de-la-ciudad-de-mexico-telcel-2024\/#breadcrumb\",\"itemListElement\":[{\"@type\":\"ListItem\",\"position\":1,\"name\":\"Inicio\",\"item\":\"https:\/\/esbozodeportivo.com\/\"},{\"@type\":\"ListItem\",\"position\":2,\"name\":\"Este domingo se llevar\u00e1 a cabo la XLI edici\u00f3n del Marat\u00f3n de la Ciudad de M\u00e9xico Telcel 2024\"}]},{\"@type\":\"WebSite\",\"@id\":\"https:\/\/esbozodeportivo.com\/#website\",\"url\":\"https:\/\/esbozodeportivo.com\/\",\"name\":\"Esbozo Deportivo\",\"description\":\"Lo m\u00e1s importante del Deporte\",\"publisher\":{\"@id\":\"https:\/\/esbozodeportivo.com\/#organization\"},\"potentialAction\":[{\"@type\":\"SearchAction\",\"target\":{\"@type\":\"EntryPoint\",\"urlTemplate\":\"https:\/\/esbozodeportivo.com\/?s={search_term_string}\"},\"query-input\":{\"@type\":\"PropertyValueSpecification\",\"valueRequired\":true,\"valueName\":\"search_term_string\"}}],\"inLanguage\":\"es\"},{\"@type\":\"Organization\",\"@id\":\"https:\/\/esbozodeportivo.com\/#organization\",\"name\":\"Esbozo Deportivo\",\"url\":\"https:\/\/esbozodeportivo.com\/\",\"logo\":{\"@type\":\"ImageObject\",\"inLanguage\":\"es\",\"@id\":\"https:\/\/esbozodeportivo.com\/#\/schema\/logo\/image\/\",\"url\":\"https:\/\/esbozodeportivo.com\/wp-content\/uploads\/2022\/08\/cropped-Logo-Esbozo-Web-2.png\",\"contentUrl\":\"https:\/\/esbozodeportivo.com\/wp-content\/uploads\/2022\/08\/cropped-Logo-Esbozo-Web-2.png\",\"width\":180,\"height\":50,\"caption\":\"Esbozo Deportivo\"},\"image\":{\"@id\":\"https:\/\/esbozodeportivo.com\/#\/schema\/logo\/image\/\"}},{\"@type\":\"Person\",\"@id\":\"https:\/\/esbozodeportivo.com\/#\/schema\/person\/7277119c98823aec37bbb84e125efd44\",\"name\":\"Javier De La Cruz\",\"image\":{\"@type\":\"ImageObject\",\"inLanguage\":\"es\",\"@id\":\"https:\/\/esbozodeportivo.com\/#\/schema\/person\/image\/\",\"url\":\"https:\/\/secure.gravatar.com\/avatar\/366235a56d20f1a6e8e3d0b295897639357bea880470ddf261d17bb0bc052eb1?s=96&d=mm&r=g\",\"contentUrl\":\"https:\/\/secure.gravatar.com\/avatar\/366235a56d20f1a6e8e3d0b295897639357bea880470ddf261d17bb0bc052eb1?s=96&d=mm&r=g\",\"caption\":\"Javier De La Cruz\"},\"url\":\"https:\/\/esbozodeportivo.com\/index.php\/author\/javier-de-la-cruz-de-la-cruz\/\"}]}<\/script>\n<!-- \/ Yoast SEO plugin. -->","yoast_head_json":{"title":"Este domingo se llevar\u00e1 a cabo la XLI edici\u00f3n del Marat\u00f3n de la Ciudad de M\u00e9xico Telcel 2024 - Esbozo Deportivo","robots":{"index":"index","follow":"follow","max-snippet":"max-snippet:-1","max-image-preview":"max-image-preview:large","max-video-preview":"max-video-preview:-1"},"canonical":"https:\/\/esbozodeportivo.com\/index.php\/2024\/08\/23\/este-domingo-se-llevara-a-cabo-la-xli-edicion-del-maraton-de-la-ciudad-de-mexico-telcel-2024\/","og_locale":"es_MX","og_type":"article","og_title":"Este domingo se llevar\u00e1 a cabo la XLI edici\u00f3n del Marat\u00f3n de la Ciudad de M\u00e9xico Telcel 2024 - Esbozo Deportivo","og_description":"(Foto: INDEPORTE) Ciudad de M\u00e9xico.- \u201cTodo esta listo para que este domingo sea una gran","og_url":"https:\/\/esbozodeportivo.com\/index.php\/2024\/08\/23\/este-domingo-se-llevara-a-cabo-la-xli-edicion-del-maraton-de-la-ciudad-de-mexico-telcel-2024\/","og_site_name":"Esbozo Deportivo","article_published_time":"2024-08-23T02:02:03+00:00","article_modified_time":"2024-08-23T02:08:08+00:00","og_image":[{"url":"https:\/\/esbozodeportivo.com\/wp-content\/uploads\/2024\/08\/WhatsApp-Image-2024-08-22-at-17.07.05-1024x683.jpeg","type":"","width":"","height":""}],"author":"Javier De La Cruz","twitter_card":"summary_large_image","twitter_misc":{"Escrito por":"Javier De La Cruz","Tiempo de lectura":"3 minutos"},"schema":{"@context":"https:\/\/schema.org","@graph":[{"@type":"Article","@id":"https:\/\/esbozodeportivo.com\/index.php\/2024\/08\/23\/este-domingo-se-llevara-a-cabo-la-xli-edicion-del-maraton-de-la-ciudad-de-mexico-telcel-2024\/#article","isPartOf":{"@id":"https:\/\/esbozodeportivo.com\/index.php\/2024\/08\/23\/este-domingo-se-llevara-a-cabo-la-xli-edicion-del-maraton-de-la-ciudad-de-mexico-telcel-2024\/"},"author":{"name":"Javier De La Cruz","@id":"https:\/\/esbozodeportivo.com\/#\/schema\/person\/7277119c98823aec37bbb84e125efd44"},"headline":"Este domingo se llevar\u00e1 a cabo la XLI edici\u00f3n del Marat\u00f3n de la Ciudad de M\u00e9xico Telcel 2024","datePublished":"2024-08-23T02:02:03+00:00","dateModified":"2024-08-23T02:08:08+00:00","mainEntityOfPage":{"@id":"https:\/\/esbozodeportivo.com\/index.php\/2024\/08\/23\/este-domingo-se-llevara-a-cabo-la-xli-edicion-del-maraton-de-la-ciudad-de-mexico-telcel-2024\/"},"wordCount":549,"commentCount":0,"publisher":{"@id":"https:\/\/esbozodeportivo.com\/#organization"},"image":{"@id":"https:\/\/esbozodeportivo.com\/index.php\/2024\/08\/23\/este-domingo-se-llevara-a-cabo-la-xli-edicion-del-maraton-de-la-ciudad-de-mexico-telcel-2024\/#primaryimage"},"thumbnailUrl":"https:\/\/esbozodeportivo.com\/wp-content\/uploads\/2024\/08\/WhatsApp-Image-2024-08-22-at-17.07.05-1024x683.jpeg","articleSection":["Amateur"],"inLanguage":"es","potentialAction":[{"@type":"CommentAction","name":"Comment","target":["https:\/\/esbozodeportivo.com\/index.php\/2024\/08\/23\/este-domingo-se-llevara-a-cabo-la-xli-edicion-del-maraton-de-la-ciudad-de-mexico-telcel-2024\/#respond"]}]},{"@type":"WebPage","@id":"https:\/\/esbozodeportivo.com\/index.php\/2024\/08\/23\/este-domingo-se-llevara-a-cabo-la-xli-edicion-del-maraton-de-la-ciudad-de-mexico-telcel-2024\/","url":"https:\/\/esbozodeportivo.com\/index.php\/2024\/08\/23\/este-domingo-se-llevara-a-cabo-la-xli-edicion-del-maraton-de-la-ciudad-de-mexico-telcel-2024\/","name":"Este domingo se llevar\u00e1 a cabo la XLI edici\u00f3n del Marat\u00f3n de la Ciudad de M\u00e9xico Telcel 2024 - Esbozo Deportivo","isPartOf":{"@id":"https:\/\/esbozodeportivo.com\/#website"},"primaryImageOfPage":{"@id":"https:\/\/esbozodeportivo.com\/index.php\/2024\/08\/23\/este-domingo-se-llevara-a-cabo-la-xli-edicion-del-maraton-de-la-ciudad-de-mexico-telcel-2024\/#primaryimage"},"image":{"@id":"https:\/\/esbozodeportivo.com\/index.php\/2024\/08\/23\/este-domingo-se-llevara-a-cabo-la-xli-edicion-del-maraton-de-la-ciudad-de-mexico-telcel-2024\/#primaryimage"},"thumbnailUrl":"https:\/\/esbozodeportivo.com\/wp-content\/uploads\/2024\/08\/WhatsApp-Image-2024-08-22-at-17.07.05-1024x683.jpeg","datePublished":"2024-08-23T02:02:03+00:00","dateModified":"2024-08-23T02:08:08+00:00","breadcrumb":{"@id":"https:\/\/esbozodeportivo.com\/index.php\/2024\/08\/23\/este-domingo-se-llevara-a-cabo-la-xli-edicion-del-maraton-de-la-ciudad-de-mexico-telcel-2024\/#breadcrumb"},"inLanguage":"es","potentialAction":[{"@type":"ReadAction","target":["https:\/\/esbozodeportivo.com\/index.php\/2024\/08\/23\/este-domingo-se-llevara-a-cabo-la-xli-edicion-del-maraton-de-la-ciudad-de-mexico-telcel-2024\/"]}]},{"@type":"ImageObject","inLanguage":"es","@id":"https:\/\/esbozodeportivo.com\/index.php\/2024\/08\/23\/este-domingo-se-llevara-a-cabo-la-xli-edicion-del-maraton-de-la-ciudad-de-mexico-telcel-2024\/#primaryimage","url":"https:\/\/esbozodeportivo.com\/wp-content\/uploads\/2024\/08\/WhatsApp-Image-2024-08-22-at-17.07.05-1024x683.jpeg","contentUrl":"https:\/\/esbozodeportivo.com\/wp-content\/uploads\/2024\/08\/WhatsApp-Image-2024-08-22-at-17.07.05-1024x683.jpeg"},{"@type":"BreadcrumbList","@id":"https:\/\/esbozodeportivo.com\/index.php\/2024\/08\/23\/este-domingo-se-llevara-a-cabo-la-xli-edicion-del-maraton-de-la-ciudad-de-mexico-telcel-2024\/#breadcrumb","itemListElement":[{"@type":"ListItem","position":1,"name":"Inicio","item":"https:\/\/esbozodeportivo.com\/"},{"@type":"ListItem","position":2,"name":"Este domingo se llevar\u00e1 a cabo la XLI edici\u00f3n del Marat\u00f3n de la Ciudad de M\u00e9xico Telcel 2024"}]},{"@type":"WebSite","@id":"https:\/\/esbozodeportivo.com\/#website","url":"https:\/\/esbozodeportivo.com\/","name":"Esbozo Deportivo","description":"Lo m\u00e1s importante del Deporte","publisher":{"@id":"https:\/\/esbozodeportivo.com\/#organization"},"potentialAction":[{"@type":"SearchAction","target":{"@type":"EntryPoint","urlTemplate":"https:\/\/esbozodeportivo.com\/?s={search_term_string}"},"query-input":{"@type":"PropertyValueSpecification","valueRequired":true,"valueName":"search_term_string"}}],"inLanguage":"es"},{"@type":"Organization","@id":"https:\/\/esbozodeportivo.com\/#organization","name":"Esbozo Deportivo","url":"https:\/\/esbozodeportivo.com\/","logo":{"@type":"ImageObject","inLanguage":"es","@id":"https:\/\/esbozodeportivo.com\/#\/schema\/logo\/image\/","url":"https:\/\/esbozodeportivo.com\/wp-content\/uploads\/2022\/08\/cropped-Logo-Esbozo-Web-2.png","contentUrl":"https:\/\/esbozodeportivo.com\/wp-content\/uploads\/2022\/08\/cropped-Logo-Esbozo-Web-2.png","width":180,"height":50,"caption":"Esbozo Deportivo"},"image":{"@id":"https:\/\/esbozodeportivo.com\/#\/schema\/logo\/image\/"}},{"@type":"Person","@id":"https:\/\/esbozodeportivo.com\/#\/schema\/person\/7277119c98823aec37bbb84e125efd44","name":"Javier De La Cruz","image":{"@type":"ImageObject","inLanguage":"es","@id":"https:\/\/esbozodeportivo.com\/#\/schema\/person\/image\/","url":"https:\/\/secure.gravatar.com\/avatar\/366235a56d20f1a6e8e3d0b295897639357bea880470ddf261d17bb0bc052eb1?s=96&d=mm&r=g","contentUrl":"https:\/\/secure.gravatar.com\/avatar\/366235a56d20f1a6e8e3d0b295897639357bea880470ddf261d17bb0bc052eb1?s=96&d=mm&r=g","caption":"Javier De La Cruz"},"url":"https:\/\/esbozodeportivo.com\/index.php\/author\/javier-de-la-cruz-de-la-cruz\/"}]}},"jetpack_featured_media_url":"","jetpack_sharing_enabled":true,"_links":{"self":[{"href":"https:\/\/esbozodeportivo.com\/index.php\/wp-json\/wp\/v2\/posts\/4160","targetHints":{"allow":["GET"]}}],"collection":[{"href":"https:\/\/esbozodeportivo.com\/index.php\/wp-json\/wp\/v2\/posts"}],"about":[{"href":"https:\/\/esbozodeportivo.com\/index.php\/wp-json\/wp\/v2\/types\/post"}],"author":[{"embeddable":true,"href":"https:\/\/esbozodeportivo.com\/index.php\/wp-json\/wp\/v2\/users\/2"}],"replies":[{"embeddable":true,"href":"https:\/\/esbozodeportivo.com\/index.php\/wp-json\/wp\/v2\/comments?post=4160"}],"version-history":[{"count":4,"href":"https:\/\/esbozodeportivo.com\/index.php\/wp-json\/wp\/v2\/posts\/4160\/revisions"}],"predecessor-version":[{"id":4175,"href":"https:\/\/esbozodeportivo.com\/index.php\/wp-json\/wp\/v2\/posts\/4160\/revisions\/4175"}],"wp:attachment":[{"href":"https:\/\/esbozodeportivo.com\/index.php\/wp-json\/wp\/v2\/media?parent=4160"}],"wp:term":[{"taxonomy":"category","embeddable":true,"href":"https:\/\/esbozodeportivo.com\/index.php\/wp-json\/wp\/v2\/categories?post=4160"},{"taxonomy":"post_tag","embeddable":true,"href":"https:\/\/esbozodeportivo.com\/index.php\/wp-json\/wp\/v2\/tags?post=4160"}],"curies":[{"name":"wp","href":"https:\/\/api.w.org\/{rel}","templated":true}]}}