{"id":4176,"date":"2024-08-23T05:50:02","date_gmt":"2024-08-23T05:50:02","guid":{"rendered":"https:\/\/esbozodeportivo.com\/?p=4176"},"modified":"2024-08-23T05:53:21","modified_gmt":"2024-08-23T05:53:21","slug":"conade-reduce-beca-a-alejandra-valencia-medallista-en-paris-2024","status":"publish","type":"post","link":"https:\/\/esbozodeportivo.com\/index.php\/2024\/08\/23\/conade-reduce-beca-a-alejandra-valencia-medallista-en-paris-2024\/","title":{"rendered":"CONADE reduce beca a Alejandra Valencia medallista en Par\u00eds 2024"},"content":{"rendered":"<style>\/*! elementor - v3.23.0 - 05-08-2024 *\/\n.elementor-widget-image{text-align:center}.elementor-widget-image a{display:inline-block}.elementor-widget-image a img[src$=\".svg\"]{width:48px}.elementor-widget-image img{vertical-align:middle;display:inline-block}<\/style>\n<p>\t\t\t\t\t\t\t\t\t\t<img loading=\"lazy\" decoding=\"async\" width=\"617\" height=\"392\" src=\"https:\/\/esbozodeportivo.com\/wp-content\/uploads\/2024\/08\/Valencia.jpg\" alt=\"\" srcset=\"https:\/\/esbozodeportivo.com\/wp-content\/uploads\/2024\/08\/Valencia.jpg 617w, https:\/\/esbozodeportivo.com\/wp-content\/uploads\/2024\/08\/Valencia-300x191.jpg 300w\" sizes=\"auto, (max-width: 617px) 100vw, 617px\" \/>\t\t\t\t\t\t\t\t\t\t\t\t\t<\/p>\n<h3 style=\"line-height: 15.0pt; background: white;\">(Foto: CONADE)<\/h3>\n<p>Desde los 9 a\u00f1os de edad la deportista <strong>Alejandra Valencia Trujillo<\/strong>, ha dedicado su vida al Tiro con Arco, disciplina en la cual ha obtenidos grandes resultados como en los Juegos Panamericanos 2023, donde destac\u00f3 con tres medallas de oro; el Campeonato Mundial de Berl\u00edn 2023, donde obtuvo la plata; as\u00ed como en 4 Juegos Ol\u00edmpicos Londres 2012; Rio 2016; Tokio 2020 y Par\u00eds 2021, donde se qued\u00f3 con el bronce.<\/p>\n<p>Esto sin duda la convierte en una de las mejores atletas de alto rendimiento que en los \u00faltimos a\u00f1os ha dado una gran satisfacci\u00f3n a los mexicanos, adem\u00e1s de ser Premio Nacional del Deporte en el 2023.<\/p>\n<p>Sin embargo hoy al acudir a la #<strong>CONADE<\/strong>, Alejandra Valencia, coment\u00f3 en sus redes sociales que la instituci\u00f3n le hab\u00eda bajado la beca, aun cuando consigui\u00f3 una medalla de bronce en Par\u00eds 2024.<\/p>\n<p><strong>Esto escribi\u00f3 en su cuenta de X<\/strong><\/p>\n<p><strong>\u201cVine a firmar la documentaci\u00f3n de mi beca y me entero que por las reglas de operaci\u00f3n que rigen a @CONADE me bajaron la beca despu\u00e9s de la medalla ol\u00edmpica\u201d<\/strong><\/p>\n<p><strong>\u201cNo pues gracias\u201d\u00a0 <\/strong><\/p>\n<p>Tambi\u00e9n dijo sentirse preocupada pues a pesar de la reducci\u00f3n de su beca, tendr\u00e1 que seguir pagando a su entrenador, psic\u00f3loga y alimentaci\u00f3n especia por ser una deportista de alto rendimiento.<\/p>\n<p>\t\t\t\t\t\t\t\t\t\t\t\t\t<img loading=\"lazy\" decoding=\"async\" width=\"640\" height=\"514\" src=\"https:\/\/esbozodeportivo.com\/wp-content\/uploads\/2024\/08\/Guevara--1024x822.jpeg\" alt=\"\" srcset=\"https:\/\/esbozodeportivo.com\/wp-content\/uploads\/2024\/08\/Guevara--1024x822.jpeg 1024w, https:\/\/esbozodeportivo.com\/wp-content\/uploads\/2024\/08\/Guevara--300x241.jpeg 300w, https:\/\/esbozodeportivo.com\/wp-content\/uploads\/2024\/08\/Guevara--768x616.jpeg 768w, https:\/\/esbozodeportivo.com\/wp-content\/uploads\/2024\/08\/Guevara--1536x1233.jpeg 1536w, https:\/\/esbozodeportivo.com\/wp-content\/uploads\/2024\/08\/Guevara--2048x1644.jpeg 2048w\" sizes=\"auto, (max-width: 640px) 100vw, 640px\" \/>\t\t\t\t\t\t\t\t\t\t\t\t\t<\/p>\n<h3 style=\"line-height: 15.0pt; background: white;\">(Foto: esbozodeportivo.com)<\/h3>\n<p><strong>En ese sentido la Comisi\u00f3n Nacional de Cultura F\u00edsica y Deporte (CONADE) emiti\u00f3 el siguiente comunicado. <\/strong><\/p>\n<p>En relaci\u00f3n a la publicaci\u00f3n emitida en las redes sociales de la seleccionada mexicana de tiro con arco y medallista de bronce por equipos en los pasados Juegos Ol\u00edmpicos de Par\u00eds 2024, Alejandra Valencia Trujillo, la Comisi\u00f3n Nacional de Cultura F\u00edsica y Deporte\u00a0 <strong>(CONADE)<\/strong> informa:<\/p>\n<p>La arquera mexicana es la atleta con m\u00e1s apoyos recibidos de toda la delegaci\u00f3n nacional que particip\u00f3 en los Juegos Ol\u00edmpicos de Par\u00eds 2024 y lidera la lista de seleccionados en el primer lugar.<\/p>\n<p>Desde el a\u00f1o 2019 y hasta los Juegos de Par\u00eds, la arquera mexicana Alejandra Valencia Trujillo recibi\u00f3 total apoyo por parte de la <strong>CONADE<\/strong> para el desempe\u00f1o de su meta de calificar al evento y competir en igualdad de circunstancias contra las mejores representantes del mundo.<\/p>\n<p>Desde el mes de enero del a\u00f1o 2019 y hasta julio de 2024 Alejandra Valencia recibi\u00f3 en apoyo de becas, premios y est\u00edmulos un total de 7 millones 901 mil 787 pesos.<\/p>\n<p>Respecto a los servicios por hospedaje, alimentaci\u00f3n, equipamiento y servicios m\u00e9dicos otorgados en el Centro Nacional de Desarrollo de Talentos Deportivos y Alto Rendimiento (CNAR), Alejandra Valencia Trujillo recibi\u00f3 555 mil 497.34 pesos totales de abril de 2021 a julio de 2024.<\/p>\n<p>La arquera percibe, desde el 1 de enero de 2019, hasta el 31 de julio de 2024, si se tuviera que promediar, un apoyo equivalente a 4 mil 147.76 pesos diarios por dedicarse a su actividad con apoyo del Gobierno de M\u00e9xico.<\/p>\n<p>Al mes, en promedio, Alejandra Valencia, ha sido apoyada en una media de 124 mil 432.82 pesos\u00a0por la actual administraci\u00f3n de la <strong>CONADE<\/strong>.<\/p>\n<p>Alejandra Valencia Trujillo forma parte del Proyecto de la nueva Federaci\u00f3n de arquer\u00eda mexicana, que en total recibi\u00f3 de 2019 a 2024, un monto de 50 millones 957 mil 740.47 pesos, y que busca su consolidaci\u00f3n en los siguientes Juegos Ol\u00edmpicos de Los \u00c1ngeles 2028.<\/p>\n<p>La seleccionada mexicana particip\u00f3 en el Campeonato Mundial de Tiro con Arco Berl\u00edn 2023, obteniendo el segundo lugar en la prueba Arco Recurvo Individual y el tercer lugar en la prueba arco Recurvo Equipo Femenil.<\/p>\n<p>Debido a ello se le consider\u00f3 para recibir el monto m\u00e1s alto para asign\u00e1rsele la beca de 46 mil pesos mensuales por el resultado individual y de acuerdo con los criterios y montos de las Reglas de Operaci\u00f3n.<\/p>\n<p>Alejandra Valencia ocup\u00f3 el sexto puesto en Par\u00eds 2024, que gan\u00f3 la coreana Sihueon Lim, seguida de su compatriota Suhyeon Nam y en tercer puesto se ubic\u00f3 Lisa Barbelin de Francia.<\/p>\n<p>De acuerdo con los resultados obtenidos en los Juegos Ol\u00edmpicos Par\u00eds 2024 de la prueba Arco Recurvo Individual, y el Tercer Lugar en la prueba Arco Recurvo Equipo Femenil (prueba Compartida) el cual fue el mejor resultado conseguido, se hizo acreedora al monto de 36 mil pesos mensuales contemplado en las Reglas de Operaci\u00f3n del a\u00f1o 2024.<\/p>\n<p>Las arqueras \u00c1ngela Ru\u00edz y Ana Paula V\u00e1zquez, al mejorar su rendimiento y posiciones durante los Juegos Ol\u00edmpicos, recibir\u00e1n un incremento en sus becas de 20 a 36 mil pesos mensuales.<\/p>\n<p>La <strong>CONADE<\/strong> reitera su compromiso irrestricto de apoyo a los mejores deportistas mexicanos y de trasparencia en la informaci\u00f3n que se refiere a los recursos financieros, que son p\u00fablicos, para los interesados en conocer la verdad y la realidad del trabajo de esta instituci\u00f3n.<\/p>\n<p>\u00a0<\/p>\n<p>\u00a0<\/p>\n","protected":false},"excerpt":{"rendered":"<p>(Foto: CONADE) Desde los 9 a\u00f1os de edad la deportista Alejandra Valencia Trujillo, ha dedicado<\/p>\n","protected":false},"author":2,"featured_media":0,"comment_status":"open","ping_status":"open","sticky":false,"template":"","format":"standard","meta":{"_jetpack_memberships_contains_paid_content":false,"footnotes":""},"categories":[5],"tags":[],"class_list":["post-4176","post","type-post","status-publish","format-standard","hentry","category-amateur"],"yoast_head":"<!-- This site is optimized with the Yoast SEO plugin v25.7 - https:\/\/yoast.com\/wordpress\/plugins\/seo\/ -->\n<title>CONADE reduce beca a Alejandra Valencia medallista en Par\u00eds 2024 - Esbozo Deportivo<\/title>\n<meta name=\"robots\" content=\"index, follow, max-snippet:-1, max-image-preview:large, max-video-preview:-1\" \/>\n<link rel=\"canonical\" href=\"https:\/\/esbozodeportivo.com\/index.php\/2024\/08\/23\/conade-reduce-beca-a-alejandra-valencia-medallista-en-paris-2024\/\" \/>\n<meta property=\"og:locale\" content=\"es_MX\" \/>\n<meta property=\"og:type\" content=\"article\" \/>\n<meta property=\"og:title\" content=\"CONADE reduce beca a Alejandra Valencia medallista en Par\u00eds 2024 - Esbozo Deportivo\" \/>\n<meta property=\"og:description\" content=\"(Foto: CONADE) Desde los 9 a\u00f1os de edad la deportista Alejandra Valencia Trujillo, ha dedicado\" \/>\n<meta property=\"og:url\" content=\"https:\/\/esbozodeportivo.com\/index.php\/2024\/08\/23\/conade-reduce-beca-a-alejandra-valencia-medallista-en-paris-2024\/\" \/>\n<meta property=\"og:site_name\" content=\"Esbozo Deportivo\" \/>\n<meta property=\"article:published_time\" content=\"2024-08-23T05:50:02+00:00\" \/>\n<meta property=\"article:modified_time\" content=\"2024-08-23T05:53:21+00:00\" \/>\n<meta property=\"og:image\" content=\"https:\/\/esbozodeportivo.com\/wp-content\/uploads\/2024\/08\/Valencia.jpg\" \/>\n<meta name=\"author\" content=\"Javier De La Cruz\" \/>\n<meta name=\"twitter:card\" content=\"summary_large_image\" \/>\n<meta name=\"twitter:label1\" content=\"Escrito por\" \/>\n\t<meta name=\"twitter:data1\" content=\"Javier De La Cruz\" \/>\n\t<meta name=\"twitter:label2\" content=\"Tiempo de lectura\" \/>\n\t<meta name=\"twitter:data2\" content=\"4 minutos\" \/>\n<script type=\"application\/ld+json\" class=\"yoast-schema-graph\">{\"@context\":\"https:\/\/schema.org\",\"@graph\":[{\"@type\":\"Article\",\"@id\":\"https:\/\/esbozodeportivo.com\/index.php\/2024\/08\/23\/conade-reduce-beca-a-alejandra-valencia-medallista-en-paris-2024\/#article\",\"isPartOf\":{\"@id\":\"https:\/\/esbozodeportivo.com\/index.php\/2024\/08\/23\/conade-reduce-beca-a-alejandra-valencia-medallista-en-paris-2024\/\"},\"author\":{\"name\":\"Javier De La Cruz\",\"@id\":\"https:\/\/esbozodeportivo.com\/#\/schema\/person\/7277119c98823aec37bbb84e125efd44\"},\"headline\":\"CONADE reduce beca a Alejandra Valencia medallista en Par\u00eds 2024\",\"datePublished\":\"2024-08-23T05:50:02+00:00\",\"dateModified\":\"2024-08-23T05:53:21+00:00\",\"mainEntityOfPage\":{\"@id\":\"https:\/\/esbozodeportivo.com\/index.php\/2024\/08\/23\/conade-reduce-beca-a-alejandra-valencia-medallista-en-paris-2024\/\"},\"wordCount\":804,\"commentCount\":0,\"publisher\":{\"@id\":\"https:\/\/esbozodeportivo.com\/#organization\"},\"image\":{\"@id\":\"https:\/\/esbozodeportivo.com\/index.php\/2024\/08\/23\/conade-reduce-beca-a-alejandra-valencia-medallista-en-paris-2024\/#primaryimage\"},\"thumbnailUrl\":\"https:\/\/esbozodeportivo.com\/wp-content\/uploads\/2024\/08\/Valencia.jpg\",\"articleSection\":[\"Amateur\"],\"inLanguage\":\"es\",\"potentialAction\":[{\"@type\":\"CommentAction\",\"name\":\"Comment\",\"target\":[\"https:\/\/esbozodeportivo.com\/index.php\/2024\/08\/23\/conade-reduce-beca-a-alejandra-valencia-medallista-en-paris-2024\/#respond\"]}]},{\"@type\":\"WebPage\",\"@id\":\"https:\/\/esbozodeportivo.com\/index.php\/2024\/08\/23\/conade-reduce-beca-a-alejandra-valencia-medallista-en-paris-2024\/\",\"url\":\"https:\/\/esbozodeportivo.com\/index.php\/2024\/08\/23\/conade-reduce-beca-a-alejandra-valencia-medallista-en-paris-2024\/\",\"name\":\"CONADE reduce beca a Alejandra Valencia medallista en Par\u00eds 2024 - Esbozo Deportivo\",\"isPartOf\":{\"@id\":\"https:\/\/esbozodeportivo.com\/#website\"},\"primaryImageOfPage\":{\"@id\":\"https:\/\/esbozodeportivo.com\/index.php\/2024\/08\/23\/conade-reduce-beca-a-alejandra-valencia-medallista-en-paris-2024\/#primaryimage\"},\"image\":{\"@id\":\"https:\/\/esbozodeportivo.com\/index.php\/2024\/08\/23\/conade-reduce-beca-a-alejandra-valencia-medallista-en-paris-2024\/#primaryimage\"},\"thumbnailUrl\":\"https:\/\/esbozodeportivo.com\/wp-content\/uploads\/2024\/08\/Valencia.jpg\",\"datePublished\":\"2024-08-23T05:50:02+00:00\",\"dateModified\":\"2024-08-23T05:53:21+00:00\",\"breadcrumb\":{\"@id\":\"https:\/\/esbozodeportivo.com\/index.php\/2024\/08\/23\/conade-reduce-beca-a-alejandra-valencia-medallista-en-paris-2024\/#breadcrumb\"},\"inLanguage\":\"es\",\"potentialAction\":[{\"@type\":\"ReadAction\",\"target\":[\"https:\/\/esbozodeportivo.com\/index.php\/2024\/08\/23\/conade-reduce-beca-a-alejandra-valencia-medallista-en-paris-2024\/\"]}]},{\"@type\":\"ImageObject\",\"inLanguage\":\"es\",\"@id\":\"https:\/\/esbozodeportivo.com\/index.php\/2024\/08\/23\/conade-reduce-beca-a-alejandra-valencia-medallista-en-paris-2024\/#primaryimage\",\"url\":\"https:\/\/esbozodeportivo.com\/wp-content\/uploads\/2024\/08\/Valencia.jpg\",\"contentUrl\":\"https:\/\/esbozodeportivo.com\/wp-content\/uploads\/2024\/08\/Valencia.jpg\",\"width\":617,\"height\":392},{\"@type\":\"BreadcrumbList\",\"@id\":\"https:\/\/esbozodeportivo.com\/index.php\/2024\/08\/23\/conade-reduce-beca-a-alejandra-valencia-medallista-en-paris-2024\/#breadcrumb\",\"itemListElement\":[{\"@type\":\"ListItem\",\"position\":1,\"name\":\"Inicio\",\"item\":\"https:\/\/esbozodeportivo.com\/\"},{\"@type\":\"ListItem\",\"position\":2,\"name\":\"CONADE reduce beca a Alejandra Valencia medallista en Par\u00eds 2024\"}]},{\"@type\":\"WebSite\",\"@id\":\"https:\/\/esbozodeportivo.com\/#website\",\"url\":\"https:\/\/esbozodeportivo.com\/\",\"name\":\"Esbozo Deportivo\",\"description\":\"Lo m\u00e1s importante del Deporte\",\"publisher\":{\"@id\":\"https:\/\/esbozodeportivo.com\/#organization\"},\"potentialAction\":[{\"@type\":\"SearchAction\",\"target\":{\"@type\":\"EntryPoint\",\"urlTemplate\":\"https:\/\/esbozodeportivo.com\/?s={search_term_string}\"},\"query-input\":{\"@type\":\"PropertyValueSpecification\",\"valueRequired\":true,\"valueName\":\"search_term_string\"}}],\"inLanguage\":\"es\"},{\"@type\":\"Organization\",\"@id\":\"https:\/\/esbozodeportivo.com\/#organization\",\"name\":\"Esbozo Deportivo\",\"url\":\"https:\/\/esbozodeportivo.com\/\",\"logo\":{\"@type\":\"ImageObject\",\"inLanguage\":\"es\",\"@id\":\"https:\/\/esbozodeportivo.com\/#\/schema\/logo\/image\/\",\"url\":\"https:\/\/esbozodeportivo.com\/wp-content\/uploads\/2022\/08\/cropped-Logo-Esbozo-Web-2.png\",\"contentUrl\":\"https:\/\/esbozodeportivo.com\/wp-content\/uploads\/2022\/08\/cropped-Logo-Esbozo-Web-2.png\",\"width\":180,\"height\":50,\"caption\":\"Esbozo Deportivo\"},\"image\":{\"@id\":\"https:\/\/esbozodeportivo.com\/#\/schema\/logo\/image\/\"}},{\"@type\":\"Person\",\"@id\":\"https:\/\/esbozodeportivo.com\/#\/schema\/person\/7277119c98823aec37bbb84e125efd44\",\"name\":\"Javier De La Cruz\",\"image\":{\"@type\":\"ImageObject\",\"inLanguage\":\"es\",\"@id\":\"https:\/\/esbozodeportivo.com\/#\/schema\/person\/image\/\",\"url\":\"https:\/\/secure.gravatar.com\/avatar\/366235a56d20f1a6e8e3d0b295897639357bea880470ddf261d17bb0bc052eb1?s=96&d=mm&r=g\",\"contentUrl\":\"https:\/\/secure.gravatar.com\/avatar\/366235a56d20f1a6e8e3d0b295897639357bea880470ddf261d17bb0bc052eb1?s=96&d=mm&r=g\",\"caption\":\"Javier De La Cruz\"},\"url\":\"https:\/\/esbozodeportivo.com\/index.php\/author\/javier-de-la-cruz-de-la-cruz\/\"}]}<\/script>\n<!-- \/ Yoast SEO plugin. -->","yoast_head_json":{"title":"CONADE reduce beca a Alejandra Valencia medallista en Par\u00eds 2024 - Esbozo Deportivo","robots":{"index":"index","follow":"follow","max-snippet":"max-snippet:-1","max-image-preview":"max-image-preview:large","max-video-preview":"max-video-preview:-1"},"canonical":"https:\/\/esbozodeportivo.com\/index.php\/2024\/08\/23\/conade-reduce-beca-a-alejandra-valencia-medallista-en-paris-2024\/","og_locale":"es_MX","og_type":"article","og_title":"CONADE reduce beca a Alejandra Valencia medallista en Par\u00eds 2024 - Esbozo Deportivo","og_description":"(Foto: CONADE) Desde los 9 a\u00f1os de edad la deportista Alejandra Valencia Trujillo, ha dedicado","og_url":"https:\/\/esbozodeportivo.com\/index.php\/2024\/08\/23\/conade-reduce-beca-a-alejandra-valencia-medallista-en-paris-2024\/","og_site_name":"Esbozo Deportivo","article_published_time":"2024-08-23T05:50:02+00:00","article_modified_time":"2024-08-23T05:53:21+00:00","og_image":[{"url":"https:\/\/esbozodeportivo.com\/wp-content\/uploads\/2024\/08\/Valencia.jpg","type":"","width":"","height":""}],"author":"Javier De La Cruz","twitter_card":"summary_large_image","twitter_misc":{"Escrito por":"Javier De La Cruz","Tiempo de lectura":"4 minutos"},"schema":{"@context":"https:\/\/schema.org","@graph":[{"@type":"Article","@id":"https:\/\/esbozodeportivo.com\/index.php\/2024\/08\/23\/conade-reduce-beca-a-alejandra-valencia-medallista-en-paris-2024\/#article","isPartOf":{"@id":"https:\/\/esbozodeportivo.com\/index.php\/2024\/08\/23\/conade-reduce-beca-a-alejandra-valencia-medallista-en-paris-2024\/"},"author":{"name":"Javier De La Cruz","@id":"https:\/\/esbozodeportivo.com\/#\/schema\/person\/7277119c98823aec37bbb84e125efd44"},"headline":"CONADE reduce beca a Alejandra Valencia medallista en Par\u00eds 2024","datePublished":"2024-08-23T05:50:02+00:00","dateModified":"2024-08-23T05:53:21+00:00","mainEntityOfPage":{"@id":"https:\/\/esbozodeportivo.com\/index.php\/2024\/08\/23\/conade-reduce-beca-a-alejandra-valencia-medallista-en-paris-2024\/"},"wordCount":804,"commentCount":0,"publisher":{"@id":"https:\/\/esbozodeportivo.com\/#organization"},"image":{"@id":"https:\/\/esbozodeportivo.com\/index.php\/2024\/08\/23\/conade-reduce-beca-a-alejandra-valencia-medallista-en-paris-2024\/#primaryimage"},"thumbnailUrl":"https:\/\/esbozodeportivo.com\/wp-content\/uploads\/2024\/08\/Valencia.jpg","articleSection":["Amateur"],"inLanguage":"es","potentialAction":[{"@type":"CommentAction","name":"Comment","target":["https:\/\/esbozodeportivo.com\/index.php\/2024\/08\/23\/conade-reduce-beca-a-alejandra-valencia-medallista-en-paris-2024\/#respond"]}]},{"@type":"WebPage","@id":"https:\/\/esbozodeportivo.com\/index.php\/2024\/08\/23\/conade-reduce-beca-a-alejandra-valencia-medallista-en-paris-2024\/","url":"https:\/\/esbozodeportivo.com\/index.php\/2024\/08\/23\/conade-reduce-beca-a-alejandra-valencia-medallista-en-paris-2024\/","name":"CONADE reduce beca a Alejandra Valencia medallista en Par\u00eds 2024 - Esbozo Deportivo","isPartOf":{"@id":"https:\/\/esbozodeportivo.com\/#website"},"primaryImageOfPage":{"@id":"https:\/\/esbozodeportivo.com\/index.php\/2024\/08\/23\/conade-reduce-beca-a-alejandra-valencia-medallista-en-paris-2024\/#primaryimage"},"image":{"@id":"https:\/\/esbozodeportivo.com\/index.php\/2024\/08\/23\/conade-reduce-beca-a-alejandra-valencia-medallista-en-paris-2024\/#primaryimage"},"thumbnailUrl":"https:\/\/esbozodeportivo.com\/wp-content\/uploads\/2024\/08\/Valencia.jpg","datePublished":"2024-08-23T05:50:02+00:00","dateModified":"2024-08-23T05:53:21+00:00","breadcrumb":{"@id":"https:\/\/esbozodeportivo.com\/index.php\/2024\/08\/23\/conade-reduce-beca-a-alejandra-valencia-medallista-en-paris-2024\/#breadcrumb"},"inLanguage":"es","potentialAction":[{"@type":"ReadAction","target":["https:\/\/esbozodeportivo.com\/index.php\/2024\/08\/23\/conade-reduce-beca-a-alejandra-valencia-medallista-en-paris-2024\/"]}]},{"@type":"ImageObject","inLanguage":"es","@id":"https:\/\/esbozodeportivo.com\/index.php\/2024\/08\/23\/conade-reduce-beca-a-alejandra-valencia-medallista-en-paris-2024\/#primaryimage","url":"https:\/\/esbozodeportivo.com\/wp-content\/uploads\/2024\/08\/Valencia.jpg","contentUrl":"https:\/\/esbozodeportivo.com\/wp-content\/uploads\/2024\/08\/Valencia.jpg","width":617,"height":392},{"@type":"BreadcrumbList","@id":"https:\/\/esbozodeportivo.com\/index.php\/2024\/08\/23\/conade-reduce-beca-a-alejandra-valencia-medallista-en-paris-2024\/#breadcrumb","itemListElement":[{"@type":"ListItem","position":1,"name":"Inicio","item":"https:\/\/esbozodeportivo.com\/"},{"@type":"ListItem","position":2,"name":"CONADE reduce beca a Alejandra Valencia medallista en Par\u00eds 2024"}]},{"@type":"WebSite","@id":"https:\/\/esbozodeportivo.com\/#website","url":"https:\/\/esbozodeportivo.com\/","name":"Esbozo Deportivo","description":"Lo m\u00e1s importante del Deporte","publisher":{"@id":"https:\/\/esbozodeportivo.com\/#organization"},"potentialAction":[{"@type":"SearchAction","target":{"@type":"EntryPoint","urlTemplate":"https:\/\/esbozodeportivo.com\/?s={search_term_string}"},"query-input":{"@type":"PropertyValueSpecification","valueRequired":true,"valueName":"search_term_string"}}],"inLanguage":"es"},{"@type":"Organization","@id":"https:\/\/esbozodeportivo.com\/#organization","name":"Esbozo Deportivo","url":"https:\/\/esbozodeportivo.com\/","logo":{"@type":"ImageObject","inLanguage":"es","@id":"https:\/\/esbozodeportivo.com\/#\/schema\/logo\/image\/","url":"https:\/\/esbozodeportivo.com\/wp-content\/uploads\/2022\/08\/cropped-Logo-Esbozo-Web-2.png","contentUrl":"https:\/\/esbozodeportivo.com\/wp-content\/uploads\/2022\/08\/cropped-Logo-Esbozo-Web-2.png","width":180,"height":50,"caption":"Esbozo Deportivo"},"image":{"@id":"https:\/\/esbozodeportivo.com\/#\/schema\/logo\/image\/"}},{"@type":"Person","@id":"https:\/\/esbozodeportivo.com\/#\/schema\/person\/7277119c98823aec37bbb84e125efd44","name":"Javier De La Cruz","image":{"@type":"ImageObject","inLanguage":"es","@id":"https:\/\/esbozodeportivo.com\/#\/schema\/person\/image\/","url":"https:\/\/secure.gravatar.com\/avatar\/366235a56d20f1a6e8e3d0b295897639357bea880470ddf261d17bb0bc052eb1?s=96&d=mm&r=g","contentUrl":"https:\/\/secure.gravatar.com\/avatar\/366235a56d20f1a6e8e3d0b295897639357bea880470ddf261d17bb0bc052eb1?s=96&d=mm&r=g","caption":"Javier De La Cruz"},"url":"https:\/\/esbozodeportivo.com\/index.php\/author\/javier-de-la-cruz-de-la-cruz\/"}]}},"jetpack_featured_media_url":"","jetpack_sharing_enabled":true,"_links":{"self":[{"href":"https:\/\/esbozodeportivo.com\/index.php\/wp-json\/wp\/v2\/posts\/4176","targetHints":{"allow":["GET"]}}],"collection":[{"href":"https:\/\/esbozodeportivo.com\/index.php\/wp-json\/wp\/v2\/posts"}],"about":[{"href":"https:\/\/esbozodeportivo.com\/index.php\/wp-json\/wp\/v2\/types\/post"}],"author":[{"embeddable":true,"href":"https:\/\/esbozodeportivo.com\/index.php\/wp-json\/wp\/v2\/users\/2"}],"replies":[{"embeddable":true,"href":"https:\/\/esbozodeportivo.com\/index.php\/wp-json\/wp\/v2\/comments?post=4176"}],"version-history":[{"count":4,"href":"https:\/\/esbozodeportivo.com\/index.php\/wp-json\/wp\/v2\/posts\/4176\/revisions"}],"predecessor-version":[{"id":4182,"href":"https:\/\/esbozodeportivo.com\/index.php\/wp-json\/wp\/v2\/posts\/4176\/revisions\/4182"}],"wp:attachment":[{"href":"https:\/\/esbozodeportivo.com\/index.php\/wp-json\/wp\/v2\/media?parent=4176"}],"wp:term":[{"taxonomy":"category","embeddable":true,"href":"https:\/\/esbozodeportivo.com\/index.php\/wp-json\/wp\/v2\/categories?post=4176"},{"taxonomy":"post_tag","embeddable":true,"href":"https:\/\/esbozodeportivo.com\/index.php\/wp-json\/wp\/v2\/tags?post=4176"}],"curies":[{"name":"wp","href":"https:\/\/api.w.org\/{rel}","templated":true}]}}