{"id":4183,"date":"2024-08-23T22:41:13","date_gmt":"2024-08-23T22:41:13","guid":{"rendered":"https:\/\/esbozodeportivo.com\/?p=4183"},"modified":"2024-08-23T22:46:52","modified_gmt":"2024-08-23T22:46:52","slug":"se-puso-en-marcha-la-reunion-del-deporte-de-los-trabajadores","status":"publish","type":"post","link":"https:\/\/esbozodeportivo.com\/index.php\/2024\/08\/23\/se-puso-en-marcha-la-reunion-del-deporte-de-los-trabajadores\/","title":{"rendered":"Se puso en marcha la Reuni\u00f3n del Deporte de los Trabajadores"},"content":{"rendered":"<style>\/*! elementor - v3.23.0 - 05-08-2024 *\/\n.elementor-widget-image{text-align:center}.elementor-widget-image a{display:inline-block}.elementor-widget-image a img[src$=\".svg\"]{width:48px}.elementor-widget-image img{vertical-align:middle;display:inline-block}<\/style>\n<p>\t\t\t\t\t\t\t\t\t\t<img loading=\"lazy\" decoding=\"async\" width=\"640\" height=\"434\" src=\"https:\/\/esbozodeportivo.com\/wp-content\/uploads\/2024\/08\/42e46854-2518-4018-b2dc-991f142ba5de-1024x694.jpg\" alt=\"\" srcset=\"https:\/\/esbozodeportivo.com\/wp-content\/uploads\/2024\/08\/42e46854-2518-4018-b2dc-991f142ba5de-1024x694.jpg 1024w, https:\/\/esbozodeportivo.com\/wp-content\/uploads\/2024\/08\/42e46854-2518-4018-b2dc-991f142ba5de-300x203.jpg 300w, https:\/\/esbozodeportivo.com\/wp-content\/uploads\/2024\/08\/42e46854-2518-4018-b2dc-991f142ba5de-768x521.jpg 768w, https:\/\/esbozodeportivo.com\/wp-content\/uploads\/2024\/08\/42e46854-2518-4018-b2dc-991f142ba5de.jpg 1168w\" sizes=\"auto, (max-width: 640px) 100vw, 640px\" \/>\t\t\t\t\t\t\t\t\t\t\t\t\t<\/p>\n<h3>(Foto: INDET)<\/h3>\n<p>El estado de Morelos recibi\u00f3 la 2\u00aa, Reuni\u00f3n Nacional de Secretarios Estatales del Instituto del Deporte de los Trabajadores (INDET), en la cual se desarrollar\u00e1n las actividades que forman parte del programa 2024 que incluye la realizaci\u00f3n de las ferias de activaci\u00f3n f\u00edsica laboral en todo el pa\u00eds y los 52 Juegos Nacionales Deportivos y Recreativos de los Trabajadores.<\/p>\n<p>La ceremonia de apertura estar\u00e1 encabezada por el Profesor Pablo Reyes Osorio, Secretario Ejecutivo del Instituto del Deporte de los Trabajadores y el licenciado Luis Emir Delint Armengol, director de Activaci\u00f3n F\u00edsica de la Comisi\u00f3n Nacional de Cultura F\u00edsica y Deporte, en representaci\u00f3n de Ana Gabriela Guevara, titular de la CONADE.<\/p>\n<p>\t\t\t\t\t\t\t\t\t\t\t\t\t<img loading=\"lazy\" decoding=\"async\" width=\"640\" height=\"360\" src=\"https:\/\/esbozodeportivo.com\/wp-content\/uploads\/2024\/08\/60450ef8-fb4a-49bb-88ce-1bb31616ce1a-1024x576.jpg\" alt=\"\" srcset=\"https:\/\/esbozodeportivo.com\/wp-content\/uploads\/2024\/08\/60450ef8-fb4a-49bb-88ce-1bb31616ce1a-1024x576.jpg 1024w, https:\/\/esbozodeportivo.com\/wp-content\/uploads\/2024\/08\/60450ef8-fb4a-49bb-88ce-1bb31616ce1a-300x169.jpg 300w, https:\/\/esbozodeportivo.com\/wp-content\/uploads\/2024\/08\/60450ef8-fb4a-49bb-88ce-1bb31616ce1a-768x432.jpg 768w, https:\/\/esbozodeportivo.com\/wp-content\/uploads\/2024\/08\/60450ef8-fb4a-49bb-88ce-1bb31616ce1a-1536x864.jpg 1536w, https:\/\/esbozodeportivo.com\/wp-content\/uploads\/2024\/08\/60450ef8-fb4a-49bb-88ce-1bb31616ce1a.jpg 1599w\" sizes=\"auto, (max-width: 640px) 100vw, 640px\" \/>\t\t\t\t\t\t\t\t\t\t\t\t\t<\/p>\n<h3>(Foto: INDET)<\/h3>\n<p>En la reuni\u00f3n de trabajo en Cocoyoc, Morelos, se cont\u00f3 con la presencia del licenciado Jorge Rivera G\u00f3mez, Vicepresidente del INDET, as\u00ed como los secretarios estatales de este organismo quienes participar\u00e1n en las diversas ponencias en la agenda, entre ellos la Carrera de 5 Kil\u00f3metros para los Trabajadores y sus Familias.<\/p>\n<p>El profesor Pablo Reyes Osorio, Secretario Ejecutivo del INDET, dio a conocer que se desarrollaron mesas de trabajo en las que se informaron los alcances del programa nacional de deporte y activaci\u00f3n f\u00edsica para los trabajadores, y la atenci\u00f3n que brinda a m\u00e1s de 4 millones de trabajadores en el pa\u00eds y sus familias.<\/p>\n<p>\t\t\t\t\t\t\t\t\t\t\t\t\t<img loading=\"lazy\" decoding=\"async\" width=\"640\" height=\"567\" src=\"https:\/\/esbozodeportivo.com\/wp-content\/uploads\/2024\/08\/67e11b44-e99a-4e83-b884-931d44d74af1.jpg\" alt=\"\" srcset=\"https:\/\/esbozodeportivo.com\/wp-content\/uploads\/2024\/08\/67e11b44-e99a-4e83-b884-931d44d74af1.jpg 792w, https:\/\/esbozodeportivo.com\/wp-content\/uploads\/2024\/08\/67e11b44-e99a-4e83-b884-931d44d74af1-300x266.jpg 300w, https:\/\/esbozodeportivo.com\/wp-content\/uploads\/2024\/08\/67e11b44-e99a-4e83-b884-931d44d74af1-768x681.jpg 768w\" sizes=\"auto, (max-width: 640px) 100vw, 640px\" \/>\t\t\t\t\t\t\t\t\t\t\t\t\t<\/p>\n<h3>(Foto: INDET)<\/h3>\n<p>\u201cEntre los temas que se abordar\u00e1n destaca el desarrollo de la Activaci\u00f3n F\u00edsica Laboral, los eventos masivos en los estados, la participaci\u00f3n de los hijos de los trabajadores en los Juegos Nacionales CONADE y los Juegos Nacionales de los Trabajadores, que son selectivos para los Juegos Mundiales de los Trabajadores\u201d, destac\u00f3 el Profesor Reyes Osorio.<\/p>\n<p>De igual manera, se tratar\u00e1n otros temas relevantes con la Direcci\u00f3n de Medicina del Deporte con el tema antidopaje, que el INDET estar\u00e1 aplicando en todos sus programas a partir del 2025.<\/p>\n<p>\u00a0<\/p>\n<p>\t\t\t\t\t\t\t\t\t\t\t\t\t<img loading=\"lazy\" decoding=\"async\" width=\"640\" height=\"432\" src=\"https:\/\/esbozodeportivo.com\/wp-content\/uploads\/2024\/08\/b3c4b1c9-96b0-41fd-8275-f23ceecb97ad.jpg\" alt=\"\" srcset=\"https:\/\/esbozodeportivo.com\/wp-content\/uploads\/2024\/08\/b3c4b1c9-96b0-41fd-8275-f23ceecb97ad.jpg 1010w, https:\/\/esbozodeportivo.com\/wp-content\/uploads\/2024\/08\/b3c4b1c9-96b0-41fd-8275-f23ceecb97ad-300x202.jpg 300w, https:\/\/esbozodeportivo.com\/wp-content\/uploads\/2024\/08\/b3c4b1c9-96b0-41fd-8275-f23ceecb97ad-768x518.jpg 768w\" sizes=\"auto, (max-width: 640px) 100vw, 640px\" \/>\t\t\t\t\t\t\t\t\t\t\t\t\t<\/p>\n<h3>(Foto: INDET)<\/h3>\n<p>\t\t\t\t\t\t\t\t\t\t\t\t\t<img loading=\"lazy\" decoding=\"async\" width=\"640\" height=\"360\" src=\"https:\/\/esbozodeportivo.com\/wp-content\/uploads\/2024\/08\/6d69ed91-fdba-41bf-bba2-fbc3bbbdd0be-1024x576.jpg\" alt=\"\" srcset=\"https:\/\/esbozodeportivo.com\/wp-content\/uploads\/2024\/08\/6d69ed91-fdba-41bf-bba2-fbc3bbbdd0be-1024x576.jpg 1024w, https:\/\/esbozodeportivo.com\/wp-content\/uploads\/2024\/08\/6d69ed91-fdba-41bf-bba2-fbc3bbbdd0be-300x169.jpg 300w, https:\/\/esbozodeportivo.com\/wp-content\/uploads\/2024\/08\/6d69ed91-fdba-41bf-bba2-fbc3bbbdd0be-768x432.jpg 768w, https:\/\/esbozodeportivo.com\/wp-content\/uploads\/2024\/08\/6d69ed91-fdba-41bf-bba2-fbc3bbbdd0be-1536x864.jpg 1536w, https:\/\/esbozodeportivo.com\/wp-content\/uploads\/2024\/08\/6d69ed91-fdba-41bf-bba2-fbc3bbbdd0be.jpg 1599w\" sizes=\"auto, (max-width: 640px) 100vw, 640px\" \/>\t\t\t\t\t\t\t\t\t\t\t\t\t<\/p>\n<h3>(Foto: INDET)<\/h3>\n","protected":false},"excerpt":{"rendered":"<p>(Foto: INDET) El estado de Morelos recibi\u00f3 la 2\u00aa, Reuni\u00f3n Nacional de Secretarios Estatales del<\/p>\n","protected":false},"author":2,"featured_media":0,"comment_status":"open","ping_status":"open","sticky":false,"template":"","format":"standard","meta":{"_jetpack_memberships_contains_paid_content":false,"footnotes":""},"categories":[5],"tags":[],"class_list":["post-4183","post","type-post","status-publish","format-standard","hentry","category-amateur"],"yoast_head":"<!-- This site is optimized with the Yoast SEO plugin v25.7 - https:\/\/yoast.com\/wordpress\/plugins\/seo\/ -->\n<title>Se puso en marcha la Reuni\u00f3n del Deporte de los Trabajadores - Esbozo Deportivo<\/title>\n<meta name=\"robots\" content=\"index, follow, max-snippet:-1, max-image-preview:large, max-video-preview:-1\" \/>\n<link rel=\"canonical\" href=\"https:\/\/esbozodeportivo.com\/index.php\/2024\/08\/23\/se-puso-en-marcha-la-reunion-del-deporte-de-los-trabajadores\/\" \/>\n<meta property=\"og:locale\" content=\"es_MX\" \/>\n<meta property=\"og:type\" content=\"article\" \/>\n<meta property=\"og:title\" content=\"Se puso en marcha la Reuni\u00f3n del Deporte de los Trabajadores - Esbozo Deportivo\" \/>\n<meta property=\"og:description\" content=\"(Foto: INDET) El estado de Morelos recibi\u00f3 la 2\u00aa, Reuni\u00f3n Nacional de Secretarios Estatales del\" \/>\n<meta property=\"og:url\" content=\"https:\/\/esbozodeportivo.com\/index.php\/2024\/08\/23\/se-puso-en-marcha-la-reunion-del-deporte-de-los-trabajadores\/\" \/>\n<meta property=\"og:site_name\" content=\"Esbozo Deportivo\" \/>\n<meta property=\"article:published_time\" content=\"2024-08-23T22:41:13+00:00\" \/>\n<meta property=\"article:modified_time\" content=\"2024-08-23T22:46:52+00:00\" \/>\n<meta property=\"og:image\" content=\"https:\/\/esbozodeportivo.com\/wp-content\/uploads\/2024\/08\/42e46854-2518-4018-b2dc-991f142ba5de-1024x694.jpg\" \/>\n<meta name=\"author\" content=\"Javier De La Cruz\" \/>\n<meta name=\"twitter:card\" content=\"summary_large_image\" \/>\n<meta name=\"twitter:label1\" content=\"Escrito por\" \/>\n\t<meta name=\"twitter:data1\" content=\"Javier De La Cruz\" \/>\n\t<meta name=\"twitter:label2\" content=\"Tiempo de lectura\" \/>\n\t<meta name=\"twitter:data2\" content=\"2 minutos\" \/>\n<script type=\"application\/ld+json\" class=\"yoast-schema-graph\">{\"@context\":\"https:\/\/schema.org\",\"@graph\":[{\"@type\":\"Article\",\"@id\":\"https:\/\/esbozodeportivo.com\/index.php\/2024\/08\/23\/se-puso-en-marcha-la-reunion-del-deporte-de-los-trabajadores\/#article\",\"isPartOf\":{\"@id\":\"https:\/\/esbozodeportivo.com\/index.php\/2024\/08\/23\/se-puso-en-marcha-la-reunion-del-deporte-de-los-trabajadores\/\"},\"author\":{\"name\":\"Javier De La Cruz\",\"@id\":\"https:\/\/esbozodeportivo.com\/#\/schema\/person\/7277119c98823aec37bbb84e125efd44\"},\"headline\":\"Se puso en marcha la Reuni\u00f3n del Deporte de los Trabajadores\",\"datePublished\":\"2024-08-23T22:41:13+00:00\",\"dateModified\":\"2024-08-23T22:46:52+00:00\",\"mainEntityOfPage\":{\"@id\":\"https:\/\/esbozodeportivo.com\/index.php\/2024\/08\/23\/se-puso-en-marcha-la-reunion-del-deporte-de-los-trabajadores\/\"},\"wordCount\":344,\"commentCount\":0,\"publisher\":{\"@id\":\"https:\/\/esbozodeportivo.com\/#organization\"},\"image\":{\"@id\":\"https:\/\/esbozodeportivo.com\/index.php\/2024\/08\/23\/se-puso-en-marcha-la-reunion-del-deporte-de-los-trabajadores\/#primaryimage\"},\"thumbnailUrl\":\"https:\/\/esbozodeportivo.com\/wp-content\/uploads\/2024\/08\/42e46854-2518-4018-b2dc-991f142ba5de-1024x694.jpg\",\"articleSection\":[\"Amateur\"],\"inLanguage\":\"es\",\"potentialAction\":[{\"@type\":\"CommentAction\",\"name\":\"Comment\",\"target\":[\"https:\/\/esbozodeportivo.com\/index.php\/2024\/08\/23\/se-puso-en-marcha-la-reunion-del-deporte-de-los-trabajadores\/#respond\"]}]},{\"@type\":\"WebPage\",\"@id\":\"https:\/\/esbozodeportivo.com\/index.php\/2024\/08\/23\/se-puso-en-marcha-la-reunion-del-deporte-de-los-trabajadores\/\",\"url\":\"https:\/\/esbozodeportivo.com\/index.php\/2024\/08\/23\/se-puso-en-marcha-la-reunion-del-deporte-de-los-trabajadores\/\",\"name\":\"Se puso en marcha la Reuni\u00f3n del Deporte de los Trabajadores - Esbozo Deportivo\",\"isPartOf\":{\"@id\":\"https:\/\/esbozodeportivo.com\/#website\"},\"primaryImageOfPage\":{\"@id\":\"https:\/\/esbozodeportivo.com\/index.php\/2024\/08\/23\/se-puso-en-marcha-la-reunion-del-deporte-de-los-trabajadores\/#primaryimage\"},\"image\":{\"@id\":\"https:\/\/esbozodeportivo.com\/index.php\/2024\/08\/23\/se-puso-en-marcha-la-reunion-del-deporte-de-los-trabajadores\/#primaryimage\"},\"thumbnailUrl\":\"https:\/\/esbozodeportivo.com\/wp-content\/uploads\/2024\/08\/42e46854-2518-4018-b2dc-991f142ba5de-1024x694.jpg\",\"datePublished\":\"2024-08-23T22:41:13+00:00\",\"dateModified\":\"2024-08-23T22:46:52+00:00\",\"breadcrumb\":{\"@id\":\"https:\/\/esbozodeportivo.com\/index.php\/2024\/08\/23\/se-puso-en-marcha-la-reunion-del-deporte-de-los-trabajadores\/#breadcrumb\"},\"inLanguage\":\"es\",\"potentialAction\":[{\"@type\":\"ReadAction\",\"target\":[\"https:\/\/esbozodeportivo.com\/index.php\/2024\/08\/23\/se-puso-en-marcha-la-reunion-del-deporte-de-los-trabajadores\/\"]}]},{\"@type\":\"ImageObject\",\"inLanguage\":\"es\",\"@id\":\"https:\/\/esbozodeportivo.com\/index.php\/2024\/08\/23\/se-puso-en-marcha-la-reunion-del-deporte-de-los-trabajadores\/#primaryimage\",\"url\":\"https:\/\/esbozodeportivo.com\/wp-content\/uploads\/2024\/08\/42e46854-2518-4018-b2dc-991f142ba5de.jpg\",\"contentUrl\":\"https:\/\/esbozodeportivo.com\/wp-content\/uploads\/2024\/08\/42e46854-2518-4018-b2dc-991f142ba5de.jpg\",\"width\":1168,\"height\":792},{\"@type\":\"BreadcrumbList\",\"@id\":\"https:\/\/esbozodeportivo.com\/index.php\/2024\/08\/23\/se-puso-en-marcha-la-reunion-del-deporte-de-los-trabajadores\/#breadcrumb\",\"itemListElement\":[{\"@type\":\"ListItem\",\"position\":1,\"name\":\"Inicio\",\"item\":\"https:\/\/esbozodeportivo.com\/\"},{\"@type\":\"ListItem\",\"position\":2,\"name\":\"Se puso en marcha la Reuni\u00f3n del Deporte de los Trabajadores\"}]},{\"@type\":\"WebSite\",\"@id\":\"https:\/\/esbozodeportivo.com\/#website\",\"url\":\"https:\/\/esbozodeportivo.com\/\",\"name\":\"Esbozo Deportivo\",\"description\":\"Lo m\u00e1s importante del Deporte\",\"publisher\":{\"@id\":\"https:\/\/esbozodeportivo.com\/#organization\"},\"potentialAction\":[{\"@type\":\"SearchAction\",\"target\":{\"@type\":\"EntryPoint\",\"urlTemplate\":\"https:\/\/esbozodeportivo.com\/?s={search_term_string}\"},\"query-input\":{\"@type\":\"PropertyValueSpecification\",\"valueRequired\":true,\"valueName\":\"search_term_string\"}}],\"inLanguage\":\"es\"},{\"@type\":\"Organization\",\"@id\":\"https:\/\/esbozodeportivo.com\/#organization\",\"name\":\"Esbozo Deportivo\",\"url\":\"https:\/\/esbozodeportivo.com\/\",\"logo\":{\"@type\":\"ImageObject\",\"inLanguage\":\"es\",\"@id\":\"https:\/\/esbozodeportivo.com\/#\/schema\/logo\/image\/\",\"url\":\"https:\/\/esbozodeportivo.com\/wp-content\/uploads\/2022\/08\/cropped-Logo-Esbozo-Web-2.png\",\"contentUrl\":\"https:\/\/esbozodeportivo.com\/wp-content\/uploads\/2022\/08\/cropped-Logo-Esbozo-Web-2.png\",\"width\":180,\"height\":50,\"caption\":\"Esbozo Deportivo\"},\"image\":{\"@id\":\"https:\/\/esbozodeportivo.com\/#\/schema\/logo\/image\/\"}},{\"@type\":\"Person\",\"@id\":\"https:\/\/esbozodeportivo.com\/#\/schema\/person\/7277119c98823aec37bbb84e125efd44\",\"name\":\"Javier De La Cruz\",\"image\":{\"@type\":\"ImageObject\",\"inLanguage\":\"es\",\"@id\":\"https:\/\/esbozodeportivo.com\/#\/schema\/person\/image\/\",\"url\":\"https:\/\/secure.gravatar.com\/avatar\/366235a56d20f1a6e8e3d0b295897639357bea880470ddf261d17bb0bc052eb1?s=96&d=mm&r=g\",\"contentUrl\":\"https:\/\/secure.gravatar.com\/avatar\/366235a56d20f1a6e8e3d0b295897639357bea880470ddf261d17bb0bc052eb1?s=96&d=mm&r=g\",\"caption\":\"Javier De La Cruz\"},\"url\":\"https:\/\/esbozodeportivo.com\/index.php\/author\/javier-de-la-cruz-de-la-cruz\/\"}]}<\/script>\n<!-- \/ Yoast SEO plugin. -->","yoast_head_json":{"title":"Se puso en marcha la Reuni\u00f3n del Deporte de los Trabajadores - Esbozo Deportivo","robots":{"index":"index","follow":"follow","max-snippet":"max-snippet:-1","max-image-preview":"max-image-preview:large","max-video-preview":"max-video-preview:-1"},"canonical":"https:\/\/esbozodeportivo.com\/index.php\/2024\/08\/23\/se-puso-en-marcha-la-reunion-del-deporte-de-los-trabajadores\/","og_locale":"es_MX","og_type":"article","og_title":"Se puso en marcha la Reuni\u00f3n del Deporte de los Trabajadores - Esbozo Deportivo","og_description":"(Foto: INDET) El estado de Morelos recibi\u00f3 la 2\u00aa, Reuni\u00f3n Nacional de Secretarios Estatales del","og_url":"https:\/\/esbozodeportivo.com\/index.php\/2024\/08\/23\/se-puso-en-marcha-la-reunion-del-deporte-de-los-trabajadores\/","og_site_name":"Esbozo Deportivo","article_published_time":"2024-08-23T22:41:13+00:00","article_modified_time":"2024-08-23T22:46:52+00:00","og_image":[{"url":"https:\/\/esbozodeportivo.com\/wp-content\/uploads\/2024\/08\/42e46854-2518-4018-b2dc-991f142ba5de-1024x694.jpg","type":"","width":"","height":""}],"author":"Javier De La Cruz","twitter_card":"summary_large_image","twitter_misc":{"Escrito por":"Javier De La Cruz","Tiempo de lectura":"2 minutos"},"schema":{"@context":"https:\/\/schema.org","@graph":[{"@type":"Article","@id":"https:\/\/esbozodeportivo.com\/index.php\/2024\/08\/23\/se-puso-en-marcha-la-reunion-del-deporte-de-los-trabajadores\/#article","isPartOf":{"@id":"https:\/\/esbozodeportivo.com\/index.php\/2024\/08\/23\/se-puso-en-marcha-la-reunion-del-deporte-de-los-trabajadores\/"},"author":{"name":"Javier De La Cruz","@id":"https:\/\/esbozodeportivo.com\/#\/schema\/person\/7277119c98823aec37bbb84e125efd44"},"headline":"Se puso en marcha la Reuni\u00f3n del Deporte de los Trabajadores","datePublished":"2024-08-23T22:41:13+00:00","dateModified":"2024-08-23T22:46:52+00:00","mainEntityOfPage":{"@id":"https:\/\/esbozodeportivo.com\/index.php\/2024\/08\/23\/se-puso-en-marcha-la-reunion-del-deporte-de-los-trabajadores\/"},"wordCount":344,"commentCount":0,"publisher":{"@id":"https:\/\/esbozodeportivo.com\/#organization"},"image":{"@id":"https:\/\/esbozodeportivo.com\/index.php\/2024\/08\/23\/se-puso-en-marcha-la-reunion-del-deporte-de-los-trabajadores\/#primaryimage"},"thumbnailUrl":"https:\/\/esbozodeportivo.com\/wp-content\/uploads\/2024\/08\/42e46854-2518-4018-b2dc-991f142ba5de-1024x694.jpg","articleSection":["Amateur"],"inLanguage":"es","potentialAction":[{"@type":"CommentAction","name":"Comment","target":["https:\/\/esbozodeportivo.com\/index.php\/2024\/08\/23\/se-puso-en-marcha-la-reunion-del-deporte-de-los-trabajadores\/#respond"]}]},{"@type":"WebPage","@id":"https:\/\/esbozodeportivo.com\/index.php\/2024\/08\/23\/se-puso-en-marcha-la-reunion-del-deporte-de-los-trabajadores\/","url":"https:\/\/esbozodeportivo.com\/index.php\/2024\/08\/23\/se-puso-en-marcha-la-reunion-del-deporte-de-los-trabajadores\/","name":"Se puso en marcha la Reuni\u00f3n del Deporte de los Trabajadores - Esbozo Deportivo","isPartOf":{"@id":"https:\/\/esbozodeportivo.com\/#website"},"primaryImageOfPage":{"@id":"https:\/\/esbozodeportivo.com\/index.php\/2024\/08\/23\/se-puso-en-marcha-la-reunion-del-deporte-de-los-trabajadores\/#primaryimage"},"image":{"@id":"https:\/\/esbozodeportivo.com\/index.php\/2024\/08\/23\/se-puso-en-marcha-la-reunion-del-deporte-de-los-trabajadores\/#primaryimage"},"thumbnailUrl":"https:\/\/esbozodeportivo.com\/wp-content\/uploads\/2024\/08\/42e46854-2518-4018-b2dc-991f142ba5de-1024x694.jpg","datePublished":"2024-08-23T22:41:13+00:00","dateModified":"2024-08-23T22:46:52+00:00","breadcrumb":{"@id":"https:\/\/esbozodeportivo.com\/index.php\/2024\/08\/23\/se-puso-en-marcha-la-reunion-del-deporte-de-los-trabajadores\/#breadcrumb"},"inLanguage":"es","potentialAction":[{"@type":"ReadAction","target":["https:\/\/esbozodeportivo.com\/index.php\/2024\/08\/23\/se-puso-en-marcha-la-reunion-del-deporte-de-los-trabajadores\/"]}]},{"@type":"ImageObject","inLanguage":"es","@id":"https:\/\/esbozodeportivo.com\/index.php\/2024\/08\/23\/se-puso-en-marcha-la-reunion-del-deporte-de-los-trabajadores\/#primaryimage","url":"https:\/\/esbozodeportivo.com\/wp-content\/uploads\/2024\/08\/42e46854-2518-4018-b2dc-991f142ba5de.jpg","contentUrl":"https:\/\/esbozodeportivo.com\/wp-content\/uploads\/2024\/08\/42e46854-2518-4018-b2dc-991f142ba5de.jpg","width":1168,"height":792},{"@type":"BreadcrumbList","@id":"https:\/\/esbozodeportivo.com\/index.php\/2024\/08\/23\/se-puso-en-marcha-la-reunion-del-deporte-de-los-trabajadores\/#breadcrumb","itemListElement":[{"@type":"ListItem","position":1,"name":"Inicio","item":"https:\/\/esbozodeportivo.com\/"},{"@type":"ListItem","position":2,"name":"Se puso en marcha la Reuni\u00f3n del Deporte de los Trabajadores"}]},{"@type":"WebSite","@id":"https:\/\/esbozodeportivo.com\/#website","url":"https:\/\/esbozodeportivo.com\/","name":"Esbozo Deportivo","description":"Lo m\u00e1s importante del Deporte","publisher":{"@id":"https:\/\/esbozodeportivo.com\/#organization"},"potentialAction":[{"@type":"SearchAction","target":{"@type":"EntryPoint","urlTemplate":"https:\/\/esbozodeportivo.com\/?s={search_term_string}"},"query-input":{"@type":"PropertyValueSpecification","valueRequired":true,"valueName":"search_term_string"}}],"inLanguage":"es"},{"@type":"Organization","@id":"https:\/\/esbozodeportivo.com\/#organization","name":"Esbozo Deportivo","url":"https:\/\/esbozodeportivo.com\/","logo":{"@type":"ImageObject","inLanguage":"es","@id":"https:\/\/esbozodeportivo.com\/#\/schema\/logo\/image\/","url":"https:\/\/esbozodeportivo.com\/wp-content\/uploads\/2022\/08\/cropped-Logo-Esbozo-Web-2.png","contentUrl":"https:\/\/esbozodeportivo.com\/wp-content\/uploads\/2022\/08\/cropped-Logo-Esbozo-Web-2.png","width":180,"height":50,"caption":"Esbozo Deportivo"},"image":{"@id":"https:\/\/esbozodeportivo.com\/#\/schema\/logo\/image\/"}},{"@type":"Person","@id":"https:\/\/esbozodeportivo.com\/#\/schema\/person\/7277119c98823aec37bbb84e125efd44","name":"Javier De La Cruz","image":{"@type":"ImageObject","inLanguage":"es","@id":"https:\/\/esbozodeportivo.com\/#\/schema\/person\/image\/","url":"https:\/\/secure.gravatar.com\/avatar\/366235a56d20f1a6e8e3d0b295897639357bea880470ddf261d17bb0bc052eb1?s=96&d=mm&r=g","contentUrl":"https:\/\/secure.gravatar.com\/avatar\/366235a56d20f1a6e8e3d0b295897639357bea880470ddf261d17bb0bc052eb1?s=96&d=mm&r=g","caption":"Javier De La Cruz"},"url":"https:\/\/esbozodeportivo.com\/index.php\/author\/javier-de-la-cruz-de-la-cruz\/"}]}},"jetpack_featured_media_url":"","jetpack_sharing_enabled":true,"_links":{"self":[{"href":"https:\/\/esbozodeportivo.com\/index.php\/wp-json\/wp\/v2\/posts\/4183","targetHints":{"allow":["GET"]}}],"collection":[{"href":"https:\/\/esbozodeportivo.com\/index.php\/wp-json\/wp\/v2\/posts"}],"about":[{"href":"https:\/\/esbozodeportivo.com\/index.php\/wp-json\/wp\/v2\/types\/post"}],"author":[{"embeddable":true,"href":"https:\/\/esbozodeportivo.com\/index.php\/wp-json\/wp\/v2\/users\/2"}],"replies":[{"embeddable":true,"href":"https:\/\/esbozodeportivo.com\/index.php\/wp-json\/wp\/v2\/comments?post=4183"}],"version-history":[{"count":4,"href":"https:\/\/esbozodeportivo.com\/index.php\/wp-json\/wp\/v2\/posts\/4183\/revisions"}],"predecessor-version":[{"id":4192,"href":"https:\/\/esbozodeportivo.com\/index.php\/wp-json\/wp\/v2\/posts\/4183\/revisions\/4192"}],"wp:attachment":[{"href":"https:\/\/esbozodeportivo.com\/index.php\/wp-json\/wp\/v2\/media?parent=4183"}],"wp:term":[{"taxonomy":"category","embeddable":true,"href":"https:\/\/esbozodeportivo.com\/index.php\/wp-json\/wp\/v2\/categories?post=4183"},{"taxonomy":"post_tag","embeddable":true,"href":"https:\/\/esbozodeportivo.com\/index.php\/wp-json\/wp\/v2\/tags?post=4183"}],"curies":[{"name":"wp","href":"https:\/\/api.w.org\/{rel}","templated":true}]}}