{"id":4193,"date":"2024-08-24T00:33:13","date_gmt":"2024-08-24T00:33:13","guid":{"rendered":"https:\/\/esbozodeportivo.com\/?p=4193"},"modified":"2024-08-24T00:46:37","modified_gmt":"2024-08-24T00:46:37","slug":"la-fiesta-del-xvi-maraton-de-la-cdmx-telcel-2024-este-domingo","status":"publish","type":"post","link":"https:\/\/esbozodeportivo.com\/index.php\/2024\/08\/24\/la-fiesta-del-xvi-maraton-de-la-cdmx-telcel-2024-este-domingo\/","title":{"rendered":"La fiesta del XVI Marat\u00f3n de la CDMX Telcel 2024 este domingo"},"content":{"rendered":"<style>\/*! elementor - v3.23.0 - 05-08-2024 *\/\n.elementor-widget-image{text-align:center}.elementor-widget-image a{display:inline-block}.elementor-widget-image a img[src$=\".svg\"]{width:48px}.elementor-widget-image img{vertical-align:middle;display:inline-block}<\/style>\n<p>\t\t\t\t\t\t\t\t\t\t<img loading=\"lazy\" decoding=\"async\" width=\"640\" height=\"359\" src=\"https:\/\/esbozodeportivo.com\/wp-content\/uploads\/2024\/08\/atletas--1024x575.jpeg\" alt=\"\" srcset=\"https:\/\/esbozodeportivo.com\/wp-content\/uploads\/2024\/08\/atletas--1024x575.jpeg 1024w, https:\/\/esbozodeportivo.com\/wp-content\/uploads\/2024\/08\/atletas--300x168.jpeg 300w, https:\/\/esbozodeportivo.com\/wp-content\/uploads\/2024\/08\/atletas--768x431.jpeg 768w, https:\/\/esbozodeportivo.com\/wp-content\/uploads\/2024\/08\/atletas--1536x863.jpeg 1536w, https:\/\/esbozodeportivo.com\/wp-content\/uploads\/2024\/08\/atletas--2048x1150.jpeg 2048w\" sizes=\"auto, (max-width: 640px) 100vw, 640px\" \/>\t\t\t\t\t\t\t\t\t\t\t\t\t<\/p>\n<h3 style=\"line-height: 15.0pt; background: white;\">(Foto: esbozodeportivo.com)<\/h3>\n<p>Ciudad de M\u00e9xico.- Este medio d\u00eda fueron presentados los 15 atletas internacionales de \u00e9lite que estar\u00e1n presentes en la edici\u00f3n <strong>XLI del Marat\u00f3n de la Ciudad de M\u00e9xico Telcel 2024<\/strong>, evento que se llev\u00f3 a cabo en los salones Mexica I y II del World Trade Ceter, dentro de la Expo Marat\u00f3n 2024, donde estuvieron presentes <strong>Julio P\u00e9rez Guzm\u00e1n<\/strong>, titular de <strong>(INDEPORTE)<\/strong>, patrocinadores e invitados especiales.<\/p>\n<p>Los corredores estar\u00e1n participando en la categor\u00eda \u00e9lite del Marat\u00f3n, donde se espera una cerrada competencia de principio a fin, pues son atletas que se consideran de lo mejor en la especialidad.<\/p>\n<p>\t\t\t\t\t\t\t\t\t\t\t\t\t<img loading=\"lazy\" decoding=\"async\" width=\"640\" height=\"359\" src=\"https:\/\/esbozodeportivo.com\/wp-content\/uploads\/2024\/08\/atletas-2--1024x575.jpeg\" alt=\"\" srcset=\"https:\/\/esbozodeportivo.com\/wp-content\/uploads\/2024\/08\/atletas-2--1024x575.jpeg 1024w, https:\/\/esbozodeportivo.com\/wp-content\/uploads\/2024\/08\/atletas-2--300x168.jpeg 300w, https:\/\/esbozodeportivo.com\/wp-content\/uploads\/2024\/08\/atletas-2--768x431.jpeg 768w, https:\/\/esbozodeportivo.com\/wp-content\/uploads\/2024\/08\/atletas-2--1536x863.jpeg 1536w, https:\/\/esbozodeportivo.com\/wp-content\/uploads\/2024\/08\/atletas-2--2048x1150.jpeg 2048w\" sizes=\"auto, (max-width: 640px) 100vw, 640px\" \/>\t\t\t\t\t\t\t\t\t\t\t\t\t<\/p>\n<h3 style=\"line-height: 15.0pt; background: white;\">(Foto: esbozodeportivo.com)<\/h3>\n<p>En la rama \u00e9lite varonil los deportistas presentados fueron: Langat Leonard, de Kenia, quien en la edici\u00f3n pasada del Marat\u00f3n 2023 se qued\u00f3 con el segundo lugar, Edwin Kiprop, Zablon Kitarus, Rhonzas Lokitam y Francisco Cheruiyot todos de Kenia; por Etiopia, Gebretsadick Abraham, Derseh Kindie y Debala Sereje Adugna.<\/p>\n<p>\t\t\t\t\t\t\t\t\t\t\t\t\t<img loading=\"lazy\" decoding=\"async\" width=\"640\" height=\"359\" src=\"https:\/\/esbozodeportivo.com\/wp-content\/uploads\/2024\/08\/atletas-3--1024x575.jpeg\" alt=\"\" srcset=\"https:\/\/esbozodeportivo.com\/wp-content\/uploads\/2024\/08\/atletas-3--1024x575.jpeg 1024w, https:\/\/esbozodeportivo.com\/wp-content\/uploads\/2024\/08\/atletas-3--300x168.jpeg 300w, https:\/\/esbozodeportivo.com\/wp-content\/uploads\/2024\/08\/atletas-3--768x431.jpeg 768w, https:\/\/esbozodeportivo.com\/wp-content\/uploads\/2024\/08\/atletas-3--1536x863.jpeg 1536w, https:\/\/esbozodeportivo.com\/wp-content\/uploads\/2024\/08\/atletas-3--2048x1150.jpeg 2048w\" sizes=\"auto, (max-width: 640px) 100vw, 640px\" \/>\t\t\t\t\t\t\t\t\t\t\t\t\t<\/p>\n<h3 style=\"line-height: 15.0pt; background: white;\">(Foto: esbozodeportivo.com)<\/h3>\n<p>Mientras que en la rama femenil las deportistas que fueron presentadas son: de Kenia, Fancy Chemutai, Janet Ruguru Gichumbi y Naom Gebet; por Etiopia, Medina Deme Armino, as\u00ed como de Marroquia, Soukaina Atanane y por \u00faltimo de Bahrain, Shitaye Eshete Habte. \u00a0<\/p>\n<p>\t\t\t\t\t\t\t\t\t\t\t\t\t<img loading=\"lazy\" decoding=\"async\" width=\"640\" height=\"359\" src=\"https:\/\/esbozodeportivo.com\/wp-content\/uploads\/2024\/08\/atletas-4--1024x575.jpeg\" alt=\"\" srcset=\"https:\/\/esbozodeportivo.com\/wp-content\/uploads\/2024\/08\/atletas-4--1024x575.jpeg 1024w, https:\/\/esbozodeportivo.com\/wp-content\/uploads\/2024\/08\/atletas-4--300x168.jpeg 300w, https:\/\/esbozodeportivo.com\/wp-content\/uploads\/2024\/08\/atletas-4--768x431.jpeg 768w, https:\/\/esbozodeportivo.com\/wp-content\/uploads\/2024\/08\/atletas-4--1536x863.jpeg 1536w, https:\/\/esbozodeportivo.com\/wp-content\/uploads\/2024\/08\/atletas-4--2048x1150.jpeg 2048w\" sizes=\"auto, (max-width: 640px) 100vw, 640px\" \/>\t\t\t\t\t\t\t\t\t\t\t\t\t<\/p>\n<h3 style=\"line-height: 15.0pt; background: white;\">(Foto: esbozodeportivo.com)<\/h3>\n<p><strong>Julio P\u00e9rez<\/strong> de <strong>(INDEPORTE)<\/strong>, se\u00f1al\u00f3 que todo se encuentra listo para que el Marat\u00f3n sea una gran carrera en todos sus sentidos, pues con la participaci\u00f3n de todos se espera que sea una fiesta.<\/p>\n<p>La salida de la carrera ser\u00e1 a un costado del Estadio de Ciudad Universitaria en punto de las 05:45 de la ma\u00f1ana y tras un recorrido de 42.192 kil\u00f3metros, los corredores ver\u00e1n la meta en la plancha del Z\u00f3calo capitalino.<\/p>\n<p>\t\t\t\t\t\t\t\t\t\t\t\t\t<img loading=\"lazy\" decoding=\"async\" width=\"640\" height=\"359\" src=\"https:\/\/esbozodeportivo.com\/wp-content\/uploads\/2024\/08\/atletas-1--1024x575.jpeg\" alt=\"\" srcset=\"https:\/\/esbozodeportivo.com\/wp-content\/uploads\/2024\/08\/atletas-1--1024x575.jpeg 1024w, https:\/\/esbozodeportivo.com\/wp-content\/uploads\/2024\/08\/atletas-1--300x168.jpeg 300w, https:\/\/esbozodeportivo.com\/wp-content\/uploads\/2024\/08\/atletas-1--768x431.jpeg 768w, https:\/\/esbozodeportivo.com\/wp-content\/uploads\/2024\/08\/atletas-1--1536x863.jpeg 1536w, https:\/\/esbozodeportivo.com\/wp-content\/uploads\/2024\/08\/atletas-1--2048x1150.jpeg 2048w\" sizes=\"auto, (max-width: 640px) 100vw, 640px\" \/>\t\t\t\t\t\t\t\t\t\t\t\t\t<\/p>\n<h3 style=\"line-height: 15.0pt; background: white;\">(Foto: esbozodeportivo.com)<\/h3>\n<p>Durante el trayecto de los corredores estar\u00e1n pasando por importantes avenidas como Avenida Insurgentes Sur, Parque Espa\u00f1a, Paseo de la Reforma, Avenida Ju\u00e1rez hasta llegar al Z\u00f3calo de la CDMX<\/p>\n<p>Tambi\u00e9n contar\u00e1n con asistencia m\u00e9dica, protecci\u00f3n civil, 8 ambulancias del ERUM, 60 elementos de rescate y urgencias m\u00e9dicas, as\u00ed como 8 ambulancias de la Cruz Roja.<\/p>\n<p>\t\t\t\t\t\t\t\t\t\t\t\t\t<img loading=\"lazy\" decoding=\"async\" width=\"640\" height=\"475\" src=\"https:\/\/esbozodeportivo.com\/wp-content\/uploads\/2024\/08\/atletas-5--1024x760.jpeg\" alt=\"\" srcset=\"https:\/\/esbozodeportivo.com\/wp-content\/uploads\/2024\/08\/atletas-5--1024x760.jpeg 1024w, https:\/\/esbozodeportivo.com\/wp-content\/uploads\/2024\/08\/atletas-5--300x223.jpeg 300w, https:\/\/esbozodeportivo.com\/wp-content\/uploads\/2024\/08\/atletas-5--768x570.jpeg 768w, https:\/\/esbozodeportivo.com\/wp-content\/uploads\/2024\/08\/atletas-5--1536x1139.jpeg 1536w, https:\/\/esbozodeportivo.com\/wp-content\/uploads\/2024\/08\/atletas-5--2048x1519.jpeg 2048w\" sizes=\"auto, (max-width: 640px) 100vw, 640px\" \/>\t\t\t\t\t\t\t\t\t\t\t\t\t<\/p>\n<h3 style=\"line-height: 15.0pt; background: white;\">(Foto: esbozodeportivo.com)<\/h3>\n<p style=\"text-align: justify; background: white; margin: 12.0pt 0cm 12.0pt 0cm;\">Para garantizar la movilidad de las y los participantes, as\u00ed como de transe\u00fantes, el Sistema de Transporte Colectivo (STC) Metro iniciar\u00e1 su servicio a las 05:00 horas, y permitir\u00e1 el acceso gratuito a los corredores que presenten su n\u00famero. Adem\u00e1s, el Servicio de Transportes El\u00e9ctricos brindar\u00e1 transporte de apoyo gratuito desde las 03:00 horas en distintos puntos de la ciudad.<\/p>\n<p style=\"text-align: justify; background: white; margin: 12.0pt 0cm 12.0pt 0cm;\">Adem\u00e1s se implementar\u00e1 un dispositivo de mil 100 polic\u00edas, 700 elementos de tr\u00e1nsito y 400 elementos de seguridad ciudadana adicionalmente el C5 realizar\u00e1 un monitoreo de la ruta a trav\u00e9s de 1,030 c\u00e1maras de video vigilancia.\u00a0<\/p>\n<p>\t\t\t\t\t\t\t\t\t\t\t\t\t<img loading=\"lazy\" decoding=\"async\" width=\"640\" height=\"359\" src=\"https:\/\/esbozodeportivo.com\/wp-content\/uploads\/2024\/08\/atletas-9--1024x575.jpeg\" alt=\"\" srcset=\"https:\/\/esbozodeportivo.com\/wp-content\/uploads\/2024\/08\/atletas-9--1024x575.jpeg 1024w, https:\/\/esbozodeportivo.com\/wp-content\/uploads\/2024\/08\/atletas-9--300x168.jpeg 300w, https:\/\/esbozodeportivo.com\/wp-content\/uploads\/2024\/08\/atletas-9--768x431.jpeg 768w, https:\/\/esbozodeportivo.com\/wp-content\/uploads\/2024\/08\/atletas-9--1536x863.jpeg 1536w, https:\/\/esbozodeportivo.com\/wp-content\/uploads\/2024\/08\/atletas-9--2048x1150.jpeg 2048w\" sizes=\"auto, (max-width: 640px) 100vw, 640px\" \/>\t\t\t\t\t\t\t\t\t\t\t\t\t<\/p>\n<h3 style=\"line-height: 15.0pt; background: white;\">(Foto: esbozodeportivo.com)<\/h3>\n<p>\t\t\t\t\t\t\t\t\t\t\t\t\t<img loading=\"lazy\" decoding=\"async\" width=\"640\" height=\"359\" src=\"https:\/\/esbozodeportivo.com\/wp-content\/uploads\/2024\/08\/atletas-10--1024x575.jpeg\" alt=\"\" srcset=\"https:\/\/esbozodeportivo.com\/wp-content\/uploads\/2024\/08\/atletas-10--1024x575.jpeg 1024w, https:\/\/esbozodeportivo.com\/wp-content\/uploads\/2024\/08\/atletas-10--300x168.jpeg 300w, https:\/\/esbozodeportivo.com\/wp-content\/uploads\/2024\/08\/atletas-10--768x431.jpeg 768w, https:\/\/esbozodeportivo.com\/wp-content\/uploads\/2024\/08\/atletas-10--1536x863.jpeg 1536w, https:\/\/esbozodeportivo.com\/wp-content\/uploads\/2024\/08\/atletas-10--2048x1150.jpeg 2048w\" sizes=\"auto, (max-width: 640px) 100vw, 640px\" \/>\t\t\t\t\t\t\t\t\t\t\t\t\t<\/p>\n<h3 style=\"line-height: 15.0pt; background: white;\">(Foto: esbozodeportivo.com)<\/h3>\n","protected":false},"excerpt":{"rendered":"<p>(Foto: esbozodeportivo.com) Ciudad de M\u00e9xico.- Este medio d\u00eda fueron presentados los 15 atletas internacionales de<\/p>\n","protected":false},"author":2,"featured_media":0,"comment_status":"open","ping_status":"open","sticky":false,"template":"","format":"standard","meta":{"_jetpack_memberships_contains_paid_content":false,"footnotes":""},"categories":[5],"tags":[],"class_list":["post-4193","post","type-post","status-publish","format-standard","hentry","category-amateur"],"yoast_head":"<!-- This site is optimized with the Yoast SEO plugin v25.7 - https:\/\/yoast.com\/wordpress\/plugins\/seo\/ -->\n<title>La fiesta del XVI Marat\u00f3n de la CDMX Telcel 2024 este domingo - Esbozo Deportivo<\/title>\n<meta name=\"robots\" content=\"index, follow, max-snippet:-1, max-image-preview:large, max-video-preview:-1\" \/>\n<link rel=\"canonical\" href=\"https:\/\/esbozodeportivo.com\/index.php\/2024\/08\/24\/la-fiesta-del-xvi-maraton-de-la-cdmx-telcel-2024-este-domingo\/\" \/>\n<meta property=\"og:locale\" content=\"es_MX\" \/>\n<meta property=\"og:type\" content=\"article\" \/>\n<meta property=\"og:title\" content=\"La fiesta del XVI Marat\u00f3n de la CDMX Telcel 2024 este domingo - Esbozo Deportivo\" \/>\n<meta property=\"og:description\" content=\"(Foto: esbozodeportivo.com) Ciudad de M\u00e9xico.- Este medio d\u00eda fueron presentados los 15 atletas internacionales de\" \/>\n<meta property=\"og:url\" content=\"https:\/\/esbozodeportivo.com\/index.php\/2024\/08\/24\/la-fiesta-del-xvi-maraton-de-la-cdmx-telcel-2024-este-domingo\/\" \/>\n<meta property=\"og:site_name\" content=\"Esbozo Deportivo\" \/>\n<meta property=\"article:published_time\" content=\"2024-08-24T00:33:13+00:00\" \/>\n<meta property=\"article:modified_time\" content=\"2024-08-24T00:46:37+00:00\" \/>\n<meta property=\"og:image\" content=\"https:\/\/esbozodeportivo.com\/wp-content\/uploads\/2024\/08\/atletas--1024x575.jpeg\" \/>\n<meta name=\"author\" content=\"Javier De La Cruz\" \/>\n<meta name=\"twitter:card\" content=\"summary_large_image\" \/>\n<meta name=\"twitter:label1\" content=\"Escrito por\" \/>\n\t<meta name=\"twitter:data1\" content=\"Javier De La Cruz\" \/>\n\t<meta name=\"twitter:label2\" content=\"Tiempo de lectura\" \/>\n\t<meta name=\"twitter:data2\" content=\"2 minutos\" \/>\n<script type=\"application\/ld+json\" class=\"yoast-schema-graph\">{\"@context\":\"https:\/\/schema.org\",\"@graph\":[{\"@type\":\"Article\",\"@id\":\"https:\/\/esbozodeportivo.com\/index.php\/2024\/08\/24\/la-fiesta-del-xvi-maraton-de-la-cdmx-telcel-2024-este-domingo\/#article\",\"isPartOf\":{\"@id\":\"https:\/\/esbozodeportivo.com\/index.php\/2024\/08\/24\/la-fiesta-del-xvi-maraton-de-la-cdmx-telcel-2024-este-domingo\/\"},\"author\":{\"name\":\"Javier De La Cruz\",\"@id\":\"https:\/\/esbozodeportivo.com\/#\/schema\/person\/7277119c98823aec37bbb84e125efd44\"},\"headline\":\"La fiesta del XVI Marat\u00f3n de la CDMX Telcel 2024 este domingo\",\"datePublished\":\"2024-08-24T00:33:13+00:00\",\"dateModified\":\"2024-08-24T00:46:37+00:00\",\"mainEntityOfPage\":{\"@id\":\"https:\/\/esbozodeportivo.com\/index.php\/2024\/08\/24\/la-fiesta-del-xvi-maraton-de-la-cdmx-telcel-2024-este-domingo\/\"},\"wordCount\":476,\"commentCount\":0,\"publisher\":{\"@id\":\"https:\/\/esbozodeportivo.com\/#organization\"},\"image\":{\"@id\":\"https:\/\/esbozodeportivo.com\/index.php\/2024\/08\/24\/la-fiesta-del-xvi-maraton-de-la-cdmx-telcel-2024-este-domingo\/#primaryimage\"},\"thumbnailUrl\":\"https:\/\/esbozodeportivo.com\/wp-content\/uploads\/2024\/08\/atletas--1024x575.jpeg\",\"articleSection\":[\"Amateur\"],\"inLanguage\":\"es\",\"potentialAction\":[{\"@type\":\"CommentAction\",\"name\":\"Comment\",\"target\":[\"https:\/\/esbozodeportivo.com\/index.php\/2024\/08\/24\/la-fiesta-del-xvi-maraton-de-la-cdmx-telcel-2024-este-domingo\/#respond\"]}]},{\"@type\":\"WebPage\",\"@id\":\"https:\/\/esbozodeportivo.com\/index.php\/2024\/08\/24\/la-fiesta-del-xvi-maraton-de-la-cdmx-telcel-2024-este-domingo\/\",\"url\":\"https:\/\/esbozodeportivo.com\/index.php\/2024\/08\/24\/la-fiesta-del-xvi-maraton-de-la-cdmx-telcel-2024-este-domingo\/\",\"name\":\"La fiesta del XVI Marat\u00f3n de la CDMX Telcel 2024 este domingo - Esbozo Deportivo\",\"isPartOf\":{\"@id\":\"https:\/\/esbozodeportivo.com\/#website\"},\"primaryImageOfPage\":{\"@id\":\"https:\/\/esbozodeportivo.com\/index.php\/2024\/08\/24\/la-fiesta-del-xvi-maraton-de-la-cdmx-telcel-2024-este-domingo\/#primaryimage\"},\"image\":{\"@id\":\"https:\/\/esbozodeportivo.com\/index.php\/2024\/08\/24\/la-fiesta-del-xvi-maraton-de-la-cdmx-telcel-2024-este-domingo\/#primaryimage\"},\"thumbnailUrl\":\"https:\/\/esbozodeportivo.com\/wp-content\/uploads\/2024\/08\/atletas--1024x575.jpeg\",\"datePublished\":\"2024-08-24T00:33:13+00:00\",\"dateModified\":\"2024-08-24T00:46:37+00:00\",\"breadcrumb\":{\"@id\":\"https:\/\/esbozodeportivo.com\/index.php\/2024\/08\/24\/la-fiesta-del-xvi-maraton-de-la-cdmx-telcel-2024-este-domingo\/#breadcrumb\"},\"inLanguage\":\"es\",\"potentialAction\":[{\"@type\":\"ReadAction\",\"target\":[\"https:\/\/esbozodeportivo.com\/index.php\/2024\/08\/24\/la-fiesta-del-xvi-maraton-de-la-cdmx-telcel-2024-este-domingo\/\"]}]},{\"@type\":\"ImageObject\",\"inLanguage\":\"es\",\"@id\":\"https:\/\/esbozodeportivo.com\/index.php\/2024\/08\/24\/la-fiesta-del-xvi-maraton-de-la-cdmx-telcel-2024-este-domingo\/#primaryimage\",\"url\":\"https:\/\/esbozodeportivo.com\/wp-content\/uploads\/2024\/08\/atletas--1024x575.jpeg\",\"contentUrl\":\"https:\/\/esbozodeportivo.com\/wp-content\/uploads\/2024\/08\/atletas--1024x575.jpeg\"},{\"@type\":\"BreadcrumbList\",\"@id\":\"https:\/\/esbozodeportivo.com\/index.php\/2024\/08\/24\/la-fiesta-del-xvi-maraton-de-la-cdmx-telcel-2024-este-domingo\/#breadcrumb\",\"itemListElement\":[{\"@type\":\"ListItem\",\"position\":1,\"name\":\"Inicio\",\"item\":\"https:\/\/esbozodeportivo.com\/\"},{\"@type\":\"ListItem\",\"position\":2,\"name\":\"La fiesta del XVI Marat\u00f3n de la CDMX Telcel 2024 este domingo\"}]},{\"@type\":\"WebSite\",\"@id\":\"https:\/\/esbozodeportivo.com\/#website\",\"url\":\"https:\/\/esbozodeportivo.com\/\",\"name\":\"Esbozo Deportivo\",\"description\":\"Lo m\u00e1s importante del Deporte\",\"publisher\":{\"@id\":\"https:\/\/esbozodeportivo.com\/#organization\"},\"potentialAction\":[{\"@type\":\"SearchAction\",\"target\":{\"@type\":\"EntryPoint\",\"urlTemplate\":\"https:\/\/esbozodeportivo.com\/?s={search_term_string}\"},\"query-input\":{\"@type\":\"PropertyValueSpecification\",\"valueRequired\":true,\"valueName\":\"search_term_string\"}}],\"inLanguage\":\"es\"},{\"@type\":\"Organization\",\"@id\":\"https:\/\/esbozodeportivo.com\/#organization\",\"name\":\"Esbozo Deportivo\",\"url\":\"https:\/\/esbozodeportivo.com\/\",\"logo\":{\"@type\":\"ImageObject\",\"inLanguage\":\"es\",\"@id\":\"https:\/\/esbozodeportivo.com\/#\/schema\/logo\/image\/\",\"url\":\"https:\/\/esbozodeportivo.com\/wp-content\/uploads\/2022\/08\/cropped-Logo-Esbozo-Web-2.png\",\"contentUrl\":\"https:\/\/esbozodeportivo.com\/wp-content\/uploads\/2022\/08\/cropped-Logo-Esbozo-Web-2.png\",\"width\":180,\"height\":50,\"caption\":\"Esbozo Deportivo\"},\"image\":{\"@id\":\"https:\/\/esbozodeportivo.com\/#\/schema\/logo\/image\/\"}},{\"@type\":\"Person\",\"@id\":\"https:\/\/esbozodeportivo.com\/#\/schema\/person\/7277119c98823aec37bbb84e125efd44\",\"name\":\"Javier De La Cruz\",\"image\":{\"@type\":\"ImageObject\",\"inLanguage\":\"es\",\"@id\":\"https:\/\/esbozodeportivo.com\/#\/schema\/person\/image\/\",\"url\":\"https:\/\/secure.gravatar.com\/avatar\/366235a56d20f1a6e8e3d0b295897639357bea880470ddf261d17bb0bc052eb1?s=96&d=mm&r=g\",\"contentUrl\":\"https:\/\/secure.gravatar.com\/avatar\/366235a56d20f1a6e8e3d0b295897639357bea880470ddf261d17bb0bc052eb1?s=96&d=mm&r=g\",\"caption\":\"Javier De La Cruz\"},\"url\":\"https:\/\/esbozodeportivo.com\/index.php\/author\/javier-de-la-cruz-de-la-cruz\/\"}]}<\/script>\n<!-- \/ Yoast SEO plugin. -->","yoast_head_json":{"title":"La fiesta del XVI Marat\u00f3n de la CDMX Telcel 2024 este domingo - Esbozo Deportivo","robots":{"index":"index","follow":"follow","max-snippet":"max-snippet:-1","max-image-preview":"max-image-preview:large","max-video-preview":"max-video-preview:-1"},"canonical":"https:\/\/esbozodeportivo.com\/index.php\/2024\/08\/24\/la-fiesta-del-xvi-maraton-de-la-cdmx-telcel-2024-este-domingo\/","og_locale":"es_MX","og_type":"article","og_title":"La fiesta del XVI Marat\u00f3n de la CDMX Telcel 2024 este domingo - Esbozo Deportivo","og_description":"(Foto: esbozodeportivo.com) Ciudad de M\u00e9xico.- Este medio d\u00eda fueron presentados los 15 atletas internacionales de","og_url":"https:\/\/esbozodeportivo.com\/index.php\/2024\/08\/24\/la-fiesta-del-xvi-maraton-de-la-cdmx-telcel-2024-este-domingo\/","og_site_name":"Esbozo Deportivo","article_published_time":"2024-08-24T00:33:13+00:00","article_modified_time":"2024-08-24T00:46:37+00:00","og_image":[{"url":"https:\/\/esbozodeportivo.com\/wp-content\/uploads\/2024\/08\/atletas--1024x575.jpeg","type":"","width":"","height":""}],"author":"Javier De La Cruz","twitter_card":"summary_large_image","twitter_misc":{"Escrito por":"Javier De La Cruz","Tiempo de lectura":"2 minutos"},"schema":{"@context":"https:\/\/schema.org","@graph":[{"@type":"Article","@id":"https:\/\/esbozodeportivo.com\/index.php\/2024\/08\/24\/la-fiesta-del-xvi-maraton-de-la-cdmx-telcel-2024-este-domingo\/#article","isPartOf":{"@id":"https:\/\/esbozodeportivo.com\/index.php\/2024\/08\/24\/la-fiesta-del-xvi-maraton-de-la-cdmx-telcel-2024-este-domingo\/"},"author":{"name":"Javier De La Cruz","@id":"https:\/\/esbozodeportivo.com\/#\/schema\/person\/7277119c98823aec37bbb84e125efd44"},"headline":"La fiesta del XVI Marat\u00f3n de la CDMX Telcel 2024 este domingo","datePublished":"2024-08-24T00:33:13+00:00","dateModified":"2024-08-24T00:46:37+00:00","mainEntityOfPage":{"@id":"https:\/\/esbozodeportivo.com\/index.php\/2024\/08\/24\/la-fiesta-del-xvi-maraton-de-la-cdmx-telcel-2024-este-domingo\/"},"wordCount":476,"commentCount":0,"publisher":{"@id":"https:\/\/esbozodeportivo.com\/#organization"},"image":{"@id":"https:\/\/esbozodeportivo.com\/index.php\/2024\/08\/24\/la-fiesta-del-xvi-maraton-de-la-cdmx-telcel-2024-este-domingo\/#primaryimage"},"thumbnailUrl":"https:\/\/esbozodeportivo.com\/wp-content\/uploads\/2024\/08\/atletas--1024x575.jpeg","articleSection":["Amateur"],"inLanguage":"es","potentialAction":[{"@type":"CommentAction","name":"Comment","target":["https:\/\/esbozodeportivo.com\/index.php\/2024\/08\/24\/la-fiesta-del-xvi-maraton-de-la-cdmx-telcel-2024-este-domingo\/#respond"]}]},{"@type":"WebPage","@id":"https:\/\/esbozodeportivo.com\/index.php\/2024\/08\/24\/la-fiesta-del-xvi-maraton-de-la-cdmx-telcel-2024-este-domingo\/","url":"https:\/\/esbozodeportivo.com\/index.php\/2024\/08\/24\/la-fiesta-del-xvi-maraton-de-la-cdmx-telcel-2024-este-domingo\/","name":"La fiesta del XVI Marat\u00f3n de la CDMX Telcel 2024 este domingo - Esbozo Deportivo","isPartOf":{"@id":"https:\/\/esbozodeportivo.com\/#website"},"primaryImageOfPage":{"@id":"https:\/\/esbozodeportivo.com\/index.php\/2024\/08\/24\/la-fiesta-del-xvi-maraton-de-la-cdmx-telcel-2024-este-domingo\/#primaryimage"},"image":{"@id":"https:\/\/esbozodeportivo.com\/index.php\/2024\/08\/24\/la-fiesta-del-xvi-maraton-de-la-cdmx-telcel-2024-este-domingo\/#primaryimage"},"thumbnailUrl":"https:\/\/esbozodeportivo.com\/wp-content\/uploads\/2024\/08\/atletas--1024x575.jpeg","datePublished":"2024-08-24T00:33:13+00:00","dateModified":"2024-08-24T00:46:37+00:00","breadcrumb":{"@id":"https:\/\/esbozodeportivo.com\/index.php\/2024\/08\/24\/la-fiesta-del-xvi-maraton-de-la-cdmx-telcel-2024-este-domingo\/#breadcrumb"},"inLanguage":"es","potentialAction":[{"@type":"ReadAction","target":["https:\/\/esbozodeportivo.com\/index.php\/2024\/08\/24\/la-fiesta-del-xvi-maraton-de-la-cdmx-telcel-2024-este-domingo\/"]}]},{"@type":"ImageObject","inLanguage":"es","@id":"https:\/\/esbozodeportivo.com\/index.php\/2024\/08\/24\/la-fiesta-del-xvi-maraton-de-la-cdmx-telcel-2024-este-domingo\/#primaryimage","url":"https:\/\/esbozodeportivo.com\/wp-content\/uploads\/2024\/08\/atletas--1024x575.jpeg","contentUrl":"https:\/\/esbozodeportivo.com\/wp-content\/uploads\/2024\/08\/atletas--1024x575.jpeg"},{"@type":"BreadcrumbList","@id":"https:\/\/esbozodeportivo.com\/index.php\/2024\/08\/24\/la-fiesta-del-xvi-maraton-de-la-cdmx-telcel-2024-este-domingo\/#breadcrumb","itemListElement":[{"@type":"ListItem","position":1,"name":"Inicio","item":"https:\/\/esbozodeportivo.com\/"},{"@type":"ListItem","position":2,"name":"La fiesta del XVI Marat\u00f3n de la CDMX Telcel 2024 este domingo"}]},{"@type":"WebSite","@id":"https:\/\/esbozodeportivo.com\/#website","url":"https:\/\/esbozodeportivo.com\/","name":"Esbozo Deportivo","description":"Lo m\u00e1s importante del Deporte","publisher":{"@id":"https:\/\/esbozodeportivo.com\/#organization"},"potentialAction":[{"@type":"SearchAction","target":{"@type":"EntryPoint","urlTemplate":"https:\/\/esbozodeportivo.com\/?s={search_term_string}"},"query-input":{"@type":"PropertyValueSpecification","valueRequired":true,"valueName":"search_term_string"}}],"inLanguage":"es"},{"@type":"Organization","@id":"https:\/\/esbozodeportivo.com\/#organization","name":"Esbozo Deportivo","url":"https:\/\/esbozodeportivo.com\/","logo":{"@type":"ImageObject","inLanguage":"es","@id":"https:\/\/esbozodeportivo.com\/#\/schema\/logo\/image\/","url":"https:\/\/esbozodeportivo.com\/wp-content\/uploads\/2022\/08\/cropped-Logo-Esbozo-Web-2.png","contentUrl":"https:\/\/esbozodeportivo.com\/wp-content\/uploads\/2022\/08\/cropped-Logo-Esbozo-Web-2.png","width":180,"height":50,"caption":"Esbozo Deportivo"},"image":{"@id":"https:\/\/esbozodeportivo.com\/#\/schema\/logo\/image\/"}},{"@type":"Person","@id":"https:\/\/esbozodeportivo.com\/#\/schema\/person\/7277119c98823aec37bbb84e125efd44","name":"Javier De La Cruz","image":{"@type":"ImageObject","inLanguage":"es","@id":"https:\/\/esbozodeportivo.com\/#\/schema\/person\/image\/","url":"https:\/\/secure.gravatar.com\/avatar\/366235a56d20f1a6e8e3d0b295897639357bea880470ddf261d17bb0bc052eb1?s=96&d=mm&r=g","contentUrl":"https:\/\/secure.gravatar.com\/avatar\/366235a56d20f1a6e8e3d0b295897639357bea880470ddf261d17bb0bc052eb1?s=96&d=mm&r=g","caption":"Javier De La Cruz"},"url":"https:\/\/esbozodeportivo.com\/index.php\/author\/javier-de-la-cruz-de-la-cruz\/"}]}},"jetpack_featured_media_url":"","jetpack_sharing_enabled":true,"_links":{"self":[{"href":"https:\/\/esbozodeportivo.com\/index.php\/wp-json\/wp\/v2\/posts\/4193","targetHints":{"allow":["GET"]}}],"collection":[{"href":"https:\/\/esbozodeportivo.com\/index.php\/wp-json\/wp\/v2\/posts"}],"about":[{"href":"https:\/\/esbozodeportivo.com\/index.php\/wp-json\/wp\/v2\/types\/post"}],"author":[{"embeddable":true,"href":"https:\/\/esbozodeportivo.com\/index.php\/wp-json\/wp\/v2\/users\/2"}],"replies":[{"embeddable":true,"href":"https:\/\/esbozodeportivo.com\/index.php\/wp-json\/wp\/v2\/comments?post=4193"}],"version-history":[{"count":4,"href":"https:\/\/esbozodeportivo.com\/index.php\/wp-json\/wp\/v2\/posts\/4193\/revisions"}],"predecessor-version":[{"id":4207,"href":"https:\/\/esbozodeportivo.com\/index.php\/wp-json\/wp\/v2\/posts\/4193\/revisions\/4207"}],"wp:attachment":[{"href":"https:\/\/esbozodeportivo.com\/index.php\/wp-json\/wp\/v2\/media?parent=4193"}],"wp:term":[{"taxonomy":"category","embeddable":true,"href":"https:\/\/esbozodeportivo.com\/index.php\/wp-json\/wp\/v2\/categories?post=4193"},{"taxonomy":"post_tag","embeddable":true,"href":"https:\/\/esbozodeportivo.com\/index.php\/wp-json\/wp\/v2\/tags?post=4193"}],"curies":[{"name":"wp","href":"https:\/\/api.w.org\/{rel}","templated":true}]}}