{"id":423,"date":"2022-09-14T05:48:40","date_gmt":"2022-09-14T05:48:40","guid":{"rendered":"https:\/\/esbozodeportivo.com\/?p=423"},"modified":"2022-09-14T05:52:07","modified_gmt":"2022-09-14T05:52:07","slug":"la-copa-del-mundo-estara-en-la-cdmx-en-octubre","status":"publish","type":"post","link":"https:\/\/esbozodeportivo.com\/index.php\/2022\/09\/14\/la-copa-del-mundo-estara-en-la-cdmx-en-octubre\/","title":{"rendered":"La Copa del Mundo estar\u00e1 en la CDMX en octubre"},"content":{"rendered":"<p>Bolet\u00edn.- Del 15 al 18 de octubre el trofeo de la Copa Mundial FIFA estar\u00e1 en la Ciudad de M\u00e9xico, al iniciar su recorrido por el continente Americano, as\u00ed se dio a conocer este d\u00eda en conferencia de prensa que se llev\u00f3 a cabo en el Estadio Azteca y que estuvo encabezado por el director de INDEPORTE, Javier Hidalgo Ponce.<\/p>\n<p>\u201cEstamos muy orgullosos de ser la primera ciudad de Latinoam\u00e9rica que recibe el Trofeo de la Copa Mundial FIFA, para la Jefa de Gobierno, Claudia Sheinbaum Pardo, y para los habitantes de la capital, tiene un gran significado porque el futbol es muy relevante\u201c, coment\u00f3 el director general del Instituto del Deporte (INDEPORTE), Javier Hidalgo Ponce.<\/p>\n<style>\/*! elementor - v3.7.4 - 31-08-2022 *\/\n.elementor-widget-image{text-align:center}.elementor-widget-image a{display:inline-block}.elementor-widget-image a img[src$=\".svg\"]{width:48px}.elementor-widget-image img{vertical-align:middle;display:inline-block}<\/style>\n<p>\t\t\t\t\t\t\t\t\t\t\t\t<img decoding=\"async\" width=\"375\" height=\"250\" src=\"https:\/\/esbozodeportivo.com\/wp-content\/uploads\/2022\/09\/Javier-Hialgo1.jpg\" alt=\"\" loading=\"lazy\" srcset=\"https:\/\/esbozodeportivo.com\/wp-content\/uploads\/2022\/09\/Javier-Hialgo1.jpg 375w, https:\/\/esbozodeportivo.com\/wp-content\/uploads\/2022\/09\/Javier-Hialgo1-300x200.jpg 300w\" sizes=\"auto, (max-width: 375px) 100vw, 375px\" \/>\t\t\t\t\t\t\t\t\t\t\t\t\t\t\t<\/p>\n<p>\u201cQueremos que esta gran experiencia logre trasladarse para estimular la actividad f\u00edsica, que es una meta que tenemos como gobierno en busca de lograr una mayor salud en la poblaci\u00f3n\u201d, agreg\u00f3.<\/p>\n<p>Por su parte, el vicepresidente de Asuntos P\u00fablicos, Comunicaci\u00f3n y Sustentabilidad de Coca-Cola,\u00a0 Sergio Londo\u00f1o, dijo que el\u00a0 tour del trofeo original de la Copa Mundial de la FIFA es una experiencia especial para que los fan\u00e1ticos vean la copa por la que se competir\u00e1 en Qatar en unos meses.\u00a0<\/p>\n<p>En el transcurso de 2022, viajar\u00e1 a 51 pa\u00edses y por primera vez visitar\u00e1 a las 32 naciones clasificadas al Campeonato Mundial.<\/p>\n<p>\t\t\t\t\t\t\t\t\t\t\t\t\t\t\t<img decoding=\"async\" width=\"640\" height=\"426\" src=\"https:\/\/esbozodeportivo.com\/wp-content\/uploads\/2022\/09\/Javier-Hialgo.jpg\" alt=\"\" loading=\"lazy\" srcset=\"https:\/\/esbozodeportivo.com\/wp-content\/uploads\/2022\/09\/Javier-Hialgo.jpg 1024w, https:\/\/esbozodeportivo.com\/wp-content\/uploads\/2022\/09\/Javier-Hialgo-300x200.jpg 300w, https:\/\/esbozodeportivo.com\/wp-content\/uploads\/2022\/09\/Javier-Hialgo-768x512.jpg 768w\" sizes=\"auto, (max-width: 640px) 100vw, 640px\" \/>\t\t\t\t\t\t\t\t\t\t\t\t\t\t\t<\/p>\n<p>En la conferencia de prensa, adem\u00e1s estuvieron el secretario general de la Federaci\u00f3n Mexicana de Futbol, \u00cd\u00f1igo Riestra y el director de marketing de Coca-Cola, Pedro Abbondanza.<\/p>\n<p>Los detalles del World Cup Trophy Tour, tales como sedes y horarios, se dar\u00e1n a conocer en los pr\u00f3ximos d\u00edas; la visita contempla distintas actividades con la participaci\u00f3n de personalidades del deporte nacional y representantes de Gobierno de la Ciudad de M\u00e9xico, adem\u00e1s de actividades para fan\u00e1ticos.<\/p>\n<p>\u00a0<\/p>\n<p>\t\t\t\t\t\t\t\t\t\t\t\t\t\t\t<img decoding=\"async\" width=\"640\" height=\"426\" src=\"https:\/\/esbozodeportivo.com\/wp-content\/uploads\/2022\/09\/Javier-Hialgo2.jpg\" alt=\"\" loading=\"lazy\" srcset=\"https:\/\/esbozodeportivo.com\/wp-content\/uploads\/2022\/09\/Javier-Hialgo2.jpg 1024w, https:\/\/esbozodeportivo.com\/wp-content\/uploads\/2022\/09\/Javier-Hialgo2-300x200.jpg 300w, https:\/\/esbozodeportivo.com\/wp-content\/uploads\/2022\/09\/Javier-Hialgo2-768x512.jpg 768w\" sizes=\"auto, (max-width: 640px) 100vw, 640px\" \/>\t\t\t\t\t\t\t\t\t\t\t\t\t\t\t<\/p>\n<p>(Fotos: INDEPORTE)<\/p>\n","protected":false},"excerpt":{"rendered":"<p>Bolet\u00edn.- Del 15 al 18 de octubre el trofeo de la Copa Mundial FIFA estar\u00e1<\/p>\n","protected":false},"author":2,"featured_media":0,"comment_status":"open","ping_status":"open","sticky":false,"template":"","format":"standard","meta":{"_jetpack_memberships_contains_paid_content":false,"footnotes":""},"categories":[5],"tags":[],"class_list":["post-423","post","type-post","status-publish","format-standard","hentry","category-amateur"],"yoast_head":"<!-- This site is optimized with the Yoast SEO plugin v25.7 - https:\/\/yoast.com\/wordpress\/plugins\/seo\/ -->\n<title>La Copa del Mundo estar\u00e1 en la CDMX en octubre - Esbozo Deportivo<\/title>\n<meta name=\"robots\" content=\"index, follow, max-snippet:-1, max-image-preview:large, max-video-preview:-1\" \/>\n<link rel=\"canonical\" href=\"https:\/\/esbozodeportivo.com\/index.php\/2022\/09\/14\/la-copa-del-mundo-estara-en-la-cdmx-en-octubre\/\" \/>\n<meta property=\"og:locale\" content=\"es_MX\" \/>\n<meta property=\"og:type\" content=\"article\" \/>\n<meta property=\"og:title\" content=\"La Copa del Mundo estar\u00e1 en la CDMX en octubre - Esbozo Deportivo\" \/>\n<meta property=\"og:description\" content=\"Bolet\u00edn.- Del 15 al 18 de octubre el trofeo de la Copa Mundial FIFA estar\u00e1\" \/>\n<meta property=\"og:url\" content=\"https:\/\/esbozodeportivo.com\/index.php\/2022\/09\/14\/la-copa-del-mundo-estara-en-la-cdmx-en-octubre\/\" \/>\n<meta property=\"og:site_name\" content=\"Esbozo Deportivo\" \/>\n<meta property=\"article:published_time\" content=\"2022-09-14T05:48:40+00:00\" \/>\n<meta property=\"article:modified_time\" content=\"2022-09-14T05:52:07+00:00\" \/>\n<meta property=\"og:image\" content=\"https:\/\/esbozodeportivo.com\/wp-content\/uploads\/2022\/09\/Javier-Hialgo1.jpg\" \/>\n<meta name=\"author\" content=\"Javier De La Cruz\" \/>\n<meta name=\"twitter:card\" content=\"summary_large_image\" \/>\n<meta name=\"twitter:label1\" content=\"Escrito por\" \/>\n\t<meta name=\"twitter:data1\" content=\"Javier De La Cruz\" \/>\n\t<meta name=\"twitter:label2\" content=\"Tiempo de lectura\" \/>\n\t<meta name=\"twitter:data2\" content=\"2 minutos\" \/>\n<script type=\"application\/ld+json\" class=\"yoast-schema-graph\">{\"@context\":\"https:\/\/schema.org\",\"@graph\":[{\"@type\":\"Article\",\"@id\":\"https:\/\/esbozodeportivo.com\/index.php\/2022\/09\/14\/la-copa-del-mundo-estara-en-la-cdmx-en-octubre\/#article\",\"isPartOf\":{\"@id\":\"https:\/\/esbozodeportivo.com\/index.php\/2022\/09\/14\/la-copa-del-mundo-estara-en-la-cdmx-en-octubre\/\"},\"author\":{\"name\":\"Javier De La Cruz\",\"@id\":\"https:\/\/esbozodeportivo.com\/#\/schema\/person\/7277119c98823aec37bbb84e125efd44\"},\"headline\":\"La Copa del Mundo estar\u00e1 en la CDMX en octubre\",\"datePublished\":\"2022-09-14T05:48:40+00:00\",\"dateModified\":\"2022-09-14T05:52:07+00:00\",\"mainEntityOfPage\":{\"@id\":\"https:\/\/esbozodeportivo.com\/index.php\/2022\/09\/14\/la-copa-del-mundo-estara-en-la-cdmx-en-octubre\/\"},\"wordCount\":321,\"commentCount\":0,\"publisher\":{\"@id\":\"https:\/\/esbozodeportivo.com\/#organization\"},\"image\":{\"@id\":\"https:\/\/esbozodeportivo.com\/index.php\/2022\/09\/14\/la-copa-del-mundo-estara-en-la-cdmx-en-octubre\/#primaryimage\"},\"thumbnailUrl\":\"https:\/\/esbozodeportivo.com\/wp-content\/uploads\/2022\/09\/Javier-Hialgo1.jpg\",\"articleSection\":[\"Amateur\"],\"inLanguage\":\"es\",\"potentialAction\":[{\"@type\":\"CommentAction\",\"name\":\"Comment\",\"target\":[\"https:\/\/esbozodeportivo.com\/index.php\/2022\/09\/14\/la-copa-del-mundo-estara-en-la-cdmx-en-octubre\/#respond\"]}]},{\"@type\":\"WebPage\",\"@id\":\"https:\/\/esbozodeportivo.com\/index.php\/2022\/09\/14\/la-copa-del-mundo-estara-en-la-cdmx-en-octubre\/\",\"url\":\"https:\/\/esbozodeportivo.com\/index.php\/2022\/09\/14\/la-copa-del-mundo-estara-en-la-cdmx-en-octubre\/\",\"name\":\"La Copa del Mundo estar\u00e1 en la CDMX en octubre - Esbozo Deportivo\",\"isPartOf\":{\"@id\":\"https:\/\/esbozodeportivo.com\/#website\"},\"primaryImageOfPage\":{\"@id\":\"https:\/\/esbozodeportivo.com\/index.php\/2022\/09\/14\/la-copa-del-mundo-estara-en-la-cdmx-en-octubre\/#primaryimage\"},\"image\":{\"@id\":\"https:\/\/esbozodeportivo.com\/index.php\/2022\/09\/14\/la-copa-del-mundo-estara-en-la-cdmx-en-octubre\/#primaryimage\"},\"thumbnailUrl\":\"https:\/\/esbozodeportivo.com\/wp-content\/uploads\/2022\/09\/Javier-Hialgo1.jpg\",\"datePublished\":\"2022-09-14T05:48:40+00:00\",\"dateModified\":\"2022-09-14T05:52:07+00:00\",\"breadcrumb\":{\"@id\":\"https:\/\/esbozodeportivo.com\/index.php\/2022\/09\/14\/la-copa-del-mundo-estara-en-la-cdmx-en-octubre\/#breadcrumb\"},\"inLanguage\":\"es\",\"potentialAction\":[{\"@type\":\"ReadAction\",\"target\":[\"https:\/\/esbozodeportivo.com\/index.php\/2022\/09\/14\/la-copa-del-mundo-estara-en-la-cdmx-en-octubre\/\"]}]},{\"@type\":\"ImageObject\",\"inLanguage\":\"es\",\"@id\":\"https:\/\/esbozodeportivo.com\/index.php\/2022\/09\/14\/la-copa-del-mundo-estara-en-la-cdmx-en-octubre\/#primaryimage\",\"url\":\"https:\/\/esbozodeportivo.com\/wp-content\/uploads\/2022\/09\/Javier-Hialgo1.jpg\",\"contentUrl\":\"https:\/\/esbozodeportivo.com\/wp-content\/uploads\/2022\/09\/Javier-Hialgo1.jpg\",\"width\":375,\"height\":250},{\"@type\":\"BreadcrumbList\",\"@id\":\"https:\/\/esbozodeportivo.com\/index.php\/2022\/09\/14\/la-copa-del-mundo-estara-en-la-cdmx-en-octubre\/#breadcrumb\",\"itemListElement\":[{\"@type\":\"ListItem\",\"position\":1,\"name\":\"Inicio\",\"item\":\"https:\/\/esbozodeportivo.com\/\"},{\"@type\":\"ListItem\",\"position\":2,\"name\":\"La Copa del Mundo estar\u00e1 en la CDMX en octubre\"}]},{\"@type\":\"WebSite\",\"@id\":\"https:\/\/esbozodeportivo.com\/#website\",\"url\":\"https:\/\/esbozodeportivo.com\/\",\"name\":\"Esbozo Deportivo\",\"description\":\"Lo m\u00e1s importante del Deporte\",\"publisher\":{\"@id\":\"https:\/\/esbozodeportivo.com\/#organization\"},\"potentialAction\":[{\"@type\":\"SearchAction\",\"target\":{\"@type\":\"EntryPoint\",\"urlTemplate\":\"https:\/\/esbozodeportivo.com\/?s={search_term_string}\"},\"query-input\":{\"@type\":\"PropertyValueSpecification\",\"valueRequired\":true,\"valueName\":\"search_term_string\"}}],\"inLanguage\":\"es\"},{\"@type\":\"Organization\",\"@id\":\"https:\/\/esbozodeportivo.com\/#organization\",\"name\":\"Esbozo Deportivo\",\"url\":\"https:\/\/esbozodeportivo.com\/\",\"logo\":{\"@type\":\"ImageObject\",\"inLanguage\":\"es\",\"@id\":\"https:\/\/esbozodeportivo.com\/#\/schema\/logo\/image\/\",\"url\":\"https:\/\/esbozodeportivo.com\/wp-content\/uploads\/2022\/08\/cropped-Logo-Esbozo-Web-2.png\",\"contentUrl\":\"https:\/\/esbozodeportivo.com\/wp-content\/uploads\/2022\/08\/cropped-Logo-Esbozo-Web-2.png\",\"width\":180,\"height\":50,\"caption\":\"Esbozo Deportivo\"},\"image\":{\"@id\":\"https:\/\/esbozodeportivo.com\/#\/schema\/logo\/image\/\"}},{\"@type\":\"Person\",\"@id\":\"https:\/\/esbozodeportivo.com\/#\/schema\/person\/7277119c98823aec37bbb84e125efd44\",\"name\":\"Javier De La Cruz\",\"image\":{\"@type\":\"ImageObject\",\"inLanguage\":\"es\",\"@id\":\"https:\/\/esbozodeportivo.com\/#\/schema\/person\/image\/\",\"url\":\"https:\/\/secure.gravatar.com\/avatar\/366235a56d20f1a6e8e3d0b295897639357bea880470ddf261d17bb0bc052eb1?s=96&d=mm&r=g\",\"contentUrl\":\"https:\/\/secure.gravatar.com\/avatar\/366235a56d20f1a6e8e3d0b295897639357bea880470ddf261d17bb0bc052eb1?s=96&d=mm&r=g\",\"caption\":\"Javier De La Cruz\"},\"url\":\"https:\/\/esbozodeportivo.com\/index.php\/author\/javier-de-la-cruz-de-la-cruz\/\"}]}<\/script>\n<!-- \/ Yoast SEO plugin. -->","yoast_head_json":{"title":"La Copa del Mundo estar\u00e1 en la CDMX en octubre - Esbozo Deportivo","robots":{"index":"index","follow":"follow","max-snippet":"max-snippet:-1","max-image-preview":"max-image-preview:large","max-video-preview":"max-video-preview:-1"},"canonical":"https:\/\/esbozodeportivo.com\/index.php\/2022\/09\/14\/la-copa-del-mundo-estara-en-la-cdmx-en-octubre\/","og_locale":"es_MX","og_type":"article","og_title":"La Copa del Mundo estar\u00e1 en la CDMX en octubre - Esbozo Deportivo","og_description":"Bolet\u00edn.- Del 15 al 18 de octubre el trofeo de la Copa Mundial FIFA estar\u00e1","og_url":"https:\/\/esbozodeportivo.com\/index.php\/2022\/09\/14\/la-copa-del-mundo-estara-en-la-cdmx-en-octubre\/","og_site_name":"Esbozo Deportivo","article_published_time":"2022-09-14T05:48:40+00:00","article_modified_time":"2022-09-14T05:52:07+00:00","og_image":[{"url":"https:\/\/esbozodeportivo.com\/wp-content\/uploads\/2022\/09\/Javier-Hialgo1.jpg","type":"","width":"","height":""}],"author":"Javier De La Cruz","twitter_card":"summary_large_image","twitter_misc":{"Escrito por":"Javier De La Cruz","Tiempo de lectura":"2 minutos"},"schema":{"@context":"https:\/\/schema.org","@graph":[{"@type":"Article","@id":"https:\/\/esbozodeportivo.com\/index.php\/2022\/09\/14\/la-copa-del-mundo-estara-en-la-cdmx-en-octubre\/#article","isPartOf":{"@id":"https:\/\/esbozodeportivo.com\/index.php\/2022\/09\/14\/la-copa-del-mundo-estara-en-la-cdmx-en-octubre\/"},"author":{"name":"Javier De La Cruz","@id":"https:\/\/esbozodeportivo.com\/#\/schema\/person\/7277119c98823aec37bbb84e125efd44"},"headline":"La Copa del Mundo estar\u00e1 en la CDMX en octubre","datePublished":"2022-09-14T05:48:40+00:00","dateModified":"2022-09-14T05:52:07+00:00","mainEntityOfPage":{"@id":"https:\/\/esbozodeportivo.com\/index.php\/2022\/09\/14\/la-copa-del-mundo-estara-en-la-cdmx-en-octubre\/"},"wordCount":321,"commentCount":0,"publisher":{"@id":"https:\/\/esbozodeportivo.com\/#organization"},"image":{"@id":"https:\/\/esbozodeportivo.com\/index.php\/2022\/09\/14\/la-copa-del-mundo-estara-en-la-cdmx-en-octubre\/#primaryimage"},"thumbnailUrl":"https:\/\/esbozodeportivo.com\/wp-content\/uploads\/2022\/09\/Javier-Hialgo1.jpg","articleSection":["Amateur"],"inLanguage":"es","potentialAction":[{"@type":"CommentAction","name":"Comment","target":["https:\/\/esbozodeportivo.com\/index.php\/2022\/09\/14\/la-copa-del-mundo-estara-en-la-cdmx-en-octubre\/#respond"]}]},{"@type":"WebPage","@id":"https:\/\/esbozodeportivo.com\/index.php\/2022\/09\/14\/la-copa-del-mundo-estara-en-la-cdmx-en-octubre\/","url":"https:\/\/esbozodeportivo.com\/index.php\/2022\/09\/14\/la-copa-del-mundo-estara-en-la-cdmx-en-octubre\/","name":"La Copa del Mundo estar\u00e1 en la CDMX en octubre - Esbozo Deportivo","isPartOf":{"@id":"https:\/\/esbozodeportivo.com\/#website"},"primaryImageOfPage":{"@id":"https:\/\/esbozodeportivo.com\/index.php\/2022\/09\/14\/la-copa-del-mundo-estara-en-la-cdmx-en-octubre\/#primaryimage"},"image":{"@id":"https:\/\/esbozodeportivo.com\/index.php\/2022\/09\/14\/la-copa-del-mundo-estara-en-la-cdmx-en-octubre\/#primaryimage"},"thumbnailUrl":"https:\/\/esbozodeportivo.com\/wp-content\/uploads\/2022\/09\/Javier-Hialgo1.jpg","datePublished":"2022-09-14T05:48:40+00:00","dateModified":"2022-09-14T05:52:07+00:00","breadcrumb":{"@id":"https:\/\/esbozodeportivo.com\/index.php\/2022\/09\/14\/la-copa-del-mundo-estara-en-la-cdmx-en-octubre\/#breadcrumb"},"inLanguage":"es","potentialAction":[{"@type":"ReadAction","target":["https:\/\/esbozodeportivo.com\/index.php\/2022\/09\/14\/la-copa-del-mundo-estara-en-la-cdmx-en-octubre\/"]}]},{"@type":"ImageObject","inLanguage":"es","@id":"https:\/\/esbozodeportivo.com\/index.php\/2022\/09\/14\/la-copa-del-mundo-estara-en-la-cdmx-en-octubre\/#primaryimage","url":"https:\/\/esbozodeportivo.com\/wp-content\/uploads\/2022\/09\/Javier-Hialgo1.jpg","contentUrl":"https:\/\/esbozodeportivo.com\/wp-content\/uploads\/2022\/09\/Javier-Hialgo1.jpg","width":375,"height":250},{"@type":"BreadcrumbList","@id":"https:\/\/esbozodeportivo.com\/index.php\/2022\/09\/14\/la-copa-del-mundo-estara-en-la-cdmx-en-octubre\/#breadcrumb","itemListElement":[{"@type":"ListItem","position":1,"name":"Inicio","item":"https:\/\/esbozodeportivo.com\/"},{"@type":"ListItem","position":2,"name":"La Copa del Mundo estar\u00e1 en la CDMX en octubre"}]},{"@type":"WebSite","@id":"https:\/\/esbozodeportivo.com\/#website","url":"https:\/\/esbozodeportivo.com\/","name":"Esbozo Deportivo","description":"Lo m\u00e1s importante del Deporte","publisher":{"@id":"https:\/\/esbozodeportivo.com\/#organization"},"potentialAction":[{"@type":"SearchAction","target":{"@type":"EntryPoint","urlTemplate":"https:\/\/esbozodeportivo.com\/?s={search_term_string}"},"query-input":{"@type":"PropertyValueSpecification","valueRequired":true,"valueName":"search_term_string"}}],"inLanguage":"es"},{"@type":"Organization","@id":"https:\/\/esbozodeportivo.com\/#organization","name":"Esbozo Deportivo","url":"https:\/\/esbozodeportivo.com\/","logo":{"@type":"ImageObject","inLanguage":"es","@id":"https:\/\/esbozodeportivo.com\/#\/schema\/logo\/image\/","url":"https:\/\/esbozodeportivo.com\/wp-content\/uploads\/2022\/08\/cropped-Logo-Esbozo-Web-2.png","contentUrl":"https:\/\/esbozodeportivo.com\/wp-content\/uploads\/2022\/08\/cropped-Logo-Esbozo-Web-2.png","width":180,"height":50,"caption":"Esbozo Deportivo"},"image":{"@id":"https:\/\/esbozodeportivo.com\/#\/schema\/logo\/image\/"}},{"@type":"Person","@id":"https:\/\/esbozodeportivo.com\/#\/schema\/person\/7277119c98823aec37bbb84e125efd44","name":"Javier De La Cruz","image":{"@type":"ImageObject","inLanguage":"es","@id":"https:\/\/esbozodeportivo.com\/#\/schema\/person\/image\/","url":"https:\/\/secure.gravatar.com\/avatar\/366235a56d20f1a6e8e3d0b295897639357bea880470ddf261d17bb0bc052eb1?s=96&d=mm&r=g","contentUrl":"https:\/\/secure.gravatar.com\/avatar\/366235a56d20f1a6e8e3d0b295897639357bea880470ddf261d17bb0bc052eb1?s=96&d=mm&r=g","caption":"Javier De La Cruz"},"url":"https:\/\/esbozodeportivo.com\/index.php\/author\/javier-de-la-cruz-de-la-cruz\/"}]}},"jetpack_featured_media_url":"","jetpack_sharing_enabled":true,"_links":{"self":[{"href":"https:\/\/esbozodeportivo.com\/index.php\/wp-json\/wp\/v2\/posts\/423","targetHints":{"allow":["GET"]}}],"collection":[{"href":"https:\/\/esbozodeportivo.com\/index.php\/wp-json\/wp\/v2\/posts"}],"about":[{"href":"https:\/\/esbozodeportivo.com\/index.php\/wp-json\/wp\/v2\/types\/post"}],"author":[{"embeddable":true,"href":"https:\/\/esbozodeportivo.com\/index.php\/wp-json\/wp\/v2\/users\/2"}],"replies":[{"embeddable":true,"href":"https:\/\/esbozodeportivo.com\/index.php\/wp-json\/wp\/v2\/comments?post=423"}],"version-history":[{"count":4,"href":"https:\/\/esbozodeportivo.com\/index.php\/wp-json\/wp\/v2\/posts\/423\/revisions"}],"predecessor-version":[{"id":430,"href":"https:\/\/esbozodeportivo.com\/index.php\/wp-json\/wp\/v2\/posts\/423\/revisions\/430"}],"wp:attachment":[{"href":"https:\/\/esbozodeportivo.com\/index.php\/wp-json\/wp\/v2\/media?parent=423"}],"wp:term":[{"taxonomy":"category","embeddable":true,"href":"https:\/\/esbozodeportivo.com\/index.php\/wp-json\/wp\/v2\/categories?post=423"},{"taxonomy":"post_tag","embeddable":true,"href":"https:\/\/esbozodeportivo.com\/index.php\/wp-json\/wp\/v2\/tags?post=423"}],"curies":[{"name":"wp","href":"https:\/\/api.w.org\/{rel}","templated":true}]}}