{"id":4247,"date":"2024-08-29T07:06:39","date_gmt":"2024-08-29T07:06:39","guid":{"rendered":"https:\/\/esbozodeportivo.com\/?p=4247"},"modified":"2024-08-29T07:14:48","modified_gmt":"2024-08-29T07:14:48","slug":"reconocen-a-cronistas-olimpicos","status":"publish","type":"post","link":"https:\/\/esbozodeportivo.com\/index.php\/2024\/08\/29\/reconocen-a-cronistas-olimpicos\/","title":{"rendered":"Reconocen a cronistas ol\u00edmpicos"},"content":{"rendered":"<style>\/*! elementor - v3.23.0 - 05-08-2024 *\/\n.elementor-widget-image{text-align:center}.elementor-widget-image a{display:inline-block}.elementor-widget-image a img[src$=\".svg\"]{width:48px}.elementor-widget-image img{vertical-align:middle;display:inline-block}<\/style>\n<p>\t\t\t\t\t\t\t\t\t\t<img loading=\"lazy\" decoding=\"async\" width=\"640\" height=\"359\" src=\"https:\/\/esbozodeportivo.com\/wp-content\/uploads\/2024\/08\/DSC07216-1024x575.jpeg\" alt=\"\" srcset=\"https:\/\/esbozodeportivo.com\/wp-content\/uploads\/2024\/08\/DSC07216-1024x575.jpeg 1024w, https:\/\/esbozodeportivo.com\/wp-content\/uploads\/2024\/08\/DSC07216-300x168.jpeg 300w, https:\/\/esbozodeportivo.com\/wp-content\/uploads\/2024\/08\/DSC07216-768x431.jpeg 768w, https:\/\/esbozodeportivo.com\/wp-content\/uploads\/2024\/08\/DSC07216-1536x863.jpeg 1536w, https:\/\/esbozodeportivo.com\/wp-content\/uploads\/2024\/08\/DSC07216-2048x1150.jpeg 2048w\" sizes=\"auto, (max-width: 640px) 100vw, 640px\" \/>\t\t\t\t\t\t\t\t\t\t\t\t\t<\/p>\n<h3 style=\"line-height: 15.0pt; background: white;\">(Foto: esbozodeportivo.com)<\/h3>\n<p>La Asociaci\u00f3n de Ol\u00edmpicos Mexicanos (AOM) y la Confederaci\u00f3n Deportivo Mexicano (CODEME) otorgaron un reconocimiento a la trayectoria period\u00edstica de cien comunicadores mexicanos por la cobertura de los Juegos Ol\u00edmpicos desde del 68\u00b4s a los Juegos Ol\u00edmpicos de Par\u00eds 2024.<\/p>\n<p>En una emotiva ceremonia en las instalaciones de la <strong>#CODEME<\/strong>, se reunieron los mejores cronistas mexicanos de radio, televisi\u00f3n y prensa escrita, quienes en mano del doble medallista ol\u00edmpico en Par\u00eds 2024, Osmar Olvera, recibieron su distintivo por su labor en esta gesta deportiva.<\/p>\n<p>\u00a0<\/p>\n<p>\t\t\t\t\t\t\t\t\t\t\t\t\t<img loading=\"lazy\" decoding=\"async\" width=\"640\" height=\"359\" src=\"https:\/\/esbozodeportivo.com\/wp-content\/uploads\/2024\/08\/DSC07043-1024x575.jpeg\" alt=\"\" srcset=\"https:\/\/esbozodeportivo.com\/wp-content\/uploads\/2024\/08\/DSC07043-1024x575.jpeg 1024w, https:\/\/esbozodeportivo.com\/wp-content\/uploads\/2024\/08\/DSC07043-300x168.jpeg 300w, https:\/\/esbozodeportivo.com\/wp-content\/uploads\/2024\/08\/DSC07043-768x431.jpeg 768w, https:\/\/esbozodeportivo.com\/wp-content\/uploads\/2024\/08\/DSC07043-1536x863.jpeg 1536w, https:\/\/esbozodeportivo.com\/wp-content\/uploads\/2024\/08\/DSC07043-2048x1150.jpeg 2048w\" sizes=\"auto, (max-width: 640px) 100vw, 640px\" \/>\t\t\t\t\t\t\t\t\t\t\t\t\t<\/p>\n<p>A iniciativa del presidente de la AOM, Daniel Aceves Villagr\u00e1n y del dirigente de la <strong>#CODEME<\/strong>, Francisco Cabezas, lograron reunir a periodistas como Jos\u00e9 Ram\u00f3n Fern\u00e1ndez, Fernando Schwartz, Mauricio Meza, Edgar Mendoza, Antonio de Valdez, Antonio Rosique, Adolfo Cort\u00e9s, expresaron sus experiencias al momento de cubrir los Juegos Ol\u00edmpicos y Paraol\u00edmpicos.<\/p>\n<p>El periodista de TV Azteca, Antonio Rosique, enfatiz\u00f3 que el gremio period\u00edstico no tan s\u00f3lo son comunicadores, sino contadores de historias de los miles de atletas que hacen vibrar de emoci\u00f3n al pueblo mexicano con su participaci\u00f3n.<\/p>\n<p>\t\t\t\t\t\t\t\t\t\t\t\t\t<img loading=\"lazy\" decoding=\"async\" width=\"640\" height=\"359\" src=\"https:\/\/esbozodeportivo.com\/wp-content\/uploads\/2024\/08\/DSC07062-1024x575.jpeg\" alt=\"\" srcset=\"https:\/\/esbozodeportivo.com\/wp-content\/uploads\/2024\/08\/DSC07062-1024x575.jpeg 1024w, https:\/\/esbozodeportivo.com\/wp-content\/uploads\/2024\/08\/DSC07062-300x168.jpeg 300w, https:\/\/esbozodeportivo.com\/wp-content\/uploads\/2024\/08\/DSC07062-768x431.jpeg 768w, https:\/\/esbozodeportivo.com\/wp-content\/uploads\/2024\/08\/DSC07062-1536x863.jpeg 1536w, https:\/\/esbozodeportivo.com\/wp-content\/uploads\/2024\/08\/DSC07062-2048x1150.jpeg 2048w\" sizes=\"auto, (max-width: 640px) 100vw, 640px\" \/>\t\t\t\t\t\t\t\t\t\t\t\t\t<\/p>\n<h3 style=\"line-height: 15.0pt; background: white;\">(Foto: esbozodeportivo.com)<\/h3>\n<p>Durante la ceremonia, Fernando Schwartz, reconoci\u00f3 el trabajo period\u00edstico de Jos\u00e9 Ram\u00f3n Fern\u00e1ndez, que desde los Juegos de Montreal en 1976 inici\u00f3 su cobertura ol\u00edmpica y se convirti\u00f3 en maestro de las nuevas generaciones.<\/p>\n<p>David Faitelson, Antonio de Vald\u00e9s, Enrique Burak, Adolfo Cort\u00e9s, Mauricio Meza, Juan Landa, Rogelio Hern\u00e1ndez, Enrique Garay, as\u00ed como, Gaby Fern\u00e1ndez de Lara, Beatriz V\u00e1zquez, Rosalinda Coronado, Abelina Merino, Mara Montero, Martha Isela Gonz\u00e1lez, entre otros, expresaron sus experiencias al momento de cubrir la gesta deportiva de los Juegos Ol\u00edmpicos y Paraol\u00edmpicos.<\/p>\n<p>\u00a0<\/p>\n<p>\t\t\t\t\t\t\t\t\t\t\t\t\t<img loading=\"lazy\" decoding=\"async\" width=\"640\" height=\"448\" src=\"https:\/\/esbozodeportivo.com\/wp-content\/uploads\/2024\/08\/DSC07059-1024x717.jpg\" alt=\"\" srcset=\"https:\/\/esbozodeportivo.com\/wp-content\/uploads\/2024\/08\/DSC07059-1024x717.jpg 1024w, https:\/\/esbozodeportivo.com\/wp-content\/uploads\/2024\/08\/DSC07059-300x210.jpg 300w, https:\/\/esbozodeportivo.com\/wp-content\/uploads\/2024\/08\/DSC07059-768x538.jpg 768w, https:\/\/esbozodeportivo.com\/wp-content\/uploads\/2024\/08\/DSC07059-1536x1076.jpg 1536w, https:\/\/esbozodeportivo.com\/wp-content\/uploads\/2024\/08\/DSC07059-2048x1435.jpg 2048w\" sizes=\"auto, (max-width: 640px) 100vw, 640px\" \/>\t\t\t\t\t\t\t\t\t\t\t\t\t<\/p>\n<h3 style=\"line-height: 15.0pt; background: white;\">(Foto: esbozodeportivo.com)<\/h3>\n<p>Otros galardonados fueron Daniel Renter\u00eda, Aar\u00f3n Soriano, Francisco Posada, Ricardo Bravo, Jos\u00e9 Luis Camarillo, Eric Fisher, Alejandro Centeno, Jorge Sep\u00falveda, Edgar Valero, V\u00edctor Ed\u00fa, Edgar Mendoza, H\u00e9ctor Islas, Oscar Mart\u00ednez, Jos\u00e9 Gardu\u00f1o, entre otros.<\/p>\n<p>\u00a0<\/p>\n<p>\u00a0<\/p>\n<p>\t\t\t\t\t\t\t\t\t\t\t\t\t<img loading=\"lazy\" decoding=\"async\" width=\"640\" height=\"389\" src=\"https:\/\/esbozodeportivo.com\/wp-content\/uploads\/2024\/08\/DSC07110-1024x622.jpeg\" alt=\"\" srcset=\"https:\/\/esbozodeportivo.com\/wp-content\/uploads\/2024\/08\/DSC07110-1024x622.jpeg 1024w, https:\/\/esbozodeportivo.com\/wp-content\/uploads\/2024\/08\/DSC07110-300x182.jpeg 300w, https:\/\/esbozodeportivo.com\/wp-content\/uploads\/2024\/08\/DSC07110-768x467.jpeg 768w, https:\/\/esbozodeportivo.com\/wp-content\/uploads\/2024\/08\/DSC07110-1536x934.jpeg 1536w, https:\/\/esbozodeportivo.com\/wp-content\/uploads\/2024\/08\/DSC07110-2048x1245.jpeg 2048w\" sizes=\"auto, (max-width: 640px) 100vw, 640px\" \/>\t\t\t\t\t\t\t\t\t\t\t\t\t<\/p>\n<h3 style=\"line-height: 15.0pt; background: white;\">(Foto: esbozodeportivo.com)<\/h3>\n<p>\t\t\t\t\t\t\t\t\t\t\t\t\t<img loading=\"lazy\" decoding=\"async\" width=\"640\" height=\"384\" src=\"https:\/\/esbozodeportivo.com\/wp-content\/uploads\/2024\/08\/DSC07048-1024x614.jpeg\" alt=\"\" srcset=\"https:\/\/esbozodeportivo.com\/wp-content\/uploads\/2024\/08\/DSC07048-1024x614.jpeg 1024w, https:\/\/esbozodeportivo.com\/wp-content\/uploads\/2024\/08\/DSC07048-300x180.jpeg 300w, https:\/\/esbozodeportivo.com\/wp-content\/uploads\/2024\/08\/DSC07048-768x460.jpeg 768w, https:\/\/esbozodeportivo.com\/wp-content\/uploads\/2024\/08\/DSC07048-1536x921.jpeg 1536w, https:\/\/esbozodeportivo.com\/wp-content\/uploads\/2024\/08\/DSC07048-2048x1228.jpeg 2048w\" sizes=\"auto, (max-width: 640px) 100vw, 640px\" \/>\t\t\t\t\t\t\t\t\t\t\t\t\t<\/p>\n<h3 style=\"line-height: 15.0pt; background: white;\">(Foto: esbozodeportivo.com)<\/h3>\n<p>\t\t\t\t\t\t\t\t\t\t\t\t\t<img loading=\"lazy\" decoding=\"async\" width=\"640\" height=\"359\" src=\"https:\/\/esbozodeportivo.com\/wp-content\/uploads\/2024\/08\/DSC07046-1024x575.jpeg\" alt=\"\" srcset=\"https:\/\/esbozodeportivo.com\/wp-content\/uploads\/2024\/08\/DSC07046-1024x575.jpeg 1024w, https:\/\/esbozodeportivo.com\/wp-content\/uploads\/2024\/08\/DSC07046-300x168.jpeg 300w, https:\/\/esbozodeportivo.com\/wp-content\/uploads\/2024\/08\/DSC07046-768x431.jpeg 768w, https:\/\/esbozodeportivo.com\/wp-content\/uploads\/2024\/08\/DSC07046-1536x863.jpeg 1536w, https:\/\/esbozodeportivo.com\/wp-content\/uploads\/2024\/08\/DSC07046-2048x1150.jpeg 2048w\" sizes=\"auto, (max-width: 640px) 100vw, 640px\" \/>\t\t\t\t\t\t\t\t\t\t\t\t\t<\/p>\n<h3 style=\"line-height: 15.0pt; background: white;\">(Foto: esbozodeportivo.com)<\/h3>\n","protected":false},"excerpt":{"rendered":"<p>(Foto: esbozodeportivo.com) La Asociaci\u00f3n de Ol\u00edmpicos Mexicanos (AOM) y la Confederaci\u00f3n Deportivo Mexicano (CODEME) otorgaron<\/p>\n","protected":false},"author":2,"featured_media":0,"comment_status":"open","ping_status":"open","sticky":false,"template":"","format":"standard","meta":{"_jetpack_memberships_contains_paid_content":false,"footnotes":""},"categories":[5],"tags":[],"class_list":["post-4247","post","type-post","status-publish","format-standard","hentry","category-amateur"],"yoast_head":"<!-- This site is optimized with the Yoast SEO plugin v25.7 - https:\/\/yoast.com\/wordpress\/plugins\/seo\/ -->\n<title>Reconocen a cronistas ol\u00edmpicos - Esbozo Deportivo<\/title>\n<meta name=\"robots\" content=\"index, follow, max-snippet:-1, max-image-preview:large, max-video-preview:-1\" \/>\n<link rel=\"canonical\" href=\"https:\/\/esbozodeportivo.com\/index.php\/2024\/08\/29\/reconocen-a-cronistas-olimpicos\/\" \/>\n<meta property=\"og:locale\" content=\"es_MX\" \/>\n<meta property=\"og:type\" content=\"article\" \/>\n<meta property=\"og:title\" content=\"Reconocen a cronistas ol\u00edmpicos - Esbozo Deportivo\" \/>\n<meta property=\"og:description\" content=\"(Foto: esbozodeportivo.com) La Asociaci\u00f3n de Ol\u00edmpicos Mexicanos (AOM) y la Confederaci\u00f3n Deportivo Mexicano (CODEME) otorgaron\" \/>\n<meta property=\"og:url\" content=\"https:\/\/esbozodeportivo.com\/index.php\/2024\/08\/29\/reconocen-a-cronistas-olimpicos\/\" \/>\n<meta property=\"og:site_name\" content=\"Esbozo Deportivo\" \/>\n<meta property=\"article:published_time\" content=\"2024-08-29T07:06:39+00:00\" \/>\n<meta property=\"article:modified_time\" content=\"2024-08-29T07:14:48+00:00\" \/>\n<meta property=\"og:image\" content=\"https:\/\/esbozodeportivo.com\/wp-content\/uploads\/2024\/08\/DSC07216-1024x575.jpeg\" \/>\n<meta name=\"author\" content=\"Javier De La Cruz\" \/>\n<meta name=\"twitter:card\" content=\"summary_large_image\" \/>\n<meta name=\"twitter:label1\" content=\"Escrito por\" \/>\n\t<meta name=\"twitter:data1\" content=\"Javier De La Cruz\" \/>\n\t<meta name=\"twitter:label2\" content=\"Tiempo de lectura\" \/>\n\t<meta name=\"twitter:data2\" content=\"2 minutos\" \/>\n<script type=\"application\/ld+json\" class=\"yoast-schema-graph\">{\"@context\":\"https:\/\/schema.org\",\"@graph\":[{\"@type\":\"Article\",\"@id\":\"https:\/\/esbozodeportivo.com\/index.php\/2024\/08\/29\/reconocen-a-cronistas-olimpicos\/#article\",\"isPartOf\":{\"@id\":\"https:\/\/esbozodeportivo.com\/index.php\/2024\/08\/29\/reconocen-a-cronistas-olimpicos\/\"},\"author\":{\"name\":\"Javier De La Cruz\",\"@id\":\"https:\/\/esbozodeportivo.com\/#\/schema\/person\/7277119c98823aec37bbb84e125efd44\"},\"headline\":\"Reconocen a cronistas ol\u00edmpicos\",\"datePublished\":\"2024-08-29T07:06:39+00:00\",\"dateModified\":\"2024-08-29T07:14:48+00:00\",\"mainEntityOfPage\":{\"@id\":\"https:\/\/esbozodeportivo.com\/index.php\/2024\/08\/29\/reconocen-a-cronistas-olimpicos\/\"},\"wordCount\":351,\"commentCount\":0,\"publisher\":{\"@id\":\"https:\/\/esbozodeportivo.com\/#organization\"},\"image\":{\"@id\":\"https:\/\/esbozodeportivo.com\/index.php\/2024\/08\/29\/reconocen-a-cronistas-olimpicos\/#primaryimage\"},\"thumbnailUrl\":\"https:\/\/esbozodeportivo.com\/wp-content\/uploads\/2024\/08\/DSC07216-1024x575.jpeg\",\"articleSection\":[\"Amateur\"],\"inLanguage\":\"es\",\"potentialAction\":[{\"@type\":\"CommentAction\",\"name\":\"Comment\",\"target\":[\"https:\/\/esbozodeportivo.com\/index.php\/2024\/08\/29\/reconocen-a-cronistas-olimpicos\/#respond\"]}]},{\"@type\":\"WebPage\",\"@id\":\"https:\/\/esbozodeportivo.com\/index.php\/2024\/08\/29\/reconocen-a-cronistas-olimpicos\/\",\"url\":\"https:\/\/esbozodeportivo.com\/index.php\/2024\/08\/29\/reconocen-a-cronistas-olimpicos\/\",\"name\":\"Reconocen a cronistas ol\u00edmpicos - Esbozo Deportivo\",\"isPartOf\":{\"@id\":\"https:\/\/esbozodeportivo.com\/#website\"},\"primaryImageOfPage\":{\"@id\":\"https:\/\/esbozodeportivo.com\/index.php\/2024\/08\/29\/reconocen-a-cronistas-olimpicos\/#primaryimage\"},\"image\":{\"@id\":\"https:\/\/esbozodeportivo.com\/index.php\/2024\/08\/29\/reconocen-a-cronistas-olimpicos\/#primaryimage\"},\"thumbnailUrl\":\"https:\/\/esbozodeportivo.com\/wp-content\/uploads\/2024\/08\/DSC07216-1024x575.jpeg\",\"datePublished\":\"2024-08-29T07:06:39+00:00\",\"dateModified\":\"2024-08-29T07:14:48+00:00\",\"breadcrumb\":{\"@id\":\"https:\/\/esbozodeportivo.com\/index.php\/2024\/08\/29\/reconocen-a-cronistas-olimpicos\/#breadcrumb\"},\"inLanguage\":\"es\",\"potentialAction\":[{\"@type\":\"ReadAction\",\"target\":[\"https:\/\/esbozodeportivo.com\/index.php\/2024\/08\/29\/reconocen-a-cronistas-olimpicos\/\"]}]},{\"@type\":\"ImageObject\",\"inLanguage\":\"es\",\"@id\":\"https:\/\/esbozodeportivo.com\/index.php\/2024\/08\/29\/reconocen-a-cronistas-olimpicos\/#primaryimage\",\"url\":\"https:\/\/esbozodeportivo.com\/wp-content\/uploads\/2024\/08\/DSC07216-1024x575.jpeg\",\"contentUrl\":\"https:\/\/esbozodeportivo.com\/wp-content\/uploads\/2024\/08\/DSC07216-1024x575.jpeg\"},{\"@type\":\"BreadcrumbList\",\"@id\":\"https:\/\/esbozodeportivo.com\/index.php\/2024\/08\/29\/reconocen-a-cronistas-olimpicos\/#breadcrumb\",\"itemListElement\":[{\"@type\":\"ListItem\",\"position\":1,\"name\":\"Inicio\",\"item\":\"https:\/\/esbozodeportivo.com\/\"},{\"@type\":\"ListItem\",\"position\":2,\"name\":\"Reconocen a cronistas ol\u00edmpicos\"}]},{\"@type\":\"WebSite\",\"@id\":\"https:\/\/esbozodeportivo.com\/#website\",\"url\":\"https:\/\/esbozodeportivo.com\/\",\"name\":\"Esbozo Deportivo\",\"description\":\"Lo m\u00e1s importante del Deporte\",\"publisher\":{\"@id\":\"https:\/\/esbozodeportivo.com\/#organization\"},\"potentialAction\":[{\"@type\":\"SearchAction\",\"target\":{\"@type\":\"EntryPoint\",\"urlTemplate\":\"https:\/\/esbozodeportivo.com\/?s={search_term_string}\"},\"query-input\":{\"@type\":\"PropertyValueSpecification\",\"valueRequired\":true,\"valueName\":\"search_term_string\"}}],\"inLanguage\":\"es\"},{\"@type\":\"Organization\",\"@id\":\"https:\/\/esbozodeportivo.com\/#organization\",\"name\":\"Esbozo Deportivo\",\"url\":\"https:\/\/esbozodeportivo.com\/\",\"logo\":{\"@type\":\"ImageObject\",\"inLanguage\":\"es\",\"@id\":\"https:\/\/esbozodeportivo.com\/#\/schema\/logo\/image\/\",\"url\":\"https:\/\/esbozodeportivo.com\/wp-content\/uploads\/2022\/08\/cropped-Logo-Esbozo-Web-2.png\",\"contentUrl\":\"https:\/\/esbozodeportivo.com\/wp-content\/uploads\/2022\/08\/cropped-Logo-Esbozo-Web-2.png\",\"width\":180,\"height\":50,\"caption\":\"Esbozo Deportivo\"},\"image\":{\"@id\":\"https:\/\/esbozodeportivo.com\/#\/schema\/logo\/image\/\"}},{\"@type\":\"Person\",\"@id\":\"https:\/\/esbozodeportivo.com\/#\/schema\/person\/7277119c98823aec37bbb84e125efd44\",\"name\":\"Javier De La Cruz\",\"image\":{\"@type\":\"ImageObject\",\"inLanguage\":\"es\",\"@id\":\"https:\/\/esbozodeportivo.com\/#\/schema\/person\/image\/\",\"url\":\"https:\/\/secure.gravatar.com\/avatar\/366235a56d20f1a6e8e3d0b295897639357bea880470ddf261d17bb0bc052eb1?s=96&d=mm&r=g\",\"contentUrl\":\"https:\/\/secure.gravatar.com\/avatar\/366235a56d20f1a6e8e3d0b295897639357bea880470ddf261d17bb0bc052eb1?s=96&d=mm&r=g\",\"caption\":\"Javier De La Cruz\"},\"url\":\"https:\/\/esbozodeportivo.com\/index.php\/author\/javier-de-la-cruz-de-la-cruz\/\"}]}<\/script>\n<!-- \/ Yoast SEO plugin. -->","yoast_head_json":{"title":"Reconocen a cronistas ol\u00edmpicos - Esbozo Deportivo","robots":{"index":"index","follow":"follow","max-snippet":"max-snippet:-1","max-image-preview":"max-image-preview:large","max-video-preview":"max-video-preview:-1"},"canonical":"https:\/\/esbozodeportivo.com\/index.php\/2024\/08\/29\/reconocen-a-cronistas-olimpicos\/","og_locale":"es_MX","og_type":"article","og_title":"Reconocen a cronistas ol\u00edmpicos - Esbozo Deportivo","og_description":"(Foto: esbozodeportivo.com) La Asociaci\u00f3n de Ol\u00edmpicos Mexicanos (AOM) y la Confederaci\u00f3n Deportivo Mexicano (CODEME) otorgaron","og_url":"https:\/\/esbozodeportivo.com\/index.php\/2024\/08\/29\/reconocen-a-cronistas-olimpicos\/","og_site_name":"Esbozo Deportivo","article_published_time":"2024-08-29T07:06:39+00:00","article_modified_time":"2024-08-29T07:14:48+00:00","og_image":[{"url":"https:\/\/esbozodeportivo.com\/wp-content\/uploads\/2024\/08\/DSC07216-1024x575.jpeg","type":"","width":"","height":""}],"author":"Javier De La Cruz","twitter_card":"summary_large_image","twitter_misc":{"Escrito por":"Javier De La Cruz","Tiempo de lectura":"2 minutos"},"schema":{"@context":"https:\/\/schema.org","@graph":[{"@type":"Article","@id":"https:\/\/esbozodeportivo.com\/index.php\/2024\/08\/29\/reconocen-a-cronistas-olimpicos\/#article","isPartOf":{"@id":"https:\/\/esbozodeportivo.com\/index.php\/2024\/08\/29\/reconocen-a-cronistas-olimpicos\/"},"author":{"name":"Javier De La Cruz","@id":"https:\/\/esbozodeportivo.com\/#\/schema\/person\/7277119c98823aec37bbb84e125efd44"},"headline":"Reconocen a cronistas ol\u00edmpicos","datePublished":"2024-08-29T07:06:39+00:00","dateModified":"2024-08-29T07:14:48+00:00","mainEntityOfPage":{"@id":"https:\/\/esbozodeportivo.com\/index.php\/2024\/08\/29\/reconocen-a-cronistas-olimpicos\/"},"wordCount":351,"commentCount":0,"publisher":{"@id":"https:\/\/esbozodeportivo.com\/#organization"},"image":{"@id":"https:\/\/esbozodeportivo.com\/index.php\/2024\/08\/29\/reconocen-a-cronistas-olimpicos\/#primaryimage"},"thumbnailUrl":"https:\/\/esbozodeportivo.com\/wp-content\/uploads\/2024\/08\/DSC07216-1024x575.jpeg","articleSection":["Amateur"],"inLanguage":"es","potentialAction":[{"@type":"CommentAction","name":"Comment","target":["https:\/\/esbozodeportivo.com\/index.php\/2024\/08\/29\/reconocen-a-cronistas-olimpicos\/#respond"]}]},{"@type":"WebPage","@id":"https:\/\/esbozodeportivo.com\/index.php\/2024\/08\/29\/reconocen-a-cronistas-olimpicos\/","url":"https:\/\/esbozodeportivo.com\/index.php\/2024\/08\/29\/reconocen-a-cronistas-olimpicos\/","name":"Reconocen a cronistas ol\u00edmpicos - Esbozo Deportivo","isPartOf":{"@id":"https:\/\/esbozodeportivo.com\/#website"},"primaryImageOfPage":{"@id":"https:\/\/esbozodeportivo.com\/index.php\/2024\/08\/29\/reconocen-a-cronistas-olimpicos\/#primaryimage"},"image":{"@id":"https:\/\/esbozodeportivo.com\/index.php\/2024\/08\/29\/reconocen-a-cronistas-olimpicos\/#primaryimage"},"thumbnailUrl":"https:\/\/esbozodeportivo.com\/wp-content\/uploads\/2024\/08\/DSC07216-1024x575.jpeg","datePublished":"2024-08-29T07:06:39+00:00","dateModified":"2024-08-29T07:14:48+00:00","breadcrumb":{"@id":"https:\/\/esbozodeportivo.com\/index.php\/2024\/08\/29\/reconocen-a-cronistas-olimpicos\/#breadcrumb"},"inLanguage":"es","potentialAction":[{"@type":"ReadAction","target":["https:\/\/esbozodeportivo.com\/index.php\/2024\/08\/29\/reconocen-a-cronistas-olimpicos\/"]}]},{"@type":"ImageObject","inLanguage":"es","@id":"https:\/\/esbozodeportivo.com\/index.php\/2024\/08\/29\/reconocen-a-cronistas-olimpicos\/#primaryimage","url":"https:\/\/esbozodeportivo.com\/wp-content\/uploads\/2024\/08\/DSC07216-1024x575.jpeg","contentUrl":"https:\/\/esbozodeportivo.com\/wp-content\/uploads\/2024\/08\/DSC07216-1024x575.jpeg"},{"@type":"BreadcrumbList","@id":"https:\/\/esbozodeportivo.com\/index.php\/2024\/08\/29\/reconocen-a-cronistas-olimpicos\/#breadcrumb","itemListElement":[{"@type":"ListItem","position":1,"name":"Inicio","item":"https:\/\/esbozodeportivo.com\/"},{"@type":"ListItem","position":2,"name":"Reconocen a cronistas ol\u00edmpicos"}]},{"@type":"WebSite","@id":"https:\/\/esbozodeportivo.com\/#website","url":"https:\/\/esbozodeportivo.com\/","name":"Esbozo Deportivo","description":"Lo m\u00e1s importante del Deporte","publisher":{"@id":"https:\/\/esbozodeportivo.com\/#organization"},"potentialAction":[{"@type":"SearchAction","target":{"@type":"EntryPoint","urlTemplate":"https:\/\/esbozodeportivo.com\/?s={search_term_string}"},"query-input":{"@type":"PropertyValueSpecification","valueRequired":true,"valueName":"search_term_string"}}],"inLanguage":"es"},{"@type":"Organization","@id":"https:\/\/esbozodeportivo.com\/#organization","name":"Esbozo Deportivo","url":"https:\/\/esbozodeportivo.com\/","logo":{"@type":"ImageObject","inLanguage":"es","@id":"https:\/\/esbozodeportivo.com\/#\/schema\/logo\/image\/","url":"https:\/\/esbozodeportivo.com\/wp-content\/uploads\/2022\/08\/cropped-Logo-Esbozo-Web-2.png","contentUrl":"https:\/\/esbozodeportivo.com\/wp-content\/uploads\/2022\/08\/cropped-Logo-Esbozo-Web-2.png","width":180,"height":50,"caption":"Esbozo Deportivo"},"image":{"@id":"https:\/\/esbozodeportivo.com\/#\/schema\/logo\/image\/"}},{"@type":"Person","@id":"https:\/\/esbozodeportivo.com\/#\/schema\/person\/7277119c98823aec37bbb84e125efd44","name":"Javier De La Cruz","image":{"@type":"ImageObject","inLanguage":"es","@id":"https:\/\/esbozodeportivo.com\/#\/schema\/person\/image\/","url":"https:\/\/secure.gravatar.com\/avatar\/366235a56d20f1a6e8e3d0b295897639357bea880470ddf261d17bb0bc052eb1?s=96&d=mm&r=g","contentUrl":"https:\/\/secure.gravatar.com\/avatar\/366235a56d20f1a6e8e3d0b295897639357bea880470ddf261d17bb0bc052eb1?s=96&d=mm&r=g","caption":"Javier De La Cruz"},"url":"https:\/\/esbozodeportivo.com\/index.php\/author\/javier-de-la-cruz-de-la-cruz\/"}]}},"jetpack_featured_media_url":"","jetpack_sharing_enabled":true,"_links":{"self":[{"href":"https:\/\/esbozodeportivo.com\/index.php\/wp-json\/wp\/v2\/posts\/4247","targetHints":{"allow":["GET"]}}],"collection":[{"href":"https:\/\/esbozodeportivo.com\/index.php\/wp-json\/wp\/v2\/posts"}],"about":[{"href":"https:\/\/esbozodeportivo.com\/index.php\/wp-json\/wp\/v2\/types\/post"}],"author":[{"embeddable":true,"href":"https:\/\/esbozodeportivo.com\/index.php\/wp-json\/wp\/v2\/users\/2"}],"replies":[{"embeddable":true,"href":"https:\/\/esbozodeportivo.com\/index.php\/wp-json\/wp\/v2\/comments?post=4247"}],"version-history":[{"count":4,"href":"https:\/\/esbozodeportivo.com\/index.php\/wp-json\/wp\/v2\/posts\/4247\/revisions"}],"predecessor-version":[{"id":4260,"href":"https:\/\/esbozodeportivo.com\/index.php\/wp-json\/wp\/v2\/posts\/4247\/revisions\/4260"}],"wp:attachment":[{"href":"https:\/\/esbozodeportivo.com\/index.php\/wp-json\/wp\/v2\/media?parent=4247"}],"wp:term":[{"taxonomy":"category","embeddable":true,"href":"https:\/\/esbozodeportivo.com\/index.php\/wp-json\/wp\/v2\/categories?post=4247"},{"taxonomy":"post_tag","embeddable":true,"href":"https:\/\/esbozodeportivo.com\/index.php\/wp-json\/wp\/v2\/tags?post=4247"}],"curies":[{"name":"wp","href":"https:\/\/api.w.org\/{rel}","templated":true}]}}