{"id":4282,"date":"2024-08-31T01:55:30","date_gmt":"2024-08-31T01:55:30","guid":{"rendered":"https:\/\/esbozodeportivo.com\/?p=4282"},"modified":"2024-08-31T02:05:20","modified_gmt":"2024-08-31T02:05:20","slug":"inauguracion-del-congreso-internacional-nelsonvargas","status":"publish","type":"post","link":"https:\/\/esbozodeportivo.com\/index.php\/2024\/08\/31\/inauguracion-del-congreso-internacional-nelsonvargas\/","title":{"rendered":"INAUGURACI\u00d3N DEL CONGRESO INTERNACIONAL NELSONVARGAS"},"content":{"rendered":"<style>\/*! elementor - v3.23.0 - 05-08-2024 *\/\n.elementor-widget-image{text-align:center}.elementor-widget-image a{display:inline-block}.elementor-widget-image a img[src$=\".svg\"]{width:48px}.elementor-widget-image img{vertical-align:middle;display:inline-block}<\/style>\n<p>\t\t\t\t\t\t\t\t\t\t<img loading=\"lazy\" decoding=\"async\" width=\"640\" height=\"359\" src=\"https:\/\/esbozodeportivo.com\/wp-content\/uploads\/2024\/08\/Congreso--1024x575.jpeg\" alt=\"\" srcset=\"https:\/\/esbozodeportivo.com\/wp-content\/uploads\/2024\/08\/Congreso--1024x575.jpeg 1024w, https:\/\/esbozodeportivo.com\/wp-content\/uploads\/2024\/08\/Congreso--300x168.jpeg 300w, https:\/\/esbozodeportivo.com\/wp-content\/uploads\/2024\/08\/Congreso--768x431.jpeg 768w, https:\/\/esbozodeportivo.com\/wp-content\/uploads\/2024\/08\/Congreso--1536x863.jpeg 1536w, https:\/\/esbozodeportivo.com\/wp-content\/uploads\/2024\/08\/Congreso--2048x1150.jpeg 2048w\" sizes=\"auto, (max-width: 640px) 100vw, 640px\" \/>\t\t\t\t\t\t\t\t\t\t\t\t\t<\/p>\n<h3>(Foto: esbozodeportivo.com)<\/h3>\n<p>Hoy y despu\u00e9s de 4 a\u00f1os de congreso virtual producto de la pandemia, se vivi\u00f3 una extraordinaria inauguraci\u00f3n del Congreso Internacional <strong><em>NelsonVargas,<\/em><\/strong> suceso acad\u00e9mico que cumpli\u00f3 en esta ocasi\u00f3n 40 ediciones de su realizaci\u00f3n, lo que llen\u00f3 de benepl\u00e1cito al director general del evento el Profesor Nelson Vargas, quien ha construido un proceso acad\u00e9mico no s\u00f3lo para enriquecer al pa\u00eds, adem\u00e1s, para engrandecer el conocimiento de todos los participantes externos.<\/p>\n<p>Para tan grande momento de encuentro de conocimientos, hicieron presencia el doble medallista ol\u00edmpico de clavados, Osmar Olvera y su entrenadora, Ma Jin, profesional que desde hace 20 a\u00f1os viene formando deportistas de este nivel para los mexicanos. A ellos los acompa\u00f1aron los nadadores ol\u00edmpicos Gabriel Casta\u00f1o, as\u00ed como Jorge Iga y Miguel de Lara, estos dos \u00faltimos integrantes de <strong><em>acu\u00e1tica nelsonvargas.<\/em><\/strong><\/p>\n<p>Cerca a ellos tambi\u00e9n hicieron presencia el Profesor Nelson Vargas y el Lic. Nelson Vargas Escalera, quienes desde la m\u00e1s alta direcci\u00f3n de la empresa inauguraron este evento que convoc\u00f3 a m\u00e1s de 800 asistentes. Y en representaci\u00f3n de la presidencia de la rep\u00fablica el Lic. Oscar Flores Jim\u00e9nez, oficial mayor de la Secretar\u00eda de Educaci\u00f3n P\u00fablica.<\/p>\n<p>\u00a0<\/p>\n<p>\t\t\t\t\t\t\t\t\t\t\t\t\t<img loading=\"lazy\" decoding=\"async\" width=\"640\" height=\"359\" src=\"https:\/\/esbozodeportivo.com\/wp-content\/uploads\/2024\/08\/Congreso-2--1024x575.jpeg\" alt=\"\" srcset=\"https:\/\/esbozodeportivo.com\/wp-content\/uploads\/2024\/08\/Congreso-2--1024x575.jpeg 1024w, https:\/\/esbozodeportivo.com\/wp-content\/uploads\/2024\/08\/Congreso-2--300x168.jpeg 300w, https:\/\/esbozodeportivo.com\/wp-content\/uploads\/2024\/08\/Congreso-2--768x431.jpeg 768w, https:\/\/esbozodeportivo.com\/wp-content\/uploads\/2024\/08\/Congreso-2--1536x863.jpeg 1536w, https:\/\/esbozodeportivo.com\/wp-content\/uploads\/2024\/08\/Congreso-2--2048x1150.jpeg 2048w\" sizes=\"auto, (max-width: 640px) 100vw, 640px\" \/>\t\t\t\t\t\t\t\t\t\t\t\t\t<\/p>\n<h3>(Foto: esbozodeportivo.com)<\/h3>\n<p>En este acto se entreg\u00f3 el premio anual <strong><em>anv<\/em><\/strong>, galard\u00f3n que se entrega a\u00f1o a a\u00f1o a los deportistas m\u00e1s destacados del pa\u00eds y en esta la versi\u00f3n 2024 fue entregado al clavadista ol\u00edmpico, Osmar Olvera y su entrenadora Ma Jin, quienes ahora har\u00e1n parte de la historia de este evento.<\/p>\n<p>Adem\u00e1s, a Casta\u00f1o, Iga y De Lara, se les hizo un importante reconocimiento por su clasificaci\u00f3n y posterior participaci\u00f3n en los Juegos Ol\u00edmpicos realizados hace pocas semanas en Par\u00eds. Para estos dos sucesos el profesor Nelson Vargas hizo entrega de los galardones, sum\u00e1ndole a cada una de estas personalidades deportivas importantes an\u00e9cdotas que les dieron a conocer a los presentes como se construyen los sue\u00f1os de los aros.<\/p>\n<p>M\u00e1s adelante el Lic. Nelson Vargas Escalera, declar\u00f3: <em>\u201c\u2026 En <\/em><strong><em>acu\u00e1tica nelsonvargas<\/em><\/strong><em> en sus m\u00e1s de 45 a\u00f1os de existencia estamos profundamente convencidos de la importancia y continuidad de la adquisici\u00f3n de conocimientos; considerando esta la \u00fanica manera de formas nadadores, taekwondoines, bailarinas y gimnastas en todos los niveles. <\/em><\/p>\n<p>\t\t\t\t\t\t\t\t\t\t\t\t\t<img loading=\"lazy\" decoding=\"async\" width=\"640\" height=\"359\" src=\"https:\/\/esbozodeportivo.com\/wp-content\/uploads\/2024\/08\/Congreso-7--1024x575.jpeg\" alt=\"\" srcset=\"https:\/\/esbozodeportivo.com\/wp-content\/uploads\/2024\/08\/Congreso-7--1024x575.jpeg 1024w, https:\/\/esbozodeportivo.com\/wp-content\/uploads\/2024\/08\/Congreso-7--300x168.jpeg 300w, https:\/\/esbozodeportivo.com\/wp-content\/uploads\/2024\/08\/Congreso-7--768x431.jpeg 768w, https:\/\/esbozodeportivo.com\/wp-content\/uploads\/2024\/08\/Congreso-7--1536x863.jpeg 1536w, https:\/\/esbozodeportivo.com\/wp-content\/uploads\/2024\/08\/Congreso-7--2048x1150.jpeg 2048w\" sizes=\"auto, (max-width: 640px) 100vw, 640px\" \/>\t\t\t\t\t\t\t\t\t\t\t\t\t<\/p>\n<h3>(Foto: esbozodeportivo.com)<\/h3>\n<p><em>Hoy doy la bienvenida y agradezco la confianza de los m\u00e1s de 150 asistentes de otras organizaciones que decidieron invertir su dinero y tiempo en participar en este congreso gracias por enriquecer esta experiencia. De igual manera agradezco la presencia de todos nuestros ponentes que vienen de diferentes partes del mundo y quienes est\u00e1n compartiendo con nosotros sus conocimientos y experiencia a lo largo de estos tres d\u00edas\u2026\u201d. <\/em><\/p>\n<p>Minutos m\u00e1s tarde, quien declar\u00f3 inaugurado el evento fue el representante del presidente de la rep\u00fablica, el Lic. Oscar Flores Jim\u00e9nez, quien declar\u00f3:<\/p>\n<p><em>\u201c\u2026 Saludo enorme a tan ilustre pres\u00eddium, es un honor estar con ustedes. Este es un d\u00eda especial para este servidor, me siento contento y feliz por tener la oportunidad de estar compartiendo este evento con personas que han dedicado su vida a formar campeones, hoy quiero felicitarlos por el gran trabajo que realizan\u2026\u201d.<\/em><\/p>\n<p>\u00a0<\/p>\n<p>\t\t\t\t\t\t\t\t\t\t\t\t\t<img loading=\"lazy\" decoding=\"async\" width=\"640\" height=\"359\" src=\"https:\/\/esbozodeportivo.com\/wp-content\/uploads\/2024\/08\/Congreso-13--1024x575.jpeg\" alt=\"\" srcset=\"https:\/\/esbozodeportivo.com\/wp-content\/uploads\/2024\/08\/Congreso-13--1024x575.jpeg 1024w, https:\/\/esbozodeportivo.com\/wp-content\/uploads\/2024\/08\/Congreso-13--300x168.jpeg 300w, https:\/\/esbozodeportivo.com\/wp-content\/uploads\/2024\/08\/Congreso-13--768x431.jpeg 768w, https:\/\/esbozodeportivo.com\/wp-content\/uploads\/2024\/08\/Congreso-13--1536x863.jpeg 1536w, https:\/\/esbozodeportivo.com\/wp-content\/uploads\/2024\/08\/Congreso-13--2048x1150.jpeg 2048w\" sizes=\"auto, (max-width: 640px) 100vw, 640px\" \/>\t\t\t\t\t\t\t\t\t\t\t\t\t<\/p>\n<h3>(Foto: esbozodeportivo.com)<\/h3>\n<p>M\u00e1s adelante el oficial mayor de la Secretaria de Educaci\u00f3n P\u00fablica, exalto la vida y obra del profesor Vargas desde 1962 hasta la fecha, narrando un camino de trabajo, dedicaci\u00f3n, esfuerzos y muchos triunfos, no s\u00f3lo para el sino para el pa\u00eds. A estas palabras, le agreg\u00f3:<\/p>\n<p><em>\u201c\u2026 Ahora d\u00e9jenme brevemente hablarles de la importancia del deporte en la vida de cualquier persona y su correlaci\u00f3n con el tejido social y de las empresas\u2026 <\/em>Resumiendo que sobre esto \u00faltimo:<em> \u201c\u2026 El deporte trae distintos beneficios en la vida del ser humano, otorgando efectos positivos en la vida profesional. El deporte, adem\u00e1s, ayuda a desarrollar la resiliencia mental y a gestionar una mayor cantidad de tareas y dificultades del d\u00eda a d\u00eda y tambi\u00e9n aumenta las endorfinas y reduce de manera directa en la toma de decisiones\u2026\u201d.<\/em><\/p>\n<p>\u00a0<\/p>\n<p>\t\t\t\t\t\t\t\t\t\t\t\t\t<img loading=\"lazy\" decoding=\"async\" width=\"640\" height=\"359\" src=\"https:\/\/esbozodeportivo.com\/wp-content\/uploads\/2024\/08\/Congreso-11--1024x575.jpeg\" alt=\"\" srcset=\"https:\/\/esbozodeportivo.com\/wp-content\/uploads\/2024\/08\/Congreso-11--1024x575.jpeg 1024w, https:\/\/esbozodeportivo.com\/wp-content\/uploads\/2024\/08\/Congreso-11--300x168.jpeg 300w, https:\/\/esbozodeportivo.com\/wp-content\/uploads\/2024\/08\/Congreso-11--768x431.jpeg 768w, https:\/\/esbozodeportivo.com\/wp-content\/uploads\/2024\/08\/Congreso-11--1536x863.jpeg 1536w, https:\/\/esbozodeportivo.com\/wp-content\/uploads\/2024\/08\/Congreso-11--2048x1150.jpeg 2048w\" sizes=\"auto, (max-width: 640px) 100vw, 640px\" \/>\t\t\t\t\t\t\t\t\t\t\t\t\t<\/p>\n<h3>(Foto: esbozodeportivo.com)<\/h3>\n<p>A\u00f1adiendo frente a este contexto de capacitaci\u00f3n, que: <em>\u201c\u2026 Los entrenadores deportivos, son la esencia de una vida sana en los j\u00f3venes atletas\u2026\u201d. <\/em>Al respecto dio a conocer que dando a conocer que en el actual gobierno federal de M\u00e9xico se vive un modelo educativo y deportivo que se oferta con integralidad en diferentes puntos del pa\u00eds. Para finalizar el Lic. Oscar reitero se felicitaci\u00f3n por seguir impulsado un congreso que por 40 ocasiones ha convocado a los mejores del planeta para ense\u00f1ar como se vive y crece el deporte en el mundo.<\/p>\n<p>Con esto se dio por inaugurado el congreso internacional que inmediatamente abri\u00f3 el espacio acad\u00e9mico para todos los participantes.<\/p>\n<p>\u00a0<\/p>\n<p>\t\t\t\t\t\t\t\t\t\t\t\t\t<img loading=\"lazy\" decoding=\"async\" width=\"640\" height=\"359\" src=\"https:\/\/esbozodeportivo.com\/wp-content\/uploads\/2024\/08\/Congreso-15--1024x575.jpeg\" alt=\"\" srcset=\"https:\/\/esbozodeportivo.com\/wp-content\/uploads\/2024\/08\/Congreso-15--1024x575.jpeg 1024w, https:\/\/esbozodeportivo.com\/wp-content\/uploads\/2024\/08\/Congreso-15--300x168.jpeg 300w, https:\/\/esbozodeportivo.com\/wp-content\/uploads\/2024\/08\/Congreso-15--768x431.jpeg 768w, https:\/\/esbozodeportivo.com\/wp-content\/uploads\/2024\/08\/Congreso-15--1536x863.jpeg 1536w, https:\/\/esbozodeportivo.com\/wp-content\/uploads\/2024\/08\/Congreso-15--2048x1150.jpeg 2048w\" sizes=\"auto, (max-width: 640px) 100vw, 640px\" \/>\t\t\t\t\t\t\t\t\t\t\t\t\t<\/p>\n<h3>(Foto: esbozodeportivo.com)<\/h3>\n<p>\t\t\t\t\t\t\t\t\t\t\t\t\t<img loading=\"lazy\" decoding=\"async\" width=\"640\" height=\"359\" src=\"https:\/\/esbozodeportivo.com\/wp-content\/uploads\/2024\/08\/Congreso-10--1024x575.jpeg\" alt=\"\" srcset=\"https:\/\/esbozodeportivo.com\/wp-content\/uploads\/2024\/08\/Congreso-10--1024x575.jpeg 1024w, https:\/\/esbozodeportivo.com\/wp-content\/uploads\/2024\/08\/Congreso-10--300x168.jpeg 300w, https:\/\/esbozodeportivo.com\/wp-content\/uploads\/2024\/08\/Congreso-10--768x431.jpeg 768w, https:\/\/esbozodeportivo.com\/wp-content\/uploads\/2024\/08\/Congreso-10--1536x863.jpeg 1536w, https:\/\/esbozodeportivo.com\/wp-content\/uploads\/2024\/08\/Congreso-10--2048x1150.jpeg 2048w\" sizes=\"auto, (max-width: 640px) 100vw, 640px\" \/>\t\t\t\t\t\t\t\t\t\t\t\t\t<\/p>\n<h3>(Foto: esbozodeportivo.com)<\/h3>\n<p>\t\t\t\t\t\t\t\t\t\t\t\t\t<img loading=\"lazy\" decoding=\"async\" width=\"640\" height=\"359\" src=\"https:\/\/esbozodeportivo.com\/wp-content\/uploads\/2024\/08\/Congreso-5--1024x575.jpeg\" alt=\"\" srcset=\"https:\/\/esbozodeportivo.com\/wp-content\/uploads\/2024\/08\/Congreso-5--1024x575.jpeg 1024w, https:\/\/esbozodeportivo.com\/wp-content\/uploads\/2024\/08\/Congreso-5--300x168.jpeg 300w, https:\/\/esbozodeportivo.com\/wp-content\/uploads\/2024\/08\/Congreso-5--768x431.jpeg 768w, https:\/\/esbozodeportivo.com\/wp-content\/uploads\/2024\/08\/Congreso-5--1536x863.jpeg 1536w, https:\/\/esbozodeportivo.com\/wp-content\/uploads\/2024\/08\/Congreso-5--2048x1150.jpeg 2048w\" sizes=\"auto, (max-width: 640px) 100vw, 640px\" \/>\t\t\t\t\t\t\t\t\t\t\t\t\t<\/p>\n<h3>(Foto: esbozodeportivo.com)<\/h3>\n<p>\t\t\t\t\t\t\t\t\t\t\t\t\t<img loading=\"lazy\" decoding=\"async\" width=\"640\" height=\"359\" src=\"https:\/\/esbozodeportivo.com\/wp-content\/uploads\/2024\/08\/Congreso-4--1024x575.jpeg\" alt=\"\" srcset=\"https:\/\/esbozodeportivo.com\/wp-content\/uploads\/2024\/08\/Congreso-4--1024x575.jpeg 1024w, https:\/\/esbozodeportivo.com\/wp-content\/uploads\/2024\/08\/Congreso-4--300x168.jpeg 300w, https:\/\/esbozodeportivo.com\/wp-content\/uploads\/2024\/08\/Congreso-4--768x431.jpeg 768w, https:\/\/esbozodeportivo.com\/wp-content\/uploads\/2024\/08\/Congreso-4--1536x863.jpeg 1536w, https:\/\/esbozodeportivo.com\/wp-content\/uploads\/2024\/08\/Congreso-4--2048x1150.jpeg 2048w\" sizes=\"auto, (max-width: 640px) 100vw, 640px\" \/>\t\t\t\t\t\t\t\t\t\t\t\t\t<\/p>\n<h3>(Foto: esbozodeportivo.com)<\/h3>\n<p>\t\t\t\t\t\t\t\t\t\t\t\t\t<img loading=\"lazy\" decoding=\"async\" width=\"640\" height=\"359\" src=\"https:\/\/esbozodeportivo.com\/wp-content\/uploads\/2024\/08\/Congreso-3--1024x575.jpeg\" alt=\"\" srcset=\"https:\/\/esbozodeportivo.com\/wp-content\/uploads\/2024\/08\/Congreso-3--1024x575.jpeg 1024w, https:\/\/esbozodeportivo.com\/wp-content\/uploads\/2024\/08\/Congreso-3--300x168.jpeg 300w, https:\/\/esbozodeportivo.com\/wp-content\/uploads\/2024\/08\/Congreso-3--768x431.jpeg 768w, https:\/\/esbozodeportivo.com\/wp-content\/uploads\/2024\/08\/Congreso-3--1536x863.jpeg 1536w, https:\/\/esbozodeportivo.com\/wp-content\/uploads\/2024\/08\/Congreso-3--2048x1150.jpeg 2048w\" sizes=\"auto, (max-width: 640px) 100vw, 640px\" \/>\t\t\t\t\t\t\t\t\t\t\t\t\t<\/p>\n<h3>(Foto: esbozodeportivo.com)<\/h3>\n<p>\t\t\t\t\t\t\t\t\t\t\t\t\t<img loading=\"lazy\" decoding=\"async\" width=\"640\" height=\"359\" src=\"https:\/\/esbozodeportivo.com\/wp-content\/uploads\/2024\/08\/Congreso-16--1024x575.jpeg\" alt=\"\" srcset=\"https:\/\/esbozodeportivo.com\/wp-content\/uploads\/2024\/08\/Congreso-16--1024x575.jpeg 1024w, https:\/\/esbozodeportivo.com\/wp-content\/uploads\/2024\/08\/Congreso-16--300x168.jpeg 300w, https:\/\/esbozodeportivo.com\/wp-content\/uploads\/2024\/08\/Congreso-16--768x431.jpeg 768w, https:\/\/esbozodeportivo.com\/wp-content\/uploads\/2024\/08\/Congreso-16--1536x863.jpeg 1536w, https:\/\/esbozodeportivo.com\/wp-content\/uploads\/2024\/08\/Congreso-16--2048x1150.jpeg 2048w\" sizes=\"auto, (max-width: 640px) 100vw, 640px\" \/>\t\t\t\t\t\t\t\t\t\t\t\t\t<\/p>\n<h3>(Foto: esbozodeportivo.com)<\/h3>\n","protected":false},"excerpt":{"rendered":"<p>(Foto: esbozodeportivo.com) Hoy y despu\u00e9s de 4 a\u00f1os de congreso virtual producto de la pandemia,<\/p>\n","protected":false},"author":2,"featured_media":0,"comment_status":"open","ping_status":"open","sticky":false,"template":"","format":"standard","meta":{"_jetpack_memberships_contains_paid_content":false,"footnotes":""},"categories":[5],"tags":[],"class_list":["post-4282","post","type-post","status-publish","format-standard","hentry","category-amateur"],"yoast_head":"<!-- This site is optimized with the Yoast SEO plugin v25.7 - https:\/\/yoast.com\/wordpress\/plugins\/seo\/ -->\n<title>INAUGURACI\u00d3N DEL CONGRESO INTERNACIONAL NELSONVARGAS - Esbozo Deportivo<\/title>\n<meta name=\"robots\" content=\"index, follow, max-snippet:-1, max-image-preview:large, max-video-preview:-1\" \/>\n<link rel=\"canonical\" href=\"https:\/\/esbozodeportivo.com\/index.php\/2024\/08\/31\/inauguracion-del-congreso-internacional-nelsonvargas\/\" \/>\n<meta property=\"og:locale\" content=\"es_MX\" \/>\n<meta property=\"og:type\" content=\"article\" \/>\n<meta property=\"og:title\" content=\"INAUGURACI\u00d3N DEL CONGRESO INTERNACIONAL NELSONVARGAS - Esbozo Deportivo\" \/>\n<meta property=\"og:description\" content=\"(Foto: esbozodeportivo.com) Hoy y despu\u00e9s de 4 a\u00f1os de congreso virtual producto de la pandemia,\" \/>\n<meta property=\"og:url\" content=\"https:\/\/esbozodeportivo.com\/index.php\/2024\/08\/31\/inauguracion-del-congreso-internacional-nelsonvargas\/\" \/>\n<meta property=\"og:site_name\" content=\"Esbozo Deportivo\" \/>\n<meta property=\"article:published_time\" content=\"2024-08-31T01:55:30+00:00\" \/>\n<meta property=\"article:modified_time\" content=\"2024-08-31T02:05:20+00:00\" \/>\n<meta property=\"og:image\" content=\"https:\/\/esbozodeportivo.com\/wp-content\/uploads\/2024\/08\/Congreso--1024x575.jpeg\" \/>\n<meta name=\"author\" content=\"Javier De La Cruz\" \/>\n<meta name=\"twitter:card\" content=\"summary_large_image\" \/>\n<meta name=\"twitter:label1\" content=\"Escrito por\" \/>\n\t<meta name=\"twitter:data1\" content=\"Javier De La Cruz\" \/>\n\t<meta name=\"twitter:label2\" content=\"Tiempo de lectura\" \/>\n\t<meta name=\"twitter:data2\" content=\"4 minutos\" \/>\n<script type=\"application\/ld+json\" class=\"yoast-schema-graph\">{\"@context\":\"https:\/\/schema.org\",\"@graph\":[{\"@type\":\"Article\",\"@id\":\"https:\/\/esbozodeportivo.com\/index.php\/2024\/08\/31\/inauguracion-del-congreso-internacional-nelsonvargas\/#article\",\"isPartOf\":{\"@id\":\"https:\/\/esbozodeportivo.com\/index.php\/2024\/08\/31\/inauguracion-del-congreso-internacional-nelsonvargas\/\"},\"author\":{\"name\":\"Javier De La Cruz\",\"@id\":\"https:\/\/esbozodeportivo.com\/#\/schema\/person\/7277119c98823aec37bbb84e125efd44\"},\"headline\":\"INAUGURACI\u00d3N DEL CONGRESO INTERNACIONAL NELSONVARGAS\",\"datePublished\":\"2024-08-31T01:55:30+00:00\",\"dateModified\":\"2024-08-31T02:05:20+00:00\",\"mainEntityOfPage\":{\"@id\":\"https:\/\/esbozodeportivo.com\/index.php\/2024\/08\/31\/inauguracion-del-congreso-internacional-nelsonvargas\/\"},\"wordCount\":852,\"commentCount\":0,\"publisher\":{\"@id\":\"https:\/\/esbozodeportivo.com\/#organization\"},\"image\":{\"@id\":\"https:\/\/esbozodeportivo.com\/index.php\/2024\/08\/31\/inauguracion-del-congreso-internacional-nelsonvargas\/#primaryimage\"},\"thumbnailUrl\":\"https:\/\/esbozodeportivo.com\/wp-content\/uploads\/2024\/08\/Congreso--1024x575.jpeg\",\"articleSection\":[\"Amateur\"],\"inLanguage\":\"es\",\"potentialAction\":[{\"@type\":\"CommentAction\",\"name\":\"Comment\",\"target\":[\"https:\/\/esbozodeportivo.com\/index.php\/2024\/08\/31\/inauguracion-del-congreso-internacional-nelsonvargas\/#respond\"]}]},{\"@type\":\"WebPage\",\"@id\":\"https:\/\/esbozodeportivo.com\/index.php\/2024\/08\/31\/inauguracion-del-congreso-internacional-nelsonvargas\/\",\"url\":\"https:\/\/esbozodeportivo.com\/index.php\/2024\/08\/31\/inauguracion-del-congreso-internacional-nelsonvargas\/\",\"name\":\"INAUGURACI\u00d3N DEL CONGRESO INTERNACIONAL NELSONVARGAS - Esbozo Deportivo\",\"isPartOf\":{\"@id\":\"https:\/\/esbozodeportivo.com\/#website\"},\"primaryImageOfPage\":{\"@id\":\"https:\/\/esbozodeportivo.com\/index.php\/2024\/08\/31\/inauguracion-del-congreso-internacional-nelsonvargas\/#primaryimage\"},\"image\":{\"@id\":\"https:\/\/esbozodeportivo.com\/index.php\/2024\/08\/31\/inauguracion-del-congreso-internacional-nelsonvargas\/#primaryimage\"},\"thumbnailUrl\":\"https:\/\/esbozodeportivo.com\/wp-content\/uploads\/2024\/08\/Congreso--1024x575.jpeg\",\"datePublished\":\"2024-08-31T01:55:30+00:00\",\"dateModified\":\"2024-08-31T02:05:20+00:00\",\"breadcrumb\":{\"@id\":\"https:\/\/esbozodeportivo.com\/index.php\/2024\/08\/31\/inauguracion-del-congreso-internacional-nelsonvargas\/#breadcrumb\"},\"inLanguage\":\"es\",\"potentialAction\":[{\"@type\":\"ReadAction\",\"target\":[\"https:\/\/esbozodeportivo.com\/index.php\/2024\/08\/31\/inauguracion-del-congreso-internacional-nelsonvargas\/\"]}]},{\"@type\":\"ImageObject\",\"inLanguage\":\"es\",\"@id\":\"https:\/\/esbozodeportivo.com\/index.php\/2024\/08\/31\/inauguracion-del-congreso-internacional-nelsonvargas\/#primaryimage\",\"url\":\"https:\/\/esbozodeportivo.com\/wp-content\/uploads\/2024\/08\/Congreso--1024x575.jpeg\",\"contentUrl\":\"https:\/\/esbozodeportivo.com\/wp-content\/uploads\/2024\/08\/Congreso--1024x575.jpeg\"},{\"@type\":\"BreadcrumbList\",\"@id\":\"https:\/\/esbozodeportivo.com\/index.php\/2024\/08\/31\/inauguracion-del-congreso-internacional-nelsonvargas\/#breadcrumb\",\"itemListElement\":[{\"@type\":\"ListItem\",\"position\":1,\"name\":\"Inicio\",\"item\":\"https:\/\/esbozodeportivo.com\/\"},{\"@type\":\"ListItem\",\"position\":2,\"name\":\"INAUGURACI\u00d3N DEL CONGRESO INTERNACIONAL NELSONVARGAS\"}]},{\"@type\":\"WebSite\",\"@id\":\"https:\/\/esbozodeportivo.com\/#website\",\"url\":\"https:\/\/esbozodeportivo.com\/\",\"name\":\"Esbozo Deportivo\",\"description\":\"Lo m\u00e1s importante del Deporte\",\"publisher\":{\"@id\":\"https:\/\/esbozodeportivo.com\/#organization\"},\"potentialAction\":[{\"@type\":\"SearchAction\",\"target\":{\"@type\":\"EntryPoint\",\"urlTemplate\":\"https:\/\/esbozodeportivo.com\/?s={search_term_string}\"},\"query-input\":{\"@type\":\"PropertyValueSpecification\",\"valueRequired\":true,\"valueName\":\"search_term_string\"}}],\"inLanguage\":\"es\"},{\"@type\":\"Organization\",\"@id\":\"https:\/\/esbozodeportivo.com\/#organization\",\"name\":\"Esbozo Deportivo\",\"url\":\"https:\/\/esbozodeportivo.com\/\",\"logo\":{\"@type\":\"ImageObject\",\"inLanguage\":\"es\",\"@id\":\"https:\/\/esbozodeportivo.com\/#\/schema\/logo\/image\/\",\"url\":\"https:\/\/esbozodeportivo.com\/wp-content\/uploads\/2022\/08\/cropped-Logo-Esbozo-Web-2.png\",\"contentUrl\":\"https:\/\/esbozodeportivo.com\/wp-content\/uploads\/2022\/08\/cropped-Logo-Esbozo-Web-2.png\",\"width\":180,\"height\":50,\"caption\":\"Esbozo Deportivo\"},\"image\":{\"@id\":\"https:\/\/esbozodeportivo.com\/#\/schema\/logo\/image\/\"}},{\"@type\":\"Person\",\"@id\":\"https:\/\/esbozodeportivo.com\/#\/schema\/person\/7277119c98823aec37bbb84e125efd44\",\"name\":\"Javier De La Cruz\",\"image\":{\"@type\":\"ImageObject\",\"inLanguage\":\"es\",\"@id\":\"https:\/\/esbozodeportivo.com\/#\/schema\/person\/image\/\",\"url\":\"https:\/\/secure.gravatar.com\/avatar\/366235a56d20f1a6e8e3d0b295897639357bea880470ddf261d17bb0bc052eb1?s=96&d=mm&r=g\",\"contentUrl\":\"https:\/\/secure.gravatar.com\/avatar\/366235a56d20f1a6e8e3d0b295897639357bea880470ddf261d17bb0bc052eb1?s=96&d=mm&r=g\",\"caption\":\"Javier De La Cruz\"},\"url\":\"https:\/\/esbozodeportivo.com\/index.php\/author\/javier-de-la-cruz-de-la-cruz\/\"}]}<\/script>\n<!-- \/ Yoast SEO plugin. -->","yoast_head_json":{"title":"INAUGURACI\u00d3N DEL CONGRESO INTERNACIONAL NELSONVARGAS - Esbozo Deportivo","robots":{"index":"index","follow":"follow","max-snippet":"max-snippet:-1","max-image-preview":"max-image-preview:large","max-video-preview":"max-video-preview:-1"},"canonical":"https:\/\/esbozodeportivo.com\/index.php\/2024\/08\/31\/inauguracion-del-congreso-internacional-nelsonvargas\/","og_locale":"es_MX","og_type":"article","og_title":"INAUGURACI\u00d3N DEL CONGRESO INTERNACIONAL NELSONVARGAS - Esbozo Deportivo","og_description":"(Foto: esbozodeportivo.com) Hoy y despu\u00e9s de 4 a\u00f1os de congreso virtual producto de la pandemia,","og_url":"https:\/\/esbozodeportivo.com\/index.php\/2024\/08\/31\/inauguracion-del-congreso-internacional-nelsonvargas\/","og_site_name":"Esbozo Deportivo","article_published_time":"2024-08-31T01:55:30+00:00","article_modified_time":"2024-08-31T02:05:20+00:00","og_image":[{"url":"https:\/\/esbozodeportivo.com\/wp-content\/uploads\/2024\/08\/Congreso--1024x575.jpeg","type":"","width":"","height":""}],"author":"Javier De La Cruz","twitter_card":"summary_large_image","twitter_misc":{"Escrito por":"Javier De La Cruz","Tiempo de lectura":"4 minutos"},"schema":{"@context":"https:\/\/schema.org","@graph":[{"@type":"Article","@id":"https:\/\/esbozodeportivo.com\/index.php\/2024\/08\/31\/inauguracion-del-congreso-internacional-nelsonvargas\/#article","isPartOf":{"@id":"https:\/\/esbozodeportivo.com\/index.php\/2024\/08\/31\/inauguracion-del-congreso-internacional-nelsonvargas\/"},"author":{"name":"Javier De La Cruz","@id":"https:\/\/esbozodeportivo.com\/#\/schema\/person\/7277119c98823aec37bbb84e125efd44"},"headline":"INAUGURACI\u00d3N DEL CONGRESO INTERNACIONAL NELSONVARGAS","datePublished":"2024-08-31T01:55:30+00:00","dateModified":"2024-08-31T02:05:20+00:00","mainEntityOfPage":{"@id":"https:\/\/esbozodeportivo.com\/index.php\/2024\/08\/31\/inauguracion-del-congreso-internacional-nelsonvargas\/"},"wordCount":852,"commentCount":0,"publisher":{"@id":"https:\/\/esbozodeportivo.com\/#organization"},"image":{"@id":"https:\/\/esbozodeportivo.com\/index.php\/2024\/08\/31\/inauguracion-del-congreso-internacional-nelsonvargas\/#primaryimage"},"thumbnailUrl":"https:\/\/esbozodeportivo.com\/wp-content\/uploads\/2024\/08\/Congreso--1024x575.jpeg","articleSection":["Amateur"],"inLanguage":"es","potentialAction":[{"@type":"CommentAction","name":"Comment","target":["https:\/\/esbozodeportivo.com\/index.php\/2024\/08\/31\/inauguracion-del-congreso-internacional-nelsonvargas\/#respond"]}]},{"@type":"WebPage","@id":"https:\/\/esbozodeportivo.com\/index.php\/2024\/08\/31\/inauguracion-del-congreso-internacional-nelsonvargas\/","url":"https:\/\/esbozodeportivo.com\/index.php\/2024\/08\/31\/inauguracion-del-congreso-internacional-nelsonvargas\/","name":"INAUGURACI\u00d3N DEL CONGRESO INTERNACIONAL NELSONVARGAS - Esbozo Deportivo","isPartOf":{"@id":"https:\/\/esbozodeportivo.com\/#website"},"primaryImageOfPage":{"@id":"https:\/\/esbozodeportivo.com\/index.php\/2024\/08\/31\/inauguracion-del-congreso-internacional-nelsonvargas\/#primaryimage"},"image":{"@id":"https:\/\/esbozodeportivo.com\/index.php\/2024\/08\/31\/inauguracion-del-congreso-internacional-nelsonvargas\/#primaryimage"},"thumbnailUrl":"https:\/\/esbozodeportivo.com\/wp-content\/uploads\/2024\/08\/Congreso--1024x575.jpeg","datePublished":"2024-08-31T01:55:30+00:00","dateModified":"2024-08-31T02:05:20+00:00","breadcrumb":{"@id":"https:\/\/esbozodeportivo.com\/index.php\/2024\/08\/31\/inauguracion-del-congreso-internacional-nelsonvargas\/#breadcrumb"},"inLanguage":"es","potentialAction":[{"@type":"ReadAction","target":["https:\/\/esbozodeportivo.com\/index.php\/2024\/08\/31\/inauguracion-del-congreso-internacional-nelsonvargas\/"]}]},{"@type":"ImageObject","inLanguage":"es","@id":"https:\/\/esbozodeportivo.com\/index.php\/2024\/08\/31\/inauguracion-del-congreso-internacional-nelsonvargas\/#primaryimage","url":"https:\/\/esbozodeportivo.com\/wp-content\/uploads\/2024\/08\/Congreso--1024x575.jpeg","contentUrl":"https:\/\/esbozodeportivo.com\/wp-content\/uploads\/2024\/08\/Congreso--1024x575.jpeg"},{"@type":"BreadcrumbList","@id":"https:\/\/esbozodeportivo.com\/index.php\/2024\/08\/31\/inauguracion-del-congreso-internacional-nelsonvargas\/#breadcrumb","itemListElement":[{"@type":"ListItem","position":1,"name":"Inicio","item":"https:\/\/esbozodeportivo.com\/"},{"@type":"ListItem","position":2,"name":"INAUGURACI\u00d3N DEL CONGRESO INTERNACIONAL NELSONVARGAS"}]},{"@type":"WebSite","@id":"https:\/\/esbozodeportivo.com\/#website","url":"https:\/\/esbozodeportivo.com\/","name":"Esbozo Deportivo","description":"Lo m\u00e1s importante del Deporte","publisher":{"@id":"https:\/\/esbozodeportivo.com\/#organization"},"potentialAction":[{"@type":"SearchAction","target":{"@type":"EntryPoint","urlTemplate":"https:\/\/esbozodeportivo.com\/?s={search_term_string}"},"query-input":{"@type":"PropertyValueSpecification","valueRequired":true,"valueName":"search_term_string"}}],"inLanguage":"es"},{"@type":"Organization","@id":"https:\/\/esbozodeportivo.com\/#organization","name":"Esbozo Deportivo","url":"https:\/\/esbozodeportivo.com\/","logo":{"@type":"ImageObject","inLanguage":"es","@id":"https:\/\/esbozodeportivo.com\/#\/schema\/logo\/image\/","url":"https:\/\/esbozodeportivo.com\/wp-content\/uploads\/2022\/08\/cropped-Logo-Esbozo-Web-2.png","contentUrl":"https:\/\/esbozodeportivo.com\/wp-content\/uploads\/2022\/08\/cropped-Logo-Esbozo-Web-2.png","width":180,"height":50,"caption":"Esbozo Deportivo"},"image":{"@id":"https:\/\/esbozodeportivo.com\/#\/schema\/logo\/image\/"}},{"@type":"Person","@id":"https:\/\/esbozodeportivo.com\/#\/schema\/person\/7277119c98823aec37bbb84e125efd44","name":"Javier De La Cruz","image":{"@type":"ImageObject","inLanguage":"es","@id":"https:\/\/esbozodeportivo.com\/#\/schema\/person\/image\/","url":"https:\/\/secure.gravatar.com\/avatar\/366235a56d20f1a6e8e3d0b295897639357bea880470ddf261d17bb0bc052eb1?s=96&d=mm&r=g","contentUrl":"https:\/\/secure.gravatar.com\/avatar\/366235a56d20f1a6e8e3d0b295897639357bea880470ddf261d17bb0bc052eb1?s=96&d=mm&r=g","caption":"Javier De La Cruz"},"url":"https:\/\/esbozodeportivo.com\/index.php\/author\/javier-de-la-cruz-de-la-cruz\/"}]}},"jetpack_featured_media_url":"","jetpack_sharing_enabled":true,"_links":{"self":[{"href":"https:\/\/esbozodeportivo.com\/index.php\/wp-json\/wp\/v2\/posts\/4282","targetHints":{"allow":["GET"]}}],"collection":[{"href":"https:\/\/esbozodeportivo.com\/index.php\/wp-json\/wp\/v2\/posts"}],"about":[{"href":"https:\/\/esbozodeportivo.com\/index.php\/wp-json\/wp\/v2\/types\/post"}],"author":[{"embeddable":true,"href":"https:\/\/esbozodeportivo.com\/index.php\/wp-json\/wp\/v2\/users\/2"}],"replies":[{"embeddable":true,"href":"https:\/\/esbozodeportivo.com\/index.php\/wp-json\/wp\/v2\/comments?post=4282"}],"version-history":[{"count":4,"href":"https:\/\/esbozodeportivo.com\/index.php\/wp-json\/wp\/v2\/posts\/4282\/revisions"}],"predecessor-version":[{"id":4303,"href":"https:\/\/esbozodeportivo.com\/index.php\/wp-json\/wp\/v2\/posts\/4282\/revisions\/4303"}],"wp:attachment":[{"href":"https:\/\/esbozodeportivo.com\/index.php\/wp-json\/wp\/v2\/media?parent=4282"}],"wp:term":[{"taxonomy":"category","embeddable":true,"href":"https:\/\/esbozodeportivo.com\/index.php\/wp-json\/wp\/v2\/categories?post=4282"},{"taxonomy":"post_tag","embeddable":true,"href":"https:\/\/esbozodeportivo.com\/index.php\/wp-json\/wp\/v2\/tags?post=4282"}],"curies":[{"name":"wp","href":"https:\/\/api.w.org\/{rel}","templated":true}]}}