{"id":4304,"date":"2024-08-31T03:16:45","date_gmt":"2024-08-31T03:16:45","guid":{"rendered":"https:\/\/esbozodeportivo.com\/?p=4304"},"modified":"2024-08-31T03:21:25","modified_gmt":"2024-08-31T03:21:25","slug":"lista-la-reunion-del-comite-organizador-de-los-juegos-de-los-trabajadores","status":"publish","type":"post","link":"https:\/\/esbozodeportivo.com\/index.php\/2024\/08\/31\/lista-la-reunion-del-comite-organizador-de-los-juegos-de-los-trabajadores\/","title":{"rendered":"Lista la Reuni\u00f3n del Comit\u00e9 Organizador de los Juegos de los Trabajadores"},"content":{"rendered":"<style>\/*! elementor - v3.23.0 - 05-08-2024 *\/\n.elementor-widget-image{text-align:center}.elementor-widget-image a{display:inline-block}.elementor-widget-image a img[src$=\".svg\"]{width:48px}.elementor-widget-image img{vertical-align:middle;display:inline-block}<\/style>\n<p>\t\t\t\t\t\t\t\t\t\t<img loading=\"lazy\" decoding=\"async\" width=\"640\" height=\"281\" src=\"https:\/\/esbozodeportivo.com\/wp-content\/uploads\/2024\/08\/secretarios1-1024x449.jpg\" alt=\"\" srcset=\"https:\/\/esbozodeportivo.com\/wp-content\/uploads\/2024\/08\/secretarios1-1024x449.jpg 1024w, https:\/\/esbozodeportivo.com\/wp-content\/uploads\/2024\/08\/secretarios1-300x132.jpg 300w, https:\/\/esbozodeportivo.com\/wp-content\/uploads\/2024\/08\/secretarios1-768x337.jpg 768w, https:\/\/esbozodeportivo.com\/wp-content\/uploads\/2024\/08\/secretarios1-1536x674.jpg 1536w, https:\/\/esbozodeportivo.com\/wp-content\/uploads\/2024\/08\/secretarios1.jpg 1600w\" sizes=\"auto, (max-width: 640px) 100vw, 640px\" \/>\t\t\t\t\t\t\t\t\t\t\t\t\t<\/p>\n<h3>(Foto: INDET)<\/h3>\n<p>Las instalaciones del Instituto del Deporte de los Trabajadores recibir\u00e1n a los participantes de la \u00a0Primera Reuni\u00f3n Plenaria del Comit\u00e9 Organizador de los 52 Juegos Nacionales Deportivos y Recreativos de los Trabajadores, que se llevar\u00e1 a cabo el mi\u00e9rcoles 12 de septiembre, en la que se abordar\u00e1n todos los temas sobre el evento que se realizar\u00e1 en noviembre pr\u00f3ximo.<\/p>\n<p>El Profesor Pablo Reyes Osorio, Secretario Ejecutivo del INDET, dio a conocer que en la Primera Reuni\u00f3n Plenaria del Comit\u00e9 Organizador, se dar\u00e1n cita los responsables de las \u00e1reas de servicio m\u00e9dico, hospedaje, alimentaci\u00f3n y transporte, entre otros servicios que se ofrecer\u00e1n a las delegaciones participantes en el magno evento convocado por el Congreso del Trabajo y el Instituto del Deporte de los Trabajadores.<\/p>\n<p>\t\t\t\t\t\t\t\t\t\t\t\t\t<img loading=\"lazy\" decoding=\"async\" width=\"640\" height=\"360\" src=\"https:\/\/esbozodeportivo.com\/wp-content\/uploads\/2024\/08\/secretarios3-1024x576.jpg\" alt=\"\" srcset=\"https:\/\/esbozodeportivo.com\/wp-content\/uploads\/2024\/08\/secretarios3-1024x576.jpg 1024w, https:\/\/esbozodeportivo.com\/wp-content\/uploads\/2024\/08\/secretarios3-300x169.jpg 300w, https:\/\/esbozodeportivo.com\/wp-content\/uploads\/2024\/08\/secretarios3-768x432.jpg 768w, https:\/\/esbozodeportivo.com\/wp-content\/uploads\/2024\/08\/secretarios3-1536x864.jpg 1536w, https:\/\/esbozodeportivo.com\/wp-content\/uploads\/2024\/08\/secretarios3.jpg 1599w\" sizes=\"auto, (max-width: 640px) 100vw, 640px\" \/>\t\t\t\t\t\t\t\t\t\t\t\t\t<\/p>\n<h3>(Foto: INDET)<\/h3>\n<p>El Programa 2024 del INDET sigue en marcha con la organizaci\u00f3n de los Juegos Nacionales de los Trabajadores, que tendr\u00e1n la sede del Centro Vacacional IMSS Oaxtepec, en Morelos, con la participaci\u00f3n de delegaciones procedentes de todo el pa\u00eds, formadas por los trabajadores afiliados a las diversas organizaciones sindicales y no afiliados tambi\u00e9n.<\/p>\n<p>\u201cEl Comit\u00e9 Organizador de los Juegos Nacionales Deportivos de los Trabajadores busca ofrecer las mejores condiciones a las delegaciones participantes del evento que se desarrollar\u00e1 en Oaxtepec. Y en nuestra reuni\u00f3n vamos a abordar todos los temas que tenemos en la agenda, a fin de cumplir con las tareas para llevar a cabo el programa de servicios\u201d, destac\u00f3 el Secretario Ejecutivo del INDET.<\/p>\n<p>\t\t\t\t\t\t\t\t\t\t\t\t\t<img loading=\"lazy\" decoding=\"async\" width=\"640\" height=\"403\" src=\"https:\/\/esbozodeportivo.com\/wp-content\/uploads\/2024\/08\/juegos1.jpg\" alt=\"\" srcset=\"https:\/\/esbozodeportivo.com\/wp-content\/uploads\/2024\/08\/juegos1.jpg 752w, https:\/\/esbozodeportivo.com\/wp-content\/uploads\/2024\/08\/juegos1-300x189.jpg 300w\" sizes=\"auto, (max-width: 640px) 100vw, 640px\" \/>\t\t\t\t\t\t\t\t\t\t\t\t\t<\/p>\n<h3>(Foto: INDET)<\/h3>\n<p>El Profesor Reyes Osorio adelant\u00f3 que la apertura de la Reuni\u00f3n Plenaria del Comit\u00e9 Organizador, estar\u00e1 encabezada por el licenciado Reyes Soberanis Moreno, Presidente del Congreso del Trabajo y del INDET, en presencia de quienes laborar\u00e1n en los Juegos Nacionales Deportivos y Recreativos de los Trabajadores, programados para realizarse en noviembre pr\u00f3ximo.<\/p>\n<p>\u00a0<\/p>\n<p>\t\t\t\t\t\t\t\t\t\t\t\t\t<img loading=\"lazy\" decoding=\"async\" width=\"640\" height=\"360\" src=\"https:\/\/esbozodeportivo.com\/wp-content\/uploads\/2024\/08\/secretarios2-1024x576.jpg\" alt=\"\" srcset=\"https:\/\/esbozodeportivo.com\/wp-content\/uploads\/2024\/08\/secretarios2-1024x576.jpg 1024w, https:\/\/esbozodeportivo.com\/wp-content\/uploads\/2024\/08\/secretarios2-300x169.jpg 300w, https:\/\/esbozodeportivo.com\/wp-content\/uploads\/2024\/08\/secretarios2-768x432.jpg 768w, https:\/\/esbozodeportivo.com\/wp-content\/uploads\/2024\/08\/secretarios2-1536x864.jpg 1536w, https:\/\/esbozodeportivo.com\/wp-content\/uploads\/2024\/08\/secretarios2.jpg 1599w\" sizes=\"auto, (max-width: 640px) 100vw, 640px\" \/>\t\t\t\t\t\t\t\t\t\t\t\t\t<\/p>\n<h3>(Foto: INDET)<\/h3>\n","protected":false},"excerpt":{"rendered":"<p>(Foto: INDET) Las instalaciones del Instituto del Deporte de los Trabajadores recibir\u00e1n a los participantes<\/p>\n","protected":false},"author":2,"featured_media":0,"comment_status":"open","ping_status":"open","sticky":false,"template":"","format":"standard","meta":{"_jetpack_memberships_contains_paid_content":false,"footnotes":""},"categories":[5],"tags":[],"class_list":["post-4304","post","type-post","status-publish","format-standard","hentry","category-amateur"],"yoast_head":"<!-- This site is optimized with the Yoast SEO plugin v25.7 - https:\/\/yoast.com\/wordpress\/plugins\/seo\/ -->\n<title>Lista la Reuni\u00f3n del Comit\u00e9 Organizador de los Juegos de los Trabajadores - Esbozo Deportivo<\/title>\n<meta name=\"robots\" content=\"index, follow, max-snippet:-1, max-image-preview:large, max-video-preview:-1\" \/>\n<link rel=\"canonical\" href=\"https:\/\/esbozodeportivo.com\/index.php\/2024\/08\/31\/lista-la-reunion-del-comite-organizador-de-los-juegos-de-los-trabajadores\/\" \/>\n<meta property=\"og:locale\" content=\"es_MX\" \/>\n<meta property=\"og:type\" content=\"article\" \/>\n<meta property=\"og:title\" content=\"Lista la Reuni\u00f3n del Comit\u00e9 Organizador de los Juegos de los Trabajadores - Esbozo Deportivo\" \/>\n<meta property=\"og:description\" content=\"(Foto: INDET) Las instalaciones del Instituto del Deporte de los Trabajadores recibir\u00e1n a los participantes\" \/>\n<meta property=\"og:url\" content=\"https:\/\/esbozodeportivo.com\/index.php\/2024\/08\/31\/lista-la-reunion-del-comite-organizador-de-los-juegos-de-los-trabajadores\/\" \/>\n<meta property=\"og:site_name\" content=\"Esbozo Deportivo\" \/>\n<meta property=\"article:published_time\" content=\"2024-08-31T03:16:45+00:00\" \/>\n<meta property=\"article:modified_time\" content=\"2024-08-31T03:21:25+00:00\" \/>\n<meta property=\"og:image\" content=\"https:\/\/esbozodeportivo.com\/wp-content\/uploads\/2024\/08\/secretarios1-1024x449.jpg\" \/>\n<meta name=\"author\" content=\"Javier De La Cruz\" \/>\n<meta name=\"twitter:card\" content=\"summary_large_image\" \/>\n<meta name=\"twitter:label1\" content=\"Escrito por\" \/>\n\t<meta name=\"twitter:data1\" content=\"Javier De La Cruz\" \/>\n\t<meta name=\"twitter:label2\" content=\"Tiempo de lectura\" \/>\n\t<meta name=\"twitter:data2\" content=\"2 minutos\" \/>\n<script type=\"application\/ld+json\" class=\"yoast-schema-graph\">{\"@context\":\"https:\/\/schema.org\",\"@graph\":[{\"@type\":\"Article\",\"@id\":\"https:\/\/esbozodeportivo.com\/index.php\/2024\/08\/31\/lista-la-reunion-del-comite-organizador-de-los-juegos-de-los-trabajadores\/#article\",\"isPartOf\":{\"@id\":\"https:\/\/esbozodeportivo.com\/index.php\/2024\/08\/31\/lista-la-reunion-del-comite-organizador-de-los-juegos-de-los-trabajadores\/\"},\"author\":{\"name\":\"Javier De La Cruz\",\"@id\":\"https:\/\/esbozodeportivo.com\/#\/schema\/person\/7277119c98823aec37bbb84e125efd44\"},\"headline\":\"Lista la Reuni\u00f3n del Comit\u00e9 Organizador de los Juegos de los Trabajadores\",\"datePublished\":\"2024-08-31T03:16:45+00:00\",\"dateModified\":\"2024-08-31T03:21:25+00:00\",\"mainEntityOfPage\":{\"@id\":\"https:\/\/esbozodeportivo.com\/index.php\/2024\/08\/31\/lista-la-reunion-del-comite-organizador-de-los-juegos-de-los-trabajadores\/\"},\"wordCount\":328,\"commentCount\":0,\"publisher\":{\"@id\":\"https:\/\/esbozodeportivo.com\/#organization\"},\"image\":{\"@id\":\"https:\/\/esbozodeportivo.com\/index.php\/2024\/08\/31\/lista-la-reunion-del-comite-organizador-de-los-juegos-de-los-trabajadores\/#primaryimage\"},\"thumbnailUrl\":\"https:\/\/esbozodeportivo.com\/wp-content\/uploads\/2024\/08\/secretarios1-1024x449.jpg\",\"articleSection\":[\"Amateur\"],\"inLanguage\":\"es\",\"potentialAction\":[{\"@type\":\"CommentAction\",\"name\":\"Comment\",\"target\":[\"https:\/\/esbozodeportivo.com\/index.php\/2024\/08\/31\/lista-la-reunion-del-comite-organizador-de-los-juegos-de-los-trabajadores\/#respond\"]}]},{\"@type\":\"WebPage\",\"@id\":\"https:\/\/esbozodeportivo.com\/index.php\/2024\/08\/31\/lista-la-reunion-del-comite-organizador-de-los-juegos-de-los-trabajadores\/\",\"url\":\"https:\/\/esbozodeportivo.com\/index.php\/2024\/08\/31\/lista-la-reunion-del-comite-organizador-de-los-juegos-de-los-trabajadores\/\",\"name\":\"Lista la Reuni\u00f3n del Comit\u00e9 Organizador de los Juegos de los Trabajadores - Esbozo Deportivo\",\"isPartOf\":{\"@id\":\"https:\/\/esbozodeportivo.com\/#website\"},\"primaryImageOfPage\":{\"@id\":\"https:\/\/esbozodeportivo.com\/index.php\/2024\/08\/31\/lista-la-reunion-del-comite-organizador-de-los-juegos-de-los-trabajadores\/#primaryimage\"},\"image\":{\"@id\":\"https:\/\/esbozodeportivo.com\/index.php\/2024\/08\/31\/lista-la-reunion-del-comite-organizador-de-los-juegos-de-los-trabajadores\/#primaryimage\"},\"thumbnailUrl\":\"https:\/\/esbozodeportivo.com\/wp-content\/uploads\/2024\/08\/secretarios1-1024x449.jpg\",\"datePublished\":\"2024-08-31T03:16:45+00:00\",\"dateModified\":\"2024-08-31T03:21:25+00:00\",\"breadcrumb\":{\"@id\":\"https:\/\/esbozodeportivo.com\/index.php\/2024\/08\/31\/lista-la-reunion-del-comite-organizador-de-los-juegos-de-los-trabajadores\/#breadcrumb\"},\"inLanguage\":\"es\",\"potentialAction\":[{\"@type\":\"ReadAction\",\"target\":[\"https:\/\/esbozodeportivo.com\/index.php\/2024\/08\/31\/lista-la-reunion-del-comite-organizador-de-los-juegos-de-los-trabajadores\/\"]}]},{\"@type\":\"ImageObject\",\"inLanguage\":\"es\",\"@id\":\"https:\/\/esbozodeportivo.com\/index.php\/2024\/08\/31\/lista-la-reunion-del-comite-organizador-de-los-juegos-de-los-trabajadores\/#primaryimage\",\"url\":\"https:\/\/esbozodeportivo.com\/wp-content\/uploads\/2024\/08\/secretarios1.jpg\",\"contentUrl\":\"https:\/\/esbozodeportivo.com\/wp-content\/uploads\/2024\/08\/secretarios1.jpg\",\"width\":1600,\"height\":702},{\"@type\":\"BreadcrumbList\",\"@id\":\"https:\/\/esbozodeportivo.com\/index.php\/2024\/08\/31\/lista-la-reunion-del-comite-organizador-de-los-juegos-de-los-trabajadores\/#breadcrumb\",\"itemListElement\":[{\"@type\":\"ListItem\",\"position\":1,\"name\":\"Inicio\",\"item\":\"https:\/\/esbozodeportivo.com\/\"},{\"@type\":\"ListItem\",\"position\":2,\"name\":\"Lista la Reuni\u00f3n del Comit\u00e9 Organizador de los Juegos de los Trabajadores\"}]},{\"@type\":\"WebSite\",\"@id\":\"https:\/\/esbozodeportivo.com\/#website\",\"url\":\"https:\/\/esbozodeportivo.com\/\",\"name\":\"Esbozo Deportivo\",\"description\":\"Lo m\u00e1s importante del Deporte\",\"publisher\":{\"@id\":\"https:\/\/esbozodeportivo.com\/#organization\"},\"potentialAction\":[{\"@type\":\"SearchAction\",\"target\":{\"@type\":\"EntryPoint\",\"urlTemplate\":\"https:\/\/esbozodeportivo.com\/?s={search_term_string}\"},\"query-input\":{\"@type\":\"PropertyValueSpecification\",\"valueRequired\":true,\"valueName\":\"search_term_string\"}}],\"inLanguage\":\"es\"},{\"@type\":\"Organization\",\"@id\":\"https:\/\/esbozodeportivo.com\/#organization\",\"name\":\"Esbozo Deportivo\",\"url\":\"https:\/\/esbozodeportivo.com\/\",\"logo\":{\"@type\":\"ImageObject\",\"inLanguage\":\"es\",\"@id\":\"https:\/\/esbozodeportivo.com\/#\/schema\/logo\/image\/\",\"url\":\"https:\/\/esbozodeportivo.com\/wp-content\/uploads\/2022\/08\/cropped-Logo-Esbozo-Web-2.png\",\"contentUrl\":\"https:\/\/esbozodeportivo.com\/wp-content\/uploads\/2022\/08\/cropped-Logo-Esbozo-Web-2.png\",\"width\":180,\"height\":50,\"caption\":\"Esbozo Deportivo\"},\"image\":{\"@id\":\"https:\/\/esbozodeportivo.com\/#\/schema\/logo\/image\/\"}},{\"@type\":\"Person\",\"@id\":\"https:\/\/esbozodeportivo.com\/#\/schema\/person\/7277119c98823aec37bbb84e125efd44\",\"name\":\"Javier De La Cruz\",\"image\":{\"@type\":\"ImageObject\",\"inLanguage\":\"es\",\"@id\":\"https:\/\/esbozodeportivo.com\/#\/schema\/person\/image\/\",\"url\":\"https:\/\/secure.gravatar.com\/avatar\/366235a56d20f1a6e8e3d0b295897639357bea880470ddf261d17bb0bc052eb1?s=96&d=mm&r=g\",\"contentUrl\":\"https:\/\/secure.gravatar.com\/avatar\/366235a56d20f1a6e8e3d0b295897639357bea880470ddf261d17bb0bc052eb1?s=96&d=mm&r=g\",\"caption\":\"Javier De La Cruz\"},\"url\":\"https:\/\/esbozodeportivo.com\/index.php\/author\/javier-de-la-cruz-de-la-cruz\/\"}]}<\/script>\n<!-- \/ Yoast SEO plugin. -->","yoast_head_json":{"title":"Lista la Reuni\u00f3n del Comit\u00e9 Organizador de los Juegos de los Trabajadores - Esbozo Deportivo","robots":{"index":"index","follow":"follow","max-snippet":"max-snippet:-1","max-image-preview":"max-image-preview:large","max-video-preview":"max-video-preview:-1"},"canonical":"https:\/\/esbozodeportivo.com\/index.php\/2024\/08\/31\/lista-la-reunion-del-comite-organizador-de-los-juegos-de-los-trabajadores\/","og_locale":"es_MX","og_type":"article","og_title":"Lista la Reuni\u00f3n del Comit\u00e9 Organizador de los Juegos de los Trabajadores - Esbozo Deportivo","og_description":"(Foto: INDET) Las instalaciones del Instituto del Deporte de los Trabajadores recibir\u00e1n a los participantes","og_url":"https:\/\/esbozodeportivo.com\/index.php\/2024\/08\/31\/lista-la-reunion-del-comite-organizador-de-los-juegos-de-los-trabajadores\/","og_site_name":"Esbozo Deportivo","article_published_time":"2024-08-31T03:16:45+00:00","article_modified_time":"2024-08-31T03:21:25+00:00","og_image":[{"url":"https:\/\/esbozodeportivo.com\/wp-content\/uploads\/2024\/08\/secretarios1-1024x449.jpg","type":"","width":"","height":""}],"author":"Javier De La Cruz","twitter_card":"summary_large_image","twitter_misc":{"Escrito por":"Javier De La Cruz","Tiempo de lectura":"2 minutos"},"schema":{"@context":"https:\/\/schema.org","@graph":[{"@type":"Article","@id":"https:\/\/esbozodeportivo.com\/index.php\/2024\/08\/31\/lista-la-reunion-del-comite-organizador-de-los-juegos-de-los-trabajadores\/#article","isPartOf":{"@id":"https:\/\/esbozodeportivo.com\/index.php\/2024\/08\/31\/lista-la-reunion-del-comite-organizador-de-los-juegos-de-los-trabajadores\/"},"author":{"name":"Javier De La Cruz","@id":"https:\/\/esbozodeportivo.com\/#\/schema\/person\/7277119c98823aec37bbb84e125efd44"},"headline":"Lista la Reuni\u00f3n del Comit\u00e9 Organizador de los Juegos de los Trabajadores","datePublished":"2024-08-31T03:16:45+00:00","dateModified":"2024-08-31T03:21:25+00:00","mainEntityOfPage":{"@id":"https:\/\/esbozodeportivo.com\/index.php\/2024\/08\/31\/lista-la-reunion-del-comite-organizador-de-los-juegos-de-los-trabajadores\/"},"wordCount":328,"commentCount":0,"publisher":{"@id":"https:\/\/esbozodeportivo.com\/#organization"},"image":{"@id":"https:\/\/esbozodeportivo.com\/index.php\/2024\/08\/31\/lista-la-reunion-del-comite-organizador-de-los-juegos-de-los-trabajadores\/#primaryimage"},"thumbnailUrl":"https:\/\/esbozodeportivo.com\/wp-content\/uploads\/2024\/08\/secretarios1-1024x449.jpg","articleSection":["Amateur"],"inLanguage":"es","potentialAction":[{"@type":"CommentAction","name":"Comment","target":["https:\/\/esbozodeportivo.com\/index.php\/2024\/08\/31\/lista-la-reunion-del-comite-organizador-de-los-juegos-de-los-trabajadores\/#respond"]}]},{"@type":"WebPage","@id":"https:\/\/esbozodeportivo.com\/index.php\/2024\/08\/31\/lista-la-reunion-del-comite-organizador-de-los-juegos-de-los-trabajadores\/","url":"https:\/\/esbozodeportivo.com\/index.php\/2024\/08\/31\/lista-la-reunion-del-comite-organizador-de-los-juegos-de-los-trabajadores\/","name":"Lista la Reuni\u00f3n del Comit\u00e9 Organizador de los Juegos de los Trabajadores - Esbozo Deportivo","isPartOf":{"@id":"https:\/\/esbozodeportivo.com\/#website"},"primaryImageOfPage":{"@id":"https:\/\/esbozodeportivo.com\/index.php\/2024\/08\/31\/lista-la-reunion-del-comite-organizador-de-los-juegos-de-los-trabajadores\/#primaryimage"},"image":{"@id":"https:\/\/esbozodeportivo.com\/index.php\/2024\/08\/31\/lista-la-reunion-del-comite-organizador-de-los-juegos-de-los-trabajadores\/#primaryimage"},"thumbnailUrl":"https:\/\/esbozodeportivo.com\/wp-content\/uploads\/2024\/08\/secretarios1-1024x449.jpg","datePublished":"2024-08-31T03:16:45+00:00","dateModified":"2024-08-31T03:21:25+00:00","breadcrumb":{"@id":"https:\/\/esbozodeportivo.com\/index.php\/2024\/08\/31\/lista-la-reunion-del-comite-organizador-de-los-juegos-de-los-trabajadores\/#breadcrumb"},"inLanguage":"es","potentialAction":[{"@type":"ReadAction","target":["https:\/\/esbozodeportivo.com\/index.php\/2024\/08\/31\/lista-la-reunion-del-comite-organizador-de-los-juegos-de-los-trabajadores\/"]}]},{"@type":"ImageObject","inLanguage":"es","@id":"https:\/\/esbozodeportivo.com\/index.php\/2024\/08\/31\/lista-la-reunion-del-comite-organizador-de-los-juegos-de-los-trabajadores\/#primaryimage","url":"https:\/\/esbozodeportivo.com\/wp-content\/uploads\/2024\/08\/secretarios1.jpg","contentUrl":"https:\/\/esbozodeportivo.com\/wp-content\/uploads\/2024\/08\/secretarios1.jpg","width":1600,"height":702},{"@type":"BreadcrumbList","@id":"https:\/\/esbozodeportivo.com\/index.php\/2024\/08\/31\/lista-la-reunion-del-comite-organizador-de-los-juegos-de-los-trabajadores\/#breadcrumb","itemListElement":[{"@type":"ListItem","position":1,"name":"Inicio","item":"https:\/\/esbozodeportivo.com\/"},{"@type":"ListItem","position":2,"name":"Lista la Reuni\u00f3n del Comit\u00e9 Organizador de los Juegos de los Trabajadores"}]},{"@type":"WebSite","@id":"https:\/\/esbozodeportivo.com\/#website","url":"https:\/\/esbozodeportivo.com\/","name":"Esbozo Deportivo","description":"Lo m\u00e1s importante del Deporte","publisher":{"@id":"https:\/\/esbozodeportivo.com\/#organization"},"potentialAction":[{"@type":"SearchAction","target":{"@type":"EntryPoint","urlTemplate":"https:\/\/esbozodeportivo.com\/?s={search_term_string}"},"query-input":{"@type":"PropertyValueSpecification","valueRequired":true,"valueName":"search_term_string"}}],"inLanguage":"es"},{"@type":"Organization","@id":"https:\/\/esbozodeportivo.com\/#organization","name":"Esbozo Deportivo","url":"https:\/\/esbozodeportivo.com\/","logo":{"@type":"ImageObject","inLanguage":"es","@id":"https:\/\/esbozodeportivo.com\/#\/schema\/logo\/image\/","url":"https:\/\/esbozodeportivo.com\/wp-content\/uploads\/2022\/08\/cropped-Logo-Esbozo-Web-2.png","contentUrl":"https:\/\/esbozodeportivo.com\/wp-content\/uploads\/2022\/08\/cropped-Logo-Esbozo-Web-2.png","width":180,"height":50,"caption":"Esbozo Deportivo"},"image":{"@id":"https:\/\/esbozodeportivo.com\/#\/schema\/logo\/image\/"}},{"@type":"Person","@id":"https:\/\/esbozodeportivo.com\/#\/schema\/person\/7277119c98823aec37bbb84e125efd44","name":"Javier De La Cruz","image":{"@type":"ImageObject","inLanguage":"es","@id":"https:\/\/esbozodeportivo.com\/#\/schema\/person\/image\/","url":"https:\/\/secure.gravatar.com\/avatar\/366235a56d20f1a6e8e3d0b295897639357bea880470ddf261d17bb0bc052eb1?s=96&d=mm&r=g","contentUrl":"https:\/\/secure.gravatar.com\/avatar\/366235a56d20f1a6e8e3d0b295897639357bea880470ddf261d17bb0bc052eb1?s=96&d=mm&r=g","caption":"Javier De La Cruz"},"url":"https:\/\/esbozodeportivo.com\/index.php\/author\/javier-de-la-cruz-de-la-cruz\/"}]}},"jetpack_featured_media_url":"","jetpack_sharing_enabled":true,"_links":{"self":[{"href":"https:\/\/esbozodeportivo.com\/index.php\/wp-json\/wp\/v2\/posts\/4304","targetHints":{"allow":["GET"]}}],"collection":[{"href":"https:\/\/esbozodeportivo.com\/index.php\/wp-json\/wp\/v2\/posts"}],"about":[{"href":"https:\/\/esbozodeportivo.com\/index.php\/wp-json\/wp\/v2\/types\/post"}],"author":[{"embeddable":true,"href":"https:\/\/esbozodeportivo.com\/index.php\/wp-json\/wp\/v2\/users\/2"}],"replies":[{"embeddable":true,"href":"https:\/\/esbozodeportivo.com\/index.php\/wp-json\/wp\/v2\/comments?post=4304"}],"version-history":[{"count":4,"href":"https:\/\/esbozodeportivo.com\/index.php\/wp-json\/wp\/v2\/posts\/4304\/revisions"}],"predecessor-version":[{"id":4312,"href":"https:\/\/esbozodeportivo.com\/index.php\/wp-json\/wp\/v2\/posts\/4304\/revisions\/4312"}],"wp:attachment":[{"href":"https:\/\/esbozodeportivo.com\/index.php\/wp-json\/wp\/v2\/media?parent=4304"}],"wp:term":[{"taxonomy":"category","embeddable":true,"href":"https:\/\/esbozodeportivo.com\/index.php\/wp-json\/wp\/v2\/categories?post=4304"},{"taxonomy":"post_tag","embeddable":true,"href":"https:\/\/esbozodeportivo.com\/index.php\/wp-json\/wp\/v2\/tags?post=4304"}],"curies":[{"name":"wp","href":"https:\/\/api.w.org\/{rel}","templated":true}]}}