{"id":4315,"date":"2024-09-03T01:39:43","date_gmt":"2024-09-03T01:39:43","guid":{"rendered":"https:\/\/esbozodeportivo.com\/?p=4315"},"modified":"2024-09-03T01:43:16","modified_gmt":"2024-09-03T01:43:16","slug":"el-indet-chiapas-activa-a-mas-de-1200-trabajadores-en-el-estadio-ferrocarrilero","status":"publish","type":"post","link":"https:\/\/esbozodeportivo.com\/index.php\/2024\/09\/03\/el-indet-chiapas-activa-a-mas-de-1200-trabajadores-en-el-estadio-ferrocarrilero\/","title":{"rendered":"El INDET Chiapas activa a m\u00e1s de 1,200 trabajadores en el Estadio Ferrocarrilero"},"content":{"rendered":"<style>\/*! elementor - v3.23.0 - 05-08-2024 *\/\n.elementor-widget-image{text-align:center}.elementor-widget-image a{display:inline-block}.elementor-widget-image a img[src$=\".svg\"]{width:48px}.elementor-widget-image img{vertical-align:middle;display:inline-block}<\/style>\n<p>\t\t\t\t\t\t\t\t\t\t<img loading=\"lazy\" decoding=\"async\" width=\"640\" height=\"480\" src=\"https:\/\/esbozodeportivo.com\/wp-content\/uploads\/2024\/09\/actii-1024x768.jpg\" alt=\"\" srcset=\"https:\/\/esbozodeportivo.com\/wp-content\/uploads\/2024\/09\/actii-1024x768.jpg 1024w, https:\/\/esbozodeportivo.com\/wp-content\/uploads\/2024\/09\/actii-300x225.jpg 300w, https:\/\/esbozodeportivo.com\/wp-content\/uploads\/2024\/09\/actii-768x576.jpg 768w, https:\/\/esbozodeportivo.com\/wp-content\/uploads\/2024\/09\/actii.jpg 1280w\" sizes=\"auto, (max-width: 640px) 100vw, 640px\" \/>\t\t\t\t\t\t\t\t\t\t\t\t\t<\/p>\n<h3>(Foto: INDET)<\/h3>\n<p>Los estados de Chiapas y Michoac\u00e1n pasaron lista de presente con el Programa de Activaci\u00f3n F\u00edsica Laboral que lleva a cabo el Instituto del Deporte de los Trabajadores en todo el pa\u00eds, al organizar sus eventos masivos en los municipios de Tonal\u00e1 y Quer\u00e9ndaro, con la meta de mejorar las condiciones f\u00edsica y mental a trav\u00e9s del ejercicio.<\/p>\n<p>El Profesor Pablo Reyes Osorio, Secretario Ejecutivo del INDET, dio a conocer que otros estados como Oaxaca se sumar\u00e1n al Programa de Activaci\u00f3n F\u00edsica Laboral. \u201cNos hemos coordinado con los secretarios estatales para que los eventos, como el que se realizar\u00e1 en Oaxaca el 6 de septiembre, se lleve a cabo en las mejores condiciones\u201d, destac\u00f3.<\/p>\n<p>El Profesor Reyes Osorio dio a conocer que al recibir los reportes de Tonal\u00e1, Chiapas, por parte del Secretario Estatal, licenciado Carlos Miguel Morales Arjona, se tuvo la presencia de m\u00e1s de mil 200 trabajadores de diversas organizaciones sindicales y sus familias, as\u00ed como de p\u00fablico en general que se dio cita en el Estadio Ferrocarrilero, con rutinas acompa\u00f1adas de diversos ritmos musicales y dirigidas por el panel de activadores f\u00edsicos del INDET Chiapas.<\/p>\n<p>\t\t\t\t\t\t\t\t\t\t\t\t\t<img loading=\"lazy\" decoding=\"async\" width=\"589\" height=\"293\" src=\"https:\/\/esbozodeportivo.com\/wp-content\/uploads\/2024\/09\/chiapas.jpg\" alt=\"\" srcset=\"https:\/\/esbozodeportivo.com\/wp-content\/uploads\/2024\/09\/chiapas.jpg 589w, https:\/\/esbozodeportivo.com\/wp-content\/uploads\/2024\/09\/chiapas-300x149.jpg 300w\" sizes=\"auto, (max-width: 589px) 100vw, 589px\" \/>\t\t\t\t\t\t\t\t\t\t\t\t\t<\/p>\n<h3>(Foto: INDET)<\/h3>\n<p>De igual forma, en el municipio de Quer\u00e9ndaro se reunieron trabajadores y sus familias para participar en la Feria de Activaci\u00f3n F\u00edsica coordinada por la Secretaria Estatal, Griselda Montoya Garc\u00eda y el apoyo municipal.<\/p>\n<p>\u201cLa activaci\u00f3n f\u00edsica laboral tiene un papel muy importante en el Programa del INDET, es uno de sus ejes principales al movilizar en forma permanente a los trabajadores y sus familias con el respaldo de la Comisi\u00f3n Nacional de Cultura F\u00edsica y Deporte, al mejorar su estado de salud a trav\u00e9s del ejercicio y hoy Michoac\u00e1n y Chiapas se pusieron la playera de la activaci\u00f3n f\u00edsica\u201d, agreg\u00f3 el profesor Pablo Reyes.<\/p>\n<p>De esta manera, la pr\u00f3xima semana tocar\u00e1 el turno al estado de Oaxaca, que con fecha de 6 de septiembre, organizar\u00e1 su Feria de Activaci\u00f3n F\u00edsica Laboral.<\/p>\n<p>\u00a0<\/p>\n","protected":false},"excerpt":{"rendered":"<p>(Foto: INDET) Los estados de Chiapas y Michoac\u00e1n pasaron lista de presente con el Programa<\/p>\n","protected":false},"author":2,"featured_media":0,"comment_status":"open","ping_status":"open","sticky":false,"template":"","format":"standard","meta":{"_jetpack_memberships_contains_paid_content":false,"footnotes":""},"categories":[5],"tags":[],"class_list":["post-4315","post","type-post","status-publish","format-standard","hentry","category-amateur"],"yoast_head":"<!-- This site is optimized with the Yoast SEO plugin v25.7 - https:\/\/yoast.com\/wordpress\/plugins\/seo\/ -->\n<title>El INDET Chiapas activa a m\u00e1s de 1,200 trabajadores en el Estadio Ferrocarrilero - Esbozo Deportivo<\/title>\n<meta name=\"robots\" content=\"index, follow, max-snippet:-1, max-image-preview:large, max-video-preview:-1\" \/>\n<link rel=\"canonical\" href=\"https:\/\/esbozodeportivo.com\/index.php\/2024\/09\/03\/el-indet-chiapas-activa-a-mas-de-1200-trabajadores-en-el-estadio-ferrocarrilero\/\" \/>\n<meta property=\"og:locale\" content=\"es_MX\" \/>\n<meta property=\"og:type\" content=\"article\" \/>\n<meta property=\"og:title\" content=\"El INDET Chiapas activa a m\u00e1s de 1,200 trabajadores en el Estadio Ferrocarrilero - Esbozo Deportivo\" \/>\n<meta property=\"og:description\" content=\"(Foto: INDET) Los estados de Chiapas y Michoac\u00e1n pasaron lista de presente con el Programa\" \/>\n<meta property=\"og:url\" content=\"https:\/\/esbozodeportivo.com\/index.php\/2024\/09\/03\/el-indet-chiapas-activa-a-mas-de-1200-trabajadores-en-el-estadio-ferrocarrilero\/\" \/>\n<meta property=\"og:site_name\" content=\"Esbozo Deportivo\" \/>\n<meta property=\"article:published_time\" content=\"2024-09-03T01:39:43+00:00\" \/>\n<meta property=\"article:modified_time\" content=\"2024-09-03T01:43:16+00:00\" \/>\n<meta property=\"og:image\" content=\"https:\/\/esbozodeportivo.com\/wp-content\/uploads\/2024\/09\/actii-1024x768.jpg\" \/>\n<meta name=\"author\" content=\"Javier De La Cruz\" \/>\n<meta name=\"twitter:card\" content=\"summary_large_image\" \/>\n<meta name=\"twitter:label1\" content=\"Escrito por\" \/>\n\t<meta name=\"twitter:data1\" content=\"Javier De La Cruz\" \/>\n\t<meta name=\"twitter:label2\" content=\"Tiempo de lectura\" \/>\n\t<meta name=\"twitter:data2\" content=\"2 minutos\" \/>\n<script type=\"application\/ld+json\" class=\"yoast-schema-graph\">{\"@context\":\"https:\/\/schema.org\",\"@graph\":[{\"@type\":\"Article\",\"@id\":\"https:\/\/esbozodeportivo.com\/index.php\/2024\/09\/03\/el-indet-chiapas-activa-a-mas-de-1200-trabajadores-en-el-estadio-ferrocarrilero\/#article\",\"isPartOf\":{\"@id\":\"https:\/\/esbozodeportivo.com\/index.php\/2024\/09\/03\/el-indet-chiapas-activa-a-mas-de-1200-trabajadores-en-el-estadio-ferrocarrilero\/\"},\"author\":{\"name\":\"Javier De La Cruz\",\"@id\":\"https:\/\/esbozodeportivo.com\/#\/schema\/person\/7277119c98823aec37bbb84e125efd44\"},\"headline\":\"El INDET Chiapas activa a m\u00e1s de 1,200 trabajadores en el Estadio Ferrocarrilero\",\"datePublished\":\"2024-09-03T01:39:43+00:00\",\"dateModified\":\"2024-09-03T01:43:16+00:00\",\"mainEntityOfPage\":{\"@id\":\"https:\/\/esbozodeportivo.com\/index.php\/2024\/09\/03\/el-indet-chiapas-activa-a-mas-de-1200-trabajadores-en-el-estadio-ferrocarrilero\/\"},\"wordCount\":363,\"commentCount\":0,\"publisher\":{\"@id\":\"https:\/\/esbozodeportivo.com\/#organization\"},\"image\":{\"@id\":\"https:\/\/esbozodeportivo.com\/index.php\/2024\/09\/03\/el-indet-chiapas-activa-a-mas-de-1200-trabajadores-en-el-estadio-ferrocarrilero\/#primaryimage\"},\"thumbnailUrl\":\"https:\/\/esbozodeportivo.com\/wp-content\/uploads\/2024\/09\/actii-1024x768.jpg\",\"articleSection\":[\"Amateur\"],\"inLanguage\":\"es\",\"potentialAction\":[{\"@type\":\"CommentAction\",\"name\":\"Comment\",\"target\":[\"https:\/\/esbozodeportivo.com\/index.php\/2024\/09\/03\/el-indet-chiapas-activa-a-mas-de-1200-trabajadores-en-el-estadio-ferrocarrilero\/#respond\"]}]},{\"@type\":\"WebPage\",\"@id\":\"https:\/\/esbozodeportivo.com\/index.php\/2024\/09\/03\/el-indet-chiapas-activa-a-mas-de-1200-trabajadores-en-el-estadio-ferrocarrilero\/\",\"url\":\"https:\/\/esbozodeportivo.com\/index.php\/2024\/09\/03\/el-indet-chiapas-activa-a-mas-de-1200-trabajadores-en-el-estadio-ferrocarrilero\/\",\"name\":\"El INDET Chiapas activa a m\u00e1s de 1,200 trabajadores en el Estadio Ferrocarrilero - Esbozo Deportivo\",\"isPartOf\":{\"@id\":\"https:\/\/esbozodeportivo.com\/#website\"},\"primaryImageOfPage\":{\"@id\":\"https:\/\/esbozodeportivo.com\/index.php\/2024\/09\/03\/el-indet-chiapas-activa-a-mas-de-1200-trabajadores-en-el-estadio-ferrocarrilero\/#primaryimage\"},\"image\":{\"@id\":\"https:\/\/esbozodeportivo.com\/index.php\/2024\/09\/03\/el-indet-chiapas-activa-a-mas-de-1200-trabajadores-en-el-estadio-ferrocarrilero\/#primaryimage\"},\"thumbnailUrl\":\"https:\/\/esbozodeportivo.com\/wp-content\/uploads\/2024\/09\/actii-1024x768.jpg\",\"datePublished\":\"2024-09-03T01:39:43+00:00\",\"dateModified\":\"2024-09-03T01:43:16+00:00\",\"breadcrumb\":{\"@id\":\"https:\/\/esbozodeportivo.com\/index.php\/2024\/09\/03\/el-indet-chiapas-activa-a-mas-de-1200-trabajadores-en-el-estadio-ferrocarrilero\/#breadcrumb\"},\"inLanguage\":\"es\",\"potentialAction\":[{\"@type\":\"ReadAction\",\"target\":[\"https:\/\/esbozodeportivo.com\/index.php\/2024\/09\/03\/el-indet-chiapas-activa-a-mas-de-1200-trabajadores-en-el-estadio-ferrocarrilero\/\"]}]},{\"@type\":\"ImageObject\",\"inLanguage\":\"es\",\"@id\":\"https:\/\/esbozodeportivo.com\/index.php\/2024\/09\/03\/el-indet-chiapas-activa-a-mas-de-1200-trabajadores-en-el-estadio-ferrocarrilero\/#primaryimage\",\"url\":\"https:\/\/esbozodeportivo.com\/wp-content\/uploads\/2024\/09\/actii.jpg\",\"contentUrl\":\"https:\/\/esbozodeportivo.com\/wp-content\/uploads\/2024\/09\/actii.jpg\",\"width\":1280,\"height\":960},{\"@type\":\"BreadcrumbList\",\"@id\":\"https:\/\/esbozodeportivo.com\/index.php\/2024\/09\/03\/el-indet-chiapas-activa-a-mas-de-1200-trabajadores-en-el-estadio-ferrocarrilero\/#breadcrumb\",\"itemListElement\":[{\"@type\":\"ListItem\",\"position\":1,\"name\":\"Inicio\",\"item\":\"https:\/\/esbozodeportivo.com\/\"},{\"@type\":\"ListItem\",\"position\":2,\"name\":\"El INDET Chiapas activa a m\u00e1s de 1,200 trabajadores en el Estadio Ferrocarrilero\"}]},{\"@type\":\"WebSite\",\"@id\":\"https:\/\/esbozodeportivo.com\/#website\",\"url\":\"https:\/\/esbozodeportivo.com\/\",\"name\":\"Esbozo Deportivo\",\"description\":\"Lo m\u00e1s importante del Deporte\",\"publisher\":{\"@id\":\"https:\/\/esbozodeportivo.com\/#organization\"},\"potentialAction\":[{\"@type\":\"SearchAction\",\"target\":{\"@type\":\"EntryPoint\",\"urlTemplate\":\"https:\/\/esbozodeportivo.com\/?s={search_term_string}\"},\"query-input\":{\"@type\":\"PropertyValueSpecification\",\"valueRequired\":true,\"valueName\":\"search_term_string\"}}],\"inLanguage\":\"es\"},{\"@type\":\"Organization\",\"@id\":\"https:\/\/esbozodeportivo.com\/#organization\",\"name\":\"Esbozo Deportivo\",\"url\":\"https:\/\/esbozodeportivo.com\/\",\"logo\":{\"@type\":\"ImageObject\",\"inLanguage\":\"es\",\"@id\":\"https:\/\/esbozodeportivo.com\/#\/schema\/logo\/image\/\",\"url\":\"https:\/\/esbozodeportivo.com\/wp-content\/uploads\/2022\/08\/cropped-Logo-Esbozo-Web-2.png\",\"contentUrl\":\"https:\/\/esbozodeportivo.com\/wp-content\/uploads\/2022\/08\/cropped-Logo-Esbozo-Web-2.png\",\"width\":180,\"height\":50,\"caption\":\"Esbozo Deportivo\"},\"image\":{\"@id\":\"https:\/\/esbozodeportivo.com\/#\/schema\/logo\/image\/\"}},{\"@type\":\"Person\",\"@id\":\"https:\/\/esbozodeportivo.com\/#\/schema\/person\/7277119c98823aec37bbb84e125efd44\",\"name\":\"Javier De La Cruz\",\"image\":{\"@type\":\"ImageObject\",\"inLanguage\":\"es\",\"@id\":\"https:\/\/esbozodeportivo.com\/#\/schema\/person\/image\/\",\"url\":\"https:\/\/secure.gravatar.com\/avatar\/366235a56d20f1a6e8e3d0b295897639357bea880470ddf261d17bb0bc052eb1?s=96&d=mm&r=g\",\"contentUrl\":\"https:\/\/secure.gravatar.com\/avatar\/366235a56d20f1a6e8e3d0b295897639357bea880470ddf261d17bb0bc052eb1?s=96&d=mm&r=g\",\"caption\":\"Javier De La Cruz\"},\"url\":\"https:\/\/esbozodeportivo.com\/index.php\/author\/javier-de-la-cruz-de-la-cruz\/\"}]}<\/script>\n<!-- \/ Yoast SEO plugin. -->","yoast_head_json":{"title":"El INDET Chiapas activa a m\u00e1s de 1,200 trabajadores en el Estadio Ferrocarrilero - Esbozo Deportivo","robots":{"index":"index","follow":"follow","max-snippet":"max-snippet:-1","max-image-preview":"max-image-preview:large","max-video-preview":"max-video-preview:-1"},"canonical":"https:\/\/esbozodeportivo.com\/index.php\/2024\/09\/03\/el-indet-chiapas-activa-a-mas-de-1200-trabajadores-en-el-estadio-ferrocarrilero\/","og_locale":"es_MX","og_type":"article","og_title":"El INDET Chiapas activa a m\u00e1s de 1,200 trabajadores en el Estadio Ferrocarrilero - Esbozo Deportivo","og_description":"(Foto: INDET) Los estados de Chiapas y Michoac\u00e1n pasaron lista de presente con el Programa","og_url":"https:\/\/esbozodeportivo.com\/index.php\/2024\/09\/03\/el-indet-chiapas-activa-a-mas-de-1200-trabajadores-en-el-estadio-ferrocarrilero\/","og_site_name":"Esbozo Deportivo","article_published_time":"2024-09-03T01:39:43+00:00","article_modified_time":"2024-09-03T01:43:16+00:00","og_image":[{"url":"https:\/\/esbozodeportivo.com\/wp-content\/uploads\/2024\/09\/actii-1024x768.jpg","type":"","width":"","height":""}],"author":"Javier De La Cruz","twitter_card":"summary_large_image","twitter_misc":{"Escrito por":"Javier De La Cruz","Tiempo de lectura":"2 minutos"},"schema":{"@context":"https:\/\/schema.org","@graph":[{"@type":"Article","@id":"https:\/\/esbozodeportivo.com\/index.php\/2024\/09\/03\/el-indet-chiapas-activa-a-mas-de-1200-trabajadores-en-el-estadio-ferrocarrilero\/#article","isPartOf":{"@id":"https:\/\/esbozodeportivo.com\/index.php\/2024\/09\/03\/el-indet-chiapas-activa-a-mas-de-1200-trabajadores-en-el-estadio-ferrocarrilero\/"},"author":{"name":"Javier De La Cruz","@id":"https:\/\/esbozodeportivo.com\/#\/schema\/person\/7277119c98823aec37bbb84e125efd44"},"headline":"El INDET Chiapas activa a m\u00e1s de 1,200 trabajadores en el Estadio Ferrocarrilero","datePublished":"2024-09-03T01:39:43+00:00","dateModified":"2024-09-03T01:43:16+00:00","mainEntityOfPage":{"@id":"https:\/\/esbozodeportivo.com\/index.php\/2024\/09\/03\/el-indet-chiapas-activa-a-mas-de-1200-trabajadores-en-el-estadio-ferrocarrilero\/"},"wordCount":363,"commentCount":0,"publisher":{"@id":"https:\/\/esbozodeportivo.com\/#organization"},"image":{"@id":"https:\/\/esbozodeportivo.com\/index.php\/2024\/09\/03\/el-indet-chiapas-activa-a-mas-de-1200-trabajadores-en-el-estadio-ferrocarrilero\/#primaryimage"},"thumbnailUrl":"https:\/\/esbozodeportivo.com\/wp-content\/uploads\/2024\/09\/actii-1024x768.jpg","articleSection":["Amateur"],"inLanguage":"es","potentialAction":[{"@type":"CommentAction","name":"Comment","target":["https:\/\/esbozodeportivo.com\/index.php\/2024\/09\/03\/el-indet-chiapas-activa-a-mas-de-1200-trabajadores-en-el-estadio-ferrocarrilero\/#respond"]}]},{"@type":"WebPage","@id":"https:\/\/esbozodeportivo.com\/index.php\/2024\/09\/03\/el-indet-chiapas-activa-a-mas-de-1200-trabajadores-en-el-estadio-ferrocarrilero\/","url":"https:\/\/esbozodeportivo.com\/index.php\/2024\/09\/03\/el-indet-chiapas-activa-a-mas-de-1200-trabajadores-en-el-estadio-ferrocarrilero\/","name":"El INDET Chiapas activa a m\u00e1s de 1,200 trabajadores en el Estadio Ferrocarrilero - Esbozo Deportivo","isPartOf":{"@id":"https:\/\/esbozodeportivo.com\/#website"},"primaryImageOfPage":{"@id":"https:\/\/esbozodeportivo.com\/index.php\/2024\/09\/03\/el-indet-chiapas-activa-a-mas-de-1200-trabajadores-en-el-estadio-ferrocarrilero\/#primaryimage"},"image":{"@id":"https:\/\/esbozodeportivo.com\/index.php\/2024\/09\/03\/el-indet-chiapas-activa-a-mas-de-1200-trabajadores-en-el-estadio-ferrocarrilero\/#primaryimage"},"thumbnailUrl":"https:\/\/esbozodeportivo.com\/wp-content\/uploads\/2024\/09\/actii-1024x768.jpg","datePublished":"2024-09-03T01:39:43+00:00","dateModified":"2024-09-03T01:43:16+00:00","breadcrumb":{"@id":"https:\/\/esbozodeportivo.com\/index.php\/2024\/09\/03\/el-indet-chiapas-activa-a-mas-de-1200-trabajadores-en-el-estadio-ferrocarrilero\/#breadcrumb"},"inLanguage":"es","potentialAction":[{"@type":"ReadAction","target":["https:\/\/esbozodeportivo.com\/index.php\/2024\/09\/03\/el-indet-chiapas-activa-a-mas-de-1200-trabajadores-en-el-estadio-ferrocarrilero\/"]}]},{"@type":"ImageObject","inLanguage":"es","@id":"https:\/\/esbozodeportivo.com\/index.php\/2024\/09\/03\/el-indet-chiapas-activa-a-mas-de-1200-trabajadores-en-el-estadio-ferrocarrilero\/#primaryimage","url":"https:\/\/esbozodeportivo.com\/wp-content\/uploads\/2024\/09\/actii.jpg","contentUrl":"https:\/\/esbozodeportivo.com\/wp-content\/uploads\/2024\/09\/actii.jpg","width":1280,"height":960},{"@type":"BreadcrumbList","@id":"https:\/\/esbozodeportivo.com\/index.php\/2024\/09\/03\/el-indet-chiapas-activa-a-mas-de-1200-trabajadores-en-el-estadio-ferrocarrilero\/#breadcrumb","itemListElement":[{"@type":"ListItem","position":1,"name":"Inicio","item":"https:\/\/esbozodeportivo.com\/"},{"@type":"ListItem","position":2,"name":"El INDET Chiapas activa a m\u00e1s de 1,200 trabajadores en el Estadio Ferrocarrilero"}]},{"@type":"WebSite","@id":"https:\/\/esbozodeportivo.com\/#website","url":"https:\/\/esbozodeportivo.com\/","name":"Esbozo Deportivo","description":"Lo m\u00e1s importante del Deporte","publisher":{"@id":"https:\/\/esbozodeportivo.com\/#organization"},"potentialAction":[{"@type":"SearchAction","target":{"@type":"EntryPoint","urlTemplate":"https:\/\/esbozodeportivo.com\/?s={search_term_string}"},"query-input":{"@type":"PropertyValueSpecification","valueRequired":true,"valueName":"search_term_string"}}],"inLanguage":"es"},{"@type":"Organization","@id":"https:\/\/esbozodeportivo.com\/#organization","name":"Esbozo Deportivo","url":"https:\/\/esbozodeportivo.com\/","logo":{"@type":"ImageObject","inLanguage":"es","@id":"https:\/\/esbozodeportivo.com\/#\/schema\/logo\/image\/","url":"https:\/\/esbozodeportivo.com\/wp-content\/uploads\/2022\/08\/cropped-Logo-Esbozo-Web-2.png","contentUrl":"https:\/\/esbozodeportivo.com\/wp-content\/uploads\/2022\/08\/cropped-Logo-Esbozo-Web-2.png","width":180,"height":50,"caption":"Esbozo Deportivo"},"image":{"@id":"https:\/\/esbozodeportivo.com\/#\/schema\/logo\/image\/"}},{"@type":"Person","@id":"https:\/\/esbozodeportivo.com\/#\/schema\/person\/7277119c98823aec37bbb84e125efd44","name":"Javier De La Cruz","image":{"@type":"ImageObject","inLanguage":"es","@id":"https:\/\/esbozodeportivo.com\/#\/schema\/person\/image\/","url":"https:\/\/secure.gravatar.com\/avatar\/366235a56d20f1a6e8e3d0b295897639357bea880470ddf261d17bb0bc052eb1?s=96&d=mm&r=g","contentUrl":"https:\/\/secure.gravatar.com\/avatar\/366235a56d20f1a6e8e3d0b295897639357bea880470ddf261d17bb0bc052eb1?s=96&d=mm&r=g","caption":"Javier De La Cruz"},"url":"https:\/\/esbozodeportivo.com\/index.php\/author\/javier-de-la-cruz-de-la-cruz\/"}]}},"jetpack_featured_media_url":"","jetpack_sharing_enabled":true,"_links":{"self":[{"href":"https:\/\/esbozodeportivo.com\/index.php\/wp-json\/wp\/v2\/posts\/4315","targetHints":{"allow":["GET"]}}],"collection":[{"href":"https:\/\/esbozodeportivo.com\/index.php\/wp-json\/wp\/v2\/posts"}],"about":[{"href":"https:\/\/esbozodeportivo.com\/index.php\/wp-json\/wp\/v2\/types\/post"}],"author":[{"embeddable":true,"href":"https:\/\/esbozodeportivo.com\/index.php\/wp-json\/wp\/v2\/users\/2"}],"replies":[{"embeddable":true,"href":"https:\/\/esbozodeportivo.com\/index.php\/wp-json\/wp\/v2\/comments?post=4315"}],"version-history":[{"count":4,"href":"https:\/\/esbozodeportivo.com\/index.php\/wp-json\/wp\/v2\/posts\/4315\/revisions"}],"predecessor-version":[{"id":4321,"href":"https:\/\/esbozodeportivo.com\/index.php\/wp-json\/wp\/v2\/posts\/4315\/revisions\/4321"}],"wp:attachment":[{"href":"https:\/\/esbozodeportivo.com\/index.php\/wp-json\/wp\/v2\/media?parent=4315"}],"wp:term":[{"taxonomy":"category","embeddable":true,"href":"https:\/\/esbozodeportivo.com\/index.php\/wp-json\/wp\/v2\/categories?post=4315"},{"taxonomy":"post_tag","embeddable":true,"href":"https:\/\/esbozodeportivo.com\/index.php\/wp-json\/wp\/v2\/tags?post=4315"}],"curies":[{"name":"wp","href":"https:\/\/api.w.org\/{rel}","templated":true}]}}