{"id":4323,"date":"2024-09-07T04:44:40","date_gmt":"2024-09-07T04:44:40","guid":{"rendered":"https:\/\/esbozodeportivo.com\/?p=4323"},"modified":"2024-09-07T04:53:59","modified_gmt":"2024-09-07T04:53:59","slug":"los-bobcats-llegaran-en-el-2025-a-queretaro","status":"publish","type":"post","link":"https:\/\/esbozodeportivo.com\/index.php\/2024\/09\/07\/los-bobcats-llegaran-en-el-2025-a-queretaro\/","title":{"rendered":"Los Bobcats llegar\u00e1n en el 2025 a Quer\u00e9taro"},"content":{"rendered":"<style>\/*! elementor - v3.23.0 - 05-08-2024 *\/\n.elementor-widget-image{text-align:center}.elementor-widget-image a{display:inline-block}.elementor-widget-image a img[src$=\".svg\"]{width:48px}.elementor-widget-image img{vertical-align:middle;display:inline-block}<\/style>\n<p>\t\t\t\t\t\t\t\t\t\t<img loading=\"lazy\" decoding=\"async\" width=\"640\" height=\"359\" src=\"https:\/\/esbozodeportivo.com\/wp-content\/uploads\/2024\/09\/texas-3-1024x575.jpeg\" alt=\"\" srcset=\"https:\/\/esbozodeportivo.com\/wp-content\/uploads\/2024\/09\/texas-3-1024x575.jpeg 1024w, https:\/\/esbozodeportivo.com\/wp-content\/uploads\/2024\/09\/texas-3-300x168.jpeg 300w, https:\/\/esbozodeportivo.com\/wp-content\/uploads\/2024\/09\/texas-3-768x431.jpeg 768w, https:\/\/esbozodeportivo.com\/wp-content\/uploads\/2024\/09\/texas-3-1536x862.jpeg 1536w, https:\/\/esbozodeportivo.com\/wp-content\/uploads\/2024\/09\/texas-3.jpeg 1600w\" sizes=\"auto, (max-width: 640px) 100vw, 640px\" \/>\t\t\t\t\t\t\t\t\t\t\t\t\t<\/p>\n<p><strong>Texas State detonar\u00e1 el deporte nacional (Foto: esbozodeportivo.com)<\/strong><\/p>\n<p><strong>Por Adolfo Cort\u00e9s Villanueva<\/strong><\/p>\n<p>COLON, QUER\u00c9TARO. &#8211; Despu\u00e9s de inaugurar oficialmente sus instalaciones con un magno evento presidido por Kelly Damphousse, presidente de la universidad Texas State, y el gobernador Mauricio Kuri Gonz\u00e1lez es oficial que los Bobcats jugar\u00e1n en la Liga Mayor de la Onefa en el 2025.<\/p>\n<p>Antonio Tajonar, director atl\u00e9tico de la universidad texana, dio a conocer que el 17 del presente tendr\u00e1n su primer try out para comenzar a buscar a los mejores jugadores de nuestro pa\u00eds que tengan inter\u00e9s en estudiar y jugar para esta instituci\u00f3n.<\/p>\n<p>\u201cEste es el primer paso para armar un equipo competitivo que sea protagonista en la Liga Mayor y despu\u00e9s tendremos el nombramiento del head coach del equipo\u201d, asegur\u00f3 en rueda de prensa.<\/p>\n<p>Explico que los planes para detonar el deporte son ambiciosos y cuentan con el respaldo de las autoridades texanas para concretar dual-meets, cl\u00ednicas especializadas y juegos de scrimmages.<\/p>\n<p>\t\t\t\t\t\t\t\t\t\t\t\t\t<img loading=\"lazy\" decoding=\"async\" width=\"640\" height=\"359\" src=\"https:\/\/esbozodeportivo.com\/wp-content\/uploads\/2024\/09\/texas-2-1024x575.jpeg\" alt=\"\" srcset=\"https:\/\/esbozodeportivo.com\/wp-content\/uploads\/2024\/09\/texas-2-1024x575.jpeg 1024w, https:\/\/esbozodeportivo.com\/wp-content\/uploads\/2024\/09\/texas-2-300x168.jpeg 300w, https:\/\/esbozodeportivo.com\/wp-content\/uploads\/2024\/09\/texas-2-768x431.jpeg 768w, https:\/\/esbozodeportivo.com\/wp-content\/uploads\/2024\/09\/texas-2-1536x862.jpeg 1536w, https:\/\/esbozodeportivo.com\/wp-content\/uploads\/2024\/09\/texas-2.jpeg 1600w\" sizes=\"auto, (max-width: 640px) 100vw, 640px\" \/>\t\t\t\t\t\t\t\t\t\t\t\t\t<\/p>\n<p><strong>Inaugraci\u00f3n de la Universidad Texas State, campus Quer\u00e9taro (Foto: esbozodeportivo.com)<\/strong><\/p>\n<p>\u201cNo s\u00f3lo se va a impulsar el futbol americano sino otros deportes como el b\u00e9isbol, softbol, rugby y futbol soccer en una primera fase\u201d, agreg\u00f3.<\/p>\n<p>Texas State comparte su campus ubicado en las afueras del municipio de Col\u00f3n, con Arkansas State university cuyo equipo de futbol americano dirige Sergio Olvera, ex jugador de Redskins y de las Aguilas Blancas, quien es padre del doble medallista mexicano en Par\u00eds 2024 Osmar Olvera.<\/p>\n<p>\t\t\t\t\t\t\t\t\t\t\t\t\t<img loading=\"lazy\" decoding=\"async\" width=\"640\" height=\"359\" src=\"https:\/\/esbozodeportivo.com\/wp-content\/uploads\/2024\/09\/texas-1-1024x575.jpeg\" alt=\"\" srcset=\"https:\/\/esbozodeportivo.com\/wp-content\/uploads\/2024\/09\/texas-1-1024x575.jpeg 1024w, https:\/\/esbozodeportivo.com\/wp-content\/uploads\/2024\/09\/texas-1-300x168.jpeg 300w, https:\/\/esbozodeportivo.com\/wp-content\/uploads\/2024\/09\/texas-1-768x431.jpeg 768w, https:\/\/esbozodeportivo.com\/wp-content\/uploads\/2024\/09\/texas-1-1536x862.jpeg 1536w, https:\/\/esbozodeportivo.com\/wp-content\/uploads\/2024\/09\/texas-1.jpeg 1600w\" sizes=\"auto, (max-width: 640px) 100vw, 640px\" \/>\t\t\t\t\t\t\t\t\t\t\t\t\t<\/p>\n<p><strong>Antonio Tajonar, anunci\u00f3 la llegada de los Boucats (Foto: esbozodeportivo.com)\u00a0<\/strong><\/p>\n<p>S\u00ed, los vientos del cambio en la educaci\u00f3n privada de nuestro pa\u00eds soplan muy fuerte en Quer\u00e9taro donde muchos j\u00f3venes de nuestro pa\u00eds comienzan a llegar atra\u00eddos por la oferta de carreras que ofrecen las universidades estadunidenses que est\u00e1n ofreciendo becas por excelencia acad\u00e9mica y deportiva.<\/p>\n<p>El vicerrector de la universidad, Andre Possani, adelant\u00f3 que una universidad de Nueva York est\u00e1 interesada en tener su escuela en este campus que tiene una extensi\u00f3n de 40 mil hect\u00e1reas.<\/p>\n","protected":false},"excerpt":{"rendered":"<p>Texas State detonar\u00e1 el deporte nacional (Foto: esbozodeportivo.com) Por Adolfo Cort\u00e9s Villanueva COLON, QUER\u00c9TARO. &#8211;<\/p>\n","protected":false},"author":2,"featured_media":0,"comment_status":"open","ping_status":"open","sticky":false,"template":"","format":"standard","meta":{"_jetpack_memberships_contains_paid_content":false,"footnotes":""},"categories":[6],"tags":[],"class_list":["post-4323","post","type-post","status-publish","format-standard","hentry","category-nfl"],"yoast_head":"<!-- This site is optimized with the Yoast SEO plugin v25.7 - https:\/\/yoast.com\/wordpress\/plugins\/seo\/ -->\n<title>Los Bobcats llegar\u00e1n en el 2025 a Quer\u00e9taro - Esbozo Deportivo<\/title>\n<meta name=\"robots\" content=\"index, follow, max-snippet:-1, max-image-preview:large, max-video-preview:-1\" \/>\n<link rel=\"canonical\" href=\"https:\/\/esbozodeportivo.com\/index.php\/2024\/09\/07\/los-bobcats-llegaran-en-el-2025-a-queretaro\/\" \/>\n<meta property=\"og:locale\" content=\"es_MX\" \/>\n<meta property=\"og:type\" content=\"article\" \/>\n<meta property=\"og:title\" content=\"Los Bobcats llegar\u00e1n en el 2025 a Quer\u00e9taro - Esbozo Deportivo\" \/>\n<meta property=\"og:description\" content=\"Texas State detonar\u00e1 el deporte nacional (Foto: esbozodeportivo.com) Por Adolfo Cort\u00e9s Villanueva COLON, QUER\u00c9TARO. &#8211;\" \/>\n<meta property=\"og:url\" content=\"https:\/\/esbozodeportivo.com\/index.php\/2024\/09\/07\/los-bobcats-llegaran-en-el-2025-a-queretaro\/\" \/>\n<meta property=\"og:site_name\" content=\"Esbozo Deportivo\" \/>\n<meta property=\"article:published_time\" content=\"2024-09-07T04:44:40+00:00\" \/>\n<meta property=\"article:modified_time\" content=\"2024-09-07T04:53:59+00:00\" \/>\n<meta property=\"og:image\" content=\"https:\/\/esbozodeportivo.com\/wp-content\/uploads\/2024\/09\/texas-3-1024x575.jpeg\" \/>\n<meta name=\"author\" content=\"Javier De La Cruz\" \/>\n<meta name=\"twitter:card\" content=\"summary_large_image\" \/>\n<meta name=\"twitter:label1\" content=\"Escrito por\" \/>\n\t<meta name=\"twitter:data1\" content=\"Javier De La Cruz\" \/>\n\t<meta name=\"twitter:label2\" content=\"Tiempo de lectura\" \/>\n\t<meta name=\"twitter:data2\" content=\"2 minutos\" \/>\n<script type=\"application\/ld+json\" class=\"yoast-schema-graph\">{\"@context\":\"https:\/\/schema.org\",\"@graph\":[{\"@type\":\"Article\",\"@id\":\"https:\/\/esbozodeportivo.com\/index.php\/2024\/09\/07\/los-bobcats-llegaran-en-el-2025-a-queretaro\/#article\",\"isPartOf\":{\"@id\":\"https:\/\/esbozodeportivo.com\/index.php\/2024\/09\/07\/los-bobcats-llegaran-en-el-2025-a-queretaro\/\"},\"author\":{\"name\":\"Javier De La Cruz\",\"@id\":\"https:\/\/esbozodeportivo.com\/#\/schema\/person\/7277119c98823aec37bbb84e125efd44\"},\"headline\":\"Los Bobcats llegar\u00e1n en el 2025 a Quer\u00e9taro\",\"datePublished\":\"2024-09-07T04:44:40+00:00\",\"dateModified\":\"2024-09-07T04:53:59+00:00\",\"mainEntityOfPage\":{\"@id\":\"https:\/\/esbozodeportivo.com\/index.php\/2024\/09\/07\/los-bobcats-llegaran-en-el-2025-a-queretaro\/\"},\"wordCount\":363,\"commentCount\":0,\"publisher\":{\"@id\":\"https:\/\/esbozodeportivo.com\/#organization\"},\"image\":{\"@id\":\"https:\/\/esbozodeportivo.com\/index.php\/2024\/09\/07\/los-bobcats-llegaran-en-el-2025-a-queretaro\/#primaryimage\"},\"thumbnailUrl\":\"https:\/\/esbozodeportivo.com\/wp-content\/uploads\/2024\/09\/texas-3-1024x575.jpeg\",\"articleSection\":[\"NFL\"],\"inLanguage\":\"es\",\"potentialAction\":[{\"@type\":\"CommentAction\",\"name\":\"Comment\",\"target\":[\"https:\/\/esbozodeportivo.com\/index.php\/2024\/09\/07\/los-bobcats-llegaran-en-el-2025-a-queretaro\/#respond\"]}]},{\"@type\":\"WebPage\",\"@id\":\"https:\/\/esbozodeportivo.com\/index.php\/2024\/09\/07\/los-bobcats-llegaran-en-el-2025-a-queretaro\/\",\"url\":\"https:\/\/esbozodeportivo.com\/index.php\/2024\/09\/07\/los-bobcats-llegaran-en-el-2025-a-queretaro\/\",\"name\":\"Los Bobcats llegar\u00e1n en el 2025 a Quer\u00e9taro - Esbozo Deportivo\",\"isPartOf\":{\"@id\":\"https:\/\/esbozodeportivo.com\/#website\"},\"primaryImageOfPage\":{\"@id\":\"https:\/\/esbozodeportivo.com\/index.php\/2024\/09\/07\/los-bobcats-llegaran-en-el-2025-a-queretaro\/#primaryimage\"},\"image\":{\"@id\":\"https:\/\/esbozodeportivo.com\/index.php\/2024\/09\/07\/los-bobcats-llegaran-en-el-2025-a-queretaro\/#primaryimage\"},\"thumbnailUrl\":\"https:\/\/esbozodeportivo.com\/wp-content\/uploads\/2024\/09\/texas-3-1024x575.jpeg\",\"datePublished\":\"2024-09-07T04:44:40+00:00\",\"dateModified\":\"2024-09-07T04:53:59+00:00\",\"breadcrumb\":{\"@id\":\"https:\/\/esbozodeportivo.com\/index.php\/2024\/09\/07\/los-bobcats-llegaran-en-el-2025-a-queretaro\/#breadcrumb\"},\"inLanguage\":\"es\",\"potentialAction\":[{\"@type\":\"ReadAction\",\"target\":[\"https:\/\/esbozodeportivo.com\/index.php\/2024\/09\/07\/los-bobcats-llegaran-en-el-2025-a-queretaro\/\"]}]},{\"@type\":\"ImageObject\",\"inLanguage\":\"es\",\"@id\":\"https:\/\/esbozodeportivo.com\/index.php\/2024\/09\/07\/los-bobcats-llegaran-en-el-2025-a-queretaro\/#primaryimage\",\"url\":\"https:\/\/esbozodeportivo.com\/wp-content\/uploads\/2024\/09\/texas-3-1024x575.jpeg\",\"contentUrl\":\"https:\/\/esbozodeportivo.com\/wp-content\/uploads\/2024\/09\/texas-3-1024x575.jpeg\"},{\"@type\":\"BreadcrumbList\",\"@id\":\"https:\/\/esbozodeportivo.com\/index.php\/2024\/09\/07\/los-bobcats-llegaran-en-el-2025-a-queretaro\/#breadcrumb\",\"itemListElement\":[{\"@type\":\"ListItem\",\"position\":1,\"name\":\"Inicio\",\"item\":\"https:\/\/esbozodeportivo.com\/\"},{\"@type\":\"ListItem\",\"position\":2,\"name\":\"Los Bobcats llegar\u00e1n en el 2025 a Quer\u00e9taro\"}]},{\"@type\":\"WebSite\",\"@id\":\"https:\/\/esbozodeportivo.com\/#website\",\"url\":\"https:\/\/esbozodeportivo.com\/\",\"name\":\"Esbozo Deportivo\",\"description\":\"Lo m\u00e1s importante del Deporte\",\"publisher\":{\"@id\":\"https:\/\/esbozodeportivo.com\/#organization\"},\"potentialAction\":[{\"@type\":\"SearchAction\",\"target\":{\"@type\":\"EntryPoint\",\"urlTemplate\":\"https:\/\/esbozodeportivo.com\/?s={search_term_string}\"},\"query-input\":{\"@type\":\"PropertyValueSpecification\",\"valueRequired\":true,\"valueName\":\"search_term_string\"}}],\"inLanguage\":\"es\"},{\"@type\":\"Organization\",\"@id\":\"https:\/\/esbozodeportivo.com\/#organization\",\"name\":\"Esbozo Deportivo\",\"url\":\"https:\/\/esbozodeportivo.com\/\",\"logo\":{\"@type\":\"ImageObject\",\"inLanguage\":\"es\",\"@id\":\"https:\/\/esbozodeportivo.com\/#\/schema\/logo\/image\/\",\"url\":\"https:\/\/esbozodeportivo.com\/wp-content\/uploads\/2022\/08\/cropped-Logo-Esbozo-Web-2.png\",\"contentUrl\":\"https:\/\/esbozodeportivo.com\/wp-content\/uploads\/2022\/08\/cropped-Logo-Esbozo-Web-2.png\",\"width\":180,\"height\":50,\"caption\":\"Esbozo Deportivo\"},\"image\":{\"@id\":\"https:\/\/esbozodeportivo.com\/#\/schema\/logo\/image\/\"}},{\"@type\":\"Person\",\"@id\":\"https:\/\/esbozodeportivo.com\/#\/schema\/person\/7277119c98823aec37bbb84e125efd44\",\"name\":\"Javier De La Cruz\",\"image\":{\"@type\":\"ImageObject\",\"inLanguage\":\"es\",\"@id\":\"https:\/\/esbozodeportivo.com\/#\/schema\/person\/image\/\",\"url\":\"https:\/\/secure.gravatar.com\/avatar\/366235a56d20f1a6e8e3d0b295897639357bea880470ddf261d17bb0bc052eb1?s=96&d=mm&r=g\",\"contentUrl\":\"https:\/\/secure.gravatar.com\/avatar\/366235a56d20f1a6e8e3d0b295897639357bea880470ddf261d17bb0bc052eb1?s=96&d=mm&r=g\",\"caption\":\"Javier De La Cruz\"},\"url\":\"https:\/\/esbozodeportivo.com\/index.php\/author\/javier-de-la-cruz-de-la-cruz\/\"}]}<\/script>\n<!-- \/ Yoast SEO plugin. -->","yoast_head_json":{"title":"Los Bobcats llegar\u00e1n en el 2025 a Quer\u00e9taro - Esbozo Deportivo","robots":{"index":"index","follow":"follow","max-snippet":"max-snippet:-1","max-image-preview":"max-image-preview:large","max-video-preview":"max-video-preview:-1"},"canonical":"https:\/\/esbozodeportivo.com\/index.php\/2024\/09\/07\/los-bobcats-llegaran-en-el-2025-a-queretaro\/","og_locale":"es_MX","og_type":"article","og_title":"Los Bobcats llegar\u00e1n en el 2025 a Quer\u00e9taro - Esbozo Deportivo","og_description":"Texas State detonar\u00e1 el deporte nacional (Foto: esbozodeportivo.com) Por Adolfo Cort\u00e9s Villanueva COLON, QUER\u00c9TARO. &#8211;","og_url":"https:\/\/esbozodeportivo.com\/index.php\/2024\/09\/07\/los-bobcats-llegaran-en-el-2025-a-queretaro\/","og_site_name":"Esbozo Deportivo","article_published_time":"2024-09-07T04:44:40+00:00","article_modified_time":"2024-09-07T04:53:59+00:00","og_image":[{"url":"https:\/\/esbozodeportivo.com\/wp-content\/uploads\/2024\/09\/texas-3-1024x575.jpeg","type":"","width":"","height":""}],"author":"Javier De La Cruz","twitter_card":"summary_large_image","twitter_misc":{"Escrito por":"Javier De La Cruz","Tiempo de lectura":"2 minutos"},"schema":{"@context":"https:\/\/schema.org","@graph":[{"@type":"Article","@id":"https:\/\/esbozodeportivo.com\/index.php\/2024\/09\/07\/los-bobcats-llegaran-en-el-2025-a-queretaro\/#article","isPartOf":{"@id":"https:\/\/esbozodeportivo.com\/index.php\/2024\/09\/07\/los-bobcats-llegaran-en-el-2025-a-queretaro\/"},"author":{"name":"Javier De La Cruz","@id":"https:\/\/esbozodeportivo.com\/#\/schema\/person\/7277119c98823aec37bbb84e125efd44"},"headline":"Los Bobcats llegar\u00e1n en el 2025 a Quer\u00e9taro","datePublished":"2024-09-07T04:44:40+00:00","dateModified":"2024-09-07T04:53:59+00:00","mainEntityOfPage":{"@id":"https:\/\/esbozodeportivo.com\/index.php\/2024\/09\/07\/los-bobcats-llegaran-en-el-2025-a-queretaro\/"},"wordCount":363,"commentCount":0,"publisher":{"@id":"https:\/\/esbozodeportivo.com\/#organization"},"image":{"@id":"https:\/\/esbozodeportivo.com\/index.php\/2024\/09\/07\/los-bobcats-llegaran-en-el-2025-a-queretaro\/#primaryimage"},"thumbnailUrl":"https:\/\/esbozodeportivo.com\/wp-content\/uploads\/2024\/09\/texas-3-1024x575.jpeg","articleSection":["NFL"],"inLanguage":"es","potentialAction":[{"@type":"CommentAction","name":"Comment","target":["https:\/\/esbozodeportivo.com\/index.php\/2024\/09\/07\/los-bobcats-llegaran-en-el-2025-a-queretaro\/#respond"]}]},{"@type":"WebPage","@id":"https:\/\/esbozodeportivo.com\/index.php\/2024\/09\/07\/los-bobcats-llegaran-en-el-2025-a-queretaro\/","url":"https:\/\/esbozodeportivo.com\/index.php\/2024\/09\/07\/los-bobcats-llegaran-en-el-2025-a-queretaro\/","name":"Los Bobcats llegar\u00e1n en el 2025 a Quer\u00e9taro - Esbozo Deportivo","isPartOf":{"@id":"https:\/\/esbozodeportivo.com\/#website"},"primaryImageOfPage":{"@id":"https:\/\/esbozodeportivo.com\/index.php\/2024\/09\/07\/los-bobcats-llegaran-en-el-2025-a-queretaro\/#primaryimage"},"image":{"@id":"https:\/\/esbozodeportivo.com\/index.php\/2024\/09\/07\/los-bobcats-llegaran-en-el-2025-a-queretaro\/#primaryimage"},"thumbnailUrl":"https:\/\/esbozodeportivo.com\/wp-content\/uploads\/2024\/09\/texas-3-1024x575.jpeg","datePublished":"2024-09-07T04:44:40+00:00","dateModified":"2024-09-07T04:53:59+00:00","breadcrumb":{"@id":"https:\/\/esbozodeportivo.com\/index.php\/2024\/09\/07\/los-bobcats-llegaran-en-el-2025-a-queretaro\/#breadcrumb"},"inLanguage":"es","potentialAction":[{"@type":"ReadAction","target":["https:\/\/esbozodeportivo.com\/index.php\/2024\/09\/07\/los-bobcats-llegaran-en-el-2025-a-queretaro\/"]}]},{"@type":"ImageObject","inLanguage":"es","@id":"https:\/\/esbozodeportivo.com\/index.php\/2024\/09\/07\/los-bobcats-llegaran-en-el-2025-a-queretaro\/#primaryimage","url":"https:\/\/esbozodeportivo.com\/wp-content\/uploads\/2024\/09\/texas-3-1024x575.jpeg","contentUrl":"https:\/\/esbozodeportivo.com\/wp-content\/uploads\/2024\/09\/texas-3-1024x575.jpeg"},{"@type":"BreadcrumbList","@id":"https:\/\/esbozodeportivo.com\/index.php\/2024\/09\/07\/los-bobcats-llegaran-en-el-2025-a-queretaro\/#breadcrumb","itemListElement":[{"@type":"ListItem","position":1,"name":"Inicio","item":"https:\/\/esbozodeportivo.com\/"},{"@type":"ListItem","position":2,"name":"Los Bobcats llegar\u00e1n en el 2025 a Quer\u00e9taro"}]},{"@type":"WebSite","@id":"https:\/\/esbozodeportivo.com\/#website","url":"https:\/\/esbozodeportivo.com\/","name":"Esbozo Deportivo","description":"Lo m\u00e1s importante del Deporte","publisher":{"@id":"https:\/\/esbozodeportivo.com\/#organization"},"potentialAction":[{"@type":"SearchAction","target":{"@type":"EntryPoint","urlTemplate":"https:\/\/esbozodeportivo.com\/?s={search_term_string}"},"query-input":{"@type":"PropertyValueSpecification","valueRequired":true,"valueName":"search_term_string"}}],"inLanguage":"es"},{"@type":"Organization","@id":"https:\/\/esbozodeportivo.com\/#organization","name":"Esbozo Deportivo","url":"https:\/\/esbozodeportivo.com\/","logo":{"@type":"ImageObject","inLanguage":"es","@id":"https:\/\/esbozodeportivo.com\/#\/schema\/logo\/image\/","url":"https:\/\/esbozodeportivo.com\/wp-content\/uploads\/2022\/08\/cropped-Logo-Esbozo-Web-2.png","contentUrl":"https:\/\/esbozodeportivo.com\/wp-content\/uploads\/2022\/08\/cropped-Logo-Esbozo-Web-2.png","width":180,"height":50,"caption":"Esbozo Deportivo"},"image":{"@id":"https:\/\/esbozodeportivo.com\/#\/schema\/logo\/image\/"}},{"@type":"Person","@id":"https:\/\/esbozodeportivo.com\/#\/schema\/person\/7277119c98823aec37bbb84e125efd44","name":"Javier De La Cruz","image":{"@type":"ImageObject","inLanguage":"es","@id":"https:\/\/esbozodeportivo.com\/#\/schema\/person\/image\/","url":"https:\/\/secure.gravatar.com\/avatar\/366235a56d20f1a6e8e3d0b295897639357bea880470ddf261d17bb0bc052eb1?s=96&d=mm&r=g","contentUrl":"https:\/\/secure.gravatar.com\/avatar\/366235a56d20f1a6e8e3d0b295897639357bea880470ddf261d17bb0bc052eb1?s=96&d=mm&r=g","caption":"Javier De La Cruz"},"url":"https:\/\/esbozodeportivo.com\/index.php\/author\/javier-de-la-cruz-de-la-cruz\/"}]}},"jetpack_featured_media_url":"","jetpack_sharing_enabled":true,"_links":{"self":[{"href":"https:\/\/esbozodeportivo.com\/index.php\/wp-json\/wp\/v2\/posts\/4323","targetHints":{"allow":["GET"]}}],"collection":[{"href":"https:\/\/esbozodeportivo.com\/index.php\/wp-json\/wp\/v2\/posts"}],"about":[{"href":"https:\/\/esbozodeportivo.com\/index.php\/wp-json\/wp\/v2\/types\/post"}],"author":[{"embeddable":true,"href":"https:\/\/esbozodeportivo.com\/index.php\/wp-json\/wp\/v2\/users\/2"}],"replies":[{"embeddable":true,"href":"https:\/\/esbozodeportivo.com\/index.php\/wp-json\/wp\/v2\/comments?post=4323"}],"version-history":[{"count":4,"href":"https:\/\/esbozodeportivo.com\/index.php\/wp-json\/wp\/v2\/posts\/4323\/revisions"}],"predecessor-version":[{"id":4330,"href":"https:\/\/esbozodeportivo.com\/index.php\/wp-json\/wp\/v2\/posts\/4323\/revisions\/4330"}],"wp:attachment":[{"href":"https:\/\/esbozodeportivo.com\/index.php\/wp-json\/wp\/v2\/media?parent=4323"}],"wp:term":[{"taxonomy":"category","embeddable":true,"href":"https:\/\/esbozodeportivo.com\/index.php\/wp-json\/wp\/v2\/categories?post=4323"},{"taxonomy":"post_tag","embeddable":true,"href":"https:\/\/esbozodeportivo.com\/index.php\/wp-json\/wp\/v2\/tags?post=4323"}],"curies":[{"name":"wp","href":"https:\/\/api.w.org\/{rel}","templated":true}]}}