{"id":4332,"date":"2024-09-11T01:09:53","date_gmt":"2024-09-11T01:09:53","guid":{"rendered":"https:\/\/esbozodeportivo.com\/?p=4332"},"modified":"2024-09-11T01:13:45","modified_gmt":"2024-09-11T01:13:45","slug":"responde-oaxaca-con-mas-de-mil-participantes-en-la-activacion-fisica-laboral","status":"publish","type":"post","link":"https:\/\/esbozodeportivo.com\/index.php\/2024\/09\/11\/responde-oaxaca-con-mas-de-mil-participantes-en-la-activacion-fisica-laboral\/","title":{"rendered":"Responde Oaxaca con m\u00e1s de mil participantes en la Activaci\u00f3n F\u00edsica Laboral"},"content":{"rendered":"<p><img loading=\"lazy\" decoding=\"async\" width=\"640\" height=\"480\" src=\"https:\/\/esbozodeportivo.com\/wp-content\/uploads\/2024\/09\/acti3-1024x768.jpg\" alt=\"\" srcset=\"https:\/\/esbozodeportivo.com\/wp-content\/uploads\/2024\/09\/acti3-1024x768.jpg 1024w, https:\/\/esbozodeportivo.com\/wp-content\/uploads\/2024\/09\/acti3-300x225.jpg 300w, https:\/\/esbozodeportivo.com\/wp-content\/uploads\/2024\/09\/acti3-768x576.jpg 768w, https:\/\/esbozodeportivo.com\/wp-content\/uploads\/2024\/09\/acti3-1536x1152.jpg 1536w, https:\/\/esbozodeportivo.com\/wp-content\/uploads\/2024\/09\/acti3.jpg 1600w\" sizes=\"auto, (max-width: 640px) 100vw, 640px\" \/>\t\t\t\t\t\t\t\t\t\t\t\t\t<\/p>\n<h3>(Foto: INDET)<\/h3>\n<p>El estado de Oaxaca tuvo una gran respuesta en la Activaci\u00f3n F\u00edsica Laboral, el programa nacional que promueve el Instituto del Deporte de los Trabajadores en todo el pa\u00eds, al recibir a m\u00e1s mil participantes de diferentes empresas, organizaciones sindicales, familias y p\u00fablico en general en el estadio General Manuel Cabrera Carrasquedo.<\/p>\n<p>Con la organizaci\u00f3n del INDET de Oaxaca y la presencia del Profesor Pablo Reyes Osorio, Secretario Ejecutivo del Instituto del Deporte de los Trabajadores, el licenciado Luis Emir Armengol, Director de Activaci\u00f3n F\u00edsica de la CONADE; Pablo Cort\u00e9s Escobar, secretario estatal del organismo en Oaxaca y Arturo de Jes\u00fas Ch\u00e1vez, Director del Instituto del Deporte de Oaxaca, se llev\u00f3 a cabo la clase de Activaci\u00f3n F\u00edsica Laboral.<\/p>\n<p>En el marco de la ceremonia de inauguraci\u00f3n de la etapa estatal rumbo a los 52 Juegos Nacionales Deportivos y Recreativos de los Trabajadores, que se realizar\u00e1n en Oaxtepec, Morelos, en noviembre pr\u00f3ximo, se dieron cita participantes de organizaciones del STEUABJO, CTM, Secci\u00f3n 35 del SNTSA, STPIDCEO, STSCECyTEO, Sindicato 12 de Septiembre y Sindicato Independiente Municipio Oaxaca.<\/p>\n<p>\t\t\t\t\t\t\t\t\t\t\t\t\t<img loading=\"lazy\" decoding=\"async\" width=\"640\" height=\"853\" src=\"https:\/\/esbozodeportivo.com\/wp-content\/uploads\/2024\/09\/acti1-768x1024.jpg\" alt=\"\" srcset=\"https:\/\/esbozodeportivo.com\/wp-content\/uploads\/2024\/09\/acti1-768x1024.jpg 768w, https:\/\/esbozodeportivo.com\/wp-content\/uploads\/2024\/09\/acti1-225x300.jpg 225w, https:\/\/esbozodeportivo.com\/wp-content\/uploads\/2024\/09\/acti1-1152x1536.jpg 1152w, https:\/\/esbozodeportivo.com\/wp-content\/uploads\/2024\/09\/acti1-1024x1365.jpg 1024w, https:\/\/esbozodeportivo.com\/wp-content\/uploads\/2024\/09\/acti1.jpg 1200w\" sizes=\"auto, (max-width: 640px) 100vw, 640px\" \/>\t\t\t\t\t\t\t\t\t\t\t\t\t<\/p>\n<h3>(Foto: INDET)<\/h3>\n<p>El Profesor Pablo Reyes Osorio destac\u00f3 el respaldo de la CONADE y reconoci\u00f3 el gran desempe\u00f1o del INDET Estatal de Oaxaca \u201ctuvimos la presencia de quienes est\u00e1n involucrados en la promoci\u00f3n de la salud f\u00edsica y mental de los trabajadores y de organismos como el Instituto del Deporte de Oaxaca, y a una gran medallista como la karateca Xhunashi Caballero y activadora f\u00edsica de Oaxaca\u201d.<\/p>\n<p>Asimismo, el Profesor Pablo Reyes record\u00f3 que la Clase Masiva de Activaci\u00f3n F\u00edsica Laboral representa un paso importante en la salud de los trabajadores del pa\u00eds, de tal forma que se ha llevado al Estado de M\u00e9xico, Nuevo Le\u00f3n, Ciudad de M\u00e9xico, Michoac\u00e1n, Morelos, Tamaulipas y Chiapas, entre otras entidades.<\/p>\n<p>\u201cLa salud f\u00edsica y mental de nuestros trabajadores es una prioridad en el Programa Nacional del INDET con el apoyo de la Comisi\u00f3n Nacional de Cultura F\u00edsica y Deporte, y hoy se ha ratificado con la presencia de m\u00e1s de mil participantes en Oaxaca. Vamos a mantener este rumbo que ayuda a prevenir padecimientos como la diabetes\u201d, agreg\u00f3.<\/p>\n<p>\u00a0<\/p>\n<p>\t\t\t\t\t\t\t\t\t\t\t\t\t<img loading=\"lazy\" decoding=\"async\" width=\"640\" height=\"360\" src=\"https:\/\/esbozodeportivo.com\/wp-content\/uploads\/2024\/09\/acti4-1024x576.jpg\" alt=\"\" srcset=\"https:\/\/esbozodeportivo.com\/wp-content\/uploads\/2024\/09\/acti4-1024x576.jpg 1024w, https:\/\/esbozodeportivo.com\/wp-content\/uploads\/2024\/09\/acti4-300x169.jpg 300w, https:\/\/esbozodeportivo.com\/wp-content\/uploads\/2024\/09\/acti4-768x432.jpg 768w, https:\/\/esbozodeportivo.com\/wp-content\/uploads\/2024\/09\/acti4-1536x864.jpg 1536w, https:\/\/esbozodeportivo.com\/wp-content\/uploads\/2024\/09\/acti4.jpg 1599w\" sizes=\"auto, (max-width: 640px) 100vw, 640px\" \/>\t\t\t\t\t\t\t\t\t\t\t\t\t<\/p>\n<h3>(Foto: INDET)<\/h3>\n","protected":false},"excerpt":{"rendered":"<p>(Foto: INDET) El estado de Oaxaca tuvo una gran respuesta en la Activaci\u00f3n F\u00edsica Laboral,<\/p>\n","protected":false},"author":2,"featured_media":0,"comment_status":"open","ping_status":"open","sticky":false,"template":"","format":"standard","meta":{"_jetpack_memberships_contains_paid_content":false,"footnotes":""},"categories":[5],"tags":[],"class_list":["post-4332","post","type-post","status-publish","format-standard","hentry","category-amateur"],"yoast_head":"<!-- This site is optimized with the Yoast SEO plugin v25.7 - https:\/\/yoast.com\/wordpress\/plugins\/seo\/ -->\n<title>Responde Oaxaca con m\u00e1s de mil participantes en la Activaci\u00f3n F\u00edsica Laboral - Esbozo Deportivo<\/title>\n<meta name=\"robots\" content=\"index, follow, max-snippet:-1, max-image-preview:large, max-video-preview:-1\" \/>\n<link rel=\"canonical\" href=\"https:\/\/esbozodeportivo.com\/index.php\/2024\/09\/11\/responde-oaxaca-con-mas-de-mil-participantes-en-la-activacion-fisica-laboral\/\" \/>\n<meta property=\"og:locale\" content=\"es_MX\" \/>\n<meta property=\"og:type\" content=\"article\" \/>\n<meta property=\"og:title\" content=\"Responde Oaxaca con m\u00e1s de mil participantes en la Activaci\u00f3n F\u00edsica Laboral - Esbozo Deportivo\" \/>\n<meta property=\"og:description\" content=\"(Foto: INDET) El estado de Oaxaca tuvo una gran respuesta en la Activaci\u00f3n F\u00edsica Laboral,\" \/>\n<meta property=\"og:url\" content=\"https:\/\/esbozodeportivo.com\/index.php\/2024\/09\/11\/responde-oaxaca-con-mas-de-mil-participantes-en-la-activacion-fisica-laboral\/\" \/>\n<meta property=\"og:site_name\" content=\"Esbozo Deportivo\" \/>\n<meta property=\"article:published_time\" content=\"2024-09-11T01:09:53+00:00\" \/>\n<meta property=\"article:modified_time\" content=\"2024-09-11T01:13:45+00:00\" \/>\n<meta property=\"og:image\" content=\"https:\/\/esbozodeportivo.com\/wp-content\/uploads\/2024\/09\/acti3-1024x768.jpg\" \/>\n<meta name=\"author\" content=\"Javier De La Cruz\" \/>\n<meta name=\"twitter:card\" content=\"summary_large_image\" \/>\n<meta name=\"twitter:label1\" content=\"Escrito por\" \/>\n\t<meta name=\"twitter:data1\" content=\"Javier De La Cruz\" \/>\n\t<meta name=\"twitter:label2\" content=\"Tiempo de lectura\" \/>\n\t<meta name=\"twitter:data2\" content=\"2 minutos\" \/>\n<script type=\"application\/ld+json\" class=\"yoast-schema-graph\">{\"@context\":\"https:\/\/schema.org\",\"@graph\":[{\"@type\":\"Article\",\"@id\":\"https:\/\/esbozodeportivo.com\/index.php\/2024\/09\/11\/responde-oaxaca-con-mas-de-mil-participantes-en-la-activacion-fisica-laboral\/#article\",\"isPartOf\":{\"@id\":\"https:\/\/esbozodeportivo.com\/index.php\/2024\/09\/11\/responde-oaxaca-con-mas-de-mil-participantes-en-la-activacion-fisica-laboral\/\"},\"author\":{\"name\":\"Javier De La Cruz\",\"@id\":\"https:\/\/esbozodeportivo.com\/#\/schema\/person\/7277119c98823aec37bbb84e125efd44\"},\"headline\":\"Responde Oaxaca con m\u00e1s de mil participantes en la Activaci\u00f3n F\u00edsica Laboral\",\"datePublished\":\"2024-09-11T01:09:53+00:00\",\"dateModified\":\"2024-09-11T01:13:45+00:00\",\"mainEntityOfPage\":{\"@id\":\"https:\/\/esbozodeportivo.com\/index.php\/2024\/09\/11\/responde-oaxaca-con-mas-de-mil-participantes-en-la-activacion-fisica-laboral\/\"},\"wordCount\":400,\"commentCount\":0,\"publisher\":{\"@id\":\"https:\/\/esbozodeportivo.com\/#organization\"},\"image\":{\"@id\":\"https:\/\/esbozodeportivo.com\/index.php\/2024\/09\/11\/responde-oaxaca-con-mas-de-mil-participantes-en-la-activacion-fisica-laboral\/#primaryimage\"},\"thumbnailUrl\":\"https:\/\/esbozodeportivo.com\/wp-content\/uploads\/2024\/09\/acti3-1024x768.jpg\",\"articleSection\":[\"Amateur\"],\"inLanguage\":\"es\",\"potentialAction\":[{\"@type\":\"CommentAction\",\"name\":\"Comment\",\"target\":[\"https:\/\/esbozodeportivo.com\/index.php\/2024\/09\/11\/responde-oaxaca-con-mas-de-mil-participantes-en-la-activacion-fisica-laboral\/#respond\"]}]},{\"@type\":\"WebPage\",\"@id\":\"https:\/\/esbozodeportivo.com\/index.php\/2024\/09\/11\/responde-oaxaca-con-mas-de-mil-participantes-en-la-activacion-fisica-laboral\/\",\"url\":\"https:\/\/esbozodeportivo.com\/index.php\/2024\/09\/11\/responde-oaxaca-con-mas-de-mil-participantes-en-la-activacion-fisica-laboral\/\",\"name\":\"Responde Oaxaca con m\u00e1s de mil participantes en la Activaci\u00f3n F\u00edsica Laboral - Esbozo Deportivo\",\"isPartOf\":{\"@id\":\"https:\/\/esbozodeportivo.com\/#website\"},\"primaryImageOfPage\":{\"@id\":\"https:\/\/esbozodeportivo.com\/index.php\/2024\/09\/11\/responde-oaxaca-con-mas-de-mil-participantes-en-la-activacion-fisica-laboral\/#primaryimage\"},\"image\":{\"@id\":\"https:\/\/esbozodeportivo.com\/index.php\/2024\/09\/11\/responde-oaxaca-con-mas-de-mil-participantes-en-la-activacion-fisica-laboral\/#primaryimage\"},\"thumbnailUrl\":\"https:\/\/esbozodeportivo.com\/wp-content\/uploads\/2024\/09\/acti3-1024x768.jpg\",\"datePublished\":\"2024-09-11T01:09:53+00:00\",\"dateModified\":\"2024-09-11T01:13:45+00:00\",\"breadcrumb\":{\"@id\":\"https:\/\/esbozodeportivo.com\/index.php\/2024\/09\/11\/responde-oaxaca-con-mas-de-mil-participantes-en-la-activacion-fisica-laboral\/#breadcrumb\"},\"inLanguage\":\"es\",\"potentialAction\":[{\"@type\":\"ReadAction\",\"target\":[\"https:\/\/esbozodeportivo.com\/index.php\/2024\/09\/11\/responde-oaxaca-con-mas-de-mil-participantes-en-la-activacion-fisica-laboral\/\"]}]},{\"@type\":\"ImageObject\",\"inLanguage\":\"es\",\"@id\":\"https:\/\/esbozodeportivo.com\/index.php\/2024\/09\/11\/responde-oaxaca-con-mas-de-mil-participantes-en-la-activacion-fisica-laboral\/#primaryimage\",\"url\":\"https:\/\/esbozodeportivo.com\/wp-content\/uploads\/2024\/09\/acti3.jpg\",\"contentUrl\":\"https:\/\/esbozodeportivo.com\/wp-content\/uploads\/2024\/09\/acti3.jpg\",\"width\":1600,\"height\":1200},{\"@type\":\"BreadcrumbList\",\"@id\":\"https:\/\/esbozodeportivo.com\/index.php\/2024\/09\/11\/responde-oaxaca-con-mas-de-mil-participantes-en-la-activacion-fisica-laboral\/#breadcrumb\",\"itemListElement\":[{\"@type\":\"ListItem\",\"position\":1,\"name\":\"Inicio\",\"item\":\"https:\/\/esbozodeportivo.com\/\"},{\"@type\":\"ListItem\",\"position\":2,\"name\":\"Responde Oaxaca con m\u00e1s de mil participantes en la Activaci\u00f3n F\u00edsica Laboral\"}]},{\"@type\":\"WebSite\",\"@id\":\"https:\/\/esbozodeportivo.com\/#website\",\"url\":\"https:\/\/esbozodeportivo.com\/\",\"name\":\"Esbozo Deportivo\",\"description\":\"Lo m\u00e1s importante del Deporte\",\"publisher\":{\"@id\":\"https:\/\/esbozodeportivo.com\/#organization\"},\"potentialAction\":[{\"@type\":\"SearchAction\",\"target\":{\"@type\":\"EntryPoint\",\"urlTemplate\":\"https:\/\/esbozodeportivo.com\/?s={search_term_string}\"},\"query-input\":{\"@type\":\"PropertyValueSpecification\",\"valueRequired\":true,\"valueName\":\"search_term_string\"}}],\"inLanguage\":\"es\"},{\"@type\":\"Organization\",\"@id\":\"https:\/\/esbozodeportivo.com\/#organization\",\"name\":\"Esbozo Deportivo\",\"url\":\"https:\/\/esbozodeportivo.com\/\",\"logo\":{\"@type\":\"ImageObject\",\"inLanguage\":\"es\",\"@id\":\"https:\/\/esbozodeportivo.com\/#\/schema\/logo\/image\/\",\"url\":\"https:\/\/esbozodeportivo.com\/wp-content\/uploads\/2022\/08\/cropped-Logo-Esbozo-Web-2.png\",\"contentUrl\":\"https:\/\/esbozodeportivo.com\/wp-content\/uploads\/2022\/08\/cropped-Logo-Esbozo-Web-2.png\",\"width\":180,\"height\":50,\"caption\":\"Esbozo Deportivo\"},\"image\":{\"@id\":\"https:\/\/esbozodeportivo.com\/#\/schema\/logo\/image\/\"}},{\"@type\":\"Person\",\"@id\":\"https:\/\/esbozodeportivo.com\/#\/schema\/person\/7277119c98823aec37bbb84e125efd44\",\"name\":\"Javier De La Cruz\",\"image\":{\"@type\":\"ImageObject\",\"inLanguage\":\"es\",\"@id\":\"https:\/\/esbozodeportivo.com\/#\/schema\/person\/image\/\",\"url\":\"https:\/\/secure.gravatar.com\/avatar\/366235a56d20f1a6e8e3d0b295897639357bea880470ddf261d17bb0bc052eb1?s=96&d=mm&r=g\",\"contentUrl\":\"https:\/\/secure.gravatar.com\/avatar\/366235a56d20f1a6e8e3d0b295897639357bea880470ddf261d17bb0bc052eb1?s=96&d=mm&r=g\",\"caption\":\"Javier De La Cruz\"},\"url\":\"https:\/\/esbozodeportivo.com\/index.php\/author\/javier-de-la-cruz-de-la-cruz\/\"}]}<\/script>\n<!-- \/ Yoast SEO plugin. -->","yoast_head_json":{"title":"Responde Oaxaca con m\u00e1s de mil participantes en la Activaci\u00f3n F\u00edsica Laboral - Esbozo Deportivo","robots":{"index":"index","follow":"follow","max-snippet":"max-snippet:-1","max-image-preview":"max-image-preview:large","max-video-preview":"max-video-preview:-1"},"canonical":"https:\/\/esbozodeportivo.com\/index.php\/2024\/09\/11\/responde-oaxaca-con-mas-de-mil-participantes-en-la-activacion-fisica-laboral\/","og_locale":"es_MX","og_type":"article","og_title":"Responde Oaxaca con m\u00e1s de mil participantes en la Activaci\u00f3n F\u00edsica Laboral - Esbozo Deportivo","og_description":"(Foto: INDET) El estado de Oaxaca tuvo una gran respuesta en la Activaci\u00f3n F\u00edsica Laboral,","og_url":"https:\/\/esbozodeportivo.com\/index.php\/2024\/09\/11\/responde-oaxaca-con-mas-de-mil-participantes-en-la-activacion-fisica-laboral\/","og_site_name":"Esbozo Deportivo","article_published_time":"2024-09-11T01:09:53+00:00","article_modified_time":"2024-09-11T01:13:45+00:00","og_image":[{"url":"https:\/\/esbozodeportivo.com\/wp-content\/uploads\/2024\/09\/acti3-1024x768.jpg","type":"","width":"","height":""}],"author":"Javier De La Cruz","twitter_card":"summary_large_image","twitter_misc":{"Escrito por":"Javier De La Cruz","Tiempo de lectura":"2 minutos"},"schema":{"@context":"https:\/\/schema.org","@graph":[{"@type":"Article","@id":"https:\/\/esbozodeportivo.com\/index.php\/2024\/09\/11\/responde-oaxaca-con-mas-de-mil-participantes-en-la-activacion-fisica-laboral\/#article","isPartOf":{"@id":"https:\/\/esbozodeportivo.com\/index.php\/2024\/09\/11\/responde-oaxaca-con-mas-de-mil-participantes-en-la-activacion-fisica-laboral\/"},"author":{"name":"Javier De La Cruz","@id":"https:\/\/esbozodeportivo.com\/#\/schema\/person\/7277119c98823aec37bbb84e125efd44"},"headline":"Responde Oaxaca con m\u00e1s de mil participantes en la Activaci\u00f3n F\u00edsica Laboral","datePublished":"2024-09-11T01:09:53+00:00","dateModified":"2024-09-11T01:13:45+00:00","mainEntityOfPage":{"@id":"https:\/\/esbozodeportivo.com\/index.php\/2024\/09\/11\/responde-oaxaca-con-mas-de-mil-participantes-en-la-activacion-fisica-laboral\/"},"wordCount":400,"commentCount":0,"publisher":{"@id":"https:\/\/esbozodeportivo.com\/#organization"},"image":{"@id":"https:\/\/esbozodeportivo.com\/index.php\/2024\/09\/11\/responde-oaxaca-con-mas-de-mil-participantes-en-la-activacion-fisica-laboral\/#primaryimage"},"thumbnailUrl":"https:\/\/esbozodeportivo.com\/wp-content\/uploads\/2024\/09\/acti3-1024x768.jpg","articleSection":["Amateur"],"inLanguage":"es","potentialAction":[{"@type":"CommentAction","name":"Comment","target":["https:\/\/esbozodeportivo.com\/index.php\/2024\/09\/11\/responde-oaxaca-con-mas-de-mil-participantes-en-la-activacion-fisica-laboral\/#respond"]}]},{"@type":"WebPage","@id":"https:\/\/esbozodeportivo.com\/index.php\/2024\/09\/11\/responde-oaxaca-con-mas-de-mil-participantes-en-la-activacion-fisica-laboral\/","url":"https:\/\/esbozodeportivo.com\/index.php\/2024\/09\/11\/responde-oaxaca-con-mas-de-mil-participantes-en-la-activacion-fisica-laboral\/","name":"Responde Oaxaca con m\u00e1s de mil participantes en la Activaci\u00f3n F\u00edsica Laboral - Esbozo Deportivo","isPartOf":{"@id":"https:\/\/esbozodeportivo.com\/#website"},"primaryImageOfPage":{"@id":"https:\/\/esbozodeportivo.com\/index.php\/2024\/09\/11\/responde-oaxaca-con-mas-de-mil-participantes-en-la-activacion-fisica-laboral\/#primaryimage"},"image":{"@id":"https:\/\/esbozodeportivo.com\/index.php\/2024\/09\/11\/responde-oaxaca-con-mas-de-mil-participantes-en-la-activacion-fisica-laboral\/#primaryimage"},"thumbnailUrl":"https:\/\/esbozodeportivo.com\/wp-content\/uploads\/2024\/09\/acti3-1024x768.jpg","datePublished":"2024-09-11T01:09:53+00:00","dateModified":"2024-09-11T01:13:45+00:00","breadcrumb":{"@id":"https:\/\/esbozodeportivo.com\/index.php\/2024\/09\/11\/responde-oaxaca-con-mas-de-mil-participantes-en-la-activacion-fisica-laboral\/#breadcrumb"},"inLanguage":"es","potentialAction":[{"@type":"ReadAction","target":["https:\/\/esbozodeportivo.com\/index.php\/2024\/09\/11\/responde-oaxaca-con-mas-de-mil-participantes-en-la-activacion-fisica-laboral\/"]}]},{"@type":"ImageObject","inLanguage":"es","@id":"https:\/\/esbozodeportivo.com\/index.php\/2024\/09\/11\/responde-oaxaca-con-mas-de-mil-participantes-en-la-activacion-fisica-laboral\/#primaryimage","url":"https:\/\/esbozodeportivo.com\/wp-content\/uploads\/2024\/09\/acti3.jpg","contentUrl":"https:\/\/esbozodeportivo.com\/wp-content\/uploads\/2024\/09\/acti3.jpg","width":1600,"height":1200},{"@type":"BreadcrumbList","@id":"https:\/\/esbozodeportivo.com\/index.php\/2024\/09\/11\/responde-oaxaca-con-mas-de-mil-participantes-en-la-activacion-fisica-laboral\/#breadcrumb","itemListElement":[{"@type":"ListItem","position":1,"name":"Inicio","item":"https:\/\/esbozodeportivo.com\/"},{"@type":"ListItem","position":2,"name":"Responde Oaxaca con m\u00e1s de mil participantes en la Activaci\u00f3n F\u00edsica Laboral"}]},{"@type":"WebSite","@id":"https:\/\/esbozodeportivo.com\/#website","url":"https:\/\/esbozodeportivo.com\/","name":"Esbozo Deportivo","description":"Lo m\u00e1s importante del Deporte","publisher":{"@id":"https:\/\/esbozodeportivo.com\/#organization"},"potentialAction":[{"@type":"SearchAction","target":{"@type":"EntryPoint","urlTemplate":"https:\/\/esbozodeportivo.com\/?s={search_term_string}"},"query-input":{"@type":"PropertyValueSpecification","valueRequired":true,"valueName":"search_term_string"}}],"inLanguage":"es"},{"@type":"Organization","@id":"https:\/\/esbozodeportivo.com\/#organization","name":"Esbozo Deportivo","url":"https:\/\/esbozodeportivo.com\/","logo":{"@type":"ImageObject","inLanguage":"es","@id":"https:\/\/esbozodeportivo.com\/#\/schema\/logo\/image\/","url":"https:\/\/esbozodeportivo.com\/wp-content\/uploads\/2022\/08\/cropped-Logo-Esbozo-Web-2.png","contentUrl":"https:\/\/esbozodeportivo.com\/wp-content\/uploads\/2022\/08\/cropped-Logo-Esbozo-Web-2.png","width":180,"height":50,"caption":"Esbozo Deportivo"},"image":{"@id":"https:\/\/esbozodeportivo.com\/#\/schema\/logo\/image\/"}},{"@type":"Person","@id":"https:\/\/esbozodeportivo.com\/#\/schema\/person\/7277119c98823aec37bbb84e125efd44","name":"Javier De La Cruz","image":{"@type":"ImageObject","inLanguage":"es","@id":"https:\/\/esbozodeportivo.com\/#\/schema\/person\/image\/","url":"https:\/\/secure.gravatar.com\/avatar\/366235a56d20f1a6e8e3d0b295897639357bea880470ddf261d17bb0bc052eb1?s=96&d=mm&r=g","contentUrl":"https:\/\/secure.gravatar.com\/avatar\/366235a56d20f1a6e8e3d0b295897639357bea880470ddf261d17bb0bc052eb1?s=96&d=mm&r=g","caption":"Javier De La Cruz"},"url":"https:\/\/esbozodeportivo.com\/index.php\/author\/javier-de-la-cruz-de-la-cruz\/"}]}},"jetpack_featured_media_url":"","jetpack_sharing_enabled":true,"_links":{"self":[{"href":"https:\/\/esbozodeportivo.com\/index.php\/wp-json\/wp\/v2\/posts\/4332","targetHints":{"allow":["GET"]}}],"collection":[{"href":"https:\/\/esbozodeportivo.com\/index.php\/wp-json\/wp\/v2\/posts"}],"about":[{"href":"https:\/\/esbozodeportivo.com\/index.php\/wp-json\/wp\/v2\/types\/post"}],"author":[{"embeddable":true,"href":"https:\/\/esbozodeportivo.com\/index.php\/wp-json\/wp\/v2\/users\/2"}],"replies":[{"embeddable":true,"href":"https:\/\/esbozodeportivo.com\/index.php\/wp-json\/wp\/v2\/comments?post=4332"}],"version-history":[{"count":4,"href":"https:\/\/esbozodeportivo.com\/index.php\/wp-json\/wp\/v2\/posts\/4332\/revisions"}],"predecessor-version":[{"id":4340,"href":"https:\/\/esbozodeportivo.com\/index.php\/wp-json\/wp\/v2\/posts\/4332\/revisions\/4340"}],"wp:attachment":[{"href":"https:\/\/esbozodeportivo.com\/index.php\/wp-json\/wp\/v2\/media?parent=4332"}],"wp:term":[{"taxonomy":"category","embeddable":true,"href":"https:\/\/esbozodeportivo.com\/index.php\/wp-json\/wp\/v2\/categories?post=4332"},{"taxonomy":"post_tag","embeddable":true,"href":"https:\/\/esbozodeportivo.com\/index.php\/wp-json\/wp\/v2\/tags?post=4332"}],"curies":[{"name":"wp","href":"https:\/\/api.w.org\/{rel}","templated":true}]}}