{"id":4387,"date":"2024-09-19T20:42:00","date_gmt":"2024-09-19T20:42:00","guid":{"rendered":"https:\/\/esbozodeportivo.com\/?p=4387"},"modified":"2024-09-19T20:46:03","modified_gmt":"2024-09-19T20:46:03","slug":"elegante-martinez-y-oscar-gomez-al-grito-de-guerra-de-chiquita-gonzalez-boxing","status":"publish","type":"post","link":"https:\/\/esbozodeportivo.com\/index.php\/2024\/09\/19\/elegante-martinez-y-oscar-gomez-al-grito-de-guerra-de-chiquita-gonzalez-boxing\/","title":{"rendered":"\u00a0\u201cElegante\u201d Mart\u00ednez y Oscar G\u00f3mez al \u201cGrito de Guerra\u201d de Chiquita Gonz\u00e1lez Boxing"},"content":{"rendered":"<p><img loading=\"lazy\" decoding=\"async\" width=\"640\" height=\"800\" src=\"https:\/\/esbozodeportivo.com\/wp-content\/uploads\/2024\/09\/Box-819x1024.jpg\" alt=\"\" srcset=\"https:\/\/esbozodeportivo.com\/wp-content\/uploads\/2024\/09\/Box-819x1024.jpg 819w, https:\/\/esbozodeportivo.com\/wp-content\/uploads\/2024\/09\/Box-240x300.jpg 240w, https:\/\/esbozodeportivo.com\/wp-content\/uploads\/2024\/09\/Box-768x960.jpg 768w, https:\/\/esbozodeportivo.com\/wp-content\/uploads\/2024\/09\/Box.jpg 1024w\" sizes=\"auto, (max-width: 640px) 100vw, 640px\" \/>\t\t\t\t\t\t\t\t\t\t\t\t\t<\/p>\n<h3 style=\"line-height: 15.0pt; background: white;\">(Foto: Cortes\u00eda)<\/h3>\n<p>\u00a0Por <strong><em>Redacci\u00f3n <\/em><\/strong><\/p>\n<p>Juan \u201cElegante\u201d Mart\u00ednez tendr\u00e1 su segunda pelea del a\u00f1o el pr\u00f3ximo 27 de septiembre cuando enfrente a Oscar G\u00f3mez, en la pelea estelar de la funci\u00f3n <strong><em>#\u201cAl grito de guerra\u201d<\/em><\/strong> que presentar\u00e1 <strong><em>#Chiquita Gonz\u00e1lez Boxing<\/em><\/strong>.<\/p>\n<p>El Sal\u00f3n Marbet se vestir\u00e1 de gala para presentar una funci\u00f3n m\u00e1s del ahora promotor <strong><em>#Humberto \u201cChiquita\u201d Gonz\u00e1lez<\/em><\/strong>, la cual tendr\u00e1 muchas emociones y peleas que se esperan espectaculares y re\u00f1idas, mismas que ser\u00e1n transmitidas a todo el pa\u00eds por Hi Sports.<\/p>\n<p>El \u201cElegante\u201d Mart\u00ednez, quien es campe\u00f3n plata supergallo del CMB, enfrentar\u00e1 en una pelea a ocho rounds y sin t\u00edtulo en juego a Oscar G\u00f3mez. Juan llega a esta pelea con r\u00e9cord de 14-1, 8 por la v\u00eda del nocaut, mientras que su chiapaneco se presenta con registro de 8-8.<\/p>\n<p>\t\t\t\t\t\t\t\t\t\t\t\t\t<img loading=\"lazy\" decoding=\"async\" width=\"640\" height=\"439\" src=\"https:\/\/esbozodeportivo.com\/wp-content\/uploads\/2024\/09\/Box-2-1024x703.jpg\" alt=\"\" srcset=\"https:\/\/esbozodeportivo.com\/wp-content\/uploads\/2024\/09\/Box-2-1024x703.jpg 1024w, https:\/\/esbozodeportivo.com\/wp-content\/uploads\/2024\/09\/Box-2-300x206.jpg 300w, https:\/\/esbozodeportivo.com\/wp-content\/uploads\/2024\/09\/Box-2-768x527.jpg 768w, https:\/\/esbozodeportivo.com\/wp-content\/uploads\/2024\/09\/Box-2-1536x1054.jpg 1536w, https:\/\/esbozodeportivo.com\/wp-content\/uploads\/2024\/09\/Box-2.jpg 1600w\" sizes=\"auto, (max-width: 640px) 100vw, 640px\" \/>\t\t\t\t\t\t\t\t\t\t\t\t\t<\/p>\n<h3 style=\"line-height: 15.0pt; background: white;\">(Foto: Cortes\u00eda)<\/h3>\n<p>Gabriel \u201cNitch\u201d Jim\u00e9nez, por su parte, pondr\u00e1 en juego su paso invicto en el profesionalismo cuando enfrente a Jorge Batalla, en una pelea que ser\u00e1 a ocho asaltos en la divisi\u00f3n de peso superligero. El \u201cNitch\u201d tiene 10 triunfos, de los cuales se llev\u00f3 siete por nocaut, y enfrente estar\u00e1 un rival que presenta marca de 8-2, 5 por la v\u00eda r\u00e1pida.<\/p>\n<p>Por su parte, la ol\u00edmpica Esmeralda Falc\u00f3n dar\u00e1 el salto al boxeo profesional cuando enfrente a Karina Travieso (6-4-1), en una pelea a seis rounds en la divisi\u00f3n pluma. Ser\u00e1 la tercera pelea del a\u00f1o para Karina.<\/p>\n<p>Tambi\u00e9n volver\u00e1 al ring para su cuarta pelea profesional y del a\u00f1o el prospecto Jese \u00c1lvarez (2-0-1, 2 KOs), quien enfrentar\u00e1 a Erick Fuentes (2-4-1), en una pelea pactada a cuatro asaltos en la divisi\u00f3n minimosca.<\/p>\n<p>\u00a0<\/p>\n<p>\t\t\t\t\t\t\t\t\t\t\t\t\t<img loading=\"lazy\" decoding=\"async\" width=\"640\" height=\"449\" src=\"https:\/\/esbozodeportivo.com\/wp-content\/uploads\/2024\/09\/Box-1.jpge_-1024x719.jpg\" alt=\"\" srcset=\"https:\/\/esbozodeportivo.com\/wp-content\/uploads\/2024\/09\/Box-1.jpge_-1024x719.jpg 1024w, https:\/\/esbozodeportivo.com\/wp-content\/uploads\/2024\/09\/Box-1.jpge_-300x211.jpg 300w, https:\/\/esbozodeportivo.com\/wp-content\/uploads\/2024\/09\/Box-1.jpge_-768x540.jpg 768w, https:\/\/esbozodeportivo.com\/wp-content\/uploads\/2024\/09\/Box-1.jpge_-1536x1079.jpg 1536w, https:\/\/esbozodeportivo.com\/wp-content\/uploads\/2024\/09\/Box-1.jpge_.jpg 1600w\" sizes=\"auto, (max-width: 640px) 100vw, 640px\" \/>\t\t\t\t\t\t\t\t\t\t\t\t\t<\/p>\n<h3 style=\"line-height: 15.0pt; background: white;\">(Foto: Cortes\u00eda)<\/h3>\n<p>En una contienda que ser\u00e1 a seis asaltos en un peso de 71.500 kilos, Brandon Vel\u00e1zquez enfrentar\u00e1 a Francisco Ortega, mientras que Osmany Ruiz (1-1) se medir\u00e1 con Axel Mu\u00f1oz (1-0-1), a cuatro episodios, pero en peso ligero.<\/p>\n<p>Habr\u00e1 dos peleas m\u00e1s donde los invictos, el colombiano Mart\u00edn Higuita (6-0, 3 KOs) y Daniela Rivera (3-0, 3 KOs) pondr\u00e1n en juego esa condici\u00f3n ante rivales por confirmar, en pleitos en peso medio y welter, de manera respectiva.<\/p>\n","protected":false},"excerpt":{"rendered":"<p>(Foto: Cortes\u00eda) \u00a0Por Redacci\u00f3n Juan \u201cElegante\u201d Mart\u00ednez tendr\u00e1 su segunda pelea del a\u00f1o el pr\u00f3ximo<\/p>\n","protected":false},"author":2,"featured_media":0,"comment_status":"open","ping_status":"open","sticky":false,"template":"","format":"standard","meta":{"_jetpack_memberships_contains_paid_content":false,"footnotes":""},"categories":[9],"tags":[],"class_list":["post-4387","post","type-post","status-publish","format-standard","hentry","category-boxeo"],"yoast_head":"<!-- This site is optimized with the Yoast SEO plugin v25.7 - https:\/\/yoast.com\/wordpress\/plugins\/seo\/ -->\n<title>\u00a0\u201cElegante\u201d Mart\u00ednez y Oscar G\u00f3mez al \u201cGrito de Guerra\u201d de Chiquita Gonz\u00e1lez Boxing - Esbozo Deportivo<\/title>\n<meta name=\"robots\" content=\"index, follow, max-snippet:-1, max-image-preview:large, max-video-preview:-1\" \/>\n<link rel=\"canonical\" href=\"https:\/\/esbozodeportivo.com\/index.php\/2024\/09\/19\/elegante-martinez-y-oscar-gomez-al-grito-de-guerra-de-chiquita-gonzalez-boxing\/\" \/>\n<meta property=\"og:locale\" content=\"es_MX\" \/>\n<meta property=\"og:type\" content=\"article\" \/>\n<meta property=\"og:title\" content=\"\u00a0\u201cElegante\u201d Mart\u00ednez y Oscar G\u00f3mez al \u201cGrito de Guerra\u201d de Chiquita Gonz\u00e1lez Boxing - Esbozo Deportivo\" \/>\n<meta property=\"og:description\" content=\"(Foto: Cortes\u00eda) \u00a0Por Redacci\u00f3n Juan \u201cElegante\u201d Mart\u00ednez tendr\u00e1 su segunda pelea del a\u00f1o el pr\u00f3ximo\" \/>\n<meta property=\"og:url\" content=\"https:\/\/esbozodeportivo.com\/index.php\/2024\/09\/19\/elegante-martinez-y-oscar-gomez-al-grito-de-guerra-de-chiquita-gonzalez-boxing\/\" \/>\n<meta property=\"og:site_name\" content=\"Esbozo Deportivo\" \/>\n<meta property=\"article:published_time\" content=\"2024-09-19T20:42:00+00:00\" \/>\n<meta property=\"article:modified_time\" content=\"2024-09-19T20:46:03+00:00\" \/>\n<meta property=\"og:image\" content=\"https:\/\/esbozodeportivo.com\/wp-content\/uploads\/2024\/09\/Box-819x1024.jpg\" \/>\n<meta name=\"author\" content=\"Javier De La Cruz\" \/>\n<meta name=\"twitter:card\" content=\"summary_large_image\" \/>\n<meta name=\"twitter:label1\" content=\"Escrito por\" \/>\n\t<meta name=\"twitter:data1\" content=\"Javier De La Cruz\" \/>\n\t<meta name=\"twitter:label2\" content=\"Tiempo de lectura\" \/>\n\t<meta name=\"twitter:data2\" content=\"2 minutos\" \/>\n<script type=\"application\/ld+json\" class=\"yoast-schema-graph\">{\"@context\":\"https:\/\/schema.org\",\"@graph\":[{\"@type\":\"Article\",\"@id\":\"https:\/\/esbozodeportivo.com\/index.php\/2024\/09\/19\/elegante-martinez-y-oscar-gomez-al-grito-de-guerra-de-chiquita-gonzalez-boxing\/#article\",\"isPartOf\":{\"@id\":\"https:\/\/esbozodeportivo.com\/index.php\/2024\/09\/19\/elegante-martinez-y-oscar-gomez-al-grito-de-guerra-de-chiquita-gonzalez-boxing\/\"},\"author\":{\"name\":\"Javier De La Cruz\",\"@id\":\"https:\/\/esbozodeportivo.com\/#\/schema\/person\/7277119c98823aec37bbb84e125efd44\"},\"headline\":\"\u00a0\u201cElegante\u201d Mart\u00ednez y Oscar G\u00f3mez al \u201cGrito de Guerra\u201d de Chiquita Gonz\u00e1lez Boxing\",\"datePublished\":\"2024-09-19T20:42:00+00:00\",\"dateModified\":\"2024-09-19T20:46:03+00:00\",\"mainEntityOfPage\":{\"@id\":\"https:\/\/esbozodeportivo.com\/index.php\/2024\/09\/19\/elegante-martinez-y-oscar-gomez-al-grito-de-guerra-de-chiquita-gonzalez-boxing\/\"},\"wordCount\":399,\"commentCount\":0,\"publisher\":{\"@id\":\"https:\/\/esbozodeportivo.com\/#organization\"},\"image\":{\"@id\":\"https:\/\/esbozodeportivo.com\/index.php\/2024\/09\/19\/elegante-martinez-y-oscar-gomez-al-grito-de-guerra-de-chiquita-gonzalez-boxing\/#primaryimage\"},\"thumbnailUrl\":\"https:\/\/esbozodeportivo.com\/wp-content\/uploads\/2024\/09\/Box-819x1024.jpg\",\"articleSection\":[\"Boxeo\"],\"inLanguage\":\"es\",\"potentialAction\":[{\"@type\":\"CommentAction\",\"name\":\"Comment\",\"target\":[\"https:\/\/esbozodeportivo.com\/index.php\/2024\/09\/19\/elegante-martinez-y-oscar-gomez-al-grito-de-guerra-de-chiquita-gonzalez-boxing\/#respond\"]}]},{\"@type\":\"WebPage\",\"@id\":\"https:\/\/esbozodeportivo.com\/index.php\/2024\/09\/19\/elegante-martinez-y-oscar-gomez-al-grito-de-guerra-de-chiquita-gonzalez-boxing\/\",\"url\":\"https:\/\/esbozodeportivo.com\/index.php\/2024\/09\/19\/elegante-martinez-y-oscar-gomez-al-grito-de-guerra-de-chiquita-gonzalez-boxing\/\",\"name\":\"\u00a0\u201cElegante\u201d Mart\u00ednez y Oscar G\u00f3mez al \u201cGrito de Guerra\u201d de Chiquita Gonz\u00e1lez Boxing - Esbozo Deportivo\",\"isPartOf\":{\"@id\":\"https:\/\/esbozodeportivo.com\/#website\"},\"primaryImageOfPage\":{\"@id\":\"https:\/\/esbozodeportivo.com\/index.php\/2024\/09\/19\/elegante-martinez-y-oscar-gomez-al-grito-de-guerra-de-chiquita-gonzalez-boxing\/#primaryimage\"},\"image\":{\"@id\":\"https:\/\/esbozodeportivo.com\/index.php\/2024\/09\/19\/elegante-martinez-y-oscar-gomez-al-grito-de-guerra-de-chiquita-gonzalez-boxing\/#primaryimage\"},\"thumbnailUrl\":\"https:\/\/esbozodeportivo.com\/wp-content\/uploads\/2024\/09\/Box-819x1024.jpg\",\"datePublished\":\"2024-09-19T20:42:00+00:00\",\"dateModified\":\"2024-09-19T20:46:03+00:00\",\"breadcrumb\":{\"@id\":\"https:\/\/esbozodeportivo.com\/index.php\/2024\/09\/19\/elegante-martinez-y-oscar-gomez-al-grito-de-guerra-de-chiquita-gonzalez-boxing\/#breadcrumb\"},\"inLanguage\":\"es\",\"potentialAction\":[{\"@type\":\"ReadAction\",\"target\":[\"https:\/\/esbozodeportivo.com\/index.php\/2024\/09\/19\/elegante-martinez-y-oscar-gomez-al-grito-de-guerra-de-chiquita-gonzalez-boxing\/\"]}]},{\"@type\":\"ImageObject\",\"inLanguage\":\"es\",\"@id\":\"https:\/\/esbozodeportivo.com\/index.php\/2024\/09\/19\/elegante-martinez-y-oscar-gomez-al-grito-de-guerra-de-chiquita-gonzalez-boxing\/#primaryimage\",\"url\":\"https:\/\/esbozodeportivo.com\/wp-content\/uploads\/2024\/09\/Box.jpg\",\"contentUrl\":\"https:\/\/esbozodeportivo.com\/wp-content\/uploads\/2024\/09\/Box.jpg\",\"width\":1024,\"height\":1280},{\"@type\":\"BreadcrumbList\",\"@id\":\"https:\/\/esbozodeportivo.com\/index.php\/2024\/09\/19\/elegante-martinez-y-oscar-gomez-al-grito-de-guerra-de-chiquita-gonzalez-boxing\/#breadcrumb\",\"itemListElement\":[{\"@type\":\"ListItem\",\"position\":1,\"name\":\"Inicio\",\"item\":\"https:\/\/esbozodeportivo.com\/\"},{\"@type\":\"ListItem\",\"position\":2,\"name\":\"\u00a0\u201cElegante\u201d Mart\u00ednez y Oscar G\u00f3mez al \u201cGrito de Guerra\u201d de Chiquita Gonz\u00e1lez Boxing\"}]},{\"@type\":\"WebSite\",\"@id\":\"https:\/\/esbozodeportivo.com\/#website\",\"url\":\"https:\/\/esbozodeportivo.com\/\",\"name\":\"Esbozo Deportivo\",\"description\":\"Lo m\u00e1s importante del Deporte\",\"publisher\":{\"@id\":\"https:\/\/esbozodeportivo.com\/#organization\"},\"potentialAction\":[{\"@type\":\"SearchAction\",\"target\":{\"@type\":\"EntryPoint\",\"urlTemplate\":\"https:\/\/esbozodeportivo.com\/?s={search_term_string}\"},\"query-input\":{\"@type\":\"PropertyValueSpecification\",\"valueRequired\":true,\"valueName\":\"search_term_string\"}}],\"inLanguage\":\"es\"},{\"@type\":\"Organization\",\"@id\":\"https:\/\/esbozodeportivo.com\/#organization\",\"name\":\"Esbozo Deportivo\",\"url\":\"https:\/\/esbozodeportivo.com\/\",\"logo\":{\"@type\":\"ImageObject\",\"inLanguage\":\"es\",\"@id\":\"https:\/\/esbozodeportivo.com\/#\/schema\/logo\/image\/\",\"url\":\"https:\/\/esbozodeportivo.com\/wp-content\/uploads\/2022\/08\/cropped-Logo-Esbozo-Web-2.png\",\"contentUrl\":\"https:\/\/esbozodeportivo.com\/wp-content\/uploads\/2022\/08\/cropped-Logo-Esbozo-Web-2.png\",\"width\":180,\"height\":50,\"caption\":\"Esbozo Deportivo\"},\"image\":{\"@id\":\"https:\/\/esbozodeportivo.com\/#\/schema\/logo\/image\/\"}},{\"@type\":\"Person\",\"@id\":\"https:\/\/esbozodeportivo.com\/#\/schema\/person\/7277119c98823aec37bbb84e125efd44\",\"name\":\"Javier De La Cruz\",\"image\":{\"@type\":\"ImageObject\",\"inLanguage\":\"es\",\"@id\":\"https:\/\/esbozodeportivo.com\/#\/schema\/person\/image\/\",\"url\":\"https:\/\/secure.gravatar.com\/avatar\/366235a56d20f1a6e8e3d0b295897639357bea880470ddf261d17bb0bc052eb1?s=96&d=mm&r=g\",\"contentUrl\":\"https:\/\/secure.gravatar.com\/avatar\/366235a56d20f1a6e8e3d0b295897639357bea880470ddf261d17bb0bc052eb1?s=96&d=mm&r=g\",\"caption\":\"Javier De La Cruz\"},\"url\":\"https:\/\/esbozodeportivo.com\/index.php\/author\/javier-de-la-cruz-de-la-cruz\/\"}]}<\/script>\n<!-- \/ Yoast SEO plugin. -->","yoast_head_json":{"title":"\u00a0\u201cElegante\u201d Mart\u00ednez y Oscar G\u00f3mez al \u201cGrito de Guerra\u201d de Chiquita Gonz\u00e1lez Boxing - Esbozo Deportivo","robots":{"index":"index","follow":"follow","max-snippet":"max-snippet:-1","max-image-preview":"max-image-preview:large","max-video-preview":"max-video-preview:-1"},"canonical":"https:\/\/esbozodeportivo.com\/index.php\/2024\/09\/19\/elegante-martinez-y-oscar-gomez-al-grito-de-guerra-de-chiquita-gonzalez-boxing\/","og_locale":"es_MX","og_type":"article","og_title":"\u00a0\u201cElegante\u201d Mart\u00ednez y Oscar G\u00f3mez al \u201cGrito de Guerra\u201d de Chiquita Gonz\u00e1lez Boxing - Esbozo Deportivo","og_description":"(Foto: Cortes\u00eda) \u00a0Por Redacci\u00f3n Juan \u201cElegante\u201d Mart\u00ednez tendr\u00e1 su segunda pelea del a\u00f1o el pr\u00f3ximo","og_url":"https:\/\/esbozodeportivo.com\/index.php\/2024\/09\/19\/elegante-martinez-y-oscar-gomez-al-grito-de-guerra-de-chiquita-gonzalez-boxing\/","og_site_name":"Esbozo Deportivo","article_published_time":"2024-09-19T20:42:00+00:00","article_modified_time":"2024-09-19T20:46:03+00:00","og_image":[{"url":"https:\/\/esbozodeportivo.com\/wp-content\/uploads\/2024\/09\/Box-819x1024.jpg","type":"","width":"","height":""}],"author":"Javier De La Cruz","twitter_card":"summary_large_image","twitter_misc":{"Escrito por":"Javier De La Cruz","Tiempo de lectura":"2 minutos"},"schema":{"@context":"https:\/\/schema.org","@graph":[{"@type":"Article","@id":"https:\/\/esbozodeportivo.com\/index.php\/2024\/09\/19\/elegante-martinez-y-oscar-gomez-al-grito-de-guerra-de-chiquita-gonzalez-boxing\/#article","isPartOf":{"@id":"https:\/\/esbozodeportivo.com\/index.php\/2024\/09\/19\/elegante-martinez-y-oscar-gomez-al-grito-de-guerra-de-chiquita-gonzalez-boxing\/"},"author":{"name":"Javier De La Cruz","@id":"https:\/\/esbozodeportivo.com\/#\/schema\/person\/7277119c98823aec37bbb84e125efd44"},"headline":"\u00a0\u201cElegante\u201d Mart\u00ednez y Oscar G\u00f3mez al \u201cGrito de Guerra\u201d de Chiquita Gonz\u00e1lez Boxing","datePublished":"2024-09-19T20:42:00+00:00","dateModified":"2024-09-19T20:46:03+00:00","mainEntityOfPage":{"@id":"https:\/\/esbozodeportivo.com\/index.php\/2024\/09\/19\/elegante-martinez-y-oscar-gomez-al-grito-de-guerra-de-chiquita-gonzalez-boxing\/"},"wordCount":399,"commentCount":0,"publisher":{"@id":"https:\/\/esbozodeportivo.com\/#organization"},"image":{"@id":"https:\/\/esbozodeportivo.com\/index.php\/2024\/09\/19\/elegante-martinez-y-oscar-gomez-al-grito-de-guerra-de-chiquita-gonzalez-boxing\/#primaryimage"},"thumbnailUrl":"https:\/\/esbozodeportivo.com\/wp-content\/uploads\/2024\/09\/Box-819x1024.jpg","articleSection":["Boxeo"],"inLanguage":"es","potentialAction":[{"@type":"CommentAction","name":"Comment","target":["https:\/\/esbozodeportivo.com\/index.php\/2024\/09\/19\/elegante-martinez-y-oscar-gomez-al-grito-de-guerra-de-chiquita-gonzalez-boxing\/#respond"]}]},{"@type":"WebPage","@id":"https:\/\/esbozodeportivo.com\/index.php\/2024\/09\/19\/elegante-martinez-y-oscar-gomez-al-grito-de-guerra-de-chiquita-gonzalez-boxing\/","url":"https:\/\/esbozodeportivo.com\/index.php\/2024\/09\/19\/elegante-martinez-y-oscar-gomez-al-grito-de-guerra-de-chiquita-gonzalez-boxing\/","name":"\u00a0\u201cElegante\u201d Mart\u00ednez y Oscar G\u00f3mez al \u201cGrito de Guerra\u201d de Chiquita Gonz\u00e1lez Boxing - Esbozo Deportivo","isPartOf":{"@id":"https:\/\/esbozodeportivo.com\/#website"},"primaryImageOfPage":{"@id":"https:\/\/esbozodeportivo.com\/index.php\/2024\/09\/19\/elegante-martinez-y-oscar-gomez-al-grito-de-guerra-de-chiquita-gonzalez-boxing\/#primaryimage"},"image":{"@id":"https:\/\/esbozodeportivo.com\/index.php\/2024\/09\/19\/elegante-martinez-y-oscar-gomez-al-grito-de-guerra-de-chiquita-gonzalez-boxing\/#primaryimage"},"thumbnailUrl":"https:\/\/esbozodeportivo.com\/wp-content\/uploads\/2024\/09\/Box-819x1024.jpg","datePublished":"2024-09-19T20:42:00+00:00","dateModified":"2024-09-19T20:46:03+00:00","breadcrumb":{"@id":"https:\/\/esbozodeportivo.com\/index.php\/2024\/09\/19\/elegante-martinez-y-oscar-gomez-al-grito-de-guerra-de-chiquita-gonzalez-boxing\/#breadcrumb"},"inLanguage":"es","potentialAction":[{"@type":"ReadAction","target":["https:\/\/esbozodeportivo.com\/index.php\/2024\/09\/19\/elegante-martinez-y-oscar-gomez-al-grito-de-guerra-de-chiquita-gonzalez-boxing\/"]}]},{"@type":"ImageObject","inLanguage":"es","@id":"https:\/\/esbozodeportivo.com\/index.php\/2024\/09\/19\/elegante-martinez-y-oscar-gomez-al-grito-de-guerra-de-chiquita-gonzalez-boxing\/#primaryimage","url":"https:\/\/esbozodeportivo.com\/wp-content\/uploads\/2024\/09\/Box.jpg","contentUrl":"https:\/\/esbozodeportivo.com\/wp-content\/uploads\/2024\/09\/Box.jpg","width":1024,"height":1280},{"@type":"BreadcrumbList","@id":"https:\/\/esbozodeportivo.com\/index.php\/2024\/09\/19\/elegante-martinez-y-oscar-gomez-al-grito-de-guerra-de-chiquita-gonzalez-boxing\/#breadcrumb","itemListElement":[{"@type":"ListItem","position":1,"name":"Inicio","item":"https:\/\/esbozodeportivo.com\/"},{"@type":"ListItem","position":2,"name":"\u00a0\u201cElegante\u201d Mart\u00ednez y Oscar G\u00f3mez al \u201cGrito de Guerra\u201d de Chiquita Gonz\u00e1lez Boxing"}]},{"@type":"WebSite","@id":"https:\/\/esbozodeportivo.com\/#website","url":"https:\/\/esbozodeportivo.com\/","name":"Esbozo Deportivo","description":"Lo m\u00e1s importante del Deporte","publisher":{"@id":"https:\/\/esbozodeportivo.com\/#organization"},"potentialAction":[{"@type":"SearchAction","target":{"@type":"EntryPoint","urlTemplate":"https:\/\/esbozodeportivo.com\/?s={search_term_string}"},"query-input":{"@type":"PropertyValueSpecification","valueRequired":true,"valueName":"search_term_string"}}],"inLanguage":"es"},{"@type":"Organization","@id":"https:\/\/esbozodeportivo.com\/#organization","name":"Esbozo Deportivo","url":"https:\/\/esbozodeportivo.com\/","logo":{"@type":"ImageObject","inLanguage":"es","@id":"https:\/\/esbozodeportivo.com\/#\/schema\/logo\/image\/","url":"https:\/\/esbozodeportivo.com\/wp-content\/uploads\/2022\/08\/cropped-Logo-Esbozo-Web-2.png","contentUrl":"https:\/\/esbozodeportivo.com\/wp-content\/uploads\/2022\/08\/cropped-Logo-Esbozo-Web-2.png","width":180,"height":50,"caption":"Esbozo Deportivo"},"image":{"@id":"https:\/\/esbozodeportivo.com\/#\/schema\/logo\/image\/"}},{"@type":"Person","@id":"https:\/\/esbozodeportivo.com\/#\/schema\/person\/7277119c98823aec37bbb84e125efd44","name":"Javier De La Cruz","image":{"@type":"ImageObject","inLanguage":"es","@id":"https:\/\/esbozodeportivo.com\/#\/schema\/person\/image\/","url":"https:\/\/secure.gravatar.com\/avatar\/366235a56d20f1a6e8e3d0b295897639357bea880470ddf261d17bb0bc052eb1?s=96&d=mm&r=g","contentUrl":"https:\/\/secure.gravatar.com\/avatar\/366235a56d20f1a6e8e3d0b295897639357bea880470ddf261d17bb0bc052eb1?s=96&d=mm&r=g","caption":"Javier De La Cruz"},"url":"https:\/\/esbozodeportivo.com\/index.php\/author\/javier-de-la-cruz-de-la-cruz\/"}]}},"jetpack_featured_media_url":"","jetpack_sharing_enabled":true,"_links":{"self":[{"href":"https:\/\/esbozodeportivo.com\/index.php\/wp-json\/wp\/v2\/posts\/4387","targetHints":{"allow":["GET"]}}],"collection":[{"href":"https:\/\/esbozodeportivo.com\/index.php\/wp-json\/wp\/v2\/posts"}],"about":[{"href":"https:\/\/esbozodeportivo.com\/index.php\/wp-json\/wp\/v2\/types\/post"}],"author":[{"embeddable":true,"href":"https:\/\/esbozodeportivo.com\/index.php\/wp-json\/wp\/v2\/users\/2"}],"replies":[{"embeddable":true,"href":"https:\/\/esbozodeportivo.com\/index.php\/wp-json\/wp\/v2\/comments?post=4387"}],"version-history":[{"count":4,"href":"https:\/\/esbozodeportivo.com\/index.php\/wp-json\/wp\/v2\/posts\/4387\/revisions"}],"predecessor-version":[{"id":4394,"href":"https:\/\/esbozodeportivo.com\/index.php\/wp-json\/wp\/v2\/posts\/4387\/revisions\/4394"}],"wp:attachment":[{"href":"https:\/\/esbozodeportivo.com\/index.php\/wp-json\/wp\/v2\/media?parent=4387"}],"wp:term":[{"taxonomy":"category","embeddable":true,"href":"https:\/\/esbozodeportivo.com\/index.php\/wp-json\/wp\/v2\/categories?post=4387"},{"taxonomy":"post_tag","embeddable":true,"href":"https:\/\/esbozodeportivo.com\/index.php\/wp-json\/wp\/v2\/tags?post=4387"}],"curies":[{"name":"wp","href":"https:\/\/api.w.org\/{rel}","templated":true}]}}