{"id":4395,"date":"2024-09-19T20:57:09","date_gmt":"2024-09-19T20:57:09","guid":{"rendered":"https:\/\/esbozodeportivo.com\/?p=4395"},"modified":"2024-09-19T21:01:18","modified_gmt":"2024-09-19T21:01:18","slug":"se-reuniran-1500-participantes-en-la-carrera-de-los-trabajadores","status":"publish","type":"post","link":"https:\/\/esbozodeportivo.com\/index.php\/2024\/09\/19\/se-reuniran-1500-participantes-en-la-carrera-de-los-trabajadores\/","title":{"rendered":"Se reunir\u00e1n 1,500 participantes en la Carrera de los Trabajadores"},"content":{"rendered":"<p><img loading=\"lazy\" decoding=\"async\" width=\"640\" height=\"520\" src=\"https:\/\/esbozodeportivo.com\/wp-content\/uploads\/2024\/09\/399643220_1065098288262750_816959888307144656_n-1024x832.jpg\" alt=\"\" srcset=\"https:\/\/esbozodeportivo.com\/wp-content\/uploads\/2024\/09\/399643220_1065098288262750_816959888307144656_n-1024x832.jpg 1024w, https:\/\/esbozodeportivo.com\/wp-content\/uploads\/2024\/09\/399643220_1065098288262750_816959888307144656_n-300x244.jpg 300w, https:\/\/esbozodeportivo.com\/wp-content\/uploads\/2024\/09\/399643220_1065098288262750_816959888307144656_n-768x624.jpg 768w, https:\/\/esbozodeportivo.com\/wp-content\/uploads\/2024\/09\/399643220_1065098288262750_816959888307144656_n-1536x1248.jpg 1536w, https:\/\/esbozodeportivo.com\/wp-content\/uploads\/2024\/09\/399643220_1065098288262750_816959888307144656_n.jpg 1622w\" sizes=\"auto, (max-width: 640px) 100vw, 640px\" \/>\t\t\t\t\t\t\t\t\t\t\t\t\t<\/p>\n<h3>(Foto: INDET)<\/h3>\n<ul>\n<li><strong><em>El 21 de septiembre en Oaxtepec, Morelos <\/em><\/strong><\/li>\n<\/ul>\n<p>El Centro Vacacional <strong><em>#IMSS de Oaxtepec<\/em><\/strong>, Morelos, recibir\u00e1 1,500 participantes en la Carrera de 5 Kil\u00f3metros de los Trabajadores, convocada por el Instituto del Deporte de los Trabajadores, a realizarse el pr\u00f3ximo s\u00e1bado 21 de septiembre, como parte del programa de Activaci\u00f3n F\u00edsica Laboral que lleva a cabo el <strong><em>#INDET<\/em><\/strong> en todo el pa\u00eds.<\/p>\n<p>El Profesor <strong><em>Pablo Reyes Osorio<\/em><\/strong>, Secretario Ejecutivo del <strong><em>#INDET<\/em><\/strong>, dio a conocer que se tuvo una gran respuesta de este evento que contar\u00e1 con la presencia de trabajadores y sus familias, procedentes de la Ciudad de M\u00e9xico, Morelos, Tlaxcala, Estado de M\u00e9xico y Puebla.<\/p>\n<p>\u201cEl Programa Nacional del <strong><em>#INDET<\/em><\/strong> sigue adelante m\u00e1s fuerte que nunca, con el apoyo de la Comisi\u00f3n Nacional de Cultura F\u00edsica y Deporte. Para hacer llegar los beneficios del deporte y la activaci\u00f3n f\u00edsica al sector laboral del pa\u00eds, ofrecimos el traslado gratuito desde la Ciudad de M\u00e9xico y el acceso al Centro Vacacional IMSS Oaxtepec\u201d, explic\u00f3 el Secretario Ejecutivo del <strong><em>#INDET<\/em><\/strong>.<\/p>\n<p>\t\t\t\t\t\t\t\t\t\t\t\t\t<img loading=\"lazy\" decoding=\"async\" width=\"640\" height=\"303\" src=\"https:\/\/esbozodeportivo.com\/wp-content\/uploads\/2024\/09\/activacionfis-1-1024x484.jpg\" alt=\"\" srcset=\"https:\/\/esbozodeportivo.com\/wp-content\/uploads\/2024\/09\/activacionfis-1-1024x484.jpg 1024w, https:\/\/esbozodeportivo.com\/wp-content\/uploads\/2024\/09\/activacionfis-1-300x142.jpg 300w, https:\/\/esbozodeportivo.com\/wp-content\/uploads\/2024\/09\/activacionfis-1-768x363.jpg 768w, https:\/\/esbozodeportivo.com\/wp-content\/uploads\/2024\/09\/activacionfis-1-1536x726.jpg 1536w, https:\/\/esbozodeportivo.com\/wp-content\/uploads\/2024\/09\/activacionfis-1.jpg 1600w\" sizes=\"auto, (max-width: 640px) 100vw, 640px\" \/>\t\t\t\t\t\t\t\t\t\t\t\t\t<\/p>\n<h3>(Foto: INDET)<\/h3>\n<p>El fomento a la convivencia y el apoyo a mantener un estado f\u00edsico saludable a trav\u00e9s del deporte, la activaci\u00f3n f\u00edsica y el deporte. Se entregar\u00e1n playeras y la numeraci\u00f3n respectiva de participaci\u00f3n a quienes se registraron en tiempo y forma.<\/p>\n<p>\u201cHa sido una constante del <strong><em>#INDET<\/em><\/strong> y del Congreso del Trabajo en su programa nacional. Hoy mostramos con orgullo los resultados, tendremos la oportunidad de reunir a los trabajadores y sus familias en esta Carrera de 5 Kil\u00f3metros, con carreras para los ni\u00f1os y una activaci\u00f3n f\u00edsica en el Estadio Ol\u00edmpico del Centro Vacacional\u201d,\u00a0 agreg\u00f3 el Profesor Reyes Osorio.<\/p>\n<p>\u00a0<\/p>\n<p>\t\t\t\t\t\t\t\t\t\t\t\t\t<img loading=\"lazy\" decoding=\"async\" width=\"640\" height=\"475\" src=\"https:\/\/esbozodeportivo.com\/wp-content\/uploads\/2024\/09\/399866268_1065098444929401_8392290285335459709_n-1024x760.jpg\" alt=\"\" srcset=\"https:\/\/esbozodeportivo.com\/wp-content\/uploads\/2024\/09\/399866268_1065098444929401_8392290285335459709_n-1024x760.jpg 1024w, https:\/\/esbozodeportivo.com\/wp-content\/uploads\/2024\/09\/399866268_1065098444929401_8392290285335459709_n-300x223.jpg 300w, https:\/\/esbozodeportivo.com\/wp-content\/uploads\/2024\/09\/399866268_1065098444929401_8392290285335459709_n-768x570.jpg 768w, https:\/\/esbozodeportivo.com\/wp-content\/uploads\/2024\/09\/399866268_1065098444929401_8392290285335459709_n-1536x1140.jpg 1536w, https:\/\/esbozodeportivo.com\/wp-content\/uploads\/2024\/09\/399866268_1065098444929401_8392290285335459709_n.jpg 2048w\" sizes=\"auto, (max-width: 640px) 100vw, 640px\" \/>\t\t\t\t\t\t\t\t\t\t\t\t\t<\/p>\n<h3>(Foto: INDET)<\/h3>\n<p>\t\t\t\t\t\t\t\t\t\t\t\t\t<img loading=\"lazy\" decoding=\"async\" width=\"640\" height=\"480\" src=\"https:\/\/esbozodeportivo.com\/wp-content\/uploads\/2024\/09\/399680206_1065098334929412_3599842190764236486_n-1024x768.jpg\" alt=\"\" srcset=\"https:\/\/esbozodeportivo.com\/wp-content\/uploads\/2024\/09\/399680206_1065098334929412_3599842190764236486_n-1024x768.jpg 1024w, https:\/\/esbozodeportivo.com\/wp-content\/uploads\/2024\/09\/399680206_1065098334929412_3599842190764236486_n-300x225.jpg 300w, https:\/\/esbozodeportivo.com\/wp-content\/uploads\/2024\/09\/399680206_1065098334929412_3599842190764236486_n-768x576.jpg 768w, https:\/\/esbozodeportivo.com\/wp-content\/uploads\/2024\/09\/399680206_1065098334929412_3599842190764236486_n-1536x1152.jpg 1536w, https:\/\/esbozodeportivo.com\/wp-content\/uploads\/2024\/09\/399680206_1065098334929412_3599842190764236486_n.jpg 2048w\" sizes=\"auto, (max-width: 640px) 100vw, 640px\" \/>\t\t\t\t\t\t\t\t\t\t\t\t\t<\/p>\n<h3>(Foto: INDET)<\/h3>\n","protected":false},"excerpt":{"rendered":"<p>(Foto: INDET) El 21 de septiembre en Oaxtepec, Morelos El Centro Vacacional #IMSS de Oaxtepec,<\/p>\n","protected":false},"author":2,"featured_media":0,"comment_status":"open","ping_status":"open","sticky":false,"template":"","format":"standard","meta":{"_jetpack_memberships_contains_paid_content":false,"footnotes":""},"categories":[5],"tags":[],"class_list":["post-4395","post","type-post","status-publish","format-standard","hentry","category-amateur"],"yoast_head":"<!-- This site is optimized with the Yoast SEO plugin v25.7 - https:\/\/yoast.com\/wordpress\/plugins\/seo\/ -->\n<title>Se reunir\u00e1n 1,500 participantes en la Carrera de los Trabajadores - Esbozo Deportivo<\/title>\n<meta name=\"robots\" content=\"index, follow, max-snippet:-1, max-image-preview:large, max-video-preview:-1\" \/>\n<link rel=\"canonical\" href=\"https:\/\/esbozodeportivo.com\/index.php\/2024\/09\/19\/se-reuniran-1500-participantes-en-la-carrera-de-los-trabajadores\/\" \/>\n<meta property=\"og:locale\" content=\"es_MX\" \/>\n<meta property=\"og:type\" content=\"article\" \/>\n<meta property=\"og:title\" content=\"Se reunir\u00e1n 1,500 participantes en la Carrera de los Trabajadores - Esbozo Deportivo\" \/>\n<meta property=\"og:description\" content=\"(Foto: INDET) El 21 de septiembre en Oaxtepec, Morelos El Centro Vacacional #IMSS de Oaxtepec,\" \/>\n<meta property=\"og:url\" content=\"https:\/\/esbozodeportivo.com\/index.php\/2024\/09\/19\/se-reuniran-1500-participantes-en-la-carrera-de-los-trabajadores\/\" \/>\n<meta property=\"og:site_name\" content=\"Esbozo Deportivo\" \/>\n<meta property=\"article:published_time\" content=\"2024-09-19T20:57:09+00:00\" \/>\n<meta property=\"article:modified_time\" content=\"2024-09-19T21:01:18+00:00\" \/>\n<meta property=\"og:image\" content=\"https:\/\/esbozodeportivo.com\/wp-content\/uploads\/2024\/09\/399643220_1065098288262750_816959888307144656_n-1024x832.jpg\" \/>\n<meta name=\"author\" content=\"Javier De La Cruz\" \/>\n<meta name=\"twitter:card\" content=\"summary_large_image\" \/>\n<meta name=\"twitter:label1\" content=\"Escrito por\" \/>\n\t<meta name=\"twitter:data1\" content=\"Javier De La Cruz\" \/>\n\t<meta name=\"twitter:label2\" content=\"Tiempo de lectura\" \/>\n\t<meta name=\"twitter:data2\" content=\"1 minuto\" \/>\n<script type=\"application\/ld+json\" class=\"yoast-schema-graph\">{\"@context\":\"https:\/\/schema.org\",\"@graph\":[{\"@type\":\"Article\",\"@id\":\"https:\/\/esbozodeportivo.com\/index.php\/2024\/09\/19\/se-reuniran-1500-participantes-en-la-carrera-de-los-trabajadores\/#article\",\"isPartOf\":{\"@id\":\"https:\/\/esbozodeportivo.com\/index.php\/2024\/09\/19\/se-reuniran-1500-participantes-en-la-carrera-de-los-trabajadores\/\"},\"author\":{\"name\":\"Javier De La Cruz\",\"@id\":\"https:\/\/esbozodeportivo.com\/#\/schema\/person\/7277119c98823aec37bbb84e125efd44\"},\"headline\":\"Se reunir\u00e1n 1,500 participantes en la Carrera de los Trabajadores\",\"datePublished\":\"2024-09-19T20:57:09+00:00\",\"dateModified\":\"2024-09-19T21:01:18+00:00\",\"mainEntityOfPage\":{\"@id\":\"https:\/\/esbozodeportivo.com\/index.php\/2024\/09\/19\/se-reuniran-1500-participantes-en-la-carrera-de-los-trabajadores\/\"},\"wordCount\":307,\"commentCount\":0,\"publisher\":{\"@id\":\"https:\/\/esbozodeportivo.com\/#organization\"},\"image\":{\"@id\":\"https:\/\/esbozodeportivo.com\/index.php\/2024\/09\/19\/se-reuniran-1500-participantes-en-la-carrera-de-los-trabajadores\/#primaryimage\"},\"thumbnailUrl\":\"https:\/\/esbozodeportivo.com\/wp-content\/uploads\/2024\/09\/399643220_1065098288262750_816959888307144656_n-1024x832.jpg\",\"articleSection\":[\"Amateur\"],\"inLanguage\":\"es\",\"potentialAction\":[{\"@type\":\"CommentAction\",\"name\":\"Comment\",\"target\":[\"https:\/\/esbozodeportivo.com\/index.php\/2024\/09\/19\/se-reuniran-1500-participantes-en-la-carrera-de-los-trabajadores\/#respond\"]}]},{\"@type\":\"WebPage\",\"@id\":\"https:\/\/esbozodeportivo.com\/index.php\/2024\/09\/19\/se-reuniran-1500-participantes-en-la-carrera-de-los-trabajadores\/\",\"url\":\"https:\/\/esbozodeportivo.com\/index.php\/2024\/09\/19\/se-reuniran-1500-participantes-en-la-carrera-de-los-trabajadores\/\",\"name\":\"Se reunir\u00e1n 1,500 participantes en la Carrera de los Trabajadores - Esbozo Deportivo\",\"isPartOf\":{\"@id\":\"https:\/\/esbozodeportivo.com\/#website\"},\"primaryImageOfPage\":{\"@id\":\"https:\/\/esbozodeportivo.com\/index.php\/2024\/09\/19\/se-reuniran-1500-participantes-en-la-carrera-de-los-trabajadores\/#primaryimage\"},\"image\":{\"@id\":\"https:\/\/esbozodeportivo.com\/index.php\/2024\/09\/19\/se-reuniran-1500-participantes-en-la-carrera-de-los-trabajadores\/#primaryimage\"},\"thumbnailUrl\":\"https:\/\/esbozodeportivo.com\/wp-content\/uploads\/2024\/09\/399643220_1065098288262750_816959888307144656_n-1024x832.jpg\",\"datePublished\":\"2024-09-19T20:57:09+00:00\",\"dateModified\":\"2024-09-19T21:01:18+00:00\",\"breadcrumb\":{\"@id\":\"https:\/\/esbozodeportivo.com\/index.php\/2024\/09\/19\/se-reuniran-1500-participantes-en-la-carrera-de-los-trabajadores\/#breadcrumb\"},\"inLanguage\":\"es\",\"potentialAction\":[{\"@type\":\"ReadAction\",\"target\":[\"https:\/\/esbozodeportivo.com\/index.php\/2024\/09\/19\/se-reuniran-1500-participantes-en-la-carrera-de-los-trabajadores\/\"]}]},{\"@type\":\"ImageObject\",\"inLanguage\":\"es\",\"@id\":\"https:\/\/esbozodeportivo.com\/index.php\/2024\/09\/19\/se-reuniran-1500-participantes-en-la-carrera-de-los-trabajadores\/#primaryimage\",\"url\":\"https:\/\/esbozodeportivo.com\/wp-content\/uploads\/2024\/09\/399643220_1065098288262750_816959888307144656_n.jpg\",\"contentUrl\":\"https:\/\/esbozodeportivo.com\/wp-content\/uploads\/2024\/09\/399643220_1065098288262750_816959888307144656_n.jpg\",\"width\":1622,\"height\":1318},{\"@type\":\"BreadcrumbList\",\"@id\":\"https:\/\/esbozodeportivo.com\/index.php\/2024\/09\/19\/se-reuniran-1500-participantes-en-la-carrera-de-los-trabajadores\/#breadcrumb\",\"itemListElement\":[{\"@type\":\"ListItem\",\"position\":1,\"name\":\"Inicio\",\"item\":\"https:\/\/esbozodeportivo.com\/\"},{\"@type\":\"ListItem\",\"position\":2,\"name\":\"Se reunir\u00e1n 1,500 participantes en la Carrera de los Trabajadores\"}]},{\"@type\":\"WebSite\",\"@id\":\"https:\/\/esbozodeportivo.com\/#website\",\"url\":\"https:\/\/esbozodeportivo.com\/\",\"name\":\"Esbozo Deportivo\",\"description\":\"Lo m\u00e1s importante del Deporte\",\"publisher\":{\"@id\":\"https:\/\/esbozodeportivo.com\/#organization\"},\"potentialAction\":[{\"@type\":\"SearchAction\",\"target\":{\"@type\":\"EntryPoint\",\"urlTemplate\":\"https:\/\/esbozodeportivo.com\/?s={search_term_string}\"},\"query-input\":{\"@type\":\"PropertyValueSpecification\",\"valueRequired\":true,\"valueName\":\"search_term_string\"}}],\"inLanguage\":\"es\"},{\"@type\":\"Organization\",\"@id\":\"https:\/\/esbozodeportivo.com\/#organization\",\"name\":\"Esbozo Deportivo\",\"url\":\"https:\/\/esbozodeportivo.com\/\",\"logo\":{\"@type\":\"ImageObject\",\"inLanguage\":\"es\",\"@id\":\"https:\/\/esbozodeportivo.com\/#\/schema\/logo\/image\/\",\"url\":\"https:\/\/esbozodeportivo.com\/wp-content\/uploads\/2022\/08\/cropped-Logo-Esbozo-Web-2.png\",\"contentUrl\":\"https:\/\/esbozodeportivo.com\/wp-content\/uploads\/2022\/08\/cropped-Logo-Esbozo-Web-2.png\",\"width\":180,\"height\":50,\"caption\":\"Esbozo Deportivo\"},\"image\":{\"@id\":\"https:\/\/esbozodeportivo.com\/#\/schema\/logo\/image\/\"}},{\"@type\":\"Person\",\"@id\":\"https:\/\/esbozodeportivo.com\/#\/schema\/person\/7277119c98823aec37bbb84e125efd44\",\"name\":\"Javier De La Cruz\",\"image\":{\"@type\":\"ImageObject\",\"inLanguage\":\"es\",\"@id\":\"https:\/\/esbozodeportivo.com\/#\/schema\/person\/image\/\",\"url\":\"https:\/\/secure.gravatar.com\/avatar\/366235a56d20f1a6e8e3d0b295897639357bea880470ddf261d17bb0bc052eb1?s=96&d=mm&r=g\",\"contentUrl\":\"https:\/\/secure.gravatar.com\/avatar\/366235a56d20f1a6e8e3d0b295897639357bea880470ddf261d17bb0bc052eb1?s=96&d=mm&r=g\",\"caption\":\"Javier De La Cruz\"},\"url\":\"https:\/\/esbozodeportivo.com\/index.php\/author\/javier-de-la-cruz-de-la-cruz\/\"}]}<\/script>\n<!-- \/ Yoast SEO plugin. -->","yoast_head_json":{"title":"Se reunir\u00e1n 1,500 participantes en la Carrera de los Trabajadores - Esbozo Deportivo","robots":{"index":"index","follow":"follow","max-snippet":"max-snippet:-1","max-image-preview":"max-image-preview:large","max-video-preview":"max-video-preview:-1"},"canonical":"https:\/\/esbozodeportivo.com\/index.php\/2024\/09\/19\/se-reuniran-1500-participantes-en-la-carrera-de-los-trabajadores\/","og_locale":"es_MX","og_type":"article","og_title":"Se reunir\u00e1n 1,500 participantes en la Carrera de los Trabajadores - Esbozo Deportivo","og_description":"(Foto: INDET) El 21 de septiembre en Oaxtepec, Morelos El Centro Vacacional #IMSS de Oaxtepec,","og_url":"https:\/\/esbozodeportivo.com\/index.php\/2024\/09\/19\/se-reuniran-1500-participantes-en-la-carrera-de-los-trabajadores\/","og_site_name":"Esbozo Deportivo","article_published_time":"2024-09-19T20:57:09+00:00","article_modified_time":"2024-09-19T21:01:18+00:00","og_image":[{"url":"https:\/\/esbozodeportivo.com\/wp-content\/uploads\/2024\/09\/399643220_1065098288262750_816959888307144656_n-1024x832.jpg","type":"","width":"","height":""}],"author":"Javier De La Cruz","twitter_card":"summary_large_image","twitter_misc":{"Escrito por":"Javier De La Cruz","Tiempo de lectura":"1 minuto"},"schema":{"@context":"https:\/\/schema.org","@graph":[{"@type":"Article","@id":"https:\/\/esbozodeportivo.com\/index.php\/2024\/09\/19\/se-reuniran-1500-participantes-en-la-carrera-de-los-trabajadores\/#article","isPartOf":{"@id":"https:\/\/esbozodeportivo.com\/index.php\/2024\/09\/19\/se-reuniran-1500-participantes-en-la-carrera-de-los-trabajadores\/"},"author":{"name":"Javier De La Cruz","@id":"https:\/\/esbozodeportivo.com\/#\/schema\/person\/7277119c98823aec37bbb84e125efd44"},"headline":"Se reunir\u00e1n 1,500 participantes en la Carrera de los Trabajadores","datePublished":"2024-09-19T20:57:09+00:00","dateModified":"2024-09-19T21:01:18+00:00","mainEntityOfPage":{"@id":"https:\/\/esbozodeportivo.com\/index.php\/2024\/09\/19\/se-reuniran-1500-participantes-en-la-carrera-de-los-trabajadores\/"},"wordCount":307,"commentCount":0,"publisher":{"@id":"https:\/\/esbozodeportivo.com\/#organization"},"image":{"@id":"https:\/\/esbozodeportivo.com\/index.php\/2024\/09\/19\/se-reuniran-1500-participantes-en-la-carrera-de-los-trabajadores\/#primaryimage"},"thumbnailUrl":"https:\/\/esbozodeportivo.com\/wp-content\/uploads\/2024\/09\/399643220_1065098288262750_816959888307144656_n-1024x832.jpg","articleSection":["Amateur"],"inLanguage":"es","potentialAction":[{"@type":"CommentAction","name":"Comment","target":["https:\/\/esbozodeportivo.com\/index.php\/2024\/09\/19\/se-reuniran-1500-participantes-en-la-carrera-de-los-trabajadores\/#respond"]}]},{"@type":"WebPage","@id":"https:\/\/esbozodeportivo.com\/index.php\/2024\/09\/19\/se-reuniran-1500-participantes-en-la-carrera-de-los-trabajadores\/","url":"https:\/\/esbozodeportivo.com\/index.php\/2024\/09\/19\/se-reuniran-1500-participantes-en-la-carrera-de-los-trabajadores\/","name":"Se reunir\u00e1n 1,500 participantes en la Carrera de los Trabajadores - Esbozo Deportivo","isPartOf":{"@id":"https:\/\/esbozodeportivo.com\/#website"},"primaryImageOfPage":{"@id":"https:\/\/esbozodeportivo.com\/index.php\/2024\/09\/19\/se-reuniran-1500-participantes-en-la-carrera-de-los-trabajadores\/#primaryimage"},"image":{"@id":"https:\/\/esbozodeportivo.com\/index.php\/2024\/09\/19\/se-reuniran-1500-participantes-en-la-carrera-de-los-trabajadores\/#primaryimage"},"thumbnailUrl":"https:\/\/esbozodeportivo.com\/wp-content\/uploads\/2024\/09\/399643220_1065098288262750_816959888307144656_n-1024x832.jpg","datePublished":"2024-09-19T20:57:09+00:00","dateModified":"2024-09-19T21:01:18+00:00","breadcrumb":{"@id":"https:\/\/esbozodeportivo.com\/index.php\/2024\/09\/19\/se-reuniran-1500-participantes-en-la-carrera-de-los-trabajadores\/#breadcrumb"},"inLanguage":"es","potentialAction":[{"@type":"ReadAction","target":["https:\/\/esbozodeportivo.com\/index.php\/2024\/09\/19\/se-reuniran-1500-participantes-en-la-carrera-de-los-trabajadores\/"]}]},{"@type":"ImageObject","inLanguage":"es","@id":"https:\/\/esbozodeportivo.com\/index.php\/2024\/09\/19\/se-reuniran-1500-participantes-en-la-carrera-de-los-trabajadores\/#primaryimage","url":"https:\/\/esbozodeportivo.com\/wp-content\/uploads\/2024\/09\/399643220_1065098288262750_816959888307144656_n.jpg","contentUrl":"https:\/\/esbozodeportivo.com\/wp-content\/uploads\/2024\/09\/399643220_1065098288262750_816959888307144656_n.jpg","width":1622,"height":1318},{"@type":"BreadcrumbList","@id":"https:\/\/esbozodeportivo.com\/index.php\/2024\/09\/19\/se-reuniran-1500-participantes-en-la-carrera-de-los-trabajadores\/#breadcrumb","itemListElement":[{"@type":"ListItem","position":1,"name":"Inicio","item":"https:\/\/esbozodeportivo.com\/"},{"@type":"ListItem","position":2,"name":"Se reunir\u00e1n 1,500 participantes en la Carrera de los Trabajadores"}]},{"@type":"WebSite","@id":"https:\/\/esbozodeportivo.com\/#website","url":"https:\/\/esbozodeportivo.com\/","name":"Esbozo Deportivo","description":"Lo m\u00e1s importante del Deporte","publisher":{"@id":"https:\/\/esbozodeportivo.com\/#organization"},"potentialAction":[{"@type":"SearchAction","target":{"@type":"EntryPoint","urlTemplate":"https:\/\/esbozodeportivo.com\/?s={search_term_string}"},"query-input":{"@type":"PropertyValueSpecification","valueRequired":true,"valueName":"search_term_string"}}],"inLanguage":"es"},{"@type":"Organization","@id":"https:\/\/esbozodeportivo.com\/#organization","name":"Esbozo Deportivo","url":"https:\/\/esbozodeportivo.com\/","logo":{"@type":"ImageObject","inLanguage":"es","@id":"https:\/\/esbozodeportivo.com\/#\/schema\/logo\/image\/","url":"https:\/\/esbozodeportivo.com\/wp-content\/uploads\/2022\/08\/cropped-Logo-Esbozo-Web-2.png","contentUrl":"https:\/\/esbozodeportivo.com\/wp-content\/uploads\/2022\/08\/cropped-Logo-Esbozo-Web-2.png","width":180,"height":50,"caption":"Esbozo Deportivo"},"image":{"@id":"https:\/\/esbozodeportivo.com\/#\/schema\/logo\/image\/"}},{"@type":"Person","@id":"https:\/\/esbozodeportivo.com\/#\/schema\/person\/7277119c98823aec37bbb84e125efd44","name":"Javier De La Cruz","image":{"@type":"ImageObject","inLanguage":"es","@id":"https:\/\/esbozodeportivo.com\/#\/schema\/person\/image\/","url":"https:\/\/secure.gravatar.com\/avatar\/366235a56d20f1a6e8e3d0b295897639357bea880470ddf261d17bb0bc052eb1?s=96&d=mm&r=g","contentUrl":"https:\/\/secure.gravatar.com\/avatar\/366235a56d20f1a6e8e3d0b295897639357bea880470ddf261d17bb0bc052eb1?s=96&d=mm&r=g","caption":"Javier De La Cruz"},"url":"https:\/\/esbozodeportivo.com\/index.php\/author\/javier-de-la-cruz-de-la-cruz\/"}]}},"jetpack_featured_media_url":"","jetpack_sharing_enabled":true,"_links":{"self":[{"href":"https:\/\/esbozodeportivo.com\/index.php\/wp-json\/wp\/v2\/posts\/4395","targetHints":{"allow":["GET"]}}],"collection":[{"href":"https:\/\/esbozodeportivo.com\/index.php\/wp-json\/wp\/v2\/posts"}],"about":[{"href":"https:\/\/esbozodeportivo.com\/index.php\/wp-json\/wp\/v2\/types\/post"}],"author":[{"embeddable":true,"href":"https:\/\/esbozodeportivo.com\/index.php\/wp-json\/wp\/v2\/users\/2"}],"replies":[{"embeddable":true,"href":"https:\/\/esbozodeportivo.com\/index.php\/wp-json\/wp\/v2\/comments?post=4395"}],"version-history":[{"count":4,"href":"https:\/\/esbozodeportivo.com\/index.php\/wp-json\/wp\/v2\/posts\/4395\/revisions"}],"predecessor-version":[{"id":4403,"href":"https:\/\/esbozodeportivo.com\/index.php\/wp-json\/wp\/v2\/posts\/4395\/revisions\/4403"}],"wp:attachment":[{"href":"https:\/\/esbozodeportivo.com\/index.php\/wp-json\/wp\/v2\/media?parent=4395"}],"wp:term":[{"taxonomy":"category","embeddable":true,"href":"https:\/\/esbozodeportivo.com\/index.php\/wp-json\/wp\/v2\/categories?post=4395"},{"taxonomy":"post_tag","embeddable":true,"href":"https:\/\/esbozodeportivo.com\/index.php\/wp-json\/wp\/v2\/tags?post=4395"}],"curies":[{"name":"wp","href":"https:\/\/api.w.org\/{rel}","templated":true}]}}