{"id":4482,"date":"2024-10-01T08:07:24","date_gmt":"2024-10-01T08:07:24","guid":{"rendered":"https:\/\/esbozodeportivo.com\/?p=4482"},"modified":"2024-10-10T18:36:58","modified_gmt":"2024-10-10T18:36:58","slug":"tras-una-batalla-contra-el-cancer-cerebral-fallecio-dikembre-mutombo","status":"publish","type":"post","link":"https:\/\/esbozodeportivo.com\/index.php\/2024\/10\/01\/tras-una-batalla-contra-el-cancer-cerebral-fallecio-dikembre-mutombo\/","title":{"rendered":"Tras una batalla contra el C\u00e1ncer cerebral falleci\u00f3 Dikembre Mutombo"},"content":{"rendered":"<p><strong>(Foto: @NBA)<\/strong><\/p>\n<p><strong><em>Por Redacci\u00f3n <\/em><\/strong><\/p>\n<p>El mundo del baloncesto se encuentra de luto tras el fallecimiento de Dikembe Mutombo, a la edad de 58 a\u00f1os de edad, ex jugador de la NBA y miembro del Sal\u00f3n de la Fama del basquetbol, tras una lucha de un tumor cerebral.<\/p>\n<p>El oriundo de Kinsasa, Congo, considerado uno de los mejores defensores de la NBA, hizo su debut en 1991 con los Denver de Nuggets, finalizando su carrera profesional en el 2009, con los Houston Rockets.<\/p>\n<p>Tras su retiro de las duelas el naturalizado estadounidense, fund\u00f3 la Fundaci\u00f3n Dikembe Mutombo, donde dedic\u00f3 sus \u00faltimos a\u00f1os a mejorar la salud, educaci\u00f3n y calidad de vida en su ciudad de origen Congo.<\/p>\n<p>Mutombo, al morir estuvo rodeado de su familia, quienes le dieron su apoyo hasta el final de su vida.<\/p>\n<p>Por su parte el comisionado de la NBA, Adam Silver, mencion\u00f3 que \u201cDikembe Mutombo, era simplemente m\u00e1s grande que la vida\u201d.<\/p>\n<p>En el 2015, ingres\u00f3 al Sal\u00f3n de la Fama, por ser considerado el mejor de la NBA, durante 8 temporadas continuas.<\/p>\n","protected":false},"excerpt":{"rendered":"<p>(Foto: @NBA) Por Redacci\u00f3n El mundo del baloncesto se encuentra de luto tras el fallecimiento<\/p>\n","protected":false},"author":2,"featured_media":4484,"comment_status":"open","ping_status":"open","sticky":false,"template":"","format":"standard","meta":{"_jetpack_memberships_contains_paid_content":false,"footnotes":""},"categories":[21],"tags":[],"class_list":["post-4482","post","type-post","status-publish","format-standard","has-post-thumbnail","hentry","category-baloncesto"],"yoast_head":"<!-- This site is optimized with the Yoast SEO plugin v25.7 - https:\/\/yoast.com\/wordpress\/plugins\/seo\/ -->\n<title>Tras una batalla contra el C\u00e1ncer cerebral falleci\u00f3 Dikembre Mutombo - Esbozo Deportivo<\/title>\n<meta name=\"robots\" content=\"index, follow, max-snippet:-1, max-image-preview:large, max-video-preview:-1\" \/>\n<link rel=\"canonical\" href=\"https:\/\/esbozodeportivo.com\/index.php\/2024\/10\/01\/tras-una-batalla-contra-el-cancer-cerebral-fallecio-dikembre-mutombo\/\" \/>\n<meta property=\"og:locale\" content=\"es_MX\" \/>\n<meta property=\"og:type\" content=\"article\" \/>\n<meta property=\"og:title\" content=\"Tras una batalla contra el C\u00e1ncer cerebral falleci\u00f3 Dikembre Mutombo - Esbozo Deportivo\" \/>\n<meta property=\"og:description\" content=\"(Foto: @NBA) Por Redacci\u00f3n El mundo del baloncesto se encuentra de luto tras el fallecimiento\" \/>\n<meta property=\"og:url\" content=\"https:\/\/esbozodeportivo.com\/index.php\/2024\/10\/01\/tras-una-batalla-contra-el-cancer-cerebral-fallecio-dikembre-mutombo\/\" \/>\n<meta property=\"og:site_name\" content=\"Esbozo Deportivo\" \/>\n<meta property=\"article:published_time\" content=\"2024-10-01T08:07:24+00:00\" \/>\n<meta property=\"article:modified_time\" content=\"2024-10-10T18:36:58+00:00\" \/>\n<meta property=\"og:image\" content=\"https:\/\/esbozodeportivo.com\/wp-content\/uploads\/2024\/10\/GYu6DGEXcAEBgu9.jpg\" \/>\n\t<meta property=\"og:image:width\" content=\"540\" \/>\n\t<meta property=\"og:image:height\" content=\"675\" \/>\n\t<meta property=\"og:image:type\" content=\"image\/jpeg\" \/>\n<meta name=\"author\" content=\"Javier De La Cruz\" \/>\n<meta name=\"twitter:card\" content=\"summary_large_image\" \/>\n<meta name=\"twitter:label1\" content=\"Escrito por\" \/>\n\t<meta name=\"twitter:data1\" content=\"Javier De La Cruz\" \/>\n\t<meta name=\"twitter:label2\" content=\"Tiempo de lectura\" \/>\n\t<meta name=\"twitter:data2\" content=\"1 minuto\" \/>\n<script type=\"application\/ld+json\" class=\"yoast-schema-graph\">{\"@context\":\"https:\/\/schema.org\",\"@graph\":[{\"@type\":\"Article\",\"@id\":\"https:\/\/esbozodeportivo.com\/index.php\/2024\/10\/01\/tras-una-batalla-contra-el-cancer-cerebral-fallecio-dikembre-mutombo\/#article\",\"isPartOf\":{\"@id\":\"https:\/\/esbozodeportivo.com\/index.php\/2024\/10\/01\/tras-una-batalla-contra-el-cancer-cerebral-fallecio-dikembre-mutombo\/\"},\"author\":{\"name\":\"Javier De La Cruz\",\"@id\":\"https:\/\/esbozodeportivo.com\/#\/schema\/person\/7277119c98823aec37bbb84e125efd44\"},\"headline\":\"Tras una batalla contra el C\u00e1ncer cerebral falleci\u00f3 Dikembre Mutombo\",\"datePublished\":\"2024-10-01T08:07:24+00:00\",\"dateModified\":\"2024-10-10T18:36:58+00:00\",\"mainEntityOfPage\":{\"@id\":\"https:\/\/esbozodeportivo.com\/index.php\/2024\/10\/01\/tras-una-batalla-contra-el-cancer-cerebral-fallecio-dikembre-mutombo\/\"},\"wordCount\":191,\"commentCount\":0,\"publisher\":{\"@id\":\"https:\/\/esbozodeportivo.com\/#organization\"},\"image\":{\"@id\":\"https:\/\/esbozodeportivo.com\/index.php\/2024\/10\/01\/tras-una-batalla-contra-el-cancer-cerebral-fallecio-dikembre-mutombo\/#primaryimage\"},\"thumbnailUrl\":\"https:\/\/esbozodeportivo.com\/wp-content\/uploads\/2024\/10\/GYu6DGEXcAEBgu9.jpg\",\"articleSection\":[\"NBA\"],\"inLanguage\":\"es\",\"potentialAction\":[{\"@type\":\"CommentAction\",\"name\":\"Comment\",\"target\":[\"https:\/\/esbozodeportivo.com\/index.php\/2024\/10\/01\/tras-una-batalla-contra-el-cancer-cerebral-fallecio-dikembre-mutombo\/#respond\"]}]},{\"@type\":\"WebPage\",\"@id\":\"https:\/\/esbozodeportivo.com\/index.php\/2024\/10\/01\/tras-una-batalla-contra-el-cancer-cerebral-fallecio-dikembre-mutombo\/\",\"url\":\"https:\/\/esbozodeportivo.com\/index.php\/2024\/10\/01\/tras-una-batalla-contra-el-cancer-cerebral-fallecio-dikembre-mutombo\/\",\"name\":\"Tras una batalla contra el C\u00e1ncer cerebral falleci\u00f3 Dikembre Mutombo - Esbozo Deportivo\",\"isPartOf\":{\"@id\":\"https:\/\/esbozodeportivo.com\/#website\"},\"primaryImageOfPage\":{\"@id\":\"https:\/\/esbozodeportivo.com\/index.php\/2024\/10\/01\/tras-una-batalla-contra-el-cancer-cerebral-fallecio-dikembre-mutombo\/#primaryimage\"},\"image\":{\"@id\":\"https:\/\/esbozodeportivo.com\/index.php\/2024\/10\/01\/tras-una-batalla-contra-el-cancer-cerebral-fallecio-dikembre-mutombo\/#primaryimage\"},\"thumbnailUrl\":\"https:\/\/esbozodeportivo.com\/wp-content\/uploads\/2024\/10\/GYu6DGEXcAEBgu9.jpg\",\"datePublished\":\"2024-10-01T08:07:24+00:00\",\"dateModified\":\"2024-10-10T18:36:58+00:00\",\"breadcrumb\":{\"@id\":\"https:\/\/esbozodeportivo.com\/index.php\/2024\/10\/01\/tras-una-batalla-contra-el-cancer-cerebral-fallecio-dikembre-mutombo\/#breadcrumb\"},\"inLanguage\":\"es\",\"potentialAction\":[{\"@type\":\"ReadAction\",\"target\":[\"https:\/\/esbozodeportivo.com\/index.php\/2024\/10\/01\/tras-una-batalla-contra-el-cancer-cerebral-fallecio-dikembre-mutombo\/\"]}]},{\"@type\":\"ImageObject\",\"inLanguage\":\"es\",\"@id\":\"https:\/\/esbozodeportivo.com\/index.php\/2024\/10\/01\/tras-una-batalla-contra-el-cancer-cerebral-fallecio-dikembre-mutombo\/#primaryimage\",\"url\":\"https:\/\/esbozodeportivo.com\/wp-content\/uploads\/2024\/10\/GYu6DGEXcAEBgu9.jpg\",\"contentUrl\":\"https:\/\/esbozodeportivo.com\/wp-content\/uploads\/2024\/10\/GYu6DGEXcAEBgu9.jpg\",\"width\":540,\"height\":675},{\"@type\":\"BreadcrumbList\",\"@id\":\"https:\/\/esbozodeportivo.com\/index.php\/2024\/10\/01\/tras-una-batalla-contra-el-cancer-cerebral-fallecio-dikembre-mutombo\/#breadcrumb\",\"itemListElement\":[{\"@type\":\"ListItem\",\"position\":1,\"name\":\"Inicio\",\"item\":\"https:\/\/esbozodeportivo.com\/\"},{\"@type\":\"ListItem\",\"position\":2,\"name\":\"Tras una batalla contra el C\u00e1ncer cerebral falleci\u00f3 Dikembre Mutombo\"}]},{\"@type\":\"WebSite\",\"@id\":\"https:\/\/esbozodeportivo.com\/#website\",\"url\":\"https:\/\/esbozodeportivo.com\/\",\"name\":\"Esbozo Deportivo\",\"description\":\"Lo m\u00e1s importante del Deporte\",\"publisher\":{\"@id\":\"https:\/\/esbozodeportivo.com\/#organization\"},\"potentialAction\":[{\"@type\":\"SearchAction\",\"target\":{\"@type\":\"EntryPoint\",\"urlTemplate\":\"https:\/\/esbozodeportivo.com\/?s={search_term_string}\"},\"query-input\":{\"@type\":\"PropertyValueSpecification\",\"valueRequired\":true,\"valueName\":\"search_term_string\"}}],\"inLanguage\":\"es\"},{\"@type\":\"Organization\",\"@id\":\"https:\/\/esbozodeportivo.com\/#organization\",\"name\":\"Esbozo Deportivo\",\"url\":\"https:\/\/esbozodeportivo.com\/\",\"logo\":{\"@type\":\"ImageObject\",\"inLanguage\":\"es\",\"@id\":\"https:\/\/esbozodeportivo.com\/#\/schema\/logo\/image\/\",\"url\":\"https:\/\/esbozodeportivo.com\/wp-content\/uploads\/2022\/08\/cropped-Logo-Esbozo-Web-2.png\",\"contentUrl\":\"https:\/\/esbozodeportivo.com\/wp-content\/uploads\/2022\/08\/cropped-Logo-Esbozo-Web-2.png\",\"width\":180,\"height\":50,\"caption\":\"Esbozo Deportivo\"},\"image\":{\"@id\":\"https:\/\/esbozodeportivo.com\/#\/schema\/logo\/image\/\"}},{\"@type\":\"Person\",\"@id\":\"https:\/\/esbozodeportivo.com\/#\/schema\/person\/7277119c98823aec37bbb84e125efd44\",\"name\":\"Javier De La Cruz\",\"image\":{\"@type\":\"ImageObject\",\"inLanguage\":\"es\",\"@id\":\"https:\/\/esbozodeportivo.com\/#\/schema\/person\/image\/\",\"url\":\"https:\/\/secure.gravatar.com\/avatar\/366235a56d20f1a6e8e3d0b295897639357bea880470ddf261d17bb0bc052eb1?s=96&d=mm&r=g\",\"contentUrl\":\"https:\/\/secure.gravatar.com\/avatar\/366235a56d20f1a6e8e3d0b295897639357bea880470ddf261d17bb0bc052eb1?s=96&d=mm&r=g\",\"caption\":\"Javier De La Cruz\"},\"url\":\"https:\/\/esbozodeportivo.com\/index.php\/author\/javier-de-la-cruz-de-la-cruz\/\"}]}<\/script>\n<!-- \/ Yoast SEO plugin. -->","yoast_head_json":{"title":"Tras una batalla contra el C\u00e1ncer cerebral falleci\u00f3 Dikembre Mutombo - Esbozo Deportivo","robots":{"index":"index","follow":"follow","max-snippet":"max-snippet:-1","max-image-preview":"max-image-preview:large","max-video-preview":"max-video-preview:-1"},"canonical":"https:\/\/esbozodeportivo.com\/index.php\/2024\/10\/01\/tras-una-batalla-contra-el-cancer-cerebral-fallecio-dikembre-mutombo\/","og_locale":"es_MX","og_type":"article","og_title":"Tras una batalla contra el C\u00e1ncer cerebral falleci\u00f3 Dikembre Mutombo - Esbozo Deportivo","og_description":"(Foto: @NBA) Por Redacci\u00f3n El mundo del baloncesto se encuentra de luto tras el fallecimiento","og_url":"https:\/\/esbozodeportivo.com\/index.php\/2024\/10\/01\/tras-una-batalla-contra-el-cancer-cerebral-fallecio-dikembre-mutombo\/","og_site_name":"Esbozo Deportivo","article_published_time":"2024-10-01T08:07:24+00:00","article_modified_time":"2024-10-10T18:36:58+00:00","og_image":[{"width":540,"height":675,"url":"https:\/\/esbozodeportivo.com\/wp-content\/uploads\/2024\/10\/GYu6DGEXcAEBgu9.jpg","type":"image\/jpeg"}],"author":"Javier De La Cruz","twitter_card":"summary_large_image","twitter_misc":{"Escrito por":"Javier De La Cruz","Tiempo de lectura":"1 minuto"},"schema":{"@context":"https:\/\/schema.org","@graph":[{"@type":"Article","@id":"https:\/\/esbozodeportivo.com\/index.php\/2024\/10\/01\/tras-una-batalla-contra-el-cancer-cerebral-fallecio-dikembre-mutombo\/#article","isPartOf":{"@id":"https:\/\/esbozodeportivo.com\/index.php\/2024\/10\/01\/tras-una-batalla-contra-el-cancer-cerebral-fallecio-dikembre-mutombo\/"},"author":{"name":"Javier De La Cruz","@id":"https:\/\/esbozodeportivo.com\/#\/schema\/person\/7277119c98823aec37bbb84e125efd44"},"headline":"Tras una batalla contra el C\u00e1ncer cerebral falleci\u00f3 Dikembre Mutombo","datePublished":"2024-10-01T08:07:24+00:00","dateModified":"2024-10-10T18:36:58+00:00","mainEntityOfPage":{"@id":"https:\/\/esbozodeportivo.com\/index.php\/2024\/10\/01\/tras-una-batalla-contra-el-cancer-cerebral-fallecio-dikembre-mutombo\/"},"wordCount":191,"commentCount":0,"publisher":{"@id":"https:\/\/esbozodeportivo.com\/#organization"},"image":{"@id":"https:\/\/esbozodeportivo.com\/index.php\/2024\/10\/01\/tras-una-batalla-contra-el-cancer-cerebral-fallecio-dikembre-mutombo\/#primaryimage"},"thumbnailUrl":"https:\/\/esbozodeportivo.com\/wp-content\/uploads\/2024\/10\/GYu6DGEXcAEBgu9.jpg","articleSection":["NBA"],"inLanguage":"es","potentialAction":[{"@type":"CommentAction","name":"Comment","target":["https:\/\/esbozodeportivo.com\/index.php\/2024\/10\/01\/tras-una-batalla-contra-el-cancer-cerebral-fallecio-dikembre-mutombo\/#respond"]}]},{"@type":"WebPage","@id":"https:\/\/esbozodeportivo.com\/index.php\/2024\/10\/01\/tras-una-batalla-contra-el-cancer-cerebral-fallecio-dikembre-mutombo\/","url":"https:\/\/esbozodeportivo.com\/index.php\/2024\/10\/01\/tras-una-batalla-contra-el-cancer-cerebral-fallecio-dikembre-mutombo\/","name":"Tras una batalla contra el C\u00e1ncer cerebral falleci\u00f3 Dikembre Mutombo - Esbozo Deportivo","isPartOf":{"@id":"https:\/\/esbozodeportivo.com\/#website"},"primaryImageOfPage":{"@id":"https:\/\/esbozodeportivo.com\/index.php\/2024\/10\/01\/tras-una-batalla-contra-el-cancer-cerebral-fallecio-dikembre-mutombo\/#primaryimage"},"image":{"@id":"https:\/\/esbozodeportivo.com\/index.php\/2024\/10\/01\/tras-una-batalla-contra-el-cancer-cerebral-fallecio-dikembre-mutombo\/#primaryimage"},"thumbnailUrl":"https:\/\/esbozodeportivo.com\/wp-content\/uploads\/2024\/10\/GYu6DGEXcAEBgu9.jpg","datePublished":"2024-10-01T08:07:24+00:00","dateModified":"2024-10-10T18:36:58+00:00","breadcrumb":{"@id":"https:\/\/esbozodeportivo.com\/index.php\/2024\/10\/01\/tras-una-batalla-contra-el-cancer-cerebral-fallecio-dikembre-mutombo\/#breadcrumb"},"inLanguage":"es","potentialAction":[{"@type":"ReadAction","target":["https:\/\/esbozodeportivo.com\/index.php\/2024\/10\/01\/tras-una-batalla-contra-el-cancer-cerebral-fallecio-dikembre-mutombo\/"]}]},{"@type":"ImageObject","inLanguage":"es","@id":"https:\/\/esbozodeportivo.com\/index.php\/2024\/10\/01\/tras-una-batalla-contra-el-cancer-cerebral-fallecio-dikembre-mutombo\/#primaryimage","url":"https:\/\/esbozodeportivo.com\/wp-content\/uploads\/2024\/10\/GYu6DGEXcAEBgu9.jpg","contentUrl":"https:\/\/esbozodeportivo.com\/wp-content\/uploads\/2024\/10\/GYu6DGEXcAEBgu9.jpg","width":540,"height":675},{"@type":"BreadcrumbList","@id":"https:\/\/esbozodeportivo.com\/index.php\/2024\/10\/01\/tras-una-batalla-contra-el-cancer-cerebral-fallecio-dikembre-mutombo\/#breadcrumb","itemListElement":[{"@type":"ListItem","position":1,"name":"Inicio","item":"https:\/\/esbozodeportivo.com\/"},{"@type":"ListItem","position":2,"name":"Tras una batalla contra el C\u00e1ncer cerebral falleci\u00f3 Dikembre Mutombo"}]},{"@type":"WebSite","@id":"https:\/\/esbozodeportivo.com\/#website","url":"https:\/\/esbozodeportivo.com\/","name":"Esbozo Deportivo","description":"Lo m\u00e1s importante del Deporte","publisher":{"@id":"https:\/\/esbozodeportivo.com\/#organization"},"potentialAction":[{"@type":"SearchAction","target":{"@type":"EntryPoint","urlTemplate":"https:\/\/esbozodeportivo.com\/?s={search_term_string}"},"query-input":{"@type":"PropertyValueSpecification","valueRequired":true,"valueName":"search_term_string"}}],"inLanguage":"es"},{"@type":"Organization","@id":"https:\/\/esbozodeportivo.com\/#organization","name":"Esbozo Deportivo","url":"https:\/\/esbozodeportivo.com\/","logo":{"@type":"ImageObject","inLanguage":"es","@id":"https:\/\/esbozodeportivo.com\/#\/schema\/logo\/image\/","url":"https:\/\/esbozodeportivo.com\/wp-content\/uploads\/2022\/08\/cropped-Logo-Esbozo-Web-2.png","contentUrl":"https:\/\/esbozodeportivo.com\/wp-content\/uploads\/2022\/08\/cropped-Logo-Esbozo-Web-2.png","width":180,"height":50,"caption":"Esbozo Deportivo"},"image":{"@id":"https:\/\/esbozodeportivo.com\/#\/schema\/logo\/image\/"}},{"@type":"Person","@id":"https:\/\/esbozodeportivo.com\/#\/schema\/person\/7277119c98823aec37bbb84e125efd44","name":"Javier De La Cruz","image":{"@type":"ImageObject","inLanguage":"es","@id":"https:\/\/esbozodeportivo.com\/#\/schema\/person\/image\/","url":"https:\/\/secure.gravatar.com\/avatar\/366235a56d20f1a6e8e3d0b295897639357bea880470ddf261d17bb0bc052eb1?s=96&d=mm&r=g","contentUrl":"https:\/\/secure.gravatar.com\/avatar\/366235a56d20f1a6e8e3d0b295897639357bea880470ddf261d17bb0bc052eb1?s=96&d=mm&r=g","caption":"Javier De La Cruz"},"url":"https:\/\/esbozodeportivo.com\/index.php\/author\/javier-de-la-cruz-de-la-cruz\/"}]}},"jetpack_featured_media_url":"https:\/\/esbozodeportivo.com\/wp-content\/uploads\/2024\/10\/GYu6DGEXcAEBgu9.jpg","jetpack_sharing_enabled":true,"_links":{"self":[{"href":"https:\/\/esbozodeportivo.com\/index.php\/wp-json\/wp\/v2\/posts\/4482","targetHints":{"allow":["GET"]}}],"collection":[{"href":"https:\/\/esbozodeportivo.com\/index.php\/wp-json\/wp\/v2\/posts"}],"about":[{"href":"https:\/\/esbozodeportivo.com\/index.php\/wp-json\/wp\/v2\/types\/post"}],"author":[{"embeddable":true,"href":"https:\/\/esbozodeportivo.com\/index.php\/wp-json\/wp\/v2\/users\/2"}],"replies":[{"embeddable":true,"href":"https:\/\/esbozodeportivo.com\/index.php\/wp-json\/wp\/v2\/comments?post=4482"}],"version-history":[{"count":5,"href":"https:\/\/esbozodeportivo.com\/index.php\/wp-json\/wp\/v2\/posts\/4482\/revisions"}],"predecessor-version":[{"id":4565,"href":"https:\/\/esbozodeportivo.com\/index.php\/wp-json\/wp\/v2\/posts\/4482\/revisions\/4565"}],"wp:featuredmedia":[{"embeddable":true,"href":"https:\/\/esbozodeportivo.com\/index.php\/wp-json\/wp\/v2\/media\/4484"}],"wp:attachment":[{"href":"https:\/\/esbozodeportivo.com\/index.php\/wp-json\/wp\/v2\/media?parent=4482"}],"wp:term":[{"taxonomy":"category","embeddable":true,"href":"https:\/\/esbozodeportivo.com\/index.php\/wp-json\/wp\/v2\/categories?post=4482"},{"taxonomy":"post_tag","embeddable":true,"href":"https:\/\/esbozodeportivo.com\/index.php\/wp-json\/wp\/v2\/tags?post=4482"}],"curies":[{"name":"wp","href":"https:\/\/api.w.org\/{rel}","templated":true}]}}