{"id":4504,"date":"2024-10-02T08:48:40","date_gmt":"2024-10-02T08:48:40","guid":{"rendered":"https:\/\/esbozodeportivo.com\/?p=4504"},"modified":"2024-10-03T07:07:50","modified_gmt":"2024-10-03T07:07:50","slug":"han-pasado-55-anos-de-los-juegos-olimpicos-de-mexico-68","status":"publish","type":"post","link":"https:\/\/esbozodeportivo.com\/index.php\/2024\/10\/02\/han-pasado-55-anos-de-los-juegos-olimpicos-de-mexico-68\/","title":{"rendered":"Han pasado 56 a\u00f1os de los Juegos Ol\u00edmpicos de M\u00e9xico 68"},"content":{"rendered":"<p><img loading=\"lazy\" decoding=\"async\" width=\"640\" height=\"364\" src=\"https:\/\/esbozodeportivo.com\/wp-content\/uploads\/2024\/10\/mexico-68-1024x583.jpg\" alt=\"mexico 68\" srcset=\"https:\/\/esbozodeportivo.com\/wp-content\/uploads\/2024\/10\/mexico-68-1024x583.jpg 1024w, https:\/\/esbozodeportivo.com\/wp-content\/uploads\/2024\/10\/mexico-68-300x171.jpg 300w, https:\/\/esbozodeportivo.com\/wp-content\/uploads\/2024\/10\/mexico-68-768x437.jpg 768w, https:\/\/esbozodeportivo.com\/wp-content\/uploads\/2024\/10\/mexico-68.jpg 1200w\" sizes=\"auto, (max-width: 640px) 100vw, 640px\" \/>\t\t\t\t\t\t\t\t\t\t\t\t\t<\/p>\n<p><strong>(Foto: Cortes\u00eda)\u00a0<\/strong><\/p>\n<p><strong><em>Por Javier de la Cruz<\/em><\/strong><\/p>\n<p><strong><em>* D\u00edaz Ordaz, inaugur\u00f3 la Justa Ol\u00edmpica el 12 de octubre , sin embargo ya se hab\u00eda ganado el\u00a0 repudio de la sociedad el 2 de octubre del 68, en Tlatelolco.<\/em><\/strong><\/p>\n<p>El <strong><em>\u00a12 de octubre no se olvida! <\/em><\/strong>en 1968 M\u00e9xico, pasaba una crisis social por los movimientos estudiantiles, que se llevaban a cabo desde julio de ese a\u00f1o y a diez d\u00edas de la inauguraci\u00f3n de la XIX edici\u00f3n de los <strong><em>Juegos Ol\u00edmpicos M\u00e9xico 68<\/em><\/strong>, el entonces presidente de la rep\u00fablica <strong><em>Gustavo D\u00edaz Ordaz<\/em><\/strong>, pas\u00f3 a la historia, no por haber sido el encargado de dar la apertura a los Juegos, si no, por ser el verdugo de la matanza de estudiantes en la Plaza de las Tres Culturas en Tlatelolco.<\/p>\n<p>Se cumplen <strong><em>56 a\u00f1os<\/em><\/strong>, de la inauguraci\u00f3n los <strong><em>Juegos Ol\u00edmpicos de M\u00e9xico 68<\/em><\/strong>, pero tambi\u00e9n de la tr\u00e1gica tarde en la <strong><em>Plaza de las Tres Culturas de Tlatelolco<\/em><\/strong>, donde se conmemora a los estudiantes ca\u00eddos el 2 de octubre.<\/p>\n<p>El 18 de octubre de 1963, el <strong><em>Comit\u00e9 Ol\u00edmpico Internacional (COI),<\/em><\/strong> presidida por <strong><em>Pierre de Couberti<\/em><\/strong>, daba a M\u00e9xico la sede para organizar los XIX Juegos Ol\u00edmpicos, luego de obtener 30 votos por encima de Estados Unidos, Francia y Argentina. Tras darse a conocer la noticia el gobierno de <strong><em>Adolfo L\u00f3pez Mateos<\/em><\/strong>, comenz\u00f3 las gestiones para que el 12 de octubre de 1968, M\u00e9xico, organizar\u00e1 por primera vez una justa ol\u00edmpica.<\/p>\n<p>De 1963 a 1968, M\u00e9xico, espec\u00edficamente el entonces <strong><em>Distrito Federal<\/em><\/strong> hoy (Ciudad de M\u00e9xico) vivi\u00f3 cambios sociales radicales y pol\u00edticos el 1 de diciembre de 1964, <strong><em>Gustavo D\u00edaz Ordaz Bola\u00f1os<\/em><\/strong>, se convirti\u00f3 en Presidente de M\u00e9xico, comenzando as\u00ed una historia negra en nuestro pa\u00eds.<\/p>\n<p>El conflicto estudiantil tuvo su origen el 22 de julio de 1968, cuando estudiantes de la Vocacional 5 del <strong><em>Instituto Polit\u00e9cnico Nacional<\/em><\/strong>, se enfrascaron en una pelea con la preparatoria Isaac Ochoterena, de la <strong><em>Universidad Nacional Aut\u00f3noma de M\u00e9xico<\/em><\/strong>, luego de sostener un partido de futbol americano, en ese entonces el cuerpo de granaderos del <strong><em>Distrito Federal<\/em><\/strong>, irrumpi\u00f3 en las instalaciones de la instituci\u00f3n para tratar de disolver el conflicto, sin embargo la violencia utilizada contra los estudiantes y trabajadores de la Vocacional, tuvo consecuencias sociales, estallando as\u00ed, la represi\u00f3n contra todo aquel que tra\u00eda un libro en la mano.<\/p>\n<p>Desde ese d\u00eda el gobierno de <strong><em>D\u00edaz Ordaz<\/em><\/strong>, orden\u00f3 disuadir toda manifestaci\u00f3n o protesta de estudiantes y trabajadores de todos los sectores a como diera lugar, pues faltaban solo diez d\u00edas para el inicio de las olimpiadas, y habr\u00eda que dar al mundo un ejemplo de solidaridad, paz y tranquilidad.<\/p>\n<p>Fue la tarde del 2 de octubre donde el conflicto social estall\u00f3, luego de varias marchas por todo el pa\u00eds, el <strong><em>Consejo Nacional de Huelga de la UNAM<\/em><\/strong> convoc\u00f3 a un mitin en la <strong><em>Plaza de las Tres Culturas de Tlatelolco<\/em><\/strong>, ah\u00ed se dieron cita cientos de manifestantes entre estudiantes, y varios sectores de la poblaci\u00f3n, tras leerse varios pliegos petitorios por parte de integrantes de CNH, cerca de las 5:55 de la tarde, aparecieron en el cielo luces de bengalas.<\/p>\n<p>El grupo del <strong><em>Batall\u00f3n Olimpia<\/em><\/strong>, quienes se caracterizaron por usar un guante blanco en la mano izquierda, entr\u00f3 en acci\u00f3n, desde el tercer piso del edificio Chihuahua, los disparos cayeron sobre los manifestantes que se encontraban en la <strong><em>Plaza de las Tres Culturas<\/em><\/strong>, siendo esta una de las matanzas m\u00e1s sangrientas en la historia de M\u00e9xico.\u00a0<\/p>\n<p>Pese a la muerte de varios estudiantes y trabajadores, los noticieros nacionales e internacionales en aquel entonces minimizaron la noticia y s\u00f3lo se concretaran a se\u00f1alar, que en <strong><em>Tlatelolco<\/em><\/strong>, se llev\u00f3 a cabo un conflicto entre estudiantes.<\/p>\n<p>As\u00ed lleg\u00f3 el s\u00e1bado <strong><em>12 de octubre<\/em><\/strong>, el presidente de M\u00e9xico, <strong><em>Gustavo D\u00edaz Ordaz<\/em><\/strong>, luego de un discurso donde enfatiz\u00f3, que a pesar de algunos conflictos peque\u00f1os sociales en el pa\u00eds, los <strong><em>XIX Juegos Ol\u00edmpicos de M\u00e9xico 68<\/em><\/strong>, se daban por inaugurado, demostrando al mundo que el 2 de octubre, pas\u00f3 como un d\u00eda com\u00fan y corriente. La atleta <strong><em>Enriqueta Basilio<\/em><\/strong>, fue la encargada de prender el pebetero en Ciudad Universitaria, y estuvo encendido del 12 al 27 de octubre.\u00a0 \u00a0<\/p>\n<p>Sin embargo alg\u00fan sector del p\u00fablico, que se dio cita en el <strong><em>Estadio Ol\u00edmpico de CU<\/em><\/strong>, repudio la matanza de los estudiantes, aventando palomas negras al palco donde se encontraba <strong><em>D\u00edaz Ordaz<\/em><\/strong> y su comitiva.<\/p>\n<p>No, obstante a pesar del conflicto social, el papel de los atletas mexicanos ya en el desarrollo de los <strong><em>Juegos Ol\u00edmpicos del 68<\/em><\/strong>, fue bueno, pues se lograron nueve medallas ol\u00edmpicas, destacando las preseas de oro, de <strong><em>Ricardo Delgado Nogales<\/em><\/strong>, en boxeo; <strong><em>Antonio Rold\u00e1n<\/em><\/strong>, tambi\u00e9n en boxeo y <strong><em>Felipe Mu\u00f1oz Kapamas<\/em><\/strong>, en Nataci\u00f3n.\u00a0<\/p>\n<p>Cabe destacar, que en dicha Justa Ol\u00edmpica, M\u00e9xico, pas\u00f3 a la historia por utilizar la mejor tecnolog\u00eda de aquella \u00e9poca en algunas disciplinas, tambi\u00e9n se destac\u00f3 por ser el primer pa\u00eds en transmitir en v\u00eda sat\u00e9lite para todo el Mundo.<\/p>\n<p>El recuerdo de cientos de mexicanos quedaron escritos en la historia de nuestro pa\u00eds, algunos solo recuerdan que por primera vez, M\u00e9xico, fue sede los Juegos Ol\u00edmpicos, teniendo en la memoria las haza\u00f1as logradas por los atletas aztecas.<\/p>\n<p>Sin embargo para otro sector de la sociedad, el <strong><em>\u00a12 de octubre, no se olvida!<\/em><\/strong> pues la tienen tan presente, a pesar de que se cumplen 56 a\u00f1os, de la tr\u00e1gica tarde que marc\u00f3 a nuestro pa\u00eds, en la <strong><em>Plaza de las Tres Culturas de Tlatelolco<\/em><\/strong>.<\/p>\n<p><strong><em>*Fuentes:<\/em><\/strong><\/p>\n<p><strong><em>* UNAM Global<\/em><\/strong><\/p>\n<p><strong><em>* Movimiento Estudiantil de 1968, inicio<\/em><\/strong><\/p>\n<p><strong><em>* Wikipedia. <\/em><\/strong><\/p>\n<p><strong><em>\u00a0<\/em><\/strong><\/p>\n","protected":false},"excerpt":{"rendered":"<p>(Foto: Cortes\u00eda)\u00a0 Por Javier de la Cruz * D\u00edaz Ordaz, inaugur\u00f3 la Justa Ol\u00edmpica el<\/p>\n","protected":false},"author":2,"featured_media":0,"comment_status":"closed","ping_status":"open","sticky":false,"template":"","format":"standard","meta":{"_jetpack_memberships_contains_paid_content":false,"footnotes":""},"categories":[35],"tags":[],"class_list":["post-4504","post","type-post","status-publish","format-standard","hentry","category-columna"],"yoast_head":"<!-- This site is optimized with the Yoast SEO plugin v25.7 - https:\/\/yoast.com\/wordpress\/plugins\/seo\/ -->\n<title>Han pasado 56 a\u00f1os de los Juegos Ol\u00edmpicos de M\u00e9xico 68 - Esbozo Deportivo<\/title>\n<meta name=\"robots\" content=\"index, follow, max-snippet:-1, max-image-preview:large, max-video-preview:-1\" \/>\n<link rel=\"canonical\" href=\"https:\/\/esbozodeportivo.com\/index.php\/2024\/10\/02\/han-pasado-55-anos-de-los-juegos-olimpicos-de-mexico-68\/\" \/>\n<meta property=\"og:locale\" content=\"es_MX\" \/>\n<meta property=\"og:type\" content=\"article\" \/>\n<meta property=\"og:title\" content=\"Han pasado 56 a\u00f1os de los Juegos Ol\u00edmpicos de M\u00e9xico 68 - Esbozo Deportivo\" \/>\n<meta property=\"og:description\" content=\"(Foto: Cortes\u00eda)\u00a0 Por Javier de la Cruz * D\u00edaz Ordaz, inaugur\u00f3 la Justa Ol\u00edmpica el\" \/>\n<meta property=\"og:url\" content=\"https:\/\/esbozodeportivo.com\/index.php\/2024\/10\/02\/han-pasado-55-anos-de-los-juegos-olimpicos-de-mexico-68\/\" \/>\n<meta property=\"og:site_name\" content=\"Esbozo Deportivo\" \/>\n<meta property=\"article:published_time\" content=\"2024-10-02T08:48:40+00:00\" \/>\n<meta property=\"article:modified_time\" content=\"2024-10-03T07:07:50+00:00\" \/>\n<meta property=\"og:image\" content=\"https:\/\/esbozodeportivo.com\/wp-content\/uploads\/2024\/10\/mexico-68-1024x583.jpg\" \/>\n<meta name=\"author\" content=\"Javier De La Cruz\" \/>\n<meta name=\"twitter:card\" content=\"summary_large_image\" \/>\n<meta name=\"twitter:label1\" content=\"Escrito por\" \/>\n\t<meta name=\"twitter:data1\" content=\"Javier De La Cruz\" \/>\n\t<meta name=\"twitter:label2\" content=\"Tiempo de lectura\" \/>\n\t<meta name=\"twitter:data2\" content=\"5 minutos\" \/>\n<script type=\"application\/ld+json\" class=\"yoast-schema-graph\">{\"@context\":\"https:\/\/schema.org\",\"@graph\":[{\"@type\":\"Article\",\"@id\":\"https:\/\/esbozodeportivo.com\/index.php\/2024\/10\/02\/han-pasado-55-anos-de-los-juegos-olimpicos-de-mexico-68\/#article\",\"isPartOf\":{\"@id\":\"https:\/\/esbozodeportivo.com\/index.php\/2024\/10\/02\/han-pasado-55-anos-de-los-juegos-olimpicos-de-mexico-68\/\"},\"author\":{\"name\":\"Javier De La Cruz\",\"@id\":\"https:\/\/esbozodeportivo.com\/#\/schema\/person\/7277119c98823aec37bbb84e125efd44\"},\"headline\":\"Han pasado 56 a\u00f1os de los Juegos Ol\u00edmpicos de M\u00e9xico 68\",\"datePublished\":\"2024-10-02T08:48:40+00:00\",\"dateModified\":\"2024-10-03T07:07:50+00:00\",\"mainEntityOfPage\":{\"@id\":\"https:\/\/esbozodeportivo.com\/index.php\/2024\/10\/02\/han-pasado-55-anos-de-los-juegos-olimpicos-de-mexico-68\/\"},\"wordCount\":972,\"publisher\":{\"@id\":\"https:\/\/esbozodeportivo.com\/#organization\"},\"image\":{\"@id\":\"https:\/\/esbozodeportivo.com\/index.php\/2024\/10\/02\/han-pasado-55-anos-de-los-juegos-olimpicos-de-mexico-68\/#primaryimage\"},\"thumbnailUrl\":\"https:\/\/esbozodeportivo.com\/wp-content\/uploads\/2024\/10\/mexico-68-1024x583.jpg\",\"articleSection\":[\"Columna\"],\"inLanguage\":\"es\"},{\"@type\":\"WebPage\",\"@id\":\"https:\/\/esbozodeportivo.com\/index.php\/2024\/10\/02\/han-pasado-55-anos-de-los-juegos-olimpicos-de-mexico-68\/\",\"url\":\"https:\/\/esbozodeportivo.com\/index.php\/2024\/10\/02\/han-pasado-55-anos-de-los-juegos-olimpicos-de-mexico-68\/\",\"name\":\"Han pasado 56 a\u00f1os de los Juegos Ol\u00edmpicos de M\u00e9xico 68 - Esbozo Deportivo\",\"isPartOf\":{\"@id\":\"https:\/\/esbozodeportivo.com\/#website\"},\"primaryImageOfPage\":{\"@id\":\"https:\/\/esbozodeportivo.com\/index.php\/2024\/10\/02\/han-pasado-55-anos-de-los-juegos-olimpicos-de-mexico-68\/#primaryimage\"},\"image\":{\"@id\":\"https:\/\/esbozodeportivo.com\/index.php\/2024\/10\/02\/han-pasado-55-anos-de-los-juegos-olimpicos-de-mexico-68\/#primaryimage\"},\"thumbnailUrl\":\"https:\/\/esbozodeportivo.com\/wp-content\/uploads\/2024\/10\/mexico-68-1024x583.jpg\",\"datePublished\":\"2024-10-02T08:48:40+00:00\",\"dateModified\":\"2024-10-03T07:07:50+00:00\",\"breadcrumb\":{\"@id\":\"https:\/\/esbozodeportivo.com\/index.php\/2024\/10\/02\/han-pasado-55-anos-de-los-juegos-olimpicos-de-mexico-68\/#breadcrumb\"},\"inLanguage\":\"es\",\"potentialAction\":[{\"@type\":\"ReadAction\",\"target\":[\"https:\/\/esbozodeportivo.com\/index.php\/2024\/10\/02\/han-pasado-55-anos-de-los-juegos-olimpicos-de-mexico-68\/\"]}]},{\"@type\":\"ImageObject\",\"inLanguage\":\"es\",\"@id\":\"https:\/\/esbozodeportivo.com\/index.php\/2024\/10\/02\/han-pasado-55-anos-de-los-juegos-olimpicos-de-mexico-68\/#primaryimage\",\"url\":\"https:\/\/esbozodeportivo.com\/wp-content\/uploads\/2024\/10\/mexico-68.jpg\",\"contentUrl\":\"https:\/\/esbozodeportivo.com\/wp-content\/uploads\/2024\/10\/mexico-68.jpg\",\"width\":1200,\"height\":683},{\"@type\":\"BreadcrumbList\",\"@id\":\"https:\/\/esbozodeportivo.com\/index.php\/2024\/10\/02\/han-pasado-55-anos-de-los-juegos-olimpicos-de-mexico-68\/#breadcrumb\",\"itemListElement\":[{\"@type\":\"ListItem\",\"position\":1,\"name\":\"Inicio\",\"item\":\"https:\/\/esbozodeportivo.com\/\"},{\"@type\":\"ListItem\",\"position\":2,\"name\":\"Han pasado 56 a\u00f1os de los Juegos Ol\u00edmpicos de M\u00e9xico 68\"}]},{\"@type\":\"WebSite\",\"@id\":\"https:\/\/esbozodeportivo.com\/#website\",\"url\":\"https:\/\/esbozodeportivo.com\/\",\"name\":\"Esbozo Deportivo\",\"description\":\"Lo m\u00e1s importante del Deporte\",\"publisher\":{\"@id\":\"https:\/\/esbozodeportivo.com\/#organization\"},\"potentialAction\":[{\"@type\":\"SearchAction\",\"target\":{\"@type\":\"EntryPoint\",\"urlTemplate\":\"https:\/\/esbozodeportivo.com\/?s={search_term_string}\"},\"query-input\":{\"@type\":\"PropertyValueSpecification\",\"valueRequired\":true,\"valueName\":\"search_term_string\"}}],\"inLanguage\":\"es\"},{\"@type\":\"Organization\",\"@id\":\"https:\/\/esbozodeportivo.com\/#organization\",\"name\":\"Esbozo Deportivo\",\"url\":\"https:\/\/esbozodeportivo.com\/\",\"logo\":{\"@type\":\"ImageObject\",\"inLanguage\":\"es\",\"@id\":\"https:\/\/esbozodeportivo.com\/#\/schema\/logo\/image\/\",\"url\":\"https:\/\/esbozodeportivo.com\/wp-content\/uploads\/2022\/08\/cropped-Logo-Esbozo-Web-2.png\",\"contentUrl\":\"https:\/\/esbozodeportivo.com\/wp-content\/uploads\/2022\/08\/cropped-Logo-Esbozo-Web-2.png\",\"width\":180,\"height\":50,\"caption\":\"Esbozo Deportivo\"},\"image\":{\"@id\":\"https:\/\/esbozodeportivo.com\/#\/schema\/logo\/image\/\"}},{\"@type\":\"Person\",\"@id\":\"https:\/\/esbozodeportivo.com\/#\/schema\/person\/7277119c98823aec37bbb84e125efd44\",\"name\":\"Javier De La Cruz\",\"image\":{\"@type\":\"ImageObject\",\"inLanguage\":\"es\",\"@id\":\"https:\/\/esbozodeportivo.com\/#\/schema\/person\/image\/\",\"url\":\"https:\/\/secure.gravatar.com\/avatar\/366235a56d20f1a6e8e3d0b295897639357bea880470ddf261d17bb0bc052eb1?s=96&d=mm&r=g\",\"contentUrl\":\"https:\/\/secure.gravatar.com\/avatar\/366235a56d20f1a6e8e3d0b295897639357bea880470ddf261d17bb0bc052eb1?s=96&d=mm&r=g\",\"caption\":\"Javier De La Cruz\"},\"url\":\"https:\/\/esbozodeportivo.com\/index.php\/author\/javier-de-la-cruz-de-la-cruz\/\"}]}<\/script>\n<!-- \/ Yoast SEO plugin. -->","yoast_head_json":{"title":"Han pasado 56 a\u00f1os de los Juegos Ol\u00edmpicos de M\u00e9xico 68 - Esbozo Deportivo","robots":{"index":"index","follow":"follow","max-snippet":"max-snippet:-1","max-image-preview":"max-image-preview:large","max-video-preview":"max-video-preview:-1"},"canonical":"https:\/\/esbozodeportivo.com\/index.php\/2024\/10\/02\/han-pasado-55-anos-de-los-juegos-olimpicos-de-mexico-68\/","og_locale":"es_MX","og_type":"article","og_title":"Han pasado 56 a\u00f1os de los Juegos Ol\u00edmpicos de M\u00e9xico 68 - Esbozo Deportivo","og_description":"(Foto: Cortes\u00eda)\u00a0 Por Javier de la Cruz * D\u00edaz Ordaz, inaugur\u00f3 la Justa Ol\u00edmpica el","og_url":"https:\/\/esbozodeportivo.com\/index.php\/2024\/10\/02\/han-pasado-55-anos-de-los-juegos-olimpicos-de-mexico-68\/","og_site_name":"Esbozo Deportivo","article_published_time":"2024-10-02T08:48:40+00:00","article_modified_time":"2024-10-03T07:07:50+00:00","og_image":[{"url":"https:\/\/esbozodeportivo.com\/wp-content\/uploads\/2024\/10\/mexico-68-1024x583.jpg","type":"","width":"","height":""}],"author":"Javier De La Cruz","twitter_card":"summary_large_image","twitter_misc":{"Escrito por":"Javier De La Cruz","Tiempo de lectura":"5 minutos"},"schema":{"@context":"https:\/\/schema.org","@graph":[{"@type":"Article","@id":"https:\/\/esbozodeportivo.com\/index.php\/2024\/10\/02\/han-pasado-55-anos-de-los-juegos-olimpicos-de-mexico-68\/#article","isPartOf":{"@id":"https:\/\/esbozodeportivo.com\/index.php\/2024\/10\/02\/han-pasado-55-anos-de-los-juegos-olimpicos-de-mexico-68\/"},"author":{"name":"Javier De La Cruz","@id":"https:\/\/esbozodeportivo.com\/#\/schema\/person\/7277119c98823aec37bbb84e125efd44"},"headline":"Han pasado 56 a\u00f1os de los Juegos Ol\u00edmpicos de M\u00e9xico 68","datePublished":"2024-10-02T08:48:40+00:00","dateModified":"2024-10-03T07:07:50+00:00","mainEntityOfPage":{"@id":"https:\/\/esbozodeportivo.com\/index.php\/2024\/10\/02\/han-pasado-55-anos-de-los-juegos-olimpicos-de-mexico-68\/"},"wordCount":972,"publisher":{"@id":"https:\/\/esbozodeportivo.com\/#organization"},"image":{"@id":"https:\/\/esbozodeportivo.com\/index.php\/2024\/10\/02\/han-pasado-55-anos-de-los-juegos-olimpicos-de-mexico-68\/#primaryimage"},"thumbnailUrl":"https:\/\/esbozodeportivo.com\/wp-content\/uploads\/2024\/10\/mexico-68-1024x583.jpg","articleSection":["Columna"],"inLanguage":"es"},{"@type":"WebPage","@id":"https:\/\/esbozodeportivo.com\/index.php\/2024\/10\/02\/han-pasado-55-anos-de-los-juegos-olimpicos-de-mexico-68\/","url":"https:\/\/esbozodeportivo.com\/index.php\/2024\/10\/02\/han-pasado-55-anos-de-los-juegos-olimpicos-de-mexico-68\/","name":"Han pasado 56 a\u00f1os de los Juegos Ol\u00edmpicos de M\u00e9xico 68 - Esbozo Deportivo","isPartOf":{"@id":"https:\/\/esbozodeportivo.com\/#website"},"primaryImageOfPage":{"@id":"https:\/\/esbozodeportivo.com\/index.php\/2024\/10\/02\/han-pasado-55-anos-de-los-juegos-olimpicos-de-mexico-68\/#primaryimage"},"image":{"@id":"https:\/\/esbozodeportivo.com\/index.php\/2024\/10\/02\/han-pasado-55-anos-de-los-juegos-olimpicos-de-mexico-68\/#primaryimage"},"thumbnailUrl":"https:\/\/esbozodeportivo.com\/wp-content\/uploads\/2024\/10\/mexico-68-1024x583.jpg","datePublished":"2024-10-02T08:48:40+00:00","dateModified":"2024-10-03T07:07:50+00:00","breadcrumb":{"@id":"https:\/\/esbozodeportivo.com\/index.php\/2024\/10\/02\/han-pasado-55-anos-de-los-juegos-olimpicos-de-mexico-68\/#breadcrumb"},"inLanguage":"es","potentialAction":[{"@type":"ReadAction","target":["https:\/\/esbozodeportivo.com\/index.php\/2024\/10\/02\/han-pasado-55-anos-de-los-juegos-olimpicos-de-mexico-68\/"]}]},{"@type":"ImageObject","inLanguage":"es","@id":"https:\/\/esbozodeportivo.com\/index.php\/2024\/10\/02\/han-pasado-55-anos-de-los-juegos-olimpicos-de-mexico-68\/#primaryimage","url":"https:\/\/esbozodeportivo.com\/wp-content\/uploads\/2024\/10\/mexico-68.jpg","contentUrl":"https:\/\/esbozodeportivo.com\/wp-content\/uploads\/2024\/10\/mexico-68.jpg","width":1200,"height":683},{"@type":"BreadcrumbList","@id":"https:\/\/esbozodeportivo.com\/index.php\/2024\/10\/02\/han-pasado-55-anos-de-los-juegos-olimpicos-de-mexico-68\/#breadcrumb","itemListElement":[{"@type":"ListItem","position":1,"name":"Inicio","item":"https:\/\/esbozodeportivo.com\/"},{"@type":"ListItem","position":2,"name":"Han pasado 56 a\u00f1os de los Juegos Ol\u00edmpicos de M\u00e9xico 68"}]},{"@type":"WebSite","@id":"https:\/\/esbozodeportivo.com\/#website","url":"https:\/\/esbozodeportivo.com\/","name":"Esbozo Deportivo","description":"Lo m\u00e1s importante del Deporte","publisher":{"@id":"https:\/\/esbozodeportivo.com\/#organization"},"potentialAction":[{"@type":"SearchAction","target":{"@type":"EntryPoint","urlTemplate":"https:\/\/esbozodeportivo.com\/?s={search_term_string}"},"query-input":{"@type":"PropertyValueSpecification","valueRequired":true,"valueName":"search_term_string"}}],"inLanguage":"es"},{"@type":"Organization","@id":"https:\/\/esbozodeportivo.com\/#organization","name":"Esbozo Deportivo","url":"https:\/\/esbozodeportivo.com\/","logo":{"@type":"ImageObject","inLanguage":"es","@id":"https:\/\/esbozodeportivo.com\/#\/schema\/logo\/image\/","url":"https:\/\/esbozodeportivo.com\/wp-content\/uploads\/2022\/08\/cropped-Logo-Esbozo-Web-2.png","contentUrl":"https:\/\/esbozodeportivo.com\/wp-content\/uploads\/2022\/08\/cropped-Logo-Esbozo-Web-2.png","width":180,"height":50,"caption":"Esbozo Deportivo"},"image":{"@id":"https:\/\/esbozodeportivo.com\/#\/schema\/logo\/image\/"}},{"@type":"Person","@id":"https:\/\/esbozodeportivo.com\/#\/schema\/person\/7277119c98823aec37bbb84e125efd44","name":"Javier De La Cruz","image":{"@type":"ImageObject","inLanguage":"es","@id":"https:\/\/esbozodeportivo.com\/#\/schema\/person\/image\/","url":"https:\/\/secure.gravatar.com\/avatar\/366235a56d20f1a6e8e3d0b295897639357bea880470ddf261d17bb0bc052eb1?s=96&d=mm&r=g","contentUrl":"https:\/\/secure.gravatar.com\/avatar\/366235a56d20f1a6e8e3d0b295897639357bea880470ddf261d17bb0bc052eb1?s=96&d=mm&r=g","caption":"Javier De La Cruz"},"url":"https:\/\/esbozodeportivo.com\/index.php\/author\/javier-de-la-cruz-de-la-cruz\/"}]}},"jetpack_featured_media_url":"","jetpack_sharing_enabled":true,"_links":{"self":[{"href":"https:\/\/esbozodeportivo.com\/index.php\/wp-json\/wp\/v2\/posts\/4504","targetHints":{"allow":["GET"]}}],"collection":[{"href":"https:\/\/esbozodeportivo.com\/index.php\/wp-json\/wp\/v2\/posts"}],"about":[{"href":"https:\/\/esbozodeportivo.com\/index.php\/wp-json\/wp\/v2\/types\/post"}],"author":[{"embeddable":true,"href":"https:\/\/esbozodeportivo.com\/index.php\/wp-json\/wp\/v2\/users\/2"}],"replies":[{"embeddable":true,"href":"https:\/\/esbozodeportivo.com\/index.php\/wp-json\/wp\/v2\/comments?post=4504"}],"version-history":[{"count":14,"href":"https:\/\/esbozodeportivo.com\/index.php\/wp-json\/wp\/v2\/posts\/4504\/revisions"}],"predecessor-version":[{"id":4526,"href":"https:\/\/esbozodeportivo.com\/index.php\/wp-json\/wp\/v2\/posts\/4504\/revisions\/4526"}],"wp:attachment":[{"href":"https:\/\/esbozodeportivo.com\/index.php\/wp-json\/wp\/v2\/media?parent=4504"}],"wp:term":[{"taxonomy":"category","embeddable":true,"href":"https:\/\/esbozodeportivo.com\/index.php\/wp-json\/wp\/v2\/categories?post=4504"},{"taxonomy":"post_tag","embeddable":true,"href":"https:\/\/esbozodeportivo.com\/index.php\/wp-json\/wp\/v2\/tags?post=4504"}],"curies":[{"name":"wp","href":"https:\/\/api.w.org\/{rel}","templated":true}]}}