{"id":4596,"date":"2024-10-14T18:00:06","date_gmt":"2024-10-14T18:00:06","guid":{"rendered":"https:\/\/esbozodeportivo.com\/?p=4596"},"modified":"2024-10-14T18:00:07","modified_gmt":"2024-10-14T18:00:07","slug":"construyendo-sociedad-a-partir-del-deporte","status":"publish","type":"post","link":"https:\/\/esbozodeportivo.com\/index.php\/2024\/10\/14\/construyendo-sociedad-a-partir-del-deporte\/","title":{"rendered":"Construyendo Sociedad a Partir del Deporte"},"content":{"rendered":"\n<p>(Foto: acu\u00e1ticanelsonvargas)<br><br>Los infantiles y juveniles a competencia con nueva prueba:<\/p>\n\n\n\n<p>Desde el jueves 10 y hasta el domingo 13 de octubre se llev\u00f3 a cabo la 37\u00b0 Copa <strong><em>anv <\/em><\/strong>\u201c<em>Infantil y Juvenil\u201d, <\/em>evento deportivo que se llev\u00f3 a cabo en la alberca semiol\u00edmpica de Dorados Conventions y Resort, ubicado en Oaxtepec \u2013 Morelos, donde, gracias a la confianza adquirida en eventos innovadores y bien organizados se lograron reunir a los nadadores de los equipos <strong><em>anv, <\/em><\/strong>sumando un total de 560 atletas participantes<strong><em>.<\/em><\/strong><\/p>\n\n\n\n<p>Esta cita competitiva se gesta con la finalidad de potencializar el esfuerzo para conseguir marcas para la participaci\u00f3n en otras competencias. Adem\u00e1s, en estas 37 versiones del torneo se busca evaluar y conocer el nivel t\u00e9cnico y de comportamiento en un ambiente de competencia a la poblaci\u00f3n de 10 a\u00f1os y menores.<\/p>\n\n\n\n<p>Como parte del proceso de innovaci\u00f3n se realiz\u00f3 una nueva prueba, denominada: <em>\u201cPENTACUATLON\u201d<\/em>, nueva prueba que se integra por la suma de tiempo de las siguientes pruebas, como lo son los cuatro estilos (espalda, pecho, mariposa y libre), m\u00e1s el combinado individual, la suma del tiempo de cada una de estas pruebas nos da la opci\u00f3n de conocer el campe\u00f3n por categor\u00eda y rama.<\/p>\n\n\n\n<p>Los campeones individuales de esta la primera versi\u00f3n del \u201c<em>PENTACUATLON\u201d, <\/em>solo fueron premiadas las categor\u00edas infantiles, que est\u00e1n integradas por los atletas y por distancias, as\u00ed:<\/p>\n\n\n\n<ul class=\"wp-block-list\">\n<li>8 y menores \u2013 25 metros<\/li>\n\n\n\n<li>9 y 10 a\u00f1os \u2013 50 metros<\/li>\n\n\n\n<li>11 y 12 a\u00f1os \u2013 100 metros<\/li>\n<\/ul>\n\n\n\n<p>Es de darse a conocer que a partir de los 13 y mayores, los nadadores fueron premiados por puntuaci\u00f3n como cualquier otro evento:<\/p>\n\n\n\n<p>Primeras dos posiciones en el <em><u>PENTACUATLON<\/u><\/em>:<\/p>\n\n\n\n<figure class=\"wp-block-table\"><table class=\"has-fixed-layout\"><tbody><tr><td><strong>POSICI\u00d3N<\/strong><\/td><td><strong>CATEGOR\u00cdA<\/strong><\/td><td><strong>NOMBRE<\/strong><\/td><td><strong>SUCURSAL<\/strong><\/td><td><strong>TIEMPO ACUMULADO<\/strong><\/td><\/tr><tr><td>1<\/td><td>8 y menores<\/td><td>Sandra Bevia Correa<\/td><td><strong><em>Anv<\/em><\/strong> Lindavista<\/td><td>2.43.45<\/td><\/tr><tr><td>2<\/td><td>8 y menores<\/td><td>Ana Paula Hern\u00e1ndez<\/td><td><strong><em>Anv<\/em><\/strong> Aguascalientes<\/td><td>3.05.68<\/td><\/tr><tr><td>1<\/td><td>8 y menores<\/td><td>Nicolas Suarez S\u00e1nchez<\/td><td><strong><em>Anv<\/em><\/strong> Puebla<\/td><td>3.02.54<\/td><\/tr><tr><td>2<\/td><td>8 y menores<\/td><td>Juan Pablo Medrano Luna<\/td><td><strong><em>Anv <\/em><\/strong>Aguascalientes<\/td><td>3.03.70<\/td><\/tr><tr><td>1<\/td><td>9 y 10 a\u00f1os<\/td><td>Mariana Pineda Pe\u00f1a<\/td><td><strong><em>Anv <\/em><\/strong>San Jer\u00f3nimo<\/td><td>5.21.81<\/td><\/tr><tr><td>2<\/td><td>9 y 10 a\u00f1os<\/td><td>Sophia Ram\u00edrez Montes<\/td><td><strong><em>Anv<\/em><\/strong> Centro de E.<\/td><td>5.35.66<\/td><\/tr><tr><td>1<\/td><td>9 y 10 a\u00f1os<\/td><td>Santiago Ram\u00edrez Montes<\/td><td><strong><em>Anv<\/em><\/strong> Centro de E.<\/td><td>5.30.40<\/td><\/tr><tr><td>2<\/td><td>9 y 10 a\u00f1os<\/td><td>Mateo Cruz Moro<\/td><td><strong><em>Anv <\/em><\/strong>Centro de E.<\/td><td>5.34.92<\/td><\/tr><tr><td>1<\/td><td>11 y 12 a\u00f1os<\/td><td>Sarah Guerrero Vargas<\/td><td><strong><em>Anv <\/em><\/strong>Sat\u00e9lite<\/td><td>7.06.10<\/td><\/tr><tr><td>2<\/td><td>11 y 12 a\u00f1os<\/td><td>Mar\u00eda Renee Honorato Z.<\/td><td><strong><em>Anv<\/em><\/strong> Lindavista<\/td><td>7.51.68<\/td><\/tr><\/tbody><\/table><\/figure>\n\n\n\n<p>Campeones individuales por categor\u00edas:<\/p>\n\n\n\n<figure class=\"wp-block-table\"><table class=\"has-fixed-layout\"><tbody><tr><td><strong>POSICI\u00d3N<\/strong><\/td><td><strong>CATEGOR\u00cdA<\/strong><\/td><td><strong>NOMBRE<\/strong><\/td><td><strong>SUCURSAL<\/strong><\/td><\/tr><tr><td>1<\/td><td>13 \u2013 14 a\u00f1os<\/td><td>Jessica Perla Garc\u00eda God\u00ednez<\/td><td><strong><em>Anv <\/em><\/strong>Las Arboledas<strong><em><\/em><\/strong><\/td><\/tr><tr><td>1<\/td><td>13 \u2013 14 a\u00f1os<\/td><td>Jos\u00e9 Lever Gonz\u00e1lez<\/td><td><strong><em>Anv <\/em><\/strong>Del Valle<\/td><\/tr><tr><td>1<\/td><td>15 \u2013 16 a\u00f1os<\/td><td>Katherina Ca\u00f1edo Gonz\u00e1lez<\/td><td><strong><em>Anv<\/em><\/strong> Interlomas<\/td><\/tr><tr><td>1<\/td><td>15 \u2013 16 a\u00f1os<\/td><td>Gael Armando Hern\u00e1ndez<\/td><td><strong><em>Anv<\/em><\/strong> Sat\u00e9lite<\/td><\/tr><tr><td>1<\/td><td>17 \u2013 18 a\u00f1os<\/td><td>Giannitsa Garc\u00eda L\u00f3pez<\/td><td><strong><em>Anv<\/em><\/strong> Centro de Entrenamiento<\/td><\/tr><tr><td>1<\/td><td>17 \u2013 18 a\u00f1os<\/td><td>Alonso Rodr\u00edguez Moscoso<\/td><td><strong><em>Anv<\/em><\/strong> Interlomas<\/td><\/tr><\/tbody><\/table><\/figure>\n\n\n\n<p>Campeones individuales por categor\u00edas:<\/p>\n\n\n\n<figure class=\"wp-block-table\"><table class=\"has-fixed-layout\"><tbody><tr><td><strong>POSICI\u00d3N<\/strong><\/td><td><strong>CATEGOR\u00cdA<\/strong><\/td><td><strong>NOMBRE<\/strong><\/td><td><strong>SUCURSAL<\/strong><\/td><\/tr><tr><td>1<\/td><td>DAMAS<\/td><td>Giannitsa Garc\u00eda L\u00f3pez<\/td><td><strong><em>Anv<\/em><\/strong> Centro de Entrenamiento<\/td><\/tr><tr><td>1<\/td><td>VARONES<\/td><td>Santiago Blanco Guido<\/td><td><strong><em>Anv<\/em><\/strong> Interlomas<\/td><\/tr><\/tbody><\/table><\/figure>\n\n\n\n<p>Campe\u00f3n por medallas:<\/p>\n\n\n\n<figure class=\"wp-block-table\"><table class=\"has-fixed-layout\"><tbody><tr><td><strong>POSICI\u00d3N<\/strong><\/td><td><strong>EQUIPO<\/strong><\/td><td><strong>ORO<\/strong><\/td><td><strong>PLATA<\/strong><\/td><td><strong>BRONCE<\/strong><\/td><td><strong>TOTAL<\/strong><\/td><\/tr><tr><td>1<\/td><td><strong><em>Anv <\/em><\/strong>Centro de Entrenamiento<\/td><td>61<\/td><td>44<\/td><td>24<\/td><td>129<\/td><\/tr><\/tbody><\/table><\/figure>\n\n\n\n<p>Antes de finalizar, es de destacarse el gran trabajo gestado por los miembros que equipo de Centro de Entrenamiento, quienes ocuparon la primera plaza por medallas, esto al consolidar un total de 129 preseas, logradas as\u00ed: 61 de oro, 44 de plata y 24 de bronce.<\/p>\n\n\n\n<p>Construyendo el futuro de la nataci\u00f3n mexicana:<\/p>\n\n\n\n<p>Durante las jornadas del 12 y 13 de octubre se realiz\u00f3 el Festival de Clasificaci\u00f3n de Oto\u00f1o, evento en donde participaron 942 deportistas de nuestras sucursales. De acuerdo a nuestro director de escuelas el ex nadador ol\u00edmpico, Ricardo Vargas, este es: <em>\u201c\u2026 Un evento que busca que cada uno de los participantes empiecen a vivir la competencia, a sentir la experiencia y sobre todo a comprender como es el proceso de formaci\u00f3n.<\/em><\/p>\n\n\n\n<p><em>Dentro de la organizaci\u00f3n este suceso se organiza de la forma m\u00e1s profesional posible, esto, con un objetivo, que cada participante sienta de la forma m\u00e1s cercana posible lo que pueden vivir, m\u00e1s adelante en su proceso deportivo\u2026\u201d.<\/em><\/p>\n\n\n\n<p>Adem\u00e1s, es de se\u00f1alarse que en este evento se vive una verdadera demostraci\u00f3n de las habilidades aprendidas durante el proceso de ense\u00f1anza, de destacarse que algunos de ellos, con un talento excepcional pueden lograr clasificarse a nuestros preequipos, logrando as\u00ed su primer paso para alcanzar el alto rendimiento.<\/p>\n\n\n\n<p>Los participantes:<\/p>\n\n\n\n<figure class=\"wp-block-table\"><table class=\"has-fixed-layout\"><tbody><tr><td><strong>No.<\/strong><\/td><td><strong>SUCURSAL<\/strong><\/td><td><strong>PARTICIPANTES<\/strong><\/td><td><strong>&nbsp;<\/strong><\/td><td><strong>No.<\/strong><\/td><td><strong>SUCURSAL<\/strong><\/td><td><strong>PARTICIPANTES<\/strong><\/td><\/tr><tr><td>1<\/td><td>Aguascalientes<\/td><td>56<\/td><td>&nbsp;<\/td><td>7<\/td><td>Le\u00f3n<\/td><td>37<\/td><\/tr><tr><td>2<\/td><td>Coapa<\/td><td>86<\/td><td>&nbsp;<\/td><td>8<\/td><td>Lindavista<\/td><td>141<\/td><\/tr><tr><td>3<\/td><td>Coyoac\u00e1n<\/td><td>56<\/td><td>&nbsp;<\/td><td>9<\/td><td>Plaza Central<\/td><td>141<\/td><\/tr><tr><td>4<\/td><td>Del Valle<\/td><td>114<\/td><td>&nbsp;<\/td><td>10<\/td><td>Portal Centenario<\/td><td>72<\/td><\/tr><tr><td>5<\/td><td>Interlomas<\/td><td>84<\/td><td>&nbsp;<\/td><td>11<\/td><td>Puebla<\/td><td>73<\/td><\/tr><tr><td>6<\/td><td>Las Arboledas<\/td><td>82<\/td><td>&nbsp;<\/td><td colspan=\"2\"><strong>TOTAL<\/strong><\/td><td><strong>942<\/strong><\/td><\/tr><\/tbody><\/table><\/figure>\n","protected":false},"excerpt":{"rendered":"<p>(Foto: acu\u00e1ticanelsonvargas) Los infantiles y juveniles a competencia con nueva prueba: Desde el jueves 10<\/p>\n","protected":false},"author":2,"featured_media":4597,"comment_status":"closed","ping_status":"open","sticky":false,"template":"","format":"standard","meta":{"_jetpack_memberships_contains_paid_content":false,"footnotes":""},"categories":[29],"tags":[],"class_list":["post-4596","post","type-post","status-publish","format-standard","has-post-thumbnail","hentry","category-agua-plataforma"],"yoast_head":"<!-- This site is optimized with the Yoast SEO plugin v25.7 - https:\/\/yoast.com\/wordpress\/plugins\/seo\/ -->\n<title>Construyendo Sociedad a Partir del Deporte - Esbozo Deportivo<\/title>\n<meta name=\"robots\" content=\"index, follow, max-snippet:-1, max-image-preview:large, max-video-preview:-1\" \/>\n<link rel=\"canonical\" href=\"https:\/\/esbozodeportivo.com\/index.php\/2024\/10\/14\/construyendo-sociedad-a-partir-del-deporte\/\" \/>\n<meta property=\"og:locale\" content=\"es_MX\" \/>\n<meta property=\"og:type\" content=\"article\" \/>\n<meta property=\"og:title\" content=\"Construyendo Sociedad a Partir del Deporte - Esbozo Deportivo\" \/>\n<meta property=\"og:description\" content=\"(Foto: acu\u00e1ticanelsonvargas) Los infantiles y juveniles a competencia con nueva prueba: Desde el jueves 10\" \/>\n<meta property=\"og:url\" content=\"https:\/\/esbozodeportivo.com\/index.php\/2024\/10\/14\/construyendo-sociedad-a-partir-del-deporte\/\" \/>\n<meta property=\"og:site_name\" content=\"Esbozo Deportivo\" \/>\n<meta property=\"article:published_time\" content=\"2024-10-14T18:00:06+00:00\" \/>\n<meta property=\"article:modified_time\" content=\"2024-10-14T18:00:07+00:00\" \/>\n<meta property=\"og:image\" content=\"https:\/\/esbozodeportivo.com\/wp-content\/uploads\/2024\/10\/Nadadora.jpg\" \/>\n\t<meta property=\"og:image:width\" content=\"1600\" \/>\n\t<meta property=\"og:image:height\" content=\"1066\" \/>\n\t<meta property=\"og:image:type\" content=\"image\/jpeg\" \/>\n<meta name=\"author\" content=\"Javier De La Cruz\" \/>\n<meta name=\"twitter:card\" content=\"summary_large_image\" \/>\n<meta name=\"twitter:label1\" content=\"Escrito por\" \/>\n\t<meta name=\"twitter:data1\" content=\"Javier De La Cruz\" \/>\n\t<meta name=\"twitter:label2\" content=\"Tiempo de lectura\" \/>\n\t<meta name=\"twitter:data2\" content=\"3 minutos\" \/>\n<script type=\"application\/ld+json\" class=\"yoast-schema-graph\">{\"@context\":\"https:\/\/schema.org\",\"@graph\":[{\"@type\":\"Article\",\"@id\":\"https:\/\/esbozodeportivo.com\/index.php\/2024\/10\/14\/construyendo-sociedad-a-partir-del-deporte\/#article\",\"isPartOf\":{\"@id\":\"https:\/\/esbozodeportivo.com\/index.php\/2024\/10\/14\/construyendo-sociedad-a-partir-del-deporte\/\"},\"author\":{\"name\":\"Javier De La Cruz\",\"@id\":\"https:\/\/esbozodeportivo.com\/#\/schema\/person\/7277119c98823aec37bbb84e125efd44\"},\"headline\":\"Construyendo Sociedad a Partir del Deporte\",\"datePublished\":\"2024-10-14T18:00:06+00:00\",\"dateModified\":\"2024-10-14T18:00:07+00:00\",\"mainEntityOfPage\":{\"@id\":\"https:\/\/esbozodeportivo.com\/index.php\/2024\/10\/14\/construyendo-sociedad-a-partir-del-deporte\/\"},\"wordCount\":739,\"publisher\":{\"@id\":\"https:\/\/esbozodeportivo.com\/#organization\"},\"image\":{\"@id\":\"https:\/\/esbozodeportivo.com\/index.php\/2024\/10\/14\/construyendo-sociedad-a-partir-del-deporte\/#primaryimage\"},\"thumbnailUrl\":\"https:\/\/esbozodeportivo.com\/wp-content\/uploads\/2024\/10\/Nadadora.jpg\",\"articleSection\":[\"Nataci\u00f3n\"],\"inLanguage\":\"es\"},{\"@type\":\"WebPage\",\"@id\":\"https:\/\/esbozodeportivo.com\/index.php\/2024\/10\/14\/construyendo-sociedad-a-partir-del-deporte\/\",\"url\":\"https:\/\/esbozodeportivo.com\/index.php\/2024\/10\/14\/construyendo-sociedad-a-partir-del-deporte\/\",\"name\":\"Construyendo Sociedad a Partir del Deporte - Esbozo Deportivo\",\"isPartOf\":{\"@id\":\"https:\/\/esbozodeportivo.com\/#website\"},\"primaryImageOfPage\":{\"@id\":\"https:\/\/esbozodeportivo.com\/index.php\/2024\/10\/14\/construyendo-sociedad-a-partir-del-deporte\/#primaryimage\"},\"image\":{\"@id\":\"https:\/\/esbozodeportivo.com\/index.php\/2024\/10\/14\/construyendo-sociedad-a-partir-del-deporte\/#primaryimage\"},\"thumbnailUrl\":\"https:\/\/esbozodeportivo.com\/wp-content\/uploads\/2024\/10\/Nadadora.jpg\",\"datePublished\":\"2024-10-14T18:00:06+00:00\",\"dateModified\":\"2024-10-14T18:00:07+00:00\",\"breadcrumb\":{\"@id\":\"https:\/\/esbozodeportivo.com\/index.php\/2024\/10\/14\/construyendo-sociedad-a-partir-del-deporte\/#breadcrumb\"},\"inLanguage\":\"es\",\"potentialAction\":[{\"@type\":\"ReadAction\",\"target\":[\"https:\/\/esbozodeportivo.com\/index.php\/2024\/10\/14\/construyendo-sociedad-a-partir-del-deporte\/\"]}]},{\"@type\":\"ImageObject\",\"inLanguage\":\"es\",\"@id\":\"https:\/\/esbozodeportivo.com\/index.php\/2024\/10\/14\/construyendo-sociedad-a-partir-del-deporte\/#primaryimage\",\"url\":\"https:\/\/esbozodeportivo.com\/wp-content\/uploads\/2024\/10\/Nadadora.jpg\",\"contentUrl\":\"https:\/\/esbozodeportivo.com\/wp-content\/uploads\/2024\/10\/Nadadora.jpg\",\"width\":1600,\"height\":1066},{\"@type\":\"BreadcrumbList\",\"@id\":\"https:\/\/esbozodeportivo.com\/index.php\/2024\/10\/14\/construyendo-sociedad-a-partir-del-deporte\/#breadcrumb\",\"itemListElement\":[{\"@type\":\"ListItem\",\"position\":1,\"name\":\"Inicio\",\"item\":\"https:\/\/esbozodeportivo.com\/\"},{\"@type\":\"ListItem\",\"position\":2,\"name\":\"Construyendo Sociedad a Partir del Deporte\"}]},{\"@type\":\"WebSite\",\"@id\":\"https:\/\/esbozodeportivo.com\/#website\",\"url\":\"https:\/\/esbozodeportivo.com\/\",\"name\":\"Esbozo Deportivo\",\"description\":\"Lo m\u00e1s importante del Deporte\",\"publisher\":{\"@id\":\"https:\/\/esbozodeportivo.com\/#organization\"},\"potentialAction\":[{\"@type\":\"SearchAction\",\"target\":{\"@type\":\"EntryPoint\",\"urlTemplate\":\"https:\/\/esbozodeportivo.com\/?s={search_term_string}\"},\"query-input\":{\"@type\":\"PropertyValueSpecification\",\"valueRequired\":true,\"valueName\":\"search_term_string\"}}],\"inLanguage\":\"es\"},{\"@type\":\"Organization\",\"@id\":\"https:\/\/esbozodeportivo.com\/#organization\",\"name\":\"Esbozo Deportivo\",\"url\":\"https:\/\/esbozodeportivo.com\/\",\"logo\":{\"@type\":\"ImageObject\",\"inLanguage\":\"es\",\"@id\":\"https:\/\/esbozodeportivo.com\/#\/schema\/logo\/image\/\",\"url\":\"https:\/\/esbozodeportivo.com\/wp-content\/uploads\/2022\/08\/cropped-Logo-Esbozo-Web-2.png\",\"contentUrl\":\"https:\/\/esbozodeportivo.com\/wp-content\/uploads\/2022\/08\/cropped-Logo-Esbozo-Web-2.png\",\"width\":180,\"height\":50,\"caption\":\"Esbozo Deportivo\"},\"image\":{\"@id\":\"https:\/\/esbozodeportivo.com\/#\/schema\/logo\/image\/\"}},{\"@type\":\"Person\",\"@id\":\"https:\/\/esbozodeportivo.com\/#\/schema\/person\/7277119c98823aec37bbb84e125efd44\",\"name\":\"Javier De La Cruz\",\"image\":{\"@type\":\"ImageObject\",\"inLanguage\":\"es\",\"@id\":\"https:\/\/esbozodeportivo.com\/#\/schema\/person\/image\/\",\"url\":\"https:\/\/secure.gravatar.com\/avatar\/366235a56d20f1a6e8e3d0b295897639357bea880470ddf261d17bb0bc052eb1?s=96&d=mm&r=g\",\"contentUrl\":\"https:\/\/secure.gravatar.com\/avatar\/366235a56d20f1a6e8e3d0b295897639357bea880470ddf261d17bb0bc052eb1?s=96&d=mm&r=g\",\"caption\":\"Javier De La Cruz\"},\"url\":\"https:\/\/esbozodeportivo.com\/index.php\/author\/javier-de-la-cruz-de-la-cruz\/\"}]}<\/script>\n<!-- \/ Yoast SEO plugin. -->","yoast_head_json":{"title":"Construyendo Sociedad a Partir del Deporte - Esbozo Deportivo","robots":{"index":"index","follow":"follow","max-snippet":"max-snippet:-1","max-image-preview":"max-image-preview:large","max-video-preview":"max-video-preview:-1"},"canonical":"https:\/\/esbozodeportivo.com\/index.php\/2024\/10\/14\/construyendo-sociedad-a-partir-del-deporte\/","og_locale":"es_MX","og_type":"article","og_title":"Construyendo Sociedad a Partir del Deporte - Esbozo Deportivo","og_description":"(Foto: acu\u00e1ticanelsonvargas) Los infantiles y juveniles a competencia con nueva prueba: Desde el jueves 10","og_url":"https:\/\/esbozodeportivo.com\/index.php\/2024\/10\/14\/construyendo-sociedad-a-partir-del-deporte\/","og_site_name":"Esbozo Deportivo","article_published_time":"2024-10-14T18:00:06+00:00","article_modified_time":"2024-10-14T18:00:07+00:00","og_image":[{"width":1600,"height":1066,"url":"https:\/\/esbozodeportivo.com\/wp-content\/uploads\/2024\/10\/Nadadora.jpg","type":"image\/jpeg"}],"author":"Javier De La Cruz","twitter_card":"summary_large_image","twitter_misc":{"Escrito por":"Javier De La Cruz","Tiempo de lectura":"3 minutos"},"schema":{"@context":"https:\/\/schema.org","@graph":[{"@type":"Article","@id":"https:\/\/esbozodeportivo.com\/index.php\/2024\/10\/14\/construyendo-sociedad-a-partir-del-deporte\/#article","isPartOf":{"@id":"https:\/\/esbozodeportivo.com\/index.php\/2024\/10\/14\/construyendo-sociedad-a-partir-del-deporte\/"},"author":{"name":"Javier De La Cruz","@id":"https:\/\/esbozodeportivo.com\/#\/schema\/person\/7277119c98823aec37bbb84e125efd44"},"headline":"Construyendo Sociedad a Partir del Deporte","datePublished":"2024-10-14T18:00:06+00:00","dateModified":"2024-10-14T18:00:07+00:00","mainEntityOfPage":{"@id":"https:\/\/esbozodeportivo.com\/index.php\/2024\/10\/14\/construyendo-sociedad-a-partir-del-deporte\/"},"wordCount":739,"publisher":{"@id":"https:\/\/esbozodeportivo.com\/#organization"},"image":{"@id":"https:\/\/esbozodeportivo.com\/index.php\/2024\/10\/14\/construyendo-sociedad-a-partir-del-deporte\/#primaryimage"},"thumbnailUrl":"https:\/\/esbozodeportivo.com\/wp-content\/uploads\/2024\/10\/Nadadora.jpg","articleSection":["Nataci\u00f3n"],"inLanguage":"es"},{"@type":"WebPage","@id":"https:\/\/esbozodeportivo.com\/index.php\/2024\/10\/14\/construyendo-sociedad-a-partir-del-deporte\/","url":"https:\/\/esbozodeportivo.com\/index.php\/2024\/10\/14\/construyendo-sociedad-a-partir-del-deporte\/","name":"Construyendo Sociedad a Partir del Deporte - Esbozo Deportivo","isPartOf":{"@id":"https:\/\/esbozodeportivo.com\/#website"},"primaryImageOfPage":{"@id":"https:\/\/esbozodeportivo.com\/index.php\/2024\/10\/14\/construyendo-sociedad-a-partir-del-deporte\/#primaryimage"},"image":{"@id":"https:\/\/esbozodeportivo.com\/index.php\/2024\/10\/14\/construyendo-sociedad-a-partir-del-deporte\/#primaryimage"},"thumbnailUrl":"https:\/\/esbozodeportivo.com\/wp-content\/uploads\/2024\/10\/Nadadora.jpg","datePublished":"2024-10-14T18:00:06+00:00","dateModified":"2024-10-14T18:00:07+00:00","breadcrumb":{"@id":"https:\/\/esbozodeportivo.com\/index.php\/2024\/10\/14\/construyendo-sociedad-a-partir-del-deporte\/#breadcrumb"},"inLanguage":"es","potentialAction":[{"@type":"ReadAction","target":["https:\/\/esbozodeportivo.com\/index.php\/2024\/10\/14\/construyendo-sociedad-a-partir-del-deporte\/"]}]},{"@type":"ImageObject","inLanguage":"es","@id":"https:\/\/esbozodeportivo.com\/index.php\/2024\/10\/14\/construyendo-sociedad-a-partir-del-deporte\/#primaryimage","url":"https:\/\/esbozodeportivo.com\/wp-content\/uploads\/2024\/10\/Nadadora.jpg","contentUrl":"https:\/\/esbozodeportivo.com\/wp-content\/uploads\/2024\/10\/Nadadora.jpg","width":1600,"height":1066},{"@type":"BreadcrumbList","@id":"https:\/\/esbozodeportivo.com\/index.php\/2024\/10\/14\/construyendo-sociedad-a-partir-del-deporte\/#breadcrumb","itemListElement":[{"@type":"ListItem","position":1,"name":"Inicio","item":"https:\/\/esbozodeportivo.com\/"},{"@type":"ListItem","position":2,"name":"Construyendo Sociedad a Partir del Deporte"}]},{"@type":"WebSite","@id":"https:\/\/esbozodeportivo.com\/#website","url":"https:\/\/esbozodeportivo.com\/","name":"Esbozo Deportivo","description":"Lo m\u00e1s importante del Deporte","publisher":{"@id":"https:\/\/esbozodeportivo.com\/#organization"},"potentialAction":[{"@type":"SearchAction","target":{"@type":"EntryPoint","urlTemplate":"https:\/\/esbozodeportivo.com\/?s={search_term_string}"},"query-input":{"@type":"PropertyValueSpecification","valueRequired":true,"valueName":"search_term_string"}}],"inLanguage":"es"},{"@type":"Organization","@id":"https:\/\/esbozodeportivo.com\/#organization","name":"Esbozo Deportivo","url":"https:\/\/esbozodeportivo.com\/","logo":{"@type":"ImageObject","inLanguage":"es","@id":"https:\/\/esbozodeportivo.com\/#\/schema\/logo\/image\/","url":"https:\/\/esbozodeportivo.com\/wp-content\/uploads\/2022\/08\/cropped-Logo-Esbozo-Web-2.png","contentUrl":"https:\/\/esbozodeportivo.com\/wp-content\/uploads\/2022\/08\/cropped-Logo-Esbozo-Web-2.png","width":180,"height":50,"caption":"Esbozo Deportivo"},"image":{"@id":"https:\/\/esbozodeportivo.com\/#\/schema\/logo\/image\/"}},{"@type":"Person","@id":"https:\/\/esbozodeportivo.com\/#\/schema\/person\/7277119c98823aec37bbb84e125efd44","name":"Javier De La Cruz","image":{"@type":"ImageObject","inLanguage":"es","@id":"https:\/\/esbozodeportivo.com\/#\/schema\/person\/image\/","url":"https:\/\/secure.gravatar.com\/avatar\/366235a56d20f1a6e8e3d0b295897639357bea880470ddf261d17bb0bc052eb1?s=96&d=mm&r=g","contentUrl":"https:\/\/secure.gravatar.com\/avatar\/366235a56d20f1a6e8e3d0b295897639357bea880470ddf261d17bb0bc052eb1?s=96&d=mm&r=g","caption":"Javier De La Cruz"},"url":"https:\/\/esbozodeportivo.com\/index.php\/author\/javier-de-la-cruz-de-la-cruz\/"}]}},"jetpack_featured_media_url":"https:\/\/esbozodeportivo.com\/wp-content\/uploads\/2024\/10\/Nadadora.jpg","jetpack_sharing_enabled":true,"_links":{"self":[{"href":"https:\/\/esbozodeportivo.com\/index.php\/wp-json\/wp\/v2\/posts\/4596","targetHints":{"allow":["GET"]}}],"collection":[{"href":"https:\/\/esbozodeportivo.com\/index.php\/wp-json\/wp\/v2\/posts"}],"about":[{"href":"https:\/\/esbozodeportivo.com\/index.php\/wp-json\/wp\/v2\/types\/post"}],"author":[{"embeddable":true,"href":"https:\/\/esbozodeportivo.com\/index.php\/wp-json\/wp\/v2\/users\/2"}],"replies":[{"embeddable":true,"href":"https:\/\/esbozodeportivo.com\/index.php\/wp-json\/wp\/v2\/comments?post=4596"}],"version-history":[{"count":1,"href":"https:\/\/esbozodeportivo.com\/index.php\/wp-json\/wp\/v2\/posts\/4596\/revisions"}],"predecessor-version":[{"id":4598,"href":"https:\/\/esbozodeportivo.com\/index.php\/wp-json\/wp\/v2\/posts\/4596\/revisions\/4598"}],"wp:featuredmedia":[{"embeddable":true,"href":"https:\/\/esbozodeportivo.com\/index.php\/wp-json\/wp\/v2\/media\/4597"}],"wp:attachment":[{"href":"https:\/\/esbozodeportivo.com\/index.php\/wp-json\/wp\/v2\/media?parent=4596"}],"wp:term":[{"taxonomy":"category","embeddable":true,"href":"https:\/\/esbozodeportivo.com\/index.php\/wp-json\/wp\/v2\/categories?post=4596"},{"taxonomy":"post_tag","embeddable":true,"href":"https:\/\/esbozodeportivo.com\/index.php\/wp-json\/wp\/v2\/tags?post=4596"}],"curies":[{"name":"wp","href":"https:\/\/api.w.org\/{rel}","templated":true}]}}