{"id":4615,"date":"2024-10-22T06:15:20","date_gmt":"2024-10-22T06:15:20","guid":{"rendered":"https:\/\/esbozodeportivo.com\/?p=4615"},"modified":"2024-10-22T06:15:20","modified_gmt":"2024-10-22T06:15:20","slug":"de-la-manufactura-a-la-mentefactura","status":"publish","type":"post","link":"https:\/\/esbozodeportivo.com\/index.php\/2024\/10\/22\/de-la-manufactura-a-la-mentefactura\/","title":{"rendered":"De la Manufactura a la Mentefactura"},"content":{"rendered":"\n<h4 class=\"wp-block-heading\">Por: Ra\u00fal Varela Curiel<\/h4>\n\n\n\n<p>En aras de encaminarnos hacia la senda del desarrollo, es menester que&nbsp;<strong>M\u00e9xico<\/strong>&nbsp;transite de una&nbsp;<strong>econom\u00eda<\/strong>&nbsp;basada en el trabajo manual hacia una&nbsp;<strong>econom\u00eda<\/strong>&nbsp;basada en el trabajo&nbsp;<strong>mental<\/strong>&nbsp;e&nbsp;<strong>intelectual<\/strong>, d\u00f3nde la&nbsp;gente se gane la vida con la cabeza y el intelecto m\u00e1s que con su fuerza f\u00edsica, apoyados en el conocimiento y en los intangibles, innovando en todos los rubros para poder generar beneficios tanto econ\u00f3micos como sociales.<\/p>\n\n\n\n<p>Para cumplimentar dicho prop\u00f3sito ser\u00e1 requisito&nbsp;<em>sine qua non<\/em>&nbsp;el resquebrajar los obsoletos modelos organizacionales basados en modelos jer\u00e1rquicos, especializaci\u00f3n en funciones, repetici\u00f3n, etc. Desterremos la absurda idea de que el&nbsp;<strong>crecimiento econ\u00f3mico<\/strong>&nbsp;solo es derivado de la producci\u00f3n en masa, con&nbsp;<strong>tecnolog\u00edas<\/strong>&nbsp;m\u00e1s o menos sofisticadas.<\/p>\n\n\n\n<p>Ese no es el \u00fanico modelo capaz de generar riqueza, a trav\u00e9s del&nbsp;<strong>empleo<\/strong>. Los modelos del futuro tratan de trabajar con la capacidad de resolver problemas, la interacci\u00f3n como una novedosa forma de entender el trabajo relacionando los&nbsp;<strong>valores<\/strong>, vinculados con la capacidad de idear y la de interactuar, donde es la capacidad de lo intangible lo que cuenta, el&nbsp;<strong>conocimiento aplicado<\/strong>, los&nbsp;<strong>valores<\/strong>&nbsp;y las&nbsp;<strong>emociones<\/strong>&nbsp;lo que dan sentido a lo que se hace.<\/p>\n\n\n\n<p>Este concepto, representa a un modelo que surge como contraposici\u00f3n a la manufactura que se asocia a trabajo f\u00edsico, repetitivo, donde el resultado final se obtiene por muchas interacciones.<\/p>\n\n\n\n<figure class=\"wp-block-image size-full is-style-rounded\"><img loading=\"lazy\" decoding=\"async\" width=\"640\" height=\"481\" src=\"https:\/\/esbozodeportivo.com\/wp-content\/uploads\/2024\/10\/factory.jpg\" alt=\"\" class=\"wp-image-4616\" srcset=\"https:\/\/esbozodeportivo.com\/wp-content\/uploads\/2024\/10\/factory.jpg 640w, https:\/\/esbozodeportivo.com\/wp-content\/uploads\/2024\/10\/factory-300x225.jpg 300w\" sizes=\"auto, (max-width: 640px) 100vw, 640px\" \/><\/figure>\n\n\n\n<p>El cambio del&nbsp;<strong>modelo productivo<\/strong>, es, adem\u00e1s, apremiante trat\u00e1ndose de creaci\u00f3n de fuentes de empleo, pues en la actividad productiva todos los grandes entes econ\u00f3micos est\u00e1n reduciendo sus puestos de trabajo derivado de la&nbsp;<strong>automatizaci\u00f3n<\/strong>&nbsp;de sus actividades. Tenemos que comenzar a pensar en actividades creadoras de puestos de trabajo no automatizables, incorporando nuevos conocimientos para hacer productos de m\u00e1s valor.<\/p>\n\n\n\n<p><strong>Las personas no fuimos creadas para mover piezas de manera continua mon\u00f3tona y repetitiva, sino para pensar e interactuar con personas, para crear, para innovar.<\/strong><\/p>\n\n\n\n<p><strong>Mentefactura<\/strong>&nbsp;quiere representar una forma de entender el trabajo relacionada con esos dos valores, la capacidad de idear y la de interactuar.&nbsp; El&nbsp;<strong>modelo educativo<\/strong>, tal y como se encuentra hoy en d\u00eda poco o nada estimula la&nbsp;<strong>creatividad e innovaci\u00f3n<\/strong>, entendidas como esas f\u00f3rmulas concretas necesarias para erigir nuevas empresas y generar riqueza.<\/p>\n\n\n\n<p><strong>Mentefactura&nbsp;<\/strong>como ese renacer del conocimiento, &nbsp;y&nbsp; de la creaci\u00f3n de valor, la t\u00e9cnica al servicio de la humanidad que permitir\u00e1 una nueva forma de riqueza material y espiritual para que la persona alcance su fin \u00faltimo.<\/p>\n\n\n\n<p><\/p>\n","protected":false},"excerpt":{"rendered":"<p>Por: Ra\u00fal Varela Curiel En aras de encaminarnos hacia la senda del desarrollo, es menester<\/p>\n","protected":false},"author":2,"featured_media":4617,"comment_status":"closed","ping_status":"open","sticky":false,"template":"","format":"standard","meta":{"_jetpack_memberships_contains_paid_content":false,"footnotes":""},"categories":[35],"tags":[],"class_list":["post-4615","post","type-post","status-publish","format-standard","has-post-thumbnail","hentry","category-columna"],"yoast_head":"<!-- This site is optimized with the Yoast SEO plugin v25.7 - https:\/\/yoast.com\/wordpress\/plugins\/seo\/ -->\n<title>De la Manufactura a la Mentefactura - Esbozo Deportivo<\/title>\n<meta name=\"robots\" content=\"index, follow, max-snippet:-1, max-image-preview:large, max-video-preview:-1\" \/>\n<link rel=\"canonical\" href=\"https:\/\/esbozodeportivo.com\/index.php\/2024\/10\/22\/de-la-manufactura-a-la-mentefactura\/\" \/>\n<meta property=\"og:locale\" content=\"es_MX\" \/>\n<meta property=\"og:type\" content=\"article\" \/>\n<meta property=\"og:title\" content=\"De la Manufactura a la Mentefactura - Esbozo Deportivo\" \/>\n<meta property=\"og:description\" content=\"Por: Ra\u00fal Varela Curiel En aras de encaminarnos hacia la senda del desarrollo, es menester\" \/>\n<meta property=\"og:url\" content=\"https:\/\/esbozodeportivo.com\/index.php\/2024\/10\/22\/de-la-manufactura-a-la-mentefactura\/\" \/>\n<meta property=\"og:site_name\" content=\"Esbozo Deportivo\" \/>\n<meta property=\"article:published_time\" content=\"2024-10-22T06:15:20+00:00\" \/>\n<meta property=\"og:image\" content=\"https:\/\/esbozodeportivo.com\/wp-content\/uploads\/2024\/10\/Raul-Varela-Curiel.jpg\" \/>\n\t<meta property=\"og:image:width\" content=\"1024\" \/>\n\t<meta property=\"og:image:height\" content=\"683\" \/>\n\t<meta property=\"og:image:type\" content=\"image\/jpeg\" \/>\n<meta name=\"author\" content=\"Javier De La Cruz\" \/>\n<meta name=\"twitter:card\" content=\"summary_large_image\" \/>\n<meta name=\"twitter:label1\" content=\"Escrito por\" \/>\n\t<meta name=\"twitter:data1\" content=\"Javier De La Cruz\" \/>\n\t<meta name=\"twitter:label2\" content=\"Tiempo de lectura\" \/>\n\t<meta name=\"twitter:data2\" content=\"2 minutos\" \/>\n<script type=\"application\/ld+json\" class=\"yoast-schema-graph\">{\"@context\":\"https:\/\/schema.org\",\"@graph\":[{\"@type\":\"Article\",\"@id\":\"https:\/\/esbozodeportivo.com\/index.php\/2024\/10\/22\/de-la-manufactura-a-la-mentefactura\/#article\",\"isPartOf\":{\"@id\":\"https:\/\/esbozodeportivo.com\/index.php\/2024\/10\/22\/de-la-manufactura-a-la-mentefactura\/\"},\"author\":{\"name\":\"Javier De La Cruz\",\"@id\":\"https:\/\/esbozodeportivo.com\/#\/schema\/person\/7277119c98823aec37bbb84e125efd44\"},\"headline\":\"De la Manufactura a la Mentefactura\",\"datePublished\":\"2024-10-22T06:15:20+00:00\",\"mainEntityOfPage\":{\"@id\":\"https:\/\/esbozodeportivo.com\/index.php\/2024\/10\/22\/de-la-manufactura-a-la-mentefactura\/\"},\"wordCount\":478,\"publisher\":{\"@id\":\"https:\/\/esbozodeportivo.com\/#organization\"},\"image\":{\"@id\":\"https:\/\/esbozodeportivo.com\/index.php\/2024\/10\/22\/de-la-manufactura-a-la-mentefactura\/#primaryimage\"},\"thumbnailUrl\":\"https:\/\/esbozodeportivo.com\/wp-content\/uploads\/2024\/10\/Raul-Varela-Curiel.jpg\",\"articleSection\":[\"Columna\"],\"inLanguage\":\"es\"},{\"@type\":\"WebPage\",\"@id\":\"https:\/\/esbozodeportivo.com\/index.php\/2024\/10\/22\/de-la-manufactura-a-la-mentefactura\/\",\"url\":\"https:\/\/esbozodeportivo.com\/index.php\/2024\/10\/22\/de-la-manufactura-a-la-mentefactura\/\",\"name\":\"De la Manufactura a la Mentefactura - Esbozo Deportivo\",\"isPartOf\":{\"@id\":\"https:\/\/esbozodeportivo.com\/#website\"},\"primaryImageOfPage\":{\"@id\":\"https:\/\/esbozodeportivo.com\/index.php\/2024\/10\/22\/de-la-manufactura-a-la-mentefactura\/#primaryimage\"},\"image\":{\"@id\":\"https:\/\/esbozodeportivo.com\/index.php\/2024\/10\/22\/de-la-manufactura-a-la-mentefactura\/#primaryimage\"},\"thumbnailUrl\":\"https:\/\/esbozodeportivo.com\/wp-content\/uploads\/2024\/10\/Raul-Varela-Curiel.jpg\",\"datePublished\":\"2024-10-22T06:15:20+00:00\",\"breadcrumb\":{\"@id\":\"https:\/\/esbozodeportivo.com\/index.php\/2024\/10\/22\/de-la-manufactura-a-la-mentefactura\/#breadcrumb\"},\"inLanguage\":\"es\",\"potentialAction\":[{\"@type\":\"ReadAction\",\"target\":[\"https:\/\/esbozodeportivo.com\/index.php\/2024\/10\/22\/de-la-manufactura-a-la-mentefactura\/\"]}]},{\"@type\":\"ImageObject\",\"inLanguage\":\"es\",\"@id\":\"https:\/\/esbozodeportivo.com\/index.php\/2024\/10\/22\/de-la-manufactura-a-la-mentefactura\/#primaryimage\",\"url\":\"https:\/\/esbozodeportivo.com\/wp-content\/uploads\/2024\/10\/Raul-Varela-Curiel.jpg\",\"contentUrl\":\"https:\/\/esbozodeportivo.com\/wp-content\/uploads\/2024\/10\/Raul-Varela-Curiel.jpg\",\"width\":1024,\"height\":683},{\"@type\":\"BreadcrumbList\",\"@id\":\"https:\/\/esbozodeportivo.com\/index.php\/2024\/10\/22\/de-la-manufactura-a-la-mentefactura\/#breadcrumb\",\"itemListElement\":[{\"@type\":\"ListItem\",\"position\":1,\"name\":\"Inicio\",\"item\":\"https:\/\/esbozodeportivo.com\/\"},{\"@type\":\"ListItem\",\"position\":2,\"name\":\"De la Manufactura a la Mentefactura\"}]},{\"@type\":\"WebSite\",\"@id\":\"https:\/\/esbozodeportivo.com\/#website\",\"url\":\"https:\/\/esbozodeportivo.com\/\",\"name\":\"Esbozo Deportivo\",\"description\":\"Lo m\u00e1s importante del Deporte\",\"publisher\":{\"@id\":\"https:\/\/esbozodeportivo.com\/#organization\"},\"potentialAction\":[{\"@type\":\"SearchAction\",\"target\":{\"@type\":\"EntryPoint\",\"urlTemplate\":\"https:\/\/esbozodeportivo.com\/?s={search_term_string}\"},\"query-input\":{\"@type\":\"PropertyValueSpecification\",\"valueRequired\":true,\"valueName\":\"search_term_string\"}}],\"inLanguage\":\"es\"},{\"@type\":\"Organization\",\"@id\":\"https:\/\/esbozodeportivo.com\/#organization\",\"name\":\"Esbozo Deportivo\",\"url\":\"https:\/\/esbozodeportivo.com\/\",\"logo\":{\"@type\":\"ImageObject\",\"inLanguage\":\"es\",\"@id\":\"https:\/\/esbozodeportivo.com\/#\/schema\/logo\/image\/\",\"url\":\"https:\/\/esbozodeportivo.com\/wp-content\/uploads\/2022\/08\/cropped-Logo-Esbozo-Web-2.png\",\"contentUrl\":\"https:\/\/esbozodeportivo.com\/wp-content\/uploads\/2022\/08\/cropped-Logo-Esbozo-Web-2.png\",\"width\":180,\"height\":50,\"caption\":\"Esbozo Deportivo\"},\"image\":{\"@id\":\"https:\/\/esbozodeportivo.com\/#\/schema\/logo\/image\/\"}},{\"@type\":\"Person\",\"@id\":\"https:\/\/esbozodeportivo.com\/#\/schema\/person\/7277119c98823aec37bbb84e125efd44\",\"name\":\"Javier De La Cruz\",\"image\":{\"@type\":\"ImageObject\",\"inLanguage\":\"es\",\"@id\":\"https:\/\/esbozodeportivo.com\/#\/schema\/person\/image\/\",\"url\":\"https:\/\/secure.gravatar.com\/avatar\/366235a56d20f1a6e8e3d0b295897639357bea880470ddf261d17bb0bc052eb1?s=96&d=mm&r=g\",\"contentUrl\":\"https:\/\/secure.gravatar.com\/avatar\/366235a56d20f1a6e8e3d0b295897639357bea880470ddf261d17bb0bc052eb1?s=96&d=mm&r=g\",\"caption\":\"Javier De La Cruz\"},\"url\":\"https:\/\/esbozodeportivo.com\/index.php\/author\/javier-de-la-cruz-de-la-cruz\/\"}]}<\/script>\n<!-- \/ Yoast SEO plugin. -->","yoast_head_json":{"title":"De la Manufactura a la Mentefactura - Esbozo Deportivo","robots":{"index":"index","follow":"follow","max-snippet":"max-snippet:-1","max-image-preview":"max-image-preview:large","max-video-preview":"max-video-preview:-1"},"canonical":"https:\/\/esbozodeportivo.com\/index.php\/2024\/10\/22\/de-la-manufactura-a-la-mentefactura\/","og_locale":"es_MX","og_type":"article","og_title":"De la Manufactura a la Mentefactura - Esbozo Deportivo","og_description":"Por: Ra\u00fal Varela Curiel En aras de encaminarnos hacia la senda del desarrollo, es menester","og_url":"https:\/\/esbozodeportivo.com\/index.php\/2024\/10\/22\/de-la-manufactura-a-la-mentefactura\/","og_site_name":"Esbozo Deportivo","article_published_time":"2024-10-22T06:15:20+00:00","og_image":[{"width":1024,"height":683,"url":"https:\/\/esbozodeportivo.com\/wp-content\/uploads\/2024\/10\/Raul-Varela-Curiel.jpg","type":"image\/jpeg"}],"author":"Javier De La Cruz","twitter_card":"summary_large_image","twitter_misc":{"Escrito por":"Javier De La Cruz","Tiempo de lectura":"2 minutos"},"schema":{"@context":"https:\/\/schema.org","@graph":[{"@type":"Article","@id":"https:\/\/esbozodeportivo.com\/index.php\/2024\/10\/22\/de-la-manufactura-a-la-mentefactura\/#article","isPartOf":{"@id":"https:\/\/esbozodeportivo.com\/index.php\/2024\/10\/22\/de-la-manufactura-a-la-mentefactura\/"},"author":{"name":"Javier De La Cruz","@id":"https:\/\/esbozodeportivo.com\/#\/schema\/person\/7277119c98823aec37bbb84e125efd44"},"headline":"De la Manufactura a la Mentefactura","datePublished":"2024-10-22T06:15:20+00:00","mainEntityOfPage":{"@id":"https:\/\/esbozodeportivo.com\/index.php\/2024\/10\/22\/de-la-manufactura-a-la-mentefactura\/"},"wordCount":478,"publisher":{"@id":"https:\/\/esbozodeportivo.com\/#organization"},"image":{"@id":"https:\/\/esbozodeportivo.com\/index.php\/2024\/10\/22\/de-la-manufactura-a-la-mentefactura\/#primaryimage"},"thumbnailUrl":"https:\/\/esbozodeportivo.com\/wp-content\/uploads\/2024\/10\/Raul-Varela-Curiel.jpg","articleSection":["Columna"],"inLanguage":"es"},{"@type":"WebPage","@id":"https:\/\/esbozodeportivo.com\/index.php\/2024\/10\/22\/de-la-manufactura-a-la-mentefactura\/","url":"https:\/\/esbozodeportivo.com\/index.php\/2024\/10\/22\/de-la-manufactura-a-la-mentefactura\/","name":"De la Manufactura a la Mentefactura - Esbozo Deportivo","isPartOf":{"@id":"https:\/\/esbozodeportivo.com\/#website"},"primaryImageOfPage":{"@id":"https:\/\/esbozodeportivo.com\/index.php\/2024\/10\/22\/de-la-manufactura-a-la-mentefactura\/#primaryimage"},"image":{"@id":"https:\/\/esbozodeportivo.com\/index.php\/2024\/10\/22\/de-la-manufactura-a-la-mentefactura\/#primaryimage"},"thumbnailUrl":"https:\/\/esbozodeportivo.com\/wp-content\/uploads\/2024\/10\/Raul-Varela-Curiel.jpg","datePublished":"2024-10-22T06:15:20+00:00","breadcrumb":{"@id":"https:\/\/esbozodeportivo.com\/index.php\/2024\/10\/22\/de-la-manufactura-a-la-mentefactura\/#breadcrumb"},"inLanguage":"es","potentialAction":[{"@type":"ReadAction","target":["https:\/\/esbozodeportivo.com\/index.php\/2024\/10\/22\/de-la-manufactura-a-la-mentefactura\/"]}]},{"@type":"ImageObject","inLanguage":"es","@id":"https:\/\/esbozodeportivo.com\/index.php\/2024\/10\/22\/de-la-manufactura-a-la-mentefactura\/#primaryimage","url":"https:\/\/esbozodeportivo.com\/wp-content\/uploads\/2024\/10\/Raul-Varela-Curiel.jpg","contentUrl":"https:\/\/esbozodeportivo.com\/wp-content\/uploads\/2024\/10\/Raul-Varela-Curiel.jpg","width":1024,"height":683},{"@type":"BreadcrumbList","@id":"https:\/\/esbozodeportivo.com\/index.php\/2024\/10\/22\/de-la-manufactura-a-la-mentefactura\/#breadcrumb","itemListElement":[{"@type":"ListItem","position":1,"name":"Inicio","item":"https:\/\/esbozodeportivo.com\/"},{"@type":"ListItem","position":2,"name":"De la Manufactura a la Mentefactura"}]},{"@type":"WebSite","@id":"https:\/\/esbozodeportivo.com\/#website","url":"https:\/\/esbozodeportivo.com\/","name":"Esbozo Deportivo","description":"Lo m\u00e1s importante del Deporte","publisher":{"@id":"https:\/\/esbozodeportivo.com\/#organization"},"potentialAction":[{"@type":"SearchAction","target":{"@type":"EntryPoint","urlTemplate":"https:\/\/esbozodeportivo.com\/?s={search_term_string}"},"query-input":{"@type":"PropertyValueSpecification","valueRequired":true,"valueName":"search_term_string"}}],"inLanguage":"es"},{"@type":"Organization","@id":"https:\/\/esbozodeportivo.com\/#organization","name":"Esbozo Deportivo","url":"https:\/\/esbozodeportivo.com\/","logo":{"@type":"ImageObject","inLanguage":"es","@id":"https:\/\/esbozodeportivo.com\/#\/schema\/logo\/image\/","url":"https:\/\/esbozodeportivo.com\/wp-content\/uploads\/2022\/08\/cropped-Logo-Esbozo-Web-2.png","contentUrl":"https:\/\/esbozodeportivo.com\/wp-content\/uploads\/2022\/08\/cropped-Logo-Esbozo-Web-2.png","width":180,"height":50,"caption":"Esbozo Deportivo"},"image":{"@id":"https:\/\/esbozodeportivo.com\/#\/schema\/logo\/image\/"}},{"@type":"Person","@id":"https:\/\/esbozodeportivo.com\/#\/schema\/person\/7277119c98823aec37bbb84e125efd44","name":"Javier De La Cruz","image":{"@type":"ImageObject","inLanguage":"es","@id":"https:\/\/esbozodeportivo.com\/#\/schema\/person\/image\/","url":"https:\/\/secure.gravatar.com\/avatar\/366235a56d20f1a6e8e3d0b295897639357bea880470ddf261d17bb0bc052eb1?s=96&d=mm&r=g","contentUrl":"https:\/\/secure.gravatar.com\/avatar\/366235a56d20f1a6e8e3d0b295897639357bea880470ddf261d17bb0bc052eb1?s=96&d=mm&r=g","caption":"Javier De La Cruz"},"url":"https:\/\/esbozodeportivo.com\/index.php\/author\/javier-de-la-cruz-de-la-cruz\/"}]}},"jetpack_featured_media_url":"https:\/\/esbozodeportivo.com\/wp-content\/uploads\/2024\/10\/Raul-Varela-Curiel.jpg","jetpack_sharing_enabled":true,"_links":{"self":[{"href":"https:\/\/esbozodeportivo.com\/index.php\/wp-json\/wp\/v2\/posts\/4615","targetHints":{"allow":["GET"]}}],"collection":[{"href":"https:\/\/esbozodeportivo.com\/index.php\/wp-json\/wp\/v2\/posts"}],"about":[{"href":"https:\/\/esbozodeportivo.com\/index.php\/wp-json\/wp\/v2\/types\/post"}],"author":[{"embeddable":true,"href":"https:\/\/esbozodeportivo.com\/index.php\/wp-json\/wp\/v2\/users\/2"}],"replies":[{"embeddable":true,"href":"https:\/\/esbozodeportivo.com\/index.php\/wp-json\/wp\/v2\/comments?post=4615"}],"version-history":[{"count":1,"href":"https:\/\/esbozodeportivo.com\/index.php\/wp-json\/wp\/v2\/posts\/4615\/revisions"}],"predecessor-version":[{"id":4618,"href":"https:\/\/esbozodeportivo.com\/index.php\/wp-json\/wp\/v2\/posts\/4615\/revisions\/4618"}],"wp:featuredmedia":[{"embeddable":true,"href":"https:\/\/esbozodeportivo.com\/index.php\/wp-json\/wp\/v2\/media\/4617"}],"wp:attachment":[{"href":"https:\/\/esbozodeportivo.com\/index.php\/wp-json\/wp\/v2\/media?parent=4615"}],"wp:term":[{"taxonomy":"category","embeddable":true,"href":"https:\/\/esbozodeportivo.com\/index.php\/wp-json\/wp\/v2\/categories?post=4615"},{"taxonomy":"post_tag","embeddable":true,"href":"https:\/\/esbozodeportivo.com\/index.php\/wp-json\/wp\/v2\/tags?post=4615"}],"curies":[{"name":"wp","href":"https:\/\/api.w.org\/{rel}","templated":true}]}}