{"id":4626,"date":"2024-10-23T02:43:17","date_gmt":"2024-10-23T02:43:17","guid":{"rendered":"https:\/\/esbozodeportivo.com\/?p=4626"},"modified":"2024-10-23T02:43:18","modified_gmt":"2024-10-23T02:43:18","slug":"reconoce-embajadora-a-la-gladiadora-melissa-cervantes","status":"publish","type":"post","link":"https:\/\/esbozodeportivo.com\/index.php\/2024\/10\/23\/reconoce-embajadora-a-la-gladiadora-melissa-cervantes\/","title":{"rendered":"Reconoce Embajadora a la gladiadora Melissa Cervantes"},"content":{"rendered":"\n<p>Por su labor para lograr el empoderamiento de las ni\u00f1as y las mujeres, Melissa Cervantes, recibi\u00f3 un reconocimiento de la Embajadora de M\u00e9xico ante el Reino Unido, Josefa Gonz\u00e1lez. (Foto: Cortes\u00eda) <\/p>\n\n\n\n<p><strong>*** Por empoderar a las ni\u00f1as y mujeres mexicanas<\/strong><\/p>\n\n\n\n<p><strong>Por Redacci\u00f3n<\/strong><\/p>\n\n\n\n<p><strong>Melissa Cervantes<\/strong>, la peleadora profesional de lucha libre y artes marciales mixtas, mejor conocida como Thunder Rosa, recibi\u00f3 de manos de la <strong>Embajadora de M\u00e9xico<\/strong> ante el <strong>Reino Unido<\/strong>, <a href=\"https:\/\/embamex.sre.gob.mx\/reinounido\/index.php\/es\/la-embajada\/la-emabajadora\"><strong>Josefa Gonz\u00e1lez- Blanco Ortiz<\/strong><\/a> Mena, un reconocimiento como resultado de su dedicaci\u00f3n al empoderamiento de las ni\u00f1as y las mujeres tanto fuera como adentro del ring.<\/p>\n\n\n\n<p>Este reconocimiento se da en el marco de su reciente campeonato Mundial Femenino en la compa\u00f1\u00eda Riot Cabaret Pro Wrestling en el evento Thunder Road, adem\u00e1s de ser producto de las iniciativas que Thunder ha impulsado a lo largo de su carrera luchista en Estados Unidos, M\u00e9xico, Canad\u00e1 y Europa.<\/p>\n\n\n\n<p>Un claro ejemplo de estas iniciativas es la organizaci\u00f3n Mission Pro Wrestling, fundada en 2019 por la deportista oriunda de Tijuana, Baja California y dedicada a la promoci\u00f3n del talento femenino en la lucha libre y la recaudaci\u00f3n para el apoyo de comunidades en situaci\u00f3n de vulnerabilidad.<\/p>\n\n\n\n<p>Forjada en la cultura del esfuerzo inculcado por sus padres, Melissa ha brindado diversas conferencias en Universidades en los Estados Unidos y M\u00e9xico para promover la educaci\u00f3n como un veh\u00edculo para alcanzar los sue\u00f1os y las metas de los y las j\u00f3venes.&nbsp; Recientemente ofreci\u00f3 una charla a la comunidad infantil de la <a href=\"https:\/\/nynac.org\/\">Asociaci\u00f3n Civil del Club de Ni\u00f1os y Ni\u00f1as Tijuana<\/a>, donde a trav\u00e9s de su experiencia pudo sensibilizarlos acerca de la importancia de seguir estudiando.<\/p>\n\n\n\n<p>Como hispana, es una gran promotora del orgullo hispano, apoyando a la comunidad que radica en los Estados Unidos, esto en colaboraci\u00f3n con el equipo de football americano los Texanos de Houston (<a href=\"https:\/\/www.nfl.com\/mundo\/\">NFL<\/a>) y el equipo de baseball, Los Padres de San Diego (<a href=\"https:\/\/www.mlb.com\/es\">MLB<\/a>).<\/p>\n\n\n\n<p>\u201cPara m\u00ed es un honor recibir este reconocimiento de manos de la Embajadora <strong>Josefa Gonz\u00e1lez- Blanco Ortiz Mena<\/strong>, quien ha realizado una gran labor como representante de M\u00e9xico en el Reino Unido, representando el trabajo y el esfuerzo de las mujeres en puestos diplom\u00e1ticos de gran relevancia, y apoyando actividades culturales; siendo adem\u00e1s un gran ejemplo para las ni\u00f1as y j\u00f3venes mexicanas.\u201d destac\u00f3 Thunder Rosa.<\/p>\n","protected":false},"excerpt":{"rendered":"<p>Por su labor para lograr el empoderamiento de las ni\u00f1as y las mujeres, Melissa Cervantes,<\/p>\n","protected":false},"author":2,"featured_media":4627,"comment_status":"closed","ping_status":"open","sticky":false,"template":"","format":"standard","meta":{"_jetpack_memberships_contains_paid_content":false,"footnotes":""},"categories":[5],"tags":[],"class_list":["post-4626","post","type-post","status-publish","format-standard","has-post-thumbnail","hentry","category-amateur"],"yoast_head":"<!-- This site is optimized with the Yoast SEO plugin v25.7 - https:\/\/yoast.com\/wordpress\/plugins\/seo\/ -->\n<title>Reconoce Embajadora a la gladiadora Melissa Cervantes - Esbozo Deportivo<\/title>\n<meta name=\"robots\" content=\"index, follow, max-snippet:-1, max-image-preview:large, max-video-preview:-1\" \/>\n<link rel=\"canonical\" href=\"https:\/\/esbozodeportivo.com\/index.php\/2024\/10\/23\/reconoce-embajadora-a-la-gladiadora-melissa-cervantes\/\" \/>\n<meta property=\"og:locale\" content=\"es_MX\" \/>\n<meta property=\"og:type\" content=\"article\" \/>\n<meta property=\"og:title\" content=\"Reconoce Embajadora a la gladiadora Melissa Cervantes - Esbozo Deportivo\" \/>\n<meta property=\"og:description\" content=\"Por su labor para lograr el empoderamiento de las ni\u00f1as y las mujeres, Melissa Cervantes,\" \/>\n<meta property=\"og:url\" content=\"https:\/\/esbozodeportivo.com\/index.php\/2024\/10\/23\/reconoce-embajadora-a-la-gladiadora-melissa-cervantes\/\" \/>\n<meta property=\"og:site_name\" content=\"Esbozo Deportivo\" \/>\n<meta property=\"article:published_time\" content=\"2024-10-23T02:43:17+00:00\" \/>\n<meta property=\"article:modified_time\" content=\"2024-10-23T02:43:18+00:00\" \/>\n<meta property=\"og:image\" content=\"https:\/\/esbozodeportivo.com\/wp-content\/uploads\/2024\/10\/Lucha.jpg\" \/>\n\t<meta property=\"og:image:width\" content=\"1600\" \/>\n\t<meta property=\"og:image:height\" content=\"1200\" \/>\n\t<meta property=\"og:image:type\" content=\"image\/jpeg\" \/>\n<meta name=\"author\" content=\"Javier De La Cruz\" \/>\n<meta name=\"twitter:card\" content=\"summary_large_image\" \/>\n<meta name=\"twitter:label1\" content=\"Escrito por\" \/>\n\t<meta name=\"twitter:data1\" content=\"Javier De La Cruz\" \/>\n\t<meta name=\"twitter:label2\" content=\"Tiempo de lectura\" \/>\n\t<meta name=\"twitter:data2\" content=\"2 minutos\" \/>\n<script type=\"application\/ld+json\" class=\"yoast-schema-graph\">{\"@context\":\"https:\/\/schema.org\",\"@graph\":[{\"@type\":\"Article\",\"@id\":\"https:\/\/esbozodeportivo.com\/index.php\/2024\/10\/23\/reconoce-embajadora-a-la-gladiadora-melissa-cervantes\/#article\",\"isPartOf\":{\"@id\":\"https:\/\/esbozodeportivo.com\/index.php\/2024\/10\/23\/reconoce-embajadora-a-la-gladiadora-melissa-cervantes\/\"},\"author\":{\"name\":\"Javier De La Cruz\",\"@id\":\"https:\/\/esbozodeportivo.com\/#\/schema\/person\/7277119c98823aec37bbb84e125efd44\"},\"headline\":\"Reconoce Embajadora a la gladiadora Melissa Cervantes\",\"datePublished\":\"2024-10-23T02:43:17+00:00\",\"dateModified\":\"2024-10-23T02:43:18+00:00\",\"mainEntityOfPage\":{\"@id\":\"https:\/\/esbozodeportivo.com\/index.php\/2024\/10\/23\/reconoce-embajadora-a-la-gladiadora-melissa-cervantes\/\"},\"wordCount\":418,\"publisher\":{\"@id\":\"https:\/\/esbozodeportivo.com\/#organization\"},\"image\":{\"@id\":\"https:\/\/esbozodeportivo.com\/index.php\/2024\/10\/23\/reconoce-embajadora-a-la-gladiadora-melissa-cervantes\/#primaryimage\"},\"thumbnailUrl\":\"https:\/\/esbozodeportivo.com\/wp-content\/uploads\/2024\/10\/Lucha.jpg\",\"articleSection\":[\"Amateur\"],\"inLanguage\":\"es\"},{\"@type\":\"WebPage\",\"@id\":\"https:\/\/esbozodeportivo.com\/index.php\/2024\/10\/23\/reconoce-embajadora-a-la-gladiadora-melissa-cervantes\/\",\"url\":\"https:\/\/esbozodeportivo.com\/index.php\/2024\/10\/23\/reconoce-embajadora-a-la-gladiadora-melissa-cervantes\/\",\"name\":\"Reconoce Embajadora a la gladiadora Melissa Cervantes - Esbozo Deportivo\",\"isPartOf\":{\"@id\":\"https:\/\/esbozodeportivo.com\/#website\"},\"primaryImageOfPage\":{\"@id\":\"https:\/\/esbozodeportivo.com\/index.php\/2024\/10\/23\/reconoce-embajadora-a-la-gladiadora-melissa-cervantes\/#primaryimage\"},\"image\":{\"@id\":\"https:\/\/esbozodeportivo.com\/index.php\/2024\/10\/23\/reconoce-embajadora-a-la-gladiadora-melissa-cervantes\/#primaryimage\"},\"thumbnailUrl\":\"https:\/\/esbozodeportivo.com\/wp-content\/uploads\/2024\/10\/Lucha.jpg\",\"datePublished\":\"2024-10-23T02:43:17+00:00\",\"dateModified\":\"2024-10-23T02:43:18+00:00\",\"breadcrumb\":{\"@id\":\"https:\/\/esbozodeportivo.com\/index.php\/2024\/10\/23\/reconoce-embajadora-a-la-gladiadora-melissa-cervantes\/#breadcrumb\"},\"inLanguage\":\"es\",\"potentialAction\":[{\"@type\":\"ReadAction\",\"target\":[\"https:\/\/esbozodeportivo.com\/index.php\/2024\/10\/23\/reconoce-embajadora-a-la-gladiadora-melissa-cervantes\/\"]}]},{\"@type\":\"ImageObject\",\"inLanguage\":\"es\",\"@id\":\"https:\/\/esbozodeportivo.com\/index.php\/2024\/10\/23\/reconoce-embajadora-a-la-gladiadora-melissa-cervantes\/#primaryimage\",\"url\":\"https:\/\/esbozodeportivo.com\/wp-content\/uploads\/2024\/10\/Lucha.jpg\",\"contentUrl\":\"https:\/\/esbozodeportivo.com\/wp-content\/uploads\/2024\/10\/Lucha.jpg\",\"width\":1600,\"height\":1200},{\"@type\":\"BreadcrumbList\",\"@id\":\"https:\/\/esbozodeportivo.com\/index.php\/2024\/10\/23\/reconoce-embajadora-a-la-gladiadora-melissa-cervantes\/#breadcrumb\",\"itemListElement\":[{\"@type\":\"ListItem\",\"position\":1,\"name\":\"Inicio\",\"item\":\"https:\/\/esbozodeportivo.com\/\"},{\"@type\":\"ListItem\",\"position\":2,\"name\":\"Reconoce Embajadora a la gladiadora Melissa Cervantes\"}]},{\"@type\":\"WebSite\",\"@id\":\"https:\/\/esbozodeportivo.com\/#website\",\"url\":\"https:\/\/esbozodeportivo.com\/\",\"name\":\"Esbozo Deportivo\",\"description\":\"Lo m\u00e1s importante del Deporte\",\"publisher\":{\"@id\":\"https:\/\/esbozodeportivo.com\/#organization\"},\"potentialAction\":[{\"@type\":\"SearchAction\",\"target\":{\"@type\":\"EntryPoint\",\"urlTemplate\":\"https:\/\/esbozodeportivo.com\/?s={search_term_string}\"},\"query-input\":{\"@type\":\"PropertyValueSpecification\",\"valueRequired\":true,\"valueName\":\"search_term_string\"}}],\"inLanguage\":\"es\"},{\"@type\":\"Organization\",\"@id\":\"https:\/\/esbozodeportivo.com\/#organization\",\"name\":\"Esbozo Deportivo\",\"url\":\"https:\/\/esbozodeportivo.com\/\",\"logo\":{\"@type\":\"ImageObject\",\"inLanguage\":\"es\",\"@id\":\"https:\/\/esbozodeportivo.com\/#\/schema\/logo\/image\/\",\"url\":\"https:\/\/esbozodeportivo.com\/wp-content\/uploads\/2022\/08\/cropped-Logo-Esbozo-Web-2.png\",\"contentUrl\":\"https:\/\/esbozodeportivo.com\/wp-content\/uploads\/2022\/08\/cropped-Logo-Esbozo-Web-2.png\",\"width\":180,\"height\":50,\"caption\":\"Esbozo Deportivo\"},\"image\":{\"@id\":\"https:\/\/esbozodeportivo.com\/#\/schema\/logo\/image\/\"}},{\"@type\":\"Person\",\"@id\":\"https:\/\/esbozodeportivo.com\/#\/schema\/person\/7277119c98823aec37bbb84e125efd44\",\"name\":\"Javier De La Cruz\",\"image\":{\"@type\":\"ImageObject\",\"inLanguage\":\"es\",\"@id\":\"https:\/\/esbozodeportivo.com\/#\/schema\/person\/image\/\",\"url\":\"https:\/\/secure.gravatar.com\/avatar\/366235a56d20f1a6e8e3d0b295897639357bea880470ddf261d17bb0bc052eb1?s=96&d=mm&r=g\",\"contentUrl\":\"https:\/\/secure.gravatar.com\/avatar\/366235a56d20f1a6e8e3d0b295897639357bea880470ddf261d17bb0bc052eb1?s=96&d=mm&r=g\",\"caption\":\"Javier De La Cruz\"},\"url\":\"https:\/\/esbozodeportivo.com\/index.php\/author\/javier-de-la-cruz-de-la-cruz\/\"}]}<\/script>\n<!-- \/ Yoast SEO plugin. -->","yoast_head_json":{"title":"Reconoce Embajadora a la gladiadora Melissa Cervantes - Esbozo Deportivo","robots":{"index":"index","follow":"follow","max-snippet":"max-snippet:-1","max-image-preview":"max-image-preview:large","max-video-preview":"max-video-preview:-1"},"canonical":"https:\/\/esbozodeportivo.com\/index.php\/2024\/10\/23\/reconoce-embajadora-a-la-gladiadora-melissa-cervantes\/","og_locale":"es_MX","og_type":"article","og_title":"Reconoce Embajadora a la gladiadora Melissa Cervantes - Esbozo Deportivo","og_description":"Por su labor para lograr el empoderamiento de las ni\u00f1as y las mujeres, Melissa Cervantes,","og_url":"https:\/\/esbozodeportivo.com\/index.php\/2024\/10\/23\/reconoce-embajadora-a-la-gladiadora-melissa-cervantes\/","og_site_name":"Esbozo Deportivo","article_published_time":"2024-10-23T02:43:17+00:00","article_modified_time":"2024-10-23T02:43:18+00:00","og_image":[{"width":1600,"height":1200,"url":"https:\/\/esbozodeportivo.com\/wp-content\/uploads\/2024\/10\/Lucha.jpg","type":"image\/jpeg"}],"author":"Javier De La Cruz","twitter_card":"summary_large_image","twitter_misc":{"Escrito por":"Javier De La Cruz","Tiempo de lectura":"2 minutos"},"schema":{"@context":"https:\/\/schema.org","@graph":[{"@type":"Article","@id":"https:\/\/esbozodeportivo.com\/index.php\/2024\/10\/23\/reconoce-embajadora-a-la-gladiadora-melissa-cervantes\/#article","isPartOf":{"@id":"https:\/\/esbozodeportivo.com\/index.php\/2024\/10\/23\/reconoce-embajadora-a-la-gladiadora-melissa-cervantes\/"},"author":{"name":"Javier De La Cruz","@id":"https:\/\/esbozodeportivo.com\/#\/schema\/person\/7277119c98823aec37bbb84e125efd44"},"headline":"Reconoce Embajadora a la gladiadora Melissa Cervantes","datePublished":"2024-10-23T02:43:17+00:00","dateModified":"2024-10-23T02:43:18+00:00","mainEntityOfPage":{"@id":"https:\/\/esbozodeportivo.com\/index.php\/2024\/10\/23\/reconoce-embajadora-a-la-gladiadora-melissa-cervantes\/"},"wordCount":418,"publisher":{"@id":"https:\/\/esbozodeportivo.com\/#organization"},"image":{"@id":"https:\/\/esbozodeportivo.com\/index.php\/2024\/10\/23\/reconoce-embajadora-a-la-gladiadora-melissa-cervantes\/#primaryimage"},"thumbnailUrl":"https:\/\/esbozodeportivo.com\/wp-content\/uploads\/2024\/10\/Lucha.jpg","articleSection":["Amateur"],"inLanguage":"es"},{"@type":"WebPage","@id":"https:\/\/esbozodeportivo.com\/index.php\/2024\/10\/23\/reconoce-embajadora-a-la-gladiadora-melissa-cervantes\/","url":"https:\/\/esbozodeportivo.com\/index.php\/2024\/10\/23\/reconoce-embajadora-a-la-gladiadora-melissa-cervantes\/","name":"Reconoce Embajadora a la gladiadora Melissa Cervantes - Esbozo Deportivo","isPartOf":{"@id":"https:\/\/esbozodeportivo.com\/#website"},"primaryImageOfPage":{"@id":"https:\/\/esbozodeportivo.com\/index.php\/2024\/10\/23\/reconoce-embajadora-a-la-gladiadora-melissa-cervantes\/#primaryimage"},"image":{"@id":"https:\/\/esbozodeportivo.com\/index.php\/2024\/10\/23\/reconoce-embajadora-a-la-gladiadora-melissa-cervantes\/#primaryimage"},"thumbnailUrl":"https:\/\/esbozodeportivo.com\/wp-content\/uploads\/2024\/10\/Lucha.jpg","datePublished":"2024-10-23T02:43:17+00:00","dateModified":"2024-10-23T02:43:18+00:00","breadcrumb":{"@id":"https:\/\/esbozodeportivo.com\/index.php\/2024\/10\/23\/reconoce-embajadora-a-la-gladiadora-melissa-cervantes\/#breadcrumb"},"inLanguage":"es","potentialAction":[{"@type":"ReadAction","target":["https:\/\/esbozodeportivo.com\/index.php\/2024\/10\/23\/reconoce-embajadora-a-la-gladiadora-melissa-cervantes\/"]}]},{"@type":"ImageObject","inLanguage":"es","@id":"https:\/\/esbozodeportivo.com\/index.php\/2024\/10\/23\/reconoce-embajadora-a-la-gladiadora-melissa-cervantes\/#primaryimage","url":"https:\/\/esbozodeportivo.com\/wp-content\/uploads\/2024\/10\/Lucha.jpg","contentUrl":"https:\/\/esbozodeportivo.com\/wp-content\/uploads\/2024\/10\/Lucha.jpg","width":1600,"height":1200},{"@type":"BreadcrumbList","@id":"https:\/\/esbozodeportivo.com\/index.php\/2024\/10\/23\/reconoce-embajadora-a-la-gladiadora-melissa-cervantes\/#breadcrumb","itemListElement":[{"@type":"ListItem","position":1,"name":"Inicio","item":"https:\/\/esbozodeportivo.com\/"},{"@type":"ListItem","position":2,"name":"Reconoce Embajadora a la gladiadora Melissa Cervantes"}]},{"@type":"WebSite","@id":"https:\/\/esbozodeportivo.com\/#website","url":"https:\/\/esbozodeportivo.com\/","name":"Esbozo Deportivo","description":"Lo m\u00e1s importante del Deporte","publisher":{"@id":"https:\/\/esbozodeportivo.com\/#organization"},"potentialAction":[{"@type":"SearchAction","target":{"@type":"EntryPoint","urlTemplate":"https:\/\/esbozodeportivo.com\/?s={search_term_string}"},"query-input":{"@type":"PropertyValueSpecification","valueRequired":true,"valueName":"search_term_string"}}],"inLanguage":"es"},{"@type":"Organization","@id":"https:\/\/esbozodeportivo.com\/#organization","name":"Esbozo Deportivo","url":"https:\/\/esbozodeportivo.com\/","logo":{"@type":"ImageObject","inLanguage":"es","@id":"https:\/\/esbozodeportivo.com\/#\/schema\/logo\/image\/","url":"https:\/\/esbozodeportivo.com\/wp-content\/uploads\/2022\/08\/cropped-Logo-Esbozo-Web-2.png","contentUrl":"https:\/\/esbozodeportivo.com\/wp-content\/uploads\/2022\/08\/cropped-Logo-Esbozo-Web-2.png","width":180,"height":50,"caption":"Esbozo Deportivo"},"image":{"@id":"https:\/\/esbozodeportivo.com\/#\/schema\/logo\/image\/"}},{"@type":"Person","@id":"https:\/\/esbozodeportivo.com\/#\/schema\/person\/7277119c98823aec37bbb84e125efd44","name":"Javier De La Cruz","image":{"@type":"ImageObject","inLanguage":"es","@id":"https:\/\/esbozodeportivo.com\/#\/schema\/person\/image\/","url":"https:\/\/secure.gravatar.com\/avatar\/366235a56d20f1a6e8e3d0b295897639357bea880470ddf261d17bb0bc052eb1?s=96&d=mm&r=g","contentUrl":"https:\/\/secure.gravatar.com\/avatar\/366235a56d20f1a6e8e3d0b295897639357bea880470ddf261d17bb0bc052eb1?s=96&d=mm&r=g","caption":"Javier De La Cruz"},"url":"https:\/\/esbozodeportivo.com\/index.php\/author\/javier-de-la-cruz-de-la-cruz\/"}]}},"jetpack_featured_media_url":"https:\/\/esbozodeportivo.com\/wp-content\/uploads\/2024\/10\/Lucha.jpg","jetpack_sharing_enabled":true,"_links":{"self":[{"href":"https:\/\/esbozodeportivo.com\/index.php\/wp-json\/wp\/v2\/posts\/4626","targetHints":{"allow":["GET"]}}],"collection":[{"href":"https:\/\/esbozodeportivo.com\/index.php\/wp-json\/wp\/v2\/posts"}],"about":[{"href":"https:\/\/esbozodeportivo.com\/index.php\/wp-json\/wp\/v2\/types\/post"}],"author":[{"embeddable":true,"href":"https:\/\/esbozodeportivo.com\/index.php\/wp-json\/wp\/v2\/users\/2"}],"replies":[{"embeddable":true,"href":"https:\/\/esbozodeportivo.com\/index.php\/wp-json\/wp\/v2\/comments?post=4626"}],"version-history":[{"count":1,"href":"https:\/\/esbozodeportivo.com\/index.php\/wp-json\/wp\/v2\/posts\/4626\/revisions"}],"predecessor-version":[{"id":4628,"href":"https:\/\/esbozodeportivo.com\/index.php\/wp-json\/wp\/v2\/posts\/4626\/revisions\/4628"}],"wp:featuredmedia":[{"embeddable":true,"href":"https:\/\/esbozodeportivo.com\/index.php\/wp-json\/wp\/v2\/media\/4627"}],"wp:attachment":[{"href":"https:\/\/esbozodeportivo.com\/index.php\/wp-json\/wp\/v2\/media?parent=4626"}],"wp:term":[{"taxonomy":"category","embeddable":true,"href":"https:\/\/esbozodeportivo.com\/index.php\/wp-json\/wp\/v2\/categories?post=4626"},{"taxonomy":"post_tag","embeddable":true,"href":"https:\/\/esbozodeportivo.com\/index.php\/wp-json\/wp\/v2\/tags?post=4626"}],"curies":[{"name":"wp","href":"https:\/\/api.w.org\/{rel}","templated":true}]}}