{"id":4629,"date":"2024-10-23T05:04:26","date_gmt":"2024-10-23T05:04:26","guid":{"rendered":"https:\/\/esbozodeportivo.com\/?p=4629"},"modified":"2024-10-23T05:04:26","modified_gmt":"2024-10-23T05:04:26","slug":"murio-fernando-valenzuela-a-los-63-anos","status":"publish","type":"post","link":"https:\/\/esbozodeportivo.com\/index.php\/2024\/10\/23\/murio-fernando-valenzuela-a-los-63-anos\/","title":{"rendered":"Muri\u00f3 Fernando Valenzuela a los 63 a\u00f1os"},"content":{"rendered":"\n<p>(Foto: @Dodgers)<\/p>\n\n\n\n<p><strong>***El mejor pitcher mexicano brillo en los a\u00f1os 80\u2019s<\/strong><\/p>\n\n\n\n<p><strong>Por Redacci\u00f3n<\/strong><\/p>\n\n\n\n<p><strong>Fernando Valenzuela<\/strong>, el fen\u00f3meno nacido en M\u00e9xico que jug\u00f3 para los <a href=\"https:\/\/www.mlb.com\/es\/dodgers\">Dodgers de Los \u00c1ngeles<\/a> e inspir\u00f3 la \u201cFernandoman\u00eda\u201d mientras ganaba el Premio Cy Young de la Liga Nacional y el Novato del A\u00f1o en 1981, ha fallecido a los 63 a\u00f1os.<strong><\/strong><\/p>\n\n\n\n<p>El equipo de los <strong>Dodgers<\/strong>, a trav\u00e9s de sus redes sociales inform\u00f3 que Valenzuela, considerado como el mejor beisbolista mexicano en la historia, muri\u00f3 este el martes por la noche en un hospital de Los \u00c1ngeles, a causa de un c\u00e1ncer y problemas del coraz\u00f3n.<\/p>\n\n\n\n<p>Su muerte ocurre mientras el equipo Angelino se prepara para inaugurar la <strong>Serie Mundial<\/strong> el viernes por la noche, recibiendo a los <a href=\"https:\/\/www.mlb.com\/es\/yankees\">Yankees de Nueva York<\/a>.<\/p>\n\n\n\n<p>El oriundo de Sinaloa, &nbsp;hab\u00eda dejado su trabajo como comentarista en la transmisi\u00f3n en espa\u00f1ol de los Dodgers en septiembre sin dar explicaciones. Se inform\u00f3 que hab\u00eda sido hospitalizado a principios de este mes.<\/p>\n\n\n\n<p>Segu\u00eda siendo popular entre los fan\u00e1ticos que lo buscaban para fotos y aut\u00f3grafos.<\/p>\n\n\n\n<p><strong>El \u201cToro\u201d Valenzuela<\/strong> fue uno de los jugadores m\u00e1s dominantes de su \u00e9poca y una figura extremadamente popular en la d\u00e9cada de 1980, aunque nunca fue elegido para el Sal\u00f3n de la Fama. Sin embargo, es parte de Cooperstown, que cuenta con varias reliquias suyas, incluyendo una pelota firmada de su juego sin hits en 1990.<\/p>\n\n\n\n<p>Jug\u00f3 con los&nbsp;<strong>Mayos de Navojoa, las \u00c1guilas de Mexicali, los Tuzos de Guanajuato y los Leones de Yucat\u00e1n<\/strong>&nbsp;antes de llegar a las Grandes Ligas en 1980 con&nbsp;<strong>Los \u00c1ngeles Dodgers,<\/strong>&nbsp;equipo con el que alcanzar\u00eda su mayor fama.<\/p>\n","protected":false},"excerpt":{"rendered":"<p>(Foto: @Dodgers) ***El mejor pitcher mexicano brillo en los a\u00f1os 80\u2019s Por Redacci\u00f3n Fernando Valenzuela,<\/p>\n","protected":false},"author":2,"featured_media":4631,"comment_status":"closed","ping_status":"open","sticky":false,"template":"","format":"standard","meta":{"_jetpack_memberships_contains_paid_content":false,"footnotes":""},"categories":[17],"tags":[],"class_list":["post-4629","post","type-post","status-publish","format-standard","has-post-thumbnail","hentry","category-beis"],"yoast_head":"<!-- This site is optimized with the Yoast SEO plugin v25.7 - https:\/\/yoast.com\/wordpress\/plugins\/seo\/ -->\n<title>Muri\u00f3 Fernando Valenzuela a los 63 a\u00f1os - Esbozo Deportivo<\/title>\n<meta name=\"robots\" content=\"index, follow, max-snippet:-1, max-image-preview:large, max-video-preview:-1\" \/>\n<link rel=\"canonical\" href=\"https:\/\/esbozodeportivo.com\/index.php\/2024\/10\/23\/murio-fernando-valenzuela-a-los-63-anos\/\" \/>\n<meta property=\"og:locale\" content=\"es_MX\" \/>\n<meta property=\"og:type\" content=\"article\" \/>\n<meta property=\"og:title\" content=\"Muri\u00f3 Fernando Valenzuela a los 63 a\u00f1os - Esbozo Deportivo\" \/>\n<meta property=\"og:description\" content=\"(Foto: @Dodgers) ***El mejor pitcher mexicano brillo en los a\u00f1os 80\u2019s Por Redacci\u00f3n Fernando Valenzuela,\" \/>\n<meta property=\"og:url\" content=\"https:\/\/esbozodeportivo.com\/index.php\/2024\/10\/23\/murio-fernando-valenzuela-a-los-63-anos\/\" \/>\n<meta property=\"og:site_name\" content=\"Esbozo Deportivo\" \/>\n<meta property=\"article:published_time\" content=\"2024-10-23T05:04:26+00:00\" \/>\n<meta property=\"og:image\" content=\"https:\/\/esbozodeportivo.com\/wp-content\/uploads\/2024\/10\/Valenzuela.jpg\" \/>\n\t<meta property=\"og:image:width\" content=\"1200\" \/>\n\t<meta property=\"og:image:height\" content=\"1200\" \/>\n\t<meta property=\"og:image:type\" content=\"image\/jpeg\" \/>\n<meta name=\"author\" content=\"Javier De La Cruz\" \/>\n<meta name=\"twitter:card\" content=\"summary_large_image\" \/>\n<meta name=\"twitter:label1\" content=\"Escrito por\" \/>\n\t<meta name=\"twitter:data1\" content=\"Javier De La Cruz\" \/>\n\t<meta name=\"twitter:label2\" content=\"Tiempo de lectura\" \/>\n\t<meta name=\"twitter:data2\" content=\"1 minuto\" \/>\n<script type=\"application\/ld+json\" class=\"yoast-schema-graph\">{\"@context\":\"https:\/\/schema.org\",\"@graph\":[{\"@type\":\"Article\",\"@id\":\"https:\/\/esbozodeportivo.com\/index.php\/2024\/10\/23\/murio-fernando-valenzuela-a-los-63-anos\/#article\",\"isPartOf\":{\"@id\":\"https:\/\/esbozodeportivo.com\/index.php\/2024\/10\/23\/murio-fernando-valenzuela-a-los-63-anos\/\"},\"author\":{\"name\":\"Javier De La Cruz\",\"@id\":\"https:\/\/esbozodeportivo.com\/#\/schema\/person\/7277119c98823aec37bbb84e125efd44\"},\"headline\":\"Muri\u00f3 Fernando Valenzuela a los 63 a\u00f1os\",\"datePublished\":\"2024-10-23T05:04:26+00:00\",\"mainEntityOfPage\":{\"@id\":\"https:\/\/esbozodeportivo.com\/index.php\/2024\/10\/23\/murio-fernando-valenzuela-a-los-63-anos\/\"},\"wordCount\":298,\"publisher\":{\"@id\":\"https:\/\/esbozodeportivo.com\/#organization\"},\"image\":{\"@id\":\"https:\/\/esbozodeportivo.com\/index.php\/2024\/10\/23\/murio-fernando-valenzuela-a-los-63-anos\/#primaryimage\"},\"thumbnailUrl\":\"https:\/\/esbozodeportivo.com\/wp-content\/uploads\/2024\/10\/Valenzuela.jpg\",\"articleSection\":[\"Beisbol Grandes Ligas\"],\"inLanguage\":\"es\"},{\"@type\":\"WebPage\",\"@id\":\"https:\/\/esbozodeportivo.com\/index.php\/2024\/10\/23\/murio-fernando-valenzuela-a-los-63-anos\/\",\"url\":\"https:\/\/esbozodeportivo.com\/index.php\/2024\/10\/23\/murio-fernando-valenzuela-a-los-63-anos\/\",\"name\":\"Muri\u00f3 Fernando Valenzuela a los 63 a\u00f1os - Esbozo Deportivo\",\"isPartOf\":{\"@id\":\"https:\/\/esbozodeportivo.com\/#website\"},\"primaryImageOfPage\":{\"@id\":\"https:\/\/esbozodeportivo.com\/index.php\/2024\/10\/23\/murio-fernando-valenzuela-a-los-63-anos\/#primaryimage\"},\"image\":{\"@id\":\"https:\/\/esbozodeportivo.com\/index.php\/2024\/10\/23\/murio-fernando-valenzuela-a-los-63-anos\/#primaryimage\"},\"thumbnailUrl\":\"https:\/\/esbozodeportivo.com\/wp-content\/uploads\/2024\/10\/Valenzuela.jpg\",\"datePublished\":\"2024-10-23T05:04:26+00:00\",\"breadcrumb\":{\"@id\":\"https:\/\/esbozodeportivo.com\/index.php\/2024\/10\/23\/murio-fernando-valenzuela-a-los-63-anos\/#breadcrumb\"},\"inLanguage\":\"es\",\"potentialAction\":[{\"@type\":\"ReadAction\",\"target\":[\"https:\/\/esbozodeportivo.com\/index.php\/2024\/10\/23\/murio-fernando-valenzuela-a-los-63-anos\/\"]}]},{\"@type\":\"ImageObject\",\"inLanguage\":\"es\",\"@id\":\"https:\/\/esbozodeportivo.com\/index.php\/2024\/10\/23\/murio-fernando-valenzuela-a-los-63-anos\/#primaryimage\",\"url\":\"https:\/\/esbozodeportivo.com\/wp-content\/uploads\/2024\/10\/Valenzuela.jpg\",\"contentUrl\":\"https:\/\/esbozodeportivo.com\/wp-content\/uploads\/2024\/10\/Valenzuela.jpg\",\"width\":1200,\"height\":1200},{\"@type\":\"BreadcrumbList\",\"@id\":\"https:\/\/esbozodeportivo.com\/index.php\/2024\/10\/23\/murio-fernando-valenzuela-a-los-63-anos\/#breadcrumb\",\"itemListElement\":[{\"@type\":\"ListItem\",\"position\":1,\"name\":\"Inicio\",\"item\":\"https:\/\/esbozodeportivo.com\/\"},{\"@type\":\"ListItem\",\"position\":2,\"name\":\"Muri\u00f3 Fernando Valenzuela a los 63 a\u00f1os\"}]},{\"@type\":\"WebSite\",\"@id\":\"https:\/\/esbozodeportivo.com\/#website\",\"url\":\"https:\/\/esbozodeportivo.com\/\",\"name\":\"Esbozo Deportivo\",\"description\":\"Lo m\u00e1s importante del Deporte\",\"publisher\":{\"@id\":\"https:\/\/esbozodeportivo.com\/#organization\"},\"potentialAction\":[{\"@type\":\"SearchAction\",\"target\":{\"@type\":\"EntryPoint\",\"urlTemplate\":\"https:\/\/esbozodeportivo.com\/?s={search_term_string}\"},\"query-input\":{\"@type\":\"PropertyValueSpecification\",\"valueRequired\":true,\"valueName\":\"search_term_string\"}}],\"inLanguage\":\"es\"},{\"@type\":\"Organization\",\"@id\":\"https:\/\/esbozodeportivo.com\/#organization\",\"name\":\"Esbozo Deportivo\",\"url\":\"https:\/\/esbozodeportivo.com\/\",\"logo\":{\"@type\":\"ImageObject\",\"inLanguage\":\"es\",\"@id\":\"https:\/\/esbozodeportivo.com\/#\/schema\/logo\/image\/\",\"url\":\"https:\/\/esbozodeportivo.com\/wp-content\/uploads\/2022\/08\/cropped-Logo-Esbozo-Web-2.png\",\"contentUrl\":\"https:\/\/esbozodeportivo.com\/wp-content\/uploads\/2022\/08\/cropped-Logo-Esbozo-Web-2.png\",\"width\":180,\"height\":50,\"caption\":\"Esbozo Deportivo\"},\"image\":{\"@id\":\"https:\/\/esbozodeportivo.com\/#\/schema\/logo\/image\/\"}},{\"@type\":\"Person\",\"@id\":\"https:\/\/esbozodeportivo.com\/#\/schema\/person\/7277119c98823aec37bbb84e125efd44\",\"name\":\"Javier De La Cruz\",\"image\":{\"@type\":\"ImageObject\",\"inLanguage\":\"es\",\"@id\":\"https:\/\/esbozodeportivo.com\/#\/schema\/person\/image\/\",\"url\":\"https:\/\/secure.gravatar.com\/avatar\/366235a56d20f1a6e8e3d0b295897639357bea880470ddf261d17bb0bc052eb1?s=96&d=mm&r=g\",\"contentUrl\":\"https:\/\/secure.gravatar.com\/avatar\/366235a56d20f1a6e8e3d0b295897639357bea880470ddf261d17bb0bc052eb1?s=96&d=mm&r=g\",\"caption\":\"Javier De La Cruz\"},\"url\":\"https:\/\/esbozodeportivo.com\/index.php\/author\/javier-de-la-cruz-de-la-cruz\/\"}]}<\/script>\n<!-- \/ Yoast SEO plugin. -->","yoast_head_json":{"title":"Muri\u00f3 Fernando Valenzuela a los 63 a\u00f1os - Esbozo Deportivo","robots":{"index":"index","follow":"follow","max-snippet":"max-snippet:-1","max-image-preview":"max-image-preview:large","max-video-preview":"max-video-preview:-1"},"canonical":"https:\/\/esbozodeportivo.com\/index.php\/2024\/10\/23\/murio-fernando-valenzuela-a-los-63-anos\/","og_locale":"es_MX","og_type":"article","og_title":"Muri\u00f3 Fernando Valenzuela a los 63 a\u00f1os - Esbozo Deportivo","og_description":"(Foto: @Dodgers) ***El mejor pitcher mexicano brillo en los a\u00f1os 80\u2019s Por Redacci\u00f3n Fernando Valenzuela,","og_url":"https:\/\/esbozodeportivo.com\/index.php\/2024\/10\/23\/murio-fernando-valenzuela-a-los-63-anos\/","og_site_name":"Esbozo Deportivo","article_published_time":"2024-10-23T05:04:26+00:00","og_image":[{"width":1200,"height":1200,"url":"https:\/\/esbozodeportivo.com\/wp-content\/uploads\/2024\/10\/Valenzuela.jpg","type":"image\/jpeg"}],"author":"Javier De La Cruz","twitter_card":"summary_large_image","twitter_misc":{"Escrito por":"Javier De La Cruz","Tiempo de lectura":"1 minuto"},"schema":{"@context":"https:\/\/schema.org","@graph":[{"@type":"Article","@id":"https:\/\/esbozodeportivo.com\/index.php\/2024\/10\/23\/murio-fernando-valenzuela-a-los-63-anos\/#article","isPartOf":{"@id":"https:\/\/esbozodeportivo.com\/index.php\/2024\/10\/23\/murio-fernando-valenzuela-a-los-63-anos\/"},"author":{"name":"Javier De La Cruz","@id":"https:\/\/esbozodeportivo.com\/#\/schema\/person\/7277119c98823aec37bbb84e125efd44"},"headline":"Muri\u00f3 Fernando Valenzuela a los 63 a\u00f1os","datePublished":"2024-10-23T05:04:26+00:00","mainEntityOfPage":{"@id":"https:\/\/esbozodeportivo.com\/index.php\/2024\/10\/23\/murio-fernando-valenzuela-a-los-63-anos\/"},"wordCount":298,"publisher":{"@id":"https:\/\/esbozodeportivo.com\/#organization"},"image":{"@id":"https:\/\/esbozodeportivo.com\/index.php\/2024\/10\/23\/murio-fernando-valenzuela-a-los-63-anos\/#primaryimage"},"thumbnailUrl":"https:\/\/esbozodeportivo.com\/wp-content\/uploads\/2024\/10\/Valenzuela.jpg","articleSection":["Beisbol Grandes Ligas"],"inLanguage":"es"},{"@type":"WebPage","@id":"https:\/\/esbozodeportivo.com\/index.php\/2024\/10\/23\/murio-fernando-valenzuela-a-los-63-anos\/","url":"https:\/\/esbozodeportivo.com\/index.php\/2024\/10\/23\/murio-fernando-valenzuela-a-los-63-anos\/","name":"Muri\u00f3 Fernando Valenzuela a los 63 a\u00f1os - Esbozo Deportivo","isPartOf":{"@id":"https:\/\/esbozodeportivo.com\/#website"},"primaryImageOfPage":{"@id":"https:\/\/esbozodeportivo.com\/index.php\/2024\/10\/23\/murio-fernando-valenzuela-a-los-63-anos\/#primaryimage"},"image":{"@id":"https:\/\/esbozodeportivo.com\/index.php\/2024\/10\/23\/murio-fernando-valenzuela-a-los-63-anos\/#primaryimage"},"thumbnailUrl":"https:\/\/esbozodeportivo.com\/wp-content\/uploads\/2024\/10\/Valenzuela.jpg","datePublished":"2024-10-23T05:04:26+00:00","breadcrumb":{"@id":"https:\/\/esbozodeportivo.com\/index.php\/2024\/10\/23\/murio-fernando-valenzuela-a-los-63-anos\/#breadcrumb"},"inLanguage":"es","potentialAction":[{"@type":"ReadAction","target":["https:\/\/esbozodeportivo.com\/index.php\/2024\/10\/23\/murio-fernando-valenzuela-a-los-63-anos\/"]}]},{"@type":"ImageObject","inLanguage":"es","@id":"https:\/\/esbozodeportivo.com\/index.php\/2024\/10\/23\/murio-fernando-valenzuela-a-los-63-anos\/#primaryimage","url":"https:\/\/esbozodeportivo.com\/wp-content\/uploads\/2024\/10\/Valenzuela.jpg","contentUrl":"https:\/\/esbozodeportivo.com\/wp-content\/uploads\/2024\/10\/Valenzuela.jpg","width":1200,"height":1200},{"@type":"BreadcrumbList","@id":"https:\/\/esbozodeportivo.com\/index.php\/2024\/10\/23\/murio-fernando-valenzuela-a-los-63-anos\/#breadcrumb","itemListElement":[{"@type":"ListItem","position":1,"name":"Inicio","item":"https:\/\/esbozodeportivo.com\/"},{"@type":"ListItem","position":2,"name":"Muri\u00f3 Fernando Valenzuela a los 63 a\u00f1os"}]},{"@type":"WebSite","@id":"https:\/\/esbozodeportivo.com\/#website","url":"https:\/\/esbozodeportivo.com\/","name":"Esbozo Deportivo","description":"Lo m\u00e1s importante del Deporte","publisher":{"@id":"https:\/\/esbozodeportivo.com\/#organization"},"potentialAction":[{"@type":"SearchAction","target":{"@type":"EntryPoint","urlTemplate":"https:\/\/esbozodeportivo.com\/?s={search_term_string}"},"query-input":{"@type":"PropertyValueSpecification","valueRequired":true,"valueName":"search_term_string"}}],"inLanguage":"es"},{"@type":"Organization","@id":"https:\/\/esbozodeportivo.com\/#organization","name":"Esbozo Deportivo","url":"https:\/\/esbozodeportivo.com\/","logo":{"@type":"ImageObject","inLanguage":"es","@id":"https:\/\/esbozodeportivo.com\/#\/schema\/logo\/image\/","url":"https:\/\/esbozodeportivo.com\/wp-content\/uploads\/2022\/08\/cropped-Logo-Esbozo-Web-2.png","contentUrl":"https:\/\/esbozodeportivo.com\/wp-content\/uploads\/2022\/08\/cropped-Logo-Esbozo-Web-2.png","width":180,"height":50,"caption":"Esbozo Deportivo"},"image":{"@id":"https:\/\/esbozodeportivo.com\/#\/schema\/logo\/image\/"}},{"@type":"Person","@id":"https:\/\/esbozodeportivo.com\/#\/schema\/person\/7277119c98823aec37bbb84e125efd44","name":"Javier De La Cruz","image":{"@type":"ImageObject","inLanguage":"es","@id":"https:\/\/esbozodeportivo.com\/#\/schema\/person\/image\/","url":"https:\/\/secure.gravatar.com\/avatar\/366235a56d20f1a6e8e3d0b295897639357bea880470ddf261d17bb0bc052eb1?s=96&d=mm&r=g","contentUrl":"https:\/\/secure.gravatar.com\/avatar\/366235a56d20f1a6e8e3d0b295897639357bea880470ddf261d17bb0bc052eb1?s=96&d=mm&r=g","caption":"Javier De La Cruz"},"url":"https:\/\/esbozodeportivo.com\/index.php\/author\/javier-de-la-cruz-de-la-cruz\/"}]}},"jetpack_featured_media_url":"https:\/\/esbozodeportivo.com\/wp-content\/uploads\/2024\/10\/Valenzuela.jpg","jetpack_sharing_enabled":true,"_links":{"self":[{"href":"https:\/\/esbozodeportivo.com\/index.php\/wp-json\/wp\/v2\/posts\/4629","targetHints":{"allow":["GET"]}}],"collection":[{"href":"https:\/\/esbozodeportivo.com\/index.php\/wp-json\/wp\/v2\/posts"}],"about":[{"href":"https:\/\/esbozodeportivo.com\/index.php\/wp-json\/wp\/v2\/types\/post"}],"author":[{"embeddable":true,"href":"https:\/\/esbozodeportivo.com\/index.php\/wp-json\/wp\/v2\/users\/2"}],"replies":[{"embeddable":true,"href":"https:\/\/esbozodeportivo.com\/index.php\/wp-json\/wp\/v2\/comments?post=4629"}],"version-history":[{"count":1,"href":"https:\/\/esbozodeportivo.com\/index.php\/wp-json\/wp\/v2\/posts\/4629\/revisions"}],"predecessor-version":[{"id":4632,"href":"https:\/\/esbozodeportivo.com\/index.php\/wp-json\/wp\/v2\/posts\/4629\/revisions\/4632"}],"wp:featuredmedia":[{"embeddable":true,"href":"https:\/\/esbozodeportivo.com\/index.php\/wp-json\/wp\/v2\/media\/4631"}],"wp:attachment":[{"href":"https:\/\/esbozodeportivo.com\/index.php\/wp-json\/wp\/v2\/media?parent=4629"}],"wp:term":[{"taxonomy":"category","embeddable":true,"href":"https:\/\/esbozodeportivo.com\/index.php\/wp-json\/wp\/v2\/categories?post=4629"},{"taxonomy":"post_tag","embeddable":true,"href":"https:\/\/esbozodeportivo.com\/index.php\/wp-json\/wp\/v2\/tags?post=4629"}],"curies":[{"name":"wp","href":"https:\/\/api.w.org\/{rel}","templated":true}]}}