{"id":466,"date":"2022-09-18T02:06:10","date_gmt":"2022-09-18T02:06:10","guid":{"rendered":"https:\/\/esbozodeportivo.com\/?p=466"},"modified":"2022-09-18T06:23:50","modified_gmt":"2022-09-18T06:23:50","slug":"aida-roman-busca-un-lugar-para-los-panamericanos-de-chile-2023","status":"publish","type":"post","link":"https:\/\/esbozodeportivo.com\/index.php\/2022\/09\/18\/aida-roman-busca-un-lugar-para-los-panamericanos-de-chile-2023\/","title":{"rendered":"Aida Rom\u00e1n, busca un lugar para los Panamericanos de Chile 2023"},"content":{"rendered":"<p style=\"background: white; margin: 12.0pt 0cm .0001pt 0cm;\">(Conade).- La experimentada arquera ol\u00edmpica, A\u00edda Nabila Rom\u00e1n Arroyo compite en el selectivo nacional de la disciplina, en la modalidad recurvo, en busca de reservar su lugar dentro del equipo mexicano que participar\u00e1 en el Campeonato Panamericano que se efectuar\u00e1 en Santiago, Chile, en noviembre pr\u00f3ximo, evento que repartir\u00e1 plazas a los Juegos Panamericanos Santiago 2023.<\/p>\n<p style=\"background: white; margin: 12.0pt 0cm .0001pt 0cm;\">\u201cEste torneo va a estar un poquito largo porque van a ser cuatro d\u00edas de competencia muy intensa y estaremos cuantificando todos los puntos que podamos hacer\u201d, detall\u00f3 a la Comisi\u00f3n Nacional de Cultura F\u00edsica y Deporte (CONADE), durante la actividad que se desarrolla en el Centro Nacional de Desarrollo de Talentos Deportivos y Alto Rendimiento (CNAR), la cual se extender\u00e1 hasta el pr\u00f3ximo s\u00e1bado 17 de septiembre.<\/p>\n<style>\/*! elementor - v3.7.6 - 15-09-2022 *\/\n.elementor-widget-image{text-align:center}.elementor-widget-image a{display:inline-block}.elementor-widget-image a img[src$=\".svg\"]{width:48px}.elementor-widget-image img{vertical-align:middle;display:inline-block}<\/style>\n<p>\t\t\t\t\t\t\t\t\t\t\t\t<img decoding=\"async\" width=\"640\" height=\"426\" src=\"https:\/\/esbozodeportivo.com\/wp-content\/uploads\/2022\/09\/Roman3-1024x682.jpeg\" alt=\"\" loading=\"lazy\" srcset=\"https:\/\/esbozodeportivo.com\/wp-content\/uploads\/2022\/09\/Roman3-1024x682.jpeg 1024w, https:\/\/esbozodeportivo.com\/wp-content\/uploads\/2022\/09\/Roman3-300x200.jpeg 300w, https:\/\/esbozodeportivo.com\/wp-content\/uploads\/2022\/09\/Roman3-768x512.jpeg 768w, https:\/\/esbozodeportivo.com\/wp-content\/uploads\/2022\/09\/Roman3.jpeg 1280w\" sizes=\"auto, (max-width: 640px) 100vw, 640px\" \/>\t\t\t\t\t\t\t\t\t\t\t\t\t\t\t<\/p>\n<p>Rom\u00e1n, medallista de plata en Londres 2012, destac\u00f3 la alta competencia que protagoniza dicho selectivo, comprendido por 13 atletas, donde aplaudi\u00f3 el nivel de sus compa\u00f1eros en ambas ramas, al asegurar que la combinaci\u00f3n de experiencia y juventud ha fortalecido el tiro con arco mexicano.<\/p>\n<p>\u201cTodos sab\u00edamos desde el principio que iba a ser fuerte y muy intensa esta competencia, hemos tirado muy bien, es un alto nivel y somos un equipo que ha crecido bastante, tanto a nivel nacional como internacional, as\u00ed que cualquiera que quede en selecci\u00f3n va a ser muy buen elemento y espero poder estar ah\u00ed\u201d, dijo.<\/p>\n<p>\u201cSe combina la experiencia con la frescura de las nuevas generaciones y eso va empujando poco a poco a desarrollar mejores equipos; en lo personal, me siento bien, contenta, s\u00ed est\u00e1n los nervios, pero son parte de este proceso y estamos tirando lo mejor posible\u201d, destac\u00f3.<\/p>\n<p>\t\t\t\t\t\t\t\t\t\t\t\t\t\t\t<img decoding=\"async\" width=\"640\" height=\"426\" src=\"https:\/\/esbozodeportivo.com\/wp-content\/uploads\/2022\/09\/Roman2-1024x682.jpeg\" alt=\"\" loading=\"lazy\" srcset=\"https:\/\/esbozodeportivo.com\/wp-content\/uploads\/2022\/09\/Roman2-1024x682.jpeg 1024w, https:\/\/esbozodeportivo.com\/wp-content\/uploads\/2022\/09\/Roman2-300x200.jpeg 300w, https:\/\/esbozodeportivo.com\/wp-content\/uploads\/2022\/09\/Roman2-768x512.jpeg 768w, https:\/\/esbozodeportivo.com\/wp-content\/uploads\/2022\/09\/Roman2.jpeg 1280w\" sizes=\"auto, (max-width: 640px) 100vw, 640px\" \/>\t\t\t\t\t\t\t\t\t\t\t\t\t\t\t<\/p>\n<p style=\"background: white; margin: 12.0pt 0cm .0001pt 0cm;\">La arquera capitalina, tambi\u00e9n medallista mundial y panamericana, es parte del equipo femenil que se encuentra en la contienda en el CNAR, el cual est\u00e1 compuesto por Alejandra Valencia, Ana Paula V\u00e1zquez, Valentina V\u00e1zquez, Paola Saucedo y Paulina Garza.<\/p>\n<p>\t\t\t\t\t\t\t\t\t\t\t\t\t\t\t<img decoding=\"async\" width=\"640\" height=\"426\" src=\"https:\/\/esbozodeportivo.com\/wp-content\/uploads\/2022\/09\/Roman4-1024x682.jpeg\" alt=\"\" loading=\"lazy\" srcset=\"https:\/\/esbozodeportivo.com\/wp-content\/uploads\/2022\/09\/Roman4-1024x682.jpeg 1024w, https:\/\/esbozodeportivo.com\/wp-content\/uploads\/2022\/09\/Roman4-300x200.jpeg 300w, https:\/\/esbozodeportivo.com\/wp-content\/uploads\/2022\/09\/Roman4-768x512.jpeg 768w, https:\/\/esbozodeportivo.com\/wp-content\/uploads\/2022\/09\/Roman4.jpeg 1280w\" sizes=\"auto, (max-width: 640px) 100vw, 640px\" \/>\t\t\t\t\t\t\t\t\t\t\t\t\t\t\t<\/p>\n<p><strong>Par\u00eds 2024: \u201cUn gran reto a contrarreloj\u201d<\/strong><\/p>\n<p>Con una nutrida trayectoria deportiva, que la sit\u00faa como un referente del tiro con arco nacional, avalada con cuatro ediciones al hilo de Juegos Ol\u00edmpicos: Beijing 2008, Londres 2012, R\u00edo 2016 y Tokio 2020, A\u00edda Rom\u00e1n apunta a Par\u00eds 2024, un camino que calific\u00f3 como un \u201cgran reto\u201d, al quedar acortado como consecuencia de la pandemia por covid-19.<\/p>\n<p>\u201cLos eventos han estado muy justos, hemos estado constantemente compitiendo, pero es lo que hay y lo afrontar\u00e9, es la competencia que todos vamos a disputar, las clasificaciones ya se est\u00e1n dando, el a\u00f1o pr\u00f3ximo ser\u00e1 muy intenso en d\u00f3nde est\u00e1 la disputando los lugares para Juegos Ol\u00edmpicos, tanto en Juegos Panamericanos como el Campeonato Mundial\u201d, comparti\u00f3.<\/p>\n<p>\u201cPar\u00eds es un gran reto porque estamos a contrarreloj, el tiempo es muy breve para prepararse, esperemos poder clasificar con el equipo sino manera individual; el equipo es muy fuerte, en varonil y femenil, y podemos hacerlo mejor\u201d, puntualiz\u00f3.<\/p>\n<p>\t\t\t\t\t\t\t\t\t\t\t\t\t\t\t<img decoding=\"async\" width=\"640\" height=\"426\" src=\"https:\/\/esbozodeportivo.com\/wp-content\/uploads\/2022\/09\/Roman1-1024x682.jpeg\" alt=\"\" loading=\"lazy\" srcset=\"https:\/\/esbozodeportivo.com\/wp-content\/uploads\/2022\/09\/Roman1-1024x682.jpeg 1024w, https:\/\/esbozodeportivo.com\/wp-content\/uploads\/2022\/09\/Roman1-300x200.jpeg 300w, https:\/\/esbozodeportivo.com\/wp-content\/uploads\/2022\/09\/Roman1-768x512.jpeg 768w, https:\/\/esbozodeportivo.com\/wp-content\/uploads\/2022\/09\/Roman1.jpeg 1280w\" sizes=\"auto, (max-width: 640px) 100vw, 640px\" \/>\t\t\t\t\t\t\t\t\t\t\t\t\t\t\t<\/p>\n<p>(Fotos: CONADE)<\/p>\n","protected":false},"excerpt":{"rendered":"<p>(Conade).- La experimentada arquera ol\u00edmpica, A\u00edda Nabila Rom\u00e1n Arroyo compite en el selectivo nacional de<\/p>\n","protected":false},"author":2,"featured_media":0,"comment_status":"open","ping_status":"open","sticky":false,"template":"","format":"standard","meta":{"_jetpack_memberships_contains_paid_content":false,"footnotes":""},"categories":[5],"tags":[],"class_list":["post-466","post","type-post","status-publish","format-standard","hentry","category-amateur"],"yoast_head":"<!-- This site is optimized with the Yoast SEO plugin v25.7 - https:\/\/yoast.com\/wordpress\/plugins\/seo\/ -->\n<title>Aida Rom\u00e1n, busca un lugar para los Panamericanos de Chile 2023 - Esbozo Deportivo<\/title>\n<meta name=\"robots\" content=\"index, follow, max-snippet:-1, max-image-preview:large, max-video-preview:-1\" \/>\n<link rel=\"canonical\" href=\"https:\/\/esbozodeportivo.com\/index.php\/2022\/09\/18\/aida-roman-busca-un-lugar-para-los-panamericanos-de-chile-2023\/\" \/>\n<meta property=\"og:locale\" content=\"es_MX\" \/>\n<meta property=\"og:type\" content=\"article\" \/>\n<meta property=\"og:title\" content=\"Aida Rom\u00e1n, busca un lugar para los Panamericanos de Chile 2023 - Esbozo Deportivo\" \/>\n<meta property=\"og:description\" content=\"(Conade).- La experimentada arquera ol\u00edmpica, A\u00edda Nabila Rom\u00e1n Arroyo compite en el selectivo nacional de\" \/>\n<meta property=\"og:url\" content=\"https:\/\/esbozodeportivo.com\/index.php\/2022\/09\/18\/aida-roman-busca-un-lugar-para-los-panamericanos-de-chile-2023\/\" \/>\n<meta property=\"og:site_name\" content=\"Esbozo Deportivo\" \/>\n<meta property=\"article:published_time\" content=\"2022-09-18T02:06:10+00:00\" \/>\n<meta property=\"article:modified_time\" content=\"2022-09-18T06:23:50+00:00\" \/>\n<meta property=\"og:image\" content=\"https:\/\/esbozodeportivo.com\/wp-content\/uploads\/2022\/09\/Roman3-1024x682.jpeg\" \/>\n<meta name=\"author\" content=\"Javier De La Cruz\" \/>\n<meta name=\"twitter:card\" content=\"summary_large_image\" \/>\n<meta name=\"twitter:label1\" content=\"Escrito por\" \/>\n\t<meta name=\"twitter:data1\" content=\"Javier De La Cruz\" \/>\n\t<meta name=\"twitter:label2\" content=\"Tiempo de lectura\" \/>\n\t<meta name=\"twitter:data2\" content=\"2 minutos\" \/>\n<script type=\"application\/ld+json\" class=\"yoast-schema-graph\">{\"@context\":\"https:\/\/schema.org\",\"@graph\":[{\"@type\":\"Article\",\"@id\":\"https:\/\/esbozodeportivo.com\/index.php\/2022\/09\/18\/aida-roman-busca-un-lugar-para-los-panamericanos-de-chile-2023\/#article\",\"isPartOf\":{\"@id\":\"https:\/\/esbozodeportivo.com\/index.php\/2022\/09\/18\/aida-roman-busca-un-lugar-para-los-panamericanos-de-chile-2023\/\"},\"author\":{\"name\":\"Javier De La Cruz\",\"@id\":\"https:\/\/esbozodeportivo.com\/#\/schema\/person\/7277119c98823aec37bbb84e125efd44\"},\"headline\":\"Aida Rom\u00e1n, busca un lugar para los Panamericanos de Chile 2023\",\"datePublished\":\"2022-09-18T02:06:10+00:00\",\"dateModified\":\"2022-09-18T06:23:50+00:00\",\"mainEntityOfPage\":{\"@id\":\"https:\/\/esbozodeportivo.com\/index.php\/2022\/09\/18\/aida-roman-busca-un-lugar-para-los-panamericanos-de-chile-2023\/\"},\"wordCount\":506,\"commentCount\":0,\"publisher\":{\"@id\":\"https:\/\/esbozodeportivo.com\/#organization\"},\"image\":{\"@id\":\"https:\/\/esbozodeportivo.com\/index.php\/2022\/09\/18\/aida-roman-busca-un-lugar-para-los-panamericanos-de-chile-2023\/#primaryimage\"},\"thumbnailUrl\":\"https:\/\/esbozodeportivo.com\/wp-content\/uploads\/2022\/09\/Roman3-1024x682.jpeg\",\"articleSection\":[\"Amateur\"],\"inLanguage\":\"es\",\"potentialAction\":[{\"@type\":\"CommentAction\",\"name\":\"Comment\",\"target\":[\"https:\/\/esbozodeportivo.com\/index.php\/2022\/09\/18\/aida-roman-busca-un-lugar-para-los-panamericanos-de-chile-2023\/#respond\"]}]},{\"@type\":\"WebPage\",\"@id\":\"https:\/\/esbozodeportivo.com\/index.php\/2022\/09\/18\/aida-roman-busca-un-lugar-para-los-panamericanos-de-chile-2023\/\",\"url\":\"https:\/\/esbozodeportivo.com\/index.php\/2022\/09\/18\/aida-roman-busca-un-lugar-para-los-panamericanos-de-chile-2023\/\",\"name\":\"Aida Rom\u00e1n, busca un lugar para los Panamericanos de Chile 2023 - Esbozo Deportivo\",\"isPartOf\":{\"@id\":\"https:\/\/esbozodeportivo.com\/#website\"},\"primaryImageOfPage\":{\"@id\":\"https:\/\/esbozodeportivo.com\/index.php\/2022\/09\/18\/aida-roman-busca-un-lugar-para-los-panamericanos-de-chile-2023\/#primaryimage\"},\"image\":{\"@id\":\"https:\/\/esbozodeportivo.com\/index.php\/2022\/09\/18\/aida-roman-busca-un-lugar-para-los-panamericanos-de-chile-2023\/#primaryimage\"},\"thumbnailUrl\":\"https:\/\/esbozodeportivo.com\/wp-content\/uploads\/2022\/09\/Roman3-1024x682.jpeg\",\"datePublished\":\"2022-09-18T02:06:10+00:00\",\"dateModified\":\"2022-09-18T06:23:50+00:00\",\"breadcrumb\":{\"@id\":\"https:\/\/esbozodeportivo.com\/index.php\/2022\/09\/18\/aida-roman-busca-un-lugar-para-los-panamericanos-de-chile-2023\/#breadcrumb\"},\"inLanguage\":\"es\",\"potentialAction\":[{\"@type\":\"ReadAction\",\"target\":[\"https:\/\/esbozodeportivo.com\/index.php\/2022\/09\/18\/aida-roman-busca-un-lugar-para-los-panamericanos-de-chile-2023\/\"]}]},{\"@type\":\"ImageObject\",\"inLanguage\":\"es\",\"@id\":\"https:\/\/esbozodeportivo.com\/index.php\/2022\/09\/18\/aida-roman-busca-un-lugar-para-los-panamericanos-de-chile-2023\/#primaryimage\",\"url\":\"https:\/\/esbozodeportivo.com\/wp-content\/uploads\/2022\/09\/Roman3-1024x682.jpeg\",\"contentUrl\":\"https:\/\/esbozodeportivo.com\/wp-content\/uploads\/2022\/09\/Roman3-1024x682.jpeg\"},{\"@type\":\"BreadcrumbList\",\"@id\":\"https:\/\/esbozodeportivo.com\/index.php\/2022\/09\/18\/aida-roman-busca-un-lugar-para-los-panamericanos-de-chile-2023\/#breadcrumb\",\"itemListElement\":[{\"@type\":\"ListItem\",\"position\":1,\"name\":\"Inicio\",\"item\":\"https:\/\/esbozodeportivo.com\/\"},{\"@type\":\"ListItem\",\"position\":2,\"name\":\"Aida Rom\u00e1n, busca un lugar para los Panamericanos de Chile 2023\"}]},{\"@type\":\"WebSite\",\"@id\":\"https:\/\/esbozodeportivo.com\/#website\",\"url\":\"https:\/\/esbozodeportivo.com\/\",\"name\":\"Esbozo Deportivo\",\"description\":\"Lo m\u00e1s importante del Deporte\",\"publisher\":{\"@id\":\"https:\/\/esbozodeportivo.com\/#organization\"},\"potentialAction\":[{\"@type\":\"SearchAction\",\"target\":{\"@type\":\"EntryPoint\",\"urlTemplate\":\"https:\/\/esbozodeportivo.com\/?s={search_term_string}\"},\"query-input\":{\"@type\":\"PropertyValueSpecification\",\"valueRequired\":true,\"valueName\":\"search_term_string\"}}],\"inLanguage\":\"es\"},{\"@type\":\"Organization\",\"@id\":\"https:\/\/esbozodeportivo.com\/#organization\",\"name\":\"Esbozo Deportivo\",\"url\":\"https:\/\/esbozodeportivo.com\/\",\"logo\":{\"@type\":\"ImageObject\",\"inLanguage\":\"es\",\"@id\":\"https:\/\/esbozodeportivo.com\/#\/schema\/logo\/image\/\",\"url\":\"https:\/\/esbozodeportivo.com\/wp-content\/uploads\/2022\/08\/cropped-Logo-Esbozo-Web-2.png\",\"contentUrl\":\"https:\/\/esbozodeportivo.com\/wp-content\/uploads\/2022\/08\/cropped-Logo-Esbozo-Web-2.png\",\"width\":180,\"height\":50,\"caption\":\"Esbozo Deportivo\"},\"image\":{\"@id\":\"https:\/\/esbozodeportivo.com\/#\/schema\/logo\/image\/\"}},{\"@type\":\"Person\",\"@id\":\"https:\/\/esbozodeportivo.com\/#\/schema\/person\/7277119c98823aec37bbb84e125efd44\",\"name\":\"Javier De La Cruz\",\"image\":{\"@type\":\"ImageObject\",\"inLanguage\":\"es\",\"@id\":\"https:\/\/esbozodeportivo.com\/#\/schema\/person\/image\/\",\"url\":\"https:\/\/secure.gravatar.com\/avatar\/366235a56d20f1a6e8e3d0b295897639357bea880470ddf261d17bb0bc052eb1?s=96&d=mm&r=g\",\"contentUrl\":\"https:\/\/secure.gravatar.com\/avatar\/366235a56d20f1a6e8e3d0b295897639357bea880470ddf261d17bb0bc052eb1?s=96&d=mm&r=g\",\"caption\":\"Javier De La Cruz\"},\"url\":\"https:\/\/esbozodeportivo.com\/index.php\/author\/javier-de-la-cruz-de-la-cruz\/\"}]}<\/script>\n<!-- \/ Yoast SEO plugin. -->","yoast_head_json":{"title":"Aida Rom\u00e1n, busca un lugar para los Panamericanos de Chile 2023 - Esbozo Deportivo","robots":{"index":"index","follow":"follow","max-snippet":"max-snippet:-1","max-image-preview":"max-image-preview:large","max-video-preview":"max-video-preview:-1"},"canonical":"https:\/\/esbozodeportivo.com\/index.php\/2022\/09\/18\/aida-roman-busca-un-lugar-para-los-panamericanos-de-chile-2023\/","og_locale":"es_MX","og_type":"article","og_title":"Aida Rom\u00e1n, busca un lugar para los Panamericanos de Chile 2023 - Esbozo Deportivo","og_description":"(Conade).- La experimentada arquera ol\u00edmpica, A\u00edda Nabila Rom\u00e1n Arroyo compite en el selectivo nacional de","og_url":"https:\/\/esbozodeportivo.com\/index.php\/2022\/09\/18\/aida-roman-busca-un-lugar-para-los-panamericanos-de-chile-2023\/","og_site_name":"Esbozo Deportivo","article_published_time":"2022-09-18T02:06:10+00:00","article_modified_time":"2022-09-18T06:23:50+00:00","og_image":[{"url":"https:\/\/esbozodeportivo.com\/wp-content\/uploads\/2022\/09\/Roman3-1024x682.jpeg","type":"","width":"","height":""}],"author":"Javier De La Cruz","twitter_card":"summary_large_image","twitter_misc":{"Escrito por":"Javier De La Cruz","Tiempo de lectura":"2 minutos"},"schema":{"@context":"https:\/\/schema.org","@graph":[{"@type":"Article","@id":"https:\/\/esbozodeportivo.com\/index.php\/2022\/09\/18\/aida-roman-busca-un-lugar-para-los-panamericanos-de-chile-2023\/#article","isPartOf":{"@id":"https:\/\/esbozodeportivo.com\/index.php\/2022\/09\/18\/aida-roman-busca-un-lugar-para-los-panamericanos-de-chile-2023\/"},"author":{"name":"Javier De La Cruz","@id":"https:\/\/esbozodeportivo.com\/#\/schema\/person\/7277119c98823aec37bbb84e125efd44"},"headline":"Aida Rom\u00e1n, busca un lugar para los Panamericanos de Chile 2023","datePublished":"2022-09-18T02:06:10+00:00","dateModified":"2022-09-18T06:23:50+00:00","mainEntityOfPage":{"@id":"https:\/\/esbozodeportivo.com\/index.php\/2022\/09\/18\/aida-roman-busca-un-lugar-para-los-panamericanos-de-chile-2023\/"},"wordCount":506,"commentCount":0,"publisher":{"@id":"https:\/\/esbozodeportivo.com\/#organization"},"image":{"@id":"https:\/\/esbozodeportivo.com\/index.php\/2022\/09\/18\/aida-roman-busca-un-lugar-para-los-panamericanos-de-chile-2023\/#primaryimage"},"thumbnailUrl":"https:\/\/esbozodeportivo.com\/wp-content\/uploads\/2022\/09\/Roman3-1024x682.jpeg","articleSection":["Amateur"],"inLanguage":"es","potentialAction":[{"@type":"CommentAction","name":"Comment","target":["https:\/\/esbozodeportivo.com\/index.php\/2022\/09\/18\/aida-roman-busca-un-lugar-para-los-panamericanos-de-chile-2023\/#respond"]}]},{"@type":"WebPage","@id":"https:\/\/esbozodeportivo.com\/index.php\/2022\/09\/18\/aida-roman-busca-un-lugar-para-los-panamericanos-de-chile-2023\/","url":"https:\/\/esbozodeportivo.com\/index.php\/2022\/09\/18\/aida-roman-busca-un-lugar-para-los-panamericanos-de-chile-2023\/","name":"Aida Rom\u00e1n, busca un lugar para los Panamericanos de Chile 2023 - Esbozo Deportivo","isPartOf":{"@id":"https:\/\/esbozodeportivo.com\/#website"},"primaryImageOfPage":{"@id":"https:\/\/esbozodeportivo.com\/index.php\/2022\/09\/18\/aida-roman-busca-un-lugar-para-los-panamericanos-de-chile-2023\/#primaryimage"},"image":{"@id":"https:\/\/esbozodeportivo.com\/index.php\/2022\/09\/18\/aida-roman-busca-un-lugar-para-los-panamericanos-de-chile-2023\/#primaryimage"},"thumbnailUrl":"https:\/\/esbozodeportivo.com\/wp-content\/uploads\/2022\/09\/Roman3-1024x682.jpeg","datePublished":"2022-09-18T02:06:10+00:00","dateModified":"2022-09-18T06:23:50+00:00","breadcrumb":{"@id":"https:\/\/esbozodeportivo.com\/index.php\/2022\/09\/18\/aida-roman-busca-un-lugar-para-los-panamericanos-de-chile-2023\/#breadcrumb"},"inLanguage":"es","potentialAction":[{"@type":"ReadAction","target":["https:\/\/esbozodeportivo.com\/index.php\/2022\/09\/18\/aida-roman-busca-un-lugar-para-los-panamericanos-de-chile-2023\/"]}]},{"@type":"ImageObject","inLanguage":"es","@id":"https:\/\/esbozodeportivo.com\/index.php\/2022\/09\/18\/aida-roman-busca-un-lugar-para-los-panamericanos-de-chile-2023\/#primaryimage","url":"https:\/\/esbozodeportivo.com\/wp-content\/uploads\/2022\/09\/Roman3-1024x682.jpeg","contentUrl":"https:\/\/esbozodeportivo.com\/wp-content\/uploads\/2022\/09\/Roman3-1024x682.jpeg"},{"@type":"BreadcrumbList","@id":"https:\/\/esbozodeportivo.com\/index.php\/2022\/09\/18\/aida-roman-busca-un-lugar-para-los-panamericanos-de-chile-2023\/#breadcrumb","itemListElement":[{"@type":"ListItem","position":1,"name":"Inicio","item":"https:\/\/esbozodeportivo.com\/"},{"@type":"ListItem","position":2,"name":"Aida Rom\u00e1n, busca un lugar para los Panamericanos de Chile 2023"}]},{"@type":"WebSite","@id":"https:\/\/esbozodeportivo.com\/#website","url":"https:\/\/esbozodeportivo.com\/","name":"Esbozo Deportivo","description":"Lo m\u00e1s importante del Deporte","publisher":{"@id":"https:\/\/esbozodeportivo.com\/#organization"},"potentialAction":[{"@type":"SearchAction","target":{"@type":"EntryPoint","urlTemplate":"https:\/\/esbozodeportivo.com\/?s={search_term_string}"},"query-input":{"@type":"PropertyValueSpecification","valueRequired":true,"valueName":"search_term_string"}}],"inLanguage":"es"},{"@type":"Organization","@id":"https:\/\/esbozodeportivo.com\/#organization","name":"Esbozo Deportivo","url":"https:\/\/esbozodeportivo.com\/","logo":{"@type":"ImageObject","inLanguage":"es","@id":"https:\/\/esbozodeportivo.com\/#\/schema\/logo\/image\/","url":"https:\/\/esbozodeportivo.com\/wp-content\/uploads\/2022\/08\/cropped-Logo-Esbozo-Web-2.png","contentUrl":"https:\/\/esbozodeportivo.com\/wp-content\/uploads\/2022\/08\/cropped-Logo-Esbozo-Web-2.png","width":180,"height":50,"caption":"Esbozo Deportivo"},"image":{"@id":"https:\/\/esbozodeportivo.com\/#\/schema\/logo\/image\/"}},{"@type":"Person","@id":"https:\/\/esbozodeportivo.com\/#\/schema\/person\/7277119c98823aec37bbb84e125efd44","name":"Javier De La Cruz","image":{"@type":"ImageObject","inLanguage":"es","@id":"https:\/\/esbozodeportivo.com\/#\/schema\/person\/image\/","url":"https:\/\/secure.gravatar.com\/avatar\/366235a56d20f1a6e8e3d0b295897639357bea880470ddf261d17bb0bc052eb1?s=96&d=mm&r=g","contentUrl":"https:\/\/secure.gravatar.com\/avatar\/366235a56d20f1a6e8e3d0b295897639357bea880470ddf261d17bb0bc052eb1?s=96&d=mm&r=g","caption":"Javier De La Cruz"},"url":"https:\/\/esbozodeportivo.com\/index.php\/author\/javier-de-la-cruz-de-la-cruz\/"}]}},"jetpack_featured_media_url":"","jetpack_sharing_enabled":true,"_links":{"self":[{"href":"https:\/\/esbozodeportivo.com\/index.php\/wp-json\/wp\/v2\/posts\/466","targetHints":{"allow":["GET"]}}],"collection":[{"href":"https:\/\/esbozodeportivo.com\/index.php\/wp-json\/wp\/v2\/posts"}],"about":[{"href":"https:\/\/esbozodeportivo.com\/index.php\/wp-json\/wp\/v2\/types\/post"}],"author":[{"embeddable":true,"href":"https:\/\/esbozodeportivo.com\/index.php\/wp-json\/wp\/v2\/users\/2"}],"replies":[{"embeddable":true,"href":"https:\/\/esbozodeportivo.com\/index.php\/wp-json\/wp\/v2\/comments?post=466"}],"version-history":[{"count":4,"href":"https:\/\/esbozodeportivo.com\/index.php\/wp-json\/wp\/v2\/posts\/466\/revisions"}],"predecessor-version":[{"id":475,"href":"https:\/\/esbozodeportivo.com\/index.php\/wp-json\/wp\/v2\/posts\/466\/revisions\/475"}],"wp:attachment":[{"href":"https:\/\/esbozodeportivo.com\/index.php\/wp-json\/wp\/v2\/media?parent=466"}],"wp:term":[{"taxonomy":"category","embeddable":true,"href":"https:\/\/esbozodeportivo.com\/index.php\/wp-json\/wp\/v2\/categories?post=466"},{"taxonomy":"post_tag","embeddable":true,"href":"https:\/\/esbozodeportivo.com\/index.php\/wp-json\/wp\/v2\/tags?post=466"}],"curies":[{"name":"wp","href":"https:\/\/api.w.org\/{rel}","templated":true}]}}