{"id":4669,"date":"2024-10-28T20:57:07","date_gmt":"2024-10-28T20:57:07","guid":{"rendered":"https:\/\/esbozodeportivo.com\/?p=4669"},"modified":"2024-10-28T20:57:07","modified_gmt":"2024-10-28T20:57:07","slug":"la-mediacion-el-futuro-de-la-justicia","status":"publish","type":"post","link":"https:\/\/esbozodeportivo.com\/index.php\/2024\/10\/28\/la-mediacion-el-futuro-de-la-justicia\/","title":{"rendered":"La Mediaci\u00f3n, el Futuro de la Justicia"},"content":{"rendered":"\n<p>Fuente: http:\/\/www.cipsiapsicologos.com<\/p>\n\n\n\n<p><strong>Por Ra\u00fal Vareia Gonz\u00e1lez<\/strong><\/p>\n\n\n\n<p>Ante el evidente fracaso del arcaico Sistema de Impartici\u00f3n de Justicia, consensado de manera generalizada, una flamante opci\u00f3n podr\u00eda hacernos tornar las esperanzas en la posibilidad de una arm\u00f3nica forma de &nbsp;solucionar &nbsp;las controversias que se suscitan entre los gobernados y la posibilidad de contar con un aut\u00e9ntico Estado de Derecho en M\u00e9xico. Me refiero por supuesto a la Mediaci\u00f3n.<\/p>\n\n\n\n<p><strong>En una sociedad con una enraizada cultura del paternalismo, en la que constantemente se espera que venga alguien m\u00e1s a resolver nuestros problemas, constituye un intrincado reto el cambiar dicho paradigma.<\/strong> Pero en aras de la b\u00fasqueda de un Estado m\u00e1s civilizado, es menester regresarle el poder y la autoridad al ciudadano, para hacerle saber que en muchas ocasiones, el mismo le puede dar soluci\u00f3n a los conflictos que se susciten, sin la necesidad de judicializarlos.<\/p>\n\n\n\n<p><strong>A la luz de la raz\u00f3n, resulta evidentemente desatinado el pretender garantizar el Derecho a la Impartici\u00f3n de Justicia, vali\u00e9ndose \u00fanicamente de los \u00d3rganos Jurisdiccionales para dirimir absolutamente todos los conflictos que se susciten entre la poblaci\u00f3n.<\/strong> No creo que existan Jueces suficientes para tan ingente encomienda ni sistema que lo soporte. El acudir ante el \u00d3rgano Jurisdiccional debe convertirse en una imperiosa excepci\u00f3n, no en una inexorable constante.<\/p>\n\n\n\n<p>Es momento de comprender que la armon\u00eda de la sociedad est\u00e1 en manos de sus propios miembros. Es momento de estar conscientes de las necesidades y particularidades de la realidad &nbsp;actual, y que por el contrario de lo que se tiene presente, una Justicia reacia y r\u00edgida no \u00e9sta dando soluci\u00f3n a los problemas del mundo moderno, y de la necesidad de transitar hacia un Sistema mucho m\u00e1s d\u00factil y flexible.<\/p>\n\n\n\n<p><strong>Para poder cumplimentar tales prop\u00f3sitos, es preponderadamente necesario el desarrollar en la sociedad una aut\u00e9ntica cultura del manejo de los conflictos, de la responsabilidad y de la paz;<\/strong> El fomentar en la sociedad el valor del di\u00e1logo, la negociaci\u00f3n y el escuchar no \u00fanicamente para responder, sino para verdaderamente comprender que es lo que te \u00e9sta diciendo la otra persona.<\/p>\n\n\n\n<p>No seamos ajenos al poder que el afecto, las sanas relaciones humanas y el buen ambiente de convivencia pueden llegar a ejercer sobre cada uno de nosotros. Seamos conscientes del poder de la cooperaci\u00f3n.<\/p>\n\n\n\n<p>No esperemos a que \u201cpap\u00e1 Estado\u201d venga&nbsp; a devolvernos \u201cla paz\u201d, a trav\u00e9s de sus procedimientos Judiciales. No seamos espectadores pasivos del proscenio Jurisdiccional. Por el contrario, <strong>convirt\u00e1monos en art\u00edfices proactivos en la soluci\u00f3n de nuestras controversias.<\/strong><\/p>\n\n\n\n<figure class=\"wp-block-image size-large\"><img loading=\"lazy\" decoding=\"async\" width=\"912\" height=\"1024\" src=\"https:\/\/esbozodeportivo.com\/wp-content\/uploads\/2024\/10\/Raul-Varela-Gonzalez-912x1024.jpg\" alt=\"\" class=\"wp-image-4671\" srcset=\"https:\/\/esbozodeportivo.com\/wp-content\/uploads\/2024\/10\/Raul-Varela-Gonzalez-912x1024.jpg 912w, https:\/\/esbozodeportivo.com\/wp-content\/uploads\/2024\/10\/Raul-Varela-Gonzalez-267x300.jpg 267w, https:\/\/esbozodeportivo.com\/wp-content\/uploads\/2024\/10\/Raul-Varela-Gonzalez-768x863.jpg 768w, https:\/\/esbozodeportivo.com\/wp-content\/uploads\/2024\/10\/Raul-Varela-Gonzalez-1024x1150.jpg 1024w, https:\/\/esbozodeportivo.com\/wp-content\/uploads\/2024\/10\/Raul-Varela-Gonzalez.jpg 1080w\" sizes=\"auto, (max-width: 912px) 100vw, 912px\" \/><\/figure>\n\n\n\n<p>TWITTER: @iusvarela MAIL: iusvarela@gmail.com<\/p>\n\n\n\n<p>Licenciado en Derecho por la Universidad del Valle de M\u00e9xico, Especialidad en Derecho Administrativo y en Derecho Penal. Maestr\u00eda en Ciencias Jur\u00eddicas. Maestr\u00eda en Administraci\u00f3n, Doctor Honoris Causa por parte de la Academia de Peritos en Ciencias Forenses y Consultor\u00eda T\u00e9cnica Legal A.C., Socio fundador del Despacho Jur\u00eddico \u201cREVSA ABOGADOS\u201d, Vicepresidente de la Filial Ciudad de M\u00e9xico del \u201cColegio de Abogados del Valle de M\u00e9xico A.C.\u201d.<\/p>\n","protected":false},"excerpt":{"rendered":"<p>Fuente: http:\/\/www.cipsiapsicologos.com Por Ra\u00fal Vareia Gonz\u00e1lez Ante el evidente fracaso del arcaico Sistema de Impartici\u00f3n<\/p>\n","protected":false},"author":2,"featured_media":4670,"comment_status":"closed","ping_status":"open","sticky":false,"template":"","format":"standard","meta":{"_jetpack_memberships_contains_paid_content":false,"footnotes":""},"categories":[35],"tags":[],"class_list":["post-4669","post","type-post","status-publish","format-standard","has-post-thumbnail","hentry","category-columna"],"yoast_head":"<!-- This site is optimized with the Yoast SEO plugin v25.7 - https:\/\/yoast.com\/wordpress\/plugins\/seo\/ -->\n<title>La Mediaci\u00f3n, el Futuro de la Justicia - Esbozo Deportivo<\/title>\n<meta name=\"robots\" content=\"index, follow, max-snippet:-1, max-image-preview:large, max-video-preview:-1\" \/>\n<link rel=\"canonical\" href=\"https:\/\/esbozodeportivo.com\/index.php\/2024\/10\/28\/la-mediacion-el-futuro-de-la-justicia\/\" \/>\n<meta property=\"og:locale\" content=\"es_MX\" \/>\n<meta property=\"og:type\" content=\"article\" \/>\n<meta property=\"og:title\" content=\"La Mediaci\u00f3n, el Futuro de la Justicia - Esbozo Deportivo\" \/>\n<meta property=\"og:description\" content=\"Fuente: http:\/\/www.cipsiapsicologos.com Por Ra\u00fal Vareia Gonz\u00e1lez Ante el evidente fracaso del arcaico Sistema de Impartici\u00f3n\" \/>\n<meta property=\"og:url\" content=\"https:\/\/esbozodeportivo.com\/index.php\/2024\/10\/28\/la-mediacion-el-futuro-de-la-justicia\/\" \/>\n<meta property=\"og:site_name\" content=\"Esbozo Deportivo\" \/>\n<meta property=\"article:published_time\" content=\"2024-10-28T20:57:07+00:00\" \/>\n<meta property=\"og:image\" content=\"https:\/\/esbozodeportivo.com\/wp-content\/uploads\/2024\/10\/Mediatico.jpg\" \/>\n\t<meta property=\"og:image:width\" content=\"600\" \/>\n\t<meta property=\"og:image:height\" content=\"331\" \/>\n\t<meta property=\"og:image:type\" content=\"image\/jpeg\" \/>\n<meta name=\"author\" content=\"Javier De La Cruz\" \/>\n<meta name=\"twitter:card\" content=\"summary_large_image\" \/>\n<meta name=\"twitter:label1\" content=\"Escrito por\" \/>\n\t<meta name=\"twitter:data1\" content=\"Javier De La Cruz\" \/>\n\t<meta name=\"twitter:label2\" content=\"Tiempo de lectura\" \/>\n\t<meta name=\"twitter:data2\" content=\"3 minutos\" \/>\n<script type=\"application\/ld+json\" class=\"yoast-schema-graph\">{\"@context\":\"https:\/\/schema.org\",\"@graph\":[{\"@type\":\"Article\",\"@id\":\"https:\/\/esbozodeportivo.com\/index.php\/2024\/10\/28\/la-mediacion-el-futuro-de-la-justicia\/#article\",\"isPartOf\":{\"@id\":\"https:\/\/esbozodeportivo.com\/index.php\/2024\/10\/28\/la-mediacion-el-futuro-de-la-justicia\/\"},\"author\":{\"name\":\"Javier De La Cruz\",\"@id\":\"https:\/\/esbozodeportivo.com\/#\/schema\/person\/7277119c98823aec37bbb84e125efd44\"},\"headline\":\"La Mediaci\u00f3n, el Futuro de la Justicia\",\"datePublished\":\"2024-10-28T20:57:07+00:00\",\"mainEntityOfPage\":{\"@id\":\"https:\/\/esbozodeportivo.com\/index.php\/2024\/10\/28\/la-mediacion-el-futuro-de-la-justicia\/\"},\"wordCount\":544,\"publisher\":{\"@id\":\"https:\/\/esbozodeportivo.com\/#organization\"},\"image\":{\"@id\":\"https:\/\/esbozodeportivo.com\/index.php\/2024\/10\/28\/la-mediacion-el-futuro-de-la-justicia\/#primaryimage\"},\"thumbnailUrl\":\"https:\/\/esbozodeportivo.com\/wp-content\/uploads\/2024\/10\/Mediatico.jpg\",\"articleSection\":[\"Columna\"],\"inLanguage\":\"es\"},{\"@type\":\"WebPage\",\"@id\":\"https:\/\/esbozodeportivo.com\/index.php\/2024\/10\/28\/la-mediacion-el-futuro-de-la-justicia\/\",\"url\":\"https:\/\/esbozodeportivo.com\/index.php\/2024\/10\/28\/la-mediacion-el-futuro-de-la-justicia\/\",\"name\":\"La Mediaci\u00f3n, el Futuro de la Justicia - Esbozo Deportivo\",\"isPartOf\":{\"@id\":\"https:\/\/esbozodeportivo.com\/#website\"},\"primaryImageOfPage\":{\"@id\":\"https:\/\/esbozodeportivo.com\/index.php\/2024\/10\/28\/la-mediacion-el-futuro-de-la-justicia\/#primaryimage\"},\"image\":{\"@id\":\"https:\/\/esbozodeportivo.com\/index.php\/2024\/10\/28\/la-mediacion-el-futuro-de-la-justicia\/#primaryimage\"},\"thumbnailUrl\":\"https:\/\/esbozodeportivo.com\/wp-content\/uploads\/2024\/10\/Mediatico.jpg\",\"datePublished\":\"2024-10-28T20:57:07+00:00\",\"breadcrumb\":{\"@id\":\"https:\/\/esbozodeportivo.com\/index.php\/2024\/10\/28\/la-mediacion-el-futuro-de-la-justicia\/#breadcrumb\"},\"inLanguage\":\"es\",\"potentialAction\":[{\"@type\":\"ReadAction\",\"target\":[\"https:\/\/esbozodeportivo.com\/index.php\/2024\/10\/28\/la-mediacion-el-futuro-de-la-justicia\/\"]}]},{\"@type\":\"ImageObject\",\"inLanguage\":\"es\",\"@id\":\"https:\/\/esbozodeportivo.com\/index.php\/2024\/10\/28\/la-mediacion-el-futuro-de-la-justicia\/#primaryimage\",\"url\":\"https:\/\/esbozodeportivo.com\/wp-content\/uploads\/2024\/10\/Mediatico.jpg\",\"contentUrl\":\"https:\/\/esbozodeportivo.com\/wp-content\/uploads\/2024\/10\/Mediatico.jpg\",\"width\":600,\"height\":331},{\"@type\":\"BreadcrumbList\",\"@id\":\"https:\/\/esbozodeportivo.com\/index.php\/2024\/10\/28\/la-mediacion-el-futuro-de-la-justicia\/#breadcrumb\",\"itemListElement\":[{\"@type\":\"ListItem\",\"position\":1,\"name\":\"Inicio\",\"item\":\"https:\/\/esbozodeportivo.com\/\"},{\"@type\":\"ListItem\",\"position\":2,\"name\":\"La Mediaci\u00f3n, el Futuro de la Justicia\"}]},{\"@type\":\"WebSite\",\"@id\":\"https:\/\/esbozodeportivo.com\/#website\",\"url\":\"https:\/\/esbozodeportivo.com\/\",\"name\":\"Esbozo Deportivo\",\"description\":\"Lo m\u00e1s importante del Deporte\",\"publisher\":{\"@id\":\"https:\/\/esbozodeportivo.com\/#organization\"},\"potentialAction\":[{\"@type\":\"SearchAction\",\"target\":{\"@type\":\"EntryPoint\",\"urlTemplate\":\"https:\/\/esbozodeportivo.com\/?s={search_term_string}\"},\"query-input\":{\"@type\":\"PropertyValueSpecification\",\"valueRequired\":true,\"valueName\":\"search_term_string\"}}],\"inLanguage\":\"es\"},{\"@type\":\"Organization\",\"@id\":\"https:\/\/esbozodeportivo.com\/#organization\",\"name\":\"Esbozo Deportivo\",\"url\":\"https:\/\/esbozodeportivo.com\/\",\"logo\":{\"@type\":\"ImageObject\",\"inLanguage\":\"es\",\"@id\":\"https:\/\/esbozodeportivo.com\/#\/schema\/logo\/image\/\",\"url\":\"https:\/\/esbozodeportivo.com\/wp-content\/uploads\/2022\/08\/cropped-Logo-Esbozo-Web-2.png\",\"contentUrl\":\"https:\/\/esbozodeportivo.com\/wp-content\/uploads\/2022\/08\/cropped-Logo-Esbozo-Web-2.png\",\"width\":180,\"height\":50,\"caption\":\"Esbozo Deportivo\"},\"image\":{\"@id\":\"https:\/\/esbozodeportivo.com\/#\/schema\/logo\/image\/\"}},{\"@type\":\"Person\",\"@id\":\"https:\/\/esbozodeportivo.com\/#\/schema\/person\/7277119c98823aec37bbb84e125efd44\",\"name\":\"Javier De La Cruz\",\"image\":{\"@type\":\"ImageObject\",\"inLanguage\":\"es\",\"@id\":\"https:\/\/esbozodeportivo.com\/#\/schema\/person\/image\/\",\"url\":\"https:\/\/secure.gravatar.com\/avatar\/366235a56d20f1a6e8e3d0b295897639357bea880470ddf261d17bb0bc052eb1?s=96&d=mm&r=g\",\"contentUrl\":\"https:\/\/secure.gravatar.com\/avatar\/366235a56d20f1a6e8e3d0b295897639357bea880470ddf261d17bb0bc052eb1?s=96&d=mm&r=g\",\"caption\":\"Javier De La Cruz\"},\"url\":\"https:\/\/esbozodeportivo.com\/index.php\/author\/javier-de-la-cruz-de-la-cruz\/\"}]}<\/script>\n<!-- \/ Yoast SEO plugin. -->","yoast_head_json":{"title":"La Mediaci\u00f3n, el Futuro de la Justicia - Esbozo Deportivo","robots":{"index":"index","follow":"follow","max-snippet":"max-snippet:-1","max-image-preview":"max-image-preview:large","max-video-preview":"max-video-preview:-1"},"canonical":"https:\/\/esbozodeportivo.com\/index.php\/2024\/10\/28\/la-mediacion-el-futuro-de-la-justicia\/","og_locale":"es_MX","og_type":"article","og_title":"La Mediaci\u00f3n, el Futuro de la Justicia - Esbozo Deportivo","og_description":"Fuente: http:\/\/www.cipsiapsicologos.com Por Ra\u00fal Vareia Gonz\u00e1lez Ante el evidente fracaso del arcaico Sistema de Impartici\u00f3n","og_url":"https:\/\/esbozodeportivo.com\/index.php\/2024\/10\/28\/la-mediacion-el-futuro-de-la-justicia\/","og_site_name":"Esbozo Deportivo","article_published_time":"2024-10-28T20:57:07+00:00","og_image":[{"width":600,"height":331,"url":"https:\/\/esbozodeportivo.com\/wp-content\/uploads\/2024\/10\/Mediatico.jpg","type":"image\/jpeg"}],"author":"Javier De La Cruz","twitter_card":"summary_large_image","twitter_misc":{"Escrito por":"Javier De La Cruz","Tiempo de lectura":"3 minutos"},"schema":{"@context":"https:\/\/schema.org","@graph":[{"@type":"Article","@id":"https:\/\/esbozodeportivo.com\/index.php\/2024\/10\/28\/la-mediacion-el-futuro-de-la-justicia\/#article","isPartOf":{"@id":"https:\/\/esbozodeportivo.com\/index.php\/2024\/10\/28\/la-mediacion-el-futuro-de-la-justicia\/"},"author":{"name":"Javier De La Cruz","@id":"https:\/\/esbozodeportivo.com\/#\/schema\/person\/7277119c98823aec37bbb84e125efd44"},"headline":"La Mediaci\u00f3n, el Futuro de la Justicia","datePublished":"2024-10-28T20:57:07+00:00","mainEntityOfPage":{"@id":"https:\/\/esbozodeportivo.com\/index.php\/2024\/10\/28\/la-mediacion-el-futuro-de-la-justicia\/"},"wordCount":544,"publisher":{"@id":"https:\/\/esbozodeportivo.com\/#organization"},"image":{"@id":"https:\/\/esbozodeportivo.com\/index.php\/2024\/10\/28\/la-mediacion-el-futuro-de-la-justicia\/#primaryimage"},"thumbnailUrl":"https:\/\/esbozodeportivo.com\/wp-content\/uploads\/2024\/10\/Mediatico.jpg","articleSection":["Columna"],"inLanguage":"es"},{"@type":"WebPage","@id":"https:\/\/esbozodeportivo.com\/index.php\/2024\/10\/28\/la-mediacion-el-futuro-de-la-justicia\/","url":"https:\/\/esbozodeportivo.com\/index.php\/2024\/10\/28\/la-mediacion-el-futuro-de-la-justicia\/","name":"La Mediaci\u00f3n, el Futuro de la Justicia - Esbozo Deportivo","isPartOf":{"@id":"https:\/\/esbozodeportivo.com\/#website"},"primaryImageOfPage":{"@id":"https:\/\/esbozodeportivo.com\/index.php\/2024\/10\/28\/la-mediacion-el-futuro-de-la-justicia\/#primaryimage"},"image":{"@id":"https:\/\/esbozodeportivo.com\/index.php\/2024\/10\/28\/la-mediacion-el-futuro-de-la-justicia\/#primaryimage"},"thumbnailUrl":"https:\/\/esbozodeportivo.com\/wp-content\/uploads\/2024\/10\/Mediatico.jpg","datePublished":"2024-10-28T20:57:07+00:00","breadcrumb":{"@id":"https:\/\/esbozodeportivo.com\/index.php\/2024\/10\/28\/la-mediacion-el-futuro-de-la-justicia\/#breadcrumb"},"inLanguage":"es","potentialAction":[{"@type":"ReadAction","target":["https:\/\/esbozodeportivo.com\/index.php\/2024\/10\/28\/la-mediacion-el-futuro-de-la-justicia\/"]}]},{"@type":"ImageObject","inLanguage":"es","@id":"https:\/\/esbozodeportivo.com\/index.php\/2024\/10\/28\/la-mediacion-el-futuro-de-la-justicia\/#primaryimage","url":"https:\/\/esbozodeportivo.com\/wp-content\/uploads\/2024\/10\/Mediatico.jpg","contentUrl":"https:\/\/esbozodeportivo.com\/wp-content\/uploads\/2024\/10\/Mediatico.jpg","width":600,"height":331},{"@type":"BreadcrumbList","@id":"https:\/\/esbozodeportivo.com\/index.php\/2024\/10\/28\/la-mediacion-el-futuro-de-la-justicia\/#breadcrumb","itemListElement":[{"@type":"ListItem","position":1,"name":"Inicio","item":"https:\/\/esbozodeportivo.com\/"},{"@type":"ListItem","position":2,"name":"La Mediaci\u00f3n, el Futuro de la Justicia"}]},{"@type":"WebSite","@id":"https:\/\/esbozodeportivo.com\/#website","url":"https:\/\/esbozodeportivo.com\/","name":"Esbozo Deportivo","description":"Lo m\u00e1s importante del Deporte","publisher":{"@id":"https:\/\/esbozodeportivo.com\/#organization"},"potentialAction":[{"@type":"SearchAction","target":{"@type":"EntryPoint","urlTemplate":"https:\/\/esbozodeportivo.com\/?s={search_term_string}"},"query-input":{"@type":"PropertyValueSpecification","valueRequired":true,"valueName":"search_term_string"}}],"inLanguage":"es"},{"@type":"Organization","@id":"https:\/\/esbozodeportivo.com\/#organization","name":"Esbozo Deportivo","url":"https:\/\/esbozodeportivo.com\/","logo":{"@type":"ImageObject","inLanguage":"es","@id":"https:\/\/esbozodeportivo.com\/#\/schema\/logo\/image\/","url":"https:\/\/esbozodeportivo.com\/wp-content\/uploads\/2022\/08\/cropped-Logo-Esbozo-Web-2.png","contentUrl":"https:\/\/esbozodeportivo.com\/wp-content\/uploads\/2022\/08\/cropped-Logo-Esbozo-Web-2.png","width":180,"height":50,"caption":"Esbozo Deportivo"},"image":{"@id":"https:\/\/esbozodeportivo.com\/#\/schema\/logo\/image\/"}},{"@type":"Person","@id":"https:\/\/esbozodeportivo.com\/#\/schema\/person\/7277119c98823aec37bbb84e125efd44","name":"Javier De La Cruz","image":{"@type":"ImageObject","inLanguage":"es","@id":"https:\/\/esbozodeportivo.com\/#\/schema\/person\/image\/","url":"https:\/\/secure.gravatar.com\/avatar\/366235a56d20f1a6e8e3d0b295897639357bea880470ddf261d17bb0bc052eb1?s=96&d=mm&r=g","contentUrl":"https:\/\/secure.gravatar.com\/avatar\/366235a56d20f1a6e8e3d0b295897639357bea880470ddf261d17bb0bc052eb1?s=96&d=mm&r=g","caption":"Javier De La Cruz"},"url":"https:\/\/esbozodeportivo.com\/index.php\/author\/javier-de-la-cruz-de-la-cruz\/"}]}},"jetpack_featured_media_url":"https:\/\/esbozodeportivo.com\/wp-content\/uploads\/2024\/10\/Mediatico.jpg","jetpack_sharing_enabled":true,"_links":{"self":[{"href":"https:\/\/esbozodeportivo.com\/index.php\/wp-json\/wp\/v2\/posts\/4669","targetHints":{"allow":["GET"]}}],"collection":[{"href":"https:\/\/esbozodeportivo.com\/index.php\/wp-json\/wp\/v2\/posts"}],"about":[{"href":"https:\/\/esbozodeportivo.com\/index.php\/wp-json\/wp\/v2\/types\/post"}],"author":[{"embeddable":true,"href":"https:\/\/esbozodeportivo.com\/index.php\/wp-json\/wp\/v2\/users\/2"}],"replies":[{"embeddable":true,"href":"https:\/\/esbozodeportivo.com\/index.php\/wp-json\/wp\/v2\/comments?post=4669"}],"version-history":[{"count":2,"href":"https:\/\/esbozodeportivo.com\/index.php\/wp-json\/wp\/v2\/posts\/4669\/revisions"}],"predecessor-version":[{"id":4673,"href":"https:\/\/esbozodeportivo.com\/index.php\/wp-json\/wp\/v2\/posts\/4669\/revisions\/4673"}],"wp:featuredmedia":[{"embeddable":true,"href":"https:\/\/esbozodeportivo.com\/index.php\/wp-json\/wp\/v2\/media\/4670"}],"wp:attachment":[{"href":"https:\/\/esbozodeportivo.com\/index.php\/wp-json\/wp\/v2\/media?parent=4669"}],"wp:term":[{"taxonomy":"category","embeddable":true,"href":"https:\/\/esbozodeportivo.com\/index.php\/wp-json\/wp\/v2\/categories?post=4669"},{"taxonomy":"post_tag","embeddable":true,"href":"https:\/\/esbozodeportivo.com\/index.php\/wp-json\/wp\/v2\/tags?post=4669"}],"curies":[{"name":"wp","href":"https:\/\/api.w.org\/{rel}","templated":true}]}}