{"id":4702,"date":"2024-11-05T06:50:32","date_gmt":"2024-11-05T06:50:32","guid":{"rendered":"https:\/\/esbozodeportivo.com\/?p=4702"},"modified":"2024-11-05T06:52:08","modified_gmt":"2024-11-05T06:52:08","slug":"hoy-mas-que-nunca-el-poder-judicial-debe-ser-un-contrapeso-al-ejecutivo","status":"publish","type":"post","link":"https:\/\/esbozodeportivo.com\/index.php\/2024\/11\/05\/hoy-mas-que-nunca-el-poder-judicial-debe-ser-un-contrapeso-al-ejecutivo\/","title":{"rendered":"Hoy m\u00e1s que nunca el Poder Judicial debe ser un contrapeso al Ejecutivo"},"content":{"rendered":"\n<p>(Foto: Cortes\u00eda) <\/p>\n\n\n\n<p><strong>Por Ra\u00fal Varela Curiel<\/strong><\/p>\n\n\n\n<p>Hoga\u00f1o, ante una coyuntura en la que contamos con un titular del poder Ejecutivo con perfil caciquil que cuenta con una mayor\u00eda absoluta en el Congreso de la Uni\u00f3n, es imprescindible que el Poder Judicial sea de una vez por todas, lo que siempre tuvo que haber sido; Un aut\u00e9ntico poder, con la leg\u00edtima capacidad de revisar la constitucionalidad de los actos emanados de los dem\u00e1s organismos, y enmendarlos en el supuesto de ser procedente.<\/p>\n\n\n\n<p>Es recientemente, a trav\u00e9s de nuestra flamante transici\u00f3n hacia la democracia, que el Poder Judicial se ha ido reafirmando como un verdadero contrapeso a las diversas Instituciones, as\u00ed como un defensor del Estado de Derecho.<\/p>\n\n\n\n<p>Por supuesto que para que la rama Judicial del Poder P\u00fablico le haga contrapeso a la rama Ejecutiva, ser\u00e1 menester que la Instituci\u00f3n jur\u00eddica de marras se mantenga aut\u00f3noma e independiente, esto en un principio para poder impartir Justicia, basada \u00fanicamente en las normas y principios jur\u00eddicos para la resoluci\u00f3n de las controversias que se susciten entre los gobernados, pero por supuesto que con el principal fin de someter a los poderes restantes de forma que no violenten lo establecido por la Norma M\u00e1xima, manteniendo en consecuencia el Orden Jur\u00eddico y encarg\u00e1ndose de hacer efectiva la idea de tener el Derecho como elemento regulador de la vida social y pol\u00edtica del Estado y as\u00ed evitar posible arbitrariedades.<\/p>\n\n\n\n<p>Hoy m\u00e1s que nunca cobran sentido los pensamientos de John Locke y el bar\u00f3n de Montesquieu, advirtiendo la imperiosa necesidad de fraccionar el poder p\u00fablico para limitarlo y de \u00e9sta manera evitar su abuso. El Poder no debe, no puede, concentrarse en una sola persona. Hoy m\u00e1s que nunca debemos comprender que para fortalecer una Naci\u00f3n, es necesario que existan diversos \u00f3rganos de Estado que tengan funciones distintas; Uno que elaboren las leyes, otro que las aplique y otro tercero muy importante que ser\u00eda qui\u00e9n resolver\u00eda los conflictos derivados de la aplicaci\u00f3n o no de estas normas. S\u00f3lo a trav\u00e9s de la limitaci\u00f3n del Poder P\u00fablico es como tendremos garantizada la libertad individual.<\/p>\n\n\n\n<p>En efecto, la previamente mencionada divisi\u00f3n de poderes, pero sobre todo <strong>la independencia que exista entre ellos<\/strong>, constituye los cimientos sobre los cu\u00e1les se edificar\u00e1 el Estado democr\u00e1tico, precepto amparado por lo establecido por la Constituci\u00f3n Pol\u00edtica de los Estados Unidos Mexicanos, estableciendo que el Supremo Poder de la Federaci\u00f3n se dividir\u00e1 en Legislativo, Ejecutivo y Judicial y, <strong>que como regla general, no podr\u00e1n reunirse dos o m\u00e1s de Estos Poderes, en una sola persona o corporaci\u00f3n<\/strong>. &nbsp;<em>Para que no se pueda abusar del Poder, es preciso que el Poder detenga al Poder.<\/em><\/p>\n\n\n\n<p><\/p>\n","protected":false},"excerpt":{"rendered":"<p>(Foto: Cortes\u00eda) Por Ra\u00fal Varela Curiel Hoga\u00f1o, ante una coyuntura en la que contamos con<\/p>\n","protected":false},"author":2,"featured_media":4703,"comment_status":"closed","ping_status":"open","sticky":false,"template":"","format":"standard","meta":{"_jetpack_memberships_contains_paid_content":false,"footnotes":""},"categories":[35],"tags":[],"class_list":["post-4702","post","type-post","status-publish","format-standard","has-post-thumbnail","hentry","category-columna"],"yoast_head":"<!-- This site is optimized with the Yoast SEO plugin v25.7 - https:\/\/yoast.com\/wordpress\/plugins\/seo\/ -->\n<title>Hoy m\u00e1s que nunca el Poder Judicial debe ser un contrapeso al Ejecutivo - Esbozo Deportivo<\/title>\n<meta name=\"robots\" content=\"index, follow, max-snippet:-1, max-image-preview:large, max-video-preview:-1\" \/>\n<link rel=\"canonical\" href=\"https:\/\/esbozodeportivo.com\/index.php\/2024\/11\/05\/hoy-mas-que-nunca-el-poder-judicial-debe-ser-un-contrapeso-al-ejecutivo\/\" \/>\n<meta property=\"og:locale\" content=\"es_MX\" \/>\n<meta property=\"og:type\" content=\"article\" \/>\n<meta property=\"og:title\" content=\"Hoy m\u00e1s que nunca el Poder Judicial debe ser un contrapeso al Ejecutivo - Esbozo Deportivo\" \/>\n<meta property=\"og:description\" content=\"(Foto: Cortes\u00eda) Por Ra\u00fal Varela Curiel Hoga\u00f1o, ante una coyuntura en la que contamos con\" \/>\n<meta property=\"og:url\" content=\"https:\/\/esbozodeportivo.com\/index.php\/2024\/11\/05\/hoy-mas-que-nunca-el-poder-judicial-debe-ser-un-contrapeso-al-ejecutivo\/\" \/>\n<meta property=\"og:site_name\" content=\"Esbozo Deportivo\" \/>\n<meta property=\"article:published_time\" content=\"2024-11-05T06:50:32+00:00\" \/>\n<meta property=\"article:modified_time\" content=\"2024-11-05T06:52:08+00:00\" \/>\n<meta property=\"og:image\" content=\"https:\/\/esbozodeportivo.com\/wp-content\/uploads\/2024\/11\/eleccion.jpeg\" \/>\n\t<meta property=\"og:image:width\" content=\"400\" \/>\n\t<meta property=\"og:image:height\" content=\"250\" \/>\n\t<meta property=\"og:image:type\" content=\"image\/jpeg\" \/>\n<meta name=\"author\" content=\"Javier De La Cruz\" \/>\n<meta name=\"twitter:card\" content=\"summary_large_image\" \/>\n<meta name=\"twitter:label1\" content=\"Escrito por\" \/>\n\t<meta name=\"twitter:data1\" content=\"Javier De La Cruz\" \/>\n\t<meta name=\"twitter:label2\" content=\"Tiempo de lectura\" \/>\n\t<meta name=\"twitter:data2\" content=\"2 minutos\" \/>\n<script type=\"application\/ld+json\" class=\"yoast-schema-graph\">{\"@context\":\"https:\/\/schema.org\",\"@graph\":[{\"@type\":\"Article\",\"@id\":\"https:\/\/esbozodeportivo.com\/index.php\/2024\/11\/05\/hoy-mas-que-nunca-el-poder-judicial-debe-ser-un-contrapeso-al-ejecutivo\/#article\",\"isPartOf\":{\"@id\":\"https:\/\/esbozodeportivo.com\/index.php\/2024\/11\/05\/hoy-mas-que-nunca-el-poder-judicial-debe-ser-un-contrapeso-al-ejecutivo\/\"},\"author\":{\"name\":\"Javier De La Cruz\",\"@id\":\"https:\/\/esbozodeportivo.com\/#\/schema\/person\/7277119c98823aec37bbb84e125efd44\"},\"headline\":\"Hoy m\u00e1s que nunca el Poder Judicial debe ser un contrapeso al Ejecutivo\",\"datePublished\":\"2024-11-05T06:50:32+00:00\",\"dateModified\":\"2024-11-05T06:52:08+00:00\",\"mainEntityOfPage\":{\"@id\":\"https:\/\/esbozodeportivo.com\/index.php\/2024\/11\/05\/hoy-mas-que-nunca-el-poder-judicial-debe-ser-un-contrapeso-al-ejecutivo\/\"},\"wordCount\":496,\"publisher\":{\"@id\":\"https:\/\/esbozodeportivo.com\/#organization\"},\"image\":{\"@id\":\"https:\/\/esbozodeportivo.com\/index.php\/2024\/11\/05\/hoy-mas-que-nunca-el-poder-judicial-debe-ser-un-contrapeso-al-ejecutivo\/#primaryimage\"},\"thumbnailUrl\":\"https:\/\/esbozodeportivo.com\/wp-content\/uploads\/2024\/11\/eleccion.jpeg\",\"articleSection\":[\"Columna\"],\"inLanguage\":\"es\"},{\"@type\":\"WebPage\",\"@id\":\"https:\/\/esbozodeportivo.com\/index.php\/2024\/11\/05\/hoy-mas-que-nunca-el-poder-judicial-debe-ser-un-contrapeso-al-ejecutivo\/\",\"url\":\"https:\/\/esbozodeportivo.com\/index.php\/2024\/11\/05\/hoy-mas-que-nunca-el-poder-judicial-debe-ser-un-contrapeso-al-ejecutivo\/\",\"name\":\"Hoy m\u00e1s que nunca el Poder Judicial debe ser un contrapeso al Ejecutivo - Esbozo Deportivo\",\"isPartOf\":{\"@id\":\"https:\/\/esbozodeportivo.com\/#website\"},\"primaryImageOfPage\":{\"@id\":\"https:\/\/esbozodeportivo.com\/index.php\/2024\/11\/05\/hoy-mas-que-nunca-el-poder-judicial-debe-ser-un-contrapeso-al-ejecutivo\/#primaryimage\"},\"image\":{\"@id\":\"https:\/\/esbozodeportivo.com\/index.php\/2024\/11\/05\/hoy-mas-que-nunca-el-poder-judicial-debe-ser-un-contrapeso-al-ejecutivo\/#primaryimage\"},\"thumbnailUrl\":\"https:\/\/esbozodeportivo.com\/wp-content\/uploads\/2024\/11\/eleccion.jpeg\",\"datePublished\":\"2024-11-05T06:50:32+00:00\",\"dateModified\":\"2024-11-05T06:52:08+00:00\",\"breadcrumb\":{\"@id\":\"https:\/\/esbozodeportivo.com\/index.php\/2024\/11\/05\/hoy-mas-que-nunca-el-poder-judicial-debe-ser-un-contrapeso-al-ejecutivo\/#breadcrumb\"},\"inLanguage\":\"es\",\"potentialAction\":[{\"@type\":\"ReadAction\",\"target\":[\"https:\/\/esbozodeportivo.com\/index.php\/2024\/11\/05\/hoy-mas-que-nunca-el-poder-judicial-debe-ser-un-contrapeso-al-ejecutivo\/\"]}]},{\"@type\":\"ImageObject\",\"inLanguage\":\"es\",\"@id\":\"https:\/\/esbozodeportivo.com\/index.php\/2024\/11\/05\/hoy-mas-que-nunca-el-poder-judicial-debe-ser-un-contrapeso-al-ejecutivo\/#primaryimage\",\"url\":\"https:\/\/esbozodeportivo.com\/wp-content\/uploads\/2024\/11\/eleccion.jpeg\",\"contentUrl\":\"https:\/\/esbozodeportivo.com\/wp-content\/uploads\/2024\/11\/eleccion.jpeg\",\"width\":400,\"height\":250},{\"@type\":\"BreadcrumbList\",\"@id\":\"https:\/\/esbozodeportivo.com\/index.php\/2024\/11\/05\/hoy-mas-que-nunca-el-poder-judicial-debe-ser-un-contrapeso-al-ejecutivo\/#breadcrumb\",\"itemListElement\":[{\"@type\":\"ListItem\",\"position\":1,\"name\":\"Inicio\",\"item\":\"https:\/\/esbozodeportivo.com\/\"},{\"@type\":\"ListItem\",\"position\":2,\"name\":\"Hoy m\u00e1s que nunca el Poder Judicial debe ser un contrapeso al Ejecutivo\"}]},{\"@type\":\"WebSite\",\"@id\":\"https:\/\/esbozodeportivo.com\/#website\",\"url\":\"https:\/\/esbozodeportivo.com\/\",\"name\":\"Esbozo Deportivo\",\"description\":\"Lo m\u00e1s importante del Deporte\",\"publisher\":{\"@id\":\"https:\/\/esbozodeportivo.com\/#organization\"},\"potentialAction\":[{\"@type\":\"SearchAction\",\"target\":{\"@type\":\"EntryPoint\",\"urlTemplate\":\"https:\/\/esbozodeportivo.com\/?s={search_term_string}\"},\"query-input\":{\"@type\":\"PropertyValueSpecification\",\"valueRequired\":true,\"valueName\":\"search_term_string\"}}],\"inLanguage\":\"es\"},{\"@type\":\"Organization\",\"@id\":\"https:\/\/esbozodeportivo.com\/#organization\",\"name\":\"Esbozo Deportivo\",\"url\":\"https:\/\/esbozodeportivo.com\/\",\"logo\":{\"@type\":\"ImageObject\",\"inLanguage\":\"es\",\"@id\":\"https:\/\/esbozodeportivo.com\/#\/schema\/logo\/image\/\",\"url\":\"https:\/\/esbozodeportivo.com\/wp-content\/uploads\/2022\/08\/cropped-Logo-Esbozo-Web-2.png\",\"contentUrl\":\"https:\/\/esbozodeportivo.com\/wp-content\/uploads\/2022\/08\/cropped-Logo-Esbozo-Web-2.png\",\"width\":180,\"height\":50,\"caption\":\"Esbozo Deportivo\"},\"image\":{\"@id\":\"https:\/\/esbozodeportivo.com\/#\/schema\/logo\/image\/\"}},{\"@type\":\"Person\",\"@id\":\"https:\/\/esbozodeportivo.com\/#\/schema\/person\/7277119c98823aec37bbb84e125efd44\",\"name\":\"Javier De La Cruz\",\"image\":{\"@type\":\"ImageObject\",\"inLanguage\":\"es\",\"@id\":\"https:\/\/esbozodeportivo.com\/#\/schema\/person\/image\/\",\"url\":\"https:\/\/secure.gravatar.com\/avatar\/366235a56d20f1a6e8e3d0b295897639357bea880470ddf261d17bb0bc052eb1?s=96&d=mm&r=g\",\"contentUrl\":\"https:\/\/secure.gravatar.com\/avatar\/366235a56d20f1a6e8e3d0b295897639357bea880470ddf261d17bb0bc052eb1?s=96&d=mm&r=g\",\"caption\":\"Javier De La Cruz\"},\"url\":\"https:\/\/esbozodeportivo.com\/index.php\/author\/javier-de-la-cruz-de-la-cruz\/\"}]}<\/script>\n<!-- \/ Yoast SEO plugin. -->","yoast_head_json":{"title":"Hoy m\u00e1s que nunca el Poder Judicial debe ser un contrapeso al Ejecutivo - Esbozo Deportivo","robots":{"index":"index","follow":"follow","max-snippet":"max-snippet:-1","max-image-preview":"max-image-preview:large","max-video-preview":"max-video-preview:-1"},"canonical":"https:\/\/esbozodeportivo.com\/index.php\/2024\/11\/05\/hoy-mas-que-nunca-el-poder-judicial-debe-ser-un-contrapeso-al-ejecutivo\/","og_locale":"es_MX","og_type":"article","og_title":"Hoy m\u00e1s que nunca el Poder Judicial debe ser un contrapeso al Ejecutivo - Esbozo Deportivo","og_description":"(Foto: Cortes\u00eda) Por Ra\u00fal Varela Curiel Hoga\u00f1o, ante una coyuntura en la que contamos con","og_url":"https:\/\/esbozodeportivo.com\/index.php\/2024\/11\/05\/hoy-mas-que-nunca-el-poder-judicial-debe-ser-un-contrapeso-al-ejecutivo\/","og_site_name":"Esbozo Deportivo","article_published_time":"2024-11-05T06:50:32+00:00","article_modified_time":"2024-11-05T06:52:08+00:00","og_image":[{"width":400,"height":250,"url":"https:\/\/esbozodeportivo.com\/wp-content\/uploads\/2024\/11\/eleccion.jpeg","type":"image\/jpeg"}],"author":"Javier De La Cruz","twitter_card":"summary_large_image","twitter_misc":{"Escrito por":"Javier De La Cruz","Tiempo de lectura":"2 minutos"},"schema":{"@context":"https:\/\/schema.org","@graph":[{"@type":"Article","@id":"https:\/\/esbozodeportivo.com\/index.php\/2024\/11\/05\/hoy-mas-que-nunca-el-poder-judicial-debe-ser-un-contrapeso-al-ejecutivo\/#article","isPartOf":{"@id":"https:\/\/esbozodeportivo.com\/index.php\/2024\/11\/05\/hoy-mas-que-nunca-el-poder-judicial-debe-ser-un-contrapeso-al-ejecutivo\/"},"author":{"name":"Javier De La Cruz","@id":"https:\/\/esbozodeportivo.com\/#\/schema\/person\/7277119c98823aec37bbb84e125efd44"},"headline":"Hoy m\u00e1s que nunca el Poder Judicial debe ser un contrapeso al Ejecutivo","datePublished":"2024-11-05T06:50:32+00:00","dateModified":"2024-11-05T06:52:08+00:00","mainEntityOfPage":{"@id":"https:\/\/esbozodeportivo.com\/index.php\/2024\/11\/05\/hoy-mas-que-nunca-el-poder-judicial-debe-ser-un-contrapeso-al-ejecutivo\/"},"wordCount":496,"publisher":{"@id":"https:\/\/esbozodeportivo.com\/#organization"},"image":{"@id":"https:\/\/esbozodeportivo.com\/index.php\/2024\/11\/05\/hoy-mas-que-nunca-el-poder-judicial-debe-ser-un-contrapeso-al-ejecutivo\/#primaryimage"},"thumbnailUrl":"https:\/\/esbozodeportivo.com\/wp-content\/uploads\/2024\/11\/eleccion.jpeg","articleSection":["Columna"],"inLanguage":"es"},{"@type":"WebPage","@id":"https:\/\/esbozodeportivo.com\/index.php\/2024\/11\/05\/hoy-mas-que-nunca-el-poder-judicial-debe-ser-un-contrapeso-al-ejecutivo\/","url":"https:\/\/esbozodeportivo.com\/index.php\/2024\/11\/05\/hoy-mas-que-nunca-el-poder-judicial-debe-ser-un-contrapeso-al-ejecutivo\/","name":"Hoy m\u00e1s que nunca el Poder Judicial debe ser un contrapeso al Ejecutivo - Esbozo Deportivo","isPartOf":{"@id":"https:\/\/esbozodeportivo.com\/#website"},"primaryImageOfPage":{"@id":"https:\/\/esbozodeportivo.com\/index.php\/2024\/11\/05\/hoy-mas-que-nunca-el-poder-judicial-debe-ser-un-contrapeso-al-ejecutivo\/#primaryimage"},"image":{"@id":"https:\/\/esbozodeportivo.com\/index.php\/2024\/11\/05\/hoy-mas-que-nunca-el-poder-judicial-debe-ser-un-contrapeso-al-ejecutivo\/#primaryimage"},"thumbnailUrl":"https:\/\/esbozodeportivo.com\/wp-content\/uploads\/2024\/11\/eleccion.jpeg","datePublished":"2024-11-05T06:50:32+00:00","dateModified":"2024-11-05T06:52:08+00:00","breadcrumb":{"@id":"https:\/\/esbozodeportivo.com\/index.php\/2024\/11\/05\/hoy-mas-que-nunca-el-poder-judicial-debe-ser-un-contrapeso-al-ejecutivo\/#breadcrumb"},"inLanguage":"es","potentialAction":[{"@type":"ReadAction","target":["https:\/\/esbozodeportivo.com\/index.php\/2024\/11\/05\/hoy-mas-que-nunca-el-poder-judicial-debe-ser-un-contrapeso-al-ejecutivo\/"]}]},{"@type":"ImageObject","inLanguage":"es","@id":"https:\/\/esbozodeportivo.com\/index.php\/2024\/11\/05\/hoy-mas-que-nunca-el-poder-judicial-debe-ser-un-contrapeso-al-ejecutivo\/#primaryimage","url":"https:\/\/esbozodeportivo.com\/wp-content\/uploads\/2024\/11\/eleccion.jpeg","contentUrl":"https:\/\/esbozodeportivo.com\/wp-content\/uploads\/2024\/11\/eleccion.jpeg","width":400,"height":250},{"@type":"BreadcrumbList","@id":"https:\/\/esbozodeportivo.com\/index.php\/2024\/11\/05\/hoy-mas-que-nunca-el-poder-judicial-debe-ser-un-contrapeso-al-ejecutivo\/#breadcrumb","itemListElement":[{"@type":"ListItem","position":1,"name":"Inicio","item":"https:\/\/esbozodeportivo.com\/"},{"@type":"ListItem","position":2,"name":"Hoy m\u00e1s que nunca el Poder Judicial debe ser un contrapeso al Ejecutivo"}]},{"@type":"WebSite","@id":"https:\/\/esbozodeportivo.com\/#website","url":"https:\/\/esbozodeportivo.com\/","name":"Esbozo Deportivo","description":"Lo m\u00e1s importante del Deporte","publisher":{"@id":"https:\/\/esbozodeportivo.com\/#organization"},"potentialAction":[{"@type":"SearchAction","target":{"@type":"EntryPoint","urlTemplate":"https:\/\/esbozodeportivo.com\/?s={search_term_string}"},"query-input":{"@type":"PropertyValueSpecification","valueRequired":true,"valueName":"search_term_string"}}],"inLanguage":"es"},{"@type":"Organization","@id":"https:\/\/esbozodeportivo.com\/#organization","name":"Esbozo Deportivo","url":"https:\/\/esbozodeportivo.com\/","logo":{"@type":"ImageObject","inLanguage":"es","@id":"https:\/\/esbozodeportivo.com\/#\/schema\/logo\/image\/","url":"https:\/\/esbozodeportivo.com\/wp-content\/uploads\/2022\/08\/cropped-Logo-Esbozo-Web-2.png","contentUrl":"https:\/\/esbozodeportivo.com\/wp-content\/uploads\/2022\/08\/cropped-Logo-Esbozo-Web-2.png","width":180,"height":50,"caption":"Esbozo Deportivo"},"image":{"@id":"https:\/\/esbozodeportivo.com\/#\/schema\/logo\/image\/"}},{"@type":"Person","@id":"https:\/\/esbozodeportivo.com\/#\/schema\/person\/7277119c98823aec37bbb84e125efd44","name":"Javier De La Cruz","image":{"@type":"ImageObject","inLanguage":"es","@id":"https:\/\/esbozodeportivo.com\/#\/schema\/person\/image\/","url":"https:\/\/secure.gravatar.com\/avatar\/366235a56d20f1a6e8e3d0b295897639357bea880470ddf261d17bb0bc052eb1?s=96&d=mm&r=g","contentUrl":"https:\/\/secure.gravatar.com\/avatar\/366235a56d20f1a6e8e3d0b295897639357bea880470ddf261d17bb0bc052eb1?s=96&d=mm&r=g","caption":"Javier De La Cruz"},"url":"https:\/\/esbozodeportivo.com\/index.php\/author\/javier-de-la-cruz-de-la-cruz\/"}]}},"jetpack_featured_media_url":"https:\/\/esbozodeportivo.com\/wp-content\/uploads\/2024\/11\/eleccion.jpeg","jetpack_sharing_enabled":true,"_links":{"self":[{"href":"https:\/\/esbozodeportivo.com\/index.php\/wp-json\/wp\/v2\/posts\/4702","targetHints":{"allow":["GET"]}}],"collection":[{"href":"https:\/\/esbozodeportivo.com\/index.php\/wp-json\/wp\/v2\/posts"}],"about":[{"href":"https:\/\/esbozodeportivo.com\/index.php\/wp-json\/wp\/v2\/types\/post"}],"author":[{"embeddable":true,"href":"https:\/\/esbozodeportivo.com\/index.php\/wp-json\/wp\/v2\/users\/2"}],"replies":[{"embeddable":true,"href":"https:\/\/esbozodeportivo.com\/index.php\/wp-json\/wp\/v2\/comments?post=4702"}],"version-history":[{"count":1,"href":"https:\/\/esbozodeportivo.com\/index.php\/wp-json\/wp\/v2\/posts\/4702\/revisions"}],"predecessor-version":[{"id":4704,"href":"https:\/\/esbozodeportivo.com\/index.php\/wp-json\/wp\/v2\/posts\/4702\/revisions\/4704"}],"wp:featuredmedia":[{"embeddable":true,"href":"https:\/\/esbozodeportivo.com\/index.php\/wp-json\/wp\/v2\/media\/4703"}],"wp:attachment":[{"href":"https:\/\/esbozodeportivo.com\/index.php\/wp-json\/wp\/v2\/media?parent=4702"}],"wp:term":[{"taxonomy":"category","embeddable":true,"href":"https:\/\/esbozodeportivo.com\/index.php\/wp-json\/wp\/v2\/categories?post=4702"},{"taxonomy":"post_tag","embeddable":true,"href":"https:\/\/esbozodeportivo.com\/index.php\/wp-json\/wp\/v2\/tags?post=4702"}],"curies":[{"name":"wp","href":"https:\/\/api.w.org\/{rel}","templated":true}]}}