{"id":4760,"date":"2024-11-12T00:38:35","date_gmt":"2024-11-12T00:38:35","guid":{"rendered":"https:\/\/esbozodeportivo.com\/?p=4760"},"modified":"2024-11-12T00:38:35","modified_gmt":"2024-11-12T00:38:35","slug":"acuatica-nelsonvargas-se-corona-en-dos-competencias","status":"publish","type":"post","link":"https:\/\/esbozodeportivo.com\/index.php\/2024\/11\/12\/acuatica-nelsonvargas-se-corona-en-dos-competencias\/","title":{"rendered":"Acu\u00e1tica NelsonVargas se corona en dos competencias"},"content":{"rendered":"\n<p>(Foto: acu\u00e1ticanelsonvargas)<br><\/p>\n\n\n\n<p>Desde el pasado 8 y hasta hoy 10 de noviembre se llev\u00f3 a cabo el Campeonato Estatal Oro Infantil CC 2024 \u2013 2025, cita deportiva que se desarroll\u00f3 en la Alberca de Sierra Hermosa, Tec\u00e1mac, donde <strong><em>acu\u00e1tica nelsonvargas<\/em><\/strong> particip\u00f3 con 119 de sus deportistas en formaci\u00f3n y proyecci\u00f3n.<\/p>\n\n\n\n<p>All\u00ed, de nuevo los atletas de esta instituci\u00f3n se coronaron en la primera posici\u00f3n, esto al sumar un total de 1344 puntos, seguidos de los deportistas que integran el Instituto Municipal de Cultura, quienes consolidaron: 271 puntos y la tercera plaza fue para Body Fit Sport Center, con 134 puntos<\/p>\n\n\n\n<p>Es importarte resaltar que en este evento participaron 28 clubes, quienes con sus procesos de formaci\u00f3n buscan consolidar los mejores procesos.<\/p>\n\n\n\n<p>Por otra parte, es de se\u00f1alarse que <strong><em>acu\u00e1tica nelsonvargas<\/em><\/strong>, tambi\u00e9n conquisto la primera plaza en la rama femenina y masculina. Las damas sumaron un total, de: 677 puntos, mientras que sus compa\u00f1eros de equipo sumaron 631 puntos.<\/p>\n\n\n\n<p><a>Resultados por puntos &#8211; general:<\/a><\/p>\n\n\n\n<figure class=\"wp-block-table\"><table class=\"has-fixed-layout\"><tbody><tr><td class=\"has-text-align-center\" data-align=\"center\"><strong>POSICI\u00d3N<\/strong><\/td><td class=\"has-text-align-center\" data-align=\"center\"><strong>EQUIPO<\/strong><\/td><td class=\"has-text-align-center\" data-align=\"center\"><strong>PUNTOS<\/strong><\/td><\/tr><tr><td class=\"has-text-align-center\" data-align=\"center\">1<\/td><td class=\"has-text-align-center\" data-align=\"center\"><strong><em>Acu\u00e1tica nelsonvargas<\/em><\/strong><\/td><td class=\"has-text-align-center\" data-align=\"center\">1344<\/td><\/tr><tr><td class=\"has-text-align-center\" data-align=\"center\">2<\/td><td class=\"has-text-align-center\" data-align=\"center\">Instituto Municipal de Cultura<\/td><td class=\"has-text-align-center\" data-align=\"center\">271<\/td><\/tr><tr><td class=\"has-text-align-center\" data-align=\"center\">3<\/td><td class=\"has-text-align-center\" data-align=\"center\">Body Fit Sport Center<\/td><td class=\"has-text-align-center\" data-align=\"center\">134<\/td><\/tr><\/tbody><\/table><\/figure>\n\n\n\n<figure class=\"wp-block-image size-large is-style-rounded\"><img loading=\"lazy\" decoding=\"async\" width=\"1024\" height=\"768\" src=\"https:\/\/esbozodeportivo.com\/wp-content\/uploads\/2024\/11\/Acuatica-1024x768.jpg\" alt=\"\" class=\"wp-image-4762\" srcset=\"https:\/\/esbozodeportivo.com\/wp-content\/uploads\/2024\/11\/Acuatica-1024x768.jpg 1024w, https:\/\/esbozodeportivo.com\/wp-content\/uploads\/2024\/11\/Acuatica-300x225.jpg 300w, https:\/\/esbozodeportivo.com\/wp-content\/uploads\/2024\/11\/Acuatica-768x576.jpg 768w, https:\/\/esbozodeportivo.com\/wp-content\/uploads\/2024\/11\/Acuatica-1536x1152.jpg 1536w, https:\/\/esbozodeportivo.com\/wp-content\/uploads\/2024\/11\/Acuatica.jpg 1600w\" sizes=\"auto, (max-width: 1024px) 100vw, 1024px\" \/><\/figure>\n\n\n\n<p>(Foto: acu\u00e1ticanelsonvargas)<br><br><\/p>\n\n\n\n<p>Resultados por puntos &#8211; masculino:<\/p>\n\n\n\n<figure class=\"wp-block-table\"><table class=\"has-fixed-layout\"><tbody><tr><td><strong>POSICI\u00d3N<\/strong><\/td><td><strong>EQUIPO<\/strong><\/td><td><strong>PUNTOS<\/strong><\/td><\/tr><tr><td>1<\/td><td><strong><em>Acu\u00e1tica nelsonvargas<\/em><\/strong><\/td><td>631<\/td><\/tr><tr><td>2<\/td><td>Instituto Municipal de Cultura<\/td><td>134<\/td><\/tr><tr><td>3<\/td><td>Body Fit Sport Center<\/td><td>119<\/td><\/tr><\/tbody><\/table><\/figure>\n\n\n\n<p>Resultados por puntos &#8211; femenino:<\/p>\n\n\n\n<figure class=\"wp-block-table\"><table class=\"has-fixed-layout\"><tbody><tr><td><strong>POSICI\u00d3N<\/strong><\/td><td><strong>EQUIPO<\/strong><\/td><td><strong>PUNTOS<\/strong><\/td><\/tr><tr><td>1<\/td><td><strong><em>Acu\u00e1tica nelsonvargas<\/em><\/strong><\/td><td>677<\/td><\/tr><tr><td>2<\/td><td>Instituto Municipal de Cultura<\/td><td>109<\/td><\/tr><tr><td>3<\/td><td>Fernando Platas<\/td><td>75<\/td><\/tr><\/tbody><\/table><\/figure>\n\n\n\n<p>Los participantes por <strong><em>acu\u00e1tica nelsonvargas<\/em><\/strong> y sus sucursales:<\/p>\n\n\n\n<figure class=\"wp-block-table alignfull\"><table><tbody><tr><td><\/td><td><\/td><td class=\"has-text-align-center\" data-align=\"center\" colspan=\"2\"><strong>7 y 8<\/strong><\/td><td colspan=\"2\"><strong>Infantil A<\/strong><\/td><td colspan=\"2\"><strong>Infantil B<\/strong><\/td><td><\/td><\/tr><tr><td><strong>No.<\/strong><\/td><td><strong>Equipo<\/strong><\/td><td class=\"has-text-align-center\" data-align=\"center\"><strong>D<\/strong><\/td><td><strong>V<\/strong><\/td><td><strong>D<\/strong><\/td><td><strong>V<\/strong><\/td><td><strong>D<\/strong><\/td><td><strong>V<\/strong><\/td><td><strong>Total<\/strong><\/td><\/tr><tr><td>1<\/td><td><strong>Sat\u00e9lite<\/strong><\/td><td class=\"has-text-align-center\" data-align=\"center\">0<\/td><td>0<\/td><td>3<\/td><td>0<\/td><td>5<\/td><td>6<\/td><td>14<\/td><\/tr><tr><td>2<\/td><td><strong>Del Valle<\/strong><\/td><td class=\"has-text-align-center\" data-align=\"center\">0<\/td><td>1<\/td><td>2<\/td><td>1<\/td><td>3<\/td><td>5<\/td><td>12<\/td><\/tr><tr><td>3<\/td><td><strong>Santa Fe<\/strong><\/td><td class=\"has-text-align-center\" data-align=\"center\">4<\/td><td>0<\/td><td>3<\/td><td>2<\/td><td>4<\/td><td>3<\/td><td>16<\/td><\/tr><tr><td>4<\/td><td><strong>Coyoac\u00e1n<\/strong><\/td><td class=\"has-text-align-center\" data-align=\"center\">2<\/td><td>0<\/td><td>1<\/td><td>3<\/td><td>2<\/td><td>1<\/td><td>9<\/td><\/tr><tr><td>5<\/td><td><strong>Centenario<\/strong><\/td><td class=\"has-text-align-center\" data-align=\"center\">2<\/td><td>0<\/td><td>3<\/td><td>0<\/td><td>0<\/td><td>2<\/td><td>7<\/td><\/tr><tr><td>6<\/td><td><strong>Plaza Central<\/strong><\/td><td class=\"has-text-align-center\" data-align=\"center\">0<\/td><td>0<\/td><td>0<\/td><td>0<\/td><td>2<\/td><td>2<\/td><td>4<\/td><\/tr><tr><td>7<\/td><td><strong>Centro de Entrenamiento<\/strong><\/td><td class=\"has-text-align-center\" data-align=\"center\">2<\/td><td>1<\/td><td>7<\/td><td>6<\/td><td>2<\/td><td>7<\/td><td>25<\/td><\/tr><tr><td>8<\/td><td><strong>Interlomas<\/strong><\/td><td class=\"has-text-align-center\" data-align=\"center\">0<\/td><td>0<\/td><td>0<\/td><td>0<\/td><td>2<\/td><td>0<\/td><td>2<\/td><\/tr><tr><td>9<\/td><td><strong>San Jer\u00f3nimo<\/strong><\/td><td class=\"has-text-align-center\" data-align=\"center\">0<\/td><td>0<\/td><td>0<\/td><td>0<\/td><td>1<\/td><td>0<\/td><td>1<\/td><\/tr><tr><td>10<\/td><td><strong>Zona Esmeralda<\/strong><\/td><td class=\"has-text-align-center\" data-align=\"center\">1<\/td><td>0<\/td><td>1<\/td><td>1<\/td><td>4<\/td><td>2<\/td><td>9<\/td><\/tr><tr><td>11<\/td><td><strong>Lindavista<\/strong><\/td><td class=\"has-text-align-center\" data-align=\"center\">4<\/td><td>2<\/td><td>5<\/td><td>4<\/td><td>4<\/td><td>1<\/td><td>20<\/td><\/tr><tr><td><\/td><td><strong>Total<\/strong><\/td><td class=\"has-text-align-center\" data-align=\"center\"><strong>15<\/strong><\/td><td><strong>4<\/strong><\/td><td><strong>25<\/strong><\/td><td><strong>17<\/strong><\/td><td><strong>29<\/strong><\/td><td><strong>29<\/strong><\/td><td><strong>119<\/strong><\/td><\/tr><\/tbody><\/table><\/figure>\n\n\n\n<p>Mientras lo anterior ocurr\u00eda, con 156 participantes inscritos se llev\u00f3 a cabo este fin de semana el 20\u00b0 Torneo Master de Fin de A\u00f1o, suceso deportivo que convoc\u00f3 la participaci\u00f3n de 18 equipos y que conf\u00edan en la innovaci\u00f3n y excelencia de los eventos que se realizan en esta organizaci\u00f3n<\/p>\n\n\n\n<p>El d\u00eda 9 y 10 de noviembre del a\u00f1o en curso <strong><em>acu\u00e1tica nelsonvargas<\/em><\/strong> en su sucursal de Puebla vivi\u00f3 unos momentos vibrantes con esta competencia que dej\u00f3 como campe\u00f3n al anfitri\u00f3n, <strong><em>anv<\/em><\/strong> Puebla, quienes con 2,257.50 puntos se ubicaron en la primera plaza; seguidos de Morsas de Puebla, con: 852 puntos y la tercera plaza del evento la ocup\u00f3 Cai Mantarrayas, con: 428 puntos.<\/p>\n\n\n\n<p>Con este evento se cierra la programaci\u00f3n competitiva 2024 para los atletas de esta categor\u00eda al interior de <strong><em>acu\u00e1tica nelsonvargas<\/em><\/strong>, una entidad que todos los d\u00edas trabaja para que el deporte sea parte de la vida de todas las familias mexicanas.<\/p>\n\n\n\n<p>Tabla por puntos:<\/p>\n\n\n\n<figure class=\"wp-block-table\"><table class=\"has-fixed-layout\"><tbody><tr><td><strong>POSICI\u00d3N<\/strong><\/td><td><strong>EQUIPO<\/strong><\/td><td><strong>PUNTOS<\/strong><\/td><\/tr><tr><td>1<\/td><td><strong><em>Anv <\/em><\/strong>Puebla <em><\/em><\/td><td>2,257.50<\/td><\/tr><tr><td>2<\/td><td>Morsas Puebla<\/td><td>852<\/td><\/tr><tr><td>3<\/td><td>Cai Mantarrayas<\/td><td>428<\/td><\/tr><\/tbody><\/table><\/figure>\n","protected":false},"excerpt":{"rendered":"<p>(Foto: acu\u00e1ticanelsonvargas) Desde el pasado 8 y hasta hoy 10 de noviembre se llev\u00f3 a<\/p>\n","protected":false},"author":2,"featured_media":4761,"comment_status":"closed","ping_status":"open","sticky":false,"template":"","format":"standard","meta":{"_jetpack_memberships_contains_paid_content":false,"footnotes":""},"categories":[5],"tags":[],"class_list":["post-4760","post","type-post","status-publish","format-standard","has-post-thumbnail","hentry","category-amateur"],"yoast_head":"<!-- This site is optimized with the Yoast SEO plugin v25.7 - https:\/\/yoast.com\/wordpress\/plugins\/seo\/ -->\n<title>Acu\u00e1tica NelsonVargas se corona en dos competencias - Esbozo Deportivo<\/title>\n<meta name=\"robots\" content=\"index, follow, max-snippet:-1, max-image-preview:large, max-video-preview:-1\" \/>\n<link rel=\"canonical\" href=\"https:\/\/esbozodeportivo.com\/index.php\/2024\/11\/12\/acuatica-nelsonvargas-se-corona-en-dos-competencias\/\" \/>\n<meta property=\"og:locale\" content=\"es_MX\" \/>\n<meta property=\"og:type\" content=\"article\" \/>\n<meta property=\"og:title\" content=\"Acu\u00e1tica NelsonVargas se corona en dos competencias - Esbozo Deportivo\" \/>\n<meta property=\"og:description\" content=\"(Foto: acu\u00e1ticanelsonvargas) Desde el pasado 8 y hasta hoy 10 de noviembre se llev\u00f3 a\" \/>\n<meta property=\"og:url\" content=\"https:\/\/esbozodeportivo.com\/index.php\/2024\/11\/12\/acuatica-nelsonvargas-se-corona-en-dos-competencias\/\" \/>\n<meta property=\"og:site_name\" content=\"Esbozo Deportivo\" \/>\n<meta property=\"article:published_time\" content=\"2024-11-12T00:38:35+00:00\" \/>\n<meta property=\"og:image\" content=\"https:\/\/esbozodeportivo.com\/wp-content\/uploads\/2024\/11\/Acuatica-1.jpg\" \/>\n\t<meta property=\"og:image:width\" content=\"1280\" \/>\n\t<meta property=\"og:image:height\" content=\"590\" \/>\n\t<meta property=\"og:image:type\" content=\"image\/jpeg\" \/>\n<meta name=\"author\" content=\"Javier De La Cruz\" \/>\n<meta name=\"twitter:card\" content=\"summary_large_image\" \/>\n<meta name=\"twitter:label1\" content=\"Escrito por\" \/>\n\t<meta name=\"twitter:data1\" content=\"Javier De La Cruz\" \/>\n\t<meta name=\"twitter:label2\" content=\"Tiempo de lectura\" \/>\n\t<meta name=\"twitter:data2\" content=\"2 minutos\" \/>\n<script type=\"application\/ld+json\" class=\"yoast-schema-graph\">{\"@context\":\"https:\/\/schema.org\",\"@graph\":[{\"@type\":\"Article\",\"@id\":\"https:\/\/esbozodeportivo.com\/index.php\/2024\/11\/12\/acuatica-nelsonvargas-se-corona-en-dos-competencias\/#article\",\"isPartOf\":{\"@id\":\"https:\/\/esbozodeportivo.com\/index.php\/2024\/11\/12\/acuatica-nelsonvargas-se-corona-en-dos-competencias\/\"},\"author\":{\"name\":\"Javier De La Cruz\",\"@id\":\"https:\/\/esbozodeportivo.com\/#\/schema\/person\/7277119c98823aec37bbb84e125efd44\"},\"headline\":\"Acu\u00e1tica NelsonVargas se corona en dos competencias\",\"datePublished\":\"2024-11-12T00:38:35+00:00\",\"mainEntityOfPage\":{\"@id\":\"https:\/\/esbozodeportivo.com\/index.php\/2024\/11\/12\/acuatica-nelsonvargas-se-corona-en-dos-competencias\/\"},\"wordCount\":446,\"publisher\":{\"@id\":\"https:\/\/esbozodeportivo.com\/#organization\"},\"image\":{\"@id\":\"https:\/\/esbozodeportivo.com\/index.php\/2024\/11\/12\/acuatica-nelsonvargas-se-corona-en-dos-competencias\/#primaryimage\"},\"thumbnailUrl\":\"https:\/\/esbozodeportivo.com\/wp-content\/uploads\/2024\/11\/Acuatica-1.jpg\",\"articleSection\":[\"Amateur\"],\"inLanguage\":\"es\"},{\"@type\":\"WebPage\",\"@id\":\"https:\/\/esbozodeportivo.com\/index.php\/2024\/11\/12\/acuatica-nelsonvargas-se-corona-en-dos-competencias\/\",\"url\":\"https:\/\/esbozodeportivo.com\/index.php\/2024\/11\/12\/acuatica-nelsonvargas-se-corona-en-dos-competencias\/\",\"name\":\"Acu\u00e1tica NelsonVargas se corona en dos competencias - Esbozo Deportivo\",\"isPartOf\":{\"@id\":\"https:\/\/esbozodeportivo.com\/#website\"},\"primaryImageOfPage\":{\"@id\":\"https:\/\/esbozodeportivo.com\/index.php\/2024\/11\/12\/acuatica-nelsonvargas-se-corona-en-dos-competencias\/#primaryimage\"},\"image\":{\"@id\":\"https:\/\/esbozodeportivo.com\/index.php\/2024\/11\/12\/acuatica-nelsonvargas-se-corona-en-dos-competencias\/#primaryimage\"},\"thumbnailUrl\":\"https:\/\/esbozodeportivo.com\/wp-content\/uploads\/2024\/11\/Acuatica-1.jpg\",\"datePublished\":\"2024-11-12T00:38:35+00:00\",\"breadcrumb\":{\"@id\":\"https:\/\/esbozodeportivo.com\/index.php\/2024\/11\/12\/acuatica-nelsonvargas-se-corona-en-dos-competencias\/#breadcrumb\"},\"inLanguage\":\"es\",\"potentialAction\":[{\"@type\":\"ReadAction\",\"target\":[\"https:\/\/esbozodeportivo.com\/index.php\/2024\/11\/12\/acuatica-nelsonvargas-se-corona-en-dos-competencias\/\"]}]},{\"@type\":\"ImageObject\",\"inLanguage\":\"es\",\"@id\":\"https:\/\/esbozodeportivo.com\/index.php\/2024\/11\/12\/acuatica-nelsonvargas-se-corona-en-dos-competencias\/#primaryimage\",\"url\":\"https:\/\/esbozodeportivo.com\/wp-content\/uploads\/2024\/11\/Acuatica-1.jpg\",\"contentUrl\":\"https:\/\/esbozodeportivo.com\/wp-content\/uploads\/2024\/11\/Acuatica-1.jpg\",\"width\":1280,\"height\":590},{\"@type\":\"BreadcrumbList\",\"@id\":\"https:\/\/esbozodeportivo.com\/index.php\/2024\/11\/12\/acuatica-nelsonvargas-se-corona-en-dos-competencias\/#breadcrumb\",\"itemListElement\":[{\"@type\":\"ListItem\",\"position\":1,\"name\":\"Inicio\",\"item\":\"https:\/\/esbozodeportivo.com\/\"},{\"@type\":\"ListItem\",\"position\":2,\"name\":\"Acu\u00e1tica NelsonVargas se corona en dos competencias\"}]},{\"@type\":\"WebSite\",\"@id\":\"https:\/\/esbozodeportivo.com\/#website\",\"url\":\"https:\/\/esbozodeportivo.com\/\",\"name\":\"Esbozo Deportivo\",\"description\":\"Lo m\u00e1s importante del Deporte\",\"publisher\":{\"@id\":\"https:\/\/esbozodeportivo.com\/#organization\"},\"potentialAction\":[{\"@type\":\"SearchAction\",\"target\":{\"@type\":\"EntryPoint\",\"urlTemplate\":\"https:\/\/esbozodeportivo.com\/?s={search_term_string}\"},\"query-input\":{\"@type\":\"PropertyValueSpecification\",\"valueRequired\":true,\"valueName\":\"search_term_string\"}}],\"inLanguage\":\"es\"},{\"@type\":\"Organization\",\"@id\":\"https:\/\/esbozodeportivo.com\/#organization\",\"name\":\"Esbozo Deportivo\",\"url\":\"https:\/\/esbozodeportivo.com\/\",\"logo\":{\"@type\":\"ImageObject\",\"inLanguage\":\"es\",\"@id\":\"https:\/\/esbozodeportivo.com\/#\/schema\/logo\/image\/\",\"url\":\"https:\/\/esbozodeportivo.com\/wp-content\/uploads\/2022\/08\/cropped-Logo-Esbozo-Web-2.png\",\"contentUrl\":\"https:\/\/esbozodeportivo.com\/wp-content\/uploads\/2022\/08\/cropped-Logo-Esbozo-Web-2.png\",\"width\":180,\"height\":50,\"caption\":\"Esbozo Deportivo\"},\"image\":{\"@id\":\"https:\/\/esbozodeportivo.com\/#\/schema\/logo\/image\/\"}},{\"@type\":\"Person\",\"@id\":\"https:\/\/esbozodeportivo.com\/#\/schema\/person\/7277119c98823aec37bbb84e125efd44\",\"name\":\"Javier De La Cruz\",\"image\":{\"@type\":\"ImageObject\",\"inLanguage\":\"es\",\"@id\":\"https:\/\/esbozodeportivo.com\/#\/schema\/person\/image\/\",\"url\":\"https:\/\/secure.gravatar.com\/avatar\/366235a56d20f1a6e8e3d0b295897639357bea880470ddf261d17bb0bc052eb1?s=96&d=mm&r=g\",\"contentUrl\":\"https:\/\/secure.gravatar.com\/avatar\/366235a56d20f1a6e8e3d0b295897639357bea880470ddf261d17bb0bc052eb1?s=96&d=mm&r=g\",\"caption\":\"Javier De La Cruz\"},\"url\":\"https:\/\/esbozodeportivo.com\/index.php\/author\/javier-de-la-cruz-de-la-cruz\/\"}]}<\/script>\n<!-- \/ Yoast SEO plugin. -->","yoast_head_json":{"title":"Acu\u00e1tica NelsonVargas se corona en dos competencias - Esbozo Deportivo","robots":{"index":"index","follow":"follow","max-snippet":"max-snippet:-1","max-image-preview":"max-image-preview:large","max-video-preview":"max-video-preview:-1"},"canonical":"https:\/\/esbozodeportivo.com\/index.php\/2024\/11\/12\/acuatica-nelsonvargas-se-corona-en-dos-competencias\/","og_locale":"es_MX","og_type":"article","og_title":"Acu\u00e1tica NelsonVargas se corona en dos competencias - Esbozo Deportivo","og_description":"(Foto: acu\u00e1ticanelsonvargas) Desde el pasado 8 y hasta hoy 10 de noviembre se llev\u00f3 a","og_url":"https:\/\/esbozodeportivo.com\/index.php\/2024\/11\/12\/acuatica-nelsonvargas-se-corona-en-dos-competencias\/","og_site_name":"Esbozo Deportivo","article_published_time":"2024-11-12T00:38:35+00:00","og_image":[{"width":1280,"height":590,"url":"https:\/\/esbozodeportivo.com\/wp-content\/uploads\/2024\/11\/Acuatica-1.jpg","type":"image\/jpeg"}],"author":"Javier De La Cruz","twitter_card":"summary_large_image","twitter_misc":{"Escrito por":"Javier De La Cruz","Tiempo de lectura":"2 minutos"},"schema":{"@context":"https:\/\/schema.org","@graph":[{"@type":"Article","@id":"https:\/\/esbozodeportivo.com\/index.php\/2024\/11\/12\/acuatica-nelsonvargas-se-corona-en-dos-competencias\/#article","isPartOf":{"@id":"https:\/\/esbozodeportivo.com\/index.php\/2024\/11\/12\/acuatica-nelsonvargas-se-corona-en-dos-competencias\/"},"author":{"name":"Javier De La Cruz","@id":"https:\/\/esbozodeportivo.com\/#\/schema\/person\/7277119c98823aec37bbb84e125efd44"},"headline":"Acu\u00e1tica NelsonVargas se corona en dos competencias","datePublished":"2024-11-12T00:38:35+00:00","mainEntityOfPage":{"@id":"https:\/\/esbozodeportivo.com\/index.php\/2024\/11\/12\/acuatica-nelsonvargas-se-corona-en-dos-competencias\/"},"wordCount":446,"publisher":{"@id":"https:\/\/esbozodeportivo.com\/#organization"},"image":{"@id":"https:\/\/esbozodeportivo.com\/index.php\/2024\/11\/12\/acuatica-nelsonvargas-se-corona-en-dos-competencias\/#primaryimage"},"thumbnailUrl":"https:\/\/esbozodeportivo.com\/wp-content\/uploads\/2024\/11\/Acuatica-1.jpg","articleSection":["Amateur"],"inLanguage":"es"},{"@type":"WebPage","@id":"https:\/\/esbozodeportivo.com\/index.php\/2024\/11\/12\/acuatica-nelsonvargas-se-corona-en-dos-competencias\/","url":"https:\/\/esbozodeportivo.com\/index.php\/2024\/11\/12\/acuatica-nelsonvargas-se-corona-en-dos-competencias\/","name":"Acu\u00e1tica NelsonVargas se corona en dos competencias - Esbozo Deportivo","isPartOf":{"@id":"https:\/\/esbozodeportivo.com\/#website"},"primaryImageOfPage":{"@id":"https:\/\/esbozodeportivo.com\/index.php\/2024\/11\/12\/acuatica-nelsonvargas-se-corona-en-dos-competencias\/#primaryimage"},"image":{"@id":"https:\/\/esbozodeportivo.com\/index.php\/2024\/11\/12\/acuatica-nelsonvargas-se-corona-en-dos-competencias\/#primaryimage"},"thumbnailUrl":"https:\/\/esbozodeportivo.com\/wp-content\/uploads\/2024\/11\/Acuatica-1.jpg","datePublished":"2024-11-12T00:38:35+00:00","breadcrumb":{"@id":"https:\/\/esbozodeportivo.com\/index.php\/2024\/11\/12\/acuatica-nelsonvargas-se-corona-en-dos-competencias\/#breadcrumb"},"inLanguage":"es","potentialAction":[{"@type":"ReadAction","target":["https:\/\/esbozodeportivo.com\/index.php\/2024\/11\/12\/acuatica-nelsonvargas-se-corona-en-dos-competencias\/"]}]},{"@type":"ImageObject","inLanguage":"es","@id":"https:\/\/esbozodeportivo.com\/index.php\/2024\/11\/12\/acuatica-nelsonvargas-se-corona-en-dos-competencias\/#primaryimage","url":"https:\/\/esbozodeportivo.com\/wp-content\/uploads\/2024\/11\/Acuatica-1.jpg","contentUrl":"https:\/\/esbozodeportivo.com\/wp-content\/uploads\/2024\/11\/Acuatica-1.jpg","width":1280,"height":590},{"@type":"BreadcrumbList","@id":"https:\/\/esbozodeportivo.com\/index.php\/2024\/11\/12\/acuatica-nelsonvargas-se-corona-en-dos-competencias\/#breadcrumb","itemListElement":[{"@type":"ListItem","position":1,"name":"Inicio","item":"https:\/\/esbozodeportivo.com\/"},{"@type":"ListItem","position":2,"name":"Acu\u00e1tica NelsonVargas se corona en dos competencias"}]},{"@type":"WebSite","@id":"https:\/\/esbozodeportivo.com\/#website","url":"https:\/\/esbozodeportivo.com\/","name":"Esbozo Deportivo","description":"Lo m\u00e1s importante del Deporte","publisher":{"@id":"https:\/\/esbozodeportivo.com\/#organization"},"potentialAction":[{"@type":"SearchAction","target":{"@type":"EntryPoint","urlTemplate":"https:\/\/esbozodeportivo.com\/?s={search_term_string}"},"query-input":{"@type":"PropertyValueSpecification","valueRequired":true,"valueName":"search_term_string"}}],"inLanguage":"es"},{"@type":"Organization","@id":"https:\/\/esbozodeportivo.com\/#organization","name":"Esbozo Deportivo","url":"https:\/\/esbozodeportivo.com\/","logo":{"@type":"ImageObject","inLanguage":"es","@id":"https:\/\/esbozodeportivo.com\/#\/schema\/logo\/image\/","url":"https:\/\/esbozodeportivo.com\/wp-content\/uploads\/2022\/08\/cropped-Logo-Esbozo-Web-2.png","contentUrl":"https:\/\/esbozodeportivo.com\/wp-content\/uploads\/2022\/08\/cropped-Logo-Esbozo-Web-2.png","width":180,"height":50,"caption":"Esbozo Deportivo"},"image":{"@id":"https:\/\/esbozodeportivo.com\/#\/schema\/logo\/image\/"}},{"@type":"Person","@id":"https:\/\/esbozodeportivo.com\/#\/schema\/person\/7277119c98823aec37bbb84e125efd44","name":"Javier De La Cruz","image":{"@type":"ImageObject","inLanguage":"es","@id":"https:\/\/esbozodeportivo.com\/#\/schema\/person\/image\/","url":"https:\/\/secure.gravatar.com\/avatar\/366235a56d20f1a6e8e3d0b295897639357bea880470ddf261d17bb0bc052eb1?s=96&d=mm&r=g","contentUrl":"https:\/\/secure.gravatar.com\/avatar\/366235a56d20f1a6e8e3d0b295897639357bea880470ddf261d17bb0bc052eb1?s=96&d=mm&r=g","caption":"Javier De La Cruz"},"url":"https:\/\/esbozodeportivo.com\/index.php\/author\/javier-de-la-cruz-de-la-cruz\/"}]}},"jetpack_featured_media_url":"https:\/\/esbozodeportivo.com\/wp-content\/uploads\/2024\/11\/Acuatica-1.jpg","jetpack_sharing_enabled":true,"_links":{"self":[{"href":"https:\/\/esbozodeportivo.com\/index.php\/wp-json\/wp\/v2\/posts\/4760","targetHints":{"allow":["GET"]}}],"collection":[{"href":"https:\/\/esbozodeportivo.com\/index.php\/wp-json\/wp\/v2\/posts"}],"about":[{"href":"https:\/\/esbozodeportivo.com\/index.php\/wp-json\/wp\/v2\/types\/post"}],"author":[{"embeddable":true,"href":"https:\/\/esbozodeportivo.com\/index.php\/wp-json\/wp\/v2\/users\/2"}],"replies":[{"embeddable":true,"href":"https:\/\/esbozodeportivo.com\/index.php\/wp-json\/wp\/v2\/comments?post=4760"}],"version-history":[{"count":5,"href":"https:\/\/esbozodeportivo.com\/index.php\/wp-json\/wp\/v2\/posts\/4760\/revisions"}],"predecessor-version":[{"id":4769,"href":"https:\/\/esbozodeportivo.com\/index.php\/wp-json\/wp\/v2\/posts\/4760\/revisions\/4769"}],"wp:featuredmedia":[{"embeddable":true,"href":"https:\/\/esbozodeportivo.com\/index.php\/wp-json\/wp\/v2\/media\/4761"}],"wp:attachment":[{"href":"https:\/\/esbozodeportivo.com\/index.php\/wp-json\/wp\/v2\/media?parent=4760"}],"wp:term":[{"taxonomy":"category","embeddable":true,"href":"https:\/\/esbozodeportivo.com\/index.php\/wp-json\/wp\/v2\/categories?post=4760"},{"taxonomy":"post_tag","embeddable":true,"href":"https:\/\/esbozodeportivo.com\/index.php\/wp-json\/wp\/v2\/tags?post=4760"}],"curies":[{"name":"wp","href":"https:\/\/api.w.org\/{rel}","templated":true}]}}