{"id":4819,"date":"2024-11-21T07:24:56","date_gmt":"2024-11-21T07:24:56","guid":{"rendered":"https:\/\/esbozodeportivo.com\/?p=4819"},"modified":"2024-11-21T07:24:56","modified_gmt":"2024-11-21T07:24:56","slug":"sonora-tamaulipas-y-chiapas-ganaron-oro-en-el-atletismo","status":"publish","type":"post","link":"https:\/\/esbozodeportivo.com\/index.php\/2024\/11\/21\/sonora-tamaulipas-y-chiapas-ganaron-oro-en-el-atletismo\/","title":{"rendered":"Sonora, Tamaulipas y Chiapas ganaron oro en el atletismo"},"content":{"rendered":"\n<p>(Foto: INDET)<\/p>\n\n\n\n<p>Los corredores de Sonora, Tamaulipas y Chiapas encabezaron la jornada del atletismo de pista que reparti\u00f3 las medallas en las diversas categor\u00edas de los 800 metros, durante el tercer d\u00eda de competencias de los 52 Juegos Nacionales Deportivos y Recreativos de los Trabajadores que convoca el Instituto del Deporte de los Trabajadores con la participaci\u00f3n de 24 estados.<\/p>\n\n\n\n<p>El evento que impulsan el Congreso del Trabajo y el INDET forma parte del proceso para integrar la delegaci\u00f3n mexicana que participar\u00e1 en los Juegos Mundiales de los Trabajadores, que el pr\u00f3ximo a\u00f1o se llevar\u00e1n a cabo en Loutraki, Grecia.<\/p>\n\n\n\n<p>La sonorense Ana Laura Tenori Lozano gan\u00f3 la final de los 800 metros de la categor\u00eda libre, con tiempo de 2 minutos, 23 segundos y 47 cent\u00e9simas, mientras que las medallas de plata y bronce fueron para la michoacana Fabiana Sandoval y Sara Castro, de la Ciudad de M\u00e9xico, respectivamente.<\/p>\n\n\n\n<figure class=\"wp-block-image size-large\"><img loading=\"lazy\" decoding=\"async\" width=\"1024\" height=\"787\" src=\"https:\/\/esbozodeportivo.com\/wp-content\/uploads\/2024\/11\/nata1-1-1024x787.jpg\" alt=\"\" class=\"wp-image-4820\" srcset=\"https:\/\/esbozodeportivo.com\/wp-content\/uploads\/2024\/11\/nata1-1-1024x787.jpg 1024w, https:\/\/esbozodeportivo.com\/wp-content\/uploads\/2024\/11\/nata1-1-300x230.jpg 300w, https:\/\/esbozodeportivo.com\/wp-content\/uploads\/2024\/11\/nata1-1-768x590.jpg 768w, https:\/\/esbozodeportivo.com\/wp-content\/uploads\/2024\/11\/nata1-1-1536x1180.jpg 1536w, https:\/\/esbozodeportivo.com\/wp-content\/uploads\/2024\/11\/nata1-1-2048x1573.jpg 2048w\" sizes=\"auto, (max-width: 1024px) 100vw, 1024px\" \/><figcaption class=\"wp-element-caption\">Exif_JPEG_420<\/figcaption><\/figure>\n\n\n\n<p>(Foto: INDET)<\/p>\n\n\n\n<p>En la misma prueba de la categor\u00eda m\u00e1ster femenil, el metal dorado fue para la chiapaneca Magaly Santos, con registro de 2 minutos y 23 segundos, seguida por la mexiquense Alondra Mart\u00ednez y Elizabeth Salda\u00f1a, tambi\u00e9n de Chiapas.<\/p>\n\n\n\n<p>Por lo que respecta a los 800 metros de la categor\u00eda M\u00e1ster C varonil, el triunfo fue para Jos\u00e9 Luis Valerio, de la Ciudad de M\u00e9xico, escoltado por No\u00e9 Feregrino, de Quer\u00e9taro, y el bajacaliforniano Jos\u00e9 Su\u00e1rez.<\/p>\n\n\n\n<p>Por lo que respecta a la nataci\u00f3n que se desarrolla en las instalaciones del Centro Vacacional IMSS Oaxtepec, Nayarit hizo el 1-2 con Fernanda Ibarra y Alexia Ram\u00edrez en la final de los 100 metros libres, mientras que la presea de bronce fue para Dahena Tovar, del estado de Nuevo Le\u00f3n.<\/p>\n\n\n\n<p>La categor\u00eda libre varonil en los 100 metros fue dominada por el nayarita Pablo Adri\u00e1n Mart\u00ednez, seguido por Jonathan Uriel Luna, de Quer\u00e9taro y el bronce fue para el michoacano Jos\u00e9 \u00c1ngel Terrazas.<\/p>\n\n\n\n<figure class=\"wp-block-image size-large\"><img loading=\"lazy\" decoding=\"async\" width=\"1024\" height=\"700\" src=\"https:\/\/esbozodeportivo.com\/wp-content\/uploads\/2024\/11\/pista1-1024x700.jpg\" alt=\"\" class=\"wp-image-4821\" srcset=\"https:\/\/esbozodeportivo.com\/wp-content\/uploads\/2024\/11\/pista1-1024x700.jpg 1024w, https:\/\/esbozodeportivo.com\/wp-content\/uploads\/2024\/11\/pista1-300x205.jpg 300w, https:\/\/esbozodeportivo.com\/wp-content\/uploads\/2024\/11\/pista1-768x525.jpg 768w, https:\/\/esbozodeportivo.com\/wp-content\/uploads\/2024\/11\/pista1-1536x1049.jpg 1536w, https:\/\/esbozodeportivo.com\/wp-content\/uploads\/2024\/11\/pista1-2048x1399.jpg 2048w\" sizes=\"auto, (max-width: 1024px) 100vw, 1024px\" \/><figcaption class=\"wp-element-caption\">Exif_JPEG_420<\/figcaption><\/figure>\n\n\n\n<p>(Foto: INDET)<\/p>\n\n\n\n<p>Mariana Uribarrien, de Quer\u00e9taro, se apunt\u00f3 la medalla de oro en los 100 metros libre de la categor\u00eda m\u00e1ster 29-38 a\u00f1os, seguida por Gloria Guerrero, de Nuevo Le\u00f3n y Claudia Monta\u00f1o, de Nuevo Le\u00f3n.<\/p>\n\n\n\n<p>Asimismo, en las finales de los 200 metros estilo pecho de la categor\u00eda libre femenil, el oro fue para la nayarita Alexia Ram\u00edrez, mientras que la plata y el bronce fue para&nbsp; Monserrat Rangel y Debanhi Cort\u00e9s, de Nuevo Le\u00f3n.<\/p>\n\n\n\n<p>En la rama varonil de los 200 metros de la categor\u00eda libre, se coron\u00f3 Jorge Malag\u00f3n, de Quer\u00e9taro, la plata fue para su coequipero Rodrigo Elizarar\u00e1s, y el bronce para el mexiquense Gerardo Gonz\u00e1lez.<\/p>\n\n\n\n<p>La actividad de los Juegos Nacionales Deportivos y Recreativos de los Trabajadores, que se realizan con el respaldo de la Comisi\u00f3n Nacional de Cultura F\u00edsica y Deporte, continuar\u00e1n las semifinales de deportes de conjunto: b\u00e1squetbol, b\u00e1squet 3&#215;3, b\u00e9isbol, voleibol de sala y voleibol de playa, as\u00ed como la disciplina individual de ajedrez.<\/p>\n\n\n\n<figure class=\"wp-block-image size-large is-resized\"><img loading=\"lazy\" decoding=\"async\" width=\"1024\" height=\"914\" src=\"https:\/\/esbozodeportivo.com\/wp-content\/uploads\/2024\/11\/pista2-1024x914.jpg\" alt=\"\" class=\"wp-image-4822\" style=\"width:740px;height:auto\" srcset=\"https:\/\/esbozodeportivo.com\/wp-content\/uploads\/2024\/11\/pista2-1024x914.jpg 1024w, https:\/\/esbozodeportivo.com\/wp-content\/uploads\/2024\/11\/pista2-300x268.jpg 300w, https:\/\/esbozodeportivo.com\/wp-content\/uploads\/2024\/11\/pista2-768x686.jpg 768w, https:\/\/esbozodeportivo.com\/wp-content\/uploads\/2024\/11\/pista2-1536x1371.jpg 1536w, https:\/\/esbozodeportivo.com\/wp-content\/uploads\/2024\/11\/pista2-2048x1828.jpg 2048w\" sizes=\"auto, (max-width: 1024px) 100vw, 1024px\" \/><figcaption class=\"wp-element-caption\">Exif_JPEG_420<\/figcaption><\/figure>\n\n\n\n<p>(Foto: INDET)<\/p>\n\n\n\n<p><\/p>\n","protected":false},"excerpt":{"rendered":"<p>(Foto: INDET) Los corredores de Sonora, Tamaulipas y Chiapas encabezaron la jornada del atletismo de<\/p>\n","protected":false},"author":2,"featured_media":4823,"comment_status":"closed","ping_status":"open","sticky":false,"template":"","format":"standard","meta":{"_jetpack_memberships_contains_paid_content":false,"footnotes":""},"categories":[5],"tags":[],"class_list":["post-4819","post","type-post","status-publish","format-standard","has-post-thumbnail","hentry","category-amateur"],"yoast_head":"<!-- This site is optimized with the Yoast SEO plugin v25.7 - https:\/\/yoast.com\/wordpress\/plugins\/seo\/ -->\n<title>Sonora, Tamaulipas y Chiapas ganaron oro en el atletismo - Esbozo Deportivo<\/title>\n<meta name=\"robots\" content=\"index, follow, max-snippet:-1, max-image-preview:large, max-video-preview:-1\" \/>\n<link rel=\"canonical\" href=\"https:\/\/esbozodeportivo.com\/index.php\/2024\/11\/21\/sonora-tamaulipas-y-chiapas-ganaron-oro-en-el-atletismo\/\" \/>\n<meta property=\"og:locale\" content=\"es_MX\" \/>\n<meta property=\"og:type\" content=\"article\" \/>\n<meta property=\"og:title\" content=\"Sonora, Tamaulipas y Chiapas ganaron oro en el atletismo - Esbozo Deportivo\" \/>\n<meta property=\"og:description\" content=\"(Foto: INDET) Los corredores de Sonora, Tamaulipas y Chiapas encabezaron la jornada del atletismo de\" \/>\n<meta property=\"og:url\" content=\"https:\/\/esbozodeportivo.com\/index.php\/2024\/11\/21\/sonora-tamaulipas-y-chiapas-ganaron-oro-en-el-atletismo\/\" \/>\n<meta property=\"og:site_name\" content=\"Esbozo Deportivo\" \/>\n<meta property=\"article:published_time\" content=\"2024-11-21T07:24:56+00:00\" \/>\n<meta property=\"og:image\" content=\"https:\/\/esbozodeportivo.com\/wp-content\/uploads\/2024\/11\/pista3-scaled.jpg\" \/>\n\t<meta property=\"og:image:width\" content=\"2560\" \/>\n\t<meta property=\"og:image:height\" content=\"2405\" \/>\n\t<meta property=\"og:image:type\" content=\"image\/jpeg\" \/>\n<meta name=\"author\" content=\"Javier De La Cruz\" \/>\n<meta name=\"twitter:card\" content=\"summary_large_image\" \/>\n<meta name=\"twitter:label1\" content=\"Escrito por\" \/>\n\t<meta name=\"twitter:data1\" content=\"Javier De La Cruz\" \/>\n\t<meta name=\"twitter:label2\" content=\"Tiempo de lectura\" \/>\n\t<meta name=\"twitter:data2\" content=\"3 minutos\" \/>\n<script type=\"application\/ld+json\" class=\"yoast-schema-graph\">{\"@context\":\"https:\/\/schema.org\",\"@graph\":[{\"@type\":\"Article\",\"@id\":\"https:\/\/esbozodeportivo.com\/index.php\/2024\/11\/21\/sonora-tamaulipas-y-chiapas-ganaron-oro-en-el-atletismo\/#article\",\"isPartOf\":{\"@id\":\"https:\/\/esbozodeportivo.com\/index.php\/2024\/11\/21\/sonora-tamaulipas-y-chiapas-ganaron-oro-en-el-atletismo\/\"},\"author\":{\"name\":\"Javier De La Cruz\",\"@id\":\"https:\/\/esbozodeportivo.com\/#\/schema\/person\/7277119c98823aec37bbb84e125efd44\"},\"headline\":\"Sonora, Tamaulipas y Chiapas ganaron oro en el atletismo\",\"datePublished\":\"2024-11-21T07:24:56+00:00\",\"mainEntityOfPage\":{\"@id\":\"https:\/\/esbozodeportivo.com\/index.php\/2024\/11\/21\/sonora-tamaulipas-y-chiapas-ganaron-oro-en-el-atletismo\/\"},\"wordCount\":525,\"publisher\":{\"@id\":\"https:\/\/esbozodeportivo.com\/#organization\"},\"image\":{\"@id\":\"https:\/\/esbozodeportivo.com\/index.php\/2024\/11\/21\/sonora-tamaulipas-y-chiapas-ganaron-oro-en-el-atletismo\/#primaryimage\"},\"thumbnailUrl\":\"https:\/\/esbozodeportivo.com\/wp-content\/uploads\/2024\/11\/pista3-scaled.jpg\",\"articleSection\":[\"Amateur\"],\"inLanguage\":\"es\"},{\"@type\":\"WebPage\",\"@id\":\"https:\/\/esbozodeportivo.com\/index.php\/2024\/11\/21\/sonora-tamaulipas-y-chiapas-ganaron-oro-en-el-atletismo\/\",\"url\":\"https:\/\/esbozodeportivo.com\/index.php\/2024\/11\/21\/sonora-tamaulipas-y-chiapas-ganaron-oro-en-el-atletismo\/\",\"name\":\"Sonora, Tamaulipas y Chiapas ganaron oro en el atletismo - Esbozo Deportivo\",\"isPartOf\":{\"@id\":\"https:\/\/esbozodeportivo.com\/#website\"},\"primaryImageOfPage\":{\"@id\":\"https:\/\/esbozodeportivo.com\/index.php\/2024\/11\/21\/sonora-tamaulipas-y-chiapas-ganaron-oro-en-el-atletismo\/#primaryimage\"},\"image\":{\"@id\":\"https:\/\/esbozodeportivo.com\/index.php\/2024\/11\/21\/sonora-tamaulipas-y-chiapas-ganaron-oro-en-el-atletismo\/#primaryimage\"},\"thumbnailUrl\":\"https:\/\/esbozodeportivo.com\/wp-content\/uploads\/2024\/11\/pista3-scaled.jpg\",\"datePublished\":\"2024-11-21T07:24:56+00:00\",\"breadcrumb\":{\"@id\":\"https:\/\/esbozodeportivo.com\/index.php\/2024\/11\/21\/sonora-tamaulipas-y-chiapas-ganaron-oro-en-el-atletismo\/#breadcrumb\"},\"inLanguage\":\"es\",\"potentialAction\":[{\"@type\":\"ReadAction\",\"target\":[\"https:\/\/esbozodeportivo.com\/index.php\/2024\/11\/21\/sonora-tamaulipas-y-chiapas-ganaron-oro-en-el-atletismo\/\"]}]},{\"@type\":\"ImageObject\",\"inLanguage\":\"es\",\"@id\":\"https:\/\/esbozodeportivo.com\/index.php\/2024\/11\/21\/sonora-tamaulipas-y-chiapas-ganaron-oro-en-el-atletismo\/#primaryimage\",\"url\":\"https:\/\/esbozodeportivo.com\/wp-content\/uploads\/2024\/11\/pista3-scaled.jpg\",\"contentUrl\":\"https:\/\/esbozodeportivo.com\/wp-content\/uploads\/2024\/11\/pista3-scaled.jpg\",\"width\":2560,\"height\":2405,\"caption\":\"Exif_JPEG_420\"},{\"@type\":\"BreadcrumbList\",\"@id\":\"https:\/\/esbozodeportivo.com\/index.php\/2024\/11\/21\/sonora-tamaulipas-y-chiapas-ganaron-oro-en-el-atletismo\/#breadcrumb\",\"itemListElement\":[{\"@type\":\"ListItem\",\"position\":1,\"name\":\"Inicio\",\"item\":\"https:\/\/esbozodeportivo.com\/\"},{\"@type\":\"ListItem\",\"position\":2,\"name\":\"Sonora, Tamaulipas y Chiapas ganaron oro en el atletismo\"}]},{\"@type\":\"WebSite\",\"@id\":\"https:\/\/esbozodeportivo.com\/#website\",\"url\":\"https:\/\/esbozodeportivo.com\/\",\"name\":\"Esbozo Deportivo\",\"description\":\"Lo m\u00e1s importante del Deporte\",\"publisher\":{\"@id\":\"https:\/\/esbozodeportivo.com\/#organization\"},\"potentialAction\":[{\"@type\":\"SearchAction\",\"target\":{\"@type\":\"EntryPoint\",\"urlTemplate\":\"https:\/\/esbozodeportivo.com\/?s={search_term_string}\"},\"query-input\":{\"@type\":\"PropertyValueSpecification\",\"valueRequired\":true,\"valueName\":\"search_term_string\"}}],\"inLanguage\":\"es\"},{\"@type\":\"Organization\",\"@id\":\"https:\/\/esbozodeportivo.com\/#organization\",\"name\":\"Esbozo Deportivo\",\"url\":\"https:\/\/esbozodeportivo.com\/\",\"logo\":{\"@type\":\"ImageObject\",\"inLanguage\":\"es\",\"@id\":\"https:\/\/esbozodeportivo.com\/#\/schema\/logo\/image\/\",\"url\":\"https:\/\/esbozodeportivo.com\/wp-content\/uploads\/2022\/08\/cropped-Logo-Esbozo-Web-2.png\",\"contentUrl\":\"https:\/\/esbozodeportivo.com\/wp-content\/uploads\/2022\/08\/cropped-Logo-Esbozo-Web-2.png\",\"width\":180,\"height\":50,\"caption\":\"Esbozo Deportivo\"},\"image\":{\"@id\":\"https:\/\/esbozodeportivo.com\/#\/schema\/logo\/image\/\"}},{\"@type\":\"Person\",\"@id\":\"https:\/\/esbozodeportivo.com\/#\/schema\/person\/7277119c98823aec37bbb84e125efd44\",\"name\":\"Javier De La Cruz\",\"image\":{\"@type\":\"ImageObject\",\"inLanguage\":\"es\",\"@id\":\"https:\/\/esbozodeportivo.com\/#\/schema\/person\/image\/\",\"url\":\"https:\/\/secure.gravatar.com\/avatar\/366235a56d20f1a6e8e3d0b295897639357bea880470ddf261d17bb0bc052eb1?s=96&d=mm&r=g\",\"contentUrl\":\"https:\/\/secure.gravatar.com\/avatar\/366235a56d20f1a6e8e3d0b295897639357bea880470ddf261d17bb0bc052eb1?s=96&d=mm&r=g\",\"caption\":\"Javier De La Cruz\"},\"url\":\"https:\/\/esbozodeportivo.com\/index.php\/author\/javier-de-la-cruz-de-la-cruz\/\"}]}<\/script>\n<!-- \/ Yoast SEO plugin. -->","yoast_head_json":{"title":"Sonora, Tamaulipas y Chiapas ganaron oro en el atletismo - Esbozo Deportivo","robots":{"index":"index","follow":"follow","max-snippet":"max-snippet:-1","max-image-preview":"max-image-preview:large","max-video-preview":"max-video-preview:-1"},"canonical":"https:\/\/esbozodeportivo.com\/index.php\/2024\/11\/21\/sonora-tamaulipas-y-chiapas-ganaron-oro-en-el-atletismo\/","og_locale":"es_MX","og_type":"article","og_title":"Sonora, Tamaulipas y Chiapas ganaron oro en el atletismo - Esbozo Deportivo","og_description":"(Foto: INDET) Los corredores de Sonora, Tamaulipas y Chiapas encabezaron la jornada del atletismo de","og_url":"https:\/\/esbozodeportivo.com\/index.php\/2024\/11\/21\/sonora-tamaulipas-y-chiapas-ganaron-oro-en-el-atletismo\/","og_site_name":"Esbozo Deportivo","article_published_time":"2024-11-21T07:24:56+00:00","og_image":[{"width":2560,"height":2405,"url":"https:\/\/esbozodeportivo.com\/wp-content\/uploads\/2024\/11\/pista3-scaled.jpg","type":"image\/jpeg"}],"author":"Javier De La Cruz","twitter_card":"summary_large_image","twitter_misc":{"Escrito por":"Javier De La Cruz","Tiempo de lectura":"3 minutos"},"schema":{"@context":"https:\/\/schema.org","@graph":[{"@type":"Article","@id":"https:\/\/esbozodeportivo.com\/index.php\/2024\/11\/21\/sonora-tamaulipas-y-chiapas-ganaron-oro-en-el-atletismo\/#article","isPartOf":{"@id":"https:\/\/esbozodeportivo.com\/index.php\/2024\/11\/21\/sonora-tamaulipas-y-chiapas-ganaron-oro-en-el-atletismo\/"},"author":{"name":"Javier De La Cruz","@id":"https:\/\/esbozodeportivo.com\/#\/schema\/person\/7277119c98823aec37bbb84e125efd44"},"headline":"Sonora, Tamaulipas y Chiapas ganaron oro en el atletismo","datePublished":"2024-11-21T07:24:56+00:00","mainEntityOfPage":{"@id":"https:\/\/esbozodeportivo.com\/index.php\/2024\/11\/21\/sonora-tamaulipas-y-chiapas-ganaron-oro-en-el-atletismo\/"},"wordCount":525,"publisher":{"@id":"https:\/\/esbozodeportivo.com\/#organization"},"image":{"@id":"https:\/\/esbozodeportivo.com\/index.php\/2024\/11\/21\/sonora-tamaulipas-y-chiapas-ganaron-oro-en-el-atletismo\/#primaryimage"},"thumbnailUrl":"https:\/\/esbozodeportivo.com\/wp-content\/uploads\/2024\/11\/pista3-scaled.jpg","articleSection":["Amateur"],"inLanguage":"es"},{"@type":"WebPage","@id":"https:\/\/esbozodeportivo.com\/index.php\/2024\/11\/21\/sonora-tamaulipas-y-chiapas-ganaron-oro-en-el-atletismo\/","url":"https:\/\/esbozodeportivo.com\/index.php\/2024\/11\/21\/sonora-tamaulipas-y-chiapas-ganaron-oro-en-el-atletismo\/","name":"Sonora, Tamaulipas y Chiapas ganaron oro en el atletismo - Esbozo Deportivo","isPartOf":{"@id":"https:\/\/esbozodeportivo.com\/#website"},"primaryImageOfPage":{"@id":"https:\/\/esbozodeportivo.com\/index.php\/2024\/11\/21\/sonora-tamaulipas-y-chiapas-ganaron-oro-en-el-atletismo\/#primaryimage"},"image":{"@id":"https:\/\/esbozodeportivo.com\/index.php\/2024\/11\/21\/sonora-tamaulipas-y-chiapas-ganaron-oro-en-el-atletismo\/#primaryimage"},"thumbnailUrl":"https:\/\/esbozodeportivo.com\/wp-content\/uploads\/2024\/11\/pista3-scaled.jpg","datePublished":"2024-11-21T07:24:56+00:00","breadcrumb":{"@id":"https:\/\/esbozodeportivo.com\/index.php\/2024\/11\/21\/sonora-tamaulipas-y-chiapas-ganaron-oro-en-el-atletismo\/#breadcrumb"},"inLanguage":"es","potentialAction":[{"@type":"ReadAction","target":["https:\/\/esbozodeportivo.com\/index.php\/2024\/11\/21\/sonora-tamaulipas-y-chiapas-ganaron-oro-en-el-atletismo\/"]}]},{"@type":"ImageObject","inLanguage":"es","@id":"https:\/\/esbozodeportivo.com\/index.php\/2024\/11\/21\/sonora-tamaulipas-y-chiapas-ganaron-oro-en-el-atletismo\/#primaryimage","url":"https:\/\/esbozodeportivo.com\/wp-content\/uploads\/2024\/11\/pista3-scaled.jpg","contentUrl":"https:\/\/esbozodeportivo.com\/wp-content\/uploads\/2024\/11\/pista3-scaled.jpg","width":2560,"height":2405,"caption":"Exif_JPEG_420"},{"@type":"BreadcrumbList","@id":"https:\/\/esbozodeportivo.com\/index.php\/2024\/11\/21\/sonora-tamaulipas-y-chiapas-ganaron-oro-en-el-atletismo\/#breadcrumb","itemListElement":[{"@type":"ListItem","position":1,"name":"Inicio","item":"https:\/\/esbozodeportivo.com\/"},{"@type":"ListItem","position":2,"name":"Sonora, Tamaulipas y Chiapas ganaron oro en el atletismo"}]},{"@type":"WebSite","@id":"https:\/\/esbozodeportivo.com\/#website","url":"https:\/\/esbozodeportivo.com\/","name":"Esbozo Deportivo","description":"Lo m\u00e1s importante del Deporte","publisher":{"@id":"https:\/\/esbozodeportivo.com\/#organization"},"potentialAction":[{"@type":"SearchAction","target":{"@type":"EntryPoint","urlTemplate":"https:\/\/esbozodeportivo.com\/?s={search_term_string}"},"query-input":{"@type":"PropertyValueSpecification","valueRequired":true,"valueName":"search_term_string"}}],"inLanguage":"es"},{"@type":"Organization","@id":"https:\/\/esbozodeportivo.com\/#organization","name":"Esbozo Deportivo","url":"https:\/\/esbozodeportivo.com\/","logo":{"@type":"ImageObject","inLanguage":"es","@id":"https:\/\/esbozodeportivo.com\/#\/schema\/logo\/image\/","url":"https:\/\/esbozodeportivo.com\/wp-content\/uploads\/2022\/08\/cropped-Logo-Esbozo-Web-2.png","contentUrl":"https:\/\/esbozodeportivo.com\/wp-content\/uploads\/2022\/08\/cropped-Logo-Esbozo-Web-2.png","width":180,"height":50,"caption":"Esbozo Deportivo"},"image":{"@id":"https:\/\/esbozodeportivo.com\/#\/schema\/logo\/image\/"}},{"@type":"Person","@id":"https:\/\/esbozodeportivo.com\/#\/schema\/person\/7277119c98823aec37bbb84e125efd44","name":"Javier De La Cruz","image":{"@type":"ImageObject","inLanguage":"es","@id":"https:\/\/esbozodeportivo.com\/#\/schema\/person\/image\/","url":"https:\/\/secure.gravatar.com\/avatar\/366235a56d20f1a6e8e3d0b295897639357bea880470ddf261d17bb0bc052eb1?s=96&d=mm&r=g","contentUrl":"https:\/\/secure.gravatar.com\/avatar\/366235a56d20f1a6e8e3d0b295897639357bea880470ddf261d17bb0bc052eb1?s=96&d=mm&r=g","caption":"Javier De La Cruz"},"url":"https:\/\/esbozodeportivo.com\/index.php\/author\/javier-de-la-cruz-de-la-cruz\/"}]}},"jetpack_featured_media_url":"https:\/\/esbozodeportivo.com\/wp-content\/uploads\/2024\/11\/pista3-scaled.jpg","jetpack_sharing_enabled":true,"_links":{"self":[{"href":"https:\/\/esbozodeportivo.com\/index.php\/wp-json\/wp\/v2\/posts\/4819","targetHints":{"allow":["GET"]}}],"collection":[{"href":"https:\/\/esbozodeportivo.com\/index.php\/wp-json\/wp\/v2\/posts"}],"about":[{"href":"https:\/\/esbozodeportivo.com\/index.php\/wp-json\/wp\/v2\/types\/post"}],"author":[{"embeddable":true,"href":"https:\/\/esbozodeportivo.com\/index.php\/wp-json\/wp\/v2\/users\/2"}],"replies":[{"embeddable":true,"href":"https:\/\/esbozodeportivo.com\/index.php\/wp-json\/wp\/v2\/comments?post=4819"}],"version-history":[{"count":1,"href":"https:\/\/esbozodeportivo.com\/index.php\/wp-json\/wp\/v2\/posts\/4819\/revisions"}],"predecessor-version":[{"id":4824,"href":"https:\/\/esbozodeportivo.com\/index.php\/wp-json\/wp\/v2\/posts\/4819\/revisions\/4824"}],"wp:featuredmedia":[{"embeddable":true,"href":"https:\/\/esbozodeportivo.com\/index.php\/wp-json\/wp\/v2\/media\/4823"}],"wp:attachment":[{"href":"https:\/\/esbozodeportivo.com\/index.php\/wp-json\/wp\/v2\/media?parent=4819"}],"wp:term":[{"taxonomy":"category","embeddable":true,"href":"https:\/\/esbozodeportivo.com\/index.php\/wp-json\/wp\/v2\/categories?post=4819"},{"taxonomy":"post_tag","embeddable":true,"href":"https:\/\/esbozodeportivo.com\/index.php\/wp-json\/wp\/v2\/tags?post=4819"}],"curies":[{"name":"wp","href":"https:\/\/api.w.org\/{rel}","templated":true}]}}