{"id":483,"date":"2022-09-19T04:24:14","date_gmt":"2022-09-19T04:24:14","guid":{"rendered":"https:\/\/esbozodeportivo.com\/?p=483"},"modified":"2022-09-19T04:27:46","modified_gmt":"2022-09-19T04:27:46","slug":"psv-eindhoven-de-erick-gutierrez-se-impone-4-3-al-feyenoord","status":"publish","type":"post","link":"https:\/\/esbozodeportivo.com\/index.php\/2022\/09\/19\/psv-eindhoven-de-erick-gutierrez-se-impone-4-3-al-feyenoord\/","title":{"rendered":"PSV Eindhoven de Erick Guti\u00e9rrez se impone 4-3 al Feyenoord"},"content":{"rendered":"<p>Eindhoven.- PSV Eindhoven enfrent\u00f3 al Feyenoord de Rotterdam en juego correspondiente a la jornada 7 de la Eredivisie de Holanda. El partido cumpli\u00f3 con las expectativas planteadas antes del inicio. Un juego intenso por parte de las dos escuadras, presionando en todos los rincones del campo, provocando el error del rival y concretando oportunidades de anotar. El primer gol lleg\u00f3 a los 3 minutos de juego por parte de Oussama Idrissi del Feyenoord que aprovech\u00f3 un error en la salida del PSV para vencer a Walter Ben\u00edtez con potente disparo.<\/p>\n<style>\/*! elementor - v3.7.6 - 15-09-2022 *\/\n.elementor-widget-image{text-align:center}.elementor-widget-image a{display:inline-block}.elementor-widget-image a img[src$=\".svg\"]{width:48px}.elementor-widget-image img{vertical-align:middle;display:inline-block}<\/style>\n<p>\t\t\t\t\t\t\t\t\t\t\t\t<img decoding=\"async\" width=\"640\" height=\"426\" src=\"https:\/\/esbozodeportivo.com\/wp-content\/uploads\/2022\/09\/PSV-1024x682.jpg\" alt=\"\" loading=\"lazy\" srcset=\"https:\/\/esbozodeportivo.com\/wp-content\/uploads\/2022\/09\/PSV-1024x682.jpg 1024w, https:\/\/esbozodeportivo.com\/wp-content\/uploads\/2022\/09\/PSV-300x200.jpg 300w, https:\/\/esbozodeportivo.com\/wp-content\/uploads\/2022\/09\/PSV-768x512.jpg 768w, https:\/\/esbozodeportivo.com\/wp-content\/uploads\/2022\/09\/PSV.jpg 1280w\" sizes=\"auto, (max-width: 640px) 100vw, 640px\" \/>\t\t\t\t\t\t\t\t\t\t\t\t\t\t\t<\/p>\n<p>PSV no tard\u00f3 en emparejar el marcador. A los 16 minutos, por conducto del defensa central ingl\u00e9s Jarrad Branthwaite, marc\u00f3 en una acci\u00f3n de tiro de esquina, adelant\u00e1ndose hacia primer palo y tocar con pierna derecha el bal\u00f3n y vencer a Justin Bijlow. Cody Gakpo, que est\u00e1 en gran momento, se encarg\u00f3 de adelantar en el marcador 2-1 a los de Eindhoven aprovechando un error en la salida de la defensiva de Feyenoord.<\/p>\n<p>Nuevamente un fallo defensivo del PSV hizo que Danilo Pereira empatara el marcador a 2-2 al dejar un bal\u00f3n dentro del \u00e1rea para que el delantero brasile\u00f1o del Feyenoord empujara el bal\u00f3n a la porter\u00eda local. Guus Til al minuto 47 adelant\u00f3 a los granjeros con un remate en el \u00e1rea chica a servicio de Cody Gapko en una acci\u00f3n donde se anticip\u00f3 a la marca del peruano Marcos L\u00f3pez y a la salida del portero Justin Bijlow.<\/p>\n<p>\t\t\t\t\t\t\t\t\t\t\t\t\t\t\t<img decoding=\"async\" width=\"640\" height=\"426\" src=\"https:\/\/esbozodeportivo.com\/wp-content\/uploads\/2022\/09\/PSV1-1024x682.jpg\" alt=\"\" loading=\"lazy\" srcset=\"https:\/\/esbozodeportivo.com\/wp-content\/uploads\/2022\/09\/PSV1-1024x682.jpg 1024w, https:\/\/esbozodeportivo.com\/wp-content\/uploads\/2022\/09\/PSV1-300x200.jpg 300w, https:\/\/esbozodeportivo.com\/wp-content\/uploads\/2022\/09\/PSV1-768x512.jpg 768w, https:\/\/esbozodeportivo.com\/wp-content\/uploads\/2022\/09\/PSV1.jpg 1280w\" sizes=\"auto, (max-width: 640px) 100vw, 640px\" \/>\t\t\t\t\t\t\t\t\t\t\t\t\t\t\t<\/p>\n<p>Los de Rotterdam no se quisieron quedar atr\u00e1s en el marcador y con gran jugada del capit\u00e1n Orkun K\u00f6kc\u00fc para quedar libre a las afueras del \u00e1rea grande sac\u00f3 un potente disparo, que fue ligeramente desviado por el defensor Branthwaite, para meterse a la porter\u00eda de Ben\u00edtez pegado a su poste izquierdo y empatar el partido a 3-3.<\/p>\n<p>El gol decisivo llego al minuto 83 por conducto del defensor central del PSV Armando Obispo que con un remate de cabeza en un tiro de esquina mand\u00f3 el bal\u00f3n al fondo de las redes de la porter\u00eda del Feyenoord para dejar el marcador definitivo 4-3 en el Phillips Stadion de Eindhoven.<\/p>\n<p>El mexicano del Feyenoord Santiago Gim\u00e9nez entr\u00f3 de cambio al minuto 56 en sustituci\u00f3n de Danilo Pereira y tuvo muy pocas oportunidades al frente de la ofensiva. De igual forma Erick Guti\u00e9rrez del PSV entr\u00f3 de cambio al minuto 74 para contener los ataques del equipo visitante logrando buenos resultados.<\/p>\n<p>\t\t\t\t\t\t\t\t\t\t\t\t\t\t\t<img decoding=\"async\" width=\"640\" height=\"426\" src=\"https:\/\/esbozodeportivo.com\/wp-content\/uploads\/2022\/09\/PSV2-1024x682.jpg\" alt=\"\" loading=\"lazy\" srcset=\"https:\/\/esbozodeportivo.com\/wp-content\/uploads\/2022\/09\/PSV2-1024x682.jpg 1024w, https:\/\/esbozodeportivo.com\/wp-content\/uploads\/2022\/09\/PSV2-300x200.jpg 300w, https:\/\/esbozodeportivo.com\/wp-content\/uploads\/2022\/09\/PSV2-768x512.jpg 768w, https:\/\/esbozodeportivo.com\/wp-content\/uploads\/2022\/09\/PSV2.jpg 1280w\" sizes=\"auto, (max-width: 640px) 100vw, 640px\" \/>\t\t\t\t\t\t\t\t\t\t\t\t\t\t\t<\/p>\n<p>Con este resultado el PSV Eindhoven pasa a la cima de la clasificaci\u00f3n de la Eredivisie con 18 puntos, teniendo mejor diferencia de goles con respecto al Ajax de Amsterdam que tiene la misma cantidad de puntos y que perdi\u00f3 en su visita al AZ Alkmaar 2-1. Por su parte Feyenoord cae a la cuarta posici\u00f3n de la tabla qued\u00e1ndose con 16 puntos, atr\u00e1s del ya mencionado AZ Alkmaar que lleg\u00f3 a 17 puntos.<\/p>\n<p>\t\t\t\t\t\t\t\t\t\t\t\t\t\t\t<img decoding=\"async\" width=\"640\" height=\"426\" src=\"https:\/\/esbozodeportivo.com\/wp-content\/uploads\/2022\/09\/PSV3-1024x682.jpg\" alt=\"\" loading=\"lazy\" srcset=\"https:\/\/esbozodeportivo.com\/wp-content\/uploads\/2022\/09\/PSV3-1024x682.jpg 1024w, https:\/\/esbozodeportivo.com\/wp-content\/uploads\/2022\/09\/PSV3-300x200.jpg 300w, https:\/\/esbozodeportivo.com\/wp-content\/uploads\/2022\/09\/PSV3-768x512.jpg 768w, https:\/\/esbozodeportivo.com\/wp-content\/uploads\/2022\/09\/PSV3.jpg 1280w\" sizes=\"auto, (max-width: 640px) 100vw, 640px\" \/>\t\t\t\t\t\t\t\t\t\t\t\t\t\t\t<\/p>\n<p>\u00a0(Fotos: @PSV, \u00a0@Feyenoord)<\/p>\n","protected":false},"excerpt":{"rendered":"<p>Eindhoven.- PSV Eindhoven enfrent\u00f3 al Feyenoord de Rotterdam en juego correspondiente a la jornada 7<\/p>\n","protected":false},"author":2,"featured_media":0,"comment_status":"open","ping_status":"open","sticky":false,"template":"","format":"standard","meta":{"_jetpack_memberships_contains_paid_content":false,"footnotes":""},"categories":[14],"tags":[],"class_list":["post-483","post","type-post","status-publish","format-standard","hentry","category-futbol"],"yoast_head":"<!-- This site is optimized with the Yoast SEO plugin v25.7 - https:\/\/yoast.com\/wordpress\/plugins\/seo\/ -->\n<title>PSV Eindhoven de Erick Guti\u00e9rrez se impone 4-3 al Feyenoord - Esbozo Deportivo<\/title>\n<meta name=\"robots\" content=\"index, follow, max-snippet:-1, max-image-preview:large, max-video-preview:-1\" \/>\n<link rel=\"canonical\" href=\"https:\/\/esbozodeportivo.com\/index.php\/2022\/09\/19\/psv-eindhoven-de-erick-gutierrez-se-impone-4-3-al-feyenoord\/\" \/>\n<meta property=\"og:locale\" content=\"es_MX\" \/>\n<meta property=\"og:type\" content=\"article\" \/>\n<meta property=\"og:title\" content=\"PSV Eindhoven de Erick Guti\u00e9rrez se impone 4-3 al Feyenoord - Esbozo Deportivo\" \/>\n<meta property=\"og:description\" content=\"Eindhoven.- PSV Eindhoven enfrent\u00f3 al Feyenoord de Rotterdam en juego correspondiente a la jornada 7\" \/>\n<meta property=\"og:url\" content=\"https:\/\/esbozodeportivo.com\/index.php\/2022\/09\/19\/psv-eindhoven-de-erick-gutierrez-se-impone-4-3-al-feyenoord\/\" \/>\n<meta property=\"og:site_name\" content=\"Esbozo Deportivo\" \/>\n<meta property=\"article:published_time\" content=\"2022-09-19T04:24:14+00:00\" \/>\n<meta property=\"article:modified_time\" content=\"2022-09-19T04:27:46+00:00\" \/>\n<meta property=\"og:image\" content=\"https:\/\/esbozodeportivo.com\/wp-content\/uploads\/2022\/09\/PSV-1024x682.jpg\" \/>\n<meta name=\"author\" content=\"Javier De La Cruz\" \/>\n<meta name=\"twitter:card\" content=\"summary_large_image\" \/>\n<meta name=\"twitter:label1\" content=\"Escrito por\" \/>\n\t<meta name=\"twitter:data1\" content=\"Javier De La Cruz\" \/>\n\t<meta name=\"twitter:label2\" content=\"Tiempo de lectura\" \/>\n\t<meta name=\"twitter:data2\" content=\"2 minutos\" \/>\n<script type=\"application\/ld+json\" class=\"yoast-schema-graph\">{\"@context\":\"https:\/\/schema.org\",\"@graph\":[{\"@type\":\"Article\",\"@id\":\"https:\/\/esbozodeportivo.com\/index.php\/2022\/09\/19\/psv-eindhoven-de-erick-gutierrez-se-impone-4-3-al-feyenoord\/#article\",\"isPartOf\":{\"@id\":\"https:\/\/esbozodeportivo.com\/index.php\/2022\/09\/19\/psv-eindhoven-de-erick-gutierrez-se-impone-4-3-al-feyenoord\/\"},\"author\":{\"name\":\"Javier De La Cruz\",\"@id\":\"https:\/\/esbozodeportivo.com\/#\/schema\/person\/7277119c98823aec37bbb84e125efd44\"},\"headline\":\"PSV Eindhoven de Erick Guti\u00e9rrez se impone 4-3 al Feyenoord\",\"datePublished\":\"2022-09-19T04:24:14+00:00\",\"dateModified\":\"2022-09-19T04:27:46+00:00\",\"mainEntityOfPage\":{\"@id\":\"https:\/\/esbozodeportivo.com\/index.php\/2022\/09\/19\/psv-eindhoven-de-erick-gutierrez-se-impone-4-3-al-feyenoord\/\"},\"wordCount\":505,\"commentCount\":0,\"publisher\":{\"@id\":\"https:\/\/esbozodeportivo.com\/#organization\"},\"image\":{\"@id\":\"https:\/\/esbozodeportivo.com\/index.php\/2022\/09\/19\/psv-eindhoven-de-erick-gutierrez-se-impone-4-3-al-feyenoord\/#primaryimage\"},\"thumbnailUrl\":\"https:\/\/esbozodeportivo.com\/wp-content\/uploads\/2022\/09\/PSV-1024x682.jpg\",\"articleSection\":[\"Futbol Internacional\"],\"inLanguage\":\"es\",\"potentialAction\":[{\"@type\":\"CommentAction\",\"name\":\"Comment\",\"target\":[\"https:\/\/esbozodeportivo.com\/index.php\/2022\/09\/19\/psv-eindhoven-de-erick-gutierrez-se-impone-4-3-al-feyenoord\/#respond\"]}]},{\"@type\":\"WebPage\",\"@id\":\"https:\/\/esbozodeportivo.com\/index.php\/2022\/09\/19\/psv-eindhoven-de-erick-gutierrez-se-impone-4-3-al-feyenoord\/\",\"url\":\"https:\/\/esbozodeportivo.com\/index.php\/2022\/09\/19\/psv-eindhoven-de-erick-gutierrez-se-impone-4-3-al-feyenoord\/\",\"name\":\"PSV Eindhoven de Erick Guti\u00e9rrez se impone 4-3 al Feyenoord - Esbozo Deportivo\",\"isPartOf\":{\"@id\":\"https:\/\/esbozodeportivo.com\/#website\"},\"primaryImageOfPage\":{\"@id\":\"https:\/\/esbozodeportivo.com\/index.php\/2022\/09\/19\/psv-eindhoven-de-erick-gutierrez-se-impone-4-3-al-feyenoord\/#primaryimage\"},\"image\":{\"@id\":\"https:\/\/esbozodeportivo.com\/index.php\/2022\/09\/19\/psv-eindhoven-de-erick-gutierrez-se-impone-4-3-al-feyenoord\/#primaryimage\"},\"thumbnailUrl\":\"https:\/\/esbozodeportivo.com\/wp-content\/uploads\/2022\/09\/PSV-1024x682.jpg\",\"datePublished\":\"2022-09-19T04:24:14+00:00\",\"dateModified\":\"2022-09-19T04:27:46+00:00\",\"breadcrumb\":{\"@id\":\"https:\/\/esbozodeportivo.com\/index.php\/2022\/09\/19\/psv-eindhoven-de-erick-gutierrez-se-impone-4-3-al-feyenoord\/#breadcrumb\"},\"inLanguage\":\"es\",\"potentialAction\":[{\"@type\":\"ReadAction\",\"target\":[\"https:\/\/esbozodeportivo.com\/index.php\/2022\/09\/19\/psv-eindhoven-de-erick-gutierrez-se-impone-4-3-al-feyenoord\/\"]}]},{\"@type\":\"ImageObject\",\"inLanguage\":\"es\",\"@id\":\"https:\/\/esbozodeportivo.com\/index.php\/2022\/09\/19\/psv-eindhoven-de-erick-gutierrez-se-impone-4-3-al-feyenoord\/#primaryimage\",\"url\":\"https:\/\/esbozodeportivo.com\/wp-content\/uploads\/2022\/09\/PSV.jpg\",\"contentUrl\":\"https:\/\/esbozodeportivo.com\/wp-content\/uploads\/2022\/09\/PSV.jpg\",\"width\":1280,\"height\":853},{\"@type\":\"BreadcrumbList\",\"@id\":\"https:\/\/esbozodeportivo.com\/index.php\/2022\/09\/19\/psv-eindhoven-de-erick-gutierrez-se-impone-4-3-al-feyenoord\/#breadcrumb\",\"itemListElement\":[{\"@type\":\"ListItem\",\"position\":1,\"name\":\"Inicio\",\"item\":\"https:\/\/esbozodeportivo.com\/\"},{\"@type\":\"ListItem\",\"position\":2,\"name\":\"PSV Eindhoven de Erick Guti\u00e9rrez se impone 4-3 al Feyenoord\"}]},{\"@type\":\"WebSite\",\"@id\":\"https:\/\/esbozodeportivo.com\/#website\",\"url\":\"https:\/\/esbozodeportivo.com\/\",\"name\":\"Esbozo Deportivo\",\"description\":\"Lo m\u00e1s importante del Deporte\",\"publisher\":{\"@id\":\"https:\/\/esbozodeportivo.com\/#organization\"},\"potentialAction\":[{\"@type\":\"SearchAction\",\"target\":{\"@type\":\"EntryPoint\",\"urlTemplate\":\"https:\/\/esbozodeportivo.com\/?s={search_term_string}\"},\"query-input\":{\"@type\":\"PropertyValueSpecification\",\"valueRequired\":true,\"valueName\":\"search_term_string\"}}],\"inLanguage\":\"es\"},{\"@type\":\"Organization\",\"@id\":\"https:\/\/esbozodeportivo.com\/#organization\",\"name\":\"Esbozo Deportivo\",\"url\":\"https:\/\/esbozodeportivo.com\/\",\"logo\":{\"@type\":\"ImageObject\",\"inLanguage\":\"es\",\"@id\":\"https:\/\/esbozodeportivo.com\/#\/schema\/logo\/image\/\",\"url\":\"https:\/\/esbozodeportivo.com\/wp-content\/uploads\/2022\/08\/cropped-Logo-Esbozo-Web-2.png\",\"contentUrl\":\"https:\/\/esbozodeportivo.com\/wp-content\/uploads\/2022\/08\/cropped-Logo-Esbozo-Web-2.png\",\"width\":180,\"height\":50,\"caption\":\"Esbozo Deportivo\"},\"image\":{\"@id\":\"https:\/\/esbozodeportivo.com\/#\/schema\/logo\/image\/\"}},{\"@type\":\"Person\",\"@id\":\"https:\/\/esbozodeportivo.com\/#\/schema\/person\/7277119c98823aec37bbb84e125efd44\",\"name\":\"Javier De La Cruz\",\"image\":{\"@type\":\"ImageObject\",\"inLanguage\":\"es\",\"@id\":\"https:\/\/esbozodeportivo.com\/#\/schema\/person\/image\/\",\"url\":\"https:\/\/secure.gravatar.com\/avatar\/366235a56d20f1a6e8e3d0b295897639357bea880470ddf261d17bb0bc052eb1?s=96&d=mm&r=g\",\"contentUrl\":\"https:\/\/secure.gravatar.com\/avatar\/366235a56d20f1a6e8e3d0b295897639357bea880470ddf261d17bb0bc052eb1?s=96&d=mm&r=g\",\"caption\":\"Javier De La Cruz\"},\"url\":\"https:\/\/esbozodeportivo.com\/index.php\/author\/javier-de-la-cruz-de-la-cruz\/\"}]}<\/script>\n<!-- \/ Yoast SEO plugin. -->","yoast_head_json":{"title":"PSV Eindhoven de Erick Guti\u00e9rrez se impone 4-3 al Feyenoord - Esbozo Deportivo","robots":{"index":"index","follow":"follow","max-snippet":"max-snippet:-1","max-image-preview":"max-image-preview:large","max-video-preview":"max-video-preview:-1"},"canonical":"https:\/\/esbozodeportivo.com\/index.php\/2022\/09\/19\/psv-eindhoven-de-erick-gutierrez-se-impone-4-3-al-feyenoord\/","og_locale":"es_MX","og_type":"article","og_title":"PSV Eindhoven de Erick Guti\u00e9rrez se impone 4-3 al Feyenoord - Esbozo Deportivo","og_description":"Eindhoven.- PSV Eindhoven enfrent\u00f3 al Feyenoord de Rotterdam en juego correspondiente a la jornada 7","og_url":"https:\/\/esbozodeportivo.com\/index.php\/2022\/09\/19\/psv-eindhoven-de-erick-gutierrez-se-impone-4-3-al-feyenoord\/","og_site_name":"Esbozo Deportivo","article_published_time":"2022-09-19T04:24:14+00:00","article_modified_time":"2022-09-19T04:27:46+00:00","og_image":[{"url":"https:\/\/esbozodeportivo.com\/wp-content\/uploads\/2022\/09\/PSV-1024x682.jpg","type":"","width":"","height":""}],"author":"Javier De La Cruz","twitter_card":"summary_large_image","twitter_misc":{"Escrito por":"Javier De La Cruz","Tiempo de lectura":"2 minutos"},"schema":{"@context":"https:\/\/schema.org","@graph":[{"@type":"Article","@id":"https:\/\/esbozodeportivo.com\/index.php\/2022\/09\/19\/psv-eindhoven-de-erick-gutierrez-se-impone-4-3-al-feyenoord\/#article","isPartOf":{"@id":"https:\/\/esbozodeportivo.com\/index.php\/2022\/09\/19\/psv-eindhoven-de-erick-gutierrez-se-impone-4-3-al-feyenoord\/"},"author":{"name":"Javier De La Cruz","@id":"https:\/\/esbozodeportivo.com\/#\/schema\/person\/7277119c98823aec37bbb84e125efd44"},"headline":"PSV Eindhoven de Erick Guti\u00e9rrez se impone 4-3 al Feyenoord","datePublished":"2022-09-19T04:24:14+00:00","dateModified":"2022-09-19T04:27:46+00:00","mainEntityOfPage":{"@id":"https:\/\/esbozodeportivo.com\/index.php\/2022\/09\/19\/psv-eindhoven-de-erick-gutierrez-se-impone-4-3-al-feyenoord\/"},"wordCount":505,"commentCount":0,"publisher":{"@id":"https:\/\/esbozodeportivo.com\/#organization"},"image":{"@id":"https:\/\/esbozodeportivo.com\/index.php\/2022\/09\/19\/psv-eindhoven-de-erick-gutierrez-se-impone-4-3-al-feyenoord\/#primaryimage"},"thumbnailUrl":"https:\/\/esbozodeportivo.com\/wp-content\/uploads\/2022\/09\/PSV-1024x682.jpg","articleSection":["Futbol Internacional"],"inLanguage":"es","potentialAction":[{"@type":"CommentAction","name":"Comment","target":["https:\/\/esbozodeportivo.com\/index.php\/2022\/09\/19\/psv-eindhoven-de-erick-gutierrez-se-impone-4-3-al-feyenoord\/#respond"]}]},{"@type":"WebPage","@id":"https:\/\/esbozodeportivo.com\/index.php\/2022\/09\/19\/psv-eindhoven-de-erick-gutierrez-se-impone-4-3-al-feyenoord\/","url":"https:\/\/esbozodeportivo.com\/index.php\/2022\/09\/19\/psv-eindhoven-de-erick-gutierrez-se-impone-4-3-al-feyenoord\/","name":"PSV Eindhoven de Erick Guti\u00e9rrez se impone 4-3 al Feyenoord - Esbozo Deportivo","isPartOf":{"@id":"https:\/\/esbozodeportivo.com\/#website"},"primaryImageOfPage":{"@id":"https:\/\/esbozodeportivo.com\/index.php\/2022\/09\/19\/psv-eindhoven-de-erick-gutierrez-se-impone-4-3-al-feyenoord\/#primaryimage"},"image":{"@id":"https:\/\/esbozodeportivo.com\/index.php\/2022\/09\/19\/psv-eindhoven-de-erick-gutierrez-se-impone-4-3-al-feyenoord\/#primaryimage"},"thumbnailUrl":"https:\/\/esbozodeportivo.com\/wp-content\/uploads\/2022\/09\/PSV-1024x682.jpg","datePublished":"2022-09-19T04:24:14+00:00","dateModified":"2022-09-19T04:27:46+00:00","breadcrumb":{"@id":"https:\/\/esbozodeportivo.com\/index.php\/2022\/09\/19\/psv-eindhoven-de-erick-gutierrez-se-impone-4-3-al-feyenoord\/#breadcrumb"},"inLanguage":"es","potentialAction":[{"@type":"ReadAction","target":["https:\/\/esbozodeportivo.com\/index.php\/2022\/09\/19\/psv-eindhoven-de-erick-gutierrez-se-impone-4-3-al-feyenoord\/"]}]},{"@type":"ImageObject","inLanguage":"es","@id":"https:\/\/esbozodeportivo.com\/index.php\/2022\/09\/19\/psv-eindhoven-de-erick-gutierrez-se-impone-4-3-al-feyenoord\/#primaryimage","url":"https:\/\/esbozodeportivo.com\/wp-content\/uploads\/2022\/09\/PSV.jpg","contentUrl":"https:\/\/esbozodeportivo.com\/wp-content\/uploads\/2022\/09\/PSV.jpg","width":1280,"height":853},{"@type":"BreadcrumbList","@id":"https:\/\/esbozodeportivo.com\/index.php\/2022\/09\/19\/psv-eindhoven-de-erick-gutierrez-se-impone-4-3-al-feyenoord\/#breadcrumb","itemListElement":[{"@type":"ListItem","position":1,"name":"Inicio","item":"https:\/\/esbozodeportivo.com\/"},{"@type":"ListItem","position":2,"name":"PSV Eindhoven de Erick Guti\u00e9rrez se impone 4-3 al Feyenoord"}]},{"@type":"WebSite","@id":"https:\/\/esbozodeportivo.com\/#website","url":"https:\/\/esbozodeportivo.com\/","name":"Esbozo Deportivo","description":"Lo m\u00e1s importante del Deporte","publisher":{"@id":"https:\/\/esbozodeportivo.com\/#organization"},"potentialAction":[{"@type":"SearchAction","target":{"@type":"EntryPoint","urlTemplate":"https:\/\/esbozodeportivo.com\/?s={search_term_string}"},"query-input":{"@type":"PropertyValueSpecification","valueRequired":true,"valueName":"search_term_string"}}],"inLanguage":"es"},{"@type":"Organization","@id":"https:\/\/esbozodeportivo.com\/#organization","name":"Esbozo Deportivo","url":"https:\/\/esbozodeportivo.com\/","logo":{"@type":"ImageObject","inLanguage":"es","@id":"https:\/\/esbozodeportivo.com\/#\/schema\/logo\/image\/","url":"https:\/\/esbozodeportivo.com\/wp-content\/uploads\/2022\/08\/cropped-Logo-Esbozo-Web-2.png","contentUrl":"https:\/\/esbozodeportivo.com\/wp-content\/uploads\/2022\/08\/cropped-Logo-Esbozo-Web-2.png","width":180,"height":50,"caption":"Esbozo Deportivo"},"image":{"@id":"https:\/\/esbozodeportivo.com\/#\/schema\/logo\/image\/"}},{"@type":"Person","@id":"https:\/\/esbozodeportivo.com\/#\/schema\/person\/7277119c98823aec37bbb84e125efd44","name":"Javier De La Cruz","image":{"@type":"ImageObject","inLanguage":"es","@id":"https:\/\/esbozodeportivo.com\/#\/schema\/person\/image\/","url":"https:\/\/secure.gravatar.com\/avatar\/366235a56d20f1a6e8e3d0b295897639357bea880470ddf261d17bb0bc052eb1?s=96&d=mm&r=g","contentUrl":"https:\/\/secure.gravatar.com\/avatar\/366235a56d20f1a6e8e3d0b295897639357bea880470ddf261d17bb0bc052eb1?s=96&d=mm&r=g","caption":"Javier De La Cruz"},"url":"https:\/\/esbozodeportivo.com\/index.php\/author\/javier-de-la-cruz-de-la-cruz\/"}]}},"jetpack_featured_media_url":"","jetpack_sharing_enabled":true,"_links":{"self":[{"href":"https:\/\/esbozodeportivo.com\/index.php\/wp-json\/wp\/v2\/posts\/483","targetHints":{"allow":["GET"]}}],"collection":[{"href":"https:\/\/esbozodeportivo.com\/index.php\/wp-json\/wp\/v2\/posts"}],"about":[{"href":"https:\/\/esbozodeportivo.com\/index.php\/wp-json\/wp\/v2\/types\/post"}],"author":[{"embeddable":true,"href":"https:\/\/esbozodeportivo.com\/index.php\/wp-json\/wp\/v2\/users\/2"}],"replies":[{"embeddable":true,"href":"https:\/\/esbozodeportivo.com\/index.php\/wp-json\/wp\/v2\/comments?post=483"}],"version-history":[{"count":4,"href":"https:\/\/esbozodeportivo.com\/index.php\/wp-json\/wp\/v2\/posts\/483\/revisions"}],"predecessor-version":[{"id":491,"href":"https:\/\/esbozodeportivo.com\/index.php\/wp-json\/wp\/v2\/posts\/483\/revisions\/491"}],"wp:attachment":[{"href":"https:\/\/esbozodeportivo.com\/index.php\/wp-json\/wp\/v2\/media?parent=483"}],"wp:term":[{"taxonomy":"category","embeddable":true,"href":"https:\/\/esbozodeportivo.com\/index.php\/wp-json\/wp\/v2\/categories?post=483"},{"taxonomy":"post_tag","embeddable":true,"href":"https:\/\/esbozodeportivo.com\/index.php\/wp-json\/wp\/v2\/tags?post=483"}],"curies":[{"name":"wp","href":"https:\/\/api.w.org\/{rel}","templated":true}]}}