{"id":4853,"date":"2024-11-23T04:44:02","date_gmt":"2024-11-23T04:44:02","guid":{"rendered":"https:\/\/esbozodeportivo.com\/?p=4853"},"modified":"2024-11-23T04:44:03","modified_gmt":"2024-11-23T04:44:03","slug":"clinicas-de-leonardo-lavalle-en-el-club-irlandes-de-raqueta","status":"publish","type":"post","link":"https:\/\/esbozodeportivo.com\/index.php\/2024\/11\/23\/clinicas-de-leonardo-lavalle-en-el-club-irlandes-de-raqueta\/","title":{"rendered":"Cl\u00ednicas de Leonardo Lavalle en el Club Irland\u00e9s de Raqueta"},"content":{"rendered":"\n<p>Leonardo Lavalle (Foto: Cortes\u00eda) <\/p>\n\n\n\n<ul class=\"wp-block-list\">\n<li><strong>Como pre\u00e1mbulo del XXIX Campeonato Nacional de Primera Fuerza de Tenis Varonil que se realizar\u00e1 del 2 al 8 de diciembre, con bolsa de un mill\u00f3n de pesos<\/strong><\/li>\n<\/ul>\n\n\n\n<p>En el marco del <strong>XXIX Campeonato Nacional de Primera Fuerza de Tenis Varonil <\/strong><a href=\"https:\/\/amtp.mx\/\">AMTP<\/a>-Puntabrasas presentado por <a href=\"https:\/\/www.caliente.mx\/?gclsrc=aw.ds\"><strong>Caliente<\/strong><\/a>, que se realizar\u00e1 del 2 al 8 de diciembre en el prestigiado Club Irland\u00e9s de Raqueta, con bolsa de <strong>UN MILL\u00d3N DE PESOS<\/strong>, este fin de semana, s\u00e1bado 23 y domingo 24 de noviembre, se contar\u00e1 con la participaci\u00f3n del extenista profesional, excapit\u00e1n <a href=\"https:\/\/www.daviscup.com\/es\/portada.aspx\">Copa Davis<\/a> y comentarista, <strong>Leonardo Lavalle<\/strong>.<\/p>\n\n\n\n<p>Como pre\u00e1mbulo de la magna competencia, el extenista mexicano vendr\u00e1 al <a href=\"https:\/\/clubirlandes.mx\/\">Club Irland\u00e9s de Raqueta<\/a> para impartir cl\u00ednicas para infantiles y juniors, para adultos y para entrenadores, bajo el siguiente calendario:<\/p>\n\n\n\n<p><strong>S\u00c1BADO 23 DE NOVIEMBRE<\/strong><\/p>\n\n\n\n<p><strong>LEONARDO LAVALLE<\/strong><\/p>\n\n\n\n<p>11:00 a 13:00 horas: cl\u00ednica con ni\u00f1os y juniors<\/p>\n\n\n\n<p><strong>DOMINGO 24 DE NOVIEMBRE<\/strong><\/p>\n\n\n\n<p>11:00 a 12:30 horas: cl\u00ednica con adultos<\/p>\n\n\n\n<p>12:30 a 14:00 horas: cl\u00ednica con entrenadores<\/p>\n\n\n\n<p><strong>EXPERIENCIA<\/strong><\/p>\n\n\n\n<p><strong>Leonardo Lavalle<\/strong> gan\u00f3 un t\u00edtulo individual de la <strong>ATP<\/strong>, fue en Tel Aviv 1991, cuando venci\u00f3 en la final al sudafricano <strong>Christo Van Rensburg<\/strong> por 6-2, 3-6, 6-3, despu\u00e9s de obtener dos motivantes triunfos, primero, en cuartos de final, sobre el ruso <strong>Andrei Cherkasov<\/strong> y luego en semifinales sobre <strong>Bryan Shelton<\/strong>.<\/p>\n\n\n\n<p><strong>Lavalle<\/strong>, obtuvo, adem\u00e1s, cinco t\u00edtulos de dobles: <strong>Scottsdale<\/strong> 1986 (con <strong>Mike Leah<\/strong>); <strong>Palermo<\/strong> 1987 (con <strong>Claudio Panatta<\/strong>); <strong>Roterdam<\/strong> 1990 (<strong>Jorge Lozano<\/strong>); <strong>Ciudad de M\u00e9xico<\/strong> 1993 (<strong>Jaime Oncins<\/strong>); <strong>Ciudad de M\u00e9xico<\/strong> 1995 (<strong>Javier Frana<\/strong>). Estos dos \u00faltimos fueron durante el Abierto Mexicano de Tenis, cuando el torneo todav\u00eda se realizaba en el <a href=\"https:\/\/www.clubaleman.mx\/\">Club Alem\u00e1n<\/a>.<\/p>\n\n\n\n<p>El mejor ranking individual del mexicano fue 51, en 1986; mientras, en dobles, ocup\u00f3 la posici\u00f3n 23, en 1992. Fue finalista en dobles en el <strong>Campeonato de Wimbledon <\/strong>en 1992, junto al argentino <strong>Javier Frana<\/strong>, cayendo ante la pareja del sueco <strong>Anders Jarry<\/strong> y el australiano <strong>John Fitzgerald<\/strong> por 6-3, 6-4, 6-7 (7), 6-1.<\/p>\n\n\n\n<p>Adem\u00e1s, lleg\u00f3 a cuartos de final en los <a href=\"https:\/\/es.wikipedia.org\/wiki\/Juegos_Ol%C3%ADmpicos\">Juegos Ol\u00edmpicos<\/a> de 1992 en <strong>Barcelona<\/strong>, donde cay\u00f3 con el espa\u00f1ol <strong>Jordi Arrese<\/strong>, posteriormente subcampe\u00f3n del certamen.<\/p>\n\n\n\n<p><strong>Leonardo Lavalle<\/strong> gan\u00f3 el t\u00edtulo de individuales y dobles j\u00fanior masculino de <a href=\"https:\/\/www.wimbledon.com\/index.html\">Wimbledon<\/a> en 1985 venciendo en la final a su compatriota <strong>Eduardo V\u00e9lez<\/strong>, quien un a\u00f1o m\u00e1s tarde conquist\u00f3 ese cetro junior en el <strong>All England Club<\/strong>.<\/p>\n\n\n\n<p><strong>Lavalle<\/strong> fue integrante del equipo mexicano de <strong>Copa Davis<\/strong> desde 1985, cuando debut\u00f3 en dobles, en la serie donde M\u00e9xico venci\u00f3 a Per\u00fa. <strong>Lavalle<\/strong> hizo pareja con <strong>Fernando P\u00e9rez Pascal<\/strong> y superaron en cinco sets a la dupla de <strong>Fernando Maynetto <\/strong>y <strong>Jaime Yzaga<\/strong>.<\/p>\n\n\n\n<p><strong>Leo<\/strong> se retir\u00f3 en la serie contra Paraguay de 1999, cuando M\u00e9xico se impuso 3-2 y haciendo dupla con <strong>David Roditi<\/strong>, cay\u00f3 6-4, 5-7, 5-7, 4-6 ante la pareja de <strong>Paulo Carvallo<\/strong> y <strong>Ram\u00f3n Delgado<\/strong>.<\/p>\n\n\n\n<p>En sus 14 a\u00f1os como integrante del equipo mexicano, <strong>Lavalle<\/strong> tuvo r\u00e9cord, en singles, de 21-17 y, en dobles, de 9-10, para un total de 30-27 en triunfos y derrotas.<\/p>\n\n\n\n<p>En <strong>Copa Davis<\/strong> se recuerdan triunfos cruciales del mexicano, en cinco sets, contra jugadores como el alem\u00e1n <strong>Michael Westphal<\/strong> en 1986, precisamente en el <strong>Club Alem\u00e1n de M\u00e9xico<\/strong>, cuando se impuso 8-10, 3-6, 6-3, 6-4, 6-3, para darle la victoria a nuestro pa\u00eds por 3-2, en la primera ronda del Grupo Mundial y ante el australiano <strong>Wally Masur<\/strong> en la ronda inicial del Grupo Mundial 1988, cuando se impuso en el cuarto punto por 6-2, 6-1, 4-6, 9-11, 6-2, para empatar la serie. M\u00e9xico termin\u00f3 perdiendo con los \u201caussies\u201d 2-3, luego que <strong>Pat Cash<\/strong> venci\u00f3 a <strong>Francisco Maciel<\/strong>.<\/p>\n\n\n\n<p><strong>Leonardo Lavalle<\/strong> ha dirigido al equipo nacional de <strong>Copa Davis<\/strong> en diversas etapas y &nbsp;este fin de semana nos compartir\u00e1 todos sus conocimientos y experiencias durante las cl\u00ednicas que ofrecer\u00e1 en el <strong>Club Irland\u00e9s de Raqueta<\/strong>, con costo simb\u00f3lico de 300 pesos por persona.<\/p>\n","protected":false},"excerpt":{"rendered":"<p>Leonardo Lavalle (Foto: Cortes\u00eda) En el marco del XXIX Campeonato Nacional de Primera Fuerza de<\/p>\n","protected":false},"author":2,"featured_media":4854,"comment_status":"closed","ping_status":"open","sticky":false,"template":"","format":"standard","meta":{"_jetpack_memberships_contains_paid_content":false,"footnotes":""},"categories":[37],"tags":[],"class_list":["post-4853","post","type-post","status-publish","format-standard","has-post-thumbnail","hentry","category-tenis"],"yoast_head":"<!-- This site is optimized with the Yoast SEO plugin v25.7 - https:\/\/yoast.com\/wordpress\/plugins\/seo\/ -->\n<title>Cl\u00ednicas de Leonardo Lavalle en el Club Irland\u00e9s de Raqueta - Esbozo Deportivo<\/title>\n<meta name=\"description\" content=\"En el marco del XXIX Campeonato Nacional de Primera Fuerza de Tenis Varonil AMTP-Puntabrasas presentado por Caliente, que se realizar\u00e1 del 2 al 8 de diciembre en el prestigiado Club Irland\u00e9s de Raqueta, con bolsa de UN MILL\u00d3N DE PESOS, este fin de semana, s\u00e1bado 23 y domingo 24 de noviembre, se contar\u00e1 con la participaci\u00f3n del extenista profesional, excapit\u00e1n Copa Davis y comentarista, Leonardo Lavalle.\" \/>\n<meta name=\"robots\" content=\"index, follow, max-snippet:-1, max-image-preview:large, max-video-preview:-1\" \/>\n<link rel=\"canonical\" href=\"https:\/\/esbozodeportivo.com\/index.php\/2024\/11\/23\/clinicas-de-leonardo-lavalle-en-el-club-irlandes-de-raqueta\/\" \/>\n<meta property=\"og:locale\" content=\"es_MX\" \/>\n<meta property=\"og:type\" content=\"article\" \/>\n<meta property=\"og:title\" content=\"Cl\u00ednicas de Leonardo Lavalle en el Club Irland\u00e9s de Raqueta - Esbozo Deportivo\" \/>\n<meta property=\"og:description\" content=\"En el marco del XXIX Campeonato Nacional de Primera Fuerza de Tenis Varonil AMTP-Puntabrasas presentado por Caliente, que se realizar\u00e1 del 2 al 8 de diciembre en el prestigiado Club Irland\u00e9s de Raqueta, con bolsa de UN MILL\u00d3N DE PESOS, este fin de semana, s\u00e1bado 23 y domingo 24 de noviembre, se contar\u00e1 con la participaci\u00f3n del extenista profesional, excapit\u00e1n Copa Davis y comentarista, Leonardo Lavalle.\" \/>\n<meta property=\"og:url\" content=\"https:\/\/esbozodeportivo.com\/index.php\/2024\/11\/23\/clinicas-de-leonardo-lavalle-en-el-club-irlandes-de-raqueta\/\" \/>\n<meta property=\"og:site_name\" content=\"Esbozo Deportivo\" \/>\n<meta property=\"article:published_time\" content=\"2024-11-23T04:44:02+00:00\" \/>\n<meta property=\"article:modified_time\" content=\"2024-11-23T04:44:03+00:00\" \/>\n<meta property=\"og:image\" content=\"https:\/\/esbozodeportivo.com\/wp-content\/uploads\/2024\/11\/Leo-Lavalle.jpg\" \/>\n\t<meta property=\"og:image:width\" content=\"690\" \/>\n\t<meta property=\"og:image:height\" content=\"389\" \/>\n\t<meta property=\"og:image:type\" content=\"image\/jpeg\" \/>\n<meta name=\"author\" content=\"Javier De La Cruz\" \/>\n<meta name=\"twitter:card\" content=\"summary_large_image\" \/>\n<meta name=\"twitter:label1\" content=\"Escrito por\" \/>\n\t<meta name=\"twitter:data1\" content=\"Javier De La Cruz\" \/>\n\t<meta name=\"twitter:label2\" content=\"Tiempo de lectura\" \/>\n\t<meta name=\"twitter:data2\" content=\"4 minutos\" \/>\n<script type=\"application\/ld+json\" class=\"yoast-schema-graph\">{\"@context\":\"https:\/\/schema.org\",\"@graph\":[{\"@type\":\"Article\",\"@id\":\"https:\/\/esbozodeportivo.com\/index.php\/2024\/11\/23\/clinicas-de-leonardo-lavalle-en-el-club-irlandes-de-raqueta\/#article\",\"isPartOf\":{\"@id\":\"https:\/\/esbozodeportivo.com\/index.php\/2024\/11\/23\/clinicas-de-leonardo-lavalle-en-el-club-irlandes-de-raqueta\/\"},\"author\":{\"name\":\"Javier De La Cruz\",\"@id\":\"https:\/\/esbozodeportivo.com\/#\/schema\/person\/7277119c98823aec37bbb84e125efd44\"},\"headline\":\"Cl\u00ednicas de Leonardo Lavalle en el Club Irland\u00e9s de Raqueta\",\"datePublished\":\"2024-11-23T04:44:02+00:00\",\"dateModified\":\"2024-11-23T04:44:03+00:00\",\"mainEntityOfPage\":{\"@id\":\"https:\/\/esbozodeportivo.com\/index.php\/2024\/11\/23\/clinicas-de-leonardo-lavalle-en-el-club-irlandes-de-raqueta\/\"},\"wordCount\":662,\"publisher\":{\"@id\":\"https:\/\/esbozodeportivo.com\/#organization\"},\"image\":{\"@id\":\"https:\/\/esbozodeportivo.com\/index.php\/2024\/11\/23\/clinicas-de-leonardo-lavalle-en-el-club-irlandes-de-raqueta\/#primaryimage\"},\"thumbnailUrl\":\"https:\/\/esbozodeportivo.com\/wp-content\/uploads\/2024\/11\/Leo-Lavalle.jpg\",\"articleSection\":[\"Tenis Mexicano\"],\"inLanguage\":\"es\"},{\"@type\":\"WebPage\",\"@id\":\"https:\/\/esbozodeportivo.com\/index.php\/2024\/11\/23\/clinicas-de-leonardo-lavalle-en-el-club-irlandes-de-raqueta\/\",\"url\":\"https:\/\/esbozodeportivo.com\/index.php\/2024\/11\/23\/clinicas-de-leonardo-lavalle-en-el-club-irlandes-de-raqueta\/\",\"name\":\"Cl\u00ednicas de Leonardo Lavalle en el Club Irland\u00e9s de Raqueta - Esbozo Deportivo\",\"isPartOf\":{\"@id\":\"https:\/\/esbozodeportivo.com\/#website\"},\"primaryImageOfPage\":{\"@id\":\"https:\/\/esbozodeportivo.com\/index.php\/2024\/11\/23\/clinicas-de-leonardo-lavalle-en-el-club-irlandes-de-raqueta\/#primaryimage\"},\"image\":{\"@id\":\"https:\/\/esbozodeportivo.com\/index.php\/2024\/11\/23\/clinicas-de-leonardo-lavalle-en-el-club-irlandes-de-raqueta\/#primaryimage\"},\"thumbnailUrl\":\"https:\/\/esbozodeportivo.com\/wp-content\/uploads\/2024\/11\/Leo-Lavalle.jpg\",\"datePublished\":\"2024-11-23T04:44:02+00:00\",\"dateModified\":\"2024-11-23T04:44:03+00:00\",\"description\":\"En el marco del XXIX Campeonato Nacional de Primera Fuerza de Tenis Varonil AMTP-Puntabrasas presentado por Caliente, que se realizar\u00e1 del 2 al 8 de diciembre en el prestigiado Club Irland\u00e9s de Raqueta, con bolsa de UN MILL\u00d3N DE PESOS, este fin de semana, s\u00e1bado 23 y domingo 24 de noviembre, se contar\u00e1 con la participaci\u00f3n del extenista profesional, excapit\u00e1n Copa Davis y comentarista, Leonardo Lavalle.\",\"breadcrumb\":{\"@id\":\"https:\/\/esbozodeportivo.com\/index.php\/2024\/11\/23\/clinicas-de-leonardo-lavalle-en-el-club-irlandes-de-raqueta\/#breadcrumb\"},\"inLanguage\":\"es\",\"potentialAction\":[{\"@type\":\"ReadAction\",\"target\":[\"https:\/\/esbozodeportivo.com\/index.php\/2024\/11\/23\/clinicas-de-leonardo-lavalle-en-el-club-irlandes-de-raqueta\/\"]}]},{\"@type\":\"ImageObject\",\"inLanguage\":\"es\",\"@id\":\"https:\/\/esbozodeportivo.com\/index.php\/2024\/11\/23\/clinicas-de-leonardo-lavalle-en-el-club-irlandes-de-raqueta\/#primaryimage\",\"url\":\"https:\/\/esbozodeportivo.com\/wp-content\/uploads\/2024\/11\/Leo-Lavalle.jpg\",\"contentUrl\":\"https:\/\/esbozodeportivo.com\/wp-content\/uploads\/2024\/11\/Leo-Lavalle.jpg\",\"width\":690,\"height\":389},{\"@type\":\"BreadcrumbList\",\"@id\":\"https:\/\/esbozodeportivo.com\/index.php\/2024\/11\/23\/clinicas-de-leonardo-lavalle-en-el-club-irlandes-de-raqueta\/#breadcrumb\",\"itemListElement\":[{\"@type\":\"ListItem\",\"position\":1,\"name\":\"Inicio\",\"item\":\"https:\/\/esbozodeportivo.com\/\"},{\"@type\":\"ListItem\",\"position\":2,\"name\":\"Cl\u00ednicas de Leonardo Lavalle en el Club Irland\u00e9s de Raqueta\"}]},{\"@type\":\"WebSite\",\"@id\":\"https:\/\/esbozodeportivo.com\/#website\",\"url\":\"https:\/\/esbozodeportivo.com\/\",\"name\":\"Esbozo Deportivo\",\"description\":\"Lo m\u00e1s importante del Deporte\",\"publisher\":{\"@id\":\"https:\/\/esbozodeportivo.com\/#organization\"},\"potentialAction\":[{\"@type\":\"SearchAction\",\"target\":{\"@type\":\"EntryPoint\",\"urlTemplate\":\"https:\/\/esbozodeportivo.com\/?s={search_term_string}\"},\"query-input\":{\"@type\":\"PropertyValueSpecification\",\"valueRequired\":true,\"valueName\":\"search_term_string\"}}],\"inLanguage\":\"es\"},{\"@type\":\"Organization\",\"@id\":\"https:\/\/esbozodeportivo.com\/#organization\",\"name\":\"Esbozo Deportivo\",\"url\":\"https:\/\/esbozodeportivo.com\/\",\"logo\":{\"@type\":\"ImageObject\",\"inLanguage\":\"es\",\"@id\":\"https:\/\/esbozodeportivo.com\/#\/schema\/logo\/image\/\",\"url\":\"https:\/\/esbozodeportivo.com\/wp-content\/uploads\/2022\/08\/cropped-Logo-Esbozo-Web-2.png\",\"contentUrl\":\"https:\/\/esbozodeportivo.com\/wp-content\/uploads\/2022\/08\/cropped-Logo-Esbozo-Web-2.png\",\"width\":180,\"height\":50,\"caption\":\"Esbozo Deportivo\"},\"image\":{\"@id\":\"https:\/\/esbozodeportivo.com\/#\/schema\/logo\/image\/\"}},{\"@type\":\"Person\",\"@id\":\"https:\/\/esbozodeportivo.com\/#\/schema\/person\/7277119c98823aec37bbb84e125efd44\",\"name\":\"Javier De La Cruz\",\"image\":{\"@type\":\"ImageObject\",\"inLanguage\":\"es\",\"@id\":\"https:\/\/esbozodeportivo.com\/#\/schema\/person\/image\/\",\"url\":\"https:\/\/secure.gravatar.com\/avatar\/366235a56d20f1a6e8e3d0b295897639357bea880470ddf261d17bb0bc052eb1?s=96&d=mm&r=g\",\"contentUrl\":\"https:\/\/secure.gravatar.com\/avatar\/366235a56d20f1a6e8e3d0b295897639357bea880470ddf261d17bb0bc052eb1?s=96&d=mm&r=g\",\"caption\":\"Javier De La Cruz\"},\"url\":\"https:\/\/esbozodeportivo.com\/index.php\/author\/javier-de-la-cruz-de-la-cruz\/\"}]}<\/script>\n<!-- \/ Yoast SEO plugin. -->","yoast_head_json":{"title":"Cl\u00ednicas de Leonardo Lavalle en el Club Irland\u00e9s de Raqueta - Esbozo Deportivo","description":"En el marco del XXIX Campeonato Nacional de Primera Fuerza de Tenis Varonil AMTP-Puntabrasas presentado por Caliente, que se realizar\u00e1 del 2 al 8 de diciembre en el prestigiado Club Irland\u00e9s de Raqueta, con bolsa de UN MILL\u00d3N DE PESOS, este fin de semana, s\u00e1bado 23 y domingo 24 de noviembre, se contar\u00e1 con la participaci\u00f3n del extenista profesional, excapit\u00e1n Copa Davis y comentarista, Leonardo Lavalle.","robots":{"index":"index","follow":"follow","max-snippet":"max-snippet:-1","max-image-preview":"max-image-preview:large","max-video-preview":"max-video-preview:-1"},"canonical":"https:\/\/esbozodeportivo.com\/index.php\/2024\/11\/23\/clinicas-de-leonardo-lavalle-en-el-club-irlandes-de-raqueta\/","og_locale":"es_MX","og_type":"article","og_title":"Cl\u00ednicas de Leonardo Lavalle en el Club Irland\u00e9s de Raqueta - Esbozo Deportivo","og_description":"En el marco del XXIX Campeonato Nacional de Primera Fuerza de Tenis Varonil AMTP-Puntabrasas presentado por Caliente, que se realizar\u00e1 del 2 al 8 de diciembre en el prestigiado Club Irland\u00e9s de Raqueta, con bolsa de UN MILL\u00d3N DE PESOS, este fin de semana, s\u00e1bado 23 y domingo 24 de noviembre, se contar\u00e1 con la participaci\u00f3n del extenista profesional, excapit\u00e1n Copa Davis y comentarista, Leonardo Lavalle.","og_url":"https:\/\/esbozodeportivo.com\/index.php\/2024\/11\/23\/clinicas-de-leonardo-lavalle-en-el-club-irlandes-de-raqueta\/","og_site_name":"Esbozo Deportivo","article_published_time":"2024-11-23T04:44:02+00:00","article_modified_time":"2024-11-23T04:44:03+00:00","og_image":[{"width":690,"height":389,"url":"https:\/\/esbozodeportivo.com\/wp-content\/uploads\/2024\/11\/Leo-Lavalle.jpg","type":"image\/jpeg"}],"author":"Javier De La Cruz","twitter_card":"summary_large_image","twitter_misc":{"Escrito por":"Javier De La Cruz","Tiempo de lectura":"4 minutos"},"schema":{"@context":"https:\/\/schema.org","@graph":[{"@type":"Article","@id":"https:\/\/esbozodeportivo.com\/index.php\/2024\/11\/23\/clinicas-de-leonardo-lavalle-en-el-club-irlandes-de-raqueta\/#article","isPartOf":{"@id":"https:\/\/esbozodeportivo.com\/index.php\/2024\/11\/23\/clinicas-de-leonardo-lavalle-en-el-club-irlandes-de-raqueta\/"},"author":{"name":"Javier De La Cruz","@id":"https:\/\/esbozodeportivo.com\/#\/schema\/person\/7277119c98823aec37bbb84e125efd44"},"headline":"Cl\u00ednicas de Leonardo Lavalle en el Club Irland\u00e9s de Raqueta","datePublished":"2024-11-23T04:44:02+00:00","dateModified":"2024-11-23T04:44:03+00:00","mainEntityOfPage":{"@id":"https:\/\/esbozodeportivo.com\/index.php\/2024\/11\/23\/clinicas-de-leonardo-lavalle-en-el-club-irlandes-de-raqueta\/"},"wordCount":662,"publisher":{"@id":"https:\/\/esbozodeportivo.com\/#organization"},"image":{"@id":"https:\/\/esbozodeportivo.com\/index.php\/2024\/11\/23\/clinicas-de-leonardo-lavalle-en-el-club-irlandes-de-raqueta\/#primaryimage"},"thumbnailUrl":"https:\/\/esbozodeportivo.com\/wp-content\/uploads\/2024\/11\/Leo-Lavalle.jpg","articleSection":["Tenis Mexicano"],"inLanguage":"es"},{"@type":"WebPage","@id":"https:\/\/esbozodeportivo.com\/index.php\/2024\/11\/23\/clinicas-de-leonardo-lavalle-en-el-club-irlandes-de-raqueta\/","url":"https:\/\/esbozodeportivo.com\/index.php\/2024\/11\/23\/clinicas-de-leonardo-lavalle-en-el-club-irlandes-de-raqueta\/","name":"Cl\u00ednicas de Leonardo Lavalle en el Club Irland\u00e9s de Raqueta - Esbozo Deportivo","isPartOf":{"@id":"https:\/\/esbozodeportivo.com\/#website"},"primaryImageOfPage":{"@id":"https:\/\/esbozodeportivo.com\/index.php\/2024\/11\/23\/clinicas-de-leonardo-lavalle-en-el-club-irlandes-de-raqueta\/#primaryimage"},"image":{"@id":"https:\/\/esbozodeportivo.com\/index.php\/2024\/11\/23\/clinicas-de-leonardo-lavalle-en-el-club-irlandes-de-raqueta\/#primaryimage"},"thumbnailUrl":"https:\/\/esbozodeportivo.com\/wp-content\/uploads\/2024\/11\/Leo-Lavalle.jpg","datePublished":"2024-11-23T04:44:02+00:00","dateModified":"2024-11-23T04:44:03+00:00","description":"En el marco del XXIX Campeonato Nacional de Primera Fuerza de Tenis Varonil AMTP-Puntabrasas presentado por Caliente, que se realizar\u00e1 del 2 al 8 de diciembre en el prestigiado Club Irland\u00e9s de Raqueta, con bolsa de UN MILL\u00d3N DE PESOS, este fin de semana, s\u00e1bado 23 y domingo 24 de noviembre, se contar\u00e1 con la participaci\u00f3n del extenista profesional, excapit\u00e1n Copa Davis y comentarista, Leonardo Lavalle.","breadcrumb":{"@id":"https:\/\/esbozodeportivo.com\/index.php\/2024\/11\/23\/clinicas-de-leonardo-lavalle-en-el-club-irlandes-de-raqueta\/#breadcrumb"},"inLanguage":"es","potentialAction":[{"@type":"ReadAction","target":["https:\/\/esbozodeportivo.com\/index.php\/2024\/11\/23\/clinicas-de-leonardo-lavalle-en-el-club-irlandes-de-raqueta\/"]}]},{"@type":"ImageObject","inLanguage":"es","@id":"https:\/\/esbozodeportivo.com\/index.php\/2024\/11\/23\/clinicas-de-leonardo-lavalle-en-el-club-irlandes-de-raqueta\/#primaryimage","url":"https:\/\/esbozodeportivo.com\/wp-content\/uploads\/2024\/11\/Leo-Lavalle.jpg","contentUrl":"https:\/\/esbozodeportivo.com\/wp-content\/uploads\/2024\/11\/Leo-Lavalle.jpg","width":690,"height":389},{"@type":"BreadcrumbList","@id":"https:\/\/esbozodeportivo.com\/index.php\/2024\/11\/23\/clinicas-de-leonardo-lavalle-en-el-club-irlandes-de-raqueta\/#breadcrumb","itemListElement":[{"@type":"ListItem","position":1,"name":"Inicio","item":"https:\/\/esbozodeportivo.com\/"},{"@type":"ListItem","position":2,"name":"Cl\u00ednicas de Leonardo Lavalle en el Club Irland\u00e9s de Raqueta"}]},{"@type":"WebSite","@id":"https:\/\/esbozodeportivo.com\/#website","url":"https:\/\/esbozodeportivo.com\/","name":"Esbozo Deportivo","description":"Lo m\u00e1s importante del Deporte","publisher":{"@id":"https:\/\/esbozodeportivo.com\/#organization"},"potentialAction":[{"@type":"SearchAction","target":{"@type":"EntryPoint","urlTemplate":"https:\/\/esbozodeportivo.com\/?s={search_term_string}"},"query-input":{"@type":"PropertyValueSpecification","valueRequired":true,"valueName":"search_term_string"}}],"inLanguage":"es"},{"@type":"Organization","@id":"https:\/\/esbozodeportivo.com\/#organization","name":"Esbozo Deportivo","url":"https:\/\/esbozodeportivo.com\/","logo":{"@type":"ImageObject","inLanguage":"es","@id":"https:\/\/esbozodeportivo.com\/#\/schema\/logo\/image\/","url":"https:\/\/esbozodeportivo.com\/wp-content\/uploads\/2022\/08\/cropped-Logo-Esbozo-Web-2.png","contentUrl":"https:\/\/esbozodeportivo.com\/wp-content\/uploads\/2022\/08\/cropped-Logo-Esbozo-Web-2.png","width":180,"height":50,"caption":"Esbozo Deportivo"},"image":{"@id":"https:\/\/esbozodeportivo.com\/#\/schema\/logo\/image\/"}},{"@type":"Person","@id":"https:\/\/esbozodeportivo.com\/#\/schema\/person\/7277119c98823aec37bbb84e125efd44","name":"Javier De La Cruz","image":{"@type":"ImageObject","inLanguage":"es","@id":"https:\/\/esbozodeportivo.com\/#\/schema\/person\/image\/","url":"https:\/\/secure.gravatar.com\/avatar\/366235a56d20f1a6e8e3d0b295897639357bea880470ddf261d17bb0bc052eb1?s=96&d=mm&r=g","contentUrl":"https:\/\/secure.gravatar.com\/avatar\/366235a56d20f1a6e8e3d0b295897639357bea880470ddf261d17bb0bc052eb1?s=96&d=mm&r=g","caption":"Javier De La Cruz"},"url":"https:\/\/esbozodeportivo.com\/index.php\/author\/javier-de-la-cruz-de-la-cruz\/"}]}},"jetpack_featured_media_url":"https:\/\/esbozodeportivo.com\/wp-content\/uploads\/2024\/11\/Leo-Lavalle.jpg","jetpack_sharing_enabled":true,"_links":{"self":[{"href":"https:\/\/esbozodeportivo.com\/index.php\/wp-json\/wp\/v2\/posts\/4853","targetHints":{"allow":["GET"]}}],"collection":[{"href":"https:\/\/esbozodeportivo.com\/index.php\/wp-json\/wp\/v2\/posts"}],"about":[{"href":"https:\/\/esbozodeportivo.com\/index.php\/wp-json\/wp\/v2\/types\/post"}],"author":[{"embeddable":true,"href":"https:\/\/esbozodeportivo.com\/index.php\/wp-json\/wp\/v2\/users\/2"}],"replies":[{"embeddable":true,"href":"https:\/\/esbozodeportivo.com\/index.php\/wp-json\/wp\/v2\/comments?post=4853"}],"version-history":[{"count":1,"href":"https:\/\/esbozodeportivo.com\/index.php\/wp-json\/wp\/v2\/posts\/4853\/revisions"}],"predecessor-version":[{"id":4855,"href":"https:\/\/esbozodeportivo.com\/index.php\/wp-json\/wp\/v2\/posts\/4853\/revisions\/4855"}],"wp:featuredmedia":[{"embeddable":true,"href":"https:\/\/esbozodeportivo.com\/index.php\/wp-json\/wp\/v2\/media\/4854"}],"wp:attachment":[{"href":"https:\/\/esbozodeportivo.com\/index.php\/wp-json\/wp\/v2\/media?parent=4853"}],"wp:term":[{"taxonomy":"category","embeddable":true,"href":"https:\/\/esbozodeportivo.com\/index.php\/wp-json\/wp\/v2\/categories?post=4853"},{"taxonomy":"post_tag","embeddable":true,"href":"https:\/\/esbozodeportivo.com\/index.php\/wp-json\/wp\/v2\/tags?post=4853"}],"curies":[{"name":"wp","href":"https:\/\/api.w.org\/{rel}","templated":true}]}}