{"id":4879,"date":"2024-11-27T01:56:50","date_gmt":"2024-11-27T01:56:50","guid":{"rendered":"https:\/\/esbozodeportivo.com\/?p=4879"},"modified":"2024-11-27T01:56:51","modified_gmt":"2024-11-27T01:56:51","slug":"el-xxix-campeonato-nacional-de-primera-fuerza-de-tenis-varonil-2024-del-2-al-8-de-diciembre","status":"publish","type":"post","link":"https:\/\/esbozodeportivo.com\/index.php\/2024\/11\/27\/el-xxix-campeonato-nacional-de-primera-fuerza-de-tenis-varonil-2024-del-2-al-8-de-diciembre\/","title":{"rendered":"El XXIX Campeonato Nacional de Primera Fuerza de Tenis Varonil 2024, del 2 al 8 de diciembre"},"content":{"rendered":"\n<p>(Foto: esbozodeportivo.com)<\/p>\n\n\n\n<ul class=\"wp-block-list\">\n<li><strong>Se realizar\u00e1 en el Club Irland\u00e9s de Raqueta, con bolsa de UN MILL\u00d2N DE PESOS<\/strong><\/li>\n<\/ul>\n\n\n\n<p>Todo est\u00e1 listo en el <a href=\"https:\/\/clubirlandes.mx\/\">Club Irland\u00e9s de Raqueta<\/a> para la realizaci\u00f3n del <strong>XXIX Campeonato Nacional de Primera Fuerza de Tenis Varoni<\/strong>l que, con bolsa de <strong>UN MILL\u00d3N DE PESOS<\/strong>, se disputar\u00e1 en ese prestigiado club ubicado en Huixquilucan, Estado de M\u00e9xico, del 2 al 8 de diciembre.<\/p>\n\n\n\n<p>Las mejores raquetas de M\u00e9xico, incluidos el actual campe\u00f3n, el guerrerense <strong>Juan Alejandro Hern\u00e1ndez<\/strong>, el subcampe\u00f3n <strong>Gerardo L\u00f3pez Villase\u00f1or<\/strong>, el qu\u00edntuple campe\u00f3n nacional <strong>Manuel S\u00e1nchez Montemayor<\/strong>, el bajacaliforniano <strong>Lucas G\u00f3mez<\/strong>, los jaliscienses <strong>Eduardo Orozco<\/strong> y <strong>Rodrigo Alujas<\/strong>, adem\u00e1s de grandes jugadores como <strong>Alfredo Moreno<\/strong> y <strong>Diego Eloy M\u00e9ndez<\/strong>, ser\u00e1n protagonistas de esta magna competencia que por segundo a\u00f1o consecutivo tendr\u00e1 una bolsa de un mill\u00f3n de pesos, que ratifica que es el torne de mayor trascendencia en nuestro pa\u00eds.<\/p>\n\n\n\n<p>Ha sido una labor extenuante del consejo de administraci\u00f3n del <strong>Club Irland\u00e9s de Raqueta<\/strong>, que preside <strong>Octavio Villa<\/strong>, quien ha conseguido reunir a un extraordinario equipo y que han colocado a este club a la vanguardia del tenis nacional e internacional, y por lo pronto, ser\u00e1 sede de una competencia donde participar\u00e1n las mejores raquetas nacionales y el club se cimbrar\u00e1 con la calidad de los contendientes.<\/p>\n\n\n\n<figure class=\"wp-block-image size-large\"><img loading=\"lazy\" decoding=\"async\" width=\"1024\" height=\"575\" src=\"https:\/\/esbozodeportivo.com\/wp-content\/uploads\/2024\/11\/Conferencia-Tenis4--1024x575.jpeg\" alt=\"\" class=\"wp-image-4884\" srcset=\"https:\/\/esbozodeportivo.com\/wp-content\/uploads\/2024\/11\/Conferencia-Tenis4--1024x575.jpeg 1024w, https:\/\/esbozodeportivo.com\/wp-content\/uploads\/2024\/11\/Conferencia-Tenis4--300x168.jpeg 300w, https:\/\/esbozodeportivo.com\/wp-content\/uploads\/2024\/11\/Conferencia-Tenis4--768x431.jpeg 768w, https:\/\/esbozodeportivo.com\/wp-content\/uploads\/2024\/11\/Conferencia-Tenis4--1536x863.jpeg 1536w, https:\/\/esbozodeportivo.com\/wp-content\/uploads\/2024\/11\/Conferencia-Tenis4--2048x1150.jpeg 2048w\" sizes=\"auto, (max-width: 1024px) 100vw, 1024px\" \/><\/figure>\n\n\n\n<p>(Foto: esbozodeportivo.com)<\/p>\n\n\n\n<p>El licenciado <strong>Javier Gait\u00e1n<\/strong>, presidente de la <a href=\"https:\/\/amtp.mx\/\">AMTP<\/a> (Asociaci\u00f3n Mexicana de Tenistas Profesionales), ha sido un factor decisivo para el impulso de esta competencia desde hace m\u00e1s de 30 a\u00f1os, pues, desde entonces, esta asociaci\u00f3n acogi\u00f3 al <strong>Campeonato Nacional de Primera Fuerza <\/strong>y lo ha llevado a grandes alturas. Este 2024 no ser\u00e1 la excepci\u00f3n y se ver\u00e1, en sus preciosas canchas, a las mejores raquetas nacionales.<\/p>\n\n\n\n<p>Sin duda, la participaci\u00f3n de los patrocinadores especiales, <a href=\"https:\/\/www.tripadvisor.com.mx\/Restaurant_Review-g150800-d3704489-Reviews-Punta_Brasas-Mexico_City_Central_Mexico_and_Gulf_Coast.html\">PuntaBrasas,<\/a> que preside <strong>Francisco Mu\u00f1oz<\/strong>, empresario y tenista quien siempre aporta para construir en el tenis mexicano y <a href=\"https:\/\/www.caliente.mx\/?gclsrc=aw.ds\">Caliente<\/a>, empresa que impulsa a los grandes eventos deportivos, siempre a la vanguardia del deporte mexicano. Sin ellos ser\u00eda imposible marcar este parteaguas en la realizaci\u00f3n de torneos en el pa\u00eds.<\/p>\n\n\n\n<p>Por lo pronto, se inform\u00f3 que el draw principal ser\u00e1 de 64 jugadores, pero en breve se dar\u00e1n a conocer m\u00e1s detalles de la convocatoria, facilidades para los jugadores, p\u00fablico y patrocinadores.<\/p>\n\n\n\n<figure class=\"wp-block-image size-large\"><img loading=\"lazy\" decoding=\"async\" width=\"1024\" height=\"575\" src=\"https:\/\/esbozodeportivo.com\/wp-content\/uploads\/2024\/11\/Conferencia-Tenis2--1024x575.jpeg\" alt=\"\" class=\"wp-image-4882\" srcset=\"https:\/\/esbozodeportivo.com\/wp-content\/uploads\/2024\/11\/Conferencia-Tenis2--1024x575.jpeg 1024w, https:\/\/esbozodeportivo.com\/wp-content\/uploads\/2024\/11\/Conferencia-Tenis2--300x168.jpeg 300w, https:\/\/esbozodeportivo.com\/wp-content\/uploads\/2024\/11\/Conferencia-Tenis2--768x431.jpeg 768w, https:\/\/esbozodeportivo.com\/wp-content\/uploads\/2024\/11\/Conferencia-Tenis2--1536x863.jpeg 1536w, https:\/\/esbozodeportivo.com\/wp-content\/uploads\/2024\/11\/Conferencia-Tenis2--2048x1150.jpeg 2048w\" sizes=\"auto, (max-width: 1024px) 100vw, 1024px\" \/><\/figure>\n\n\n\n<p>(Foto: esbozodeportivo.com)<\/p>\n\n\n\n<p><strong>CUNA DE LOS GRANDES<\/strong><\/p>\n\n\n\n<p>Entre los campeones nacionales, a lo largo de la historia, podemos mencionar a personajes como <strong>Joaqu\u00edn Loyo Mayo<\/strong>, quien lo conquist\u00f3 por m\u00e1s de 10 a\u00f1os, no obstante, la \u00e9poca reciente del <strong>Campeonato Nacional<\/strong> cobr\u00f3 una nueva intensidad a partir de que lo tom\u00f3 la <strong>AMTP<\/strong> en 1994. Desde entonces, casi todos los campeones nacionales lograron ser tambi\u00e9n parte del equipo mexicano de <strong>Copa Davis<\/strong>.<\/p>\n\n\n\n<p>La historia comenz\u00f3 en 1994 con <strong>Agust\u00edn Moreno<\/strong> y luego con <strong>Leonardo Lavalle<\/strong>. El primer tricampe\u00f3n nacional fue el mexiquense <strong>Marco Aurelio Osorio Salinas<\/strong>, quien logr\u00f3 sendas coronas en 1996, 1997 y 1999. Sigui\u00f3 <strong>Miguel Gallardo Valles<\/strong> en 2002, 2005 y 2007.<\/p>\n\n\n\n<figure class=\"wp-block-image size-large\"><img loading=\"lazy\" decoding=\"async\" width=\"1024\" height=\"575\" src=\"https:\/\/esbozodeportivo.com\/wp-content\/uploads\/2024\/11\/Conferencia-Tenis1--1024x575.jpeg\" alt=\"\" class=\"wp-image-4881\" srcset=\"https:\/\/esbozodeportivo.com\/wp-content\/uploads\/2024\/11\/Conferencia-Tenis1--1024x575.jpeg 1024w, https:\/\/esbozodeportivo.com\/wp-content\/uploads\/2024\/11\/Conferencia-Tenis1--300x168.jpeg 300w, https:\/\/esbozodeportivo.com\/wp-content\/uploads\/2024\/11\/Conferencia-Tenis1--768x431.jpeg 768w, https:\/\/esbozodeportivo.com\/wp-content\/uploads\/2024\/11\/Conferencia-Tenis1--1536x863.jpeg 1536w, https:\/\/esbozodeportivo.com\/wp-content\/uploads\/2024\/11\/Conferencia-Tenis1--2048x1150.jpeg 2048w\" sizes=\"auto, (max-width: 1024px) 100vw, 1024px\" \/><\/figure>\n\n\n\n<p>(Foto: esbozodeportivo.com)<\/p>\n\n\n\n<p>Nuestra mejor representaci\u00f3n en la rama varonil en nuestros d\u00edas, el veracruzano <strong>Santiago Gonz\u00e1lez<\/strong>, se hizo del t\u00edtulo en 2004 y 2008. Despu\u00e9s, llegaron dos jugadores de renombre que alcanzaron el tricampeonato de manera consecutiva: <strong>C\u00e9sar \u201cTibur\u00f3n\u201d Ram\u00edrez<\/strong> que lo hizo en 2009, 2010 y 2011 y le sucedi\u00f3 el jalisciense <strong>Miguel \u00c1ngel Reyes Varela<\/strong> en 2012, 2013 y 2014.<\/p>\n\n\n\n<p>El \u00fanico pentacampeonato lo tiene el potosino <strong>Manuel S\u00e1nchez<\/strong>, quien lo conquist\u00f3 en 2015, 2016, 2017, 2018 y en 2022. Mientras que el reciente campe\u00f3n, el acapulque\u00f1o Juan Alejandro Hern\u00e1ndez, se llev\u00f3 el t\u00edtulo en el 2023 con un premio de 350,000 pesos que le dieron la oportunidad de regresar al ranking <strong>ATP<\/strong> y estar hoy como la tercera mejor raqueta de nuestro pa\u00eds e integrar el equipo mexicano de <strong>Copa Davis<\/strong>.<\/p>\n\n\n\n<figure class=\"wp-block-image size-large\"><img loading=\"lazy\" decoding=\"async\" width=\"1024\" height=\"575\" src=\"https:\/\/esbozodeportivo.com\/wp-content\/uploads\/2024\/11\/Conferencia-Tenis3--1024x575.jpeg\" alt=\"\" class=\"wp-image-4883\" srcset=\"https:\/\/esbozodeportivo.com\/wp-content\/uploads\/2024\/11\/Conferencia-Tenis3--1024x575.jpeg 1024w, https:\/\/esbozodeportivo.com\/wp-content\/uploads\/2024\/11\/Conferencia-Tenis3--300x168.jpeg 300w, https:\/\/esbozodeportivo.com\/wp-content\/uploads\/2024\/11\/Conferencia-Tenis3--768x431.jpeg 768w, https:\/\/esbozodeportivo.com\/wp-content\/uploads\/2024\/11\/Conferencia-Tenis3--1536x863.jpeg 1536w, https:\/\/esbozodeportivo.com\/wp-content\/uploads\/2024\/11\/Conferencia-Tenis3--2048x1150.jpeg 2048w\" sizes=\"auto, (max-width: 1024px) 100vw, 1024px\" \/><\/figure>\n\n\n\n<p>(Foto: esbozodeportivo.com) <\/p>\n\n\n\n<p><strong>CAMPEONES NACIONALES DESDE 1994:<\/strong><\/p>\n\n\n\n<p><strong>A\u00d1O&nbsp;&nbsp;&nbsp;&nbsp;&nbsp;&nbsp;&nbsp;&nbsp;&nbsp;&nbsp;&nbsp;&nbsp;&nbsp;&nbsp; CAMPE\u00d3N<\/strong><\/p>\n\n\n\n<p>1994&nbsp;&nbsp;&nbsp;&nbsp;&nbsp;&nbsp;&nbsp;&nbsp;&nbsp;&nbsp;&nbsp;&nbsp;&nbsp;&nbsp;&nbsp; Agust\u00edn Moreno<\/p>\n\n\n\n<p>1995&nbsp;&nbsp;&nbsp;&nbsp;&nbsp;&nbsp;&nbsp;&nbsp;&nbsp;&nbsp;&nbsp;&nbsp;&nbsp;&nbsp;&nbsp; Leonardo Lavalle<\/p>\n\n\n\n<p>1996&nbsp;&nbsp;&nbsp;&nbsp;&nbsp;&nbsp;&nbsp;&nbsp;&nbsp;&nbsp;&nbsp;&nbsp;&nbsp;&nbsp;&nbsp; Marco Osorio<\/p>\n\n\n\n<p>1997&nbsp;&nbsp;&nbsp;&nbsp;&nbsp;&nbsp;&nbsp;&nbsp;&nbsp;&nbsp;&nbsp;&nbsp;&nbsp;&nbsp;&nbsp; Marco Osorio<\/p>\n\n\n\n<p>1998&nbsp;&nbsp;&nbsp;&nbsp;&nbsp;&nbsp;&nbsp;&nbsp;&nbsp;&nbsp;&nbsp;&nbsp;&nbsp;&nbsp;&nbsp; Mariano S\u00e1nchez<\/p>\n\n\n\n<p>1999&nbsp;&nbsp;&nbsp;&nbsp;&nbsp;&nbsp;&nbsp;&nbsp;&nbsp;&nbsp;&nbsp;&nbsp;&nbsp;&nbsp;&nbsp; Marco Osorio<\/p>\n\n\n\n<p>2000&nbsp;&nbsp;&nbsp;&nbsp;&nbsp;&nbsp;&nbsp;&nbsp;&nbsp;&nbsp;&nbsp;&nbsp;&nbsp;&nbsp;&nbsp; Marcelo Amador<\/p>\n\n\n\n<p>2001&nbsp;&nbsp;&nbsp;&nbsp;&nbsp;&nbsp;&nbsp;&nbsp;&nbsp;&nbsp;&nbsp;&nbsp;&nbsp;&nbsp;&nbsp; Alejandro Hern\u00e1ndez Juli\u00e1<\/p>\n\n\n\n<p>2002&nbsp;&nbsp;&nbsp;&nbsp;&nbsp;&nbsp;&nbsp;&nbsp;&nbsp;&nbsp;&nbsp;&nbsp;&nbsp;&nbsp;&nbsp; Miguel Gallardo<\/p>\n\n\n\n<p>2003&nbsp;&nbsp;&nbsp;&nbsp;&nbsp;&nbsp;&nbsp;&nbsp;&nbsp;&nbsp;&nbsp;&nbsp;&nbsp;&nbsp;&nbsp; Bruno Echagaray<\/p>\n\n\n\n<p>2004&nbsp;&nbsp;&nbsp;&nbsp;&nbsp;&nbsp;&nbsp;&nbsp;&nbsp;&nbsp;&nbsp;&nbsp;&nbsp;&nbsp;&nbsp; Santiago Gonz\u00e1lez<\/p>\n\n\n\n<p>2005&nbsp;&nbsp;&nbsp;&nbsp;&nbsp;&nbsp;&nbsp;&nbsp;&nbsp;&nbsp;&nbsp;&nbsp;&nbsp;&nbsp;&nbsp; Miguel Gallardo<\/p>\n\n\n\n<p>2006&nbsp;&nbsp;&nbsp;&nbsp;&nbsp;&nbsp;&nbsp;&nbsp;&nbsp;&nbsp;&nbsp;&nbsp;&nbsp;&nbsp;&nbsp; Antonio Ruiz<\/p>\n\n\n\n<p>2007&nbsp;&nbsp;&nbsp;&nbsp;&nbsp;&nbsp;&nbsp;&nbsp;&nbsp;&nbsp;&nbsp;&nbsp;&nbsp;&nbsp;&nbsp; Miguel Gallardo<\/p>\n\n\n\n<p>2008&nbsp;&nbsp;&nbsp;&nbsp;&nbsp;&nbsp;&nbsp;&nbsp;&nbsp;&nbsp;&nbsp;&nbsp;&nbsp;&nbsp;&nbsp; Santiago Gonz\u00e1lez<\/p>\n\n\n\n<p>2009&nbsp;&nbsp;&nbsp;&nbsp;&nbsp;&nbsp;&nbsp;&nbsp;&nbsp;&nbsp;&nbsp;&nbsp;&nbsp;&nbsp;&nbsp; C\u00e9sar Ram\u00edrez<\/p>\n\n\n\n<p>2010&nbsp;&nbsp;&nbsp;&nbsp;&nbsp;&nbsp;&nbsp;&nbsp;&nbsp;&nbsp;&nbsp;&nbsp;&nbsp;&nbsp;&nbsp; C\u00e9sar Ram\u00edrez<\/p>\n\n\n\n<p>2011&nbsp;&nbsp;&nbsp;&nbsp;&nbsp;&nbsp;&nbsp;&nbsp;&nbsp;&nbsp;&nbsp;&nbsp;&nbsp;&nbsp;&nbsp; C\u00e9sar Ram\u00edrez<\/p>\n\n\n\n<p>2012&nbsp;&nbsp;&nbsp;&nbsp;&nbsp;&nbsp;&nbsp;&nbsp;&nbsp;&nbsp;&nbsp;&nbsp;&nbsp;&nbsp;&nbsp; Miguel A. Reyes Varela<\/p>\n\n\n\n<p>2013&nbsp;&nbsp;&nbsp;&nbsp;&nbsp;&nbsp;&nbsp;&nbsp;&nbsp;&nbsp;&nbsp;&nbsp;&nbsp;&nbsp;&nbsp; Miguel A. Reyes Varela<\/p>\n\n\n\n<p>2014&nbsp;&nbsp;&nbsp;&nbsp;&nbsp;&nbsp;&nbsp;&nbsp;&nbsp;&nbsp;&nbsp;&nbsp;&nbsp;&nbsp;&nbsp; Miguel A. Reyes Varela<\/p>\n\n\n\n<p>2015&nbsp;&nbsp;&nbsp;&nbsp;&nbsp;&nbsp;&nbsp;&nbsp;&nbsp;&nbsp;&nbsp;&nbsp;&nbsp;&nbsp;&nbsp; Manuel S\u00e1nchez Montemayor<\/p>\n\n\n\n<p>2016&nbsp;&nbsp;&nbsp;&nbsp;&nbsp;&nbsp;&nbsp;&nbsp;&nbsp;&nbsp;&nbsp;&nbsp;&nbsp;&nbsp;&nbsp; Manuel S\u00e1nchez Montemayor<\/p>\n\n\n\n<p>2017&nbsp;&nbsp;&nbsp;&nbsp;&nbsp;&nbsp;&nbsp;&nbsp;&nbsp;&nbsp;&nbsp;&nbsp;&nbsp;&nbsp;&nbsp; Manuel S\u00e1nchez Montemayor<\/p>\n\n\n\n<p>2018&nbsp;&nbsp;&nbsp;&nbsp;&nbsp;&nbsp;&nbsp;&nbsp;&nbsp;&nbsp;&nbsp;&nbsp;&nbsp;&nbsp;&nbsp; Manuel S\u00e1nchez Montemayor<\/p>\n\n\n\n<p>2019&nbsp;&nbsp;&nbsp;&nbsp;&nbsp;&nbsp;&nbsp;&nbsp;&nbsp;&nbsp;&nbsp;&nbsp;&nbsp;&nbsp;&nbsp; Jos\u00e9 Antonio Rodr\u00edguez Rodr\u00edguez<\/p>\n\n\n\n<p><strong>2020 &nbsp;&nbsp;&nbsp;&nbsp;&nbsp;&nbsp;&nbsp;&nbsp;&nbsp;&nbsp;&nbsp;&nbsp;&nbsp;&nbsp; NO HUBO POR PANDEMIA<\/strong><\/p>\n\n\n\n<p><strong>2021 &nbsp;&nbsp;&nbsp;&nbsp;&nbsp;&nbsp;&nbsp;&nbsp;&nbsp;&nbsp;&nbsp;&nbsp;&nbsp;&nbsp; NO HUBO POR PANDEMIA<\/strong><\/p>\n\n\n\n<p>2022&nbsp;&nbsp;&nbsp;&nbsp;&nbsp;&nbsp;&nbsp;&nbsp;&nbsp;&nbsp;&nbsp;&nbsp;&nbsp;&nbsp;&nbsp; Manuel S\u00e1nchez Montemayor<\/p>\n\n\n\n<p>2023&nbsp;&nbsp;&nbsp;&nbsp;&nbsp;&nbsp;&nbsp;&nbsp;&nbsp;&nbsp;&nbsp;&nbsp;&nbsp;&nbsp;&nbsp; Juan Alejandro Hern\u00e1ndez Serrano<\/p>\n","protected":false},"excerpt":{"rendered":"<p>(Foto: esbozodeportivo.com) Todo est\u00e1 listo en el Club Irland\u00e9s de Raqueta para la realizaci\u00f3n del<\/p>\n","protected":false},"author":2,"featured_media":4880,"comment_status":"closed","ping_status":"open","sticky":false,"template":"","format":"standard","meta":{"_jetpack_memberships_contains_paid_content":false,"footnotes":""},"categories":[37],"tags":[],"class_list":["post-4879","post","type-post","status-publish","format-standard","has-post-thumbnail","hentry","category-tenis"],"yoast_head":"<!-- This site is optimized with the Yoast SEO plugin v25.7 - https:\/\/yoast.com\/wordpress\/plugins\/seo\/ -->\n<title>El XXIX Campeonato Nacional de Primera Fuerza de Tenis Varonil 2024, del 2 al 8 de diciembre - Esbozo Deportivo<\/title>\n<meta name=\"description\" content=\"Todo est\u00e1 listo en el Club Irland\u00e9s de Raqueta para la realizaci\u00f3n del XXIX Campeonato Nacional de Primera Fuerza de Tenis Varonil que, con bolsa de UN MILL\u00d3N DE PESOS, se disputar\u00e1 en ese prestigiado club ubicado en Huixquilucan, Estado de M\u00e9xico, del 2 al 8 de diciembre.\" \/>\n<meta name=\"robots\" content=\"index, follow, max-snippet:-1, max-image-preview:large, max-video-preview:-1\" \/>\n<link rel=\"canonical\" href=\"https:\/\/esbozodeportivo.com\/index.php\/2024\/11\/27\/el-xxix-campeonato-nacional-de-primera-fuerza-de-tenis-varonil-2024-del-2-al-8-de-diciembre\/\" \/>\n<meta property=\"og:locale\" content=\"es_MX\" \/>\n<meta property=\"og:type\" content=\"article\" \/>\n<meta property=\"og:title\" content=\"El XXIX Campeonato Nacional de Primera Fuerza de Tenis Varonil 2024, del 2 al 8 de diciembre - Esbozo Deportivo\" \/>\n<meta property=\"og:description\" content=\"Todo est\u00e1 listo en el Club Irland\u00e9s de Raqueta para la realizaci\u00f3n del XXIX Campeonato Nacional de Primera Fuerza de Tenis Varonil que, con bolsa de UN MILL\u00d3N DE PESOS, se disputar\u00e1 en ese prestigiado club ubicado en Huixquilucan, Estado de M\u00e9xico, del 2 al 8 de diciembre.\" \/>\n<meta property=\"og:url\" content=\"https:\/\/esbozodeportivo.com\/index.php\/2024\/11\/27\/el-xxix-campeonato-nacional-de-primera-fuerza-de-tenis-varonil-2024-del-2-al-8-de-diciembre\/\" \/>\n<meta property=\"og:site_name\" content=\"Esbozo Deportivo\" \/>\n<meta property=\"article:published_time\" content=\"2024-11-27T01:56:50+00:00\" \/>\n<meta property=\"article:modified_time\" content=\"2024-11-27T01:56:51+00:00\" \/>\n<meta property=\"og:image\" content=\"https:\/\/esbozodeportivo.com\/wp-content\/uploads\/2024\/11\/Conferencia-Tenis--scaled.jpeg\" \/>\n\t<meta property=\"og:image:width\" content=\"2560\" \/>\n\t<meta property=\"og:image:height\" content=\"1438\" \/>\n\t<meta property=\"og:image:type\" content=\"image\/jpeg\" \/>\n<meta name=\"author\" content=\"Javier De La Cruz\" \/>\n<meta name=\"twitter:card\" content=\"summary_large_image\" \/>\n<meta name=\"twitter:label1\" content=\"Escrito por\" \/>\n\t<meta name=\"twitter:data1\" content=\"Javier De La Cruz\" \/>\n\t<meta name=\"twitter:label2\" content=\"Tiempo de lectura\" \/>\n\t<meta name=\"twitter:data2\" content=\"5 minutos\" \/>\n<script type=\"application\/ld+json\" class=\"yoast-schema-graph\">{\"@context\":\"https:\/\/schema.org\",\"@graph\":[{\"@type\":\"Article\",\"@id\":\"https:\/\/esbozodeportivo.com\/index.php\/2024\/11\/27\/el-xxix-campeonato-nacional-de-primera-fuerza-de-tenis-varonil-2024-del-2-al-8-de-diciembre\/#article\",\"isPartOf\":{\"@id\":\"https:\/\/esbozodeportivo.com\/index.php\/2024\/11\/27\/el-xxix-campeonato-nacional-de-primera-fuerza-de-tenis-varonil-2024-del-2-al-8-de-diciembre\/\"},\"author\":{\"name\":\"Javier De La Cruz\",\"@id\":\"https:\/\/esbozodeportivo.com\/#\/schema\/person\/7277119c98823aec37bbb84e125efd44\"},\"headline\":\"El XXIX Campeonato Nacional de Primera Fuerza de Tenis Varonil 2024, del 2 al 8 de diciembre\",\"datePublished\":\"2024-11-27T01:56:50+00:00\",\"dateModified\":\"2024-11-27T01:56:51+00:00\",\"mainEntityOfPage\":{\"@id\":\"https:\/\/esbozodeportivo.com\/index.php\/2024\/11\/27\/el-xxix-campeonato-nacional-de-primera-fuerza-de-tenis-varonil-2024-del-2-al-8-de-diciembre\/\"},\"wordCount\":1235,\"publisher\":{\"@id\":\"https:\/\/esbozodeportivo.com\/#organization\"},\"image\":{\"@id\":\"https:\/\/esbozodeportivo.com\/index.php\/2024\/11\/27\/el-xxix-campeonato-nacional-de-primera-fuerza-de-tenis-varonil-2024-del-2-al-8-de-diciembre\/#primaryimage\"},\"thumbnailUrl\":\"https:\/\/esbozodeportivo.com\/wp-content\/uploads\/2024\/11\/Conferencia-Tenis--scaled.jpeg\",\"articleSection\":[\"Tenis Mexicano\"],\"inLanguage\":\"es\"},{\"@type\":\"WebPage\",\"@id\":\"https:\/\/esbozodeportivo.com\/index.php\/2024\/11\/27\/el-xxix-campeonato-nacional-de-primera-fuerza-de-tenis-varonil-2024-del-2-al-8-de-diciembre\/\",\"url\":\"https:\/\/esbozodeportivo.com\/index.php\/2024\/11\/27\/el-xxix-campeonato-nacional-de-primera-fuerza-de-tenis-varonil-2024-del-2-al-8-de-diciembre\/\",\"name\":\"El XXIX Campeonato Nacional de Primera Fuerza de Tenis Varonil 2024, del 2 al 8 de diciembre - Esbozo Deportivo\",\"isPartOf\":{\"@id\":\"https:\/\/esbozodeportivo.com\/#website\"},\"primaryImageOfPage\":{\"@id\":\"https:\/\/esbozodeportivo.com\/index.php\/2024\/11\/27\/el-xxix-campeonato-nacional-de-primera-fuerza-de-tenis-varonil-2024-del-2-al-8-de-diciembre\/#primaryimage\"},\"image\":{\"@id\":\"https:\/\/esbozodeportivo.com\/index.php\/2024\/11\/27\/el-xxix-campeonato-nacional-de-primera-fuerza-de-tenis-varonil-2024-del-2-al-8-de-diciembre\/#primaryimage\"},\"thumbnailUrl\":\"https:\/\/esbozodeportivo.com\/wp-content\/uploads\/2024\/11\/Conferencia-Tenis--scaled.jpeg\",\"datePublished\":\"2024-11-27T01:56:50+00:00\",\"dateModified\":\"2024-11-27T01:56:51+00:00\",\"description\":\"Todo est\u00e1 listo en el Club Irland\u00e9s de Raqueta para la realizaci\u00f3n del XXIX Campeonato Nacional de Primera Fuerza de Tenis Varonil que, con bolsa de UN MILL\u00d3N DE PESOS, se disputar\u00e1 en ese prestigiado club ubicado en Huixquilucan, Estado de M\u00e9xico, del 2 al 8 de diciembre.\",\"breadcrumb\":{\"@id\":\"https:\/\/esbozodeportivo.com\/index.php\/2024\/11\/27\/el-xxix-campeonato-nacional-de-primera-fuerza-de-tenis-varonil-2024-del-2-al-8-de-diciembre\/#breadcrumb\"},\"inLanguage\":\"es\",\"potentialAction\":[{\"@type\":\"ReadAction\",\"target\":[\"https:\/\/esbozodeportivo.com\/index.php\/2024\/11\/27\/el-xxix-campeonato-nacional-de-primera-fuerza-de-tenis-varonil-2024-del-2-al-8-de-diciembre\/\"]}]},{\"@type\":\"ImageObject\",\"inLanguage\":\"es\",\"@id\":\"https:\/\/esbozodeportivo.com\/index.php\/2024\/11\/27\/el-xxix-campeonato-nacional-de-primera-fuerza-de-tenis-varonil-2024-del-2-al-8-de-diciembre\/#primaryimage\",\"url\":\"https:\/\/esbozodeportivo.com\/wp-content\/uploads\/2024\/11\/Conferencia-Tenis--scaled.jpeg\",\"contentUrl\":\"https:\/\/esbozodeportivo.com\/wp-content\/uploads\/2024\/11\/Conferencia-Tenis--scaled.jpeg\",\"width\":2560,\"height\":1438},{\"@type\":\"BreadcrumbList\",\"@id\":\"https:\/\/esbozodeportivo.com\/index.php\/2024\/11\/27\/el-xxix-campeonato-nacional-de-primera-fuerza-de-tenis-varonil-2024-del-2-al-8-de-diciembre\/#breadcrumb\",\"itemListElement\":[{\"@type\":\"ListItem\",\"position\":1,\"name\":\"Inicio\",\"item\":\"https:\/\/esbozodeportivo.com\/\"},{\"@type\":\"ListItem\",\"position\":2,\"name\":\"El XXIX Campeonato Nacional de Primera Fuerza de Tenis Varonil 2024, del 2 al 8 de diciembre\"}]},{\"@type\":\"WebSite\",\"@id\":\"https:\/\/esbozodeportivo.com\/#website\",\"url\":\"https:\/\/esbozodeportivo.com\/\",\"name\":\"Esbozo Deportivo\",\"description\":\"Lo m\u00e1s importante del Deporte\",\"publisher\":{\"@id\":\"https:\/\/esbozodeportivo.com\/#organization\"},\"potentialAction\":[{\"@type\":\"SearchAction\",\"target\":{\"@type\":\"EntryPoint\",\"urlTemplate\":\"https:\/\/esbozodeportivo.com\/?s={search_term_string}\"},\"query-input\":{\"@type\":\"PropertyValueSpecification\",\"valueRequired\":true,\"valueName\":\"search_term_string\"}}],\"inLanguage\":\"es\"},{\"@type\":\"Organization\",\"@id\":\"https:\/\/esbozodeportivo.com\/#organization\",\"name\":\"Esbozo Deportivo\",\"url\":\"https:\/\/esbozodeportivo.com\/\",\"logo\":{\"@type\":\"ImageObject\",\"inLanguage\":\"es\",\"@id\":\"https:\/\/esbozodeportivo.com\/#\/schema\/logo\/image\/\",\"url\":\"https:\/\/esbozodeportivo.com\/wp-content\/uploads\/2022\/08\/cropped-Logo-Esbozo-Web-2.png\",\"contentUrl\":\"https:\/\/esbozodeportivo.com\/wp-content\/uploads\/2022\/08\/cropped-Logo-Esbozo-Web-2.png\",\"width\":180,\"height\":50,\"caption\":\"Esbozo Deportivo\"},\"image\":{\"@id\":\"https:\/\/esbozodeportivo.com\/#\/schema\/logo\/image\/\"}},{\"@type\":\"Person\",\"@id\":\"https:\/\/esbozodeportivo.com\/#\/schema\/person\/7277119c98823aec37bbb84e125efd44\",\"name\":\"Javier De La Cruz\",\"image\":{\"@type\":\"ImageObject\",\"inLanguage\":\"es\",\"@id\":\"https:\/\/esbozodeportivo.com\/#\/schema\/person\/image\/\",\"url\":\"https:\/\/secure.gravatar.com\/avatar\/366235a56d20f1a6e8e3d0b295897639357bea880470ddf261d17bb0bc052eb1?s=96&d=mm&r=g\",\"contentUrl\":\"https:\/\/secure.gravatar.com\/avatar\/366235a56d20f1a6e8e3d0b295897639357bea880470ddf261d17bb0bc052eb1?s=96&d=mm&r=g\",\"caption\":\"Javier De La Cruz\"},\"url\":\"https:\/\/esbozodeportivo.com\/index.php\/author\/javier-de-la-cruz-de-la-cruz\/\"}]}<\/script>\n<!-- \/ Yoast SEO plugin. -->","yoast_head_json":{"title":"El XXIX Campeonato Nacional de Primera Fuerza de Tenis Varonil 2024, del 2 al 8 de diciembre - Esbozo Deportivo","description":"Todo est\u00e1 listo en el Club Irland\u00e9s de Raqueta para la realizaci\u00f3n del XXIX Campeonato Nacional de Primera Fuerza de Tenis Varonil que, con bolsa de UN MILL\u00d3N DE PESOS, se disputar\u00e1 en ese prestigiado club ubicado en Huixquilucan, Estado de M\u00e9xico, del 2 al 8 de diciembre.","robots":{"index":"index","follow":"follow","max-snippet":"max-snippet:-1","max-image-preview":"max-image-preview:large","max-video-preview":"max-video-preview:-1"},"canonical":"https:\/\/esbozodeportivo.com\/index.php\/2024\/11\/27\/el-xxix-campeonato-nacional-de-primera-fuerza-de-tenis-varonil-2024-del-2-al-8-de-diciembre\/","og_locale":"es_MX","og_type":"article","og_title":"El XXIX Campeonato Nacional de Primera Fuerza de Tenis Varonil 2024, del 2 al 8 de diciembre - Esbozo Deportivo","og_description":"Todo est\u00e1 listo en el Club Irland\u00e9s de Raqueta para la realizaci\u00f3n del XXIX Campeonato Nacional de Primera Fuerza de Tenis Varonil que, con bolsa de UN MILL\u00d3N DE PESOS, se disputar\u00e1 en ese prestigiado club ubicado en Huixquilucan, Estado de M\u00e9xico, del 2 al 8 de diciembre.","og_url":"https:\/\/esbozodeportivo.com\/index.php\/2024\/11\/27\/el-xxix-campeonato-nacional-de-primera-fuerza-de-tenis-varonil-2024-del-2-al-8-de-diciembre\/","og_site_name":"Esbozo Deportivo","article_published_time":"2024-11-27T01:56:50+00:00","article_modified_time":"2024-11-27T01:56:51+00:00","og_image":[{"width":2560,"height":1438,"url":"https:\/\/esbozodeportivo.com\/wp-content\/uploads\/2024\/11\/Conferencia-Tenis--scaled.jpeg","type":"image\/jpeg"}],"author":"Javier De La Cruz","twitter_card":"summary_large_image","twitter_misc":{"Escrito por":"Javier De La Cruz","Tiempo de lectura":"5 minutos"},"schema":{"@context":"https:\/\/schema.org","@graph":[{"@type":"Article","@id":"https:\/\/esbozodeportivo.com\/index.php\/2024\/11\/27\/el-xxix-campeonato-nacional-de-primera-fuerza-de-tenis-varonil-2024-del-2-al-8-de-diciembre\/#article","isPartOf":{"@id":"https:\/\/esbozodeportivo.com\/index.php\/2024\/11\/27\/el-xxix-campeonato-nacional-de-primera-fuerza-de-tenis-varonil-2024-del-2-al-8-de-diciembre\/"},"author":{"name":"Javier De La Cruz","@id":"https:\/\/esbozodeportivo.com\/#\/schema\/person\/7277119c98823aec37bbb84e125efd44"},"headline":"El XXIX Campeonato Nacional de Primera Fuerza de Tenis Varonil 2024, del 2 al 8 de diciembre","datePublished":"2024-11-27T01:56:50+00:00","dateModified":"2024-11-27T01:56:51+00:00","mainEntityOfPage":{"@id":"https:\/\/esbozodeportivo.com\/index.php\/2024\/11\/27\/el-xxix-campeonato-nacional-de-primera-fuerza-de-tenis-varonil-2024-del-2-al-8-de-diciembre\/"},"wordCount":1235,"publisher":{"@id":"https:\/\/esbozodeportivo.com\/#organization"},"image":{"@id":"https:\/\/esbozodeportivo.com\/index.php\/2024\/11\/27\/el-xxix-campeonato-nacional-de-primera-fuerza-de-tenis-varonil-2024-del-2-al-8-de-diciembre\/#primaryimage"},"thumbnailUrl":"https:\/\/esbozodeportivo.com\/wp-content\/uploads\/2024\/11\/Conferencia-Tenis--scaled.jpeg","articleSection":["Tenis Mexicano"],"inLanguage":"es"},{"@type":"WebPage","@id":"https:\/\/esbozodeportivo.com\/index.php\/2024\/11\/27\/el-xxix-campeonato-nacional-de-primera-fuerza-de-tenis-varonil-2024-del-2-al-8-de-diciembre\/","url":"https:\/\/esbozodeportivo.com\/index.php\/2024\/11\/27\/el-xxix-campeonato-nacional-de-primera-fuerza-de-tenis-varonil-2024-del-2-al-8-de-diciembre\/","name":"El XXIX Campeonato Nacional de Primera Fuerza de Tenis Varonil 2024, del 2 al 8 de diciembre - Esbozo Deportivo","isPartOf":{"@id":"https:\/\/esbozodeportivo.com\/#website"},"primaryImageOfPage":{"@id":"https:\/\/esbozodeportivo.com\/index.php\/2024\/11\/27\/el-xxix-campeonato-nacional-de-primera-fuerza-de-tenis-varonil-2024-del-2-al-8-de-diciembre\/#primaryimage"},"image":{"@id":"https:\/\/esbozodeportivo.com\/index.php\/2024\/11\/27\/el-xxix-campeonato-nacional-de-primera-fuerza-de-tenis-varonil-2024-del-2-al-8-de-diciembre\/#primaryimage"},"thumbnailUrl":"https:\/\/esbozodeportivo.com\/wp-content\/uploads\/2024\/11\/Conferencia-Tenis--scaled.jpeg","datePublished":"2024-11-27T01:56:50+00:00","dateModified":"2024-11-27T01:56:51+00:00","description":"Todo est\u00e1 listo en el Club Irland\u00e9s de Raqueta para la realizaci\u00f3n del XXIX Campeonato Nacional de Primera Fuerza de Tenis Varonil que, con bolsa de UN MILL\u00d3N DE PESOS, se disputar\u00e1 en ese prestigiado club ubicado en Huixquilucan, Estado de M\u00e9xico, del 2 al 8 de diciembre.","breadcrumb":{"@id":"https:\/\/esbozodeportivo.com\/index.php\/2024\/11\/27\/el-xxix-campeonato-nacional-de-primera-fuerza-de-tenis-varonil-2024-del-2-al-8-de-diciembre\/#breadcrumb"},"inLanguage":"es","potentialAction":[{"@type":"ReadAction","target":["https:\/\/esbozodeportivo.com\/index.php\/2024\/11\/27\/el-xxix-campeonato-nacional-de-primera-fuerza-de-tenis-varonil-2024-del-2-al-8-de-diciembre\/"]}]},{"@type":"ImageObject","inLanguage":"es","@id":"https:\/\/esbozodeportivo.com\/index.php\/2024\/11\/27\/el-xxix-campeonato-nacional-de-primera-fuerza-de-tenis-varonil-2024-del-2-al-8-de-diciembre\/#primaryimage","url":"https:\/\/esbozodeportivo.com\/wp-content\/uploads\/2024\/11\/Conferencia-Tenis--scaled.jpeg","contentUrl":"https:\/\/esbozodeportivo.com\/wp-content\/uploads\/2024\/11\/Conferencia-Tenis--scaled.jpeg","width":2560,"height":1438},{"@type":"BreadcrumbList","@id":"https:\/\/esbozodeportivo.com\/index.php\/2024\/11\/27\/el-xxix-campeonato-nacional-de-primera-fuerza-de-tenis-varonil-2024-del-2-al-8-de-diciembre\/#breadcrumb","itemListElement":[{"@type":"ListItem","position":1,"name":"Inicio","item":"https:\/\/esbozodeportivo.com\/"},{"@type":"ListItem","position":2,"name":"El XXIX Campeonato Nacional de Primera Fuerza de Tenis Varonil 2024, del 2 al 8 de diciembre"}]},{"@type":"WebSite","@id":"https:\/\/esbozodeportivo.com\/#website","url":"https:\/\/esbozodeportivo.com\/","name":"Esbozo Deportivo","description":"Lo m\u00e1s importante del Deporte","publisher":{"@id":"https:\/\/esbozodeportivo.com\/#organization"},"potentialAction":[{"@type":"SearchAction","target":{"@type":"EntryPoint","urlTemplate":"https:\/\/esbozodeportivo.com\/?s={search_term_string}"},"query-input":{"@type":"PropertyValueSpecification","valueRequired":true,"valueName":"search_term_string"}}],"inLanguage":"es"},{"@type":"Organization","@id":"https:\/\/esbozodeportivo.com\/#organization","name":"Esbozo Deportivo","url":"https:\/\/esbozodeportivo.com\/","logo":{"@type":"ImageObject","inLanguage":"es","@id":"https:\/\/esbozodeportivo.com\/#\/schema\/logo\/image\/","url":"https:\/\/esbozodeportivo.com\/wp-content\/uploads\/2022\/08\/cropped-Logo-Esbozo-Web-2.png","contentUrl":"https:\/\/esbozodeportivo.com\/wp-content\/uploads\/2022\/08\/cropped-Logo-Esbozo-Web-2.png","width":180,"height":50,"caption":"Esbozo Deportivo"},"image":{"@id":"https:\/\/esbozodeportivo.com\/#\/schema\/logo\/image\/"}},{"@type":"Person","@id":"https:\/\/esbozodeportivo.com\/#\/schema\/person\/7277119c98823aec37bbb84e125efd44","name":"Javier De La Cruz","image":{"@type":"ImageObject","inLanguage":"es","@id":"https:\/\/esbozodeportivo.com\/#\/schema\/person\/image\/","url":"https:\/\/secure.gravatar.com\/avatar\/366235a56d20f1a6e8e3d0b295897639357bea880470ddf261d17bb0bc052eb1?s=96&d=mm&r=g","contentUrl":"https:\/\/secure.gravatar.com\/avatar\/366235a56d20f1a6e8e3d0b295897639357bea880470ddf261d17bb0bc052eb1?s=96&d=mm&r=g","caption":"Javier De La Cruz"},"url":"https:\/\/esbozodeportivo.com\/index.php\/author\/javier-de-la-cruz-de-la-cruz\/"}]}},"jetpack_featured_media_url":"https:\/\/esbozodeportivo.com\/wp-content\/uploads\/2024\/11\/Conferencia-Tenis--scaled.jpeg","jetpack_sharing_enabled":true,"_links":{"self":[{"href":"https:\/\/esbozodeportivo.com\/index.php\/wp-json\/wp\/v2\/posts\/4879","targetHints":{"allow":["GET"]}}],"collection":[{"href":"https:\/\/esbozodeportivo.com\/index.php\/wp-json\/wp\/v2\/posts"}],"about":[{"href":"https:\/\/esbozodeportivo.com\/index.php\/wp-json\/wp\/v2\/types\/post"}],"author":[{"embeddable":true,"href":"https:\/\/esbozodeportivo.com\/index.php\/wp-json\/wp\/v2\/users\/2"}],"replies":[{"embeddable":true,"href":"https:\/\/esbozodeportivo.com\/index.php\/wp-json\/wp\/v2\/comments?post=4879"}],"version-history":[{"count":1,"href":"https:\/\/esbozodeportivo.com\/index.php\/wp-json\/wp\/v2\/posts\/4879\/revisions"}],"predecessor-version":[{"id":4885,"href":"https:\/\/esbozodeportivo.com\/index.php\/wp-json\/wp\/v2\/posts\/4879\/revisions\/4885"}],"wp:featuredmedia":[{"embeddable":true,"href":"https:\/\/esbozodeportivo.com\/index.php\/wp-json\/wp\/v2\/media\/4880"}],"wp:attachment":[{"href":"https:\/\/esbozodeportivo.com\/index.php\/wp-json\/wp\/v2\/media?parent=4879"}],"wp:term":[{"taxonomy":"category","embeddable":true,"href":"https:\/\/esbozodeportivo.com\/index.php\/wp-json\/wp\/v2\/categories?post=4879"},{"taxonomy":"post_tag","embeddable":true,"href":"https:\/\/esbozodeportivo.com\/index.php\/wp-json\/wp\/v2\/tags?post=4879"}],"curies":[{"name":"wp","href":"https:\/\/api.w.org\/{rel}","templated":true}]}}