{"id":4901,"date":"2024-11-29T05:03:04","date_gmt":"2024-11-29T05:03:04","guid":{"rendered":"https:\/\/esbozodeportivo.com\/?p=4901"},"modified":"2024-11-29T05:03:04","modified_gmt":"2024-11-29T05:03:04","slug":"pacheco-y-omenihu-reparecen-ante-raiders","status":"publish","type":"post","link":"https:\/\/esbozodeportivo.com\/index.php\/2024\/11\/29\/pacheco-y-omenihu-reparecen-ante-raiders\/","title":{"rendered":"Pacheco y Omenihu, reparecen ante Raiders"},"content":{"rendered":"\n<p>(Foto: Cortes\u00eda) <\/p>\n\n\n\n<p>Los <a href=\"https:\/\/www.chiefs.com\/\">Jefes de Kansas City<\/a> activaron el jueves al corredor <strong>Isiah Pacheco<\/strong> y al ala defensivo <strong>Charles Omenihu<\/strong>, quienes estar\u00edan en el campo este viernes, cuando los bicampeones del <a href=\"https:\/\/www.nfl.com\/super-bowl\/\">Super Bowl<\/a> enfrenten a los <a href=\"https:\/\/www.raiders.com\/espanol\/\">Raiders<\/a> de <a href=\"https:\/\/es.wikipedia.org\/wiki\/Las_Vegas\">Las Vegas<\/a>.<\/p>\n\n\n\n<p><strong>Pacheco<\/strong>, quien ha sido el principal corredor del equipo en las \u00faltimas tres temporadas, ha estado fuera por lesi\u00f3n desde la semana 2, cuando fractur\u00f3 el peron\u00e9 derecho contra <strong>Cincinnati.<\/strong> Ha estado entrenando las \u00faltimas semanas, pero los Jefes hab\u00edan sido cautelosos en la recuperaci\u00f3n del din\u00e1mico corredor.<\/p>\n\n\n\n<p>Antes de lesionarse, <strong>Pacheco<\/strong> solo acarre\u00f3 el bal\u00f3n 34 veces para 135 yardas y un touchdown.<\/p>\n\n\n\n<p>Los Jefes firmaron a <strong>Kareem Hunt<\/strong> poco despu\u00e9s de la lesi\u00f3n de <strong>Pacheco<\/strong>, y el veterano ha sido s\u00f3lido en su lugar. Pero con conjuntos de habilidades complementarias, se espera que <strong>Pacheco<\/strong> y <strong>Hunt <\/strong>formen una dupla similar al que <strong>Hunt<\/strong> conform\u00f3 en Cleveland con <strong>Nick Chubb<\/strong>.<\/p>\n\n\n\n<p><strong>Omenihu<\/strong> no ha estado en el campo desde que sufri\u00f3 un desgarro en el ligamento cruzado anterior derecho en los pasados playoffs. Pero fue una fuerza disruptiva en 11 partidos de la pasada temporada regular, al acumular siete capturas, adem\u00e1s de 12 presiones al quarterback.<\/p>\n\n\n\n<p>El regreso de <strong>Omenihu<\/strong> deber\u00eda ayudar a una unidad de presi\u00f3n de pase cuyas 21 capturas son mejores apenas que las de otros cuatro equipos en la <a href=\"https:\/\/www.nfl.com\/mundo\/\">NFL<\/a>.<\/p>\n\n\n\n<p>\u201cLa versatilidad de <strong>Charles<\/strong>, yendo de adentro hacia fuera, agrega otro nivel de profundidad a nuestra defensa, especialmente a la l\u00ednea defensiva\u201d, dijo el tackle defensivo de los <strong>Jefes<\/strong>, <strong>Chris Jones<\/strong>. \u201cY \u00e9l es un cazamariscales. Siempre es bueno tener m\u00e1s cazadores de cabezas en el campo\u201d.<\/p>\n\n\n\n<p>Como se esperaba, los Jefes descartaron al pateador suplente <strong>Spencer Shrader<\/strong> \u2014quien hab\u00eda estado reemplazando al lesionado <strong>Harrison Butker<\/strong>\u2014 despu\u00e9s de que se lesion\u00f3 el tend\u00f3n de la corva a principios de semana. Matthew Wright se encargar\u00e1 de las labores de pateador contra los <strong>Raiders<\/strong>.<\/p>\n\n\n\n<p>\u201cTodos confiamos en \u00e9l\u201d, dijo el entrenador de los Jefes, <strong>Andy Reid<\/strong>, \u201cas\u00ed que esperamos darle la bienvenida. S\u00e9 que los chicos lo conocen y lo han hecho sentir de esa manera al regresar aqu\u00ed. Hay confianza total en \u00e9l\u201d.<\/p>\n\n\n\n<p>Los <strong>Jefes<\/strong> ascendieron tambi\u00e9n al ala cerrada <strong>Anthony Firkser<\/strong> del equipo de pr\u00e1cticas despu\u00e9s de poner a <strong>Peyton Hendershot<\/strong> en la lista de lesionados.<\/p>\n\n\n\n<p>\u201cDe nuevo, \u00e9l es otro que est\u00e1 regresando con nosotros\u201d, dijo <strong>Reid<\/strong> sobre <strong>Firkser<\/strong>, quien jug\u00f3 en el colegial para <strong>Harvard<\/strong>. \u201cAs\u00ed que estamos familiarizados con \u00e9l y con lo que puede hacer. Obviamente es un tipo brillante, y lo hemos integrado, as\u00ed que ha estado recibiendo algunas repeticiones\u201d.<\/p>\n","protected":false},"excerpt":{"rendered":"<p>(Foto: Cortes\u00eda) Los Jefes de Kansas City activaron el jueves al corredor Isiah Pacheco y<\/p>\n","protected":false},"author":2,"featured_media":4895,"comment_status":"closed","ping_status":"open","sticky":false,"template":"","format":"standard","meta":{"_jetpack_memberships_contains_paid_content":false,"footnotes":""},"categories":[6],"tags":[],"class_list":["post-4901","post","type-post","status-publish","format-standard","has-post-thumbnail","hentry","category-nfl"],"yoast_head":"<!-- This site is optimized with the Yoast SEO plugin v25.7 - https:\/\/yoast.com\/wordpress\/plugins\/seo\/ -->\n<title>Pacheco y Omenihu, reparecen ante Raiders - Esbozo Deportivo<\/title>\n<meta name=\"description\" content=\"Los Jefes de Kansas City activaron el jueves al corredor Isiah Pacheco y al ala defensivo Charles Omenihu, quienes estar\u00edan en el campo este viernes, cuando los bicampeones del Super Bowl enfrenten a los Raiders de Las Vegas.\" \/>\n<meta name=\"robots\" content=\"index, follow, max-snippet:-1, max-image-preview:large, max-video-preview:-1\" \/>\n<link rel=\"canonical\" href=\"https:\/\/esbozodeportivo.com\/index.php\/2024\/11\/29\/pacheco-y-omenihu-reparecen-ante-raiders\/\" \/>\n<meta property=\"og:locale\" content=\"es_MX\" \/>\n<meta property=\"og:type\" content=\"article\" \/>\n<meta property=\"og:title\" content=\"Pacheco y Omenihu, reparecen ante Raiders - Esbozo Deportivo\" \/>\n<meta property=\"og:description\" content=\"Los Jefes de Kansas City activaron el jueves al corredor Isiah Pacheco y al ala defensivo Charles Omenihu, quienes estar\u00edan en el campo este viernes, cuando los bicampeones del Super Bowl enfrenten a los Raiders de Las Vegas.\" \/>\n<meta property=\"og:url\" content=\"https:\/\/esbozodeportivo.com\/index.php\/2024\/11\/29\/pacheco-y-omenihu-reparecen-ante-raiders\/\" \/>\n<meta property=\"og:site_name\" content=\"Esbozo Deportivo\" \/>\n<meta property=\"article:published_time\" content=\"2024-11-29T05:03:04+00:00\" \/>\n<meta property=\"og:image\" content=\"https:\/\/esbozodeportivo.com\/wp-content\/uploads\/2024\/11\/Reaparece.jpg\" \/>\n\t<meta property=\"og:image:width\" content=\"1440\" \/>\n\t<meta property=\"og:image:height\" content=\"960\" \/>\n\t<meta property=\"og:image:type\" content=\"image\/jpeg\" \/>\n<meta name=\"author\" content=\"Javier De La Cruz\" \/>\n<meta name=\"twitter:card\" content=\"summary_large_image\" \/>\n<meta name=\"twitter:label1\" content=\"Escrito por\" \/>\n\t<meta name=\"twitter:data1\" content=\"Javier De La Cruz\" \/>\n\t<meta name=\"twitter:label2\" content=\"Tiempo de lectura\" \/>\n\t<meta name=\"twitter:data2\" content=\"3 minutos\" \/>\n<script type=\"application\/ld+json\" class=\"yoast-schema-graph\">{\"@context\":\"https:\/\/schema.org\",\"@graph\":[{\"@type\":\"Article\",\"@id\":\"https:\/\/esbozodeportivo.com\/index.php\/2024\/11\/29\/pacheco-y-omenihu-reparecen-ante-raiders\/#article\",\"isPartOf\":{\"@id\":\"https:\/\/esbozodeportivo.com\/index.php\/2024\/11\/29\/pacheco-y-omenihu-reparecen-ante-raiders\/\"},\"author\":{\"name\":\"Javier De La Cruz\",\"@id\":\"https:\/\/esbozodeportivo.com\/#\/schema\/person\/7277119c98823aec37bbb84e125efd44\"},\"headline\":\"Pacheco y Omenihu, reparecen ante Raiders\",\"datePublished\":\"2024-11-29T05:03:04+00:00\",\"mainEntityOfPage\":{\"@id\":\"https:\/\/esbozodeportivo.com\/index.php\/2024\/11\/29\/pacheco-y-omenihu-reparecen-ante-raiders\/\"},\"wordCount\":450,\"publisher\":{\"@id\":\"https:\/\/esbozodeportivo.com\/#organization\"},\"image\":{\"@id\":\"https:\/\/esbozodeportivo.com\/index.php\/2024\/11\/29\/pacheco-y-omenihu-reparecen-ante-raiders\/#primaryimage\"},\"thumbnailUrl\":\"https:\/\/esbozodeportivo.com\/wp-content\/uploads\/2024\/11\/Reaparece.jpg\",\"articleSection\":[\"NFL\"],\"inLanguage\":\"es\"},{\"@type\":\"WebPage\",\"@id\":\"https:\/\/esbozodeportivo.com\/index.php\/2024\/11\/29\/pacheco-y-omenihu-reparecen-ante-raiders\/\",\"url\":\"https:\/\/esbozodeportivo.com\/index.php\/2024\/11\/29\/pacheco-y-omenihu-reparecen-ante-raiders\/\",\"name\":\"Pacheco y Omenihu, reparecen ante Raiders - Esbozo Deportivo\",\"isPartOf\":{\"@id\":\"https:\/\/esbozodeportivo.com\/#website\"},\"primaryImageOfPage\":{\"@id\":\"https:\/\/esbozodeportivo.com\/index.php\/2024\/11\/29\/pacheco-y-omenihu-reparecen-ante-raiders\/#primaryimage\"},\"image\":{\"@id\":\"https:\/\/esbozodeportivo.com\/index.php\/2024\/11\/29\/pacheco-y-omenihu-reparecen-ante-raiders\/#primaryimage\"},\"thumbnailUrl\":\"https:\/\/esbozodeportivo.com\/wp-content\/uploads\/2024\/11\/Reaparece.jpg\",\"datePublished\":\"2024-11-29T05:03:04+00:00\",\"description\":\"Los Jefes de Kansas City activaron el jueves al corredor Isiah Pacheco y al ala defensivo Charles Omenihu, quienes estar\u00edan en el campo este viernes, cuando los bicampeones del Super Bowl enfrenten a los Raiders de Las Vegas.\",\"breadcrumb\":{\"@id\":\"https:\/\/esbozodeportivo.com\/index.php\/2024\/11\/29\/pacheco-y-omenihu-reparecen-ante-raiders\/#breadcrumb\"},\"inLanguage\":\"es\",\"potentialAction\":[{\"@type\":\"ReadAction\",\"target\":[\"https:\/\/esbozodeportivo.com\/index.php\/2024\/11\/29\/pacheco-y-omenihu-reparecen-ante-raiders\/\"]}]},{\"@type\":\"ImageObject\",\"inLanguage\":\"es\",\"@id\":\"https:\/\/esbozodeportivo.com\/index.php\/2024\/11\/29\/pacheco-y-omenihu-reparecen-ante-raiders\/#primaryimage\",\"url\":\"https:\/\/esbozodeportivo.com\/wp-content\/uploads\/2024\/11\/Reaparece.jpg\",\"contentUrl\":\"https:\/\/esbozodeportivo.com\/wp-content\/uploads\/2024\/11\/Reaparece.jpg\",\"width\":1440,\"height\":960},{\"@type\":\"BreadcrumbList\",\"@id\":\"https:\/\/esbozodeportivo.com\/index.php\/2024\/11\/29\/pacheco-y-omenihu-reparecen-ante-raiders\/#breadcrumb\",\"itemListElement\":[{\"@type\":\"ListItem\",\"position\":1,\"name\":\"Inicio\",\"item\":\"https:\/\/esbozodeportivo.com\/\"},{\"@type\":\"ListItem\",\"position\":2,\"name\":\"Pacheco y Omenihu, reparecen ante Raiders\"}]},{\"@type\":\"WebSite\",\"@id\":\"https:\/\/esbozodeportivo.com\/#website\",\"url\":\"https:\/\/esbozodeportivo.com\/\",\"name\":\"Esbozo Deportivo\",\"description\":\"Lo m\u00e1s importante del Deporte\",\"publisher\":{\"@id\":\"https:\/\/esbozodeportivo.com\/#organization\"},\"potentialAction\":[{\"@type\":\"SearchAction\",\"target\":{\"@type\":\"EntryPoint\",\"urlTemplate\":\"https:\/\/esbozodeportivo.com\/?s={search_term_string}\"},\"query-input\":{\"@type\":\"PropertyValueSpecification\",\"valueRequired\":true,\"valueName\":\"search_term_string\"}}],\"inLanguage\":\"es\"},{\"@type\":\"Organization\",\"@id\":\"https:\/\/esbozodeportivo.com\/#organization\",\"name\":\"Esbozo Deportivo\",\"url\":\"https:\/\/esbozodeportivo.com\/\",\"logo\":{\"@type\":\"ImageObject\",\"inLanguage\":\"es\",\"@id\":\"https:\/\/esbozodeportivo.com\/#\/schema\/logo\/image\/\",\"url\":\"https:\/\/esbozodeportivo.com\/wp-content\/uploads\/2022\/08\/cropped-Logo-Esbozo-Web-2.png\",\"contentUrl\":\"https:\/\/esbozodeportivo.com\/wp-content\/uploads\/2022\/08\/cropped-Logo-Esbozo-Web-2.png\",\"width\":180,\"height\":50,\"caption\":\"Esbozo Deportivo\"},\"image\":{\"@id\":\"https:\/\/esbozodeportivo.com\/#\/schema\/logo\/image\/\"}},{\"@type\":\"Person\",\"@id\":\"https:\/\/esbozodeportivo.com\/#\/schema\/person\/7277119c98823aec37bbb84e125efd44\",\"name\":\"Javier De La Cruz\",\"image\":{\"@type\":\"ImageObject\",\"inLanguage\":\"es\",\"@id\":\"https:\/\/esbozodeportivo.com\/#\/schema\/person\/image\/\",\"url\":\"https:\/\/secure.gravatar.com\/avatar\/366235a56d20f1a6e8e3d0b295897639357bea880470ddf261d17bb0bc052eb1?s=96&d=mm&r=g\",\"contentUrl\":\"https:\/\/secure.gravatar.com\/avatar\/366235a56d20f1a6e8e3d0b295897639357bea880470ddf261d17bb0bc052eb1?s=96&d=mm&r=g\",\"caption\":\"Javier De La Cruz\"},\"url\":\"https:\/\/esbozodeportivo.com\/index.php\/author\/javier-de-la-cruz-de-la-cruz\/\"}]}<\/script>\n<!-- \/ Yoast SEO plugin. -->","yoast_head_json":{"title":"Pacheco y Omenihu, reparecen ante Raiders - Esbozo Deportivo","description":"Los Jefes de Kansas City activaron el jueves al corredor Isiah Pacheco y al ala defensivo Charles Omenihu, quienes estar\u00edan en el campo este viernes, cuando los bicampeones del Super Bowl enfrenten a los Raiders de Las Vegas.","robots":{"index":"index","follow":"follow","max-snippet":"max-snippet:-1","max-image-preview":"max-image-preview:large","max-video-preview":"max-video-preview:-1"},"canonical":"https:\/\/esbozodeportivo.com\/index.php\/2024\/11\/29\/pacheco-y-omenihu-reparecen-ante-raiders\/","og_locale":"es_MX","og_type":"article","og_title":"Pacheco y Omenihu, reparecen ante Raiders - Esbozo Deportivo","og_description":"Los Jefes de Kansas City activaron el jueves al corredor Isiah Pacheco y al ala defensivo Charles Omenihu, quienes estar\u00edan en el campo este viernes, cuando los bicampeones del Super Bowl enfrenten a los Raiders de Las Vegas.","og_url":"https:\/\/esbozodeportivo.com\/index.php\/2024\/11\/29\/pacheco-y-omenihu-reparecen-ante-raiders\/","og_site_name":"Esbozo Deportivo","article_published_time":"2024-11-29T05:03:04+00:00","og_image":[{"width":1440,"height":960,"url":"https:\/\/esbozodeportivo.com\/wp-content\/uploads\/2024\/11\/Reaparece.jpg","type":"image\/jpeg"}],"author":"Javier De La Cruz","twitter_card":"summary_large_image","twitter_misc":{"Escrito por":"Javier De La Cruz","Tiempo de lectura":"3 minutos"},"schema":{"@context":"https:\/\/schema.org","@graph":[{"@type":"Article","@id":"https:\/\/esbozodeportivo.com\/index.php\/2024\/11\/29\/pacheco-y-omenihu-reparecen-ante-raiders\/#article","isPartOf":{"@id":"https:\/\/esbozodeportivo.com\/index.php\/2024\/11\/29\/pacheco-y-omenihu-reparecen-ante-raiders\/"},"author":{"name":"Javier De La Cruz","@id":"https:\/\/esbozodeportivo.com\/#\/schema\/person\/7277119c98823aec37bbb84e125efd44"},"headline":"Pacheco y Omenihu, reparecen ante Raiders","datePublished":"2024-11-29T05:03:04+00:00","mainEntityOfPage":{"@id":"https:\/\/esbozodeportivo.com\/index.php\/2024\/11\/29\/pacheco-y-omenihu-reparecen-ante-raiders\/"},"wordCount":450,"publisher":{"@id":"https:\/\/esbozodeportivo.com\/#organization"},"image":{"@id":"https:\/\/esbozodeportivo.com\/index.php\/2024\/11\/29\/pacheco-y-omenihu-reparecen-ante-raiders\/#primaryimage"},"thumbnailUrl":"https:\/\/esbozodeportivo.com\/wp-content\/uploads\/2024\/11\/Reaparece.jpg","articleSection":["NFL"],"inLanguage":"es"},{"@type":"WebPage","@id":"https:\/\/esbozodeportivo.com\/index.php\/2024\/11\/29\/pacheco-y-omenihu-reparecen-ante-raiders\/","url":"https:\/\/esbozodeportivo.com\/index.php\/2024\/11\/29\/pacheco-y-omenihu-reparecen-ante-raiders\/","name":"Pacheco y Omenihu, reparecen ante Raiders - Esbozo Deportivo","isPartOf":{"@id":"https:\/\/esbozodeportivo.com\/#website"},"primaryImageOfPage":{"@id":"https:\/\/esbozodeportivo.com\/index.php\/2024\/11\/29\/pacheco-y-omenihu-reparecen-ante-raiders\/#primaryimage"},"image":{"@id":"https:\/\/esbozodeportivo.com\/index.php\/2024\/11\/29\/pacheco-y-omenihu-reparecen-ante-raiders\/#primaryimage"},"thumbnailUrl":"https:\/\/esbozodeportivo.com\/wp-content\/uploads\/2024\/11\/Reaparece.jpg","datePublished":"2024-11-29T05:03:04+00:00","description":"Los Jefes de Kansas City activaron el jueves al corredor Isiah Pacheco y al ala defensivo Charles Omenihu, quienes estar\u00edan en el campo este viernes, cuando los bicampeones del Super Bowl enfrenten a los Raiders de Las Vegas.","breadcrumb":{"@id":"https:\/\/esbozodeportivo.com\/index.php\/2024\/11\/29\/pacheco-y-omenihu-reparecen-ante-raiders\/#breadcrumb"},"inLanguage":"es","potentialAction":[{"@type":"ReadAction","target":["https:\/\/esbozodeportivo.com\/index.php\/2024\/11\/29\/pacheco-y-omenihu-reparecen-ante-raiders\/"]}]},{"@type":"ImageObject","inLanguage":"es","@id":"https:\/\/esbozodeportivo.com\/index.php\/2024\/11\/29\/pacheco-y-omenihu-reparecen-ante-raiders\/#primaryimage","url":"https:\/\/esbozodeportivo.com\/wp-content\/uploads\/2024\/11\/Reaparece.jpg","contentUrl":"https:\/\/esbozodeportivo.com\/wp-content\/uploads\/2024\/11\/Reaparece.jpg","width":1440,"height":960},{"@type":"BreadcrumbList","@id":"https:\/\/esbozodeportivo.com\/index.php\/2024\/11\/29\/pacheco-y-omenihu-reparecen-ante-raiders\/#breadcrumb","itemListElement":[{"@type":"ListItem","position":1,"name":"Inicio","item":"https:\/\/esbozodeportivo.com\/"},{"@type":"ListItem","position":2,"name":"Pacheco y Omenihu, reparecen ante Raiders"}]},{"@type":"WebSite","@id":"https:\/\/esbozodeportivo.com\/#website","url":"https:\/\/esbozodeportivo.com\/","name":"Esbozo Deportivo","description":"Lo m\u00e1s importante del Deporte","publisher":{"@id":"https:\/\/esbozodeportivo.com\/#organization"},"potentialAction":[{"@type":"SearchAction","target":{"@type":"EntryPoint","urlTemplate":"https:\/\/esbozodeportivo.com\/?s={search_term_string}"},"query-input":{"@type":"PropertyValueSpecification","valueRequired":true,"valueName":"search_term_string"}}],"inLanguage":"es"},{"@type":"Organization","@id":"https:\/\/esbozodeportivo.com\/#organization","name":"Esbozo Deportivo","url":"https:\/\/esbozodeportivo.com\/","logo":{"@type":"ImageObject","inLanguage":"es","@id":"https:\/\/esbozodeportivo.com\/#\/schema\/logo\/image\/","url":"https:\/\/esbozodeportivo.com\/wp-content\/uploads\/2022\/08\/cropped-Logo-Esbozo-Web-2.png","contentUrl":"https:\/\/esbozodeportivo.com\/wp-content\/uploads\/2022\/08\/cropped-Logo-Esbozo-Web-2.png","width":180,"height":50,"caption":"Esbozo Deportivo"},"image":{"@id":"https:\/\/esbozodeportivo.com\/#\/schema\/logo\/image\/"}},{"@type":"Person","@id":"https:\/\/esbozodeportivo.com\/#\/schema\/person\/7277119c98823aec37bbb84e125efd44","name":"Javier De La Cruz","image":{"@type":"ImageObject","inLanguage":"es","@id":"https:\/\/esbozodeportivo.com\/#\/schema\/person\/image\/","url":"https:\/\/secure.gravatar.com\/avatar\/366235a56d20f1a6e8e3d0b295897639357bea880470ddf261d17bb0bc052eb1?s=96&d=mm&r=g","contentUrl":"https:\/\/secure.gravatar.com\/avatar\/366235a56d20f1a6e8e3d0b295897639357bea880470ddf261d17bb0bc052eb1?s=96&d=mm&r=g","caption":"Javier De La Cruz"},"url":"https:\/\/esbozodeportivo.com\/index.php\/author\/javier-de-la-cruz-de-la-cruz\/"}]}},"jetpack_featured_media_url":"https:\/\/esbozodeportivo.com\/wp-content\/uploads\/2024\/11\/Reaparece.jpg","jetpack_sharing_enabled":true,"_links":{"self":[{"href":"https:\/\/esbozodeportivo.com\/index.php\/wp-json\/wp\/v2\/posts\/4901","targetHints":{"allow":["GET"]}}],"collection":[{"href":"https:\/\/esbozodeportivo.com\/index.php\/wp-json\/wp\/v2\/posts"}],"about":[{"href":"https:\/\/esbozodeportivo.com\/index.php\/wp-json\/wp\/v2\/types\/post"}],"author":[{"embeddable":true,"href":"https:\/\/esbozodeportivo.com\/index.php\/wp-json\/wp\/v2\/users\/2"}],"replies":[{"embeddable":true,"href":"https:\/\/esbozodeportivo.com\/index.php\/wp-json\/wp\/v2\/comments?post=4901"}],"version-history":[{"count":1,"href":"https:\/\/esbozodeportivo.com\/index.php\/wp-json\/wp\/v2\/posts\/4901\/revisions"}],"predecessor-version":[{"id":4902,"href":"https:\/\/esbozodeportivo.com\/index.php\/wp-json\/wp\/v2\/posts\/4901\/revisions\/4902"}],"wp:featuredmedia":[{"embeddable":true,"href":"https:\/\/esbozodeportivo.com\/index.php\/wp-json\/wp\/v2\/media\/4895"}],"wp:attachment":[{"href":"https:\/\/esbozodeportivo.com\/index.php\/wp-json\/wp\/v2\/media?parent=4901"}],"wp:term":[{"taxonomy":"category","embeddable":true,"href":"https:\/\/esbozodeportivo.com\/index.php\/wp-json\/wp\/v2\/categories?post=4901"},{"taxonomy":"post_tag","embeddable":true,"href":"https:\/\/esbozodeportivo.com\/index.php\/wp-json\/wp\/v2\/tags?post=4901"}],"curies":[{"name":"wp","href":"https:\/\/api.w.org\/{rel}","templated":true}]}}