{"id":4903,"date":"2024-12-03T06:12:27","date_gmt":"2024-12-03T06:12:27","guid":{"rendered":"https:\/\/esbozodeportivo.com\/?p=4903"},"modified":"2024-12-03T06:19:42","modified_gmt":"2024-12-03T06:19:42","slug":"inicia-este-martes-el-xxix-campeonato-nacional-de-primera-fuerza-de-tenis-varonil-puntabrasas-presentado-por-caliente","status":"publish","type":"post","link":"https:\/\/esbozodeportivo.com\/index.php\/2024\/12\/03\/inicia-este-martes-el-xxix-campeonato-nacional-de-primera-fuerza-de-tenis-varonil-puntabrasas-presentado-por-caliente\/","title":{"rendered":"Inicia este martes el XXIX Campeonato Nacional de Primera Fuerza de Tenis Varonil Puntabrasas presentado por Caliente"},"content":{"rendered":"\n<p>(Foto: Cortes\u00eda) <\/p>\n\n\n\n<ul class=\"wp-block-list\">\n<li><strong>Las mejores raquetas de M\u00e9xico se dar\u00e1n cita en el Club Irland\u00e9s de Raqueta, en busca de la bolsa de UN MILL\u00d3N DE PESOS<\/strong><\/li>\n<\/ul>\n\n\n\n<p>Con la participaci\u00f3n de los mejores tenistas de nuestro pa\u00eds, este martes se pone en marcha el cuadro principal del <strong>XXIX Campeonato Nacional de Primera Fuerza de Tenis Varonil <\/strong><a href=\"https:\/\/www.tripadvisor.com.mx\/Restaurant_Review-g150800-d3704489-Reviews-Punta_Brasas-Mexico_City_Central_Mexico_and_Gulf_Coast.html\"><strong>Puntabrasas<\/strong><\/a> presentado por <strong>Caliente<\/strong>, que, con bolsa de <strong>UN MILL\u00d3N DE PESOS<\/strong>, se disputa del 2 al 8 de diciembre en el <a href=\"https:\/\/clubirlandes.mx\/\"><strong>Club Irland\u00e9s de Raqueta<\/strong><\/a>.<\/p>\n\n\n\n<p>El cuadro principal est\u00e1 encabezado por el actual campe\u00f3n nacional y seleccionado <strong>Copa Davis<\/strong>, el acapulque\u00f1o <strong>Juan Alejandro Hern\u00e1ndez Julia<\/strong>, quien estar\u00e1 como primero en la siembra, gracias a sus 43 puntos <strong>ATP<\/strong> y los 1560 puntos que conserva como quinta raqueta en el circuito de la <a href=\"https:\/\/amtp.mx\/\"><strong>AMTP<\/strong><\/a> (Asociaci\u00f3n Mexicana de Tenistas Profesionales), organismo que avala la competencia.<\/p>\n\n\n\n<p>El segundo preclasificado ser\u00e1 el jalisciense <strong>Eduardo Yahir Orozco<\/strong>, quien hace unas semanas volvi\u00f3 a la cima de la clasificaci\u00f3n nacional, despu\u00e9s de una extraordinaria temporada 2024, seguido del vallartense <strong>Gerardo L\u00f3pez Villase\u00f1or<\/strong> (2), subcampe\u00f3n nacional el a\u00f1o pasado; y del capitalino <strong>Diego Eloy M\u00e9ndez<\/strong> (3), quien tuvo en el 2024 su mejor a\u00f1o y ya est\u00e1 colocado como tercero del ranking <strong>AMTP<\/strong>.<\/p>\n\n\n\n<p>El sonorense <strong>Alan Rubio<\/strong>, tambi\u00e9n integrante del equipo mexicano de <strong>Copa Davis<\/strong>, ser\u00e1 el quinto preclasificado, seguido de importantes tenistas como <strong>Marat S\u00e1nchez<\/strong>, <strong>L\u00e1zaro Navarro<\/strong> y <strong>Luis Pineda<\/strong>.<\/p>\n\n\n\n<p>Tambi\u00e9n estar\u00e1 en busca de su sexta corona en este campeonato, el potosino <strong>Manuel S\u00e1nchez Montemayor<\/strong>, mientras el veracruzano <strong>C\u00e9sar \u201cTibur\u00f3n\u201d Ram\u00edrez<\/strong> buscar\u00e1 su cuarto t\u00edtulo nacional; adem\u00e1s del bajacaliforniano <strong>Lucas G\u00f3mez<\/strong>, quien retoma su carrera; el jalisciense <strong>Rodrigo Alujas<\/strong>; el veracruzano <strong>Rodolfo Jauregui<\/strong>; <strong>Esdras Mora<\/strong>, <strong>Santiago Ruiz<\/strong>, <strong>Alfredo Moreno<\/strong>, <strong>Alexis Carlos<\/strong> y <strong>Lance Amaury Lange Castel\u00e1n<\/strong>, entre otros.<\/p>\n\n\n\n<figure class=\"wp-block-image size-large is-resized\"><img loading=\"lazy\" decoding=\"async\" width=\"1024\" height=\"742\" src=\"https:\/\/esbozodeportivo.com\/wp-content\/uploads\/2024\/12\/Tenis-1024x742.jpg\" alt=\"\" class=\"wp-image-4905\" style=\"width:737px;height:auto\" srcset=\"https:\/\/esbozodeportivo.com\/wp-content\/uploads\/2024\/12\/Tenis-1024x742.jpg 1024w, https:\/\/esbozodeportivo.com\/wp-content\/uploads\/2024\/12\/Tenis-300x217.jpg 300w, https:\/\/esbozodeportivo.com\/wp-content\/uploads\/2024\/12\/Tenis-768x556.jpg 768w, https:\/\/esbozodeportivo.com\/wp-content\/uploads\/2024\/12\/Tenis-1536x1113.jpg 1536w, https:\/\/esbozodeportivo.com\/wp-content\/uploads\/2024\/12\/Tenis.jpg 1600w\" sizes=\"auto, (max-width: 1024px) 100vw, 1024px\" \/><\/figure>\n\n\n\n<p>(Foto: Cortes\u00eda) <\/p>\n\n\n\n<p><strong>RESPALDO INUSITADO<\/strong><\/p>\n\n\n\n<p>Es gracias al compromiso del consejo de administraci\u00f3n del <strong>Club Irland\u00e9s de Raqueta<\/strong>, que preside <strong>Octavio Villa<\/strong>, y quien cuenta con un gran equipo que lo respalda, desde el director del comit\u00e9 de tenis, <strong>Ricardo Aguilar Caballero<\/strong>; el director de tenis, <strong>Gildardo Cort\u00e9s<\/strong>; el gerente general, <strong>Eduardo Flores<\/strong>; y todo un grupo de profesionales que se logr\u00f3 hacer por tercer a\u00f1o seguido esta competencia en esas instalaciones, todo apoyado por el presidente de la <strong>AMTP<\/strong>, <strong>Javier Gait\u00e1n Estrada<\/strong>, quien es, sin dudarlo, el mejor promotor de tenis en M\u00e9xico.<\/p>\n\n\n\n<p>Menci\u00f3n aparte merece <strong>Francisco Mu\u00f1oz<\/strong>, de <strong>Puntabrasas<\/strong>, director ejecutivo del torneo y principal patrocinador, quien ha puesto todo su empe\u00f1o y capital, para seguir apostando por el tenis mexicano. Otro patrocinador muy importante ha sido <strong>Caliente<\/strong>, empresa comprometida con la difusi\u00f3n de todos los deportes en nuestro pa\u00eds y que ve en el tenis, un amplio campo de desarrollo.<\/p>\n\n\n\n<p><strong>ALFREDO MORENO Y LANCE LAGE<\/strong><\/p>\n\n\n\n<p>Fueron 59 los jugadores que participaron el domingo 1 y el lunes 2 de diciembre, en la calificaci\u00f3n del <strong>XXIX Campeonato Nacional de Primera Fuerza de Tenis Varonil Puntabrasas<\/strong> presentado por <strong>Caliente<\/strong> y result\u00f3 un excelso pre\u00e1mbulo de lo que nos espera en el cuadro principal.<\/p>\n\n\n\n<p>Dos de los tenistas que conquistaron su pase al cuadro principal, a trav\u00e9s de la calificaci\u00f3n, fueron el queretano <strong>Alfredo Moreno<\/strong>, quien en la ronda decisiva se impuso 6-4, 7-6 al michoacano <strong>C\u00e9sar Carmona<\/strong>, as\u00ed como <strong>Lance Amaury Lange Castel\u00e1n<\/strong>, quien venci\u00f3 por 5-7, 7-6, 6-2 a <strong>Juan Pablo Rodr\u00edguez<\/strong>.<\/p>\n\n\n\n<p>Tambi\u00e9n calificaron <strong>Luis \u00c1ngel Egu\u00eda<\/strong>, quien venci\u00f3 6-0, 6-0 a <strong>Juan Carlos Romero<\/strong>; <strong>Emiliano Garc\u00eda Alanis<\/strong>, 6-0, 6-2 a <strong>Pablo Tovar<\/strong>; <strong>Andr\u00e9 Miguel Zamorano<\/strong>, 6-1, 6-2 a <strong>Maximiliano Reyes<\/strong>; <strong>Nikolas Warnholtz<\/strong>, 2-6, 6-1, 6-3 a <strong>Rodrigo Reyna<\/strong>; <strong>\u00c1ngel Ra\u00fal Arias<\/strong>, 6-3, 6-2 a <strong>Antonio Lozada<\/strong> y <strong>Ricardo Reyna<\/strong>, 6-0, 6-2 a <strong>Julio Piero Ayala<\/strong>.<\/p>\n\n\n\n<p>Este martes, a partir de las 10 de la ma\u00f1ana, comienza la fiesta del deporte blanco en el <strong>Club Irland\u00e9s de Raqueta<\/strong>, tanto en singles como en dobles y la entrada es libre.<\/p>\n","protected":false},"excerpt":{"rendered":"<p>(Foto: Cortes\u00eda) Con la participaci\u00f3n de los mejores tenistas de nuestro pa\u00eds, este martes se<\/p>\n","protected":false},"author":2,"featured_media":4904,"comment_status":"closed","ping_status":"open","sticky":false,"template":"","format":"standard","meta":{"_jetpack_memberships_contains_paid_content":false,"footnotes":""},"categories":[37],"tags":[],"class_list":["post-4903","post","type-post","status-publish","format-standard","has-post-thumbnail","hentry","category-tenis"],"yoast_head":"<!-- This site is optimized with the Yoast SEO plugin v25.7 - https:\/\/yoast.com\/wordpress\/plugins\/seo\/ -->\n<title>Inicia este martes el XXIX Campeonato Nacional de Primera Fuerza de Tenis Varonil Puntabrasas presentado por Caliente - Esbozo Deportivo<\/title>\n<meta name=\"description\" content=\"Con la participaci\u00f3n de los mejores tenistas de nuestro pa\u00eds, este martes se pone en marcha el cuadro principal del XXIX Campeonato Nacional de Primera Fuerza de Tenis Varonil Puntabrasas presentado por Caliente, que, con bolsa de UN MILL\u00d3N DE PESOS, se disputa del 2 al 8 de diciembre en el Club Irland\u00e9s de Raqueta.\" \/>\n<meta name=\"robots\" content=\"index, follow, max-snippet:-1, max-image-preview:large, max-video-preview:-1\" \/>\n<link rel=\"canonical\" href=\"https:\/\/esbozodeportivo.com\/index.php\/2024\/12\/03\/inicia-este-martes-el-xxix-campeonato-nacional-de-primera-fuerza-de-tenis-varonil-puntabrasas-presentado-por-caliente\/\" \/>\n<meta property=\"og:locale\" content=\"es_MX\" \/>\n<meta property=\"og:type\" content=\"article\" \/>\n<meta property=\"og:title\" content=\"Inicia este martes el XXIX Campeonato Nacional de Primera Fuerza de Tenis Varonil Puntabrasas presentado por Caliente - Esbozo Deportivo\" \/>\n<meta property=\"og:description\" content=\"Con la participaci\u00f3n de los mejores tenistas de nuestro pa\u00eds, este martes se pone en marcha el cuadro principal del XXIX Campeonato Nacional de Primera Fuerza de Tenis Varonil Puntabrasas presentado por Caliente, que, con bolsa de UN MILL\u00d3N DE PESOS, se disputa del 2 al 8 de diciembre en el Club Irland\u00e9s de Raqueta.\" \/>\n<meta property=\"og:url\" content=\"https:\/\/esbozodeportivo.com\/index.php\/2024\/12\/03\/inicia-este-martes-el-xxix-campeonato-nacional-de-primera-fuerza-de-tenis-varonil-puntabrasas-presentado-por-caliente\/\" \/>\n<meta property=\"og:site_name\" content=\"Esbozo Deportivo\" \/>\n<meta property=\"article:published_time\" content=\"2024-12-03T06:12:27+00:00\" \/>\n<meta property=\"article:modified_time\" content=\"2024-12-03T06:19:42+00:00\" \/>\n<meta property=\"og:image\" content=\"https:\/\/esbozodeportivo.com\/wp-content\/uploads\/2024\/12\/Tenis-1.jpg\" \/>\n\t<meta property=\"og:image:width\" content=\"1600\" \/>\n\t<meta property=\"og:image:height\" content=\"1213\" \/>\n\t<meta property=\"og:image:type\" content=\"image\/jpeg\" \/>\n<meta name=\"author\" content=\"Javier De La Cruz\" \/>\n<meta name=\"twitter:card\" content=\"summary_large_image\" \/>\n<meta name=\"twitter:label1\" content=\"Escrito por\" \/>\n\t<meta name=\"twitter:data1\" content=\"Javier De La Cruz\" \/>\n\t<meta name=\"twitter:label2\" content=\"Tiempo de lectura\" \/>\n\t<meta name=\"twitter:data2\" content=\"4 minutos\" \/>\n<script type=\"application\/ld+json\" class=\"yoast-schema-graph\">{\"@context\":\"https:\/\/schema.org\",\"@graph\":[{\"@type\":\"Article\",\"@id\":\"https:\/\/esbozodeportivo.com\/index.php\/2024\/12\/03\/inicia-este-martes-el-xxix-campeonato-nacional-de-primera-fuerza-de-tenis-varonil-puntabrasas-presentado-por-caliente\/#article\",\"isPartOf\":{\"@id\":\"https:\/\/esbozodeportivo.com\/index.php\/2024\/12\/03\/inicia-este-martes-el-xxix-campeonato-nacional-de-primera-fuerza-de-tenis-varonil-puntabrasas-presentado-por-caliente\/\"},\"author\":{\"name\":\"Javier De La Cruz\",\"@id\":\"https:\/\/esbozodeportivo.com\/#\/schema\/person\/7277119c98823aec37bbb84e125efd44\"},\"headline\":\"Inicia este martes el XXIX Campeonato Nacional de Primera Fuerza de Tenis Varonil Puntabrasas presentado por Caliente\",\"datePublished\":\"2024-12-03T06:12:27+00:00\",\"dateModified\":\"2024-12-03T06:19:42+00:00\",\"mainEntityOfPage\":{\"@id\":\"https:\/\/esbozodeportivo.com\/index.php\/2024\/12\/03\/inicia-este-martes-el-xxix-campeonato-nacional-de-primera-fuerza-de-tenis-varonil-puntabrasas-presentado-por-caliente\/\"},\"wordCount\":692,\"publisher\":{\"@id\":\"https:\/\/esbozodeportivo.com\/#organization\"},\"image\":{\"@id\":\"https:\/\/esbozodeportivo.com\/index.php\/2024\/12\/03\/inicia-este-martes-el-xxix-campeonato-nacional-de-primera-fuerza-de-tenis-varonil-puntabrasas-presentado-por-caliente\/#primaryimage\"},\"thumbnailUrl\":\"https:\/\/esbozodeportivo.com\/wp-content\/uploads\/2024\/12\/Tenis-1.jpg\",\"articleSection\":[\"Tenis Mexicano\"],\"inLanguage\":\"es\"},{\"@type\":\"WebPage\",\"@id\":\"https:\/\/esbozodeportivo.com\/index.php\/2024\/12\/03\/inicia-este-martes-el-xxix-campeonato-nacional-de-primera-fuerza-de-tenis-varonil-puntabrasas-presentado-por-caliente\/\",\"url\":\"https:\/\/esbozodeportivo.com\/index.php\/2024\/12\/03\/inicia-este-martes-el-xxix-campeonato-nacional-de-primera-fuerza-de-tenis-varonil-puntabrasas-presentado-por-caliente\/\",\"name\":\"Inicia este martes el XXIX Campeonato Nacional de Primera Fuerza de Tenis Varonil Puntabrasas presentado por Caliente - Esbozo Deportivo\",\"isPartOf\":{\"@id\":\"https:\/\/esbozodeportivo.com\/#website\"},\"primaryImageOfPage\":{\"@id\":\"https:\/\/esbozodeportivo.com\/index.php\/2024\/12\/03\/inicia-este-martes-el-xxix-campeonato-nacional-de-primera-fuerza-de-tenis-varonil-puntabrasas-presentado-por-caliente\/#primaryimage\"},\"image\":{\"@id\":\"https:\/\/esbozodeportivo.com\/index.php\/2024\/12\/03\/inicia-este-martes-el-xxix-campeonato-nacional-de-primera-fuerza-de-tenis-varonil-puntabrasas-presentado-por-caliente\/#primaryimage\"},\"thumbnailUrl\":\"https:\/\/esbozodeportivo.com\/wp-content\/uploads\/2024\/12\/Tenis-1.jpg\",\"datePublished\":\"2024-12-03T06:12:27+00:00\",\"dateModified\":\"2024-12-03T06:19:42+00:00\",\"description\":\"Con la participaci\u00f3n de los mejores tenistas de nuestro pa\u00eds, este martes se pone en marcha el cuadro principal del XXIX Campeonato Nacional de Primera Fuerza de Tenis Varonil Puntabrasas presentado por Caliente, que, con bolsa de UN MILL\u00d3N DE PESOS, se disputa del 2 al 8 de diciembre en el Club Irland\u00e9s de Raqueta.\",\"breadcrumb\":{\"@id\":\"https:\/\/esbozodeportivo.com\/index.php\/2024\/12\/03\/inicia-este-martes-el-xxix-campeonato-nacional-de-primera-fuerza-de-tenis-varonil-puntabrasas-presentado-por-caliente\/#breadcrumb\"},\"inLanguage\":\"es\",\"potentialAction\":[{\"@type\":\"ReadAction\",\"target\":[\"https:\/\/esbozodeportivo.com\/index.php\/2024\/12\/03\/inicia-este-martes-el-xxix-campeonato-nacional-de-primera-fuerza-de-tenis-varonil-puntabrasas-presentado-por-caliente\/\"]}]},{\"@type\":\"ImageObject\",\"inLanguage\":\"es\",\"@id\":\"https:\/\/esbozodeportivo.com\/index.php\/2024\/12\/03\/inicia-este-martes-el-xxix-campeonato-nacional-de-primera-fuerza-de-tenis-varonil-puntabrasas-presentado-por-caliente\/#primaryimage\",\"url\":\"https:\/\/esbozodeportivo.com\/wp-content\/uploads\/2024\/12\/Tenis-1.jpg\",\"contentUrl\":\"https:\/\/esbozodeportivo.com\/wp-content\/uploads\/2024\/12\/Tenis-1.jpg\",\"width\":1600,\"height\":1213},{\"@type\":\"BreadcrumbList\",\"@id\":\"https:\/\/esbozodeportivo.com\/index.php\/2024\/12\/03\/inicia-este-martes-el-xxix-campeonato-nacional-de-primera-fuerza-de-tenis-varonil-puntabrasas-presentado-por-caliente\/#breadcrumb\",\"itemListElement\":[{\"@type\":\"ListItem\",\"position\":1,\"name\":\"Inicio\",\"item\":\"https:\/\/esbozodeportivo.com\/\"},{\"@type\":\"ListItem\",\"position\":2,\"name\":\"Inicia este martes el XXIX Campeonato Nacional de Primera Fuerza de Tenis Varonil Puntabrasas presentado por Caliente\"}]},{\"@type\":\"WebSite\",\"@id\":\"https:\/\/esbozodeportivo.com\/#website\",\"url\":\"https:\/\/esbozodeportivo.com\/\",\"name\":\"Esbozo Deportivo\",\"description\":\"Lo m\u00e1s importante del Deporte\",\"publisher\":{\"@id\":\"https:\/\/esbozodeportivo.com\/#organization\"},\"potentialAction\":[{\"@type\":\"SearchAction\",\"target\":{\"@type\":\"EntryPoint\",\"urlTemplate\":\"https:\/\/esbozodeportivo.com\/?s={search_term_string}\"},\"query-input\":{\"@type\":\"PropertyValueSpecification\",\"valueRequired\":true,\"valueName\":\"search_term_string\"}}],\"inLanguage\":\"es\"},{\"@type\":\"Organization\",\"@id\":\"https:\/\/esbozodeportivo.com\/#organization\",\"name\":\"Esbozo Deportivo\",\"url\":\"https:\/\/esbozodeportivo.com\/\",\"logo\":{\"@type\":\"ImageObject\",\"inLanguage\":\"es\",\"@id\":\"https:\/\/esbozodeportivo.com\/#\/schema\/logo\/image\/\",\"url\":\"https:\/\/esbozodeportivo.com\/wp-content\/uploads\/2022\/08\/cropped-Logo-Esbozo-Web-2.png\",\"contentUrl\":\"https:\/\/esbozodeportivo.com\/wp-content\/uploads\/2022\/08\/cropped-Logo-Esbozo-Web-2.png\",\"width\":180,\"height\":50,\"caption\":\"Esbozo Deportivo\"},\"image\":{\"@id\":\"https:\/\/esbozodeportivo.com\/#\/schema\/logo\/image\/\"}},{\"@type\":\"Person\",\"@id\":\"https:\/\/esbozodeportivo.com\/#\/schema\/person\/7277119c98823aec37bbb84e125efd44\",\"name\":\"Javier De La Cruz\",\"image\":{\"@type\":\"ImageObject\",\"inLanguage\":\"es\",\"@id\":\"https:\/\/esbozodeportivo.com\/#\/schema\/person\/image\/\",\"url\":\"https:\/\/secure.gravatar.com\/avatar\/366235a56d20f1a6e8e3d0b295897639357bea880470ddf261d17bb0bc052eb1?s=96&d=mm&r=g\",\"contentUrl\":\"https:\/\/secure.gravatar.com\/avatar\/366235a56d20f1a6e8e3d0b295897639357bea880470ddf261d17bb0bc052eb1?s=96&d=mm&r=g\",\"caption\":\"Javier De La Cruz\"},\"url\":\"https:\/\/esbozodeportivo.com\/index.php\/author\/javier-de-la-cruz-de-la-cruz\/\"}]}<\/script>\n<!-- \/ Yoast SEO plugin. -->","yoast_head_json":{"title":"Inicia este martes el XXIX Campeonato Nacional de Primera Fuerza de Tenis Varonil Puntabrasas presentado por Caliente - Esbozo Deportivo","description":"Con la participaci\u00f3n de los mejores tenistas de nuestro pa\u00eds, este martes se pone en marcha el cuadro principal del XXIX Campeonato Nacional de Primera Fuerza de Tenis Varonil Puntabrasas presentado por Caliente, que, con bolsa de UN MILL\u00d3N DE PESOS, se disputa del 2 al 8 de diciembre en el Club Irland\u00e9s de Raqueta.","robots":{"index":"index","follow":"follow","max-snippet":"max-snippet:-1","max-image-preview":"max-image-preview:large","max-video-preview":"max-video-preview:-1"},"canonical":"https:\/\/esbozodeportivo.com\/index.php\/2024\/12\/03\/inicia-este-martes-el-xxix-campeonato-nacional-de-primera-fuerza-de-tenis-varonil-puntabrasas-presentado-por-caliente\/","og_locale":"es_MX","og_type":"article","og_title":"Inicia este martes el XXIX Campeonato Nacional de Primera Fuerza de Tenis Varonil Puntabrasas presentado por Caliente - Esbozo Deportivo","og_description":"Con la participaci\u00f3n de los mejores tenistas de nuestro pa\u00eds, este martes se pone en marcha el cuadro principal del XXIX Campeonato Nacional de Primera Fuerza de Tenis Varonil Puntabrasas presentado por Caliente, que, con bolsa de UN MILL\u00d3N DE PESOS, se disputa del 2 al 8 de diciembre en el Club Irland\u00e9s de Raqueta.","og_url":"https:\/\/esbozodeportivo.com\/index.php\/2024\/12\/03\/inicia-este-martes-el-xxix-campeonato-nacional-de-primera-fuerza-de-tenis-varonil-puntabrasas-presentado-por-caliente\/","og_site_name":"Esbozo Deportivo","article_published_time":"2024-12-03T06:12:27+00:00","article_modified_time":"2024-12-03T06:19:42+00:00","og_image":[{"width":1600,"height":1213,"url":"https:\/\/esbozodeportivo.com\/wp-content\/uploads\/2024\/12\/Tenis-1.jpg","type":"image\/jpeg"}],"author":"Javier De La Cruz","twitter_card":"summary_large_image","twitter_misc":{"Escrito por":"Javier De La Cruz","Tiempo de lectura":"4 minutos"},"schema":{"@context":"https:\/\/schema.org","@graph":[{"@type":"Article","@id":"https:\/\/esbozodeportivo.com\/index.php\/2024\/12\/03\/inicia-este-martes-el-xxix-campeonato-nacional-de-primera-fuerza-de-tenis-varonil-puntabrasas-presentado-por-caliente\/#article","isPartOf":{"@id":"https:\/\/esbozodeportivo.com\/index.php\/2024\/12\/03\/inicia-este-martes-el-xxix-campeonato-nacional-de-primera-fuerza-de-tenis-varonil-puntabrasas-presentado-por-caliente\/"},"author":{"name":"Javier De La Cruz","@id":"https:\/\/esbozodeportivo.com\/#\/schema\/person\/7277119c98823aec37bbb84e125efd44"},"headline":"Inicia este martes el XXIX Campeonato Nacional de Primera Fuerza de Tenis Varonil Puntabrasas presentado por Caliente","datePublished":"2024-12-03T06:12:27+00:00","dateModified":"2024-12-03T06:19:42+00:00","mainEntityOfPage":{"@id":"https:\/\/esbozodeportivo.com\/index.php\/2024\/12\/03\/inicia-este-martes-el-xxix-campeonato-nacional-de-primera-fuerza-de-tenis-varonil-puntabrasas-presentado-por-caliente\/"},"wordCount":692,"publisher":{"@id":"https:\/\/esbozodeportivo.com\/#organization"},"image":{"@id":"https:\/\/esbozodeportivo.com\/index.php\/2024\/12\/03\/inicia-este-martes-el-xxix-campeonato-nacional-de-primera-fuerza-de-tenis-varonil-puntabrasas-presentado-por-caliente\/#primaryimage"},"thumbnailUrl":"https:\/\/esbozodeportivo.com\/wp-content\/uploads\/2024\/12\/Tenis-1.jpg","articleSection":["Tenis Mexicano"],"inLanguage":"es"},{"@type":"WebPage","@id":"https:\/\/esbozodeportivo.com\/index.php\/2024\/12\/03\/inicia-este-martes-el-xxix-campeonato-nacional-de-primera-fuerza-de-tenis-varonil-puntabrasas-presentado-por-caliente\/","url":"https:\/\/esbozodeportivo.com\/index.php\/2024\/12\/03\/inicia-este-martes-el-xxix-campeonato-nacional-de-primera-fuerza-de-tenis-varonil-puntabrasas-presentado-por-caliente\/","name":"Inicia este martes el XXIX Campeonato Nacional de Primera Fuerza de Tenis Varonil Puntabrasas presentado por Caliente - Esbozo Deportivo","isPartOf":{"@id":"https:\/\/esbozodeportivo.com\/#website"},"primaryImageOfPage":{"@id":"https:\/\/esbozodeportivo.com\/index.php\/2024\/12\/03\/inicia-este-martes-el-xxix-campeonato-nacional-de-primera-fuerza-de-tenis-varonil-puntabrasas-presentado-por-caliente\/#primaryimage"},"image":{"@id":"https:\/\/esbozodeportivo.com\/index.php\/2024\/12\/03\/inicia-este-martes-el-xxix-campeonato-nacional-de-primera-fuerza-de-tenis-varonil-puntabrasas-presentado-por-caliente\/#primaryimage"},"thumbnailUrl":"https:\/\/esbozodeportivo.com\/wp-content\/uploads\/2024\/12\/Tenis-1.jpg","datePublished":"2024-12-03T06:12:27+00:00","dateModified":"2024-12-03T06:19:42+00:00","description":"Con la participaci\u00f3n de los mejores tenistas de nuestro pa\u00eds, este martes se pone en marcha el cuadro principal del XXIX Campeonato Nacional de Primera Fuerza de Tenis Varonil Puntabrasas presentado por Caliente, que, con bolsa de UN MILL\u00d3N DE PESOS, se disputa del 2 al 8 de diciembre en el Club Irland\u00e9s de Raqueta.","breadcrumb":{"@id":"https:\/\/esbozodeportivo.com\/index.php\/2024\/12\/03\/inicia-este-martes-el-xxix-campeonato-nacional-de-primera-fuerza-de-tenis-varonil-puntabrasas-presentado-por-caliente\/#breadcrumb"},"inLanguage":"es","potentialAction":[{"@type":"ReadAction","target":["https:\/\/esbozodeportivo.com\/index.php\/2024\/12\/03\/inicia-este-martes-el-xxix-campeonato-nacional-de-primera-fuerza-de-tenis-varonil-puntabrasas-presentado-por-caliente\/"]}]},{"@type":"ImageObject","inLanguage":"es","@id":"https:\/\/esbozodeportivo.com\/index.php\/2024\/12\/03\/inicia-este-martes-el-xxix-campeonato-nacional-de-primera-fuerza-de-tenis-varonil-puntabrasas-presentado-por-caliente\/#primaryimage","url":"https:\/\/esbozodeportivo.com\/wp-content\/uploads\/2024\/12\/Tenis-1.jpg","contentUrl":"https:\/\/esbozodeportivo.com\/wp-content\/uploads\/2024\/12\/Tenis-1.jpg","width":1600,"height":1213},{"@type":"BreadcrumbList","@id":"https:\/\/esbozodeportivo.com\/index.php\/2024\/12\/03\/inicia-este-martes-el-xxix-campeonato-nacional-de-primera-fuerza-de-tenis-varonil-puntabrasas-presentado-por-caliente\/#breadcrumb","itemListElement":[{"@type":"ListItem","position":1,"name":"Inicio","item":"https:\/\/esbozodeportivo.com\/"},{"@type":"ListItem","position":2,"name":"Inicia este martes el XXIX Campeonato Nacional de Primera Fuerza de Tenis Varonil Puntabrasas presentado por Caliente"}]},{"@type":"WebSite","@id":"https:\/\/esbozodeportivo.com\/#website","url":"https:\/\/esbozodeportivo.com\/","name":"Esbozo Deportivo","description":"Lo m\u00e1s importante del Deporte","publisher":{"@id":"https:\/\/esbozodeportivo.com\/#organization"},"potentialAction":[{"@type":"SearchAction","target":{"@type":"EntryPoint","urlTemplate":"https:\/\/esbozodeportivo.com\/?s={search_term_string}"},"query-input":{"@type":"PropertyValueSpecification","valueRequired":true,"valueName":"search_term_string"}}],"inLanguage":"es"},{"@type":"Organization","@id":"https:\/\/esbozodeportivo.com\/#organization","name":"Esbozo Deportivo","url":"https:\/\/esbozodeportivo.com\/","logo":{"@type":"ImageObject","inLanguage":"es","@id":"https:\/\/esbozodeportivo.com\/#\/schema\/logo\/image\/","url":"https:\/\/esbozodeportivo.com\/wp-content\/uploads\/2022\/08\/cropped-Logo-Esbozo-Web-2.png","contentUrl":"https:\/\/esbozodeportivo.com\/wp-content\/uploads\/2022\/08\/cropped-Logo-Esbozo-Web-2.png","width":180,"height":50,"caption":"Esbozo Deportivo"},"image":{"@id":"https:\/\/esbozodeportivo.com\/#\/schema\/logo\/image\/"}},{"@type":"Person","@id":"https:\/\/esbozodeportivo.com\/#\/schema\/person\/7277119c98823aec37bbb84e125efd44","name":"Javier De La Cruz","image":{"@type":"ImageObject","inLanguage":"es","@id":"https:\/\/esbozodeportivo.com\/#\/schema\/person\/image\/","url":"https:\/\/secure.gravatar.com\/avatar\/366235a56d20f1a6e8e3d0b295897639357bea880470ddf261d17bb0bc052eb1?s=96&d=mm&r=g","contentUrl":"https:\/\/secure.gravatar.com\/avatar\/366235a56d20f1a6e8e3d0b295897639357bea880470ddf261d17bb0bc052eb1?s=96&d=mm&r=g","caption":"Javier De La Cruz"},"url":"https:\/\/esbozodeportivo.com\/index.php\/author\/javier-de-la-cruz-de-la-cruz\/"}]}},"jetpack_featured_media_url":"https:\/\/esbozodeportivo.com\/wp-content\/uploads\/2024\/12\/Tenis-1.jpg","jetpack_sharing_enabled":true,"_links":{"self":[{"href":"https:\/\/esbozodeportivo.com\/index.php\/wp-json\/wp\/v2\/posts\/4903","targetHints":{"allow":["GET"]}}],"collection":[{"href":"https:\/\/esbozodeportivo.com\/index.php\/wp-json\/wp\/v2\/posts"}],"about":[{"href":"https:\/\/esbozodeportivo.com\/index.php\/wp-json\/wp\/v2\/types\/post"}],"author":[{"embeddable":true,"href":"https:\/\/esbozodeportivo.com\/index.php\/wp-json\/wp\/v2\/users\/2"}],"replies":[{"embeddable":true,"href":"https:\/\/esbozodeportivo.com\/index.php\/wp-json\/wp\/v2\/comments?post=4903"}],"version-history":[{"count":2,"href":"https:\/\/esbozodeportivo.com\/index.php\/wp-json\/wp\/v2\/posts\/4903\/revisions"}],"predecessor-version":[{"id":4907,"href":"https:\/\/esbozodeportivo.com\/index.php\/wp-json\/wp\/v2\/posts\/4903\/revisions\/4907"}],"wp:featuredmedia":[{"embeddable":true,"href":"https:\/\/esbozodeportivo.com\/index.php\/wp-json\/wp\/v2\/media\/4904"}],"wp:attachment":[{"href":"https:\/\/esbozodeportivo.com\/index.php\/wp-json\/wp\/v2\/media?parent=4903"}],"wp:term":[{"taxonomy":"category","embeddable":true,"href":"https:\/\/esbozodeportivo.com\/index.php\/wp-json\/wp\/v2\/categories?post=4903"},{"taxonomy":"post_tag","embeddable":true,"href":"https:\/\/esbozodeportivo.com\/index.php\/wp-json\/wp\/v2\/tags?post=4903"}],"curies":[{"name":"wp","href":"https:\/\/api.w.org\/{rel}","templated":true}]}}