{"id":4964,"date":"2024-12-05T02:41:38","date_gmt":"2024-12-05T02:41:38","guid":{"rendered":"https:\/\/esbozodeportivo.com\/?p=4964"},"modified":"2024-12-05T02:41:39","modified_gmt":"2024-12-05T02:41:39","slug":"la-vida-no-ha-sido-facil-y-toda-mi-vida-he-tratado-de-ayudar-a-mis-semejantes-edgardo-eliezer","status":"publish","type":"post","link":"https:\/\/esbozodeportivo.com\/index.php\/2024\/12\/05\/la-vida-no-ha-sido-facil-y-toda-mi-vida-he-tratado-de-ayudar-a-mis-semejantes-edgardo-eliezer\/","title":{"rendered":"\u201cLa vida no ha sido f\u00e1cil y toda mi vida he tratado de ayudar a mis semejantes\u201d: Edgardo Eliezer"},"content":{"rendered":"\n<p>(Foto: esbozodeportivo.com) <\/p>\n\n\n\n<p><strong>Por Javier de la Cruz<\/strong><\/p>\n\n\n\n<p><strong>+Actor, cantante e ingeniero bi\u00f3logo<\/strong><\/p>\n\n\n\n<p><strong>*Fundador de Afromexicana en Estados Unidos<\/strong><\/p>\n\n\n\n<p>Ingeniero bi\u00f3logo de profesi\u00f3n y fisicomatem\u00e1tica y con una amplia trayectoria en la actuaci\u00f3n, adem\u00e1s del modelaje y el canto, el Paname\u00f1o <strong>Edgardo Eliezer<\/strong>, quien ha participado en series para <a href=\"https:\/\/www.netflix.com\/browse\"><strong>Netflix<\/strong><\/a>, as\u00ed como en telenovelas de <a href=\"https:\/\/www.televisa.com\/\"><strong>Televisa<\/strong><\/a><strong> <\/strong>como <strong>\u201cDestilando Amor<\/strong>\u201d, y <strong>\u201cLa Chacala\u201d<\/strong> de <a href=\"https:\/\/www.tvazteca.com\/\"><strong>Tv Azteca<\/strong><\/a>, platic\u00f3 en exclusiva para <a href=\"https:\/\/esbozodeportivo.com\/\"><strong>esbozodeportivo.com<\/strong><\/a>, como ha sido su vida en nuestro pa\u00eds desde su salida de <strong>Panam\u00e1<\/strong>.<\/p>\n\n\n\n<p>Luego de recibir un reconocimiento como uno de los 100 l\u00edderes 2024, en el <strong>D\u00eda Internacional del Hombre<\/strong>, por parte de <strong>El Comit\u00e9 Cultural Tropicana Garibaldi<\/strong>, que encabeza la licenciada <strong>Carolina Solorio<\/strong>, el actor agradeci\u00f3 la invitaci\u00f3n y el reconocimiento que le otorgaron.&nbsp;<\/p>\n\n\n\n<p>\u201cLa verdad que me da gusto y le doy las gracias a los organizadores, especialmente a la Lic. <strong>Carolina Solorio<\/strong>, por haberme invitado y darme este reconocimiento, este premio en el <strong>D\u00eda del Hombre<\/strong>, bueno yo no me lo esperaba y es una motivaci\u00f3n porque hay muchas cosas que he hecho y no ha sido f\u00e1cil y toda mi vida he tratado de ayudar a mis semejantes y creo que tambi\u00e9n los hombres lo tienen que reconocer. Yo amo a mi madre y es mi m\u00e1ximo, mi ejemplo, pero tambi\u00e9n algunos hombres hacen cosas importantes que hay que tomarlos en cuenta y que bueno que celebran esto porque yo nunca hab\u00eda escuchado que dieran reconocimiento a los hombres en el <strong>D\u00eda del Hombre a los hombres<\/strong>, es la primera vez que veo que celebran al sexo masculino y me llam\u00f3 la atenci\u00f3n y se lo agradezco\u201d coment\u00f3<\/p>\n\n\n\n<figure class=\"wp-block-image size-large\"><img loading=\"lazy\" decoding=\"async\" width=\"1024\" height=\"575\" src=\"https:\/\/esbozodeportivo.com\/wp-content\/uploads\/2024\/12\/Entrevista-Edgardo-Actor-3-1024x575.jpg\" alt=\"\" class=\"wp-image-4968\" srcset=\"https:\/\/esbozodeportivo.com\/wp-content\/uploads\/2024\/12\/Entrevista-Edgardo-Actor-3-1024x575.jpg 1024w, https:\/\/esbozodeportivo.com\/wp-content\/uploads\/2024\/12\/Entrevista-Edgardo-Actor-3-300x168.jpg 300w, https:\/\/esbozodeportivo.com\/wp-content\/uploads\/2024\/12\/Entrevista-Edgardo-Actor-3-768x431.jpg 768w, https:\/\/esbozodeportivo.com\/wp-content\/uploads\/2024\/12\/Entrevista-Edgardo-Actor-3-1536x863.jpg 1536w, https:\/\/esbozodeportivo.com\/wp-content\/uploads\/2024\/12\/Entrevista-Edgardo-Actor-3-2048x1150.jpg 2048w\" sizes=\"auto, (max-width: 1024px) 100vw, 1024px\" \/><\/figure>\n\n\n\n<p>(Foto: esbozodeportivo.com)<\/p>\n\n\n\n<p><strong>Edgardo Eliezer<\/strong>, quien adem\u00e1s de destacar en la actuaci\u00f3n, en el canto y en su profesi\u00f3n de ingeniero, es presidente de la <strong>Fundaci\u00f3n Afromexicana<\/strong> en Estados Unidos, en la que ayuda a migrantes.<\/p>\n\n\n\n<p>\u201cLlev\u00f3 toda mi vida en M\u00e9xico, llegu\u00e9 a Chihuahua, aqu\u00ed estudi\u00e9 la carrera de ingeniero bi\u00f3logo y fisicomatem\u00e1tica en el <a href=\"https:\/\/www.ipn.mx\/\"><strong>Polit\u00e9cnico Nacional<\/strong><\/a><strong> <\/strong>y tambi\u00e9n en <a href=\"https:\/\/www.lasestrellas.tv\/cea\"><strong>Televisa del CEA<\/strong><\/a>, el <a href=\"https:\/\/inba.gob.mx\/recinto\/3\"><strong>Conservatorio Nacional de M\u00fasica<\/strong><\/a> y en el Estudio Musical Orfeo. Y fund\u00e9 una fundaci\u00f3n, no s\u00e9 si valga la redundancia, que se llama <strong>Identidad Afromexicana<\/strong> en <strong>Estados Unidos<\/strong> y que es para ayudar a todos los migrantes que radican en el pa\u00eds del norte, la fundaci\u00f3n est\u00e1 en los <strong>Estados Unidos<\/strong>, pienso traerla aqu\u00ed a <strong>M\u00e9xico<\/strong> muy pronto\u201d, mencion\u00f3.<\/p>\n\n\n\n<p>En ese sentido el cantante a\u00f1adi\u00f3. \u201cAcabo de publicar una canci\u00f3n que se llama Inmigrantes. Esta canci\u00f3n la hice hace casi 30 a\u00f1os porque siempre me preocup\u00f3 esta cuesti\u00f3n de los inmigrantes y la acabo de publicar, la encuentro en todas las redes\u201d.<\/p>\n\n\n\n<p>\u201cTambi\u00e9n me dedico a apoyar personas de M\u00e9xico en Estados Unidos que tienen necesidad de trasplante de \u00f3rgano, hace como un a\u00f1o acaban de operar a una se\u00f1ora mexicana de trasplante de ri\u00f1\u00f3n y me tard\u00e9 como 8 a\u00f1os en hacerlo porque es mucho dinero pero lo logramos\u201d.<\/p>\n\n\n\n<figure class=\"wp-block-image size-large\"><img loading=\"lazy\" decoding=\"async\" width=\"703\" height=\"1024\" src=\"https:\/\/esbozodeportivo.com\/wp-content\/uploads\/2024\/12\/Entrevista-Edgardo-Actor-1-703x1024.jpg\" alt=\"\" class=\"wp-image-4966\" srcset=\"https:\/\/esbozodeportivo.com\/wp-content\/uploads\/2024\/12\/Entrevista-Edgardo-Actor-1-703x1024.jpg 703w, https:\/\/esbozodeportivo.com\/wp-content\/uploads\/2024\/12\/Entrevista-Edgardo-Actor-1-206x300.jpg 206w, https:\/\/esbozodeportivo.com\/wp-content\/uploads\/2024\/12\/Entrevista-Edgardo-Actor-1-768x1119.jpg 768w, https:\/\/esbozodeportivo.com\/wp-content\/uploads\/2024\/12\/Entrevista-Edgardo-Actor-1-1054x1536.jpg 1054w, https:\/\/esbozodeportivo.com\/wp-content\/uploads\/2024\/12\/Entrevista-Edgardo-Actor-1-1405x2048.jpg 1405w, https:\/\/esbozodeportivo.com\/wp-content\/uploads\/2024\/12\/Entrevista-Edgardo-Actor-1-1024x1492.jpg 1024w, https:\/\/esbozodeportivo.com\/wp-content\/uploads\/2024\/12\/Entrevista-Edgardo-Actor-1-scaled.jpg 1757w\" sizes=\"auto, (max-width: 703px) 100vw, 703px\" \/><\/figure>\n\n\n\n<p>(Foto: esbozodeportivo.com) <\/p>\n\n\n\n<p>\u00bfPor qu\u00e9, ayudar a los migrantes?<\/p>\n\n\n\n<p>\u201cYo pr\u00e1cticamente desde los 14 a\u00f1os en mi pa\u00eds siempre hac\u00eda obra humanitaria, los s\u00e1bados \u00edbamos a limpiar patios, a pintar casas, a regar casas de personas, ancianos y as\u00ed y ya cuando llegu\u00e9 a M\u00e9xico y entr\u00e9 al medio art\u00edstico pues ya hubo la facilidad de seguir haci\u00e9ndolo y pues por eso, me naci\u00f3 ayudar a la gente de otros pa\u00edses. Mi madre siempre fue as\u00ed y nos ense\u00f1\u00f3 desde chicos ayudar a la gente\u201d, coment\u00f3.<\/p>\n\n\n\n<p>La madre de Edgardo fue la que inculc\u00f3 al actor las buenas labores hacia sus semejantes y tambi\u00e9n fue una de las fundadoras del <a href=\"https:\/\/www.un.org\/es\/observances\/womens-day\"><strong>D\u00eda Internacional de la Mujer<\/strong><\/a><strong> <\/strong>en nuestro pa\u00eds.<\/p>\n\n\n\n<p>\u201cMi madre fue la fundadora del a\u00f1o internacional de la mujer y mucha gente no sabe, pero eso se gest\u00f3 en la Ciudad de M\u00e9xico y sin embargo nunca le han dado el m\u00e9rito a mi madre, pero el a\u00f1o internacional de la mujer se gest\u00f3 aqu\u00ed en M\u00e9xico, en la capital porque mi mam\u00e1 ven\u00eda aqu\u00ed, ven\u00eda a representar a Panam\u00e1. Hace unos a\u00f1os conoc\u00ed a una se\u00f1ora que hoy es diputada, -no me acuerdo en este momento de su nombre- primero fue Senadora y ahorita es Diputada, y fue la que me cont\u00f3 que mi mam\u00e1 desde muy chica estuvo haciendo labores para ayudar a las mujeres de varios pa\u00edses del continente Americano\u201d, se\u00f1al\u00f3.<\/p>\n\n\n\n<p>En ese tema de la ayuda a la mujer y siendo su madre una de las fundadoras, el actor hace una referencia de la violencia hacia la mujer en M\u00e9xico.<\/p>\n\n\n\n<p>\u201cBueno yo creo que en relaci\u00f3n a ese tema, te puedo comentar que en Panam\u00e1, es un poco menos la violencia hacia el g\u00e9nero femenino. Creo que aqu\u00ed en M\u00e9xico, est\u00e1 un poco m\u00e1s marcado, en mi pa\u00eds la mujer tiene mucho m\u00e1s libertad. Cuando llegu\u00e9 s\u00ed me llam\u00f3 la atenci\u00f3n que estaba muy marcado, no s\u00e9 si era el machismo, pero m\u00e1s que el machismo son complejos y cosas que te meten en la cabeza tanto a los hombres como a las mujeres y me llamaba la atenci\u00f3n porque M\u00e9xico es un pa\u00eds de fiesta, de alegr\u00eda, entonces creo que no me cuadraba nada de lo que yo vi, bueno lo que se hab\u00eda de M\u00e9xico, en mi pa\u00eds a cuando llegu\u00e9, entonces s\u00ed, pero ya han cambiado mucho las mentalidades\u201d, mencion\u00f3<\/p>\n\n\n\n<figure class=\"wp-block-image size-large is-resized\"><img loading=\"lazy\" decoding=\"async\" width=\"1024\" height=\"575\" src=\"https:\/\/esbozodeportivo.com\/wp-content\/uploads\/2024\/12\/Entrevista-Edgardo-Actor-2-1024x575.jpg\" alt=\"\" class=\"wp-image-4967\" style=\"width:740px;height:auto\" srcset=\"https:\/\/esbozodeportivo.com\/wp-content\/uploads\/2024\/12\/Entrevista-Edgardo-Actor-2-1024x575.jpg 1024w, https:\/\/esbozodeportivo.com\/wp-content\/uploads\/2024\/12\/Entrevista-Edgardo-Actor-2-300x168.jpg 300w, https:\/\/esbozodeportivo.com\/wp-content\/uploads\/2024\/12\/Entrevista-Edgardo-Actor-2-768x431.jpg 768w, https:\/\/esbozodeportivo.com\/wp-content\/uploads\/2024\/12\/Entrevista-Edgardo-Actor-2-1536x863.jpg 1536w, https:\/\/esbozodeportivo.com\/wp-content\/uploads\/2024\/12\/Entrevista-Edgardo-Actor-2-2048x1150.jpg 2048w\" sizes=\"auto, (max-width: 1024px) 100vw, 1024px\" \/><\/figure>\n\n\n\n<p>(Foto: esbozodeportivo.com) <\/p>\n\n\n\n<p>Volviendo a la entrega de premios del D\u00eda del Hombre, \u00bfQu\u00e9 opinas que varios asociaciones de la comunidad <a href=\"https:\/\/es.wikipedia.org\/wiki\/LGBT\"><strong>LGBTQ+<\/strong><\/a> recibieron un reconocimiento en este d\u00eda?<\/p>\n\n\n\n<p>\u201cExisten muchas libertades como el de la homosexualidad y muchas cosas, o sea yo respeto, digo imag\u00ednate que a m\u00ed me haya salido una hija homosexual, pues como, yo no lo reprimo, es mi hijo y yo lo amo como sea y creo que todos los humanos tienen derecho a una libertad, todos tenemos derecho a la libertad, yo Edgardo no le doy caso a la sociedad, yo no vivo para la sociedad, yo vivo para Edgardo y por eso yo soy as\u00ed, yo pienso as\u00ed y desde chavo he tenido muchos amigos.<\/p>\n\n\n\n<p>\u201cEs m\u00e1s desde que yo entr\u00e9 a la primaria, mi compa\u00f1ero de banca, a nosotros los ni\u00f1os nunca nos platicaron el homosexualismo y nosotros los ni\u00f1os nos fuimos dando cuenta que nuestro compa\u00f1ero era amanerado y nunca lo reprimimos y era el consentido del sal\u00f3n y sobre todo de nosotros los varones, o sea y el chavo creci\u00f3 y creci\u00f3 y bien, adem\u00e1s en Panam\u00e1 en general en este aspecto, en Panam\u00e1 no hay represi\u00f3n, nunca hab\u00eda represi\u00f3n con los homosexuales, jam\u00e1s, los homosexuales ah\u00ed eran los reyes del barrio, siempre, eran los m\u00e1s famosos y a que todo el mundo lo consent\u00eda, entonces yo crec\u00ed con esa mentalidad y a la mujer tambi\u00e9n, la mujer en Panam\u00e1 tiene muchas libertades y mi mam\u00e1 fue l\u00edder en mi pa\u00eds y ya falleci\u00f3, y bueno a ella pues siempre hay algo, t\u00fa sabes siempre hay algo de machismo y cosas. Pero en lo particular a m\u00ed me dio mucho gusto que <strong>El Comit\u00e9 Cultural Tropicana Garibaldi<\/strong>, que encabeza la licenciada <strong>Carolina Solorio<\/strong>, les haya otorgado un reconocimiento a las asociaciones de la comunidad <strong>LGBTQ+<\/strong>, eso quiere decir que en M\u00e9xico, existe la libertad en todos los sentidos\u201d, manifest\u00f3<\/p>\n\n\n\n<figure class=\"wp-block-image size-large\"><img loading=\"lazy\" decoding=\"async\" width=\"650\" height=\"1024\" src=\"https:\/\/esbozodeportivo.com\/wp-content\/uploads\/2024\/12\/Entrevista-Edgardo-Actor--650x1024.jpg\" alt=\"\" class=\"wp-image-4965\" srcset=\"https:\/\/esbozodeportivo.com\/wp-content\/uploads\/2024\/12\/Entrevista-Edgardo-Actor--650x1024.jpg 650w, https:\/\/esbozodeportivo.com\/wp-content\/uploads\/2024\/12\/Entrevista-Edgardo-Actor--190x300.jpg 190w, https:\/\/esbozodeportivo.com\/wp-content\/uploads\/2024\/12\/Entrevista-Edgardo-Actor--768x1210.jpg 768w, https:\/\/esbozodeportivo.com\/wp-content\/uploads\/2024\/12\/Entrevista-Edgardo-Actor--975x1536.jpg 975w, https:\/\/esbozodeportivo.com\/wp-content\/uploads\/2024\/12\/Entrevista-Edgardo-Actor--1300x2048.jpg 1300w, https:\/\/esbozodeportivo.com\/wp-content\/uploads\/2024\/12\/Entrevista-Edgardo-Actor--1024x1614.jpg 1024w, https:\/\/esbozodeportivo.com\/wp-content\/uploads\/2024\/12\/Entrevista-Edgardo-Actor--scaled.jpg 1625w\" sizes=\"auto, (max-width: 650px) 100vw, 650px\" \/><\/figure>\n\n\n\n<p>(Foto: esbozodeortivo.com)<\/p>\n\n\n\n<p>\u00bfEdgardo plat\u00edcanos un poco de tu trayectoria, art\u00edstica?<\/p>\n\n\n\n<p>\u201cBueno mira estudi\u00e9&nbsp; actuaci\u00f3n en <strong>Televisa en el CEA<\/strong> he estado en telenovelas como <strong>Destilando Amor<\/strong>, <strong>La Chacala<\/strong>, entre otras. Y adem\u00e1s estudi\u00e9 canto en el conservatorio, estuve en <strong>M\u00fasica de Orfeo<\/strong>, grab\u00e9 mi primer disco que fue producci\u00f3n de <strong>Televisa<\/strong>, que fue el dueto <strong>Domin\u00f3<\/strong> que era un g\u00fcero y yo y ya despu\u00e9s de eso pues grab\u00e9 un disco en Miami con el mismo m\u00fasico que graba <strong>Ricky Martin<\/strong>, <strong>Gloria Estefan<\/strong>, mi ingeniero fue el de <strong>Michael Jackson<\/strong>, <strong>Celine Dion<\/strong>. Y sal\u00ed nominado a dos <a href=\"https:\/\/www.grammy.com\/\"><strong>Grammys<\/strong><\/a>\u201d, dijo.<\/p>\n\n\n\n<p>\u201cEstaba haciendo el de <strong>Ross Tugart<\/strong> en <strong>Los \u00c1ngeles<\/strong> y el m\u00edo en <strong>Miami<\/strong>, mi productor fue <strong>Frankie Marcos<\/strong> que est\u00e1 ahorita aqu\u00ed en el <strong>Lunario<\/strong>, que me invitaron pero yo vine aqu\u00ed primero porque aqu\u00ed. Acabo de publicar mi canci\u00f3n <strong>Inmigrantes<\/strong>, que es el pro de los inmigrantes, que eso siempre me ha preocupado, bueno y la verdad me ha ido ch\u00e9vere\u201d, mencion\u00f3.<\/p>\n\n\n\n<p>\u201cTambi\u00e9n he hecho teatro, he estado en superestrellas en el Teatro Uno y eso fue por <strong>Televisa<\/strong> cuando empezaba yo y tambi\u00e9n la \u00f3pera <strong>Rock Fast<\/strong> en el <strong>Teatro Hel\u00e9nico<\/strong>, por la cual ese a\u00f1o me pusieron en la terna de Mejor Actor de Comunidad Musical del A\u00f1o al lado de <strong>Javier D\u00edaz Due\u00f1as<\/strong> y <strong>Julio Alem\u00e1n<\/strong> y de ah\u00ed me segu\u00ed con el dueto <strong>Domin\u00f3<\/strong> y he modelado para muchas marcas importantes y bueno hay veinte mil cosas, y las que vendr\u00e1n en un futuro, que ser\u00e1n algunas series en <strong>Netflix<\/strong>\u201d. Finaliz\u00f3.<\/p>\n","protected":false},"excerpt":{"rendered":"<p>(Foto: esbozodeportivo.com) Por Javier de la Cruz +Actor, cantante e ingeniero bi\u00f3logo *Fundador de Afromexicana<\/p>\n","protected":false},"author":2,"featured_media":4969,"comment_status":"closed","ping_status":"open","sticky":false,"template":"","format":"standard","meta":{"_jetpack_memberships_contains_paid_content":false,"footnotes":""},"categories":[26],"tags":[],"class_list":["post-4964","post","type-post","status-publish","format-standard","has-post-thumbnail","hentry","category-palabras"],"yoast_head":"<!-- This site is optimized with the Yoast SEO plugin v25.7 - https:\/\/yoast.com\/wordpress\/plugins\/seo\/ -->\n<title>\u201cLa vida no ha sido f\u00e1cil y toda mi vida he tratado de ayudar a mis semejantes\u201d: Edgardo Eliezer - Esbozo Deportivo<\/title>\n<meta name=\"description\" content=\"Ingeniero bi\u00f3logo de profesi\u00f3n y fisicomatem\u00e1tica y con una amplia trayectoria en la actuaci\u00f3n, adem\u00e1s del modelaje y el canto, el Paname\u00f1o Edgardo Eliezer, quien ha participado en series para Netflix, as\u00ed como en telenovelas de Televisa como \u201cDestilando Amor\u201d, y \u201cLa Chacala\u201d de Tv Azteca, platic\u00f3 en exclusiva para esbozodeportivo.com, como ha sido su vida en nuestro pa\u00eds desde su salida de Panam\u00e1.Luego de recibir un reconocimiento como uno de los 100 l\u00edderes 2024, en el D\u00eda Internacional del Hombre, por parte de El Comit\u00e9 Cultural Tropicana Garibaldi, que encabeza la licenciada Carolina Solorio, el actor agradeci\u00f3 la invitaci\u00f3n y el reconocimiento que le otorgaron.\u00a0Luego de recibir un reconocimiento como uno de los 100 l\u00edderes 2024, en el D\u00eda Internacional del Hombre, por parte de El Comit\u00e9 Cultural Tropicana Garibaldi, que encabeza la licenciada Carolina Solorio, el actor agradeci\u00f3 la invitaci\u00f3n y el reconocimiento que le otorgaron.\u00a0\" \/>\n<meta name=\"robots\" content=\"index, follow, max-snippet:-1, max-image-preview:large, max-video-preview:-1\" \/>\n<link rel=\"canonical\" href=\"https:\/\/esbozodeportivo.com\/index.php\/2024\/12\/05\/la-vida-no-ha-sido-facil-y-toda-mi-vida-he-tratado-de-ayudar-a-mis-semejantes-edgardo-eliezer\/\" \/>\n<meta property=\"og:locale\" content=\"es_MX\" \/>\n<meta property=\"og:type\" content=\"article\" \/>\n<meta property=\"og:title\" content=\"\u201cLa vida no ha sido f\u00e1cil y toda mi vida he tratado de ayudar a mis semejantes\u201d: Edgardo Eliezer - Esbozo Deportivo\" \/>\n<meta property=\"og:description\" content=\"Ingeniero bi\u00f3logo de profesi\u00f3n y fisicomatem\u00e1tica y con una amplia trayectoria en la actuaci\u00f3n, adem\u00e1s del modelaje y el canto, el Paname\u00f1o Edgardo Eliezer, quien ha participado en series para Netflix, as\u00ed como en telenovelas de Televisa como \u201cDestilando Amor\u201d, y \u201cLa Chacala\u201d de Tv Azteca, platic\u00f3 en exclusiva para esbozodeportivo.com, como ha sido su vida en nuestro pa\u00eds desde su salida de Panam\u00e1.Luego de recibir un reconocimiento como uno de los 100 l\u00edderes 2024, en el D\u00eda Internacional del Hombre, por parte de El Comit\u00e9 Cultural Tropicana Garibaldi, que encabeza la licenciada Carolina Solorio, el actor agradeci\u00f3 la invitaci\u00f3n y el reconocimiento que le otorgaron.\u00a0Luego de recibir un reconocimiento como uno de los 100 l\u00edderes 2024, en el D\u00eda Internacional del Hombre, por parte de El Comit\u00e9 Cultural Tropicana Garibaldi, que encabeza la licenciada Carolina Solorio, el actor agradeci\u00f3 la invitaci\u00f3n y el reconocimiento que le otorgaron.\u00a0\" \/>\n<meta property=\"og:url\" content=\"https:\/\/esbozodeportivo.com\/index.php\/2024\/12\/05\/la-vida-no-ha-sido-facil-y-toda-mi-vida-he-tratado-de-ayudar-a-mis-semejantes-edgardo-eliezer\/\" \/>\n<meta property=\"og:site_name\" content=\"Esbozo Deportivo\" \/>\n<meta property=\"article:published_time\" content=\"2024-12-05T02:41:38+00:00\" \/>\n<meta property=\"article:modified_time\" content=\"2024-12-05T02:41:39+00:00\" \/>\n<meta property=\"og:image\" content=\"https:\/\/esbozodeportivo.com\/wp-content\/uploads\/2024\/12\/Entrevista-Edgardo-Actor-4--scaled.jpg\" \/>\n\t<meta property=\"og:image:width\" content=\"2560\" \/>\n\t<meta property=\"og:image:height\" content=\"1874\" \/>\n\t<meta property=\"og:image:type\" content=\"image\/jpeg\" \/>\n<meta name=\"author\" content=\"Javier De La Cruz\" \/>\n<meta name=\"twitter:card\" content=\"summary_large_image\" \/>\n<meta name=\"twitter:label1\" content=\"Escrito por\" \/>\n\t<meta name=\"twitter:data1\" content=\"Javier De La Cruz\" \/>\n\t<meta name=\"twitter:label2\" content=\"Tiempo de lectura\" \/>\n\t<meta name=\"twitter:data2\" content=\"8 minutos\" \/>\n<script type=\"application\/ld+json\" class=\"yoast-schema-graph\">{\"@context\":\"https:\/\/schema.org\",\"@graph\":[{\"@type\":\"Article\",\"@id\":\"https:\/\/esbozodeportivo.com\/index.php\/2024\/12\/05\/la-vida-no-ha-sido-facil-y-toda-mi-vida-he-tratado-de-ayudar-a-mis-semejantes-edgardo-eliezer\/#article\",\"isPartOf\":{\"@id\":\"https:\/\/esbozodeportivo.com\/index.php\/2024\/12\/05\/la-vida-no-ha-sido-facil-y-toda-mi-vida-he-tratado-de-ayudar-a-mis-semejantes-edgardo-eliezer\/\"},\"author\":{\"name\":\"Javier De La Cruz\",\"@id\":\"https:\/\/esbozodeportivo.com\/#\/schema\/person\/7277119c98823aec37bbb84e125efd44\"},\"headline\":\"\u201cLa vida no ha sido f\u00e1cil y toda mi vida he tratado de ayudar a mis semejantes\u201d: Edgardo Eliezer\",\"datePublished\":\"2024-12-05T02:41:38+00:00\",\"dateModified\":\"2024-12-05T02:41:39+00:00\",\"mainEntityOfPage\":{\"@id\":\"https:\/\/esbozodeportivo.com\/index.php\/2024\/12\/05\/la-vida-no-ha-sido-facil-y-toda-mi-vida-he-tratado-de-ayudar-a-mis-semejantes-edgardo-eliezer\/\"},\"wordCount\":1604,\"publisher\":{\"@id\":\"https:\/\/esbozodeportivo.com\/#organization\"},\"image\":{\"@id\":\"https:\/\/esbozodeportivo.com\/index.php\/2024\/12\/05\/la-vida-no-ha-sido-facil-y-toda-mi-vida-he-tratado-de-ayudar-a-mis-semejantes-edgardo-eliezer\/#primaryimage\"},\"thumbnailUrl\":\"https:\/\/esbozodeportivo.com\/wp-content\/uploads\/2024\/12\/Entrevista-Edgardo-Actor-4--scaled.jpg\",\"articleSection\":[\"Entrevista Exclusiva\"],\"inLanguage\":\"es\"},{\"@type\":\"WebPage\",\"@id\":\"https:\/\/esbozodeportivo.com\/index.php\/2024\/12\/05\/la-vida-no-ha-sido-facil-y-toda-mi-vida-he-tratado-de-ayudar-a-mis-semejantes-edgardo-eliezer\/\",\"url\":\"https:\/\/esbozodeportivo.com\/index.php\/2024\/12\/05\/la-vida-no-ha-sido-facil-y-toda-mi-vida-he-tratado-de-ayudar-a-mis-semejantes-edgardo-eliezer\/\",\"name\":\"\u201cLa vida no ha sido f\u00e1cil y toda mi vida he tratado de ayudar a mis semejantes\u201d: Edgardo Eliezer - Esbozo Deportivo\",\"isPartOf\":{\"@id\":\"https:\/\/esbozodeportivo.com\/#website\"},\"primaryImageOfPage\":{\"@id\":\"https:\/\/esbozodeportivo.com\/index.php\/2024\/12\/05\/la-vida-no-ha-sido-facil-y-toda-mi-vida-he-tratado-de-ayudar-a-mis-semejantes-edgardo-eliezer\/#primaryimage\"},\"image\":{\"@id\":\"https:\/\/esbozodeportivo.com\/index.php\/2024\/12\/05\/la-vida-no-ha-sido-facil-y-toda-mi-vida-he-tratado-de-ayudar-a-mis-semejantes-edgardo-eliezer\/#primaryimage\"},\"thumbnailUrl\":\"https:\/\/esbozodeportivo.com\/wp-content\/uploads\/2024\/12\/Entrevista-Edgardo-Actor-4--scaled.jpg\",\"datePublished\":\"2024-12-05T02:41:38+00:00\",\"dateModified\":\"2024-12-05T02:41:39+00:00\",\"description\":\"Ingeniero bi\u00f3logo de profesi\u00f3n y fisicomatem\u00e1tica y con una amplia trayectoria en la actuaci\u00f3n, adem\u00e1s del modelaje y el canto, el Paname\u00f1o Edgardo Eliezer, quien ha participado en series para Netflix, as\u00ed como en telenovelas de Televisa como \u201cDestilando Amor\u201d, y \u201cLa Chacala\u201d de Tv Azteca, platic\u00f3 en exclusiva para esbozodeportivo.com, como ha sido su vida en nuestro pa\u00eds desde su salida de Panam\u00e1.Luego de recibir un reconocimiento como uno de los 100 l\u00edderes 2024, en el D\u00eda Internacional del Hombre, por parte de El Comit\u00e9 Cultural Tropicana Garibaldi, que encabeza la licenciada Carolina Solorio, el actor agradeci\u00f3 la invitaci\u00f3n y el reconocimiento que le otorgaron.\u00a0Luego de recibir un reconocimiento como uno de los 100 l\u00edderes 2024, en el D\u00eda Internacional del Hombre, por parte de El Comit\u00e9 Cultural Tropicana Garibaldi, que encabeza la licenciada Carolina Solorio, el actor agradeci\u00f3 la invitaci\u00f3n y el reconocimiento que le otorgaron.\u00a0\",\"breadcrumb\":{\"@id\":\"https:\/\/esbozodeportivo.com\/index.php\/2024\/12\/05\/la-vida-no-ha-sido-facil-y-toda-mi-vida-he-tratado-de-ayudar-a-mis-semejantes-edgardo-eliezer\/#breadcrumb\"},\"inLanguage\":\"es\",\"potentialAction\":[{\"@type\":\"ReadAction\",\"target\":[\"https:\/\/esbozodeportivo.com\/index.php\/2024\/12\/05\/la-vida-no-ha-sido-facil-y-toda-mi-vida-he-tratado-de-ayudar-a-mis-semejantes-edgardo-eliezer\/\"]}]},{\"@type\":\"ImageObject\",\"inLanguage\":\"es\",\"@id\":\"https:\/\/esbozodeportivo.com\/index.php\/2024\/12\/05\/la-vida-no-ha-sido-facil-y-toda-mi-vida-he-tratado-de-ayudar-a-mis-semejantes-edgardo-eliezer\/#primaryimage\",\"url\":\"https:\/\/esbozodeportivo.com\/wp-content\/uploads\/2024\/12\/Entrevista-Edgardo-Actor-4--scaled.jpg\",\"contentUrl\":\"https:\/\/esbozodeportivo.com\/wp-content\/uploads\/2024\/12\/Entrevista-Edgardo-Actor-4--scaled.jpg\",\"width\":2560,\"height\":1874},{\"@type\":\"BreadcrumbList\",\"@id\":\"https:\/\/esbozodeportivo.com\/index.php\/2024\/12\/05\/la-vida-no-ha-sido-facil-y-toda-mi-vida-he-tratado-de-ayudar-a-mis-semejantes-edgardo-eliezer\/#breadcrumb\",\"itemListElement\":[{\"@type\":\"ListItem\",\"position\":1,\"name\":\"Inicio\",\"item\":\"https:\/\/esbozodeportivo.com\/\"},{\"@type\":\"ListItem\",\"position\":2,\"name\":\"\u201cLa vida no ha sido f\u00e1cil y toda mi vida he tratado de ayudar a mis semejantes\u201d: Edgardo Eliezer\"}]},{\"@type\":\"WebSite\",\"@id\":\"https:\/\/esbozodeportivo.com\/#website\",\"url\":\"https:\/\/esbozodeportivo.com\/\",\"name\":\"Esbozo Deportivo\",\"description\":\"Lo m\u00e1s importante del Deporte\",\"publisher\":{\"@id\":\"https:\/\/esbozodeportivo.com\/#organization\"},\"potentialAction\":[{\"@type\":\"SearchAction\",\"target\":{\"@type\":\"EntryPoint\",\"urlTemplate\":\"https:\/\/esbozodeportivo.com\/?s={search_term_string}\"},\"query-input\":{\"@type\":\"PropertyValueSpecification\",\"valueRequired\":true,\"valueName\":\"search_term_string\"}}],\"inLanguage\":\"es\"},{\"@type\":\"Organization\",\"@id\":\"https:\/\/esbozodeportivo.com\/#organization\",\"name\":\"Esbozo Deportivo\",\"url\":\"https:\/\/esbozodeportivo.com\/\",\"logo\":{\"@type\":\"ImageObject\",\"inLanguage\":\"es\",\"@id\":\"https:\/\/esbozodeportivo.com\/#\/schema\/logo\/image\/\",\"url\":\"https:\/\/esbozodeportivo.com\/wp-content\/uploads\/2022\/08\/cropped-Logo-Esbozo-Web-2.png\",\"contentUrl\":\"https:\/\/esbozodeportivo.com\/wp-content\/uploads\/2022\/08\/cropped-Logo-Esbozo-Web-2.png\",\"width\":180,\"height\":50,\"caption\":\"Esbozo Deportivo\"},\"image\":{\"@id\":\"https:\/\/esbozodeportivo.com\/#\/schema\/logo\/image\/\"}},{\"@type\":\"Person\",\"@id\":\"https:\/\/esbozodeportivo.com\/#\/schema\/person\/7277119c98823aec37bbb84e125efd44\",\"name\":\"Javier De La Cruz\",\"image\":{\"@type\":\"ImageObject\",\"inLanguage\":\"es\",\"@id\":\"https:\/\/esbozodeportivo.com\/#\/schema\/person\/image\/\",\"url\":\"https:\/\/secure.gravatar.com\/avatar\/366235a56d20f1a6e8e3d0b295897639357bea880470ddf261d17bb0bc052eb1?s=96&d=mm&r=g\",\"contentUrl\":\"https:\/\/secure.gravatar.com\/avatar\/366235a56d20f1a6e8e3d0b295897639357bea880470ddf261d17bb0bc052eb1?s=96&d=mm&r=g\",\"caption\":\"Javier De La Cruz\"},\"url\":\"https:\/\/esbozodeportivo.com\/index.php\/author\/javier-de-la-cruz-de-la-cruz\/\"}]}<\/script>\n<!-- \/ Yoast SEO plugin. -->","yoast_head_json":{"title":"\u201cLa vida no ha sido f\u00e1cil y toda mi vida he tratado de ayudar a mis semejantes\u201d: Edgardo Eliezer - Esbozo Deportivo","description":"Ingeniero bi\u00f3logo de profesi\u00f3n y fisicomatem\u00e1tica y con una amplia trayectoria en la actuaci\u00f3n, adem\u00e1s del modelaje y el canto, el Paname\u00f1o Edgardo Eliezer, quien ha participado en series para Netflix, as\u00ed como en telenovelas de Televisa como \u201cDestilando Amor\u201d, y \u201cLa Chacala\u201d de Tv Azteca, platic\u00f3 en exclusiva para esbozodeportivo.com, como ha sido su vida en nuestro pa\u00eds desde su salida de Panam\u00e1.Luego de recibir un reconocimiento como uno de los 100 l\u00edderes 2024, en el D\u00eda Internacional del Hombre, por parte de El Comit\u00e9 Cultural Tropicana Garibaldi, que encabeza la licenciada Carolina Solorio, el actor agradeci\u00f3 la invitaci\u00f3n y el reconocimiento que le otorgaron.\u00a0Luego de recibir un reconocimiento como uno de los 100 l\u00edderes 2024, en el D\u00eda Internacional del Hombre, por parte de El Comit\u00e9 Cultural Tropicana Garibaldi, que encabeza la licenciada Carolina Solorio, el actor agradeci\u00f3 la invitaci\u00f3n y el reconocimiento que le otorgaron.\u00a0","robots":{"index":"index","follow":"follow","max-snippet":"max-snippet:-1","max-image-preview":"max-image-preview:large","max-video-preview":"max-video-preview:-1"},"canonical":"https:\/\/esbozodeportivo.com\/index.php\/2024\/12\/05\/la-vida-no-ha-sido-facil-y-toda-mi-vida-he-tratado-de-ayudar-a-mis-semejantes-edgardo-eliezer\/","og_locale":"es_MX","og_type":"article","og_title":"\u201cLa vida no ha sido f\u00e1cil y toda mi vida he tratado de ayudar a mis semejantes\u201d: Edgardo Eliezer - Esbozo Deportivo","og_description":"Ingeniero bi\u00f3logo de profesi\u00f3n y fisicomatem\u00e1tica y con una amplia trayectoria en la actuaci\u00f3n, adem\u00e1s del modelaje y el canto, el Paname\u00f1o Edgardo Eliezer, quien ha participado en series para Netflix, as\u00ed como en telenovelas de Televisa como \u201cDestilando Amor\u201d, y \u201cLa Chacala\u201d de Tv Azteca, platic\u00f3 en exclusiva para esbozodeportivo.com, como ha sido su vida en nuestro pa\u00eds desde su salida de Panam\u00e1.Luego de recibir un reconocimiento como uno de los 100 l\u00edderes 2024, en el D\u00eda Internacional del Hombre, por parte de El Comit\u00e9 Cultural Tropicana Garibaldi, que encabeza la licenciada Carolina Solorio, el actor agradeci\u00f3 la invitaci\u00f3n y el reconocimiento que le otorgaron.\u00a0Luego de recibir un reconocimiento como uno de los 100 l\u00edderes 2024, en el D\u00eda Internacional del Hombre, por parte de El Comit\u00e9 Cultural Tropicana Garibaldi, que encabeza la licenciada Carolina Solorio, el actor agradeci\u00f3 la invitaci\u00f3n y el reconocimiento que le otorgaron.\u00a0","og_url":"https:\/\/esbozodeportivo.com\/index.php\/2024\/12\/05\/la-vida-no-ha-sido-facil-y-toda-mi-vida-he-tratado-de-ayudar-a-mis-semejantes-edgardo-eliezer\/","og_site_name":"Esbozo Deportivo","article_published_time":"2024-12-05T02:41:38+00:00","article_modified_time":"2024-12-05T02:41:39+00:00","og_image":[{"width":2560,"height":1874,"url":"https:\/\/esbozodeportivo.com\/wp-content\/uploads\/2024\/12\/Entrevista-Edgardo-Actor-4--scaled.jpg","type":"image\/jpeg"}],"author":"Javier De La Cruz","twitter_card":"summary_large_image","twitter_misc":{"Escrito por":"Javier De La Cruz","Tiempo de lectura":"8 minutos"},"schema":{"@context":"https:\/\/schema.org","@graph":[{"@type":"Article","@id":"https:\/\/esbozodeportivo.com\/index.php\/2024\/12\/05\/la-vida-no-ha-sido-facil-y-toda-mi-vida-he-tratado-de-ayudar-a-mis-semejantes-edgardo-eliezer\/#article","isPartOf":{"@id":"https:\/\/esbozodeportivo.com\/index.php\/2024\/12\/05\/la-vida-no-ha-sido-facil-y-toda-mi-vida-he-tratado-de-ayudar-a-mis-semejantes-edgardo-eliezer\/"},"author":{"name":"Javier De La Cruz","@id":"https:\/\/esbozodeportivo.com\/#\/schema\/person\/7277119c98823aec37bbb84e125efd44"},"headline":"\u201cLa vida no ha sido f\u00e1cil y toda mi vida he tratado de ayudar a mis semejantes\u201d: Edgardo Eliezer","datePublished":"2024-12-05T02:41:38+00:00","dateModified":"2024-12-05T02:41:39+00:00","mainEntityOfPage":{"@id":"https:\/\/esbozodeportivo.com\/index.php\/2024\/12\/05\/la-vida-no-ha-sido-facil-y-toda-mi-vida-he-tratado-de-ayudar-a-mis-semejantes-edgardo-eliezer\/"},"wordCount":1604,"publisher":{"@id":"https:\/\/esbozodeportivo.com\/#organization"},"image":{"@id":"https:\/\/esbozodeportivo.com\/index.php\/2024\/12\/05\/la-vida-no-ha-sido-facil-y-toda-mi-vida-he-tratado-de-ayudar-a-mis-semejantes-edgardo-eliezer\/#primaryimage"},"thumbnailUrl":"https:\/\/esbozodeportivo.com\/wp-content\/uploads\/2024\/12\/Entrevista-Edgardo-Actor-4--scaled.jpg","articleSection":["Entrevista Exclusiva"],"inLanguage":"es"},{"@type":"WebPage","@id":"https:\/\/esbozodeportivo.com\/index.php\/2024\/12\/05\/la-vida-no-ha-sido-facil-y-toda-mi-vida-he-tratado-de-ayudar-a-mis-semejantes-edgardo-eliezer\/","url":"https:\/\/esbozodeportivo.com\/index.php\/2024\/12\/05\/la-vida-no-ha-sido-facil-y-toda-mi-vida-he-tratado-de-ayudar-a-mis-semejantes-edgardo-eliezer\/","name":"\u201cLa vida no ha sido f\u00e1cil y toda mi vida he tratado de ayudar a mis semejantes\u201d: Edgardo Eliezer - Esbozo Deportivo","isPartOf":{"@id":"https:\/\/esbozodeportivo.com\/#website"},"primaryImageOfPage":{"@id":"https:\/\/esbozodeportivo.com\/index.php\/2024\/12\/05\/la-vida-no-ha-sido-facil-y-toda-mi-vida-he-tratado-de-ayudar-a-mis-semejantes-edgardo-eliezer\/#primaryimage"},"image":{"@id":"https:\/\/esbozodeportivo.com\/index.php\/2024\/12\/05\/la-vida-no-ha-sido-facil-y-toda-mi-vida-he-tratado-de-ayudar-a-mis-semejantes-edgardo-eliezer\/#primaryimage"},"thumbnailUrl":"https:\/\/esbozodeportivo.com\/wp-content\/uploads\/2024\/12\/Entrevista-Edgardo-Actor-4--scaled.jpg","datePublished":"2024-12-05T02:41:38+00:00","dateModified":"2024-12-05T02:41:39+00:00","description":"Ingeniero bi\u00f3logo de profesi\u00f3n y fisicomatem\u00e1tica y con una amplia trayectoria en la actuaci\u00f3n, adem\u00e1s del modelaje y el canto, el Paname\u00f1o Edgardo Eliezer, quien ha participado en series para Netflix, as\u00ed como en telenovelas de Televisa como \u201cDestilando Amor\u201d, y \u201cLa Chacala\u201d de Tv Azteca, platic\u00f3 en exclusiva para esbozodeportivo.com, como ha sido su vida en nuestro pa\u00eds desde su salida de Panam\u00e1.Luego de recibir un reconocimiento como uno de los 100 l\u00edderes 2024, en el D\u00eda Internacional del Hombre, por parte de El Comit\u00e9 Cultural Tropicana Garibaldi, que encabeza la licenciada Carolina Solorio, el actor agradeci\u00f3 la invitaci\u00f3n y el reconocimiento que le otorgaron.\u00a0Luego de recibir un reconocimiento como uno de los 100 l\u00edderes 2024, en el D\u00eda Internacional del Hombre, por parte de El Comit\u00e9 Cultural Tropicana Garibaldi, que encabeza la licenciada Carolina Solorio, el actor agradeci\u00f3 la invitaci\u00f3n y el reconocimiento que le otorgaron.\u00a0","breadcrumb":{"@id":"https:\/\/esbozodeportivo.com\/index.php\/2024\/12\/05\/la-vida-no-ha-sido-facil-y-toda-mi-vida-he-tratado-de-ayudar-a-mis-semejantes-edgardo-eliezer\/#breadcrumb"},"inLanguage":"es","potentialAction":[{"@type":"ReadAction","target":["https:\/\/esbozodeportivo.com\/index.php\/2024\/12\/05\/la-vida-no-ha-sido-facil-y-toda-mi-vida-he-tratado-de-ayudar-a-mis-semejantes-edgardo-eliezer\/"]}]},{"@type":"ImageObject","inLanguage":"es","@id":"https:\/\/esbozodeportivo.com\/index.php\/2024\/12\/05\/la-vida-no-ha-sido-facil-y-toda-mi-vida-he-tratado-de-ayudar-a-mis-semejantes-edgardo-eliezer\/#primaryimage","url":"https:\/\/esbozodeportivo.com\/wp-content\/uploads\/2024\/12\/Entrevista-Edgardo-Actor-4--scaled.jpg","contentUrl":"https:\/\/esbozodeportivo.com\/wp-content\/uploads\/2024\/12\/Entrevista-Edgardo-Actor-4--scaled.jpg","width":2560,"height":1874},{"@type":"BreadcrumbList","@id":"https:\/\/esbozodeportivo.com\/index.php\/2024\/12\/05\/la-vida-no-ha-sido-facil-y-toda-mi-vida-he-tratado-de-ayudar-a-mis-semejantes-edgardo-eliezer\/#breadcrumb","itemListElement":[{"@type":"ListItem","position":1,"name":"Inicio","item":"https:\/\/esbozodeportivo.com\/"},{"@type":"ListItem","position":2,"name":"\u201cLa vida no ha sido f\u00e1cil y toda mi vida he tratado de ayudar a mis semejantes\u201d: Edgardo Eliezer"}]},{"@type":"WebSite","@id":"https:\/\/esbozodeportivo.com\/#website","url":"https:\/\/esbozodeportivo.com\/","name":"Esbozo Deportivo","description":"Lo m\u00e1s importante del Deporte","publisher":{"@id":"https:\/\/esbozodeportivo.com\/#organization"},"potentialAction":[{"@type":"SearchAction","target":{"@type":"EntryPoint","urlTemplate":"https:\/\/esbozodeportivo.com\/?s={search_term_string}"},"query-input":{"@type":"PropertyValueSpecification","valueRequired":true,"valueName":"search_term_string"}}],"inLanguage":"es"},{"@type":"Organization","@id":"https:\/\/esbozodeportivo.com\/#organization","name":"Esbozo Deportivo","url":"https:\/\/esbozodeportivo.com\/","logo":{"@type":"ImageObject","inLanguage":"es","@id":"https:\/\/esbozodeportivo.com\/#\/schema\/logo\/image\/","url":"https:\/\/esbozodeportivo.com\/wp-content\/uploads\/2022\/08\/cropped-Logo-Esbozo-Web-2.png","contentUrl":"https:\/\/esbozodeportivo.com\/wp-content\/uploads\/2022\/08\/cropped-Logo-Esbozo-Web-2.png","width":180,"height":50,"caption":"Esbozo Deportivo"},"image":{"@id":"https:\/\/esbozodeportivo.com\/#\/schema\/logo\/image\/"}},{"@type":"Person","@id":"https:\/\/esbozodeportivo.com\/#\/schema\/person\/7277119c98823aec37bbb84e125efd44","name":"Javier De La Cruz","image":{"@type":"ImageObject","inLanguage":"es","@id":"https:\/\/esbozodeportivo.com\/#\/schema\/person\/image\/","url":"https:\/\/secure.gravatar.com\/avatar\/366235a56d20f1a6e8e3d0b295897639357bea880470ddf261d17bb0bc052eb1?s=96&d=mm&r=g","contentUrl":"https:\/\/secure.gravatar.com\/avatar\/366235a56d20f1a6e8e3d0b295897639357bea880470ddf261d17bb0bc052eb1?s=96&d=mm&r=g","caption":"Javier De La Cruz"},"url":"https:\/\/esbozodeportivo.com\/index.php\/author\/javier-de-la-cruz-de-la-cruz\/"}]}},"jetpack_featured_media_url":"https:\/\/esbozodeportivo.com\/wp-content\/uploads\/2024\/12\/Entrevista-Edgardo-Actor-4--scaled.jpg","jetpack_sharing_enabled":true,"_links":{"self":[{"href":"https:\/\/esbozodeportivo.com\/index.php\/wp-json\/wp\/v2\/posts\/4964","targetHints":{"allow":["GET"]}}],"collection":[{"href":"https:\/\/esbozodeportivo.com\/index.php\/wp-json\/wp\/v2\/posts"}],"about":[{"href":"https:\/\/esbozodeportivo.com\/index.php\/wp-json\/wp\/v2\/types\/post"}],"author":[{"embeddable":true,"href":"https:\/\/esbozodeportivo.com\/index.php\/wp-json\/wp\/v2\/users\/2"}],"replies":[{"embeddable":true,"href":"https:\/\/esbozodeportivo.com\/index.php\/wp-json\/wp\/v2\/comments?post=4964"}],"version-history":[{"count":1,"href":"https:\/\/esbozodeportivo.com\/index.php\/wp-json\/wp\/v2\/posts\/4964\/revisions"}],"predecessor-version":[{"id":4970,"href":"https:\/\/esbozodeportivo.com\/index.php\/wp-json\/wp\/v2\/posts\/4964\/revisions\/4970"}],"wp:featuredmedia":[{"embeddable":true,"href":"https:\/\/esbozodeportivo.com\/index.php\/wp-json\/wp\/v2\/media\/4969"}],"wp:attachment":[{"href":"https:\/\/esbozodeportivo.com\/index.php\/wp-json\/wp\/v2\/media?parent=4964"}],"wp:term":[{"taxonomy":"category","embeddable":true,"href":"https:\/\/esbozodeportivo.com\/index.php\/wp-json\/wp\/v2\/categories?post=4964"},{"taxonomy":"post_tag","embeddable":true,"href":"https:\/\/esbozodeportivo.com\/index.php\/wp-json\/wp\/v2\/tags?post=4964"}],"curies":[{"name":"wp","href":"https:\/\/api.w.org\/{rel}","templated":true}]}}